{"id":81012,"date":"2025-12-21T06:13:13","date_gmt":"2025-12-21T09:13:13","guid":{"rendered":"https:\/\/noticiasribeiraopreto.com.br\/index.php\/2025\/12\/21\/ricardo-diz-que-havera-mudancas-no-transporte-publico-de-ribeirao-preto-em-2026\/"},"modified":"2025-12-21T06:13:13","modified_gmt":"2025-12-21T09:13:13","slug":"ricardo-diz-que-havera-mudancas-no-transporte-publico-de-ribeirao-preto-em-2026","status":"publish","type":"post","link":"https:\/\/noticiasribeiraopreto.com.br\/index.php\/2025\/12\/21\/ricardo-diz-que-havera-mudancas-no-transporte-publico-de-ribeirao-preto-em-2026\/","title":{"rendered":"Ricardo diz que haver\u00e1 mudan\u00e7as no transporte p\u00fablico de Ribeir\u00e3o Preto em 2026"},"content":{"rendered":"<div class='code-block code-block-1' style='margin: 8px 0 8px auto; text-align: right; display: block; clear: both;'>\n<p><a href=\"https:\/\/wa.link\/vpicfd\"><img data-recalc-dims=\"1\" class=\"wp-image-4922\" style=\"aspect-ratio: 2.0253164556962027; width: 561px; height: auto;\" src=\"https:\/\/i0.wp.com\/ismaelcolosi.com.br\/wp-content\/uploads\/2023\/11\/grupo-de-empregos-whatsapp-e-facebook-ismael-colosi-vagas.jpg?ssl=1\" alt=\"\" \/><\/a><\/p>\n<!-- \/wp:image -->\n<\/div>\n<p> <br \/>\n<\/p>\n<div>\n<p>O prefeito de<strong> Ribeir\u00e3o Preto<\/strong>, <strong>Ricardo Silva (PSD)<\/strong>, afirmou que \u201cvai ter reformula\u00e7\u00e3o no transporte p\u00fablico\u201d em 2026. De acordo com o chefe do Executivo, as linhas de \u00f4nibus devem passar por mudan\u00e7as para incentivar as pessoas a utilizarem o transporte p\u00fablico da cidade.<\/p>\n<p>\u201cEstamos modernizando os \u00f4nibus, mas n\u00f3s temos que dar um passo al\u00e9m e n\u00f3s vamos dar no ano que vem\u201d, disse o prefeito em entrevista ao <strong>acidade on Ribeir\u00e3o<\/strong>.<\/p>\n<h2 class=\"wp-block-heading\"><strong>Fase burocr\u00e1tica<\/strong><\/h2>\n<p>\u201cO primeiro passo foi a altera\u00e7\u00e3o burocr\u00e1tica perante as empresas de \u00f4nibus. N\u00f3s estamos nesse processo com as empresas de \u00f4nibus, finalizando para que a gente possa mudar o itiner\u00e1rio\u201d, declarou.<\/p>\n<p>De acordo com o prefeito, esta etapa j\u00e1 est\u00e1 avan\u00e7ada e, a partir do pr\u00f3ximo ano, ser\u00e1 necess\u00e1rio realizar o planejamento com a engenharia de tr\u00e1fego. \u201cN\u00f3s vamos alterar essas rotas e modernizar\u201d.<\/p>\n<p>\u201cExiste um aplicativo do transporte p\u00fablico hoje e n\u00f3s queremos difundir cada vez mais o uso desse aplicativo e melhorar a sua qualidade. Por isso, n\u00f3s criamos uma Secretaria de Governo Digital, que est\u00e1 avaliando essa quest\u00e3o do aplicativo\u201d, afirma.<\/p>\n<figure class=\"wp-block-image size-large\"><img data-recalc-dims=\"1\" fetchpriority=\"high\" decoding=\"async\" width=\"1024\" height=\"681\" src=\"https:\/\/i0.wp.com\/cdn.media-acidadeon.com.br\/ribeiraopreto\/wp-content\/uploads\/sites\/3\/2025\/08\/a.ok_.horarioonibus_2_2025-08-15_21-07-40-1024x681.webp?resize=1024%2C681&#038;ssl=1\" alt=\"Seis linhas de \u00f4nibus urbanos ter\u00e3o hor\u00e1rios ampliados em Ribeir\u00e3o - Foto: divulga\u00e7\u00e3o.\" class=\"wp-image-126003\" title=\"Ricardo diz que haver\u00e1 mudan\u00e7as no transporte p\u00fablico de Ribeir\u00e3o Preto em 2026 1\" srcset=\"https:\/\/cdn.media-acidadeon.com.br\/ribeiraopreto\/wp-content\/uploads\/sites\/3\/2025\/08\/a.ok_.horarioonibus_2_2025-08-15_21-07-40-1024x681.webp 1024w, https:\/\/cdn.media-acidadeon.com.br\/ribeiraopreto\/wp-content\/uploads\/sites\/3\/2025\/08\/a.ok_.horarioonibus_2_2025-08-15_21-07-40-300x200.webp 300w, https:\/\/cdn.media-acidadeon.com.br\/ribeiraopreto\/wp-content\/uploads\/sites\/3\/2025\/08\/a.ok_.horarioonibus_2_2025-08-15_21-07-40-768x511.webp 768w, https:\/\/cdn.media-acidadeon.com.br\/ribeiraopreto\/wp-content\/uploads\/sites\/3\/2025\/08\/a.ok_.horarioonibus_2_2025-08-15_21-07-40-696x463.webp 696w, https:\/\/cdn.media-acidadeon.com.br\/ribeiraopreto\/wp-content\/uploads\/sites\/3\/2025\/08\/a.ok_.horarioonibus_2_2025-08-15_21-07-40-1068x710.webp 1068w, https:\/\/cdn.media-acidadeon.com.br\/ribeiraopreto\/wp-content\/uploads\/sites\/3\/2025\/08\/a.ok_.horarioonibus_2_2025-08-15_21-07-40.webp 1200w\" sizes=\"(max-width: 1024px) 100vw, 1024px\"\/><figcaption class=\"wp-element-caption\">\u00d4nibus em Ribeir\u00e3o Preto \u2013 Foto: divulga\u00e7\u00e3o.<\/figcaption><\/figure>\n<h2 class=\"wp-block-heading\"><strong>\u2018Uberz\u00e3o\u2019<\/strong><\/h2>\n<p>Para o prefeito Ricardo Silva, as mudan\u00e7as no aplicativo v\u00e3o permitir que os \u00f4nibus funcionem como um \u201cUberz\u00e3o\u201d.<\/p>\n<p>\u201cPorque que \u2018Uberz\u00e3o\u2019, \u00e9 apenas uma palavra que chama a aten\u00e7\u00e3o. A pessoa tem que ter previsibilidade, tem que acompanhar o ve\u00edculo pelo celular. Primeiro passo, tem que saber se o \u00f4nibus est\u00e1 chegando, pegou a esquina, igual \u00e9 um Uber. Para essa pessoa n\u00e3o ficar esperando no ponto\u201d.<\/p>\n<h2 class=\"wp-block-heading\"><strong>Incentivo<\/strong><\/h2>\n<p>Ricardo Silva afirma que \u00e9 preciso incentivar que a popula\u00e7\u00e3o utilize o transporte p\u00fablico de Ribeir\u00e3o Preto. Contudo, para isso o servi\u00e7o precisa ser mais r\u00e1pido.<\/p>\n<p>\u201cO \u00f4nibus tem que deixar a pessoa onde ela quer chegar. Claro, que n\u00e3o tem como deixar todo mundo na porta, mas ele tem que deixar o mais pr\u00f3ximo poss\u00edvel do seu local de destino e r\u00e1pido\u201d, completa.<\/p>\n<p>O conte\u00fado completo da entrevista ser\u00e1 veiculado ao longo das pr\u00f3ximas semanas. A primeira parte da entrevista foi publicada no \u00faltimo domingo, 14 de dezembro \u2013 clique aqui.<\/p>\n<p>SAIBA MAIS<br \/>Prot\u00f3tipo do carro voador realiza 1\u00ba voo em cidade a 120 quil\u00f4metros de Ribeir\u00e3o Preto<\/p>\n<p><strong>FIQUE ON<\/strong><\/p>\n<p>Fique ligado em tudo que acontece em Ribeir\u00e3o Preto e regi\u00e3o. Siga os perfis do\u00a0<strong>acidade on<\/strong>\u00a0no<a href=\"https:\/\/www.instagram.com\/acidadeonribeirao\" target=\"_blank\" rel=\"noreferrer noopener\">\u00a0Instagram\u00a0<\/a>e no\u00a0<a href=\"https:\/\/www.facebook.com\/acidadeonribeirao\/\" target=\"_blank\" rel=\"noreferrer noopener\">Facebook<\/a>.<\/p>\n<p>Receba not\u00edcias do\u00a0<strong>acidade on<\/strong>\u00a0no WhatsApp. Para entrar no grupo,\u00a0basta\u00a0<a href=\"https:\/\/chat.whatsapp.com\/GFH9HUMUTHNFJdnyEd0xxq\" target=\"_blank\" rel=\"noreferrer noopener\">clicar aqui<\/a>. Ou, acesse o nosso\u00a0Canal\u00a0<a href=\"https:\/\/whatsapp.com\/channel\/0029Vb6IQl1JENyAeS57fk2p\" target=\"_blank\" rel=\"noreferrer noopener\">clicando aqui<\/a>.<\/p>\n<p>Fa\u00e7a uma den\u00fancia ou sugira uma reportagem sobre Ribeir\u00e3o Preto e regi\u00e3o pelo WhatsApp: 16 99117 7802.<\/p>\n<p>VEJA TAMB\u00c9M<br \/>Como fazer crunch cake?<\/p>\n<p><!-- AI CONTENT END 1 -->\n<\/div>\n<p><script async src=\"\/\/www.instagram.com\/embed.js\"><\/script><br \/>\n<br \/><br \/>\n<br \/><a href=\"https:\/\/www.acidadeon.com\/ribeiraopreto\/politica\/nevio-archibald\/vai-ter-reformulacao-no-transporte-publico-em-2026-afirma-ricardo-silva\/\">Source link <\/a><\/p>\n<!-- CONTENT END 1 -->\n","protected":false},"excerpt":{"rendered":"<p>O prefeito de Ribeir\u00e3o Preto, Ricardo Silva (PSD), afirmou que \u201cvai ter reformula\u00e7\u00e3o no transporte p\u00fablico\u201d em 2026. De acordo com o chefe do Executivo,&#8230;<\/p>\n","protected":false},"author":1,"featured_media":80794,"comment_status":"open","ping_status":"open","sticky":false,"template":"","format":"standard","meta":{"advanced_seo_description":"","jetpack_seo_html_title":"","jetpack_seo_noindex":false,"jetpack_post_was_ever_published":false,"_jetpack_newsletter_access":"","_jetpack_dont_email_post_to_subs":false,"_jetpack_newsletter_tier_id":0,"_jetpack_memberships_contains_paywalled_content":false,"_jetpack_memberships_contains_paid_content":false,"footnotes":"","jetpack_publicize_message":"","jetpack_publicize_feature_enabled":true,"jetpack_social_post_already_shared":true,"jetpack_social_options":{"image_generator_settings":{"template":"highway","default_image_id":0,"font":"","enabled":false},"version":2}},"categories":[11],"tags":[],"class_list":["post-81012","post","type-post","status-publish","format-standard","has-post-thumbnail","hentry","category-noticias-de-ribeirao-preto-sp-e-regiao-ismael-colosi"],"jetpack_publicize_connections":[],"jetpack_featured_media_url":"https:\/\/i0.wp.com\/noticiasribeiraopreto.com.br\/wp-content\/uploads\/2025\/12\/ricardo-silva_2025-12-13_18-40-46.webp.webp?fit=1200%2C901&ssl=1","jetpack-related-posts":[{"id":67368,"url":"https:\/\/noticiasribeiraopreto.com.br\/index.php\/2025\/04\/13\/devolucao-de-creditos-vencidos-do-cartao-de-onibus-e-praticamente-impossivel-diz-prefeito-de-ribeirao-preto\/","url_meta":{"origin":81012,"position":0},"title":"Devolu\u00e7\u00e3o de cr\u00e9ditos vencidos do cart\u00e3o de \u00f4nibus \u00e9 praticamente imposs\u00edvel, diz prefeito de Ribeir\u00e3o Preto","author":"noticiasribeiraopreto.com.br","date":"13 de April de 2025","format":false,"excerpt":"Nos \u00faltimos dias, usu\u00e1rios do transporte coletivo de Ribeir\u00e3o Preto identificaram a expira\u00e7\u00e3o dos cr\u00e9ditos armazenados nos cart\u00f5es de \u00f4nibus. A validade dos cr\u00e9ditos, limitada a dois anos, foi estabelecida no novo contrato do transporte coletivo, aprovado pela C\u00e2mara Municipal em 2022. Em entrevista ao acidade on Ribeir\u00e3o, o prefeito\u2026","rel":"","context":"In &quot;Not\u00edcias de Ribeir\u00e3o Preto-SP e Regi\u00e3o&quot;","block_context":{"text":"Not\u00edcias de Ribeir\u00e3o Preto-SP e Regi\u00e3o","link":"https:\/\/noticiasribeiraopreto.com.br\/index.php\/category\/noticias-de-ribeirao-preto-sp-e-regiao-ismael-colosi\/"},"img":{"alt_text":"","src":"https:\/\/i0.wp.com\/noticiasribeiraopreto.com.br\/wp-content\/uploads\/2024\/12\/alteracao_trajeto_linha_-_foto_guilherme_sircili_2024-12-14_14-20-19_jpg_2024-12-14_14-20-19.webp.webp?fit=1200%2C800&ssl=1&resize=350%2C200","width":350,"height":200,"srcset":"https:\/\/i0.wp.com\/noticiasribeiraopreto.com.br\/wp-content\/uploads\/2024\/12\/alteracao_trajeto_linha_-_foto_guilherme_sircili_2024-12-14_14-20-19_jpg_2024-12-14_14-20-19.webp.webp?fit=1200%2C800&ssl=1&resize=350%2C200 1x, https:\/\/i0.wp.com\/noticiasribeiraopreto.com.br\/wp-content\/uploads\/2024\/12\/alteracao_trajeto_linha_-_foto_guilherme_sircili_2024-12-14_14-20-19_jpg_2024-12-14_14-20-19.webp.webp?fit=1200%2C800&ssl=1&resize=525%2C300 1.5x, https:\/\/i0.wp.com\/noticiasribeiraopreto.com.br\/wp-content\/uploads\/2024\/12\/alteracao_trajeto_linha_-_foto_guilherme_sircili_2024-12-14_14-20-19_jpg_2024-12-14_14-20-19.webp.webp?fit=1200%2C800&ssl=1&resize=700%2C400 2x, https:\/\/i0.wp.com\/noticiasribeiraopreto.com.br\/wp-content\/uploads\/2024\/12\/alteracao_trajeto_linha_-_foto_guilherme_sircili_2024-12-14_14-20-19_jpg_2024-12-14_14-20-19.webp.webp?fit=1200%2C800&ssl=1&resize=1050%2C600 3x"},"classes":[]},{"id":75147,"url":"https:\/\/noticiasribeiraopreto.com.br\/index.php\/2025\/08\/04\/transporte-coletivo-de-ribeirao-ganha-primeiros-onibus-eletricos\/","url_meta":{"origin":81012,"position":1},"title":"Transporte Coletivo de Ribeir\u00e3o ganha primeiros \u00f4nibus el\u00e9tricos","author":"noticiasribeiraopreto.com.br","date":"4 de August de 2025","format":false,"excerpt":"4 de agosto de 2025 15:564 de agosto de 2025 15:564 Compartilhar0 A Prefeitura de Ribeir\u00e3o Preto, por meio da RP Mobi, realizou, nesta segunda-feira, 4 de agosto, a entrega oficial dos quatro primeiros \u00f4nibus el\u00e9tricos que passam a integrar a frota do transporte coletivo urbano da cidade. Os ve\u00edculos\u2026","rel":"","context":"In &quot;Not\u00edcias de Ribeir\u00e3o Preto-SP e Regi\u00e3o&quot;","block_context":{"text":"Not\u00edcias de Ribeir\u00e3o Preto-SP e Regi\u00e3o","link":"https:\/\/noticiasribeiraopreto.com.br\/index.php\/category\/noticias-de-ribeirao-preto-sp-e-regiao-ismael-colosi\/"},"img":{"alt_text":"","src":"https:\/\/i0.wp.com\/noticiasribeiraopreto.com.br\/wp-content\/uploads\/2025\/08\/onibus-scaled.jpeg?fit=1170%2C780&ssl=1&resize=350%2C200","width":350,"height":200,"srcset":"https:\/\/i0.wp.com\/noticiasribeiraopreto.com.br\/wp-content\/uploads\/2025\/08\/onibus-scaled.jpeg?fit=1170%2C780&ssl=1&resize=350%2C200 1x, https:\/\/i0.wp.com\/noticiasribeiraopreto.com.br\/wp-content\/uploads\/2025\/08\/onibus-scaled.jpeg?fit=1170%2C780&ssl=1&resize=525%2C300 1.5x, https:\/\/i0.wp.com\/noticiasribeiraopreto.com.br\/wp-content\/uploads\/2025\/08\/onibus-scaled.jpeg?fit=1170%2C780&ssl=1&resize=700%2C400 2x, https:\/\/i0.wp.com\/noticiasribeiraopreto.com.br\/wp-content\/uploads\/2025\/08\/onibus-scaled.jpeg?fit=1170%2C780&ssl=1&resize=1050%2C600 3x"},"classes":[]},{"id":59686,"url":"https:\/\/noticiasribeiraopreto.com.br\/index.php\/2024\/10\/28\/ricardo-silva-fala-sobre-volta-do-daerp-e-plano-de-retomada-do-comercio-em-ribeirao-preto\/","url_meta":{"origin":81012,"position":2},"title":"Ricardo Silva fala sobre volta do Daerp e plano de retomada do com\u00e9rcio em Ribeir\u00e3o Preto","author":"noticiasribeiraopreto.com.br","date":"28 de October de 2024","format":false,"excerpt":"O prefeito eleito de Ribeir\u00e3o Preto, Ricardo Silva (PSD), disse nesta segunda-feira (28), ao acidade on Ribeir\u00e3o, que a primeira medida como Chefe do Executivo ser\u00e1 a cria\u00e7\u00e3o de um plano para retomada do com\u00e9rcio. Ele tamb\u00e9m afirmou que vai enviar para C\u00e2mara um projeto de lei para transformar a\u2026","rel":"","context":"In &quot;Not\u00edcias de Ribeir\u00e3o Preto-SP e Regi\u00e3o&quot;","block_context":{"text":"Not\u00edcias de Ribeir\u00e3o Preto-SP e Regi\u00e3o","link":"https:\/\/noticiasribeiraopreto.com.br\/index.php\/category\/noticias-de-ribeirao-preto-sp-e-regiao-ismael-colosi\/"},"img":{"alt_text":"","src":"https:\/\/i0.wp.com\/noticiasribeiraopreto.com.br\/wp-content\/uploads\/2024\/10\/ricardo-silva-psd_2024-10-28_18-34-18_jpg_2024-10-28_18-34-19.webp.webp?fit=1200%2C883&ssl=1&resize=350%2C200","width":350,"height":200,"srcset":"https:\/\/i0.wp.com\/noticiasribeiraopreto.com.br\/wp-content\/uploads\/2024\/10\/ricardo-silva-psd_2024-10-28_18-34-18_jpg_2024-10-28_18-34-19.webp.webp?fit=1200%2C883&ssl=1&resize=350%2C200 1x, https:\/\/i0.wp.com\/noticiasribeiraopreto.com.br\/wp-content\/uploads\/2024\/10\/ricardo-silva-psd_2024-10-28_18-34-18_jpg_2024-10-28_18-34-19.webp.webp?fit=1200%2C883&ssl=1&resize=525%2C300 1.5x, https:\/\/i0.wp.com\/noticiasribeiraopreto.com.br\/wp-content\/uploads\/2024\/10\/ricardo-silva-psd_2024-10-28_18-34-18_jpg_2024-10-28_18-34-19.webp.webp?fit=1200%2C883&ssl=1&resize=700%2C400 2x, https:\/\/i0.wp.com\/noticiasribeiraopreto.com.br\/wp-content\/uploads\/2024\/10\/ricardo-silva-psd_2024-10-28_18-34-18_jpg_2024-10-28_18-34-19.webp.webp?fit=1200%2C883&ssl=1&resize=1050%2C600 3x"},"classes":[]},{"id":62052,"url":"https:\/\/noticiasribeiraopreto.com.br\/index.php\/2025\/01\/02\/ricardo-silva-libera-estacionamento-em-corredores-de-onibus-no-primeiro-dia-de-mandato\/","url_meta":{"origin":81012,"position":3},"title":"Ricardo Silva Libera Estacionamento em Corredores de \u00d4nibus no Primeiro Dia de Mandato","author":"noticiasribeiraopreto.com.br","date":"2 de January de 2025","format":false,"excerpt":"No primeiro dia de seu novo mandato como prefeito de Ribeir\u00e3o Preto, Ricardo Silva (PSD) tomou uma medida pol\u00eamica ao revogar a proibi\u00e7\u00e3o de estacionamento nos corredores de \u00f4nibus da cidade. A decis\u00e3o, anunciada em 1\u00ba de janeiro de 2025, permite que motoristas voltem a estacionar em vias antes destinadas\u2026","rel":"","context":"In &quot;Not\u00edcias de Ribeir\u00e3o Preto-SP e Regi\u00e3o&quot;","block_context":{"text":"Not\u00edcias de Ribeir\u00e3o Preto-SP e Regi\u00e3o","link":"https:\/\/noticiasribeiraopreto.com.br\/index.php\/category\/noticias-de-ribeirao-preto-sp-e-regiao-ismael-colosi\/"},"img":{"alt_text":"","src":"https:\/\/i0.wp.com\/noticiasribeiraopreto.com.br\/wp-content\/uploads\/2025\/01\/DSC5652-scaled.jpg?fit=1200%2C800&ssl=1&resize=350%2C200","width":350,"height":200,"srcset":"https:\/\/i0.wp.com\/noticiasribeiraopreto.com.br\/wp-content\/uploads\/2025\/01\/DSC5652-scaled.jpg?fit=1200%2C800&ssl=1&resize=350%2C200 1x, https:\/\/i0.wp.com\/noticiasribeiraopreto.com.br\/wp-content\/uploads\/2025\/01\/DSC5652-scaled.jpg?fit=1200%2C800&ssl=1&resize=525%2C300 1.5x, https:\/\/i0.wp.com\/noticiasribeiraopreto.com.br\/wp-content\/uploads\/2025\/01\/DSC5652-scaled.jpg?fit=1200%2C800&ssl=1&resize=700%2C400 2x, https:\/\/i0.wp.com\/noticiasribeiraopreto.com.br\/wp-content\/uploads\/2025\/01\/DSC5652-scaled.jpg?fit=1200%2C800&ssl=1&resize=1050%2C600 3x"},"classes":[]},{"id":84479,"url":"https:\/\/noticiasribeiraopreto.com.br\/index.php\/2026\/04\/10\/camara-promulga-onibus-rosa-em-ribeirao\/","url_meta":{"origin":81012,"position":4},"title":"C\u00e2mara promulga \u2028\u00f4nibus rosa em Ribeir\u00e3o","author":"noticiasribeiraopreto.com.br","date":"10 de April de 2026","format":false,"excerpt":"\r \r \r 10 de abril de 2026 07:0010 de abril de 2026 00:38 \r Compartilhar0 O presidente da C\u00e2mara de Ribeir\u00e3o Preto, Daniel Gobbi (PP), promulgou a lei que cria, no transporte coletivo urbano da cidade, \u00f4nibus exclusivos para as mulheres, segundo publica\u00e7\u00e3o no Di\u00e1rio Oficial do Munic\u00edpio (DOM)\u2026","rel":"","context":"In &quot;Not\u00edcias de Ribeir\u00e3o Preto-SP e Regi\u00e3o&quot;","block_context":{"text":"Not\u00edcias de Ribeir\u00e3o Preto-SP e Regi\u00e3o","link":"https:\/\/noticiasribeiraopreto.com.br\/index.php\/category\/noticias-de-ribeirao-preto-sp-e-regiao-ismael-colosi\/"},"img":{"alt_text":"","src":"https:\/\/i0.wp.com\/noticiasribeiraopreto.com.br\/wp-content\/uploads\/2026\/04\/CamaraTV-Box-Thaisa-Coroado-Camara-scaled.jpg?fit=1170%2C780&ssl=1&resize=350%2C200","width":350,"height":200,"srcset":"https:\/\/i0.wp.com\/noticiasribeiraopreto.com.br\/wp-content\/uploads\/2026\/04\/CamaraTV-Box-Thaisa-Coroado-Camara-scaled.jpg?fit=1170%2C780&ssl=1&resize=350%2C200 1x, https:\/\/i0.wp.com\/noticiasribeiraopreto.com.br\/wp-content\/uploads\/2026\/04\/CamaraTV-Box-Thaisa-Coroado-Camara-scaled.jpg?fit=1170%2C780&ssl=1&resize=525%2C300 1.5x, https:\/\/i0.wp.com\/noticiasribeiraopreto.com.br\/wp-content\/uploads\/2026\/04\/CamaraTV-Box-Thaisa-Coroado-Camara-scaled.jpg?fit=1170%2C780&ssl=1&resize=700%2C400 2x, https:\/\/i0.wp.com\/noticiasribeiraopreto.com.br\/wp-content\/uploads\/2026\/04\/CamaraTV-Box-Thaisa-Coroado-Camara-scaled.jpg?fit=1170%2C780&ssl=1&resize=1050%2C600 3x"},"classes":[]},{"id":67908,"url":"https:\/\/noticiasribeiraopreto.com.br\/index.php\/2025\/04\/20\/prefeitura-de-ribeirao-repassa-r-353-milhoes-ao-prourbano-entenda\/","url_meta":{"origin":81012,"position":5},"title":"Prefeitura de Ribeir\u00e3o repassa R$ 35,3 milh\u00f5es ao Pr\u00f3urbano; Entenda","author":"noticiasribeiraopreto.com.br","date":"20 de April de 2025","format":false,"excerpt":"A Prefeitura de Ribeir\u00e3o Preto repassou R$ 35.325.438,03 ao Pr\u00f3urbano neste ano. O valor faz parte do subs\u00eddio destinado \u00e0 opera\u00e7\u00e3o do transporte p\u00fablico na cidade, que est\u00e1 em vigor desde 2023. >>>FIQUE POR DENTRO: Lei obriga nivelamento de tamp\u00f5es nas ruas e avenidas de Ribeir\u00e3o Preto; Entenda Os dados\u2026","rel":"","context":"In &quot;Not\u00edcias de Ribeir\u00e3o Preto-SP e Regi\u00e3o&quot;","block_context":{"text":"Not\u00edcias de Ribeir\u00e3o Preto-SP e Regi\u00e3o","link":"https:\/\/noticiasribeiraopreto.com.br\/index.php\/category\/noticias-de-ribeirao-preto-sp-e-regiao-ismael-colosi\/"},"img":{"alt_text":"","src":"https:\/\/i0.wp.com\/noticiasribeiraopreto.com.br\/wp-content\/uploads\/2024\/10\/WhatsApp-Image-2024-10-17-at-15.21.41-2_2024-10-17_21-55-15_jpeg_2024-10-17_21-55-16-e1729202136692.webp.webp?fit=1200%2C792&ssl=1&resize=350%2C200","width":350,"height":200,"srcset":"https:\/\/i0.wp.com\/noticiasribeiraopreto.com.br\/wp-content\/uploads\/2024\/10\/WhatsApp-Image-2024-10-17-at-15.21.41-2_2024-10-17_21-55-15_jpeg_2024-10-17_21-55-16-e1729202136692.webp.webp?fit=1200%2C792&ssl=1&resize=350%2C200 1x, https:\/\/i0.wp.com\/noticiasribeiraopreto.com.br\/wp-content\/uploads\/2024\/10\/WhatsApp-Image-2024-10-17-at-15.21.41-2_2024-10-17_21-55-15_jpeg_2024-10-17_21-55-16-e1729202136692.webp.webp?fit=1200%2C792&ssl=1&resize=525%2C300 1.5x, https:\/\/i0.wp.com\/noticiasribeiraopreto.com.br\/wp-content\/uploads\/2024\/10\/WhatsApp-Image-2024-10-17-at-15.21.41-2_2024-10-17_21-55-15_jpeg_2024-10-17_21-55-16-e1729202136692.webp.webp?fit=1200%2C792&ssl=1&resize=700%2C400 2x, https:\/\/i0.wp.com\/noticiasribeiraopreto.com.br\/wp-content\/uploads\/2024\/10\/WhatsApp-Image-2024-10-17-at-15.21.41-2_2024-10-17_21-55-15_jpeg_2024-10-17_21-55-16-e1729202136692.webp.webp?fit=1200%2C792&ssl=1&resize=1050%2C600 3x"},"classes":[]}],"jetpack_sharing_enabled":true,"jetpack_shortlink":"https:\/\/wp.me\/peQAOb-l4E","_links":{"self":[{"href":"https:\/\/noticiasribeiraopreto.com.br\/index.php\/wp-json\/wp\/v2\/posts\/81012","targetHints":{"allow":["GET"]}}],"collection":[{"href":"https:\/\/noticiasribeiraopreto.com.br\/index.php\/wp-json\/wp\/v2\/posts"}],"about":[{"href":"https:\/\/noticiasribeiraopreto.com.br\/index.php\/wp-json\/wp\/v2\/types\/post"}],"author":[{"embeddable":true,"href":"https:\/\/noticiasribeiraopreto.com.br\/index.php\/wp-json\/wp\/v2\/users\/1"}],"replies":[{"embeddable":true,"href":"https:\/\/noticiasribeiraopreto.com.br\/index.php\/wp-json\/wp\/v2\/comments?post=81012"}],"version-history":[{"count":0,"href":"https:\/\/noticiasribeiraopreto.com.br\/index.php\/wp-json\/wp\/v2\/posts\/81012\/revisions"}],"wp:featuredmedia":[{"embeddable":true,"href":"https:\/\/noticiasribeiraopreto.com.br\/index.php\/wp-json\/wp\/v2\/media\/80794"}],"wp:attachment":[{"href":"https:\/\/noticiasribeiraopreto.com.br\/index.php\/wp-json\/wp\/v2\/media?parent=81012"}],"wp:term":[{"taxonomy":"category","embeddable":true,"href":"https:\/\/noticiasribeiraopreto.com.br\/index.php\/wp-json\/wp\/v2\/categories?post=81012"},{"taxonomy":"post_tag","embeddable":true,"href":"https:\/\/noticiasribeiraopreto.com.br\/index.php\/wp-json\/wp\/v2\/tags?post=81012"}],"curies":[{"name":"wp","href":"https:\/\/api.w.org\/{rel}","templated":true}]}}