{"id":81013,"date":"2025-12-21T06:20:10","date_gmt":"2025-12-21T09:20:10","guid":{"rendered":"https:\/\/noticiasribeiraopreto.com.br\/index.php\/2025\/12\/21\/usp-de-ribeirao-busca-voluntarios-para-pesquisa-sobre-saude-fisica-e-cognitiva-veja-como-participar\/"},"modified":"2025-12-21T06:20:10","modified_gmt":"2025-12-21T09:20:10","slug":"usp-de-ribeirao-busca-voluntarios-para-pesquisa-sobre-saude-fisica-e-cognitiva-veja-como-participar","status":"publish","type":"post","link":"https:\/\/noticiasribeiraopreto.com.br\/index.php\/2025\/12\/21\/usp-de-ribeirao-busca-voluntarios-para-pesquisa-sobre-saude-fisica-e-cognitiva-veja-como-participar\/","title":{"rendered":"USP de Ribeir\u00e3o busca volunt\u00e1rios para pesquisa sobre sa\u00fade f\u00edsica e cognitiva; Veja como participar"},"content":{"rendered":"<div class='code-block code-block-1' style='margin: 8px 0 8px auto; text-align: right; display: block; clear: both;'>\n<p><a href=\"https:\/\/wa.link\/vpicfd\"><img data-recalc-dims=\"1\" class=\"wp-image-4922\" style=\"aspect-ratio: 2.0253164556962027; width: 561px; height: auto;\" src=\"https:\/\/i0.wp.com\/ismaelcolosi.com.br\/wp-content\/uploads\/2023\/11\/grupo-de-empregos-whatsapp-e-facebook-ismael-colosi-vagas.jpg?ssl=1\" alt=\"\" \/><\/a><\/p>\n<!-- \/wp:image -->\n<\/div>\n<p> <br \/>\n<\/p>\n<div data-td-block-uid=\"tdi_95\">\n<div class=\"tdb-block-inner td-fix-index\">\n<p>O <strong>N\u00facleo de Inova\u00e7\u00e3o e Ci\u00eancia do Estilo de Vida (Nice)<\/strong> da <strong>Escola de Educa\u00e7\u00e3o F\u00edsica e Esporte de Ribeir\u00e3o Preto (EEFERP)<\/strong> da <strong>USP <\/strong>est\u00e1 em busca de volunt\u00e1rios com <strong>idade entre 60 e 69 anos<\/strong> para participar de um projeto que tem como objetivo melhorar a sa\u00fade f\u00edsica e cognitiva.<\/p>\n<p>A iniciativa tem como objetivo <mark style=\"background-color:#fcb900\" class=\"has-inline-color\">melhorar a for\u00e7a, a capacidade cardiorrespirat\u00f3ria e o desempenho cognitivo dos participantes<\/mark>. Para participar n\u00e3o \u00e9 necess\u00e1rio ter experi\u00eancia pr\u00e9via com atividades f\u00edsicas, apenas o <strong>compromisso de participar de todo o programa<\/strong>.<\/p>\n<p>Durante o projeto, os volunt\u00e1rios passar\u00e3o por <strong>avalia\u00e7\u00f5es antropom\u00e9tricas<\/strong>, <strong>testes f\u00edsicos de funcionalidade e for\u00e7a<\/strong>, al\u00e9m de <strong>avalia\u00e7\u00e3o cognitiva por meio do aplicativo Sensorial Moove<\/strong>.<\/p>\n<p>Os testes ser\u00e3o aplicados antes e ap\u00f3s o per\u00edodo de treinos, permitindo um acompanhamento individualizado da evolu\u00e7\u00e3o ao longo das 12 semanas.<\/p>\n<div class=\"wp-block-image\">\n<figure class=\"aligncenter size-large is-resized\"><img data-recalc-dims=\"1\" fetchpriority=\"high\" decoding=\"async\" width=\"1024\" height=\"683\" src=\"https:\/\/i0.wp.com\/cdn.media-acidadeon.com.br\/ribeiraopreto\/wp-content\/uploads\/sites\/3\/2025\/12\/mulher-senior-treinando-em-casa_2025-12-20_20-53-46-1024x683.webp?resize=1024%2C683&#038;ssl=1\" alt=\"USP busca volunt\u00e1rios para projeto de melhoria da sa\u00fade f\u00edsica e cognitiva - Foto: Freepik.\" class=\"wp-image-140001\" style=\"width:654px\" title=\"USP de Ribeir\u00e3o busca volunt\u00e1rios para pesquisa sobre sa\u00fade f\u00edsica e cognitiva; Veja como participar 1\" srcset=\"https:\/\/cdn.media-acidadeon.com.br\/ribeiraopreto\/wp-content\/uploads\/sites\/3\/2025\/12\/mulher-senior-treinando-em-casa_2025-12-20_20-53-46-1024x683.webp 1024w, https:\/\/cdn.media-acidadeon.com.br\/ribeiraopreto\/wp-content\/uploads\/sites\/3\/2025\/12\/mulher-senior-treinando-em-casa_2025-12-20_20-53-46-300x200.webp 300w, https:\/\/cdn.media-acidadeon.com.br\/ribeiraopreto\/wp-content\/uploads\/sites\/3\/2025\/12\/mulher-senior-treinando-em-casa_2025-12-20_20-53-46-768x512.webp 768w, https:\/\/cdn.media-acidadeon.com.br\/ribeiraopreto\/wp-content\/uploads\/sites\/3\/2025\/12\/mulher-senior-treinando-em-casa_2025-12-20_20-53-46-696x464.webp 696w, https:\/\/cdn.media-acidadeon.com.br\/ribeiraopreto\/wp-content\/uploads\/sites\/3\/2025\/12\/mulher-senior-treinando-em-casa_2025-12-20_20-53-46-1068x712.webp 1068w, https:\/\/cdn.media-acidadeon.com.br\/ribeiraopreto\/wp-content\/uploads\/sites\/3\/2025\/12\/mulher-senior-treinando-em-casa_2025-12-20_20-53-46.webp 1200w\" sizes=\"(max-width: 1024px) 100vw, 1024px\"\/><figcaption class=\"wp-element-caption\">USP busca volunt\u00e1rios para projeto de melhoria da sa\u00fade f\u00edsica e cognitiva \u2013 Foto: Freepik.<\/figcaption><\/figure>\n<\/div>\n<h2 class=\"wp-block-heading\"><strong>Como se inscrever?<\/strong><\/h2>\n<p>Os interessados devem entrar em contato com a pesquisadora <strong>Ana Lu\u00edsa<\/strong>, pelo <strong>WhatsApp (15) 99604-1448<\/strong>. O projeto \u00e9 coordenado pelo professor Carlos Roberto Bueno Junior.<\/p>\n<p>O <strong>programa ter\u00e1 dura\u00e7\u00e3o de 12 semanas<\/strong> e ser\u00e1 baseado em um treinamento multicomponente e cognitivo, com avalia\u00e7\u00f5es f\u00edsicas e cognitivas realizadas no in\u00edcio e ao final das atividades.<\/p>\n<p>O in\u00edcio est\u00e1 previsto para janeiro de 2026, com encontros sempre das 7h30 \u00e0s 9h, em datas que variam de acordo com o grupo de cada participante.<\/p>\n<hr class=\"wp-block-separator has-alpha-channel-opacity\"\/>\n<p>SAIBA MAIS<\/p>\n<p>Caravana de Natal da Coca-Cola volta a Ribeir\u00e3o; Veja ruas e avenidas do trajeto<\/p>\n<h2 class=\"wp-block-heading\"><strong>FIQUE ON<\/strong><\/h2>\n<p>Fique ligado em tudo que acontece em Ribeir\u00e3o Preto e regi\u00e3o. Siga os perfis do\u00a0<strong>acidade on<\/strong>\u00a0no<a href=\"https:\/\/www.instagram.com\/acidadeonribeirao\" target=\"_blank\" rel=\"noreferrer noopener\">\u00a0Instagram\u00a0<\/a>e no\u00a0<a href=\"https:\/\/www.facebook.com\/acidadeonribeirao\/\" target=\"_blank\" rel=\"noreferrer noopener\">Facebook<\/a>.<\/p>\n<p>Receba not\u00edcias do\u00a0<strong>acidade on<\/strong>\u00a0no WhatsApp. Para entrar no grupo,\u00a0basta\u00a0<a href=\"https:\/\/chat.whatsapp.com\/GFH9HUMUTHNFJdnyEd0xxq\" target=\"_blank\" rel=\"noreferrer noopener\">clicar aqui<\/a>. Ou, acesse o nosso\u00a0Canal\u00a0<a href=\"https:\/\/whatsapp.com\/channel\/0029Vb6IQl1JENyAeS57fk2p\" target=\"_blank\" rel=\"noreferrer noopener\">clicando aqui<\/a>.<\/p>\n<p>Fa\u00e7a uma den\u00fancia ou sugira uma reportagem sobre Ribeir\u00e3o Preto e regi\u00e3o pelo WhatsApp: 16 99117 7802.<\/p>\n<p>VEJA TAMB\u00c9M<\/p>\n<p>Sorvete de pitanga; aprenda receita<\/p>\n<p><!-- AI CONTENT END 1 -->\n<\/div>\n<\/div>\n<p><script async src=\"\/\/www.instagram.com\/embed.js\"><\/script><br \/>\n<br \/><br \/>\n<br \/><a href=\"https:\/\/www.acidadeon.com\/ribeiraopreto\/cotidiano\/usp-de-ribeirao-busca-voluntarios-para-pesquisa-sobre-saude-fisica-e-cognitiva-veja-como-participar\/\">Source link <\/a><\/p>\n<!-- CONTENT END 1 -->\n","protected":false},"excerpt":{"rendered":"<p>O N\u00facleo de Inova\u00e7\u00e3o e Ci\u00eancia do Estilo de Vida (Nice) da Escola de Educa\u00e7\u00e3o F\u00edsica e Esporte de Ribeir\u00e3o Preto (EEFERP) da USP est\u00e1&#8230;<\/p>\n","protected":false},"author":1,"featured_media":77343,"comment_status":"open","ping_status":"open","sticky":false,"template":"","format":"standard","meta":{"advanced_seo_description":"","jetpack_seo_html_title":"","jetpack_seo_noindex":false,"jetpack_post_was_ever_published":false,"_jetpack_newsletter_access":"","_jetpack_dont_email_post_to_subs":false,"_jetpack_newsletter_tier_id":0,"_jetpack_memberships_contains_paywalled_content":false,"_jetpack_memberships_contains_paid_content":false,"footnotes":"","jetpack_publicize_message":"","jetpack_publicize_feature_enabled":true,"jetpack_social_post_already_shared":true,"jetpack_social_options":{"image_generator_settings":{"template":"highway","default_image_id":0,"font":"","enabled":false},"version":2}},"categories":[11],"tags":[],"class_list":["post-81013","post","type-post","status-publish","format-standard","has-post-thumbnail","hentry","category-noticias-de-ribeirao-preto-sp-e-regiao-ismael-colosi"],"jetpack_publicize_connections":[],"jetpack_featured_media_url":"https:\/\/i0.wp.com\/noticiasribeiraopreto.com.br\/wp-content\/uploads\/2025\/09\/USP_2025-09-16_14-59-34.webp.webp?fit=1200%2C673&ssl=1","jetpack-related-posts":[{"id":84279,"url":"https:\/\/noticiasribeiraopreto.com.br\/index.php\/2026\/04\/06\/usp-busca-destros-de-18-a-30-anos-para-pesquisa-sobre-mente-e-forca-fisica\/","url_meta":{"origin":81013,"position":0},"title":"USP busca destros de 18 a 30 anos para pesquisa sobre mente e for\u00e7a f\u00edsica","author":"noticiasribeiraopreto.com.br","date":"6 de April de 2026","format":false,"excerpt":"Ler o resumo da not\u00edcia USP busca destros de 18 a 30 anos para pesquisa sobre mente e for\u00e7a f\u00edsica A Faculdade de Medicina de Ribeir\u00e3o Preto (FMRP) da USP abriu vagas para volunt\u00e1rios em uma pesquisa que analisa a rela\u00e7\u00e3o entre esfor\u00e7o mental e desempenho muscular. O estudo procura\u2026","rel":"","context":"In &quot;Not\u00edcias de Ribeir\u00e3o Preto-SP e Regi\u00e3o&quot;","block_context":{"text":"Not\u00edcias de Ribeir\u00e3o Preto-SP e Regi\u00e3o","link":"https:\/\/noticiasribeiraopreto.com.br\/index.php\/category\/noticias-de-ribeirao-preto-sp-e-regiao-ismael-colosi\/"},"img":{"alt_text":"","src":"https:\/\/i0.wp.com\/noticiasribeiraopreto.com.br\/wp-content\/uploads\/2026\/04\/side-view-male-osteopathic-therapist-checking-female-patient-s-shoulder-joint_2026-04-06_19-42-26.webp.webp?fit=1200%2C800&ssl=1&resize=350%2C200","width":350,"height":200,"srcset":"https:\/\/i0.wp.com\/noticiasribeiraopreto.com.br\/wp-content\/uploads\/2026\/04\/side-view-male-osteopathic-therapist-checking-female-patient-s-shoulder-joint_2026-04-06_19-42-26.webp.webp?fit=1200%2C800&ssl=1&resize=350%2C200 1x, https:\/\/i0.wp.com\/noticiasribeiraopreto.com.br\/wp-content\/uploads\/2026\/04\/side-view-male-osteopathic-therapist-checking-female-patient-s-shoulder-joint_2026-04-06_19-42-26.webp.webp?fit=1200%2C800&ssl=1&resize=525%2C300 1.5x, https:\/\/i0.wp.com\/noticiasribeiraopreto.com.br\/wp-content\/uploads\/2026\/04\/side-view-male-osteopathic-therapist-checking-female-patient-s-shoulder-joint_2026-04-06_19-42-26.webp.webp?fit=1200%2C800&ssl=1&resize=700%2C400 2x, https:\/\/i0.wp.com\/noticiasribeiraopreto.com.br\/wp-content\/uploads\/2026\/04\/side-view-male-osteopathic-therapist-checking-female-patient-s-shoulder-joint_2026-04-06_19-42-26.webp.webp?fit=1200%2C800&ssl=1&resize=1050%2C600 3x"},"classes":[]},{"id":77380,"url":"https:\/\/noticiasribeiraopreto.com.br\/index.php\/2025\/09\/17\/usp-de-ribeirao-busca-voluntarios-para-pesquisa-sobre-percepcao-de-fala\/","url_meta":{"origin":81013,"position":1},"title":"USP de Ribeir\u00e3o busca volunt\u00e1rios para pesquisa sobre percep\u00e7\u00e3o de fala","author":"noticiasribeiraopreto.com.br","date":"17 de September de 2025","format":false,"excerpt":"A USP de Ribeir\u00e3o Preto est\u00e1 em busca volunt\u00e1rios para uma pesquisa sobre percep\u00e7\u00e3o de fala. O estudo tem como objetivo elaborar uma nova lista de palavras monossil\u00e1bicas. Podem participar homens e mulheres, com 18 anos ou mais e sem queixas auditivas. Para se inscrever, os interessados devem responder a\u2026","rel":"","context":"In &quot;Not\u00edcias de Ribeir\u00e3o Preto-SP e Regi\u00e3o&quot;","block_context":{"text":"Not\u00edcias de Ribeir\u00e3o Preto-SP e Regi\u00e3o","link":"https:\/\/noticiasribeiraopreto.com.br\/index.php\/category\/noticias-de-ribeirao-preto-sp-e-regiao-ismael-colosi\/"},"img":{"alt_text":"","src":"https:\/\/i0.wp.com\/noticiasribeiraopreto.com.br\/wp-content\/uploads\/2025\/09\/20210909_usp_fachada-1024x538-1_2025-09-17_18-42-07.webp.webp?fit=1024%2C538&ssl=1&resize=350%2C200","width":350,"height":200,"srcset":"https:\/\/i0.wp.com\/noticiasribeiraopreto.com.br\/wp-content\/uploads\/2025\/09\/20210909_usp_fachada-1024x538-1_2025-09-17_18-42-07.webp.webp?fit=1024%2C538&ssl=1&resize=350%2C200 1x, https:\/\/i0.wp.com\/noticiasribeiraopreto.com.br\/wp-content\/uploads\/2025\/09\/20210909_usp_fachada-1024x538-1_2025-09-17_18-42-07.webp.webp?fit=1024%2C538&ssl=1&resize=525%2C300 1.5x, https:\/\/i0.wp.com\/noticiasribeiraopreto.com.br\/wp-content\/uploads\/2025\/09\/20210909_usp_fachada-1024x538-1_2025-09-17_18-42-07.webp.webp?fit=1024%2C538&ssl=1&resize=700%2C400 2x"},"classes":[]},{"id":82714,"url":"https:\/\/noticiasribeiraopreto.com.br\/index.php\/2026\/02\/24\/usp-de-ribeirao-busca-voluntarios-para-estudo-sobre-musculo-ausente-no-antebraco\/","url_meta":{"origin":81013,"position":2},"title":"USP de Ribeir\u00e3o busca volunt\u00e1rios para estudo sobre m\u00fasculo ausente no antebra\u00e7o","author":"noticiasribeiraopreto.com.br","date":"24 de February de 2026","format":false,"excerpt":"Pesquisadores da Escola de Educa\u00e7\u00e3o F\u00edsica e Esporte de Ribeir\u00e3o Preto (EEFERP) da USP est\u00e3o em busca de volunt\u00e1rios para um estudo sobre a aus\u00eancia de um m\u00fasculo do antebra\u00e7o, chamado palmar longo. Essa caracter\u00edstica \u00e9 cong\u00eanita, atinge entre 15% e 30% das pessoas e, na maioria dos casos, n\u00e3o\u2026","rel":"","context":"In &quot;Not\u00edcias de Ribeir\u00e3o Preto-SP e Regi\u00e3o&quot;","block_context":{"text":"Not\u00edcias de Ribeir\u00e3o Preto-SP e Regi\u00e3o","link":"https:\/\/noticiasribeiraopreto.com.br\/index.php\/category\/noticias-de-ribeirao-preto-sp-e-regiao-ismael-colosi\/"},"img":{"alt_text":"","src":"https:\/\/i0.wp.com\/noticiasribeiraopreto.com.br\/wp-content\/uploads\/2025\/09\/USP_2025-09-16_14-59-34.webp.webp?fit=1200%2C673&ssl=1&resize=350%2C200","width":350,"height":200,"srcset":"https:\/\/i0.wp.com\/noticiasribeiraopreto.com.br\/wp-content\/uploads\/2025\/09\/USP_2025-09-16_14-59-34.webp.webp?fit=1200%2C673&ssl=1&resize=350%2C200 1x, https:\/\/i0.wp.com\/noticiasribeiraopreto.com.br\/wp-content\/uploads\/2025\/09\/USP_2025-09-16_14-59-34.webp.webp?fit=1200%2C673&ssl=1&resize=525%2C300 1.5x, https:\/\/i0.wp.com\/noticiasribeiraopreto.com.br\/wp-content\/uploads\/2025\/09\/USP_2025-09-16_14-59-34.webp.webp?fit=1200%2C673&ssl=1&resize=700%2C400 2x, https:\/\/i0.wp.com\/noticiasribeiraopreto.com.br\/wp-content\/uploads\/2025\/09\/USP_2025-09-16_14-59-34.webp.webp?fit=1200%2C673&ssl=1&resize=1050%2C600 3x"},"classes":[]},{"id":79066,"url":"https:\/\/noticiasribeiraopreto.com.br\/index.php\/2025\/10\/23\/usp-busca-voluntarios-para-pesquisa-que-vai-avaliar-os-efeitos-do-exercicio-fisico-no-controle-da-diabetes\/","url_meta":{"origin":81013,"position":3},"title":"USP busca volunt\u00e1rios para pesquisa que vai avaliar os efeitos do exerc\u00edcio f\u00edsico no controle da diabetes","author":"noticiasribeiraopreto.com.br","date":"23 de October de 2025","format":false,"excerpt":"Pesquisadores da USP (Universidade de S\u00e3o Paulo) de Ribeir\u00e3o Preto est\u00e3o em busca de volunt\u00e1rios para uma pesquisa que busca avaliar os efeitos do exerc\u00edcio f\u00edsico combinados com a exposi\u00e7\u00e3o \u00e0 hip\u00f3xia no controle da diabetes tipo 2. A hip\u00f3xia \u00e9 uma condi\u00e7\u00e3o em que o participante respira um ar\u2026","rel":"","context":"In &quot;Not\u00edcias de Ribeir\u00e3o Preto-SP e Regi\u00e3o&quot;","block_context":{"text":"Not\u00edcias de Ribeir\u00e3o Preto-SP e Regi\u00e3o","link":"https:\/\/noticiasribeiraopreto.com.br\/index.php\/category\/noticias-de-ribeirao-preto-sp-e-regiao-ismael-colosi\/"},"img":{"alt_text":"","src":"https:\/\/i0.wp.com\/noticiasribeiraopreto.com.br\/wp-content\/uploads\/2025\/09\/USP_2025-09-16_14-59-34.webp.webp?fit=1200%2C673&ssl=1&resize=350%2C200","width":350,"height":200,"srcset":"https:\/\/i0.wp.com\/noticiasribeiraopreto.com.br\/wp-content\/uploads\/2025\/09\/USP_2025-09-16_14-59-34.webp.webp?fit=1200%2C673&ssl=1&resize=350%2C200 1x, https:\/\/i0.wp.com\/noticiasribeiraopreto.com.br\/wp-content\/uploads\/2025\/09\/USP_2025-09-16_14-59-34.webp.webp?fit=1200%2C673&ssl=1&resize=525%2C300 1.5x, https:\/\/i0.wp.com\/noticiasribeiraopreto.com.br\/wp-content\/uploads\/2025\/09\/USP_2025-09-16_14-59-34.webp.webp?fit=1200%2C673&ssl=1&resize=700%2C400 2x, https:\/\/i0.wp.com\/noticiasribeiraopreto.com.br\/wp-content\/uploads\/2025\/09\/USP_2025-09-16_14-59-34.webp.webp?fit=1200%2C673&ssl=1&resize=1050%2C600 3x"},"classes":[]},{"id":82034,"url":"https:\/\/noticiasribeiraopreto.com.br\/index.php\/2026\/02\/02\/usp-ribeirao-esta-em-busca-de-homens-voluntarios-com-lesao-no-joelho-para-pesquisa\/","url_meta":{"origin":81013,"position":4},"title":"USP Ribeir\u00e3o est\u00e1 em busca de homens volunt\u00e1rios com les\u00e3o no joelho para pesquisa","author":"noticiasribeiraopreto.com.br","date":"2 de February de 2026","format":false,"excerpt":"Pesquisadores da USP (Universidade de Ribeir\u00e3o Preto) est\u00e3o em busca de volunt\u00e1rios para um estudo que busca avaliar os efeitos de diferentes estrat\u00e9gias de treinamento de for\u00e7a em homens com les\u00e3o meniscal degenerativa. O objetivo \u00e9 comparar os efeitos de dois modelos de treinamento de for\u00e7a sobre a fun\u00e7\u00e3o e\u2026","rel":"","context":"In &quot;Not\u00edcias de Ribeir\u00e3o Preto-SP e Regi\u00e3o&quot;","block_context":{"text":"Not\u00edcias de Ribeir\u00e3o Preto-SP e Regi\u00e3o","link":"https:\/\/noticiasribeiraopreto.com.br\/index.php\/category\/noticias-de-ribeirao-preto-sp-e-regiao-ismael-colosi\/"},"img":{"alt_text":"","src":"https:\/\/i0.wp.com\/noticiasribeiraopreto.com.br\/wp-content\/uploads\/2026\/02\/20260129_joelho-1_2026-02-02_10-44-28.webp.webp?fit=1200%2C630&ssl=1&resize=350%2C200","width":350,"height":200,"srcset":"https:\/\/i0.wp.com\/noticiasribeiraopreto.com.br\/wp-content\/uploads\/2026\/02\/20260129_joelho-1_2026-02-02_10-44-28.webp.webp?fit=1200%2C630&ssl=1&resize=350%2C200 1x, https:\/\/i0.wp.com\/noticiasribeiraopreto.com.br\/wp-content\/uploads\/2026\/02\/20260129_joelho-1_2026-02-02_10-44-28.webp.webp?fit=1200%2C630&ssl=1&resize=525%2C300 1.5x, https:\/\/i0.wp.com\/noticiasribeiraopreto.com.br\/wp-content\/uploads\/2026\/02\/20260129_joelho-1_2026-02-02_10-44-28.webp.webp?fit=1200%2C630&ssl=1&resize=700%2C400 2x, https:\/\/i0.wp.com\/noticiasribeiraopreto.com.br\/wp-content\/uploads\/2026\/02\/20260129_joelho-1_2026-02-02_10-44-28.webp.webp?fit=1200%2C630&ssl=1&resize=1050%2C600 3x"},"classes":[]},{"id":80645,"url":"https:\/\/noticiasribeiraopreto.com.br\/index.php\/2025\/12\/09\/usp-busca-voluntarios-para-estudo-sobre-exercicios-e-controle-da-diabetes-tipo-2\/","url_meta":{"origin":81013,"position":5},"title":"USP busca volunt\u00e1rios para estudo sobre exerc\u00edcios e controle da diabetes tipo 2","author":"noticiasribeiraopreto.com.br","date":"9 de December de 2025","format":false,"excerpt":"Pesquisadores Escola de Educa\u00e7\u00e3o F\u00edsica e Esporte de Ribeir\u00e3o Preto (EEFERP) da USP est\u00e3o em busca de volunt\u00e1rios para uma pesquisa que busca avaliar os efeitos do exerc\u00edcio f\u00edsico no controle da diabetes tipo 2. De acordo com as informa\u00e7\u00f5es, a pesquisa intuito de investigar os efeitos de um programa\u2026","rel":"","context":"In &quot;Not\u00edcias de Ribeir\u00e3o Preto-SP e Regi\u00e3o&quot;","block_context":{"text":"Not\u00edcias de Ribeir\u00e3o Preto-SP e Regi\u00e3o","link":"https:\/\/noticiasribeiraopreto.com.br\/index.php\/category\/noticias-de-ribeirao-preto-sp-e-regiao-ismael-colosi\/"},"img":{"alt_text":"","src":"https:\/\/i0.wp.com\/noticiasribeiraopreto.com.br\/wp-content\/uploads\/2025\/12\/Copia-de-Copia-de-Copia-de-TAMANHO-EXATO-PARA-FOTOS-NO-SISTEMA-NOVO-2025-10-23T152945.528_2025-10-23_18-29-50.webp.webp?fit=1200%2C675&ssl=1&resize=350%2C200","width":350,"height":200,"srcset":"https:\/\/i0.wp.com\/noticiasribeiraopreto.com.br\/wp-content\/uploads\/2025\/12\/Copia-de-Copia-de-Copia-de-TAMANHO-EXATO-PARA-FOTOS-NO-SISTEMA-NOVO-2025-10-23T152945.528_2025-10-23_18-29-50.webp.webp?fit=1200%2C675&ssl=1&resize=350%2C200 1x, https:\/\/i0.wp.com\/noticiasribeiraopreto.com.br\/wp-content\/uploads\/2025\/12\/Copia-de-Copia-de-Copia-de-TAMANHO-EXATO-PARA-FOTOS-NO-SISTEMA-NOVO-2025-10-23T152945.528_2025-10-23_18-29-50.webp.webp?fit=1200%2C675&ssl=1&resize=525%2C300 1.5x, https:\/\/i0.wp.com\/noticiasribeiraopreto.com.br\/wp-content\/uploads\/2025\/12\/Copia-de-Copia-de-Copia-de-TAMANHO-EXATO-PARA-FOTOS-NO-SISTEMA-NOVO-2025-10-23T152945.528_2025-10-23_18-29-50.webp.webp?fit=1200%2C675&ssl=1&resize=700%2C400 2x, https:\/\/i0.wp.com\/noticiasribeiraopreto.com.br\/wp-content\/uploads\/2025\/12\/Copia-de-Copia-de-Copia-de-TAMANHO-EXATO-PARA-FOTOS-NO-SISTEMA-NOVO-2025-10-23T152945.528_2025-10-23_18-29-50.webp.webp?fit=1200%2C675&ssl=1&resize=1050%2C600 3x"},"classes":[]}],"jetpack_sharing_enabled":true,"jetpack_shortlink":"https:\/\/wp.me\/peQAOb-l4F","_links":{"self":[{"href":"https:\/\/noticiasribeiraopreto.com.br\/index.php\/wp-json\/wp\/v2\/posts\/81013","targetHints":{"allow":["GET"]}}],"collection":[{"href":"https:\/\/noticiasribeiraopreto.com.br\/index.php\/wp-json\/wp\/v2\/posts"}],"about":[{"href":"https:\/\/noticiasribeiraopreto.com.br\/index.php\/wp-json\/wp\/v2\/types\/post"}],"author":[{"embeddable":true,"href":"https:\/\/noticiasribeiraopreto.com.br\/index.php\/wp-json\/wp\/v2\/users\/1"}],"replies":[{"embeddable":true,"href":"https:\/\/noticiasribeiraopreto.com.br\/index.php\/wp-json\/wp\/v2\/comments?post=81013"}],"version-history":[{"count":0,"href":"https:\/\/noticiasribeiraopreto.com.br\/index.php\/wp-json\/wp\/v2\/posts\/81013\/revisions"}],"wp:featuredmedia":[{"embeddable":true,"href":"https:\/\/noticiasribeiraopreto.com.br\/index.php\/wp-json\/wp\/v2\/media\/77343"}],"wp:attachment":[{"href":"https:\/\/noticiasribeiraopreto.com.br\/index.php\/wp-json\/wp\/v2\/media?parent=81013"}],"wp:term":[{"taxonomy":"category","embeddable":true,"href":"https:\/\/noticiasribeiraopreto.com.br\/index.php\/wp-json\/wp\/v2\/categories?post=81013"},{"taxonomy":"post_tag","embeddable":true,"href":"https:\/\/noticiasribeiraopreto.com.br\/index.php\/wp-json\/wp\/v2\/tags?post=81013"}],"curies":[{"name":"wp","href":"https:\/\/api.w.org\/{rel}","templated":true}]}}