{"id":81014,"date":"2025-12-21T06:26:45","date_gmt":"2025-12-21T09:26:45","guid":{"rendered":"https:\/\/noticiasribeiraopreto.com.br\/index.php\/2025\/12\/21\/caravana-de-natal-da-coca-cola-volta-a-ribeirao-veja-ruas-e-avenidas-do-trajeto\/"},"modified":"2025-12-21T06:26:45","modified_gmt":"2025-12-21T09:26:45","slug":"caravana-de-natal-da-coca-cola-volta-a-ribeirao-veja-ruas-e-avenidas-do-trajeto","status":"publish","type":"post","link":"https:\/\/noticiasribeiraopreto.com.br\/index.php\/2025\/12\/21\/caravana-de-natal-da-coca-cola-volta-a-ribeirao-veja-ruas-e-avenidas-do-trajeto\/","title":{"rendered":"Caravana de Natal da Coca-Cola volta a Ribeir\u00e3o; Veja ruas e avenidas do trajeto"},"content":{"rendered":"<div class='code-block code-block-1' style='margin: 8px 0 8px auto; text-align: right; display: block; clear: both;'>\n<p><a href=\"https:\/\/wa.link\/vpicfd\"><img data-recalc-dims=\"1\" class=\"wp-image-4922\" style=\"aspect-ratio: 2.0253164556962027; width: 561px; height: auto;\" src=\"https:\/\/i0.wp.com\/ismaelcolosi.com.br\/wp-content\/uploads\/2023\/11\/grupo-de-empregos-whatsapp-e-facebook-ismael-colosi-vagas.jpg?ssl=1\" alt=\"\" \/><\/a><\/p>\n<!-- \/wp:image -->\n<\/div>\n<p> <br \/>\n<\/p>\n<div data-td-block-uid=\"tdi_95\">\n<div class=\"tdb-block-inner td-fix-index\">\n<p>A <strong>Caravana de Natal da Coca-Cola <\/strong>retorna a <strong>Ribeir\u00e3o Preto<\/strong> no dia 23 de dezembro, a partir das 19h. Esta ser\u00e1 a <strong>\u00faltima apari\u00e7\u00e3o do ano<\/strong> dos caminh\u00f5es decorados e iluminados, que contam com a presen\u00e7a do <strong>Papai Noel<\/strong>.<\/p>\n<p>Os trajetos realizados pela <strong>Caravana de Natal<\/strong> s\u00e3o distintos, portanto, <mark style=\"background-color:#fcb900\" class=\"has-inline-color\">\u00e9 importante ficar atento aos pontos de refer\u00eancia que os ve\u00edculos passar\u00e3o<\/mark> \u2013 veja o trajeto completo logo abaixo.<\/p>\n<blockquote class=\"instagram-media\" data-instgrm-permalink=\"https:\/\/www.instagram.com\/reel\/DRfebwFDiyw\/?utm_source=ig_embed&amp;utm_campaign=loading\" data-instgrm-version=\"14\" style=\" background:#FFF; border:0; border-radius:3px; box-shadow:0 0 1px 0 rgba(0,0,0,0.5),0 1px 10px 0 rgba(0,0,0,0.15); margin: 1px; max-width:540px; min-width:326px; padding:0; width:99.375%; width:-webkit-calc(100% - 2px); width:calc(100% - 2px);\"\/>\n<h2 class=\"wp-block-heading\"><strong>Confira o trajeto da Caravana de Natal em Ribeir\u00e3o<\/strong><\/h2>\n<p><strong><em><sup>As rotas est\u00e3o sujeitas a altera\u00e7\u00f5es sem aviso pr\u00e9vio.<\/sup><\/em><\/strong><\/p>\n<ul class=\"wp-block-list\">\n<li>Rua Javari<\/li>\n<li>Rua Rio Verde<\/li>\n<li>Rua Tapaj\u00f3s<\/li>\n<li>Avenida Dom Pedro I<\/li>\n<li>Rua Capit\u00e3o Salom\u00e3o<\/li>\n<li>Avenida Mal. Costa e Silva<\/li>\n<li>Rotat\u00f3ria Amin Callil<\/li>\n<li>Avenida F\u00e1bio Barretos<\/li>\n<li>Avenida Jer\u00f4nimo Gon\u00e7alves<\/li>\n<li>Rua Guatapar\u00e1<\/li>\n<li>Avenida Caramuru<\/li>\n<li>Avenida Professor Jo\u00e3o Fi\u00fasa<\/li>\n<li>Avenida Independ\u00eancia<\/li>\n<li>Avenida Lygia Latuf Salom\u00e3o<\/li>\n<li>Avenida Dr. Jos\u00e9 Ces\u00e1rio Monteiro Silva<\/li>\n<li>Avenida Presidente Vargas<\/li>\n<li>Avenida Jos\u00e9 Adolfo Bianco Molina<\/li>\n<li>Avenida Professor Jo\u00e3o Fi\u00fasa<\/li>\n<li>Avenida Wladimir Meirelles Ferreira<\/li>\n<li>Avenida Carlos Eduardo de Gasperi Consoni<\/li>\n<li>Rodovia Prefeito Ant\u00f4nio Duarte Nogueira<\/li>\n<li>Avenida Professor Jo\u00e3o Fi\u00fasa (Bonfim Paulista)<\/li>\n<li>Avenida Dep. S\u00e9rgio Cardoso de Almeida (Bonfim Paulista)<\/li>\n<li>Via Dr. Luiz Carlos Bianchi (Bonfim Paulista)<\/li>\n<\/ul>\n<p><strong>Pontos de refer\u00eancia:<\/strong> Savegnago loja 9 \u2013 Ipiranga \u2013 Av. Francisco Junqueira \u2013 Av. Wladimir Meirelles \u2013 Av. Prof. Jo\u00e3o Fiusa \u2013 Av. Presidente Vargas \u2013 Alto Da Boa Vista \u2013 Av. Independ\u00eancia \u2013 Jardim Nova Alian\u00e7a \u2013 Jardim Bot\u00e2nico \u2013 Olhos D\u2019\u00e1gua<\/p>\n<p><em><strong>Fonte<\/strong>: site oficial da campanha \u2013\u00a0<a href=\"https:\/\/natal.coca-cola.com.br\/?utm_source=google_p&amp;utm_medium=Search&amp;utm_campaign=GL2505001025&amp;utm_term=141R104000&amp;utm_content=link&amp;gad_source=1\" target=\"_blank\" rel=\"noreferrer noopener\">clique aqui para acessar<\/a><\/em><\/p>\n<figure class=\"wp-block-gallery has-nested-images columns-default is-cropped wp-block-gallery-1 is-layout-flex wp-block-gallery-is-layout-flex\">\n<figure class=\"wp-block-image size-large\"><img data-recalc-dims=\"1\" fetchpriority=\"high\" decoding=\"async\" width=\"1024\" height=\"576\" data-id=\"139996\" src=\"https:\/\/i0.wp.com\/cdn.media-acidadeon.com.br\/ribeiraopreto\/wp-content\/uploads\/sites\/3\/2025\/12\/domingo-18_2025-12-20_20-10-56-1024x576.webp?resize=1024%2C576&#038;ssl=1\" alt=\"Caravana de Natal da Coca-Cola passa em Ribeir\u00e3o Preto pela \u00faltima vez - Imagem: reprodu\u00e7\u00e3o.\" class=\"wp-image-139996\" title=\"Caravana de Natal da Coca-Cola volta a Ribeir\u00e3o; Veja ruas e avenidas do trajeto 1\" srcset=\"https:\/\/cdn.media-acidadeon.com.br\/ribeiraopreto\/wp-content\/uploads\/sites\/3\/2025\/12\/domingo-18_2025-12-20_20-10-56-1024x576.webp 1024w, https:\/\/cdn.media-acidadeon.com.br\/ribeiraopreto\/wp-content\/uploads\/sites\/3\/2025\/12\/domingo-18_2025-12-20_20-10-56-300x169.webp 300w, https:\/\/cdn.media-acidadeon.com.br\/ribeiraopreto\/wp-content\/uploads\/sites\/3\/2025\/12\/domingo-18_2025-12-20_20-10-56-768x432.webp 768w, https:\/\/cdn.media-acidadeon.com.br\/ribeiraopreto\/wp-content\/uploads\/sites\/3\/2025\/12\/domingo-18_2025-12-20_20-10-56-696x392.webp 696w, https:\/\/cdn.media-acidadeon.com.br\/ribeiraopreto\/wp-content\/uploads\/sites\/3\/2025\/12\/domingo-18_2025-12-20_20-10-56-1068x601.webp 1068w, https:\/\/cdn.media-acidadeon.com.br\/ribeiraopreto\/wp-content\/uploads\/sites\/3\/2025\/12\/domingo-18_2025-12-20_20-10-56.webp 1200w\" sizes=\"(max-width: 1024px) 100vw, 1024px\"\/><figcaption class=\"wp-element-caption\">Caravana de Natal da Coca-Cola passa em Ribeir\u00e3o Preto pela \u00faltima vez \u2013 Imagem: reprodu\u00e7\u00e3o.<\/figcaption><\/figure>\n<figure class=\"wp-block-image size-large\"><img data-recalc-dims=\"1\" loading=\"lazy\" decoding=\"async\" width=\"1024\" height=\"681\" data-id=\"137705\" src=\"https:\/\/i0.wp.com\/cdn.media-acidadeon.com.br\/ribeiraopreto\/wp-content\/uploads\/sites\/3\/2025\/11\/caravana-coca-cola_2025-11-30_15-24-30-1024x681.webp?resize=1024%2C681&#038;ssl=1\" alt=\"Caravana de Natal da Coca-Cola passa em Ribeir\u00e3o Preto pela \u00faltima vez - Imagem: reprodu\u00e7\u00e3o.\" class=\"wp-image-137705\" title=\"Caravana de Natal da Coca-Cola volta a Ribeir\u00e3o; Veja ruas e avenidas do trajeto 2\" srcset=\"https:\/\/cdn.media-acidadeon.com.br\/ribeiraopreto\/wp-content\/uploads\/sites\/3\/2025\/11\/caravana-coca-cola_2025-11-30_15-24-30-1024x681.webp 1024w, https:\/\/cdn.media-acidadeon.com.br\/ribeiraopreto\/wp-content\/uploads\/sites\/3\/2025\/11\/caravana-coca-cola_2025-11-30_15-24-30-300x200.webp 300w, https:\/\/cdn.media-acidadeon.com.br\/ribeiraopreto\/wp-content\/uploads\/sites\/3\/2025\/11\/caravana-coca-cola_2025-11-30_15-24-30-768x511.webp 768w, https:\/\/cdn.media-acidadeon.com.br\/ribeiraopreto\/wp-content\/uploads\/sites\/3\/2025\/11\/caravana-coca-cola_2025-11-30_15-24-30-696x463.webp 696w, https:\/\/cdn.media-acidadeon.com.br\/ribeiraopreto\/wp-content\/uploads\/sites\/3\/2025\/11\/caravana-coca-cola_2025-11-30_15-24-30-1068x710.webp 1068w, https:\/\/cdn.media-acidadeon.com.br\/ribeiraopreto\/wp-content\/uploads\/sites\/3\/2025\/11\/caravana-coca-cola_2025-11-30_15-24-30.webp 1200w\" sizes=\"auto, (max-width: 1024px) 100vw, 1024px\"\/><figcaption class=\"wp-element-caption\">Caravana de Natal da Coca-Cola passa em Ribeir\u00e3o Preto pela \u00faltima vez \u2013 Imagem: reprodu\u00e7\u00e3o.<\/figcaption><\/figure>\n<figure class=\"wp-block-image size-large\"><img data-recalc-dims=\"1\" loading=\"lazy\" decoding=\"async\" width=\"1024\" height=\"576\" data-id=\"137579\" src=\"https:\/\/i0.wp.com\/cdn.media-acidadeon.com.br\/ribeiraopreto\/wp-content\/uploads\/sites\/3\/2025\/11\/carreata-coca-cola_2025-11-28_16-42-40-1024x576.webp?resize=1024%2C576&#038;ssl=1\" alt=\"Caravana de Natal da Coca-Cola passa em Ribeir\u00e3o Preto pela \u00faltima vez - Imagem: reprodu\u00e7\u00e3o.\" class=\"wp-image-137579\" title=\"Caravana de Natal da Coca-Cola volta a Ribeir\u00e3o; Veja ruas e avenidas do trajeto 3\" srcset=\"https:\/\/cdn.media-acidadeon.com.br\/ribeiraopreto\/wp-content\/uploads\/sites\/3\/2025\/11\/carreata-coca-cola_2025-11-28_16-42-40-1024x576.webp 1024w, https:\/\/cdn.media-acidadeon.com.br\/ribeiraopreto\/wp-content\/uploads\/sites\/3\/2025\/11\/carreata-coca-cola_2025-11-28_16-42-40-300x169.webp 300w, https:\/\/cdn.media-acidadeon.com.br\/ribeiraopreto\/wp-content\/uploads\/sites\/3\/2025\/11\/carreata-coca-cola_2025-11-28_16-42-40-768x432.webp 768w, https:\/\/cdn.media-acidadeon.com.br\/ribeiraopreto\/wp-content\/uploads\/sites\/3\/2025\/11\/carreata-coca-cola_2025-11-28_16-42-40-696x392.webp 696w, https:\/\/cdn.media-acidadeon.com.br\/ribeiraopreto\/wp-content\/uploads\/sites\/3\/2025\/11\/carreata-coca-cola_2025-11-28_16-42-40-1068x601.webp 1068w, https:\/\/cdn.media-acidadeon.com.br\/ribeiraopreto\/wp-content\/uploads\/sites\/3\/2025\/11\/carreata-coca-cola_2025-11-28_16-42-40.webp 1200w\" sizes=\"auto, (max-width: 1024px) 100vw, 1024px\"\/><figcaption class=\"wp-element-caption\">Caravana de Natal da Coca-Cola passa em Ribeir\u00e3o Preto pela \u00faltima vez \u2013 Imagem: reprodu\u00e7\u00e3o.<\/figcaption><\/figure>\n<figure class=\"wp-block-image size-large\"><img data-recalc-dims=\"1\" loading=\"lazy\" decoding=\"async\" width=\"1024\" height=\"576\" data-id=\"101190\" src=\"https:\/\/i0.wp.com\/cdn.media-acidadeon.com.br\/ribeiraopreto\/wp-content\/uploads\/sites\/3\/2024\/11\/Copia-de-Copia-de-Copia-de-TAMANHO-EXATO-PARA-FOTOS-NO-SISTEMA-NOVO-2024-11-29T164936.356_2024-11-29_19-49-42_png_2024-11-29_19-49-42-1024x576.webp?resize=1024%2C576&#038;ssl=1\" alt=\"Caravana de Natal da Coca-Cola passa em Ribeir\u00e3o Preto pela \u00faltima vez - Imagem: reprodu\u00e7\u00e3o.\" class=\"wp-image-101190\" title=\"Caravana de Natal da Coca-Cola volta a Ribeir\u00e3o; Veja ruas e avenidas do trajeto 4\" srcset=\"https:\/\/cdn.media-acidadeon.com.br\/ribeiraopreto\/wp-content\/uploads\/sites\/3\/2024\/11\/Copia-de-Copia-de-Copia-de-TAMANHO-EXATO-PARA-FOTOS-NO-SISTEMA-NOVO-2024-11-29T164936.356_2024-11-29_19-49-42_png_2024-11-29_19-49-42-1024x576.webp 1024w, https:\/\/cdn.media-acidadeon.com.br\/ribeiraopreto\/wp-content\/uploads\/sites\/3\/2024\/11\/Copia-de-Copia-de-Copia-de-TAMANHO-EXATO-PARA-FOTOS-NO-SISTEMA-NOVO-2024-11-29T164936.356_2024-11-29_19-49-42_png_2024-11-29_19-49-42-300x169.webp 300w, https:\/\/cdn.media-acidadeon.com.br\/ribeiraopreto\/wp-content\/uploads\/sites\/3\/2024\/11\/Copia-de-Copia-de-Copia-de-TAMANHO-EXATO-PARA-FOTOS-NO-SISTEMA-NOVO-2024-11-29T164936.356_2024-11-29_19-49-42_png_2024-11-29_19-49-42-768x432.webp 768w, https:\/\/cdn.media-acidadeon.com.br\/ribeiraopreto\/wp-content\/uploads\/sites\/3\/2024\/11\/Copia-de-Copia-de-Copia-de-TAMANHO-EXATO-PARA-FOTOS-NO-SISTEMA-NOVO-2024-11-29T164936.356_2024-11-29_19-49-42_png_2024-11-29_19-49-42-696x392.webp 696w, https:\/\/cdn.media-acidadeon.com.br\/ribeiraopreto\/wp-content\/uploads\/sites\/3\/2024\/11\/Copia-de-Copia-de-Copia-de-TAMANHO-EXATO-PARA-FOTOS-NO-SISTEMA-NOVO-2024-11-29T164936.356_2024-11-29_19-49-42_png_2024-11-29_19-49-42-1068x601.webp 1068w, https:\/\/cdn.media-acidadeon.com.br\/ribeiraopreto\/wp-content\/uploads\/sites\/3\/2024\/11\/Copia-de-Copia-de-Copia-de-TAMANHO-EXATO-PARA-FOTOS-NO-SISTEMA-NOVO-2024-11-29T164936.356_2024-11-29_19-49-42_png_2024-11-29_19-49-42.webp 1200w\" sizes=\"auto, (max-width: 1024px) 100vw, 1024px\"\/><figcaption class=\"wp-element-caption\">Caravana de Natal da Coca-Cola passa em Ribeir\u00e3o Preto pela \u00faltima vez \u2013 Imagem: reprodu\u00e7\u00e3o.<\/figcaption><\/figure>\n<figure class=\"wp-block-image size-large\"><img data-recalc-dims=\"1\" loading=\"lazy\" decoding=\"async\" width=\"1024\" height=\"685\" data-id=\"64249\" src=\"https:\/\/i0.wp.com\/cdn.media-acidadeon.com.br\/ribeiraopreto\/wp-content\/uploads\/sites\/3\/2023\/12\/WhatsApp-Image-2023-12-12-at-13.31.51-1-1024x685.jpeg?resize=1024%2C685&#038;ssl=1\" alt=\"Caravana de Natal da Coca-Cola passa em Ribeir\u00e3o Preto pela \u00faltima vez - Imagem: reprodu\u00e7\u00e3o.\" class=\"wp-image-64249\" title=\"Caravana de Natal da Coca-Cola volta a Ribeir\u00e3o; Veja ruas e avenidas do trajeto 5\" srcset=\"https:\/\/cdn.media-acidadeon.com.br\/ribeiraopreto\/wp-content\/uploads\/sites\/3\/2023\/12\/WhatsApp-Image-2023-12-12-at-13.31.51-1-1024x685.jpeg 1024w, https:\/\/cdn.media-acidadeon.com.br\/ribeiraopreto\/wp-content\/uploads\/sites\/3\/2023\/12\/WhatsApp-Image-2023-12-12-at-13.31.51-1-300x201.jpeg 300w, https:\/\/cdn.media-acidadeon.com.br\/ribeiraopreto\/wp-content\/uploads\/sites\/3\/2023\/12\/WhatsApp-Image-2023-12-12-at-13.31.51-1-768x513.jpeg 768w, https:\/\/cdn.media-acidadeon.com.br\/ribeiraopreto\/wp-content\/uploads\/sites\/3\/2023\/12\/WhatsApp-Image-2023-12-12-at-13.31.51-1-696x465.jpeg 696w, https:\/\/cdn.media-acidadeon.com.br\/ribeiraopreto\/wp-content\/uploads\/sites\/3\/2023\/12\/WhatsApp-Image-2023-12-12-at-13.31.51-1-1068x714.jpeg 1068w, https:\/\/cdn.media-acidadeon.com.br\/ribeiraopreto\/wp-content\/uploads\/sites\/3\/2023\/12\/WhatsApp-Image-2023-12-12-at-13.31.51-1.jpeg 1080w\" sizes=\"auto, (max-width: 1024px) 100vw, 1024px\"\/><figcaption class=\"wp-element-caption\">Caravana de Natal da Coca-Cola passa em Ribeir\u00e3o Preto pela \u00faltima vez \u2013 Imagem: reprodu\u00e7\u00e3o.<\/figcaption><\/figure>\n<\/figure>\n<hr class=\"wp-block-separator has-alpha-channel-opacity\"\/>\n<p>SAIBA MAIS<\/p>\n<p>Botafogo estreia fora e recebe o Palmeiras na 6\u00aa rodada do Paulist\u00e3o 2026; Veja tabela completa<\/p>\n<h2 class=\"wp-block-heading\"><strong>FIQUE ON<\/strong><\/h2>\n<p>Fique ligado em tudo que acontece em Ribeir\u00e3o Preto e regi\u00e3o. Siga os perfis do\u00a0<strong>acidade on<\/strong>\u00a0no<a href=\"https:\/\/www.instagram.com\/acidadeonribeirao\" target=\"_blank\" rel=\"noreferrer noopener\">\u00a0Instagram\u00a0<\/a>e no\u00a0<a href=\"https:\/\/www.facebook.com\/acidadeonribeirao\/\" target=\"_blank\" rel=\"noreferrer noopener\">Facebook<\/a>.<\/p>\n<p>Receba not\u00edcias do\u00a0<strong>acidade on<\/strong>\u00a0no WhatsApp. Para entrar no grupo,\u00a0basta\u00a0<a href=\"https:\/\/chat.whatsapp.com\/GFH9HUMUTHNFJdnyEd0xxq\" target=\"_blank\" rel=\"noreferrer noopener\">clicar aqui<\/a>. Ou, acesse o nosso\u00a0Canal\u00a0<a href=\"https:\/\/whatsapp.com\/channel\/0029Vb6IQl1JENyAeS57fk2p\" target=\"_blank\" rel=\"noreferrer noopener\">clicando aqui<\/a>.<\/p>\n<p>Fa\u00e7a uma den\u00fancia ou sugira uma reportagem sobre Ribeir\u00e3o Preto e regi\u00e3o pelo WhatsApp: 16 99117 7802.<\/p>\n<p>VEJA TAMB\u00c9M<\/p>\n<p>Sorvete de pitanga; aprenda receita<\/p>\n<p><!-- AI CONTENT END 1 -->\n<\/div>\n<\/div>\n<p><script async src=\"\/\/www.instagram.com\/embed.js\"><\/script><br \/>\n<br \/><br \/>\n<br \/><a href=\"https:\/\/www.acidadeon.com\/ribeiraopreto\/lazer-e-cultura\/caravana-de-natal-da-coca-cola-volta-a-ribeirao-veja-ruas-e-avenidas-do-trajeto\/\">Source link <\/a><\/p>\n<!-- CONTENT END 1 -->\n","protected":false},"excerpt":{"rendered":"<p>A Caravana de Natal da Coca-Cola retorna a Ribeir\u00e3o Preto no dia 23 de dezembro, a partir das 19h. Esta ser\u00e1 a \u00faltima apari\u00e7\u00e3o do&#8230;<\/p>\n","protected":false},"author":1,"featured_media":80764,"comment_status":"open","ping_status":"open","sticky":false,"template":"","format":"standard","meta":{"advanced_seo_description":"","jetpack_seo_html_title":"","jetpack_seo_noindex":false,"jetpack_post_was_ever_published":false,"_jetpack_newsletter_access":"","_jetpack_dont_email_post_to_subs":false,"_jetpack_newsletter_tier_id":0,"_jetpack_memberships_contains_paywalled_content":false,"_jetpack_memberships_contains_paid_content":false,"footnotes":"","jetpack_publicize_message":"","jetpack_publicize_feature_enabled":true,"jetpack_social_post_already_shared":true,"jetpack_social_options":{"image_generator_settings":{"template":"highway","default_image_id":0,"font":"","enabled":false},"version":2}},"categories":[11],"tags":[],"class_list":["post-81014","post","type-post","status-publish","format-standard","has-post-thumbnail","hentry","category-noticias-de-ribeirao-preto-sp-e-regiao-ismael-colosi"],"jetpack_publicize_connections":[],"jetpack_featured_media_url":"https:\/\/i0.wp.com\/noticiasribeiraopreto.com.br\/wp-content\/uploads\/2025\/12\/Imagem-do-WhatsApp-de-2025-12-01-as-13.18.24_52341c3a_2025-12-01_16-20-19.webp.webp?fit=1200%2C675&ssl=1","jetpack-related-posts":[{"id":61741,"url":"https:\/\/noticiasribeiraopreto.com.br\/index.php\/2024\/12\/20\/caravana-da-coca-cola-passa-por-ribeirao-neste-fim-de-semana-veja-o-trajeto\/","url_meta":{"origin":81014,"position":0},"title":"Caravana da Coca-Cola passa por Ribeir\u00e3o neste fim de semana; Veja o trajeto","author":"noticiasribeiraopreto.com.br","date":"20 de December de 2024","format":false,"excerpt":"Aqueles que ainda n\u00e3o conseguiram ver a Caravana de Natal da Coca-Cola passando por Ribeir\u00e3o Preto, ter\u00e3o mais uma chance neste final de semana. O comboio de caminh\u00f5es decorados, iluminados e com o Papai Noel passam pela \u00faltima vez neste domingo (22), por diversos bairros da cidade, a partir das\u2026","rel":"","context":"In &quot;Not\u00edcias de Ribeir\u00e3o Preto-SP e Regi\u00e3o&quot;","block_context":{"text":"Not\u00edcias de Ribeir\u00e3o Preto-SP e Regi\u00e3o","link":"https:\/\/noticiasribeiraopreto.com.br\/index.php\/category\/noticias-de-ribeirao-preto-sp-e-regiao-ismael-colosi\/"},"img":{"alt_text":"","src":"https:\/\/i0.wp.com\/noticiasribeiraopreto.com.br\/wp-content\/uploads\/2024\/11\/Copia-de-Copia-de-Copia-de-TAMANHO-EXATO-PARA-FOTOS-NO-SISTEMA-NOVO-2024-11-29T164936.356_2024-11-29_19-49-42_png_2024-11-29_19-49-42.webp.webp?fit=1200%2C675&ssl=1&resize=350%2C200","width":350,"height":200,"srcset":"https:\/\/i0.wp.com\/noticiasribeiraopreto.com.br\/wp-content\/uploads\/2024\/11\/Copia-de-Copia-de-Copia-de-TAMANHO-EXATO-PARA-FOTOS-NO-SISTEMA-NOVO-2024-11-29T164936.356_2024-11-29_19-49-42_png_2024-11-29_19-49-42.webp.webp?fit=1200%2C675&ssl=1&resize=350%2C200 1x, https:\/\/i0.wp.com\/noticiasribeiraopreto.com.br\/wp-content\/uploads\/2024\/11\/Copia-de-Copia-de-Copia-de-TAMANHO-EXATO-PARA-FOTOS-NO-SISTEMA-NOVO-2024-11-29T164936.356_2024-11-29_19-49-42_png_2024-11-29_19-49-42.webp.webp?fit=1200%2C675&ssl=1&resize=525%2C300 1.5x, https:\/\/i0.wp.com\/noticiasribeiraopreto.com.br\/wp-content\/uploads\/2024\/11\/Copia-de-Copia-de-Copia-de-TAMANHO-EXATO-PARA-FOTOS-NO-SISTEMA-NOVO-2024-11-29T164936.356_2024-11-29_19-49-42_png_2024-11-29_19-49-42.webp.webp?fit=1200%2C675&ssl=1&resize=700%2C400 2x, https:\/\/i0.wp.com\/noticiasribeiraopreto.com.br\/wp-content\/uploads\/2024\/11\/Copia-de-Copia-de-Copia-de-TAMANHO-EXATO-PARA-FOTOS-NO-SISTEMA-NOVO-2024-11-29T164936.356_2024-11-29_19-49-42_png_2024-11-29_19-49-42.webp.webp?fit=1200%2C675&ssl=1&resize=1050%2C600 3x"},"classes":[]},{"id":60832,"url":"https:\/\/noticiasribeiraopreto.com.br\/index.php\/2024\/11\/26\/confira-o-trajeto-da-caravana-de-natal-da-coca-cola-em-ribeirao-preto\/","url_meta":{"origin":81014,"position":1},"title":"Confira o trajeto da Caravana de Natal da Coca-Cola em Ribeir\u00e3o Preto","author":"noticiasribeiraopreto.com.br","date":"26 de November de 2024","format":false,"excerpt":"A Caravana de Natal da Coca-Cola vai passar em Ribeir\u00e3o Preto entre os dias 1, 13 e 22 de dezembro. Os caminh\u00f5es decorados, iluminados e com o Papai Noel sair\u00e3o de pontos espec\u00edficos da cidade e percorreram diversos bairros. Com o tema \u201cDesperte o Papai Noel que h\u00e1 em Voc\u00ea\u201d,\u2026","rel":"","context":"In &quot;Not\u00edcias de Ribeir\u00e3o Preto-SP e Regi\u00e3o&quot;","block_context":{"text":"Not\u00edcias de Ribeir\u00e3o Preto-SP e Regi\u00e3o","link":"https:\/\/noticiasribeiraopreto.com.br\/index.php\/category\/noticias-de-ribeirao-preto-sp-e-regiao-ismael-colosi\/"},"img":{"alt_text":"","src":"https:\/\/i0.wp.com\/noticiasribeiraopreto.com.br\/wp-content\/uploads\/2024\/11\/carreata_natal_1024x576_20122019154323.jpg?fit=1024%2C576&ssl=1&resize=350%2C200","width":350,"height":200,"srcset":"https:\/\/i0.wp.com\/noticiasribeiraopreto.com.br\/wp-content\/uploads\/2024\/11\/carreata_natal_1024x576_20122019154323.jpg?fit=1024%2C576&ssl=1&resize=350%2C200 1x, https:\/\/i0.wp.com\/noticiasribeiraopreto.com.br\/wp-content\/uploads\/2024\/11\/carreata_natal_1024x576_20122019154323.jpg?fit=1024%2C576&ssl=1&resize=525%2C300 1.5x, https:\/\/i0.wp.com\/noticiasribeiraopreto.com.br\/wp-content\/uploads\/2024\/11\/carreata_natal_1024x576_20122019154323.jpg?fit=1024%2C576&ssl=1&resize=700%2C400 2x"},"classes":[]},{"id":61477,"url":"https:\/\/noticiasribeiraopreto.com.br\/index.php\/2024\/12\/13\/caravana-da-coca-cola-passa-por-ribeirao-nesta-sexta-feira-veja-o-trajeto\/","url_meta":{"origin":81014,"position":2},"title":"Caravana da Coca-Cola passa por Ribeir\u00e3o nesta sexta-feira; Veja o trajeto","author":"noticiasribeiraopreto.com.br","date":"13 de December de 2024","format":false,"excerpt":"A Caravana da Coca-Cola retorna para Ribeir\u00e3o Preto nesta sexta-feira (13). Os caminh\u00f5es decorados, iluminados e com o Papai Noel sair\u00e3o de pontos espec\u00edficos da cidade e percorreram diversos bairros \u2013 veja o trajeto abaixo. Com o tema \u201cDesperte o Papai Noel que h\u00e1 em Voc\u00ea\u201d, o desfile acontece todos\u2026","rel":"","context":"In &quot;Not\u00edcias de Ribeir\u00e3o Preto-SP e Regi\u00e3o&quot;","block_context":{"text":"Not\u00edcias de Ribeir\u00e3o Preto-SP e Regi\u00e3o","link":"https:\/\/noticiasribeiraopreto.com.br\/index.php\/category\/noticias-de-ribeirao-preto-sp-e-regiao-ismael-colosi\/"},"img":{"alt_text":"","src":"https:\/\/i0.wp.com\/noticiasribeiraopreto.com.br\/wp-content\/uploads\/2024\/12\/carreata-coca-cola.jpg?fit=1200%2C675&ssl=1&resize=350%2C200","width":350,"height":200,"srcset":"https:\/\/i0.wp.com\/noticiasribeiraopreto.com.br\/wp-content\/uploads\/2024\/12\/carreata-coca-cola.jpg?fit=1200%2C675&ssl=1&resize=350%2C200 1x, https:\/\/i0.wp.com\/noticiasribeiraopreto.com.br\/wp-content\/uploads\/2024\/12\/carreata-coca-cola.jpg?fit=1200%2C675&ssl=1&resize=525%2C300 1.5x, https:\/\/i0.wp.com\/noticiasribeiraopreto.com.br\/wp-content\/uploads\/2024\/12\/carreata-coca-cola.jpg?fit=1200%2C675&ssl=1&resize=700%2C400 2x, https:\/\/i0.wp.com\/noticiasribeiraopreto.com.br\/wp-content\/uploads\/2024\/12\/carreata-coca-cola.jpg?fit=1200%2C675&ssl=1&resize=1050%2C600 3x"},"classes":[]},{"id":5893,"url":"https:\/\/noticiasribeiraopreto.com.br\/index.php\/2023\/11\/24\/veja-qual-sera-o-trajeto-da-caravana-de-natal-da-coca-cola-em-ribeirao-preto\/","url_meta":{"origin":81014,"position":3},"title":"Veja qual ser\u00e1 o trajeto da Caravana de Natal da Coca-Cola em Ribeir\u00e3o Preto","author":"noticiasribeiraopreto.com.br","date":"24 de November de 2023","format":false,"excerpt":"A Caravana de Natal da Coca-Cola vai passar por Ribeir\u00e3o Preto at\u00e9 o dia 21 de dezembro em diversos pontos da cidade. De acordo com a empresa, ser\u00e3o cinco caminh\u00f5es iluminados que percorreram o munic\u00edpio em tr\u00eas datas diferentes. Neste ano, o tema central da campanha \u2018Desperte o Papai Noel\u2026","rel":"","context":"In &quot;Not\u00edcias de Ribeir\u00e3o Preto-SP e Regi\u00e3o&quot;","block_context":{"text":"Not\u00edcias de Ribeir\u00e3o Preto-SP e Regi\u00e3o","link":"https:\/\/noticiasribeiraopreto.com.br\/index.php\/category\/noticias-de-ribeirao-preto-sp-e-regiao-ismael-colosi\/"},"img":{"alt_text":"","src":"https:\/\/i0.wp.com\/noticiasribeiraopreto.com.br\/wp-content\/uploads\/2023\/11\/cxpia_de_tamanho_exato_para_fotos_no_sistema_novo.jpg?fit=1200%2C675&ssl=1&resize=350%2C200","width":350,"height":200,"srcset":"https:\/\/i0.wp.com\/noticiasribeiraopreto.com.br\/wp-content\/uploads\/2023\/11\/cxpia_de_tamanho_exato_para_fotos_no_sistema_novo.jpg?fit=1200%2C675&ssl=1&resize=350%2C200 1x, https:\/\/i0.wp.com\/noticiasribeiraopreto.com.br\/wp-content\/uploads\/2023\/11\/cxpia_de_tamanho_exato_para_fotos_no_sistema_novo.jpg?fit=1200%2C675&ssl=1&resize=525%2C300 1.5x, https:\/\/i0.wp.com\/noticiasribeiraopreto.com.br\/wp-content\/uploads\/2023\/11\/cxpia_de_tamanho_exato_para_fotos_no_sistema_novo.jpg?fit=1200%2C675&ssl=1&resize=700%2C400 2x, https:\/\/i0.wp.com\/noticiasribeiraopreto.com.br\/wp-content\/uploads\/2023\/11\/cxpia_de_tamanho_exato_para_fotos_no_sistema_novo.jpg?fit=1200%2C675&ssl=1&resize=1050%2C600 3x"},"classes":[]},{"id":79833,"url":"https:\/\/noticiasribeiraopreto.com.br\/index.php\/2025\/11\/08\/ribeirao-preto-recebe-caravana-de-natal-da-coca-cola-confira-o-trajeto\/","url_meta":{"origin":81014,"position":4},"title":"Ribeir\u00e3o Preto recebe Caravana de Natal da Coca-Cola; Confira o trajeto","author":"noticiasribeiraopreto.com.br","date":"8 de November de 2025","format":false,"excerpt":"Ribeir\u00e3o Preto e regi\u00e3o recebem os tradicionais caminh\u00f5es decorados, iluminados e com o Papai Noel da Caravana de Natal da Coca-Cola, entre os dias 26 de novembro e 23 de dezembro. A caravana integra as a\u00e7\u00f5es da empresa para as festividades de fim de ano. A programa\u00e7\u00e3o completa pode ser\u2026","rel":"","context":"In &quot;Not\u00edcias de Ribeir\u00e3o Preto-SP e Regi\u00e3o&quot;","block_context":{"text":"Not\u00edcias de Ribeir\u00e3o Preto-SP e Regi\u00e3o","link":"https:\/\/noticiasribeiraopreto.com.br\/index.php\/category\/noticias-de-ribeirao-preto-sp-e-regiao-ismael-colosi\/"},"img":{"alt_text":"","src":"https:\/\/i0.wp.com\/noticiasribeiraopreto.com.br\/wp-content\/uploads\/2025\/11\/carreata-coca-cola.jpg?fit=1200%2C675&ssl=1&resize=350%2C200","width":350,"height":200,"srcset":"https:\/\/i0.wp.com\/noticiasribeiraopreto.com.br\/wp-content\/uploads\/2025\/11\/carreata-coca-cola.jpg?fit=1200%2C675&ssl=1&resize=350%2C200 1x, https:\/\/i0.wp.com\/noticiasribeiraopreto.com.br\/wp-content\/uploads\/2025\/11\/carreata-coca-cola.jpg?fit=1200%2C675&ssl=1&resize=525%2C300 1.5x, https:\/\/i0.wp.com\/noticiasribeiraopreto.com.br\/wp-content\/uploads\/2025\/11\/carreata-coca-cola.jpg?fit=1200%2C675&ssl=1&resize=700%2C400 2x, https:\/\/i0.wp.com\/noticiasribeiraopreto.com.br\/wp-content\/uploads\/2025\/11\/carreata-coca-cola.jpg?fit=1200%2C675&ssl=1&resize=1050%2C600 3x"},"classes":[]},{"id":60952,"url":"https:\/\/noticiasribeiraopreto.com.br\/index.php\/2024\/11\/29\/caravana-de-natal-da-coca-cola-passa-por-cidades-da-regiao-de-ribeirao-veja-quais\/","url_meta":{"origin":81014,"position":5},"title":"Caravana de Natal da Coca-Cola passa por cidades da regi\u00e3o de Ribeir\u00e3o; Veja quais","author":"noticiasribeiraopreto.com.br","date":"29 de November de 2024","format":false,"excerpt":"A Caravana de Natal da Coca-Cola \u00e9 uma tradi\u00e7\u00e3o em diversas cidades da regi\u00e3o de Ribeir\u00e3o Preto. Nesta sexta-feira (29), o munic\u00edpio de Jaboticabal \u00e9 quem recebe o comboio iluminado \u2013 veja o trajeto abaixo. Com o tema \u201cDesperte o Papai Noel que h\u00e1 em Voc\u00ea\u201d, o desfile acontece sempre\u2026","rel":"","context":"In &quot;Not\u00edcias de Ribeir\u00e3o Preto-SP e Regi\u00e3o&quot;","block_context":{"text":"Not\u00edcias de Ribeir\u00e3o Preto-SP e Regi\u00e3o","link":"https:\/\/noticiasribeiraopreto.com.br\/index.php\/category\/noticias-de-ribeirao-preto-sp-e-regiao-ismael-colosi\/"},"img":{"alt_text":"","src":"https:\/\/i0.wp.com\/noticiasribeiraopreto.com.br\/wp-content\/uploads\/2024\/11\/Copia-de-Copia-de-Copia-de-TAMANHO-EXATO-PARA-FOTOS-NO-SISTEMA-NOVO-2024-11-29T164936.356_2024-11-29_19-49-42_png_2024-11-29_19-49-42.webp.webp?fit=1200%2C675&ssl=1&resize=350%2C200","width":350,"height":200,"srcset":"https:\/\/i0.wp.com\/noticiasribeiraopreto.com.br\/wp-content\/uploads\/2024\/11\/Copia-de-Copia-de-Copia-de-TAMANHO-EXATO-PARA-FOTOS-NO-SISTEMA-NOVO-2024-11-29T164936.356_2024-11-29_19-49-42_png_2024-11-29_19-49-42.webp.webp?fit=1200%2C675&ssl=1&resize=350%2C200 1x, https:\/\/i0.wp.com\/noticiasribeiraopreto.com.br\/wp-content\/uploads\/2024\/11\/Copia-de-Copia-de-Copia-de-TAMANHO-EXATO-PARA-FOTOS-NO-SISTEMA-NOVO-2024-11-29T164936.356_2024-11-29_19-49-42_png_2024-11-29_19-49-42.webp.webp?fit=1200%2C675&ssl=1&resize=525%2C300 1.5x, https:\/\/i0.wp.com\/noticiasribeiraopreto.com.br\/wp-content\/uploads\/2024\/11\/Copia-de-Copia-de-Copia-de-TAMANHO-EXATO-PARA-FOTOS-NO-SISTEMA-NOVO-2024-11-29T164936.356_2024-11-29_19-49-42_png_2024-11-29_19-49-42.webp.webp?fit=1200%2C675&ssl=1&resize=700%2C400 2x, https:\/\/i0.wp.com\/noticiasribeiraopreto.com.br\/wp-content\/uploads\/2024\/11\/Copia-de-Copia-de-Copia-de-TAMANHO-EXATO-PARA-FOTOS-NO-SISTEMA-NOVO-2024-11-29T164936.356_2024-11-29_19-49-42_png_2024-11-29_19-49-42.webp.webp?fit=1200%2C675&ssl=1&resize=1050%2C600 3x"},"classes":[]}],"jetpack_sharing_enabled":true,"jetpack_shortlink":"https:\/\/wp.me\/peQAOb-l4G","_links":{"self":[{"href":"https:\/\/noticiasribeiraopreto.com.br\/index.php\/wp-json\/wp\/v2\/posts\/81014","targetHints":{"allow":["GET"]}}],"collection":[{"href":"https:\/\/noticiasribeiraopreto.com.br\/index.php\/wp-json\/wp\/v2\/posts"}],"about":[{"href":"https:\/\/noticiasribeiraopreto.com.br\/index.php\/wp-json\/wp\/v2\/types\/post"}],"author":[{"embeddable":true,"href":"https:\/\/noticiasribeiraopreto.com.br\/index.php\/wp-json\/wp\/v2\/users\/1"}],"replies":[{"embeddable":true,"href":"https:\/\/noticiasribeiraopreto.com.br\/index.php\/wp-json\/wp\/v2\/comments?post=81014"}],"version-history":[{"count":0,"href":"https:\/\/noticiasribeiraopreto.com.br\/index.php\/wp-json\/wp\/v2\/posts\/81014\/revisions"}],"wp:featuredmedia":[{"embeddable":true,"href":"https:\/\/noticiasribeiraopreto.com.br\/index.php\/wp-json\/wp\/v2\/media\/80764"}],"wp:attachment":[{"href":"https:\/\/noticiasribeiraopreto.com.br\/index.php\/wp-json\/wp\/v2\/media?parent=81014"}],"wp:term":[{"taxonomy":"category","embeddable":true,"href":"https:\/\/noticiasribeiraopreto.com.br\/index.php\/wp-json\/wp\/v2\/categories?post=81014"},{"taxonomy":"post_tag","embeddable":true,"href":"https:\/\/noticiasribeiraopreto.com.br\/index.php\/wp-json\/wp\/v2\/tags?post=81014"}],"curies":[{"name":"wp","href":"https:\/\/api.w.org\/{rel}","templated":true}]}}