{"id":81015,"date":"2025-12-21T06:33:39","date_gmt":"2025-12-21T09:33:39","guid":{"rendered":"https:\/\/noticiasribeiraopreto.com.br\/index.php\/2025\/12\/21\/acidente-entre-carretas-interdita-rodovia-anhanguera-no-interior-de-sp\/"},"modified":"2025-12-21T06:33:39","modified_gmt":"2025-12-21T09:33:39","slug":"acidente-entre-carretas-interdita-rodovia-anhanguera-no-interior-de-sp","status":"publish","type":"post","link":"https:\/\/noticiasribeiraopreto.com.br\/index.php\/2025\/12\/21\/acidente-entre-carretas-interdita-rodovia-anhanguera-no-interior-de-sp\/","title":{"rendered":"Acidente entre carretas interdita rodovia Anhanguera no interior de SP"},"content":{"rendered":"<div class='code-block code-block-1' style='margin: 8px 0 8px auto; text-align: right; display: block; clear: both;'>\n<p><a href=\"https:\/\/wa.link\/vpicfd\"><img data-recalc-dims=\"1\" class=\"wp-image-4922\" style=\"aspect-ratio: 2.0253164556962027; width: 561px; height: auto;\" src=\"https:\/\/i0.wp.com\/ismaelcolosi.com.br\/wp-content\/uploads\/2023\/11\/grupo-de-empregos-whatsapp-e-facebook-ismael-colosi-vagas.jpg?ssl=1\" alt=\"\" \/><\/a><\/p>\n<!-- \/wp:image -->\n<\/div>\n<p> <br \/>\n<\/p>\n<div data-td-block-uid=\"tdi_95\">\n<div class=\"tdb-block-inner td-fix-index\">\n<p>Um acidente envolvendo <strong>duas carretas<\/strong> provocou a <strong>interdi\u00e7\u00e3o parcial da rodovia Anhanguera (SP-330)<\/strong> na tarde deste s\u00e1bado (20), em Ribeir\u00e3o Preto.<\/p>\n<p>De acordo com as informa\u00e7\u00f5es da <strong>Arteris Via Paulista<\/strong>, a colis\u00e3o traseira ocorreu no km 309, no sentido Norte da via. <strong>Ainda n\u00e3o se sabe a din\u00e2mica do acidente.<\/strong><\/p>\n<p><mark style=\"background-color:#fcb900\" class=\"has-inline-color\">Apesar do susto, n\u00e3o h\u00e1 registro de v\u00edtimas.<\/mark> Ainda de acordo com as informa\u00e7\u00f5es apurada, um dos ve\u00edculos estava carregado com produto perigoso. Houve derramamento de uma <strong>pequena quantidade de l\u00edquido<\/strong> e, por esse motivo, foi <strong>necess\u00e1ria a interdi\u00e7\u00e3o da faixa 2<\/strong> para o atendimento da ocorr\u00eancia. Equipes de apoio e resgate foram acionadas para o local.<\/p>\n<h2 class=\"wp-block-heading\"><strong>Outro acidente<\/strong><\/h2>\n<p>Ainda de acordo com a <strong>Arteris<\/strong>, poucos metros \u00e0 frente, no km 310, outro acidente foi registrado, desta vez envolvendo um <strong>carro <\/strong>e uma <strong>carreta<\/strong>.<\/p>\n<p><strong>Uma v\u00edtima leve foi socorrida e encaminhada para o Hospital Unimed Ribeir\u00e3o Preto.<\/strong> Foi necess\u00e1rio interditar a faixa esquerda e, segundo a concession\u00e1ria, h\u00e1 fila de 3 quil\u00f4metros no local.<\/p>\n<hr class=\"wp-block-separator has-alpha-channel-opacity\"\/>\n<p>SAIBA MAIS<\/p>\n<p>Influenciador investigado por manobras arriscadas em rodovias de Ribeir\u00e3o Preto \u00e9 solto<\/p>\n<h2 class=\"wp-block-heading\"><strong>FIQUE ON<\/strong><\/h2>\n<p>Fique ligado em tudo que acontece em Ribeir\u00e3o Preto e regi\u00e3o. Siga os perfis do\u00a0<strong>acidade on<\/strong>\u00a0no<a href=\"https:\/\/www.instagram.com\/acidadeonribeirao\" target=\"_blank\" rel=\"noreferrer noopener\">\u00a0Instagram\u00a0<\/a>e no\u00a0<a href=\"https:\/\/www.facebook.com\/acidadeonribeirao\/\" target=\"_blank\" rel=\"noreferrer noopener\">Facebook<\/a>.<\/p>\n<p>Receba not\u00edcias do\u00a0<strong>acidade on<\/strong>\u00a0no WhatsApp. Para entrar no grupo,\u00a0basta\u00a0<a href=\"https:\/\/chat.whatsapp.com\/GFH9HUMUTHNFJdnyEd0xxq\" target=\"_blank\" rel=\"noreferrer noopener\">clicar aqui<\/a>. Ou, acesse o nosso\u00a0Canal\u00a0<a href=\"https:\/\/whatsapp.com\/channel\/0029Vb6IQl1JENyAeS57fk2p\" target=\"_blank\" rel=\"noreferrer noopener\">clicando aqui<\/a>.<\/p>\n<p>Fa\u00e7a uma den\u00fancia ou sugira uma reportagem sobre Ribeir\u00e3o Preto e regi\u00e3o pelo WhatsApp: 16 99117 7802.<\/p>\n<p>VEJA TAMB\u00c9M<\/p>\n<p>Sorvete de pitanga; aprenda receita<\/p>\n<p><!-- AI CONTENT END 1 -->\n<\/div>\n<\/div>\n<p><script async src=\"\/\/www.instagram.com\/embed.js\"><\/script><br \/>\n<br \/><br \/>\n<br \/><a href=\"https:\/\/www.acidadeon.com\/ribeiraopreto\/cotidiano\/acidente-entre-carretas-interdita-rodovia-anhanguera-no-interior-de-sp\/\">Source link <\/a><\/p>\n<!-- CONTENT END 1 -->\n","protected":false},"excerpt":{"rendered":"<p>Um acidente envolvendo duas carretas provocou a interdi\u00e7\u00e3o parcial da rodovia Anhanguera (SP-330) na tarde deste s\u00e1bado (20), em Ribeir\u00e3o Preto. De acordo com as&#8230;<\/p>\n","protected":false},"author":1,"featured_media":81016,"comment_status":"open","ping_status":"open","sticky":false,"template":"","format":"standard","meta":{"advanced_seo_description":"","jetpack_seo_html_title":"","jetpack_seo_noindex":false,"jetpack_post_was_ever_published":false,"_jetpack_newsletter_access":"","_jetpack_dont_email_post_to_subs":false,"_jetpack_newsletter_tier_id":0,"_jetpack_memberships_contains_paywalled_content":false,"_jetpack_memberships_contains_paid_content":false,"footnotes":"","jetpack_publicize_message":"","jetpack_publicize_feature_enabled":true,"jetpack_social_post_already_shared":true,"jetpack_social_options":{"image_generator_settings":{"template":"highway","default_image_id":0,"font":"","enabled":false},"version":2}},"categories":[11],"tags":[],"class_list":["post-81015","post","type-post","status-publish","format-standard","has-post-thumbnail","hentry","category-noticias-de-ribeirao-preto-sp-e-regiao-ismael-colosi"],"jetpack_publicize_connections":[],"jetpack_featured_media_url":"https:\/\/i0.wp.com\/noticiasribeiraopreto.com.br\/wp-content\/uploads\/2025\/12\/domingo-17_2025-12-20_17-47-27.webp.webp?fit=1200%2C675&ssl=1","jetpack-related-posts":[{"id":74719,"url":"https:\/\/noticiasribeiraopreto.com.br\/index.php\/2025\/07\/28\/acidente-entre-carretas-provoca-interdicao-de-faixa-na-anhanguera\/","url_meta":{"origin":81015,"position":0},"title":"Acidente entre carretas provoca interdi\u00e7\u00e3o de faixa na Anhanguera","author":"noticiasribeiraopreto.com.br","date":"28 de July de 2025","format":false,"excerpt":"Uma carreta bateu na traseira de outra no final da manh\u00e3 desta segunda-feira (28) na rodovia Anhanguera, em Cravinhos, na regi\u00e3o de Ribeir\u00e3o Preto. A colis\u00e3o aconteceu na altura do quil\u00f4metro 294, no sentido Sul (Interior-Capital). O acidente entre os caminh\u00f5es aconteceu no mesmo lugar de outra colis\u00e3o que bloqueou\u2026","rel":"","context":"In &quot;Not\u00edcias de Ribeir\u00e3o Preto-SP e Regi\u00e3o&quot;","block_context":{"text":"Not\u00edcias de Ribeir\u00e3o Preto-SP e Regi\u00e3o","link":"https:\/\/noticiasribeiraopreto.com.br\/index.php\/category\/noticias-de-ribeirao-preto-sp-e-regiao-ismael-colosi\/"},"img":{"alt_text":"","src":"https:\/\/i0.wp.com\/noticiasribeiraopreto.com.br\/wp-content\/uploads\/2025\/07\/acidente-anhanguera_2025-07-28_15-47-50.webp.webp?fit=1200%2C768&ssl=1&resize=350%2C200","width":350,"height":200,"srcset":"https:\/\/i0.wp.com\/noticiasribeiraopreto.com.br\/wp-content\/uploads\/2025\/07\/acidente-anhanguera_2025-07-28_15-47-50.webp.webp?fit=1200%2C768&ssl=1&resize=350%2C200 1x, https:\/\/i0.wp.com\/noticiasribeiraopreto.com.br\/wp-content\/uploads\/2025\/07\/acidente-anhanguera_2025-07-28_15-47-50.webp.webp?fit=1200%2C768&ssl=1&resize=525%2C300 1.5x, https:\/\/i0.wp.com\/noticiasribeiraopreto.com.br\/wp-content\/uploads\/2025\/07\/acidente-anhanguera_2025-07-28_15-47-50.webp.webp?fit=1200%2C768&ssl=1&resize=700%2C400 2x, https:\/\/i0.wp.com\/noticiasribeiraopreto.com.br\/wp-content\/uploads\/2025\/07\/acidente-anhanguera_2025-07-28_15-47-50.webp.webp?fit=1200%2C768&ssl=1&resize=1050%2C600 3x"},"classes":[]},{"id":69494,"url":"https:\/\/noticiasribeiraopreto.com.br\/index.php\/2025\/05\/06\/acidente-de-transito-deixa-rodovia-anhanguera-parcialmente-interditada-em-ribeirao\/","url_meta":{"origin":81015,"position":1},"title":"Acidente de tr\u00e2nsito deixa rodovia Anhanguera parcialmente interditada em Ribeir\u00e3o","author":"noticiasribeiraopreto.com.br","date":"6 de May de 2025","format":false,"excerpt":"Um acidente de tr\u00e2nsito provocou a interdi\u00e7\u00e3o de parte da rodovia Anhanguera (SP-330), pr\u00f3ximo ao km 308, em Ribeir\u00e3o Preto, na noite desta ter\u00e7a-feira (6). De acordo com as primeiras informa\u00e7\u00f5es do CCI (Centro de Controle de Informa\u00e7\u00f5es) da Artesp, trata-se de uma colis\u00e3o envolvendo um \u00f4nibus, uma moto, um\u2026","rel":"","context":"In &quot;Not\u00edcias de Ribeir\u00e3o Preto-SP e Regi\u00e3o&quot;","block_context":{"text":"Not\u00edcias de Ribeir\u00e3o Preto-SP e Regi\u00e3o","link":"https:\/\/noticiasribeiraopreto.com.br\/index.php\/category\/noticias-de-ribeirao-preto-sp-e-regiao-ismael-colosi\/"},"img":{"alt_text":"","src":"https:\/\/i0.wp.com\/noticiasribeiraopreto.com.br\/wp-content\/uploads\/2025\/05\/download-18_2025-05-06_21-57-06.webp.webp?fit=640%2C352&ssl=1&resize=350%2C200","width":350,"height":200,"srcset":"https:\/\/i0.wp.com\/noticiasribeiraopreto.com.br\/wp-content\/uploads\/2025\/05\/download-18_2025-05-06_21-57-06.webp.webp?fit=640%2C352&ssl=1&resize=350%2C200 1x, https:\/\/i0.wp.com\/noticiasribeiraopreto.com.br\/wp-content\/uploads\/2025\/05\/download-18_2025-05-06_21-57-06.webp.webp?fit=640%2C352&ssl=1&resize=525%2C300 1.5x"},"classes":[]},{"id":84354,"url":"https:\/\/noticiasribeiraopreto.com.br\/index.php\/2026\/04\/08\/acidente-envolve-carreta-na-anhanguera-na-regiao-de-ribeirao-preto\/","url_meta":{"origin":81015,"position":2},"title":"Acidente envolve carreta na Anhanguera na regi\u00e3o de Ribeir\u00e3o Preto","author":"noticiasribeiraopreto.com.br","date":"8 de April de 2026","format":false,"excerpt":"Ler o resumo da not\u00edcia Acidente envolvendo uma carreta ocorreu na rodovia Anhanguera (SP-330), em Orl\u00e2ndia, a 50 km de Ribeir\u00e3o Preto, nesta quarta-feira (8). A carreta com um cont\u00eainer tombou na pista sentido norte (interior), e equipes da concession\u00e1ria Entrevias atuam no local. A rodovia ficou interdida por uma\u2026","rel":"","context":"In &quot;Not\u00edcias de Ribeir\u00e3o Preto-SP e Regi\u00e3o&quot;","block_context":{"text":"Not\u00edcias de Ribeir\u00e3o Preto-SP e Regi\u00e3o","link":"https:\/\/noticiasribeiraopreto.com.br\/index.php\/category\/noticias-de-ribeirao-preto-sp-e-regiao-ismael-colosi\/"},"img":{"alt_text":"","src":"https:\/\/i0.wp.com\/noticiasribeiraopreto.com.br\/wp-content\/uploads\/2026\/04\/WhatsApp-Image-2026-04-08-at-07.52.54_2026-04-08_11-04-57.webp.webp?fit=1200%2C900&ssl=1&resize=350%2C200","width":350,"height":200,"srcset":"https:\/\/i0.wp.com\/noticiasribeiraopreto.com.br\/wp-content\/uploads\/2026\/04\/WhatsApp-Image-2026-04-08-at-07.52.54_2026-04-08_11-04-57.webp.webp?fit=1200%2C900&ssl=1&resize=350%2C200 1x, https:\/\/i0.wp.com\/noticiasribeiraopreto.com.br\/wp-content\/uploads\/2026\/04\/WhatsApp-Image-2026-04-08-at-07.52.54_2026-04-08_11-04-57.webp.webp?fit=1200%2C900&ssl=1&resize=525%2C300 1.5x, https:\/\/i0.wp.com\/noticiasribeiraopreto.com.br\/wp-content\/uploads\/2026\/04\/WhatsApp-Image-2026-04-08-at-07.52.54_2026-04-08_11-04-57.webp.webp?fit=1200%2C900&ssl=1&resize=700%2C400 2x, https:\/\/i0.wp.com\/noticiasribeiraopreto.com.br\/wp-content\/uploads\/2026\/04\/WhatsApp-Image-2026-04-08-at-07.52.54_2026-04-08_11-04-57.webp.webp?fit=1200%2C900&ssl=1&resize=1050%2C600 3x"},"classes":[]},{"id":76791,"url":"https:\/\/noticiasribeiraopreto.com.br\/index.php\/2025\/09\/05\/morre-motorista-envolvido-em-acidente-na-rodovia-anhanguera\/","url_meta":{"origin":81015,"position":3},"title":"Morre motorista envolvido em acidente na rodovia Anhanguera","author":"noticiasribeiraopreto.com.br","date":"5 de September de 2025","format":false,"excerpt":"Morreu o motorista envolvido em um acidente de tr\u00e2nsito na rodovia Anhanguera (SP-330), em S\u00e3o Sim\u00e3o, na regi\u00e3o de Ribeir\u00e3o Preto, na manh\u00e3 desta sexta-feira (05). Ainda n\u00e3o h\u00e1 informa\u00e7\u00f5es sobre a identidade da v\u00edtima. Segundo o CCI (Centro de Controle de Informa\u00e7\u00f5es) da Artesp, uma faixa de rolamento e\u2026","rel":"","context":"In &quot;Not\u00edcias de Ribeir\u00e3o Preto-SP e Regi\u00e3o&quot;","block_context":{"text":"Not\u00edcias de Ribeir\u00e3o Preto-SP e Regi\u00e3o","link":"https:\/\/noticiasribeiraopreto.com.br\/index.php\/category\/noticias-de-ribeirao-preto-sp-e-regiao-ismael-colosi\/"},"img":{"alt_text":"","src":"https:\/\/i0.wp.com\/noticiasribeiraopreto.com.br\/wp-content\/uploads\/2025\/09\/Copia-de-Copia-de-Copia-de-TAMANHO-EXATO-PARA-FOTOS-NO-SISTEMA-NOVO-2025-09-05T081412.762_2025-09-05_11-14-23.webp.webp?fit=1200%2C675&ssl=1&resize=350%2C200","width":350,"height":200,"srcset":"https:\/\/i0.wp.com\/noticiasribeiraopreto.com.br\/wp-content\/uploads\/2025\/09\/Copia-de-Copia-de-Copia-de-TAMANHO-EXATO-PARA-FOTOS-NO-SISTEMA-NOVO-2025-09-05T081412.762_2025-09-05_11-14-23.webp.webp?fit=1200%2C675&ssl=1&resize=350%2C200 1x, https:\/\/i0.wp.com\/noticiasribeiraopreto.com.br\/wp-content\/uploads\/2025\/09\/Copia-de-Copia-de-Copia-de-TAMANHO-EXATO-PARA-FOTOS-NO-SISTEMA-NOVO-2025-09-05T081412.762_2025-09-05_11-14-23.webp.webp?fit=1200%2C675&ssl=1&resize=525%2C300 1.5x, https:\/\/i0.wp.com\/noticiasribeiraopreto.com.br\/wp-content\/uploads\/2025\/09\/Copia-de-Copia-de-Copia-de-TAMANHO-EXATO-PARA-FOTOS-NO-SISTEMA-NOVO-2025-09-05T081412.762_2025-09-05_11-14-23.webp.webp?fit=1200%2C675&ssl=1&resize=700%2C400 2x, https:\/\/i0.wp.com\/noticiasribeiraopreto.com.br\/wp-content\/uploads\/2025\/09\/Copia-de-Copia-de-Copia-de-TAMANHO-EXATO-PARA-FOTOS-NO-SISTEMA-NOVO-2025-09-05T081412.762_2025-09-05_11-14-23.webp.webp?fit=1200%2C675&ssl=1&resize=1050%2C600 3x"},"classes":[]},{"id":73122,"url":"https:\/\/noticiasribeiraopreto.com.br\/index.php\/2025\/06\/25\/acidente-interdita-totalmente-a-rodovia-anhanguera-e-causa-congestionamento\/","url_meta":{"origin":81015,"position":4},"title":"Acidente interdita totalmente a rodovia Anhanguera e causa congestionamento","author":"noticiasribeiraopreto.com.br","date":"25 de June de 2025","format":false,"excerpt":"Um acidente envolvendo uma carreta, na rodovia Anhanguera (SP-330), em Cravinhos, regi\u00e3o de Ribeir\u00e3o Preto, interditou completamente a pista norte no km 301, na tarde desta quarta-feira (25). De acordo com informa\u00e7\u00f5es da Artesp, o bloqueio teve in\u00edcio por volta das 14h e permanece ativo. A pista dupla no sentido\u2026","rel":"","context":"In &quot;Not\u00edcias de Ribeir\u00e3o Preto-SP e Regi\u00e3o&quot;","block_context":{"text":"Not\u00edcias de Ribeir\u00e3o Preto-SP e Regi\u00e3o","link":"https:\/\/noticiasribeiraopreto.com.br\/index.php\/category\/noticias-de-ribeirao-preto-sp-e-regiao-ismael-colosi\/"},"img":{"alt_text":"","src":"https:\/\/i0.wp.com\/noticiasribeiraopreto.com.br\/wp-content\/uploads\/2025\/06\/Copia-de-Copia-de-Copia-de-TAMANHO-EXATO-PARA-FOTOS-NO-SISTEMA-NOVO-2025-06-25T153815.503_2025-06-25_18-38-48.webp.webp?fit=1200%2C675&ssl=1&resize=350%2C200","width":350,"height":200,"srcset":"https:\/\/i0.wp.com\/noticiasribeiraopreto.com.br\/wp-content\/uploads\/2025\/06\/Copia-de-Copia-de-Copia-de-TAMANHO-EXATO-PARA-FOTOS-NO-SISTEMA-NOVO-2025-06-25T153815.503_2025-06-25_18-38-48.webp.webp?fit=1200%2C675&ssl=1&resize=350%2C200 1x, https:\/\/i0.wp.com\/noticiasribeiraopreto.com.br\/wp-content\/uploads\/2025\/06\/Copia-de-Copia-de-Copia-de-TAMANHO-EXATO-PARA-FOTOS-NO-SISTEMA-NOVO-2025-06-25T153815.503_2025-06-25_18-38-48.webp.webp?fit=1200%2C675&ssl=1&resize=525%2C300 1.5x, https:\/\/i0.wp.com\/noticiasribeiraopreto.com.br\/wp-content\/uploads\/2025\/06\/Copia-de-Copia-de-Copia-de-TAMANHO-EXATO-PARA-FOTOS-NO-SISTEMA-NOVO-2025-06-25T153815.503_2025-06-25_18-38-48.webp.webp?fit=1200%2C675&ssl=1&resize=700%2C400 2x, https:\/\/i0.wp.com\/noticiasribeiraopreto.com.br\/wp-content\/uploads\/2025\/06\/Copia-de-Copia-de-Copia-de-TAMANHO-EXATO-PARA-FOTOS-NO-SISTEMA-NOVO-2025-06-25T153815.503_2025-06-25_18-38-48.webp.webp?fit=1200%2C675&ssl=1&resize=1050%2C600 3x"},"classes":[]},{"id":47776,"url":"https:\/\/noticiasribeiraopreto.com.br\/index.php\/2024\/04\/28\/carreta-pega-fogo-apos-acidente-na-rodovia-anhanguera-na-regiao-de-ribeirao-preto\/","url_meta":{"origin":81015,"position":5},"title":"Carreta pega fogo ap\u00f3s acidente na rodovia Anhanguera na regi\u00e3o de Ribeir\u00e3o Preto","author":"noticiasribeiraopreto.com.br","date":"28 de April de 2024","format":false,"excerpt":"Um acidente ocorrido no final da manh\u00e3 deste domingo (28) provocou a interdi\u00e7\u00e3o da rodovia Anhanguera (SP-330) pr\u00f3ximo ao km 240, em Santa Rita do Passa Quatro, cidade a aproximadamente 80 quil\u00f4metros de Ribeir\u00e3o Preto. De acordo com a concession\u00e1ria ViaPaulista, equipes foram acionadas para atender uma ocorr\u00eancia de choque\u2026","rel":"","context":"In &quot;Not\u00edcias de Ribeir\u00e3o Preto-SP e Regi\u00e3o&quot;","block_context":{"text":"Not\u00edcias de Ribeir\u00e3o Preto-SP e Regi\u00e3o","link":"https:\/\/noticiasribeiraopreto.com.br\/index.php\/category\/noticias-de-ribeirao-preto-sp-e-regiao-ismael-colosi\/"},"img":{"alt_text":"","src":"https:\/\/i0.wp.com\/noticiasribeiraopreto.com.br\/wp-content\/uploads\/2024\/04\/Copia-de-Copia-de-TAMANHO-EXATO-PARA-FOTOS-NO-SISTEMA-NOVO-16_2024-04-28_17-42-16_png.webp.webp?fit=1200%2C675&ssl=1&resize=350%2C200","width":350,"height":200,"srcset":"https:\/\/i0.wp.com\/noticiasribeiraopreto.com.br\/wp-content\/uploads\/2024\/04\/Copia-de-Copia-de-TAMANHO-EXATO-PARA-FOTOS-NO-SISTEMA-NOVO-16_2024-04-28_17-42-16_png.webp.webp?fit=1200%2C675&ssl=1&resize=350%2C200 1x, https:\/\/i0.wp.com\/noticiasribeiraopreto.com.br\/wp-content\/uploads\/2024\/04\/Copia-de-Copia-de-TAMANHO-EXATO-PARA-FOTOS-NO-SISTEMA-NOVO-16_2024-04-28_17-42-16_png.webp.webp?fit=1200%2C675&ssl=1&resize=525%2C300 1.5x, https:\/\/i0.wp.com\/noticiasribeiraopreto.com.br\/wp-content\/uploads\/2024\/04\/Copia-de-Copia-de-TAMANHO-EXATO-PARA-FOTOS-NO-SISTEMA-NOVO-16_2024-04-28_17-42-16_png.webp.webp?fit=1200%2C675&ssl=1&resize=700%2C400 2x, https:\/\/i0.wp.com\/noticiasribeiraopreto.com.br\/wp-content\/uploads\/2024\/04\/Copia-de-Copia-de-TAMANHO-EXATO-PARA-FOTOS-NO-SISTEMA-NOVO-16_2024-04-28_17-42-16_png.webp.webp?fit=1200%2C675&ssl=1&resize=1050%2C600 3x"},"classes":[]}],"jetpack_sharing_enabled":true,"jetpack_shortlink":"https:\/\/wp.me\/peQAOb-l4H","_links":{"self":[{"href":"https:\/\/noticiasribeiraopreto.com.br\/index.php\/wp-json\/wp\/v2\/posts\/81015","targetHints":{"allow":["GET"]}}],"collection":[{"href":"https:\/\/noticiasribeiraopreto.com.br\/index.php\/wp-json\/wp\/v2\/posts"}],"about":[{"href":"https:\/\/noticiasribeiraopreto.com.br\/index.php\/wp-json\/wp\/v2\/types\/post"}],"author":[{"embeddable":true,"href":"https:\/\/noticiasribeiraopreto.com.br\/index.php\/wp-json\/wp\/v2\/users\/1"}],"replies":[{"embeddable":true,"href":"https:\/\/noticiasribeiraopreto.com.br\/index.php\/wp-json\/wp\/v2\/comments?post=81015"}],"version-history":[{"count":0,"href":"https:\/\/noticiasribeiraopreto.com.br\/index.php\/wp-json\/wp\/v2\/posts\/81015\/revisions"}],"wp:featuredmedia":[{"embeddable":true,"href":"https:\/\/noticiasribeiraopreto.com.br\/index.php\/wp-json\/wp\/v2\/media\/81016"}],"wp:attachment":[{"href":"https:\/\/noticiasribeiraopreto.com.br\/index.php\/wp-json\/wp\/v2\/media?parent=81015"}],"wp:term":[{"taxonomy":"category","embeddable":true,"href":"https:\/\/noticiasribeiraopreto.com.br\/index.php\/wp-json\/wp\/v2\/categories?post=81015"},{"taxonomy":"post_tag","embeddable":true,"href":"https:\/\/noticiasribeiraopreto.com.br\/index.php\/wp-json\/wp\/v2\/tags?post=81015"}],"curies":[{"name":"wp","href":"https:\/\/api.w.org\/{rel}","templated":true}]}}