{"id":81017,"date":"2025-12-21T06:41:27","date_gmt":"2025-12-21T09:41:27","guid":{"rendered":"https:\/\/noticiasribeiraopreto.com.br\/index.php\/2025\/12\/21\/botafogo-estreia-fora-e-recebe-o-palmeiras-na-6a-rodada-do-paulistao-2026-veja-tabela-completa\/"},"modified":"2025-12-21T06:41:27","modified_gmt":"2025-12-21T09:41:27","slug":"botafogo-estreia-fora-e-recebe-o-palmeiras-na-6a-rodada-do-paulistao-2026-veja-tabela-completa","status":"publish","type":"post","link":"https:\/\/noticiasribeiraopreto.com.br\/index.php\/2025\/12\/21\/botafogo-estreia-fora-e-recebe-o-palmeiras-na-6a-rodada-do-paulistao-2026-veja-tabela-completa\/","title":{"rendered":"Botafogo estreia fora e recebe o Palmeiras na 6\u00aa rodada do Paulist\u00e3o 2026; Veja tabela completa"},"content":{"rendered":"<div class='code-block code-block-1' style='margin: 8px 0 8px auto; text-align: right; display: block; clear: both;'>\n<p><a href=\"https:\/\/wa.link\/vpicfd\"><img data-recalc-dims=\"1\" class=\"wp-image-4922\" style=\"aspect-ratio: 2.0253164556962027; width: 561px; height: auto;\" src=\"https:\/\/i0.wp.com\/ismaelcolosi.com.br\/wp-content\/uploads\/2023\/11\/grupo-de-empregos-whatsapp-e-facebook-ismael-colosi-vagas.jpg?ssl=1\" alt=\"\" \/><\/a><\/p>\n<!-- \/wp:image -->\n<\/div>\n<p> <br \/>\n<\/p>\n<div data-td-block-uid=\"tdi_95\">\n<div class=\"tdb-block-inner td-fix-index\">\n<p>O <strong>Botafogo <\/strong>j\u00e1 sabe quando vai enfrentar o <strong>Palmeiras <\/strong>na primeira fase do <strong>Campeonato Paulista de 2026<\/strong>. O duelo contra o time da capital est\u00e1 marcado para o dia <strong>31 de janeiro<\/strong>, \u00e0s 20h30, no est\u00e1dio Santa Cruz\/Arena Nicnet, em <strong>Ribeir\u00e3o Preto<\/strong>.<\/p>\n<p><mark style=\"background-color:#fcb900\" class=\"has-inline-color\">A estreia do <strong>Tricolor<\/strong>, no entanto, acontece fora de casa, no dia 11 de janeiro, \u00e0s 17h, contra o Velo Clube, em Rio Claro<\/mark> \u2013 veja a tabela abaixo. Os detalhes da tabela da primeira fase do <strong>Paulist\u00e3o 2026<\/strong> foram divulgados neste s\u00e1bado (20) pela <strong><a href=\"https:\/\/futebolpaulista.com.br\/Home\/\" target=\"_blank\" data-type=\"link\" data-id=\"https:\/\/futebolpaulista.com.br\/Home\/\" rel=\"noreferrer noopener\">FPF (Federa\u00e7\u00e3o Paulista de Futebol)<\/a><\/strong>.<\/p>\n<p>A competi\u00e7\u00e3o tem in\u00edcio no s\u00e1bado, 10 de janeiro, com quatro partidas, e tem a <strong>8\u00aa e \u00faltima rodada da primeira fase<\/strong> com todos os jogos \u00e0s 20h30 do domingo, 15 de fevereiro.<\/p>\n<p>S\u00e3o Bernardo e Capivariano abrem o Paulist\u00e3o \u00e0s 15h do s\u00e1bado, 10 de janeiro; \u00e0s 16h, o Santos recebe o Novorizontino; enquanto Guarani e Primavera jogam em Campinas \u00e0s 18h30; e Portuguesa e Palmeiras se enfrentam no Canind\u00e9 \u00e0s 20h30.<\/p>\n<h2 class=\"wp-block-heading\"><strong>Confira a tabela do Botafogo na 1\u00aa Fase do Paulist\u00e3o 2026<\/strong><\/h2>\n<ul class=\"wp-block-list\">\n<li>1\u00aa RODADA \u2013 11\/01 \u00e0s 17h \u2013 Velo Clube x Botafogo<\/li>\n<li>2\u00aa RODADA \u2013 15\/01 \u00e0s 19h \u2013 Botafogo x Esporte Clube Noroeste<\/li>\n<li>3\u00aa RODADA \u2013 18\/01 \u00e0s 18h15 \u2013 Red bull Bragantino x Botafogo<\/li>\n<li>4\u00aa RODADA \u2013 22\/01 \u00e0s 20h \u2013 Botafogo x Primavera<\/li>\n<li>5\u00aa RODADA \u2013 25\/01 \u00e0s 18h30 \u2013 Novorizontino x Botafogo<\/li>\n<li>6\u00aa RODADA \u2013 31\/01 \u00e0s 20h30 \u2013 Botafogo x Palmeiras<\/li>\n<li>7\u00aa RODADA \u2013 07\/02 \u00e0s 18h30 \u2013 Guarani x Botafogo<\/li>\n<li>8\u00aa RODADA \u2013 15\/02 \u00e0s 20h30 \u2013 Botafogo x Capivariano<\/li>\n<\/ul>\n<blockquote class=\"instagram-media\" data-instgrm-permalink=\"https:\/\/www.instagram.com\/p\/DSfmaifDggO\/?utm_source=ig_embed&amp;utm_campaign=loading\" data-instgrm-version=\"14\" style=\" background:#FFF; border:0; border-radius:3px; box-shadow:0 0 1px 0 rgba(0,0,0,0.5),0 1px 10px 0 rgba(0,0,0,0.15); margin: 1px; max-width:540px; min-width:326px; padding:0; width:99.375%; width:-webkit-calc(100% - 2px); width:calc(100% - 2px);\"\/>\n<hr class=\"wp-block-separator has-alpha-channel-opacity\"\/>\n<p>SAIBA MAIS<\/p>\n<p>Acidente entre carretas interdita rodovia Anhanguera no interior de SP<\/p>\n<h2 class=\"wp-block-heading\"><strong>FIQUE ON<\/strong><\/h2>\n<p>Fique ligado em tudo que acontece em Ribeir\u00e3o Preto e regi\u00e3o. Siga os perfis do\u00a0<strong>acidade on<\/strong>\u00a0no<a href=\"https:\/\/www.instagram.com\/acidadeonribeirao\" target=\"_blank\" rel=\"noreferrer noopener\">\u00a0Instagram\u00a0<\/a>e no\u00a0<a href=\"https:\/\/www.facebook.com\/acidadeonribeirao\/\" target=\"_blank\" rel=\"noreferrer noopener\">Facebook<\/a>.<\/p>\n<p>Receba not\u00edcias do\u00a0<strong>acidade on<\/strong>\u00a0no WhatsApp. Para entrar no grupo,\u00a0basta\u00a0<a href=\"https:\/\/chat.whatsapp.com\/GFH9HUMUTHNFJdnyEd0xxq\" target=\"_blank\" rel=\"noreferrer noopener\">clicar aqui<\/a>. Ou, acesse o nosso\u00a0Canal\u00a0<a href=\"https:\/\/whatsapp.com\/channel\/0029Vb6IQl1JENyAeS57fk2p\" target=\"_blank\" rel=\"noreferrer noopener\">clicando aqui<\/a>.<\/p>\n<p>Fa\u00e7a uma den\u00fancia ou sugira uma reportagem sobre Ribeir\u00e3o Preto e regi\u00e3o pelo WhatsApp: 16 99117 7802.<\/p>\n<p>VEJA TAMB\u00c9M<\/p>\n<p>Sorvete de pitanga; aprenda receita<\/p>\n<p><!-- AI CONTENT END 1 -->\n<\/div>\n<\/div>\n<p><script async src=\"\/\/www.instagram.com\/embed.js\"><\/script><br \/>\n<br \/><br \/>\n<br \/><a href=\"https:\/\/www.acidadeon.com\/ribeiraopreto\/esportes\/botafogo-estreia-fora-e-recebe-o-palmeiras-na-6a-rodada-do-paulistao-2026-veja-tabela-completa\/\">Source link <\/a><\/p>\n<!-- CONTENT END 1 -->\n","protected":false},"excerpt":{"rendered":"<p>O Botafogo j\u00e1 sabe quando vai enfrentar o Palmeiras na primeira fase do Campeonato Paulista de 2026. O duelo contra o time da capital est\u00e1&#8230;<\/p>\n","protected":false},"author":1,"featured_media":81018,"comment_status":"open","ping_status":"open","sticky":false,"template":"","format":"standard","meta":{"advanced_seo_description":"","jetpack_seo_html_title":"","jetpack_seo_noindex":false,"jetpack_post_was_ever_published":false,"_jetpack_newsletter_access":"","_jetpack_dont_email_post_to_subs":false,"_jetpack_newsletter_tier_id":0,"_jetpack_memberships_contains_paywalled_content":false,"_jetpack_memberships_contains_paid_content":false,"footnotes":"","jetpack_publicize_message":"","jetpack_publicize_feature_enabled":true,"jetpack_social_post_already_shared":true,"jetpack_social_options":{"image_generator_settings":{"template":"highway","default_image_id":0,"font":"","enabled":false},"version":2}},"categories":[11],"tags":[],"class_list":["post-81017","post","type-post","status-publish","format-standard","has-post-thumbnail","hentry","category-noticias-de-ribeirao-preto-sp-e-regiao-ismael-colosi"],"jetpack_publicize_connections":[],"jetpack_featured_media_url":"https:\/\/i0.wp.com\/noticiasribeiraopreto.com.br\/wp-content\/uploads\/2025\/12\/Imagem-do-WhatsApp-de-2025-12-01-as-13.18.24_26a34174_2025-12-01_16-21-16.webp.webp?fit=1200%2C675&ssl=1","jetpack-related-posts":[{"id":61055,"url":"https:\/\/noticiasribeiraopreto.com.br\/index.php\/2024\/12\/02\/botafogo-recebe-o-sao-paulo-em-ribeirao-preto-no-paulistao-estreia-e-fora-de-casa\/","url_meta":{"origin":81017,"position":0},"title":"Botafogo recebe o S\u00e3o Paulo em Ribeir\u00e3o Preto no Paulist\u00e3o; Estreia \u00e9 fora de casa","author":"noticiasribeiraopreto.com.br","date":"2 de December de 2024","format":false,"excerpt":"A FPF (Federa\u00e7\u00e3o Paulista de Futebol) divulgou nesta segunda-feira (2), a tabela do Campeonato Paulista de 2025, com in\u00edcio em 15 de janeiro. O Botafogo vai receber o S\u00e3o Paulo no est\u00e1dio Santa Cruz, em Ribeir\u00e3o Preto. A estreia do Pantera acontece fora de casa, contra o Guarani. A partida\u2026","rel":"","context":"In &quot;Not\u00edcias de Ribeir\u00e3o Preto-SP e Regi\u00e3o&quot;","block_context":{"text":"Not\u00edcias de Ribeir\u00e3o Preto-SP e Regi\u00e3o","link":"https:\/\/noticiasribeiraopreto.com.br\/index.php\/category\/noticias-de-ribeirao-preto-sp-e-regiao-ismael-colosi\/"},"img":{"alt_text":"","src":"https:\/\/i0.wp.com\/noticiasribeiraopreto.com.br\/wp-content\/uploads\/2024\/11\/465744372_1068478434601391_7157362678131287389_n_2024-11-17_16-01-32_jpg_2024-11-17_16-01-32.webp.webp?fit=1080%2C1080&ssl=1&resize=350%2C200","width":350,"height":200,"srcset":"https:\/\/i0.wp.com\/noticiasribeiraopreto.com.br\/wp-content\/uploads\/2024\/11\/465744372_1068478434601391_7157362678131287389_n_2024-11-17_16-01-32_jpg_2024-11-17_16-01-32.webp.webp?fit=1080%2C1080&ssl=1&resize=350%2C200 1x, https:\/\/i0.wp.com\/noticiasribeiraopreto.com.br\/wp-content\/uploads\/2024\/11\/465744372_1068478434601391_7157362678131287389_n_2024-11-17_16-01-32_jpg_2024-11-17_16-01-32.webp.webp?fit=1080%2C1080&ssl=1&resize=525%2C300 1.5x, https:\/\/i0.wp.com\/noticiasribeiraopreto.com.br\/wp-content\/uploads\/2024\/11\/465744372_1068478434601391_7157362678131287389_n_2024-11-17_16-01-32_jpg_2024-11-17_16-01-32.webp.webp?fit=1080%2C1080&ssl=1&resize=700%2C400 2x, https:\/\/i0.wp.com\/noticiasribeiraopreto.com.br\/wp-content\/uploads\/2024\/11\/465744372_1068478434601391_7157362678131287389_n_2024-11-17_16-01-32_jpg_2024-11-17_16-01-32.webp.webp?fit=1080%2C1080&ssl=1&resize=1050%2C600 3x"},"classes":[]},{"id":61992,"url":"https:\/\/noticiasribeiraopreto.com.br\/index.php\/2024\/12\/30\/veja-quando-o-sao-paulo-joga-em-ribeirao-preto-contra-o-botafogo\/","url_meta":{"origin":81017,"position":1},"title":"Veja quando o S\u00e3o Paulo joga em Ribeir\u00e3o Preto contra o Botafogo","author":"noticiasribeiraopreto.com.br","date":"30 de December de 2024","format":false,"excerpt":"A FPF (Federa\u00e7\u00e3o Paulista de Futebol) divulgou a tabela desmembrada da primeira fase do Campeonato Paulista de 2025, nesta segunda-feira (30). Com isso, ficou definido para o dia 20 de janeiro, \u00e0s 20h, a data em que o S\u00e3o Paulo vai jogar em Ribeir\u00e3o Preto contra o Botafogo. A disputa\u2026","rel":"","context":"In &quot;Not\u00edcias de Ribeir\u00e3o Preto-SP e Regi\u00e3o&quot;","block_context":{"text":"Not\u00edcias de Ribeir\u00e3o Preto-SP e Regi\u00e3o","link":"https:\/\/noticiasribeiraopreto.com.br\/index.php\/category\/noticias-de-ribeirao-preto-sp-e-regiao-ismael-colosi\/"},"img":{"alt_text":"","src":"https:\/\/i0.wp.com\/noticiasribeiraopreto.com.br\/wp-content\/uploads\/2024\/12\/WhatsApp-Image-2023-12-20-at-11.55.00.jpeg?fit=1200%2C676&ssl=1&resize=350%2C200","width":350,"height":200,"srcset":"https:\/\/i0.wp.com\/noticiasribeiraopreto.com.br\/wp-content\/uploads\/2024\/12\/WhatsApp-Image-2023-12-20-at-11.55.00.jpeg?fit=1200%2C676&ssl=1&resize=350%2C200 1x, https:\/\/i0.wp.com\/noticiasribeiraopreto.com.br\/wp-content\/uploads\/2024\/12\/WhatsApp-Image-2023-12-20-at-11.55.00.jpeg?fit=1200%2C676&ssl=1&resize=525%2C300 1.5x, https:\/\/i0.wp.com\/noticiasribeiraopreto.com.br\/wp-content\/uploads\/2024\/12\/WhatsApp-Image-2023-12-20-at-11.55.00.jpeg?fit=1200%2C676&ssl=1&resize=700%2C400 2x, https:\/\/i0.wp.com\/noticiasribeiraopreto.com.br\/wp-content\/uploads\/2024\/12\/WhatsApp-Image-2023-12-20-at-11.55.00.jpeg?fit=1200%2C676&ssl=1&resize=1050%2C600 3x"},"classes":[]},{"id":12298,"url":"https:\/\/noticiasribeiraopreto.com.br\/index.php\/2023\/12\/07\/botafogo-recebe-santos-e-corinthians-em-ribeirao-preto-no-paulistao-2024\/","url_meta":{"origin":81017,"position":2},"title":"Botafogo recebe Santos e Corinthians em Ribeir\u00e3o Preto no Paulist\u00e3o 2024","author":"noticiasribeiraopreto.com.br","date":"7 de December de 2023","format":false,"excerpt":"A FPF (Federa\u00e7\u00e3o Paulista de Futebol) divulgou nesta quinta-feira (7) a tabela do Campeonato Paulista de 2024. O Botafogo vai receber o Santos e o Corinthians, no est\u00e1dio Santa Cruz, em Ribeir\u00e3o Preto. A partida contra o Peixe est\u00e1 prevista para o dia 21 de janeiro, contudo a federa\u00e7\u00e3o ainda\u2026","rel":"","context":"In &quot;Not\u00edcias de Ribeir\u00e3o Preto-SP e Regi\u00e3o&quot;","block_context":{"text":"Not\u00edcias de Ribeir\u00e3o Preto-SP e Regi\u00e3o","link":"https:\/\/noticiasribeiraopreto.com.br\/index.php\/category\/noticias-de-ribeirao-preto-sp-e-regiao-ismael-colosi\/"},"img":{"alt_text":"","src":"https:\/\/i0.wp.com\/noticiasribeiraopreto.com.br\/wp-content\/uploads\/2023\/12\/santos-botafogo.jpg?fit=1200%2C675&ssl=1&resize=350%2C200","width":350,"height":200,"srcset":"https:\/\/i0.wp.com\/noticiasribeiraopreto.com.br\/wp-content\/uploads\/2023\/12\/santos-botafogo.jpg?fit=1200%2C675&ssl=1&resize=350%2C200 1x, https:\/\/i0.wp.com\/noticiasribeiraopreto.com.br\/wp-content\/uploads\/2023\/12\/santos-botafogo.jpg?fit=1200%2C675&ssl=1&resize=525%2C300 1.5x, https:\/\/i0.wp.com\/noticiasribeiraopreto.com.br\/wp-content\/uploads\/2023\/12\/santos-botafogo.jpg?fit=1200%2C675&ssl=1&resize=700%2C400 2x, https:\/\/i0.wp.com\/noticiasribeiraopreto.com.br\/wp-content\/uploads\/2023\/12\/santos-botafogo.jpg?fit=1200%2C675&ssl=1&resize=1050%2C600 3x"},"classes":[]},{"id":80827,"url":"https:\/\/noticiasribeiraopreto.com.br\/index.php\/2025\/12\/14\/copinha-2026-times-de-ribeirao-preto-tem-estreia-definida\/","url_meta":{"origin":81017,"position":3},"title":"Copinha 2026: times de Ribeir\u00e3o Preto t\u00eam estreia definida","author":"noticiasribeiraopreto.com.br","date":"14 de December de 2025","format":false,"excerpt":"Os representantes de Ribeir\u00e3o Preto e regi\u00e3o j\u00e1 conhecem datas e hor\u00e1rios das partidas da Copa S\u00e3o Paulo de Futebol J\u00fanior 2026. Comercial, Botafogo e I9-SP entram em campo a partir de 3 de janeiro, distribu\u00eddos em tr\u00eas sedes: Ribeir\u00e3o Preto Brodowsk Cravinhos A Federa\u00e7\u00e3o Paulista de Futebol divulgou na\u2026","rel":"","context":"In &quot;Not\u00edcias de Ribeir\u00e3o Preto-SP e Regi\u00e3o&quot;","block_context":{"text":"Not\u00edcias de Ribeir\u00e3o Preto-SP e Regi\u00e3o","link":"https:\/\/noticiasribeiraopreto.com.br\/index.php\/category\/noticias-de-ribeirao-preto-sp-e-regiao-ismael-colosi\/"},"img":{"alt_text":"","src":"https:\/\/i0.wp.com\/noticiasribeiraopreto.com.br\/wp-content\/uploads\/2025\/12\/Copia-de-Copia-de-Copia-de-TAMANHO-EXATO-PARA-FOTOS-NO-SISTEMA-NOVO-2025-11-25T210951.995_2025-11-26_00-10-33.webp.webp?fit=1200%2C675&ssl=1&resize=350%2C200","width":350,"height":200,"srcset":"https:\/\/i0.wp.com\/noticiasribeiraopreto.com.br\/wp-content\/uploads\/2025\/12\/Copia-de-Copia-de-Copia-de-TAMANHO-EXATO-PARA-FOTOS-NO-SISTEMA-NOVO-2025-11-25T210951.995_2025-11-26_00-10-33.webp.webp?fit=1200%2C675&ssl=1&resize=350%2C200 1x, https:\/\/i0.wp.com\/noticiasribeiraopreto.com.br\/wp-content\/uploads\/2025\/12\/Copia-de-Copia-de-Copia-de-TAMANHO-EXATO-PARA-FOTOS-NO-SISTEMA-NOVO-2025-11-25T210951.995_2025-11-26_00-10-33.webp.webp?fit=1200%2C675&ssl=1&resize=525%2C300 1.5x, https:\/\/i0.wp.com\/noticiasribeiraopreto.com.br\/wp-content\/uploads\/2025\/12\/Copia-de-Copia-de-Copia-de-TAMANHO-EXATO-PARA-FOTOS-NO-SISTEMA-NOVO-2025-11-25T210951.995_2025-11-26_00-10-33.webp.webp?fit=1200%2C675&ssl=1&resize=700%2C400 2x, https:\/\/i0.wp.com\/noticiasribeiraopreto.com.br\/wp-content\/uploads\/2025\/12\/Copia-de-Copia-de-Copia-de-TAMANHO-EXATO-PARA-FOTOS-NO-SISTEMA-NOVO-2025-11-25T210951.995_2025-11-26_00-10-33.webp.webp?fit=1200%2C675&ssl=1&resize=1050%2C600 3x"},"classes":[]},{"id":12899,"url":"https:\/\/noticiasribeiraopreto.com.br\/index.php\/2023\/12\/08\/botafogo-encara-o-santos-na-estreia-do-paulistao\/","url_meta":{"origin":81017,"position":4},"title":"Botafogo encara o Santos na estreia do Paulist\u00e3o\u00a0\u00a0","author":"noticiasribeiraopreto.com.br","date":"8 de December de 2023","format":false,"excerpt":"8 de dezembro de 2023 | 17:308 de dezembro de 2023 | 15:19 0O Botafogo estrear\u00e1 em casa no Campeonato Paulista-2024. A tabela foi divulgada oficialmente pela FPF (Federa\u00e7\u00e3o Paulista de Futebol) na tarde desta quinta-feira (7).\u00a0O primeiro advers\u00e1rio do Tricolor ser\u00e1 o Santos. A princ\u00edpio, a partida est\u00e1 marcada\u2026","rel":"","context":"In &quot;Not\u00edcias de Ribeir\u00e3o Preto-SP e Regi\u00e3o&quot;","block_context":{"text":"Not\u00edcias de Ribeir\u00e3o Preto-SP e Regi\u00e3o","link":"https:\/\/noticiasribeiraopreto.com.br\/index.php\/category\/noticias-de-ribeirao-preto-sp-e-regiao-ismael-colosi\/"},"img":{"alt_text":"","src":"https:\/\/i0.wp.com\/noticiasribeiraopreto.com.br\/wp-content\/uploads\/2023\/12\/Botafogo-Paulistao-scaled.jpg?fit=967%2C645&ssl=1&resize=350%2C200","width":350,"height":200,"srcset":"https:\/\/i0.wp.com\/noticiasribeiraopreto.com.br\/wp-content\/uploads\/2023\/12\/Botafogo-Paulistao-scaled.jpg?fit=967%2C645&ssl=1&resize=350%2C200 1x, https:\/\/i0.wp.com\/noticiasribeiraopreto.com.br\/wp-content\/uploads\/2023\/12\/Botafogo-Paulistao-scaled.jpg?fit=967%2C645&ssl=1&resize=525%2C300 1.5x, https:\/\/i0.wp.com\/noticiasribeiraopreto.com.br\/wp-content\/uploads\/2023\/12\/Botafogo-Paulistao-scaled.jpg?fit=967%2C645&ssl=1&resize=700%2C400 2x"},"classes":[]},{"id":81074,"url":"https:\/\/noticiasribeiraopreto.com.br\/index.php\/2025\/12\/23\/botafogo-empata-jogo-treino-de-preparacao-para-o-paulistao-2026\/","url_meta":{"origin":81017,"position":5},"title":"Botafogo empata jogo-treino de prepara\u00e7\u00e3o para o Paulist\u00e3o 2026","author":"noticiasribeiraopreto.com.br","date":"23 de December de 2025","format":false,"excerpt":"O Botafogo empatou em 1 a 1 o jogo-treino contra o Gr\u00eamio S\u00e3o-Carlense, disputado na manh\u00e3 desta segunda-feira (22), em Ribeir\u00e3o Preto. O confronto aconteceu no campo anexo do est\u00e1dio Santa Cruz\/Arena Nicnet, e serviu como prepara\u00e7\u00e3o para o Campeonato Paulista 2026. O gol do Botafogo foi anotado por Marquinho,\u2026","rel":"","context":"In &quot;Not\u00edcias de Ribeir\u00e3o Preto-SP e Regi\u00e3o&quot;","block_context":{"text":"Not\u00edcias de Ribeir\u00e3o Preto-SP e Regi\u00e3o","link":"https:\/\/noticiasribeiraopreto.com.br\/index.php\/category\/noticias-de-ribeirao-preto-sp-e-regiao-ismael-colosi\/"},"img":{"alt_text":"","src":"https:\/\/i0.wp.com\/noticiasribeiraopreto.com.br\/wp-content\/uploads\/2025\/12\/botafogo-jogo-treino_2025-12-22_19-55-12.webp.webp?fit=1200%2C776&ssl=1&resize=350%2C200","width":350,"height":200,"srcset":"https:\/\/i0.wp.com\/noticiasribeiraopreto.com.br\/wp-content\/uploads\/2025\/12\/botafogo-jogo-treino_2025-12-22_19-55-12.webp.webp?fit=1200%2C776&ssl=1&resize=350%2C200 1x, https:\/\/i0.wp.com\/noticiasribeiraopreto.com.br\/wp-content\/uploads\/2025\/12\/botafogo-jogo-treino_2025-12-22_19-55-12.webp.webp?fit=1200%2C776&ssl=1&resize=525%2C300 1.5x, https:\/\/i0.wp.com\/noticiasribeiraopreto.com.br\/wp-content\/uploads\/2025\/12\/botafogo-jogo-treino_2025-12-22_19-55-12.webp.webp?fit=1200%2C776&ssl=1&resize=700%2C400 2x, https:\/\/i0.wp.com\/noticiasribeiraopreto.com.br\/wp-content\/uploads\/2025\/12\/botafogo-jogo-treino_2025-12-22_19-55-12.webp.webp?fit=1200%2C776&ssl=1&resize=1050%2C600 3x"},"classes":[]}],"jetpack_sharing_enabled":true,"jetpack_shortlink":"https:\/\/wp.me\/peQAOb-l4J","_links":{"self":[{"href":"https:\/\/noticiasribeiraopreto.com.br\/index.php\/wp-json\/wp\/v2\/posts\/81017","targetHints":{"allow":["GET"]}}],"collection":[{"href":"https:\/\/noticiasribeiraopreto.com.br\/index.php\/wp-json\/wp\/v2\/posts"}],"about":[{"href":"https:\/\/noticiasribeiraopreto.com.br\/index.php\/wp-json\/wp\/v2\/types\/post"}],"author":[{"embeddable":true,"href":"https:\/\/noticiasribeiraopreto.com.br\/index.php\/wp-json\/wp\/v2\/users\/1"}],"replies":[{"embeddable":true,"href":"https:\/\/noticiasribeiraopreto.com.br\/index.php\/wp-json\/wp\/v2\/comments?post=81017"}],"version-history":[{"count":0,"href":"https:\/\/noticiasribeiraopreto.com.br\/index.php\/wp-json\/wp\/v2\/posts\/81017\/revisions"}],"wp:featuredmedia":[{"embeddable":true,"href":"https:\/\/noticiasribeiraopreto.com.br\/index.php\/wp-json\/wp\/v2\/media\/81018"}],"wp:attachment":[{"href":"https:\/\/noticiasribeiraopreto.com.br\/index.php\/wp-json\/wp\/v2\/media?parent=81017"}],"wp:term":[{"taxonomy":"category","embeddable":true,"href":"https:\/\/noticiasribeiraopreto.com.br\/index.php\/wp-json\/wp\/v2\/categories?post=81017"},{"taxonomy":"post_tag","embeddable":true,"href":"https:\/\/noticiasribeiraopreto.com.br\/index.php\/wp-json\/wp\/v2\/tags?post=81017"}],"curies":[{"name":"wp","href":"https:\/\/api.w.org\/{rel}","templated":true}]}}