{"id":81019,"date":"2025-12-21T06:49:14","date_gmt":"2025-12-21T09:49:14","guid":{"rendered":"https:\/\/noticiasribeiraopreto.com.br\/index.php\/2025\/12\/21\/influenciador-investigado-por-manobras-arriscadas-em-rodovias-de-ribeirao-preto-e-solto\/"},"modified":"2025-12-21T06:49:14","modified_gmt":"2025-12-21T09:49:14","slug":"influenciador-investigado-por-manobras-arriscadas-em-rodovias-de-ribeirao-preto-e-solto","status":"publish","type":"post","link":"https:\/\/noticiasribeiraopreto.com.br\/index.php\/2025\/12\/21\/influenciador-investigado-por-manobras-arriscadas-em-rodovias-de-ribeirao-preto-e-solto\/","title":{"rendered":"Influenciador investigado por manobras arriscadas em rodovias de Ribeir\u00e3o Preto \u00e9 solto"},"content":{"rendered":"<div class='code-block code-block-1' style='margin: 8px 0 8px auto; text-align: right; display: block; clear: both;'>\n<p><a href=\"https:\/\/wa.link\/vpicfd\"><img data-recalc-dims=\"1\" class=\"wp-image-4922\" style=\"aspect-ratio: 2.0253164556962027; width: 561px; height: auto;\" src=\"https:\/\/i0.wp.com\/ismaelcolosi.com.br\/wp-content\/uploads\/2023\/11\/grupo-de-empregos-whatsapp-e-facebook-ismael-colosi-vagas.jpg?ssl=1\" alt=\"\" \/><\/a><\/p>\n<!-- \/wp:image -->\n<\/div>\n<p> <br \/>\n<\/p>\n<div>\n<p><strong>Alexandre de Jesus Santos<\/strong>, conhecido nas redes sociais como <strong>Xuxa Grau<\/strong>, foi liberado da pris\u00e3o no fim desta sexta-feira (19), ap\u00f3s cumprir cinco dias de<strong> pris\u00e3o tempor\u00e1ria<\/strong>.<\/p>\n<p>O influenciador \u00e9 investigado por realizar manobras perigosas em rodovias movimentadas da <strong>zona Sul de Ribeir\u00e3o Preto<\/strong> e divulgar as imagens nas redes sociais.<\/p>\n<p><strong>Xuxa <\/strong>estava preso desde a \u00faltima segunda-feira (15), quando se entregou \u00e0 Pol\u00edcia Civil, ap\u00f3s ser considerado <strong>foragido <\/strong>desde o dia 9 de dezembro, quando a Justi\u00e7a decretou sua pris\u00e3o tempor\u00e1ria.<\/p>\n<p>Segundo a <strong>Pol\u00edcia Civil<\/strong>, a libera\u00e7\u00e3o ocorreu com o <strong>fim do prazo da pris\u00e3o tempor\u00e1ria<\/strong>, <mark style=\"background-color:#fcb900\" class=\"has-inline-color\">mas o inqu\u00e9rito segue em andamento e ser\u00e1 conclu\u00eddo para posterior an\u00e1lise do <strong>Minist\u00e9rio P\u00fablico (MP)<\/strong>.<\/mark><\/p>\n<div class=\"wp-block-image\">\n<figure class=\"aligncenter size-large is-resized\"><img data-recalc-dims=\"1\" fetchpriority=\"high\" decoding=\"async\" width=\"1024\" height=\"576\" src=\"https:\/\/i0.wp.com\/cdn.media-acidadeon.com.br\/ribeiraopreto\/wp-content\/uploads\/sites\/3\/2025\/12\/domingo-16_2025-12-20_15-30-09-1024x576.webp?resize=1024%2C576&#038;ssl=1\" alt=\"Xuxa Grau \u00e9 solto ap\u00f3s pris\u00e3o tempor\u00e1ria decretada pela Justi\u00e7a - Foto: reprodu\u00e7\u00e3o\/ redes sociais.\" class=\"wp-image-139983\" style=\"width:654px\" title=\"Influenciador investigado por manobras arriscadas em rodovias de Ribeir\u00e3o Preto \u00e9 solto 1\" srcset=\"https:\/\/cdn.media-acidadeon.com.br\/ribeiraopreto\/wp-content\/uploads\/sites\/3\/2025\/12\/domingo-16_2025-12-20_15-30-09-1024x576.webp 1024w, https:\/\/cdn.media-acidadeon.com.br\/ribeiraopreto\/wp-content\/uploads\/sites\/3\/2025\/12\/domingo-16_2025-12-20_15-30-09-300x169.webp 300w, https:\/\/cdn.media-acidadeon.com.br\/ribeiraopreto\/wp-content\/uploads\/sites\/3\/2025\/12\/domingo-16_2025-12-20_15-30-09-768x432.webp 768w, https:\/\/cdn.media-acidadeon.com.br\/ribeiraopreto\/wp-content\/uploads\/sites\/3\/2025\/12\/domingo-16_2025-12-20_15-30-09-696x392.webp 696w, https:\/\/cdn.media-acidadeon.com.br\/ribeiraopreto\/wp-content\/uploads\/sites\/3\/2025\/12\/domingo-16_2025-12-20_15-30-09-1068x601.webp 1068w, https:\/\/cdn.media-acidadeon.com.br\/ribeiraopreto\/wp-content\/uploads\/sites\/3\/2025\/12\/domingo-16_2025-12-20_15-30-09.webp 1200w\" sizes=\"(max-width: 1024px) 100vw, 1024px\"\/><figcaption class=\"wp-element-caption\">Xuxa Grau \u00e9 solto ap\u00f3s pris\u00e3o tempor\u00e1ria decretada pela Justi\u00e7a \u2013 Foto: reprodu\u00e7\u00e3o\/ redes sociais.<\/figcaption><\/figure>\n<\/div>\n<h2 class=\"wp-block-heading\"><strong>Investiga\u00e7\u00e3o<\/strong><\/h2>\n<p>De acordo com o <strong>Minist\u00e9rio P\u00fablico<\/strong>, Alexandre de Jesus \u00e9 suspeito de liderar uma associa\u00e7\u00e3o criminosa que estaria <strong>lucrando com a realiza\u00e7\u00e3o de rachas <\/strong>e a <strong>divulga\u00e7\u00e3o de manobras arriscadas nas redes sociais<\/strong>.<\/p>\n<p>Os v\u00eddeos eram publicados pelo influenciador em uma conta com mais de 300 mil seguidores em uma rede social, <mark style=\"background-color:#fcb900\" class=\"has-inline-color\">e s\u00e3o apontados como provas do descumprimento das leis de tr\u00e2nsito e do risco \u00e0 seguran\u00e7a p\u00fablica.<\/mark><\/p>\n<h2 class=\"wp-block-heading\"><strong>Influenciador pode ter recebido R$ 50 mil por cada v\u00eddeo publicado<\/strong><\/h2>\n<p><strong>Xuxa Grau<\/strong> poder\u00e1 ter que pagar uma indeniza\u00e7\u00e3o de R$ 300 mil a pedido do <strong>MP-SP<\/strong> como indeniza\u00e7\u00e3o por dano moral coletivo, valor que pode financiar a\u00e7\u00f5es de seguran\u00e7a e combate a crimes semelhantes.<\/p>\n<p>Segundo o promotor <strong>Paulo Jos\u00e9 Freire Teot\u00f4nio<\/strong>, o valor foi definido ap\u00f3s uma especialista em redes sociais apontar que cada v\u00eddeo com manobras perigosas possa render at\u00e9 <strong>R$ 50 mil <\/strong>para o influenciador \u2013 os conte\u00fados j\u00e1 foram retirados das redes sociais.<\/p>\n<p>\u00c0 \u00e9poca da opera\u00e7\u00e3o para cumprir o mandado de pris\u00e3o contra Alexandre de Jesus Santos, o <strong>tenente-coronel Luiz Eduardo Ulian Junqueira<\/strong>, comandante do <strong>3\u00ba Batalh\u00e3o da PMR (Pol\u00edcia Militar Rodovi\u00e1ria)<\/strong>, destacou que seria o in\u00edcio a uma grande a\u00e7\u00e3o contra a pr\u00e1tica de manobras arriscadas com motos, que coloca pessoas em risco.<\/p>\n<h2 class=\"wp-block-heading\"><strong>O que diz o outro lado?<\/strong><\/h2>\n<p>Procurada pela <strong>EPTV<\/strong>, a defesa de Alexandre de Jesus Santos informou que n\u00e3o ir\u00e1 se manifestar neste momento.<\/p>\n<p><em>*Com informa\u00e7\u00f5es da EPTV<\/em><\/p>\n<hr class=\"wp-block-separator has-alpha-channel-opacity\"\/>\n<p>SAIBA MAIS<\/p>\n<p>Fim de ano aumenta o fluxo de passageiros na Rodovi\u00e1ria de Ribeir\u00e3o; Saiba destinos mais procurados<\/p>\n<h2 class=\"wp-block-heading\"><strong>FIQUE ON<\/strong><\/h2>\n<p>Fique ligado em tudo que acontece em Ribeir\u00e3o Preto e regi\u00e3o. Siga os perfis do\u00a0<strong>acidade on<\/strong>\u00a0no<a href=\"https:\/\/www.instagram.com\/acidadeonribeirao\" target=\"_blank\" rel=\"noreferrer noopener\">\u00a0Instagram\u00a0<\/a>e no\u00a0<a href=\"https:\/\/www.facebook.com\/acidadeonribeirao\/\" target=\"_blank\" rel=\"noreferrer noopener\">Facebook<\/a>.<\/p>\n<p>Receba not\u00edcias do\u00a0<strong>acidade on<\/strong>\u00a0no WhatsApp. Para entrar no grupo,\u00a0basta\u00a0<a href=\"https:\/\/chat.whatsapp.com\/GFH9HUMUTHNFJdnyEd0xxq\" target=\"_blank\" rel=\"noreferrer noopener\">clicar aqui<\/a>. Ou, acesse o nosso\u00a0Canal\u00a0<a href=\"https:\/\/whatsapp.com\/channel\/0029Vb6IQl1JENyAeS57fk2p\" target=\"_blank\" rel=\"noreferrer noopener\">clicando aqui<\/a>.<\/p>\n<p>Fa\u00e7a uma den\u00fancia ou sugira uma reportagem sobre Ribeir\u00e3o Preto e regi\u00e3o pelo WhatsApp: 16 99117 7802.<\/p>\n<p>VEJA TAMB\u00c9M<\/p>\n<p>Luan no Allianz: saiba que horas abrem as vendas e os valores de ingresso da turn\u00ea<\/p>\n<p><!-- AI CONTENT END 1 -->\n<\/div>\n<p><script async src=\"\/\/www.instagram.com\/embed.js\"><\/script><br \/>\n<br \/><br \/>\n<br \/><a href=\"https:\/\/www.acidadeon.com\/ribeiraopreto\/cotidiano\/influenciador-investigado-por-manobras-arriscadas-em-rodovias-de-ribeirao-preto-e-solto\/\">Source link <\/a><\/p>\n<!-- CONTENT END 1 -->\n","protected":false},"excerpt":{"rendered":"<p>Alexandre de Jesus Santos, conhecido nas redes sociais como Xuxa Grau, foi liberado da pris\u00e3o no fim desta sexta-feira (19), ap\u00f3s cumprir cinco dias de&#8230;<\/p>\n","protected":false},"author":1,"featured_media":80659,"comment_status":"open","ping_status":"open","sticky":false,"template":"","format":"standard","meta":{"advanced_seo_description":"","jetpack_seo_html_title":"","jetpack_seo_noindex":false,"jetpack_post_was_ever_published":false,"_jetpack_newsletter_access":"","_jetpack_dont_email_post_to_subs":false,"_jetpack_newsletter_tier_id":0,"_jetpack_memberships_contains_paywalled_content":false,"_jetpack_memberships_contains_paid_content":false,"footnotes":"","jetpack_publicize_message":"","jetpack_publicize_feature_enabled":true,"jetpack_social_post_already_shared":true,"jetpack_social_options":{"image_generator_settings":{"template":"highway","default_image_id":0,"font":"","enabled":false},"version":2}},"categories":[11],"tags":[],"class_list":["post-81019","post","type-post","status-publish","format-standard","has-post-thumbnail","hentry","category-noticias-de-ribeirao-preto-sp-e-regiao-ismael-colosi"],"jetpack_publicize_connections":[],"jetpack_featured_media_url":"https:\/\/i0.wp.com\/noticiasribeiraopreto.com.br\/wp-content\/uploads\/2025\/12\/XUXA-GRAU_2025-12-09_17-29-30.webp.webp?fit=1200%2C794&ssl=1","jetpack-related-posts":[{"id":80674,"url":"https:\/\/noticiasribeiraopreto.com.br\/index.php\/2025\/12\/10\/influenciador-pode-pagar-indenizacao-de-r-300-mil-por-manobras-perigosas\/","url_meta":{"origin":81019,"position":0},"title":"Influenciador pode pagar indeniza\u00e7\u00e3o de R$ 300 mil por manobras perigosas","author":"noticiasribeiraopreto.com.br","date":"10 de December de 2025","format":false,"excerpt":"O influenciador Alexandre de Jesus Santos, conhecido como Xuxa Grau, pode ter que pagar uma indeniza\u00e7\u00e3o de R$ 300 mil. O influenciador ficou conhecido por gravar manobras arriscadas de moto em rodovias de Ribeir\u00e3o Preto. O pedido de indeniza\u00e7\u00e3o foi feito pelo MP-SP (Minist\u00e9rio P\u00fablico de S\u00e3o Paulo) e o\u2026","rel":"","context":"In &quot;Not\u00edcias de Ribeir\u00e3o Preto-SP e Regi\u00e3o&quot;","block_context":{"text":"Not\u00edcias de Ribeir\u00e3o Preto-SP e Regi\u00e3o","link":"https:\/\/noticiasribeiraopreto.com.br\/index.php\/category\/noticias-de-ribeirao-preto-sp-e-regiao-ismael-colosi\/"},"img":{"alt_text":"","src":"https:\/\/i0.wp.com\/noticiasribeiraopreto.com.br\/wp-content\/uploads\/2025\/12\/XUXA-GRAU_2025-12-09_17-29-30.webp.webp?fit=1200%2C794&ssl=1&resize=350%2C200","width":350,"height":200,"srcset":"https:\/\/i0.wp.com\/noticiasribeiraopreto.com.br\/wp-content\/uploads\/2025\/12\/XUXA-GRAU_2025-12-09_17-29-30.webp.webp?fit=1200%2C794&ssl=1&resize=350%2C200 1x, https:\/\/i0.wp.com\/noticiasribeiraopreto.com.br\/wp-content\/uploads\/2025\/12\/XUXA-GRAU_2025-12-09_17-29-30.webp.webp?fit=1200%2C794&ssl=1&resize=525%2C300 1.5x, https:\/\/i0.wp.com\/noticiasribeiraopreto.com.br\/wp-content\/uploads\/2025\/12\/XUXA-GRAU_2025-12-09_17-29-30.webp.webp?fit=1200%2C794&ssl=1&resize=700%2C400 2x, https:\/\/i0.wp.com\/noticiasribeiraopreto.com.br\/wp-content\/uploads\/2025\/12\/XUXA-GRAU_2025-12-09_17-29-30.webp.webp?fit=1200%2C794&ssl=1&resize=1050%2C600 3x"},"classes":[]},{"id":80840,"url":"https:\/\/noticiasribeiraopreto.com.br\/index.php\/2025\/12\/15\/fim-do-show-xuxa-do-grau-vai-preso\/","url_meta":{"origin":81019,"position":1},"title":"Fim do show: \u2018Xuxa do Grau\u2019 vai preso","author":"noticiasribeiraopreto.com.br","date":"15 de December de 2025","format":false,"excerpt":"\r Influenciador digital se apresentou na delegacia e mandado de pris\u00e3o foi cumprido pela pol\u00edcia\r \r 15 de dezembro de 2025 12:59 \r Compartilhar1 Por: Adalberto Luque \u2013 O influenciador digital Alexandre de Jesus Santos, conhecido nas redes sociais por \u2018Xuxa do Grau\u2019, foi preso, na manh\u00e3 desta segunda-feira (15).\u2026","rel":"","context":"In &quot;Not\u00edcias de Ribeir\u00e3o Preto-SP e Regi\u00e3o&quot;","block_context":{"text":"Not\u00edcias de Ribeir\u00e3o Preto-SP e Regi\u00e3o","link":"https:\/\/noticiasribeiraopreto.com.br\/index.php\/category\/noticias-de-ribeirao-preto-sp-e-regiao-ismael-colosi\/"},"img":{"alt_text":"","src":"https:\/\/i0.wp.com\/noticiasribeiraopreto.com.br\/wp-content\/uploads\/2025\/12\/15-dez-2q025-xuxadograu2.jpg?fit=801%2C780&ssl=1&resize=350%2C200","width":350,"height":200,"srcset":"https:\/\/i0.wp.com\/noticiasribeiraopreto.com.br\/wp-content\/uploads\/2025\/12\/15-dez-2q025-xuxadograu2.jpg?fit=801%2C780&ssl=1&resize=350%2C200 1x, https:\/\/i0.wp.com\/noticiasribeiraopreto.com.br\/wp-content\/uploads\/2025\/12\/15-dez-2q025-xuxadograu2.jpg?fit=801%2C780&ssl=1&resize=525%2C300 1.5x, https:\/\/i0.wp.com\/noticiasribeiraopreto.com.br\/wp-content\/uploads\/2025\/12\/15-dez-2q025-xuxadograu2.jpg?fit=801%2C780&ssl=1&resize=700%2C400 2x"},"classes":[]},{"id":80658,"url":"https:\/\/noticiasribeiraopreto.com.br\/index.php\/2025\/12\/10\/influenciador-teria-recebido-ate-r-50-mil-por-postagem-com-manobras-ilegais-diz-mp\/","url_meta":{"origin":81019,"position":2},"title":"Influenciador teria recebido at\u00e9 R$ 50 mil por postagem com manobras ilegais, diz MP","author":"noticiasribeiraopreto.com.br","date":"10 de December de 2025","format":false,"excerpt":"O Minist\u00e9rio P\u00fablico (MP) afirmou nesta ter\u00e7a-feira (9) que o influenciador Alexandre de Jesus Santos, conhecido como \u201cXuxa Grau\u201d, de 20 anos, lucrava at\u00e9 R$ 50 mil por v\u00eddeo ao mostrar manobras criminosas de moto em rodovias de Ribeir\u00e3o Preto. Promotores e policiais apontam que ele comandava uma associa\u00e7\u00e3o criminosa\u2026","rel":"","context":"In &quot;Not\u00edcias de Ribeir\u00e3o Preto-SP e Regi\u00e3o&quot;","block_context":{"text":"Not\u00edcias de Ribeir\u00e3o Preto-SP e Regi\u00e3o","link":"https:\/\/noticiasribeiraopreto.com.br\/index.php\/category\/noticias-de-ribeirao-preto-sp-e-regiao-ismael-colosi\/"},"img":{"alt_text":"","src":"https:\/\/i0.wp.com\/noticiasribeiraopreto.com.br\/wp-content\/uploads\/2025\/12\/XUXA-GRAU_2025-12-09_17-29-30.webp.webp?fit=1200%2C794&ssl=1&resize=350%2C200","width":350,"height":200,"srcset":"https:\/\/i0.wp.com\/noticiasribeiraopreto.com.br\/wp-content\/uploads\/2025\/12\/XUXA-GRAU_2025-12-09_17-29-30.webp.webp?fit=1200%2C794&ssl=1&resize=350%2C200 1x, https:\/\/i0.wp.com\/noticiasribeiraopreto.com.br\/wp-content\/uploads\/2025\/12\/XUXA-GRAU_2025-12-09_17-29-30.webp.webp?fit=1200%2C794&ssl=1&resize=525%2C300 1.5x, https:\/\/i0.wp.com\/noticiasribeiraopreto.com.br\/wp-content\/uploads\/2025\/12\/XUXA-GRAU_2025-12-09_17-29-30.webp.webp?fit=1200%2C794&ssl=1&resize=700%2C400 2x, https:\/\/i0.wp.com\/noticiasribeiraopreto.com.br\/wp-content\/uploads\/2025\/12\/XUXA-GRAU_2025-12-09_17-29-30.webp.webp?fit=1200%2C794&ssl=1&resize=1050%2C600 3x"},"classes":[]},{"id":70585,"url":"https:\/\/noticiasribeiraopreto.com.br\/index.php\/2025\/05\/28\/prisao-temporaria-para-tres-investigados-no-sumico-do-empresario\/","url_meta":{"origin":81019,"position":3},"title":"Pris\u00e3o tempor\u00e1ria para tr\u00eas investigados no sumi\u00e7o do empres\u00e1rio","author":"noticiasribeiraopreto.com.br","date":"28 de May de 2025","format":false,"excerpt":"28 de maio de 2025 05:131 Compartilhar0 A\u00a0 Pol\u00edcia Civil pediu, tamb\u00e9m, a pris\u00e3o tempor\u00e1ria da esposa do empres\u00e1rio Marlon Couto, Tatiane Moraes, e de um terceiro suspeito, identificado apenas como Tadeu. A Justi\u00e7a aceitou os pedidos, e os tr\u00eas s\u00e3o considerados foragidos. A Pol\u00edcia Civil confirmou, nesta ter\u00e7a-feira (27),\u2026","rel":"","context":"In &quot;Not\u00edcias de Ribeir\u00e3o Preto-SP e Regi\u00e3o&quot;","block_context":{"text":"Not\u00edcias de Ribeir\u00e3o Preto-SP e Regi\u00e3o","link":"https:\/\/noticiasribeiraopreto.com.br\/index.php\/category\/noticias-de-ribeirao-preto-sp-e-regiao-ismael-colosi\/"},"img":{"alt_text":"","src":"https:\/\/i0.wp.com\/noticiasribeiraopreto.com.br\/wp-content\/uploads\/2025\/05\/nelson_marlon_tadeu-e1748419874671.jpeg?fit=800%2C450&ssl=1&resize=350%2C200","width":350,"height":200,"srcset":"https:\/\/i0.wp.com\/noticiasribeiraopreto.com.br\/wp-content\/uploads\/2025\/05\/nelson_marlon_tadeu-e1748419874671.jpeg?fit=800%2C450&ssl=1&resize=350%2C200 1x, https:\/\/i0.wp.com\/noticiasribeiraopreto.com.br\/wp-content\/uploads\/2025\/05\/nelson_marlon_tadeu-e1748419874671.jpeg?fit=800%2C450&ssl=1&resize=525%2C300 1.5x, https:\/\/i0.wp.com\/noticiasribeiraopreto.com.br\/wp-content\/uploads\/2025\/05\/nelson_marlon_tadeu-e1748419874671.jpeg?fit=800%2C450&ssl=1&resize=700%2C400 2x"},"classes":[]},{"id":80655,"url":"https:\/\/noticiasribeiraopreto.com.br\/index.php\/2025\/12\/09\/video-policia-realiza-operacao-contra-motociclistas-do-grau\/","url_meta":{"origin":81019,"position":4},"title":"V\u00cdDEO &#8211; Pol\u00edcia realiza opera\u00e7\u00e3o contra motociclistas \u2018do grau\u2019","author":"noticiasribeiraopreto.com.br","date":"9 de December de 2025","format":false,"excerpt":"\r Entre os procurados est\u00e1 um influenciador digital conhecido por \u201cXuxa do Grau\u201d que, ao lado de outros, realizam manobras arriscadas e proibidas\r \r 9 de dezembro de 2025 12:449 de dezembro de 2025 12:46 \r Compartilhar2 Por: Adalberto Luque Uma a\u00e7\u00e3o conjunta das Pol\u00edcias Civil, Militar e Minist\u00e9rio P\u00fablico\u2026","rel":"","context":"In &quot;Not\u00edcias de Ribeir\u00e3o Preto-SP e Regi\u00e3o&quot;","block_context":{"text":"Not\u00edcias de Ribeir\u00e3o Preto-SP e Regi\u00e3o","link":"https:\/\/noticiasribeiraopreto.com.br\/index.php\/category\/noticias-de-ribeirao-preto-sp-e-regiao-ismael-colosi\/"},"img":{"alt_text":"","src":"https:\/\/i0.wp.com\/noticiasribeiraopreto.com.br\/wp-content\/uploads\/2025\/12\/09-dez-2025-operacaograau0-scaled.jpg?fit=894%2C780&ssl=1&resize=350%2C200","width":350,"height":200,"srcset":"https:\/\/i0.wp.com\/noticiasribeiraopreto.com.br\/wp-content\/uploads\/2025\/12\/09-dez-2025-operacaograau0-scaled.jpg?fit=894%2C780&ssl=1&resize=350%2C200 1x, https:\/\/i0.wp.com\/noticiasribeiraopreto.com.br\/wp-content\/uploads\/2025\/12\/09-dez-2025-operacaograau0-scaled.jpg?fit=894%2C780&ssl=1&resize=525%2C300 1.5x, https:\/\/i0.wp.com\/noticiasribeiraopreto.com.br\/wp-content\/uploads\/2025\/12\/09-dez-2025-operacaograau0-scaled.jpg?fit=894%2C780&ssl=1&resize=700%2C400 2x"},"classes":[]},{"id":53598,"url":"https:\/\/noticiasribeiraopreto.com.br\/index.php\/2024\/06\/21\/o-que-se-sabe-sobre-golpe-de-influenciador-financeiro-preso-pela-pf-de-ribeirao-preto\/","url_meta":{"origin":81019,"position":5},"title":"O que se sabe sobre golpe de influenciador financeiro preso pela PF de Ribeir\u00e3o Preto","author":"noticiasribeiraopreto.com.br","date":"21 de June de 2024","format":false,"excerpt":"A PF (Pol\u00edcia Federal) de Ribeir\u00e3o Preto falou pela primeira vez, nesta sexta-feira (21), sobre a a\u00e7\u00e3o do influenciador financeiro, Gabriel Saletti Pinotti, preso temporariamente, desde ter\u00e7a-feira (18), por suspeita de aplicar golpes de at\u00e9 R$ 15 milh\u00f5es em v\u00edtimas de todo Pa\u00eds. Segundo o delegado da PF, Marcellus Henrique\u2026","rel":"","context":"In &quot;Not\u00edcias de Ribeir\u00e3o Preto-SP e Regi\u00e3o&quot;","block_context":{"text":"Not\u00edcias de Ribeir\u00e3o Preto-SP e Regi\u00e3o","link":"https:\/\/noticiasribeiraopreto.com.br\/index.php\/category\/noticias-de-ribeirao-preto-sp-e-regiao-ismael-colosi\/"},"img":{"alt_text":"","src":"https:\/\/i0.wp.com\/noticiasribeiraopreto.com.br\/wp-content\/uploads\/2024\/06\/Copia-de-Copia-de-TAMANHO-EXATO-PARA-FOTOS-NO-SISTEMA-NOVO-88_2024-06-20_22-13-59_png_2024-06-20_22-13-59.webp.webp?fit=1200%2C675&ssl=1&resize=350%2C200","width":350,"height":200,"srcset":"https:\/\/i0.wp.com\/noticiasribeiraopreto.com.br\/wp-content\/uploads\/2024\/06\/Copia-de-Copia-de-TAMANHO-EXATO-PARA-FOTOS-NO-SISTEMA-NOVO-88_2024-06-20_22-13-59_png_2024-06-20_22-13-59.webp.webp?fit=1200%2C675&ssl=1&resize=350%2C200 1x, https:\/\/i0.wp.com\/noticiasribeiraopreto.com.br\/wp-content\/uploads\/2024\/06\/Copia-de-Copia-de-TAMANHO-EXATO-PARA-FOTOS-NO-SISTEMA-NOVO-88_2024-06-20_22-13-59_png_2024-06-20_22-13-59.webp.webp?fit=1200%2C675&ssl=1&resize=525%2C300 1.5x, https:\/\/i0.wp.com\/noticiasribeiraopreto.com.br\/wp-content\/uploads\/2024\/06\/Copia-de-Copia-de-TAMANHO-EXATO-PARA-FOTOS-NO-SISTEMA-NOVO-88_2024-06-20_22-13-59_png_2024-06-20_22-13-59.webp.webp?fit=1200%2C675&ssl=1&resize=700%2C400 2x, https:\/\/i0.wp.com\/noticiasribeiraopreto.com.br\/wp-content\/uploads\/2024\/06\/Copia-de-Copia-de-TAMANHO-EXATO-PARA-FOTOS-NO-SISTEMA-NOVO-88_2024-06-20_22-13-59_png_2024-06-20_22-13-59.webp.webp?fit=1200%2C675&ssl=1&resize=1050%2C600 3x"},"classes":[]}],"jetpack_sharing_enabled":true,"jetpack_shortlink":"https:\/\/wp.me\/peQAOb-l4L","_links":{"self":[{"href":"https:\/\/noticiasribeiraopreto.com.br\/index.php\/wp-json\/wp\/v2\/posts\/81019","targetHints":{"allow":["GET"]}}],"collection":[{"href":"https:\/\/noticiasribeiraopreto.com.br\/index.php\/wp-json\/wp\/v2\/posts"}],"about":[{"href":"https:\/\/noticiasribeiraopreto.com.br\/index.php\/wp-json\/wp\/v2\/types\/post"}],"author":[{"embeddable":true,"href":"https:\/\/noticiasribeiraopreto.com.br\/index.php\/wp-json\/wp\/v2\/users\/1"}],"replies":[{"embeddable":true,"href":"https:\/\/noticiasribeiraopreto.com.br\/index.php\/wp-json\/wp\/v2\/comments?post=81019"}],"version-history":[{"count":0,"href":"https:\/\/noticiasribeiraopreto.com.br\/index.php\/wp-json\/wp\/v2\/posts\/81019\/revisions"}],"wp:featuredmedia":[{"embeddable":true,"href":"https:\/\/noticiasribeiraopreto.com.br\/index.php\/wp-json\/wp\/v2\/media\/80659"}],"wp:attachment":[{"href":"https:\/\/noticiasribeiraopreto.com.br\/index.php\/wp-json\/wp\/v2\/media?parent=81019"}],"wp:term":[{"taxonomy":"category","embeddable":true,"href":"https:\/\/noticiasribeiraopreto.com.br\/index.php\/wp-json\/wp\/v2\/categories?post=81019"},{"taxonomy":"post_tag","embeddable":true,"href":"https:\/\/noticiasribeiraopreto.com.br\/index.php\/wp-json\/wp\/v2\/tags?post=81019"}],"curies":[{"name":"wp","href":"https:\/\/api.w.org\/{rel}","templated":true}]}}