{"id":81020,"date":"2025-12-21T06:57:46","date_gmt":"2025-12-21T09:57:46","guid":{"rendered":"https:\/\/noticiasribeiraopreto.com.br\/index.php\/2025\/12\/21\/fim-de-ano-aumenta-o-fluxo-de-passageiros-na-rodoviaria-de-ribeirao-saiba-destinos-mais-procurados\/"},"modified":"2025-12-21T06:57:46","modified_gmt":"2025-12-21T09:57:46","slug":"fim-de-ano-aumenta-o-fluxo-de-passageiros-na-rodoviaria-de-ribeirao-saiba-destinos-mais-procurados","status":"publish","type":"post","link":"https:\/\/noticiasribeiraopreto.com.br\/index.php\/2025\/12\/21\/fim-de-ano-aumenta-o-fluxo-de-passageiros-na-rodoviaria-de-ribeirao-saiba-destinos-mais-procurados\/","title":{"rendered":"Fim de ano aumenta o fluxo de passageiros na Rodovi\u00e1ria de Ribeir\u00e3o; Saiba destinos mais procurados"},"content":{"rendered":"<div class='code-block code-block-1' style='margin: 8px 0 8px auto; text-align: right; display: block; clear: both;'>\n<p><a href=\"https:\/\/wa.link\/vpicfd\"><img data-recalc-dims=\"1\" class=\"wp-image-4922\" style=\"aspect-ratio: 2.0253164556962027; width: 561px; height: auto;\" src=\"https:\/\/i0.wp.com\/ismaelcolosi.com.br\/wp-content\/uploads\/2023\/11\/grupo-de-empregos-whatsapp-e-facebook-ismael-colosi-vagas.jpg?ssl=1\" alt=\"\" \/><\/a><\/p>\n<!-- \/wp:image -->\n<\/div>\n<p> <br \/>\n<\/p>\n<div data-td-block-uid=\"tdi_95\">\n<div class=\"tdb-block-inner td-fix-index\">\n<p>A movimenta\u00e7\u00e3o na <strong>Rodovi\u00e1ria de Ribeir\u00e3o Preto<\/strong> deve se intensificar nos pr\u00f3ximos dias. A previs\u00e3o \u00e9 de cerca de <strong>90 mil passageiros<\/strong>, entre embarques e desembarques, em quase quatro mil \u00f4nibus.<\/p>\n<p>O n\u00famero representa um aumento aproximado de <strong>1,1% no fluxo de passageiros<\/strong> em rela\u00e7\u00e3o ao mesmo per\u00edodo de 2024, segundo dados da Socicam, respons\u00e1vel pela gest\u00e3o do terminal.<\/p>\n<p>O aumento no fluxo est\u00e1 ligado ao per\u00edodo de festas de fim de ano e \u00e0s viagens de f\u00e9rias, que tradicionalmente elevam a demanda por deslocamentos rodovi\u00e1rios.<\/p>\n<div class=\"wp-block-image\">\n<figure class=\"aligncenter size-full is-resized\"><img data-recalc-dims=\"1\" decoding=\"async\" src=\"https:\/\/i0.wp.com\/cdn.media-acidadeon.com.br\/ribeiraopreto\/wp-content\/uploads\/sites\/3\/2023\/08\/inshot_20221101_130729763.jpg?ssl=1\" alt=\"Rodovi\u00e1ria de Ribeir\u00e3o Preto - Foto: acidade on\/ arquivo.\" class=\"wp-image-27686\" style=\"width:654px\" title=\"Fim de ano aumenta o fluxo de passageiros na Rodovi\u00e1ria de Ribeir\u00e3o; Saiba destinos mais procurados 1\"\/><figcaption class=\"wp-element-caption\">Rodovi\u00e1ria de Ribeir\u00e3o Preto \u2013 Foto: acidade on\/ arquivo.<\/figcaption><\/figure>\n<\/div>\n<h2 class=\"wp-block-heading\"><strong>Destinos mais procurados<\/strong><\/h2>\n<p>Entre os destinos mais procurados, <strong>S\u00e3o Paulo<\/strong> lidera a demanda de viagens a partir do terminal. Al\u00e9m da capital paulista, tamb\u00e9m est\u00e3o entre as prefer\u00eancias as seguintes cidades:<\/p>\n<ul class=\"wp-block-list\">\n<li>Rio de Janeiro (RJ)<\/li>\n<li>Belo Horizonte (MG)<\/li>\n<li>Goi\u00e2nia (GO)<\/li>\n<li>Praia Grande (SP)<\/li>\n<li>Florian\u00f3polis (SC)<\/li>\n<li>Curitiba (PR)<\/li>\n<\/ul>\n<h3 class=\"wp-block-heading\"><strong>Recomenda\u00e7\u00f5es<\/strong><\/h3>\n<p>Diante da alta procura, a orienta\u00e7\u00e3o \u00e9 que os passageiros <strong>comprem as passagens com anteced\u00eancia para evitar contratempos<\/strong>.<\/p>\n<figure class=\"wp-block-pullquote\">\n<blockquote>\n<p>A partir da rodovi\u00e1ria de Ribeir\u00e3o Preto \u00e9 poss\u00edvel chegar aos destinos tur\u00edsticos mais procurados no pa\u00eds e neste final de ano a demanda \u00e9 grande. Por isso, \u00e9 importante o passageiro seguir alguns cuidados, inclusive comprando as passagens com anteced\u00eancia<\/p>\n<\/blockquote>\n<\/figure>\n<p>A administra\u00e7\u00e3o do terminal refor\u00e7a ainda a import\u00e2ncia de chegar \u00e0 rodovi\u00e1ria com pelo menos 30 minutos de anteced\u00eancia, conferir a documenta\u00e7\u00e3o necess\u00e1ria e ficar atento \u00e0s regras de bagagem para garantir uma viagem tranquila.<\/p>\n<div class=\"wp-block-image\">\n<figure class=\"aligncenter size-full is-resized\"><img data-recalc-dims=\"1\" decoding=\"async\" src=\"https:\/\/i0.wp.com\/cdn.media-acidadeon.com.br\/ribeiraopreto\/wp-content\/uploads\/sites\/3\/2023\/08\/rodoviaria_1200x675_07102021094432.jpg?ssl=1\" alt=\"Terminal Rodovi\u00e1rio de Ribeir\u00e3o Preto - Foto de arquivo: Weber Sian \/ ACidade ON.\" class=\"wp-image-40639\" style=\"width:654px\" title=\"Fim de ano aumenta o fluxo de passageiros na Rodovi\u00e1ria de Ribeir\u00e3o; Saiba destinos mais procurados 2\"\/><figcaption class=\"wp-element-caption\">Terminal Rodovi\u00e1rio de Ribeir\u00e3o Preto \u2013 Foto de arquivo: Weber Sian \/ ACidade ON.<\/figcaption><\/figure>\n<\/div>\n<hr class=\"wp-block-separator has-alpha-channel-opacity\"\/>\n<p>SAIBA MAIS<\/p>\n<p>Veja hor\u00e1rio de funcionamento do Mercad\u00e3o na semana do Natal<\/p>\n<h2 class=\"wp-block-heading\"><strong>FIQUE ON<\/strong><\/h2>\n<p>Fique ligado em tudo que acontece em Ribeir\u00e3o Preto e regi\u00e3o. Siga os perfis do\u00a0<strong>acidade on<\/strong>\u00a0no<a href=\"https:\/\/www.instagram.com\/acidadeonribeirao\" target=\"_blank\" rel=\"noreferrer noopener\">\u00a0Instagram\u00a0<\/a>e no\u00a0<a href=\"https:\/\/www.facebook.com\/acidadeonribeirao\/\" target=\"_blank\" rel=\"noreferrer noopener\">Facebook<\/a>.<\/p>\n<p>Receba not\u00edcias do\u00a0<strong>acidade on<\/strong>\u00a0no WhatsApp. Para entrar no grupo,\u00a0basta\u00a0<a href=\"https:\/\/chat.whatsapp.com\/GFH9HUMUTHNFJdnyEd0xxq\" target=\"_blank\" rel=\"noreferrer noopener\">clicar aqui<\/a>. Ou, acesse o nosso\u00a0Canal\u00a0<a href=\"https:\/\/whatsapp.com\/channel\/0029Vb6IQl1JENyAeS57fk2p\" target=\"_blank\" rel=\"noreferrer noopener\">clicando aqui<\/a>.<\/p>\n<p>Fa\u00e7a uma den\u00fancia ou sugira uma reportagem sobre Ribeir\u00e3o Preto e regi\u00e3o pelo WhatsApp: 16 99117 7802.<\/p>\n<p>VEJA TAMB\u00c9M<\/p>\n<p><!-- AI CONTENT END 1 -->\n<\/div>\n<\/div>\n<p><script async src=\"\/\/www.instagram.com\/embed.js\"><\/script><br \/>\n<br \/><br \/>\n<br \/><a href=\"https:\/\/www.acidadeon.com\/ribeiraopreto\/cotidiano\/fim-de-ano-aumenta-o-fluxo-de-passageiros-na-rodoviaria-de-ribeirao-saiba-destinos-mais-procurados\/\">Source link <\/a><\/p>\n<!-- CONTENT END 1 -->\n","protected":false},"excerpt":{"rendered":"<p>A movimenta\u00e7\u00e3o na Rodovi\u00e1ria de Ribeir\u00e3o Preto deve se intensificar nos pr\u00f3ximos dias. A previs\u00e3o \u00e9 de cerca de 90 mil passageiros, entre embarques e&#8230;<\/p>\n","protected":false},"author":1,"featured_media":81021,"comment_status":"open","ping_status":"open","sticky":false,"template":"","format":"standard","meta":{"advanced_seo_description":"","jetpack_seo_html_title":"","jetpack_seo_noindex":false,"jetpack_post_was_ever_published":false,"_jetpack_newsletter_access":"","_jetpack_dont_email_post_to_subs":false,"_jetpack_newsletter_tier_id":0,"_jetpack_memberships_contains_paywalled_content":false,"_jetpack_memberships_contains_paid_content":false,"footnotes":"","jetpack_publicize_message":"","jetpack_publicize_feature_enabled":true,"jetpack_social_post_already_shared":true,"jetpack_social_options":{"image_generator_settings":{"template":"highway","default_image_id":0,"font":"","enabled":false},"version":2}},"categories":[11],"tags":[],"class_list":["post-81020","post","type-post","status-publish","format-standard","has-post-thumbnail","hentry","category-noticias-de-ribeirao-preto-sp-e-regiao-ismael-colosi"],"jetpack_publicize_connections":[],"jetpack_featured_media_url":"https:\/\/i0.wp.com\/noticiasribeiraopreto.com.br\/wp-content\/uploads\/2025\/12\/WhatsApp-Image-2023-12-21-at-16.11.23.jpeg?fit=1280%2C853&ssl=1","jetpack-related-posts":[{"id":68941,"url":"https:\/\/noticiasribeiraopreto.com.br\/index.php\/2025\/04\/30\/rodoviaria-espera-por-27-mil-viajantes-neste-feriado\/","url_meta":{"origin":81020,"position":0},"title":"Rodovi\u00e1ria espera por 27 mil viajantes neste feriado","author":"noticiasribeiraopreto.com.br","date":"30 de April de 2025","format":false,"excerpt":"30 de abril de 2025 15:3030 de abril de 2025 10:265 Compartilhar0 A Rodovi\u00e1ria Central de Ribeir\u00e3o Preto espera por grande movimento neste feriado de Primeiro de Maio, Dia Internacional do Trabalho, celebrado nesta quinta-feira. Em per\u00edodos de folga prolongada, a procura por passagens aumenta bastante e exige alguns cuidados\u2026","rel":"","context":"In &quot;Not\u00edcias de Ribeir\u00e3o Preto-SP e Regi\u00e3o&quot;","block_context":{"text":"Not\u00edcias de Ribeir\u00e3o Preto-SP e Regi\u00e3o","link":"https:\/\/noticiasribeiraopreto.com.br\/index.php\/category\/noticias-de-ribeirao-preto-sp-e-regiao-ismael-colosi\/"},"img":{"alt_text":"","src":"https:\/\/i0.wp.com\/noticiasribeiraopreto.com.br\/wp-content\/uploads\/2025\/04\/22mai2024rodoviariarpfotprisk-scaled.jpg?fit=750%2C500&ssl=1&resize=350%2C200","width":350,"height":200,"srcset":"https:\/\/i0.wp.com\/noticiasribeiraopreto.com.br\/wp-content\/uploads\/2025\/04\/22mai2024rodoviariarpfotprisk-scaled.jpg?fit=750%2C500&ssl=1&resize=350%2C200 1x, https:\/\/i0.wp.com\/noticiasribeiraopreto.com.br\/wp-content\/uploads\/2025\/04\/22mai2024rodoviariarpfotprisk-scaled.jpg?fit=750%2C500&ssl=1&resize=525%2C300 1.5x, https:\/\/i0.wp.com\/noticiasribeiraopreto.com.br\/wp-content\/uploads\/2025\/04\/22mai2024rodoviariarpfotprisk-scaled.jpg?fit=750%2C500&ssl=1&resize=700%2C400 2x"},"classes":[]},{"id":84079,"url":"https:\/\/noticiasribeiraopreto.com.br\/index.php\/2026\/04\/01\/operacao-pascoa-preve-fluxo-de-11-mi-veiculos\/","url_meta":{"origin":81020,"position":1},"title":"Opera\u00e7\u00e3o P\u00e1scoa prev\u00ea fluxo de 1,1 mi ve\u00edculos","author":"noticiasribeiraopreto.com.br","date":"1 de April de 2026","format":false,"excerpt":"| Por: Adalberto Luque | A Opera\u00e7\u00e3o P\u00e1scoa nas rodovias estaduais ter\u00e1 in\u00edcio \u00e0 00h00 desta quinta-feira (2) e segue at\u00e9 as 23h59 de domingo (5), com refor\u00e7o na fiscaliza\u00e7\u00e3o e amplia\u00e7\u00e3o dos servi\u00e7os prestados aos motoristas na regi\u00e3o de Ribeir\u00e3o Preto. A Pol\u00edcia Militar Rodovi\u00e1ria (PMRv) utilizar\u00e1 todo o\u2026","rel":"","context":"In &quot;Not\u00edcias de Ribeir\u00e3o Preto-SP e Regi\u00e3o&quot;","block_context":{"text":"Not\u00edcias de Ribeir\u00e3o Preto-SP e Regi\u00e3o","link":"https:\/\/noticiasribeiraopreto.com.br\/index.php\/category\/noticias-de-ribeirao-preto-sp-e-regiao-ismael-colosi\/"},"img":{"alt_text":"","src":"https:\/\/i0.wp.com\/noticiasribeiraopreto.com.br\/wp-content\/uploads\/2026\/04\/12-fev-2025-trafegaracostamento1-scaled.jpg?fit=1200%2C540&ssl=1&resize=350%2C200","width":350,"height":200,"srcset":"https:\/\/i0.wp.com\/noticiasribeiraopreto.com.br\/wp-content\/uploads\/2026\/04\/12-fev-2025-trafegaracostamento1-scaled.jpg?fit=1200%2C540&ssl=1&resize=350%2C200 1x, https:\/\/i0.wp.com\/noticiasribeiraopreto.com.br\/wp-content\/uploads\/2026\/04\/12-fev-2025-trafegaracostamento1-scaled.jpg?fit=1200%2C540&ssl=1&resize=525%2C300 1.5x, https:\/\/i0.wp.com\/noticiasribeiraopreto.com.br\/wp-content\/uploads\/2026\/04\/12-fev-2025-trafegaracostamento1-scaled.jpg?fit=1200%2C540&ssl=1&resize=700%2C400 2x, https:\/\/i0.wp.com\/noticiasribeiraopreto.com.br\/wp-content\/uploads\/2026\/04\/12-fev-2025-trafegaracostamento1-scaled.jpg?fit=1200%2C540&ssl=1&resize=1050%2C600 3x"},"classes":[]},{"id":44452,"url":"https:\/\/noticiasribeiraopreto.com.br\/index.php\/2024\/03\/27\/mais-de-600-mil-veiculos-devem-circular-nas-rodovias-da-regiao\/","url_meta":{"origin":81020,"position":2},"title":"Mais de 600 mil ve\u00edculos devem circular nas rodovias da regi\u00e3o","author":"noticiasribeiraopreto.com.br","date":"27 de March de 2024","format":false,"excerpt":"Opera\u00e7\u00e3o Semana Santa nas estradas ser\u00e1 realizada entre quinta-feira e segunda-feira com aumento de at\u00e9 24% no tr\u00e1fego 27 de mar\u00e7o de 2024 | 16:13 2 Por: Adalberto Luque A Opera\u00e7\u00e3o Semana Santa 2024 nas estradas come\u00e7a \u00e0 00h00 desta quinta-feira (28) e vai at\u00e9 as 23h59 de segunda-feira (1\/04).\u2026","rel":"","context":"In &quot;Not\u00edcias de Ribeir\u00e3o Preto-SP e Regi\u00e3o&quot;","block_context":{"text":"Not\u00edcias de Ribeir\u00e3o Preto-SP e Regi\u00e3o","link":"https:\/\/noticiasribeiraopreto.com.br\/index.php\/category\/noticias-de-ribeirao-preto-sp-e-regiao-ismael-colosi\/"},"img":{"alt_text":"","src":"https:\/\/i0.wp.com\/noticiasribeiraopreto.com.br\/wp-content\/uploads\/2024\/03\/00-27-mar-2024-feriado-02-Policia-Militar-Rodoviaria-SP-Foto-Divulgacao-scaled.jpg?fit=727%2C500&ssl=1&resize=350%2C200","width":350,"height":200,"srcset":"https:\/\/i0.wp.com\/noticiasribeiraopreto.com.br\/wp-content\/uploads\/2024\/03\/00-27-mar-2024-feriado-02-Policia-Militar-Rodoviaria-SP-Foto-Divulgacao-scaled.jpg?fit=727%2C500&ssl=1&resize=350%2C200 1x, https:\/\/i0.wp.com\/noticiasribeiraopreto.com.br\/wp-content\/uploads\/2024\/03\/00-27-mar-2024-feriado-02-Policia-Militar-Rodoviaria-SP-Foto-Divulgacao-scaled.jpg?fit=727%2C500&ssl=1&resize=525%2C300 1.5x, https:\/\/i0.wp.com\/noticiasribeiraopreto.com.br\/wp-content\/uploads\/2024\/03\/00-27-mar-2024-feriado-02-Policia-Militar-Rodoviaria-SP-Foto-Divulgacao-scaled.jpg?fit=727%2C500&ssl=1&resize=700%2C400 2x"},"classes":[]},{"id":36209,"url":"https:\/\/noticiasribeiraopreto.com.br\/index.php\/2024\/02\/08\/rodoviaria-espera-por-36-mil-pessoas-2\/","url_meta":{"origin":81020,"position":3},"title":"Rodovi\u00e1ria de RP espera por 36 mil pessoas\u00a0","author":"noticiasribeiraopreto.com.br","date":"8 de February de 2024","format":false,"excerpt":"8 de fevereiro de 2024 | 18:008 de fevereiro de 2024 | 16:26 0Muita gente pretende viajar de \u00f4nibus neste feriado prolongado de carnaval, celebrado entre s\u00e1bado, 10 de fevereiro,e a Quarta-Feira de Cinzas (14). Por\u00e9m, o movimento no Terminal Rodovi\u00e1rio de Ribeir\u00e3o Preto deve come\u00e7ar nesta sexta-feira (9), se\u2026","rel":"","context":"In &quot;Not\u00edcias de Ribeir\u00e3o Preto-SP e Regi\u00e3o&quot;","block_context":{"text":"Not\u00edcias de Ribeir\u00e3o Preto-SP e Regi\u00e3o","link":"https:\/\/noticiasribeiraopreto.com.br\/index.php\/category\/noticias-de-ribeirao-preto-sp-e-regiao-ismael-colosi\/"},"img":{"alt_text":"","src":"https:\/\/i0.wp.com\/noticiasribeiraopreto.com.br\/wp-content\/uploads\/2024\/02\/5-3-1024x618-1-scaled.jpg?fit=1000%2C604&ssl=1&resize=350%2C200","width":350,"height":200,"srcset":"https:\/\/i0.wp.com\/noticiasribeiraopreto.com.br\/wp-content\/uploads\/2024\/02\/5-3-1024x618-1-scaled.jpg?fit=1000%2C604&ssl=1&resize=350%2C200 1x, https:\/\/i0.wp.com\/noticiasribeiraopreto.com.br\/wp-content\/uploads\/2024\/02\/5-3-1024x618-1-scaled.jpg?fit=1000%2C604&ssl=1&resize=525%2C300 1.5x, https:\/\/i0.wp.com\/noticiasribeiraopreto.com.br\/wp-content\/uploads\/2024\/02\/5-3-1024x618-1-scaled.jpg?fit=1000%2C604&ssl=1&resize=700%2C400 2x"},"classes":[]},{"id":36274,"url":"https:\/\/noticiasribeiraopreto.com.br\/index.php\/2024\/02\/09\/nas-rodovias-fluxo-pode-chegar-a-1-milhao-de-veiculos\/","url_meta":{"origin":81020,"position":4},"title":"Nas rodovias fluxo pode chegar a 1 milh\u00e3o de ve\u00edculos","author":"noticiasribeiraopreto.com.br","date":"9 de February de 2024","format":false,"excerpt":"Pol\u00edcia Rodovi\u00e1ria vai intensificar fiscaliza\u00e7\u00e3o para combater dire\u00e7\u00e3o sob influ\u00eancia de \u00e1lcool e demais infra\u00e7\u00f5es 8 de fevereiro de 2024 | 15:48 2Por: Adalberto LuqueCome\u00e7a \u00e0s 00h00 desta sexta-feira (09) e vai at\u00e9 as 23h59 da ter\u00e7a-feira (13) a Opera\u00e7\u00e3o Carnaval 2024 nas rodovias estaduais. A Pol\u00edcia Militar Rodovi\u00e1ria (PMRv)\u2026","rel":"","context":"In &quot;Not\u00edcias de Ribeir\u00e3o Preto-SP e Regi\u00e3o&quot;","block_context":{"text":"Not\u00edcias de Ribeir\u00e3o Preto-SP e Regi\u00e3o","link":"https:\/\/noticiasribeiraopreto.com.br\/index.php\/category\/noticias-de-ribeirao-preto-sp-e-regiao-ismael-colosi\/"},"img":{"alt_text":"","src":"https:\/\/i0.wp.com\/noticiasribeiraopreto.com.br\/wp-content\/uploads\/2024\/02\/00-08-fev-2024-operacao-carnaval-00-foto-alfredo-risk.jpg?fit=968%2C645&ssl=1&resize=350%2C200","width":350,"height":200,"srcset":"https:\/\/i0.wp.com\/noticiasribeiraopreto.com.br\/wp-content\/uploads\/2024\/02\/00-08-fev-2024-operacao-carnaval-00-foto-alfredo-risk.jpg?fit=968%2C645&ssl=1&resize=350%2C200 1x, https:\/\/i0.wp.com\/noticiasribeiraopreto.com.br\/wp-content\/uploads\/2024\/02\/00-08-fev-2024-operacao-carnaval-00-foto-alfredo-risk.jpg?fit=968%2C645&ssl=1&resize=525%2C300 1.5x, https:\/\/i0.wp.com\/noticiasribeiraopreto.com.br\/wp-content\/uploads\/2024\/02\/00-08-fev-2024-operacao-carnaval-00-foto-alfredo-risk.jpg?fit=968%2C645&ssl=1&resize=700%2C400 2x"},"classes":[]},{"id":85365,"url":"https:\/\/noticiasribeiraopreto.com.br\/index.php\/2026\/05\/01\/terminal-rodoviario-ganhara-20-cameras\/","url_meta":{"origin":81020,"position":5},"title":"Terminal Rodovi\u00e1rio\u2028 ganhar\u00e1 20 c\u00e2meras","author":"noticiasribeiraopreto.com.br","date":"1 de May de 2026","format":false,"excerpt":"\r \r \r 1 de maio de 2026 07:201 de maio de 2026 00:49 \r Compartilhar0 Instala\u00e7\u00e3o de novos equipamentos foi comunicada ao presidente da C\u00e2mara de Ribeir\u00e3o Preto, Daniel Gobbi (PP) O presidente da C\u00e2mara de Vereadores, Daniel Gobbi (PP), esteve reunido com o coordenador de opera\u00e7\u00f5es do Terminal\u2026","rel":"","context":"In &quot;Not\u00edcias de Ribeir\u00e3o Preto-SP e Regi\u00e3o&quot;","block_context":{"text":"Not\u00edcias de Ribeir\u00e3o Preto-SP e Regi\u00e3o","link":"https:\/\/noticiasribeiraopreto.com.br\/index.php\/category\/noticias-de-ribeirao-preto-sp-e-regiao-ismael-colosi\/"},"img":{"alt_text":"","src":"https:\/\/i0.wp.com\/noticiasribeiraopreto.com.br\/wp-content\/uploads\/2026\/05\/Rodoviaria-Alfredo-Risk-scaled.jpg?fit=1200%2C800&ssl=1&resize=350%2C200","width":350,"height":200,"srcset":"https:\/\/i0.wp.com\/noticiasribeiraopreto.com.br\/wp-content\/uploads\/2026\/05\/Rodoviaria-Alfredo-Risk-scaled.jpg?fit=1200%2C800&ssl=1&resize=350%2C200 1x, https:\/\/i0.wp.com\/noticiasribeiraopreto.com.br\/wp-content\/uploads\/2026\/05\/Rodoviaria-Alfredo-Risk-scaled.jpg?fit=1200%2C800&ssl=1&resize=525%2C300 1.5x, https:\/\/i0.wp.com\/noticiasribeiraopreto.com.br\/wp-content\/uploads\/2026\/05\/Rodoviaria-Alfredo-Risk-scaled.jpg?fit=1200%2C800&ssl=1&resize=700%2C400 2x, https:\/\/i0.wp.com\/noticiasribeiraopreto.com.br\/wp-content\/uploads\/2026\/05\/Rodoviaria-Alfredo-Risk-scaled.jpg?fit=1200%2C800&ssl=1&resize=1050%2C600 3x"},"classes":[]}],"jetpack_sharing_enabled":true,"jetpack_shortlink":"https:\/\/wp.me\/peQAOb-l4M","_links":{"self":[{"href":"https:\/\/noticiasribeiraopreto.com.br\/index.php\/wp-json\/wp\/v2\/posts\/81020","targetHints":{"allow":["GET"]}}],"collection":[{"href":"https:\/\/noticiasribeiraopreto.com.br\/index.php\/wp-json\/wp\/v2\/posts"}],"about":[{"href":"https:\/\/noticiasribeiraopreto.com.br\/index.php\/wp-json\/wp\/v2\/types\/post"}],"author":[{"embeddable":true,"href":"https:\/\/noticiasribeiraopreto.com.br\/index.php\/wp-json\/wp\/v2\/users\/1"}],"replies":[{"embeddable":true,"href":"https:\/\/noticiasribeiraopreto.com.br\/index.php\/wp-json\/wp\/v2\/comments?post=81020"}],"version-history":[{"count":0,"href":"https:\/\/noticiasribeiraopreto.com.br\/index.php\/wp-json\/wp\/v2\/posts\/81020\/revisions"}],"wp:featuredmedia":[{"embeddable":true,"href":"https:\/\/noticiasribeiraopreto.com.br\/index.php\/wp-json\/wp\/v2\/media\/81021"}],"wp:attachment":[{"href":"https:\/\/noticiasribeiraopreto.com.br\/index.php\/wp-json\/wp\/v2\/media?parent=81020"}],"wp:term":[{"taxonomy":"category","embeddable":true,"href":"https:\/\/noticiasribeiraopreto.com.br\/index.php\/wp-json\/wp\/v2\/categories?post=81020"},{"taxonomy":"post_tag","embeddable":true,"href":"https:\/\/noticiasribeiraopreto.com.br\/index.php\/wp-json\/wp\/v2\/tags?post=81020"}],"curies":[{"name":"wp","href":"https:\/\/api.w.org\/{rel}","templated":true}]}}