{"id":81022,"date":"2025-12-21T07:04:38","date_gmt":"2025-12-21T10:04:38","guid":{"rendered":"https:\/\/noticiasribeiraopreto.com.br\/index.php\/2025\/12\/21\/veja-horario-de-funcionamento-do-mercadao-na-semana-do-natal\/"},"modified":"2025-12-21T07:04:38","modified_gmt":"2025-12-21T10:04:38","slug":"veja-horario-de-funcionamento-do-mercadao-na-semana-do-natal","status":"publish","type":"post","link":"https:\/\/noticiasribeiraopreto.com.br\/index.php\/2025\/12\/21\/veja-horario-de-funcionamento-do-mercadao-na-semana-do-natal\/","title":{"rendered":"Veja hor\u00e1rio de funcionamento do Mercad\u00e3o na semana do Natal"},"content":{"rendered":"<div class='code-block code-block-1' style='margin: 8px 0 8px auto; text-align: right; display: block; clear: both;'>\n<p><a href=\"https:\/\/wa.link\/vpicfd\"><img data-recalc-dims=\"1\" class=\"wp-image-4922\" style=\"aspect-ratio: 2.0253164556962027; width: 561px; height: auto;\" src=\"https:\/\/i0.wp.com\/ismaelcolosi.com.br\/wp-content\/uploads\/2023\/11\/grupo-de-empregos-whatsapp-e-facebook-ismael-colosi-vagas.jpg?ssl=1\" alt=\"\" \/><\/a><\/p>\n<!-- \/wp:image -->\n<\/div>\n<p> <br \/>\n<\/p>\n<div data-td-block-uid=\"tdi_95\">\n<div class=\"tdb-block-inner td-fix-index\">\n<p>Com a proximidade do <strong>Natal<\/strong>, o <strong>Mercad\u00e3o Central de Ribeir\u00e3o Preto<\/strong> funciona em hor\u00e1rio especial para atender os consumidores que pretendem visitar o espa\u00e7o antes da data comemorativa.<\/p>\n<p>O tradicional estabelecimento \u00e9 um dos pontos de com\u00e9rcio <strong>mais movimentados da cidade<\/strong> e est\u00e1 localizado no quadril\u00e1tero entre as ruas S\u00e3o Sebasti\u00e3o, Jos\u00e9 Bonif\u00e1cio, Am\u00e9rico Brasiliense e avenida Jer\u00f4nimo Gon\u00e7alves, no Centro do munic\u00edpio.<\/p>\n<h2 class=\"wp-block-heading\"><strong>Confira os hor\u00e1rios de final de ano do Mercad\u00e3o<\/strong><\/h2>\n<ul class=\"wp-block-list\">\n<li>20 de dezembro (s\u00e1bado) \u2013 das 7h \u00e0s 18h<\/li>\n<li>21 de dezembro (domingo) \u2013 das 8h \u00e0s 15h<\/li>\n<li>22 de dezembro (segunda-feira) \u2013 das 7h \u00e0s 19h<\/li>\n<li>23 de dezembro (ter\u00e7a-feira) \u2013 das 7h \u00e0s 19h<\/li>\n<li>24 de dezembro (quarta-feira) \u2013 das 7h \u00e0s 16h<\/li>\n<li><strong>25 de dezembro (quinta-feira) \u2013 fechado<\/strong><\/li>\n<\/ul>\n<div class=\"wp-block-image\">\n<figure class=\"aligncenter size-large is-resized\"><img data-recalc-dims=\"1\" fetchpriority=\"high\" decoding=\"async\" width=\"1024\" height=\"768\" src=\"https:\/\/i0.wp.com\/cdn.media-acidadeon.com.br\/ribeiraopreto\/wp-content\/uploads\/sites\/3\/2025\/09\/WhatsApp-Image-2025-09-29-at-16.04.45_2025-09-29_19-05-11-1024x768.webp?resize=1024%2C768&#038;ssl=1\" alt=\"Mercad\u00e3o Central de Ribeir\u00e3o Preto - Foto: V\u00edtor Neves.\" class=\"wp-image-130701\" style=\"width:654px\" title=\"Veja hor\u00e1rio de funcionamento do Mercad\u00e3o na semana do Natal 1\" srcset=\"https:\/\/cdn.media-acidadeon.com.br\/ribeiraopreto\/wp-content\/uploads\/sites\/3\/2025\/09\/WhatsApp-Image-2025-09-29-at-16.04.45_2025-09-29_19-05-11-1024x768.webp 1024w, https:\/\/cdn.media-acidadeon.com.br\/ribeiraopreto\/wp-content\/uploads\/sites\/3\/2025\/09\/WhatsApp-Image-2025-09-29-at-16.04.45_2025-09-29_19-05-11-300x225.webp 300w, https:\/\/cdn.media-acidadeon.com.br\/ribeiraopreto\/wp-content\/uploads\/sites\/3\/2025\/09\/WhatsApp-Image-2025-09-29-at-16.04.45_2025-09-29_19-05-11-768x576.webp 768w, https:\/\/cdn.media-acidadeon.com.br\/ribeiraopreto\/wp-content\/uploads\/sites\/3\/2025\/09\/WhatsApp-Image-2025-09-29-at-16.04.45_2025-09-29_19-05-11-696x522.webp 696w, https:\/\/cdn.media-acidadeon.com.br\/ribeiraopreto\/wp-content\/uploads\/sites\/3\/2025\/09\/WhatsApp-Image-2025-09-29-at-16.04.45_2025-09-29_19-05-11-1068x801.webp 1068w, https:\/\/cdn.media-acidadeon.com.br\/ribeiraopreto\/wp-content\/uploads\/sites\/3\/2025\/09\/WhatsApp-Image-2025-09-29-at-16.04.45_2025-09-29_19-05-11.webp 1200w\" sizes=\"(max-width: 1024px) 100vw, 1024px\"\/><figcaption class=\"wp-element-caption\">Mercad\u00e3o Central de Ribeir\u00e3o Preto \u2013 Foto: V\u00edtor Neves.<\/figcaption><\/figure>\n<\/div>\n<h3 class=\"wp-block-heading\"><strong>Com\u00e9rcio em Ribeir\u00e3o Preto<\/strong><\/h3>\n<p>O com\u00e9rcio de Ribeir\u00e3o Preto segue com hor\u00e1rio especial de <strong>fim de ano<\/strong>. As lojas do Centro e dos bairros v\u00e3o atender em esquema ampliado at\u00e9 quarta-feira (24). Confira:<\/p>\n<ul class=\"wp-block-list\">\n<li>De segunda a s\u00e1bado: lojas abertas das 9h \u00e0s 22h<\/li>\n<li>Domingos (21): atendimento das 10h \u00e0s 17h<\/li>\n<li>Quarta-feira (24): funcionamento das 9h \u00e0s 18h<\/li>\n<\/ul>\n<p>O objetivo do hor\u00e1rio estendido \u00e9 facilitar o movimento nas lojas, melhorar o fluxo de consumidores e ampliar as oportunidades de venda durante o per\u00edodo mais forte do varejo \u2013\u00a0clique aqui e confira a mat\u00e9ria completa.<\/p>\n<div class=\"wp-block-image\">\n<figure class=\"aligncenter size-full is-resized\"><img data-recalc-dims=\"1\" loading=\"lazy\" decoding=\"async\" width=\"1024\" height=\"639\" src=\"https:\/\/i0.wp.com\/cdn.media-acidadeon.com.br\/ribeiraopreto\/wp-content\/uploads\/sites\/3\/2024\/11\/horario-especial-de-natal_2024-11-25_18-34-38_jpeg_2024-11-25_18-34-38.webp?resize=1024%2C639&#038;ssl=1\" alt=\"Com\u00e9rcio e Shoppings de Ribeir\u00e3o d\u00e3o inicio ao hor\u00e1rio especial de Natal - Foto: Marcelo Fontes\" class=\"wp-image-100685\" style=\"width:654px\" title=\"Veja hor\u00e1rio de funcionamento do Mercad\u00e3o na semana do Natal 2\" srcset=\"https:\/\/cdn.media-acidadeon.com.br\/ribeiraopreto\/wp-content\/uploads\/sites\/3\/2024\/11\/horario-especial-de-natal_2024-11-25_18-34-38_jpeg_2024-11-25_18-34-38.webp 1024w, https:\/\/cdn.media-acidadeon.com.br\/ribeiraopreto\/wp-content\/uploads\/sites\/3\/2024\/11\/horario-especial-de-natal_2024-11-25_18-34-38_jpeg_2024-11-25_18-34-38-300x187.webp 300w, https:\/\/cdn.media-acidadeon.com.br\/ribeiraopreto\/wp-content\/uploads\/sites\/3\/2024\/11\/horario-especial-de-natal_2024-11-25_18-34-38_jpeg_2024-11-25_18-34-38-768x479.webp 768w, https:\/\/cdn.media-acidadeon.com.br\/ribeiraopreto\/wp-content\/uploads\/sites\/3\/2024\/11\/horario-especial-de-natal_2024-11-25_18-34-38_jpeg_2024-11-25_18-34-38-696x434.webp 696w\" sizes=\"auto, (max-width: 1024px) 100vw, 1024px\"\/><figcaption class=\"wp-element-caption\">Com\u00e9rcio e Shoppings de Ribeir\u00e3o seguem com hor\u00e1rio especial de Natal \u2013 Foto: Marcelo Fontes<\/figcaption><\/figure>\n<\/div>\n<hr class=\"wp-block-separator has-alpha-channel-opacity\"\/>\n<p>SAIBA MAIS<\/p>\n<p>Rede de supermercados anuncia constru\u00e7\u00e3o de nova loja em Ribeir\u00e3o Preto<\/p>\n<h2 class=\"wp-block-heading\"><strong>FIQUE ON<\/strong><\/h2>\n<p>Fique ligado em tudo que acontece em Ribeir\u00e3o Preto e regi\u00e3o. Siga os perfis do\u00a0<strong>acidade on<\/strong>\u00a0no<a href=\"https:\/\/www.instagram.com\/acidadeonribeirao\" target=\"_blank\" rel=\"noreferrer noopener\">\u00a0Instagram\u00a0<\/a>e no\u00a0<a href=\"https:\/\/www.facebook.com\/acidadeonribeirao\/\" target=\"_blank\" rel=\"noreferrer noopener\">Facebook<\/a>.<\/p>\n<p>Receba not\u00edcias do\u00a0<strong>acidade on<\/strong>\u00a0no WhatsApp. Para entrar no grupo,\u00a0basta\u00a0<a href=\"https:\/\/chat.whatsapp.com\/GFH9HUMUTHNFJdnyEd0xxq\" target=\"_blank\" rel=\"noreferrer noopener\">clicar aqui<\/a>. Ou, acesse o nosso\u00a0Canal\u00a0<a href=\"https:\/\/whatsapp.com\/channel\/0029Vb6IQl1JENyAeS57fk2p\" target=\"_blank\" rel=\"noreferrer noopener\">clicando aqui<\/a>.<\/p>\n<p>Fa\u00e7a uma den\u00fancia ou sugira uma reportagem sobre Ribeir\u00e3o Preto e regi\u00e3o pelo WhatsApp: 16 99117 7802.<\/p>\n<p>VEJA TAMB\u00c9M<br \/>Como fazer crunch cake?<\/p>\n<p><!-- AI CONTENT END 1 -->\n<\/div>\n<\/div>\n<p><script async src=\"\/\/www.instagram.com\/embed.js\"><\/script><br \/>\n<br \/><br \/>\n<br \/><a href=\"https:\/\/www.acidadeon.com\/ribeiraopreto\/cotidiano\/veja-horario-de-funcionamento-do-mercadao-na-semana-do-natal\/\">Source link <\/a><\/p>\n<!-- CONTENT END 1 -->\n","protected":false},"excerpt":{"rendered":"<p>Com a proximidade do Natal, o Mercad\u00e3o Central de Ribeir\u00e3o Preto funciona em hor\u00e1rio especial para atender os consumidores que pretendem visitar o espa\u00e7o antes&#8230;<\/p>\n","protected":false},"author":1,"featured_media":80671,"comment_status":"open","ping_status":"open","sticky":false,"template":"","format":"standard","meta":{"advanced_seo_description":"","jetpack_seo_html_title":"","jetpack_seo_noindex":false,"jetpack_post_was_ever_published":false,"_jetpack_newsletter_access":"","_jetpack_dont_email_post_to_subs":false,"_jetpack_newsletter_tier_id":0,"_jetpack_memberships_contains_paywalled_content":false,"_jetpack_memberships_contains_paid_content":false,"footnotes":"","jetpack_publicize_message":"","jetpack_publicize_feature_enabled":true,"jetpack_social_post_already_shared":true,"jetpack_social_options":{"image_generator_settings":{"template":"highway","default_image_id":0,"font":"","enabled":false},"version":2}},"categories":[11],"tags":[],"class_list":["post-81022","post","type-post","status-publish","format-standard","has-post-thumbnail","hentry","category-noticias-de-ribeirao-preto-sp-e-regiao-ismael-colosi"],"jetpack_publicize_connections":[],"jetpack_featured_media_url":"https:\/\/i0.wp.com\/noticiasribeiraopreto.com.br\/wp-content\/uploads\/2025\/12\/2019_27_09_aniversario_mercadao_alexandre_de_azevedo_097_2025-12-09_18-39-51.webp.webp?fit=1200%2C800&ssl=1","jetpack-related-posts":[{"id":80670,"url":"https:\/\/noticiasribeiraopreto.com.br\/index.php\/2025\/12\/10\/confira-os-horarios-especiais-de-fim-de-ano-do-mercadao-central-de-ribeirao\/","url_meta":{"origin":81022,"position":0},"title":"Confira os hor\u00e1rios especiais de fim de ano do Mercad\u00e3o Central de Ribeir\u00e3o","author":"noticiasribeiraopreto.com.br","date":"10 de December de 2025","format":false,"excerpt":"O Mercad\u00e3o Central de Ribeir\u00e3o Preto anunciou os hor\u00e1rios especiais para atender os consumidores nas compras de fim de ano, a partir desse final de semana. O local \u00e9 um dos pontos de com\u00e9rcio mais movimentados da cidade e est\u00e1 localizado no quadril\u00e1tero entre as ruas S\u00e3o Sebasti\u00e3o, Jos\u00e9 Bonif\u00e1cio,\u2026","rel":"","context":"In &quot;Not\u00edcias de Ribeir\u00e3o Preto-SP e Regi\u00e3o&quot;","block_context":{"text":"Not\u00edcias de Ribeir\u00e3o Preto-SP e Regi\u00e3o","link":"https:\/\/noticiasribeiraopreto.com.br\/index.php\/category\/noticias-de-ribeirao-preto-sp-e-regiao-ismael-colosi\/"},"img":{"alt_text":"","src":"https:\/\/i0.wp.com\/noticiasribeiraopreto.com.br\/wp-content\/uploads\/2025\/12\/2019_27_09_aniversario_mercadao_alexandre_de_azevedo_097_2025-12-09_18-39-51.webp.webp?fit=1200%2C800&ssl=1&resize=350%2C200","width":350,"height":200,"srcset":"https:\/\/i0.wp.com\/noticiasribeiraopreto.com.br\/wp-content\/uploads\/2025\/12\/2019_27_09_aniversario_mercadao_alexandre_de_azevedo_097_2025-12-09_18-39-51.webp.webp?fit=1200%2C800&ssl=1&resize=350%2C200 1x, https:\/\/i0.wp.com\/noticiasribeiraopreto.com.br\/wp-content\/uploads\/2025\/12\/2019_27_09_aniversario_mercadao_alexandre_de_azevedo_097_2025-12-09_18-39-51.webp.webp?fit=1200%2C800&ssl=1&resize=525%2C300 1.5x, https:\/\/i0.wp.com\/noticiasribeiraopreto.com.br\/wp-content\/uploads\/2025\/12\/2019_27_09_aniversario_mercadao_alexandre_de_azevedo_097_2025-12-09_18-39-51.webp.webp?fit=1200%2C800&ssl=1&resize=700%2C400 2x, https:\/\/i0.wp.com\/noticiasribeiraopreto.com.br\/wp-content\/uploads\/2025\/12\/2019_27_09_aniversario_mercadao_alexandre_de_azevedo_097_2025-12-09_18-39-51.webp.webp?fit=1200%2C800&ssl=1&resize=1050%2C600 3x"},"classes":[]},{"id":61311,"url":"https:\/\/noticiasribeiraopreto.com.br\/index.php\/2024\/12\/09\/mercadao-de-ribeirao-preto-anuncia-horarios-especiais-de-fim-de-ano-confira\/","url_meta":{"origin":81022,"position":1},"title":"Mercad\u00e3o de Ribeir\u00e3o Preto anuncia hor\u00e1rios especiais de fim de ano; Confira","author":"noticiasribeiraopreto.com.br","date":"9 de December de 2024","format":false,"excerpt":"A partir deste final de semana, o Mercad\u00e3o Central de Ribeir\u00e3o Preto estar\u00e1 funcionando em hor\u00e1rio especial para atender os consumidores nas compras de fim de ano. O local \u00e9 um dos pontos de com\u00e9rcio mais movimentados da cidade e est\u00e1 localizado no quadril\u00e1tero entre as ruas S\u00e3o Sebasti\u00e3o, Jos\u00e9\u2026","rel":"","context":"In &quot;Not\u00edcias de Ribeir\u00e3o Preto-SP e Regi\u00e3o&quot;","block_context":{"text":"Not\u00edcias de Ribeir\u00e3o Preto-SP e Regi\u00e3o","link":"https:\/\/noticiasribeiraopreto.com.br\/index.php\/category\/noticias-de-ribeirao-preto-sp-e-regiao-ismael-colosi\/"},"img":{"alt_text":"","src":"https:\/\/i0.wp.com\/noticiasribeiraopreto.com.br\/wp-content\/uploads\/2024\/12\/2019_27_09_aniversario_mercadao_alexandre_de_azevedo_097.jpg?fit=1200%2C800&ssl=1&resize=350%2C200","width":350,"height":200,"srcset":"https:\/\/i0.wp.com\/noticiasribeiraopreto.com.br\/wp-content\/uploads\/2024\/12\/2019_27_09_aniversario_mercadao_alexandre_de_azevedo_097.jpg?fit=1200%2C800&ssl=1&resize=350%2C200 1x, https:\/\/i0.wp.com\/noticiasribeiraopreto.com.br\/wp-content\/uploads\/2024\/12\/2019_27_09_aniversario_mercadao_alexandre_de_azevedo_097.jpg?fit=1200%2C800&ssl=1&resize=525%2C300 1.5x, https:\/\/i0.wp.com\/noticiasribeiraopreto.com.br\/wp-content\/uploads\/2024\/12\/2019_27_09_aniversario_mercadao_alexandre_de_azevedo_097.jpg?fit=1200%2C800&ssl=1&resize=700%2C400 2x, https:\/\/i0.wp.com\/noticiasribeiraopreto.com.br\/wp-content\/uploads\/2024\/12\/2019_27_09_aniversario_mercadao_alexandre_de_azevedo_097.jpg?fit=1200%2C800&ssl=1&resize=1050%2C600 3x"},"classes":[]},{"id":22192,"url":"https:\/\/noticiasribeiraopreto.com.br\/index.php\/2023\/12\/29\/mercadao-de-ribeirao-tem-horario-especial-neste-final-de-semana-veja-como-fica\/","url_meta":{"origin":81022,"position":2},"title":"Mercad\u00e3o de Ribeir\u00e3o tem hor\u00e1rio especial neste final de semana; Veja como fica","author":"noticiasribeiraopreto.com.br","date":"29 de December de 2023","format":false,"excerpt":"O Mercad\u00e3o Central de Ribeir\u00e3o Preto informou que, devido \u00e0s celebra\u00e7\u00f5es de ano novo, o hor\u00e1rio de atendimento ao p\u00fablico foi alterado neste \u00faltimo final de semana de 2023. Um dos mais movimentados pontos de com\u00e9rcio da cidade, o mercad\u00e3o est\u00e1 localizado no quadril\u00e1tero entre as ruas S\u00e3o Sebasti\u00e3o, Jos\u00e9\u2026","rel":"","context":"In &quot;Not\u00edcias de Ribeir\u00e3o Preto-SP e Regi\u00e3o&quot;","block_context":{"text":"Not\u00edcias de Ribeir\u00e3o Preto-SP e Regi\u00e3o","link":"https:\/\/noticiasribeiraopreto.com.br\/index.php\/category\/noticias-de-ribeirao-preto-sp-e-regiao-ismael-colosi\/"},"img":{"alt_text":"","src":"https:\/\/i0.wp.com\/noticiasribeiraopreto.com.br\/wp-content\/uploads\/2023\/12\/2019_27_09_aniversario_mercadao_alexandre_de_azevedo_097.jpg?fit=1200%2C800&ssl=1&resize=350%2C200","width":350,"height":200,"srcset":"https:\/\/i0.wp.com\/noticiasribeiraopreto.com.br\/wp-content\/uploads\/2023\/12\/2019_27_09_aniversario_mercadao_alexandre_de_azevedo_097.jpg?fit=1200%2C800&ssl=1&resize=350%2C200 1x, https:\/\/i0.wp.com\/noticiasribeiraopreto.com.br\/wp-content\/uploads\/2023\/12\/2019_27_09_aniversario_mercadao_alexandre_de_azevedo_097.jpg?fit=1200%2C800&ssl=1&resize=525%2C300 1.5x, https:\/\/i0.wp.com\/noticiasribeiraopreto.com.br\/wp-content\/uploads\/2023\/12\/2019_27_09_aniversario_mercadao_alexandre_de_azevedo_097.jpg?fit=1200%2C800&ssl=1&resize=700%2C400 2x, https:\/\/i0.wp.com\/noticiasribeiraopreto.com.br\/wp-content\/uploads\/2023\/12\/2019_27_09_aniversario_mercadao_alexandre_de_azevedo_097.jpg?fit=1200%2C800&ssl=1&resize=1050%2C600 3x"},"classes":[]},{"id":81294,"url":"https:\/\/noticiasribeiraopreto.com.br\/index.php\/2025\/12\/31\/veja-horario-de-funcionamento-do-mercadao-central-de-ribeirao-preto-neste-fim-de-ano\/","url_meta":{"origin":81022,"position":3},"title":"Veja hor\u00e1rio de funcionamento\u00a0do Mercad\u00e3o Central de Ribeir\u00e3o Preto neste fim de ano","author":"noticiasribeiraopreto.com.br","date":"31 de December de 2025","format":false,"excerpt":"O\u00a0Mercad\u00e3o Central de Ribeir\u00e3o Preto\u00a0funcionar\u00e1 em hor\u00e1rio reduzido nesta quarta-feira (31), v\u00e9spera do Ano Novo. O estabelecimento \u00e9 um tradicional ponto de com\u00e9rcio\u00a0no Centro da cidade, localizado entre as ruas S\u00e3o Sebasti\u00e3o, Jos\u00e9 Bonif\u00e1cio e a avenida Jer\u00f4nimo Gon\u00e7alves. Confira o funcionamento do Mercad\u00e3o Central: 31 de dezembro (quarta-feira) \u2013\u2026","rel":"","context":"In &quot;Not\u00edcias de Ribeir\u00e3o Preto-SP e Regi\u00e3o&quot;","block_context":{"text":"Not\u00edcias de Ribeir\u00e3o Preto-SP e Regi\u00e3o","link":"https:\/\/noticiasribeiraopreto.com.br\/index.php\/category\/noticias-de-ribeirao-preto-sp-e-regiao-ismael-colosi\/"},"img":{"alt_text":"","src":"https:\/\/i0.wp.com\/noticiasribeiraopreto.com.br\/wp-content\/uploads\/2025\/12\/2019_27_09_aniversario_mercadao_alexandre_de_azevedo_097_2025-12-09_18-39-51.webp.webp?fit=1200%2C800&ssl=1&resize=350%2C200","width":350,"height":200,"srcset":"https:\/\/i0.wp.com\/noticiasribeiraopreto.com.br\/wp-content\/uploads\/2025\/12\/2019_27_09_aniversario_mercadao_alexandre_de_azevedo_097_2025-12-09_18-39-51.webp.webp?fit=1200%2C800&ssl=1&resize=350%2C200 1x, https:\/\/i0.wp.com\/noticiasribeiraopreto.com.br\/wp-content\/uploads\/2025\/12\/2019_27_09_aniversario_mercadao_alexandre_de_azevedo_097_2025-12-09_18-39-51.webp.webp?fit=1200%2C800&ssl=1&resize=525%2C300 1.5x, https:\/\/i0.wp.com\/noticiasribeiraopreto.com.br\/wp-content\/uploads\/2025\/12\/2019_27_09_aniversario_mercadao_alexandre_de_azevedo_097_2025-12-09_18-39-51.webp.webp?fit=1200%2C800&ssl=1&resize=700%2C400 2x, https:\/\/i0.wp.com\/noticiasribeiraopreto.com.br\/wp-content\/uploads\/2025\/12\/2019_27_09_aniversario_mercadao_alexandre_de_azevedo_097_2025-12-09_18-39-51.webp.webp?fit=1200%2C800&ssl=1&resize=1050%2C600 3x"},"classes":[]},{"id":81318,"url":"https:\/\/noticiasribeiraopreto.com.br\/index.php\/2026\/01\/01\/supermercados-de-ribeirao-preto-tem-horarios-especiais-para-a-virada-do-ano-confira\/","url_meta":{"origin":81022,"position":4},"title":"Supermercados de Ribeir\u00e3o Preto t\u00eam hor\u00e1rios especiais para a virada do ano; confira","author":"noticiasribeiraopreto.com.br","date":"1 de January de 2026","format":false,"excerpt":"Quem pretende fazer compras de \u00faltima hora para a virada do ano deve ficar atento aos hor\u00e1rios de funcionamento dos supermercados de Ribeir\u00e3o Preto. No dia 31 de dezembro, v\u00e9spera de Ano Novo, as principais redes operam em hor\u00e1rio especial, enquanto no dia 1\u00ba de janeiro a maioria permanece fechada.\u2026","rel":"","context":"In &quot;Not\u00edcias de Ribeir\u00e3o Preto-SP e Regi\u00e3o&quot;","block_context":{"text":"Not\u00edcias de Ribeir\u00e3o Preto-SP e Regi\u00e3o","link":"https:\/\/noticiasribeiraopreto.com.br\/index.php\/category\/noticias-de-ribeirao-preto-sp-e-regiao-ismael-colosi\/"},"img":{"alt_text":"","src":"https:\/\/i0.wp.com\/noticiasribeiraopreto.com.br\/wp-content\/uploads\/2026\/01\/AnyConv.com__savegnago_2024-07-19_15-27-35.webp.webp?fit=1200%2C800&ssl=1&resize=350%2C200","width":350,"height":200,"srcset":"https:\/\/i0.wp.com\/noticiasribeiraopreto.com.br\/wp-content\/uploads\/2026\/01\/AnyConv.com__savegnago_2024-07-19_15-27-35.webp.webp?fit=1200%2C800&ssl=1&resize=350%2C200 1x, https:\/\/i0.wp.com\/noticiasribeiraopreto.com.br\/wp-content\/uploads\/2026\/01\/AnyConv.com__savegnago_2024-07-19_15-27-35.webp.webp?fit=1200%2C800&ssl=1&resize=525%2C300 1.5x, https:\/\/i0.wp.com\/noticiasribeiraopreto.com.br\/wp-content\/uploads\/2026\/01\/AnyConv.com__savegnago_2024-07-19_15-27-35.webp.webp?fit=1200%2C800&ssl=1&resize=700%2C400 2x, https:\/\/i0.wp.com\/noticiasribeiraopreto.com.br\/wp-content\/uploads\/2026\/01\/AnyConv.com__savegnago_2024-07-19_15-27-35.webp.webp?fit=1200%2C800&ssl=1&resize=1050%2C600 3x"},"classes":[]},{"id":61809,"url":"https:\/\/noticiasribeiraopreto.com.br\/index.php\/2024\/12\/23\/compras-de-natal-confira-os-horarios-do-comercio-no-centro-de-ribeirao-preto\/","url_meta":{"origin":81022,"position":5},"title":"Compras de Natal: Confira os hor\u00e1rios do com\u00e9rcio no Centro de Ribeir\u00e3o Preto","author":"noticiasribeiraopreto.com.br","date":"23 de December de 2024","format":false,"excerpt":"O com\u00e9rcio de rua de Ribeir\u00e3o Preto tem os \u00faltimos dias com hor\u00e1rios especiais de funcionamento para as compras de Natal.\u00a0Veja como ser\u00e1 o atendimento nesta segunda-feira (23) e ter\u00e7a-feira (24): Com\u00e9rcio tradicional Segunda-feira (23) 9h \u00e0s 22h Ter\u00e7a-feira (24) 9h \u00e0s 18h Quarta-feira (25) Fechado Mercad\u00e3o Central Segunda-feira (23)\u2026","rel":"","context":"In &quot;Not\u00edcias de Ribeir\u00e3o Preto-SP e Regi\u00e3o&quot;","block_context":{"text":"Not\u00edcias de Ribeir\u00e3o Preto-SP e Regi\u00e3o","link":"https:\/\/noticiasribeiraopreto.com.br\/index.php\/category\/noticias-de-ribeirao-preto-sp-e-regiao-ismael-colosi\/"},"img":{"alt_text":"","src":"https:\/\/i0.wp.com\/noticiasribeiraopreto.com.br\/wp-content\/uploads\/2024\/12\/CALCADAO_2024-06-18_13-51-25_jpg_2024-06-18_13-51-25.webp.webp?fit=1200%2C756&ssl=1&resize=350%2C200","width":350,"height":200,"srcset":"https:\/\/i0.wp.com\/noticiasribeiraopreto.com.br\/wp-content\/uploads\/2024\/12\/CALCADAO_2024-06-18_13-51-25_jpg_2024-06-18_13-51-25.webp.webp?fit=1200%2C756&ssl=1&resize=350%2C200 1x, https:\/\/i0.wp.com\/noticiasribeiraopreto.com.br\/wp-content\/uploads\/2024\/12\/CALCADAO_2024-06-18_13-51-25_jpg_2024-06-18_13-51-25.webp.webp?fit=1200%2C756&ssl=1&resize=525%2C300 1.5x, https:\/\/i0.wp.com\/noticiasribeiraopreto.com.br\/wp-content\/uploads\/2024\/12\/CALCADAO_2024-06-18_13-51-25_jpg_2024-06-18_13-51-25.webp.webp?fit=1200%2C756&ssl=1&resize=700%2C400 2x, https:\/\/i0.wp.com\/noticiasribeiraopreto.com.br\/wp-content\/uploads\/2024\/12\/CALCADAO_2024-06-18_13-51-25_jpg_2024-06-18_13-51-25.webp.webp?fit=1200%2C756&ssl=1&resize=1050%2C600 3x"},"classes":[]}],"jetpack_sharing_enabled":true,"jetpack_shortlink":"https:\/\/wp.me\/peQAOb-l4O","_links":{"self":[{"href":"https:\/\/noticiasribeiraopreto.com.br\/index.php\/wp-json\/wp\/v2\/posts\/81022","targetHints":{"allow":["GET"]}}],"collection":[{"href":"https:\/\/noticiasribeiraopreto.com.br\/index.php\/wp-json\/wp\/v2\/posts"}],"about":[{"href":"https:\/\/noticiasribeiraopreto.com.br\/index.php\/wp-json\/wp\/v2\/types\/post"}],"author":[{"embeddable":true,"href":"https:\/\/noticiasribeiraopreto.com.br\/index.php\/wp-json\/wp\/v2\/users\/1"}],"replies":[{"embeddable":true,"href":"https:\/\/noticiasribeiraopreto.com.br\/index.php\/wp-json\/wp\/v2\/comments?post=81022"}],"version-history":[{"count":0,"href":"https:\/\/noticiasribeiraopreto.com.br\/index.php\/wp-json\/wp\/v2\/posts\/81022\/revisions"}],"wp:featuredmedia":[{"embeddable":true,"href":"https:\/\/noticiasribeiraopreto.com.br\/index.php\/wp-json\/wp\/v2\/media\/80671"}],"wp:attachment":[{"href":"https:\/\/noticiasribeiraopreto.com.br\/index.php\/wp-json\/wp\/v2\/media?parent=81022"}],"wp:term":[{"taxonomy":"category","embeddable":true,"href":"https:\/\/noticiasribeiraopreto.com.br\/index.php\/wp-json\/wp\/v2\/categories?post=81022"},{"taxonomy":"post_tag","embeddable":true,"href":"https:\/\/noticiasribeiraopreto.com.br\/index.php\/wp-json\/wp\/v2\/tags?post=81022"}],"curies":[{"name":"wp","href":"https:\/\/api.w.org\/{rel}","templated":true}]}}