{"id":81023,"date":"2025-12-21T07:11:23","date_gmt":"2025-12-21T10:11:23","guid":{"rendered":"https:\/\/noticiasribeiraopreto.com.br\/index.php\/2025\/12\/21\/calor-e-umidade-favorecem-chuva-em-ribeirao-neste-final-de-semana-veja-previsao\/"},"modified":"2025-12-21T07:11:23","modified_gmt":"2025-12-21T10:11:23","slug":"calor-e-umidade-favorecem-chuva-em-ribeirao-neste-final-de-semana-veja-previsao","status":"publish","type":"post","link":"https:\/\/noticiasribeiraopreto.com.br\/index.php\/2025\/12\/21\/calor-e-umidade-favorecem-chuva-em-ribeirao-neste-final-de-semana-veja-previsao\/","title":{"rendered":"Calor e umidade favorecem chuva em Ribeir\u00e3o neste final de semana; Veja previs\u00e3o"},"content":{"rendered":"<div class='code-block code-block-1' style='margin: 8px 0 8px auto; text-align: right; display: block; clear: both;'>\n<p><a href=\"https:\/\/wa.link\/vpicfd\"><img data-recalc-dims=\"1\" class=\"wp-image-4922\" style=\"aspect-ratio: 2.0253164556962027; width: 561px; height: auto;\" src=\"https:\/\/i0.wp.com\/ismaelcolosi.com.br\/wp-content\/uploads\/2023\/11\/grupo-de-empregos-whatsapp-e-facebook-ismael-colosi-vagas.jpg?ssl=1\" alt=\"\" \/><\/a><\/p>\n<!-- \/wp:image -->\n<\/div>\n<p> <br \/>\n<\/p>\n<div data-td-block-uid=\"tdi_95\">\n<div class=\"tdb-block-inner td-fix-index\">\n<p>O <strong>s\u00e1bado (20)<\/strong> em <strong>Ribeir\u00e3o Preto<\/strong> deve ser marcado por <strong>calor <\/strong>e <strong>aumento das instabilidades ao longo do dia<\/strong>, segundo a previs\u00e3o da Climatempo. <mark style=\"background-color:#fcb900\" class=\"has-inline-color\">A temperatura varia entre 21\u00baC e 27\u00baC.<\/mark><\/p>\n<p>Segundo meteorologistas, o <strong>calor<\/strong>, a <strong>umidade <\/strong>e os <strong>ventos em n\u00edveis m\u00e9dios da atmosfera<\/strong> favorecem pancadas de chuva, com maior intensidade entre a tarde e a noite, no estado de S\u00e3o Paulo.<\/p>\n<figure class=\"wp-block-pullquote\">\n<blockquote>\n<p>A atua\u00e7\u00e3o de ventos associados a um cavado em n\u00edveis m\u00e9dios da atmosfera, somada ao calor e \u00e0 umidade, espalha instabilidades desde as primeiras horas do dia no sul e leste de S\u00e3o Paulo. Ao longo do dia, a chuva ganha for\u00e7a no noroeste e interior paulista<\/p>\n<p><cite>Climatempo<\/cite><\/p><\/blockquote>\n<\/figure>\n<p>H\u00e1 risco de chuva de moderada a forte intensidade e possibilidade de temporais isolados em algumas regi\u00f5es do <strong>estado de S\u00e3o Paulo<\/strong>.<\/p>\n<p>No domingo (21), as instabilidades perdem for\u00e7a, mas a <strong>Climatempo <\/strong>alerta que ainda <mark style=\"background-color:#fcb900\" class=\"has-inline-color\">h\u00e1 possibilidade de chuva fraca a moderada no oeste, norte e leste do estado de S\u00e3o Paulo.<\/mark><\/p>\n<p>Em <strong>Ribeir\u00e3o Preto <\/strong>o dia deve ser de sol com muitas nuvens e per\u00edodos de c\u00e9u nublado, com <strong>temperatura variando entre 21\u00baC e 27\u00baC<\/strong>.<\/p>\n<h2 class=\"wp-block-heading\"><strong>Confira mais detalhes da previs\u00e3o do tempo para o final de semana<\/strong><\/h2>\n<h3 class=\"wp-block-heading\"><strong>S\u00e1bado (20)<\/strong><\/h3>\n<ul class=\"wp-block-list\">\n<li>Sol com muitas nuvens. Pancadas de chuva \u00e0 tarde e \u00e0 noite.<\/li>\n<li>Temperatura: 21\u00b0C \/ 27\u00b0C<\/li>\n<li>Chuva: 1.0mm \u2013 79%<\/li>\n<li>Umidade: 69% \/ 96%<\/li>\n<\/ul>\n<h3 class=\"wp-block-heading\"><strong>Domingo (21)<\/strong><\/h3>\n<ul class=\"wp-block-list\">\n<li>Sol com muitas nuvens e per\u00edodos de c\u00e9u nublado. Noite com pancadas de chuva.<\/li>\n<li>Temperatura: 20\u00b0C \/ 29\u00b0C<\/li>\n<li>Chuva: 1.6mm \u2013 63%<\/li>\n<li>Umidade: 63% \/ 93%<\/li>\n<\/ul>\n<p><em><strong>Fonte<\/strong>: Climatempo<\/em><\/p>\n<hr class=\"wp-block-separator has-alpha-channel-opacity\"\/>\n<p>SAIBA MAIS<\/p>\n<p>Lei garante mamografia gratuita pelo SUS a mulheres a partir dos 40 anos<\/p>\n<h2 class=\"wp-block-heading\"><strong>FIQUE ON<\/strong><\/h2>\n<p>Fique ligado em tudo que acontece em Ribeir\u00e3o Preto e regi\u00e3o. Siga os perfis do\u00a0<strong>acidade on<\/strong>\u00a0no<a href=\"https:\/\/www.instagram.com\/acidadeonribeirao\" target=\"_blank\" rel=\"noreferrer noopener\">\u00a0Instagram\u00a0<\/a>e no\u00a0<a href=\"https:\/\/www.facebook.com\/acidadeonribeirao\/\" target=\"_blank\" rel=\"noreferrer noopener\">Facebook<\/a>.<\/p>\n<p>Receba not\u00edcias do\u00a0<strong>acidade on<\/strong>\u00a0no WhatsApp. Para entrar no grupo,\u00a0basta\u00a0<a href=\"https:\/\/chat.whatsapp.com\/GFH9HUMUTHNFJdnyEd0xxq\" target=\"_blank\" rel=\"noreferrer noopener\">clicar aqui<\/a>. Ou, acesse o nosso\u00a0Canal\u00a0<a href=\"https:\/\/whatsapp.com\/channel\/0029Vb6IQl1JENyAeS57fk2p\" target=\"_blank\" rel=\"noreferrer noopener\">clicando aqui<\/a>.<\/p>\n<p>Fa\u00e7a uma den\u00fancia ou sugira uma reportagem sobre Ribeir\u00e3o Preto e regi\u00e3o pelo WhatsApp: 16 99117 7802.<\/p>\n<p>VEJA TAMB\u00c9M<br \/>Como fazer crunch cake?<\/p>\n<p><!-- AI CONTENT END 1 -->\n<\/div>\n<\/div>\n<p><script async src=\"\/\/www.instagram.com\/embed.js\"><\/script><br \/>\n<br \/><br \/>\n<br \/><a href=\"https:\/\/www.acidadeon.com\/ribeiraopreto\/cotidiano\/calor-e-umidade-favorecem-chuva-em-ribeirao-neste-final-de-semana-veja-previsao\/\">Source link <\/a><\/p>\n<!-- CONTENT END 1 -->\n","protected":false},"excerpt":{"rendered":"<p>O s\u00e1bado (20) em Ribeir\u00e3o Preto deve ser marcado por calor e aumento das instabilidades ao longo do dia, segundo a previs\u00e3o da Climatempo. A&#8230;<\/p>\n","protected":false},"author":1,"featured_media":81024,"comment_status":"open","ping_status":"open","sticky":false,"template":"","format":"standard","meta":{"advanced_seo_description":"","jetpack_seo_html_title":"","jetpack_seo_noindex":false,"jetpack_post_was_ever_published":false,"_jetpack_newsletter_access":"","_jetpack_dont_email_post_to_subs":false,"_jetpack_newsletter_tier_id":0,"_jetpack_memberships_contains_paywalled_content":false,"_jetpack_memberships_contains_paid_content":false,"footnotes":"","jetpack_publicize_message":"","jetpack_publicize_feature_enabled":true,"jetpack_social_post_already_shared":true,"jetpack_social_options":{"image_generator_settings":{"template":"highway","default_image_id":0,"font":"","enabled":false},"version":2}},"categories":[11],"tags":[],"class_list":["post-81023","post","type-post","status-publish","format-standard","has-post-thumbnail","hentry","category-noticias-de-ribeirao-preto-sp-e-regiao-ismael-colosi"],"jetpack_publicize_connections":[],"jetpack_featured_media_url":"https:\/\/i0.wp.com\/noticiasribeiraopreto.com.br\/wp-content\/uploads\/2025\/12\/WhatsApp-Image-2025-11-23-at-12.54.53_2025-11-23_16-02-33.webp.webp?fit=1200%2C900&ssl=1","jetpack-related-posts":[{"id":63892,"url":"https:\/\/noticiasribeiraopreto.com.br\/index.php\/2025\/02\/25\/calor-e-umidade-trazem-risco-de-chuva-forte-ao-interior-de-sp-confira-a-previsao\/","url_meta":{"origin":81023,"position":0},"title":"Calor e umidade trazem risco de chuva forte ao interior de SP; Confira a previs\u00e3o","author":"noticiasribeiraopreto.com.br","date":"25 de February de 2025","format":false,"excerpt":"O calor e a umidade favorecem a forma\u00e7\u00e3o de instabilidades nesta ter\u00e7a-feira (25), no interior de S\u00e3o Paulo. Segundo a Climatempo, entre a tarde e noite, haver\u00e1 condi\u00e7\u00f5es para pancadas de chuva isoladas nas regi\u00f5es de Ribeir\u00e3o Preto, S\u00e3o Carlos e Campinas.\u00a0 Aten\u00e7\u00e3o para possibilidade de chuva forte localizada, seguida\u2026","rel":"","context":"In &quot;Not\u00edcias de Ribeir\u00e3o Preto-SP e Regi\u00e3o&quot;","block_context":{"text":"Not\u00edcias de Ribeir\u00e3o Preto-SP e Regi\u00e3o","link":"https:\/\/noticiasribeiraopreto.com.br\/index.php\/category\/noticias-de-ribeirao-preto-sp-e-regiao-ismael-colosi\/"},"img":{"alt_text":"","src":"https:\/\/i0.wp.com\/noticiasribeiraopreto.com.br\/wp-content\/uploads\/2025\/01\/nuvens_2025-01-01_18-54-37_jpeg_2025-01-01_18-54-38.webp.webp?fit=1200%2C900&ssl=1&resize=350%2C200","width":350,"height":200,"srcset":"https:\/\/i0.wp.com\/noticiasribeiraopreto.com.br\/wp-content\/uploads\/2025\/01\/nuvens_2025-01-01_18-54-37_jpeg_2025-01-01_18-54-38.webp.webp?fit=1200%2C900&ssl=1&resize=350%2C200 1x, https:\/\/i0.wp.com\/noticiasribeiraopreto.com.br\/wp-content\/uploads\/2025\/01\/nuvens_2025-01-01_18-54-37_jpeg_2025-01-01_18-54-38.webp.webp?fit=1200%2C900&ssl=1&resize=525%2C300 1.5x, https:\/\/i0.wp.com\/noticiasribeiraopreto.com.br\/wp-content\/uploads\/2025\/01\/nuvens_2025-01-01_18-54-37_jpeg_2025-01-01_18-54-38.webp.webp?fit=1200%2C900&ssl=1&resize=700%2C400 2x, https:\/\/i0.wp.com\/noticiasribeiraopreto.com.br\/wp-content\/uploads\/2025\/01\/nuvens_2025-01-01_18-54-37_jpeg_2025-01-01_18-54-38.webp.webp?fit=1200%2C900&ssl=1&resize=1050%2C600 3x"},"classes":[]},{"id":64865,"url":"https:\/\/noticiasribeiraopreto.com.br\/index.php\/2025\/03\/13\/calor-e-umidade-trazem-risco-de-chuva-forte-ao-interior-de-sp-nesta-quinta-confira-a-previsao\/","url_meta":{"origin":81023,"position":1},"title":"Calor e umidade trazem risco de chuva forte ao interior de SP nesta quinta; Confira a previs\u00e3o","author":"noticiasribeiraopreto.com.br","date":"13 de March de 2025","format":false,"excerpt":"O calor e a umidade favorecem a chuva forte nesta quinta-feira (13), no interior de S\u00e3o Paulo. Segundo a Climatempo, al\u00e9m da intera\u00e7\u00e3o entre calor e umidade presentes na atmosfera local, a forma\u00e7\u00e3o de uma \u00e1rea de baixa press\u00e3o sobre o oceano tamb\u00e9m deve contribuir para as instabilidades. Ventos, raios\u2026","rel":"","context":"In &quot;Not\u00edcias de Ribeir\u00e3o Preto-SP e Regi\u00e3o&quot;","block_context":{"text":"Not\u00edcias de Ribeir\u00e3o Preto-SP e Regi\u00e3o","link":"https:\/\/noticiasribeiraopreto.com.br\/index.php\/category\/noticias-de-ribeirao-preto-sp-e-regiao-ismael-colosi\/"},"img":{"alt_text":"","src":"https:\/\/i0.wp.com\/noticiasribeiraopreto.com.br\/wp-content\/uploads\/2025\/01\/nuvens_2025-01-01_18-54-37_jpeg_2025-01-01_18-54-38.webp.webp?fit=1200%2C900&ssl=1&resize=350%2C200","width":350,"height":200,"srcset":"https:\/\/i0.wp.com\/noticiasribeiraopreto.com.br\/wp-content\/uploads\/2025\/01\/nuvens_2025-01-01_18-54-37_jpeg_2025-01-01_18-54-38.webp.webp?fit=1200%2C900&ssl=1&resize=350%2C200 1x, https:\/\/i0.wp.com\/noticiasribeiraopreto.com.br\/wp-content\/uploads\/2025\/01\/nuvens_2025-01-01_18-54-37_jpeg_2025-01-01_18-54-38.webp.webp?fit=1200%2C900&ssl=1&resize=525%2C300 1.5x, https:\/\/i0.wp.com\/noticiasribeiraopreto.com.br\/wp-content\/uploads\/2025\/01\/nuvens_2025-01-01_18-54-37_jpeg_2025-01-01_18-54-38.webp.webp?fit=1200%2C900&ssl=1&resize=700%2C400 2x, https:\/\/i0.wp.com\/noticiasribeiraopreto.com.br\/wp-content\/uploads\/2025\/01\/nuvens_2025-01-01_18-54-37_jpeg_2025-01-01_18-54-38.webp.webp?fit=1200%2C900&ssl=1&resize=1050%2C600 3x"},"classes":[]},{"id":81755,"url":"https:\/\/noticiasribeiraopreto.com.br\/index.php\/2026\/01\/16\/calor-e-temporais-veja-previsao-do-tempo-para-ribeirao-preto-no-fim-de-semana\/","url_meta":{"origin":81023,"position":2},"title":"Calor e temporais: Veja previs\u00e3o do tempo para Ribeir\u00e3o Preto no fim de semana","author":"noticiasribeiraopreto.com.br","date":"16 de January de 2026","format":false,"excerpt":"O calor e a umidade, al\u00e9m de cavados meteorol\u00f3gicos favorecem a forma\u00e7\u00e3o de instabilidades nesta sexta-feira (16), na regi\u00e3o de Ribeir\u00e3o Preto. Segundo a Climatempo, h\u00e1 risco de temporais isolados no per\u00edodo da tarde e o tempo continua abafado. J\u00e1 entre a tarde e noite, as pancadas de chuva podem\u2026","rel":"","context":"In &quot;Not\u00edcias de Ribeir\u00e3o Preto-SP e Regi\u00e3o&quot;","block_context":{"text":"Not\u00edcias de Ribeir\u00e3o Preto-SP e Regi\u00e3o","link":"https:\/\/noticiasribeiraopreto.com.br\/index.php\/category\/noticias-de-ribeirao-preto-sp-e-regiao-ismael-colosi\/"},"img":{"alt_text":"","src":"https:\/\/i0.wp.com\/noticiasribeiraopreto.com.br\/wp-content\/uploads\/2026\/01\/WhatsApp-Image-2024-02-07-at-16.31.23.jpeg?fit=1200%2C540&ssl=1&resize=350%2C200","width":350,"height":200,"srcset":"https:\/\/i0.wp.com\/noticiasribeiraopreto.com.br\/wp-content\/uploads\/2026\/01\/WhatsApp-Image-2024-02-07-at-16.31.23.jpeg?fit=1200%2C540&ssl=1&resize=350%2C200 1x, https:\/\/i0.wp.com\/noticiasribeiraopreto.com.br\/wp-content\/uploads\/2026\/01\/WhatsApp-Image-2024-02-07-at-16.31.23.jpeg?fit=1200%2C540&ssl=1&resize=525%2C300 1.5x, https:\/\/i0.wp.com\/noticiasribeiraopreto.com.br\/wp-content\/uploads\/2026\/01\/WhatsApp-Image-2024-02-07-at-16.31.23.jpeg?fit=1200%2C540&ssl=1&resize=700%2C400 2x, https:\/\/i0.wp.com\/noticiasribeiraopreto.com.br\/wp-content\/uploads\/2026\/01\/WhatsApp-Image-2024-02-07-at-16.31.23.jpeg?fit=1200%2C540&ssl=1&resize=1050%2C600 3x"},"classes":[]},{"id":62190,"url":"https:\/\/noticiasribeiraopreto.com.br\/index.php\/2025\/01\/07\/calor-e-umidade-trazem-risco-de-chuva-forte-ao-interior-de-sp-veja-previsao\/","url_meta":{"origin":81023,"position":3},"title":"Calor e umidade trazem risco de chuva forte ao interior de SP; Veja previs\u00e3o","author":"noticiasribeiraopreto.com.br","date":"7 de January de 2025","format":false,"excerpt":"O interior de S\u00e3o Paulo tem risco de chuva forte nesta ter\u00e7a-feira (7). Segundo a Climatempo, o calor e a umidade estimulam a forma\u00e7\u00e3o de instabilidades sobre as regi\u00f5es de Ribeir\u00e3o Preto, S\u00e3o Carlos e Campinas. Ainda conforme a meteorologia, h\u00e1 condi\u00e7\u00f5es para pancadas localizadas em alguns munic\u00edpios no per\u00edodo\u2026","rel":"","context":"In &quot;Not\u00edcias de Ribeir\u00e3o Preto-SP e Regi\u00e3o&quot;","block_context":{"text":"Not\u00edcias de Ribeir\u00e3o Preto-SP e Regi\u00e3o","link":"https:\/\/noticiasribeiraopreto.com.br\/index.php\/category\/noticias-de-ribeirao-preto-sp-e-regiao-ismael-colosi\/"},"img":{"alt_text":"","src":"https:\/\/i0.wp.com\/noticiasribeiraopreto.com.br\/wp-content\/uploads\/2024\/08\/WhatsApp-Image-2024-07-13-at-19.42.17_2024-07-13_22-42-51_jpeg_2024-07-13_22-42-51.webp.webp?fit=1200%2C553&ssl=1&resize=350%2C200","width":350,"height":200,"srcset":"https:\/\/i0.wp.com\/noticiasribeiraopreto.com.br\/wp-content\/uploads\/2024\/08\/WhatsApp-Image-2024-07-13-at-19.42.17_2024-07-13_22-42-51_jpeg_2024-07-13_22-42-51.webp.webp?fit=1200%2C553&ssl=1&resize=350%2C200 1x, https:\/\/i0.wp.com\/noticiasribeiraopreto.com.br\/wp-content\/uploads\/2024\/08\/WhatsApp-Image-2024-07-13-at-19.42.17_2024-07-13_22-42-51_jpeg_2024-07-13_22-42-51.webp.webp?fit=1200%2C553&ssl=1&resize=525%2C300 1.5x, https:\/\/i0.wp.com\/noticiasribeiraopreto.com.br\/wp-content\/uploads\/2024\/08\/WhatsApp-Image-2024-07-13-at-19.42.17_2024-07-13_22-42-51_jpeg_2024-07-13_22-42-51.webp.webp?fit=1200%2C553&ssl=1&resize=700%2C400 2x, https:\/\/i0.wp.com\/noticiasribeiraopreto.com.br\/wp-content\/uploads\/2024\/08\/WhatsApp-Image-2024-07-13-at-19.42.17_2024-07-13_22-42-51_jpeg_2024-07-13_22-42-51.webp.webp?fit=1200%2C553&ssl=1&resize=1050%2C600 3x"},"classes":[]},{"id":63951,"url":"https:\/\/noticiasribeiraopreto.com.br\/index.php\/2025\/02\/26\/antes-de-nova-onda-de-calor-pancadas-de-chuva-atingem-o-interior-de-sp-veja-previsao\/","url_meta":{"origin":81023,"position":4},"title":"Antes de nova onda de calor, pancadas de chuva atingem o interior de SP; Veja previs\u00e3o","author":"noticiasribeiraopreto.com.br","date":"26 de February de 2025","format":false,"excerpt":"Uma nova onda de calor \u2013 a quinta em 2025 \u2013 est\u00e1 prevista no estado de S\u00e3o Paulo entre os dias 28 de fevereiro e 5 de mar\u00e7o. A maior parte do estado dever\u00e1 registrar temperaturas superiores a 5\u00b0C acima da m\u00e9dia, segundo a Climatempo. Contudo, antes da chegada desta\u2026","rel":"","context":"In &quot;Not\u00edcias de Ribeir\u00e3o Preto-SP e Regi\u00e3o&quot;","block_context":{"text":"Not\u00edcias de Ribeir\u00e3o Preto-SP e Regi\u00e3o","link":"https:\/\/noticiasribeiraopreto.com.br\/index.php\/category\/noticias-de-ribeirao-preto-sp-e-regiao-ismael-colosi\/"},"img":{"alt_text":"","src":"https:\/\/i0.wp.com\/noticiasribeiraopreto.com.br\/wp-content\/uploads\/2025\/02\/1740566535_RIBEIRAO-PRETO.jpg?fit=1200%2C708&ssl=1&resize=350%2C200","width":350,"height":200,"srcset":"https:\/\/i0.wp.com\/noticiasribeiraopreto.com.br\/wp-content\/uploads\/2025\/02\/1740566535_RIBEIRAO-PRETO.jpg?fit=1200%2C708&ssl=1&resize=350%2C200 1x, https:\/\/i0.wp.com\/noticiasribeiraopreto.com.br\/wp-content\/uploads\/2025\/02\/1740566535_RIBEIRAO-PRETO.jpg?fit=1200%2C708&ssl=1&resize=525%2C300 1.5x, https:\/\/i0.wp.com\/noticiasribeiraopreto.com.br\/wp-content\/uploads\/2025\/02\/1740566535_RIBEIRAO-PRETO.jpg?fit=1200%2C708&ssl=1&resize=700%2C400 2x, https:\/\/i0.wp.com\/noticiasribeiraopreto.com.br\/wp-content\/uploads\/2025\/02\/1740566535_RIBEIRAO-PRETO.jpg?fit=1200%2C708&ssl=1&resize=1050%2C600 3x"},"classes":[]},{"id":62456,"url":"https:\/\/noticiasribeiraopreto.com.br\/index.php\/2025\/01\/15\/pancadas-fortes-de-chuva-raios-e-ventania-no-interior-de-sp-confira-a-previsao\/","url_meta":{"origin":81023,"position":5},"title":"Pancadas fortes de chuva, raios e ventania no interior de SP; Confira a previs\u00e3o","author":"noticiasribeiraopreto.com.br","date":"15 de January de 2025","format":false,"excerpt":"O interior de S\u00e3o Paulo tem chance de chuva forte nesta quarta-feira\u00a0 (15), com possibilidade de raios e ventania. Segundo a Climatempo, uma mudan\u00e7a no padr\u00e3o dos ventos deve ajudar no escoamento da umidade do Norte do pa\u00eds sobre as regi\u00f5es de Ribeir\u00e3o Preto, S\u00e3o Carlos e Campinas. Conforme a\u2026","rel":"","context":"In &quot;Not\u00edcias de Ribeir\u00e3o Preto-SP e Regi\u00e3o&quot;","block_context":{"text":"Not\u00edcias de Ribeir\u00e3o Preto-SP e Regi\u00e3o","link":"https:\/\/noticiasribeiraopreto.com.br\/index.php\/category\/noticias-de-ribeirao-preto-sp-e-regiao-ismael-colosi\/"},"img":{"alt_text":"","src":"https:\/\/i0.wp.com\/noticiasribeiraopreto.com.br\/wp-content\/uploads\/2025\/01\/CHUVA-1.jpg?fit=1200%2C667&ssl=1&resize=350%2C200","width":350,"height":200,"srcset":"https:\/\/i0.wp.com\/noticiasribeiraopreto.com.br\/wp-content\/uploads\/2025\/01\/CHUVA-1.jpg?fit=1200%2C667&ssl=1&resize=350%2C200 1x, https:\/\/i0.wp.com\/noticiasribeiraopreto.com.br\/wp-content\/uploads\/2025\/01\/CHUVA-1.jpg?fit=1200%2C667&ssl=1&resize=525%2C300 1.5x, https:\/\/i0.wp.com\/noticiasribeiraopreto.com.br\/wp-content\/uploads\/2025\/01\/CHUVA-1.jpg?fit=1200%2C667&ssl=1&resize=700%2C400 2x, https:\/\/i0.wp.com\/noticiasribeiraopreto.com.br\/wp-content\/uploads\/2025\/01\/CHUVA-1.jpg?fit=1200%2C667&ssl=1&resize=1050%2C600 3x"},"classes":[]}],"jetpack_sharing_enabled":true,"jetpack_shortlink":"https:\/\/wp.me\/peQAOb-l4P","_links":{"self":[{"href":"https:\/\/noticiasribeiraopreto.com.br\/index.php\/wp-json\/wp\/v2\/posts\/81023","targetHints":{"allow":["GET"]}}],"collection":[{"href":"https:\/\/noticiasribeiraopreto.com.br\/index.php\/wp-json\/wp\/v2\/posts"}],"about":[{"href":"https:\/\/noticiasribeiraopreto.com.br\/index.php\/wp-json\/wp\/v2\/types\/post"}],"author":[{"embeddable":true,"href":"https:\/\/noticiasribeiraopreto.com.br\/index.php\/wp-json\/wp\/v2\/users\/1"}],"replies":[{"embeddable":true,"href":"https:\/\/noticiasribeiraopreto.com.br\/index.php\/wp-json\/wp\/v2\/comments?post=81023"}],"version-history":[{"count":0,"href":"https:\/\/noticiasribeiraopreto.com.br\/index.php\/wp-json\/wp\/v2\/posts\/81023\/revisions"}],"wp:featuredmedia":[{"embeddable":true,"href":"https:\/\/noticiasribeiraopreto.com.br\/index.php\/wp-json\/wp\/v2\/media\/81024"}],"wp:attachment":[{"href":"https:\/\/noticiasribeiraopreto.com.br\/index.php\/wp-json\/wp\/v2\/media?parent=81023"}],"wp:term":[{"taxonomy":"category","embeddable":true,"href":"https:\/\/noticiasribeiraopreto.com.br\/index.php\/wp-json\/wp\/v2\/categories?post=81023"},{"taxonomy":"post_tag","embeddable":true,"href":"https:\/\/noticiasribeiraopreto.com.br\/index.php\/wp-json\/wp\/v2\/tags?post=81023"}],"curies":[{"name":"wp","href":"https:\/\/api.w.org\/{rel}","templated":true}]}}