{"id":81025,"date":"2025-12-21T08:39:51","date_gmt":"2025-12-21T11:39:51","guid":{"rendered":"https:\/\/noticiasribeiraopreto.com.br\/index.php\/2025\/12\/21\/corinthians-e-vasco-decidem-a-copa-do-brasil\/"},"modified":"2025-12-21T08:39:51","modified_gmt":"2025-12-21T11:39:51","slug":"corinthians-e-vasco-decidem-a-copa-do-brasil","status":"publish","type":"post","link":"https:\/\/noticiasribeiraopreto.com.br\/index.php\/2025\/12\/21\/corinthians-e-vasco-decidem-a-copa-do-brasil\/","title":{"rendered":"Corinthians e Vasco decidem a Copa do Brasil"},"content":{"rendered":"<div class='code-block code-block-1' style='margin: 8px 0 8px auto; text-align: right; display: block; clear: both;'>\n<p><a href=\"https:\/\/wa.link\/vpicfd\"><img data-recalc-dims=\"1\" class=\"wp-image-4922\" style=\"aspect-ratio: 2.0253164556962027; width: 561px; height: auto;\" src=\"https:\/\/i0.wp.com\/ismaelcolosi.com.br\/wp-content\/uploads\/2023\/11\/grupo-de-empregos-whatsapp-e-facebook-ismael-colosi-vagas.jpg?ssl=1\" alt=\"\" \/><\/a><\/p>\n<!-- \/wp:image -->\n<\/div>\n<p> <br \/>\n<\/p>\n<div id=\"\">&#13;<br \/>\n\t\t\t\t\t\t\t\t&#13;<\/p>\n<p>&#13;<br \/>\n\t\t\t\t\t\t\t\t\t<span class=\"entry-meta-item penci-posted-on\"><i class=\"fa fa-clock-o\"\/><time class=\"entry-date published\" datetime=\"2025-12-21T08:35:57-03:00\">21 de dezembro de 2025 08:35<\/time><time class=\"updated\" datetime=\"2025-12-20T03:23:43-03:00\">20 de dezembro de 2025 03:23<\/time><\/span><span class=\"entry-meta-item penci-post-countview\"\/>\t\t\t\t\t\t\t\t<\/p>\n<p><!-- .entry-meta -->&#13;<br \/>\n\t\t\t\t\t\t\t\t<span class=\"penci-social-buttons penci-social-share-footer\"><span class=\"penci-social-share-text\">Compartilhar<\/span><a href=\"#\" class=\"penci-post-like penci_post-meta_item  single-like-button penci-social-item like\" data-post_id=\"449644\" title=\"Like\" data-like=\"Like\" data-unlike=\"Unlike\"><i class=\"fa fa-thumbs-o-up\"\/><span class=\"penci-share-number\">0<\/span><\/a><i class=\"fa fa-facebook\"\/><a class=\"penci-social-item twitter\" target=\"_blank\" rel=\"noopener\" title=\"\" href=\"https:\/\/twitter.com\/intent\/tweet?text=Corinthians%20e%20Vasco%20decidem%20a%20Copa%20do%20Brasil%20-%20https:\/\/www.tribunaribeirao.com.br\/corinthians-e-vasco-decidem-a-copa-do-brasil\/\"><i class=\"fa fa-twitter\"\/><\/a><i class=\"fa fa-linkedin\"\/><i class=\"fa fa-whatsapp\"\/><i class=\"fa fa-telegram\"\/><i class=\"fa fa-envelope\"\/><\/span>\t\t\t\t\t\t\t<\/div>\n<div>\n<p><strong><em>Por Hugo Luque<\/em><\/strong><\/p>\n<p>No fechamento da temporada de 2025 do futebol brasileiro, o Corinthians encara o Vasco neste domingo (21), \u00e0s 18h, no Maracan\u00e3, pela grande final da Copa do Brasil. Ap\u00f3s o empate em 0 a 0 na Neo Qu\u00edmica Arena, na \u00faltima quarta-feira, o vencedor da partida deste fim de semana fica com o trof\u00e9u.<\/p>\n<p>O Tim\u00e3o tem na Copa do Brasil sua \u00faltima esperan\u00e7a de chegar \u00e0 Libertadores do ano que vem. A equipe de Dorival J\u00fanior n\u00e3o fez uma grande apresenta\u00e7\u00e3o diante de sua torcida, mas precisa de uma simples vit\u00f3ria no tempo normal para voltar a vencer a competi\u00e7\u00e3o pela primeira vez desde 2009. Em caso de novo empate, a decis\u00e3o ser\u00e1 nos p\u00eanaltis.<\/p>\n<figure id=\"attachment_449646\" aria-describedby=\"caption-attachment-449646\" style=\"width: 300px\" class=\"wp-caption alignleft\"><img data-recalc-dims=\"1\" loading=\"lazy\" decoding=\"async\" class=\"size-medium wp-image-449646 lazyload\" src=\"https:\/\/i0.wp.com\/www.tribunaribeirao.com.br\/wp-content\/uploads\/2025\/12\/2-copa-br-Foto-02-Rodrigo-Coca_Ag.-Corinthians-300x240.jpg?resize=300%2C240&#038;ssl=1\" alt=\"\" width=\"300\" height=\"240\" srcset=\"https:\/\/www.tribunaribeirao.com.br\/wp-content\/uploads\/2025\/12\/2-copa-br-Foto-02-Rodrigo-Coca_Ag.-Corinthians-300x240.jpg 300w, https:\/\/www.tribunaribeirao.com.br\/wp-content\/uploads\/2025\/12\/2-copa-br-Foto-02-Rodrigo-Coca_Ag.-Corinthians.jpg 400w\" data-sizes=\"(max-width: 300px) 100vw, 300px\" style=\"--smush-placeholder-width: 300px; --smush-placeholder-aspect-ratio: 300\/240;\"\/><figcaption id=\"caption-attachment-449646\" class=\"wp-caption-text\">O Tim\u00e3o tem na Copa do Brasil sua \u00faltima esperan\u00e7a de chegar \u00e0 Libertadores do ano que vem | Foto: Rodrigo Coca \/ Ag. Corinthians<\/figcaption><\/figure>\n<p>Tricampe\u00e3o do torneio nacional, o Corinthians iniciou a campanha neste ano na terceira fase. O time chegou \u00e0 decis\u00e3o ao eliminar Novorizontino, Palmeiras, Athletico-PR e Cruzeiro.<\/p>\n<p>Do outro lado, o Vasco busca seu primeiro t\u00edtulo desde o Campeonato Carioca de 2016. Vencedor da Copa do Brasil em 2011, o Cruzmaltino, que \u00e9 comandado por Fernando Diniz, disputou todas as fases do torneio em 2025. O conjunto carioca deixou pelo caminho Uni\u00e3o Rondon\u00f3polis-MT, Nova Igua\u00e7u-RJ, Oper\u00e1rio-PR, CSA, Botafogo e Fluminense.<\/p>\n<p>Os corintianos levam vantagem hist\u00f3rica no confronto. Em 108 jogos, foram 49 vit\u00f3rias, 34 empates e 25 derrotas. Pela Copa do Brasil, foram dois embates eliminat\u00f3rios e duas classifica\u00e7\u00f5es paulistas, em 1995 e 2009. Nos dois anos, o Tim\u00e3o conquistou o t\u00edtulo.<\/p>\n<p>Sem novos desfalques, o Corinthians deve ter for\u00e7a total na volta. Uma prov\u00e1vel escala\u00e7\u00e3o tem: Hugo Souza; Matheuzinho, Gustavo Henrique, Andr\u00e9 Ramalho e Matheus Bidu; Raniele, Jos\u00e9 Mart\u00ednez, Matheus Bidu e Rodrigo Garro; Memphis Depay e Yuri Alberto.<\/p>\n<\/div>\n<p><script async src=\"\/\/platform.twitter.com\/widgets.js\" charset=\"utf-8\"><\/script><br \/>\n<br \/><br \/>\n<br \/><a href=\"https:\/\/www.tribunaribeirao.com.br\/corinthians-e-vasco-decidem-a-copa-do-brasil\/\">Source link <\/a><\/p>\n<!-- CONTENT END 1 -->\n","protected":false},"excerpt":{"rendered":"<p>&#13; &#13; &#13; 21 de dezembro de 2025 08:3520 de dezembro de 2025 03:23 &#13; Compartilhar0 Por Hugo Luque No fechamento da temporada de 2025&#8230;<\/p>\n","protected":false},"author":1,"featured_media":81026,"comment_status":"open","ping_status":"open","sticky":false,"template":"","format":"standard","meta":{"advanced_seo_description":"","jetpack_seo_html_title":"","jetpack_seo_noindex":false,"jetpack_post_was_ever_published":false,"_jetpack_newsletter_access":"","_jetpack_dont_email_post_to_subs":false,"_jetpack_newsletter_tier_id":0,"_jetpack_memberships_contains_paywalled_content":false,"_jetpack_memberships_contains_paid_content":false,"footnotes":"","jetpack_publicize_message":"","jetpack_publicize_feature_enabled":true,"jetpack_social_post_already_shared":true,"jetpack_social_options":{"image_generator_settings":{"template":"highway","default_image_id":0,"font":"","enabled":false},"version":2}},"categories":[11],"tags":[],"class_list":["post-81025","post","type-post","status-publish","format-standard","has-post-thumbnail","hentry","category-noticias-de-ribeirao-preto-sp-e-regiao-ismael-colosi"],"jetpack_publicize_connections":[],"jetpack_featured_media_url":"https:\/\/i0.wp.com\/noticiasribeiraopreto.com.br\/wp-content\/uploads\/2025\/12\/2-copa-br-Foto-01-Rodrigo-Coca_Ag.-Corinthians.jpg?fit=400%2C271&ssl=1","jetpack-related-posts":[{"id":44496,"url":"https:\/\/noticiasribeiraopreto.com.br\/index.php\/2024\/03\/28\/basequimica-s-a-balancos-patrimoniais-em-31-de-dezembro-de-2023-e-de-2022\/","url_meta":{"origin":81025,"position":0},"title":"BASEQU\u00cdMICA S.A \u2013 Balan\u00e7os Patrimoniais em 31 de dezembro de 2023 e de 2022","author":"noticiasribeiraopreto.com.br","date":"28 de March de 2024","format":false,"excerpt":"O post BASEQU\u00cdMICA S.A \u2013 Balan\u00e7os Patrimoniais em 31 de dezembro de 2023 e de 2022 apareceu primeiro em Jornal Tribuna Ribeir\u00e3o. Source link","rel":"","context":"In &quot;Not\u00edcias de Ribeir\u00e3o Preto-SP e Regi\u00e3o&quot;","block_context":{"text":"Not\u00edcias de Ribeir\u00e3o Preto-SP e Regi\u00e3o","link":"https:\/\/noticiasribeiraopreto.com.br\/index.php\/category\/noticias-de-ribeirao-preto-sp-e-regiao-ismael-colosi\/"},"img":{"alt_text":"","src":"https:\/\/i0.wp.com\/noticiasribeiraopreto.com.br\/wp-content\/uploads\/2024\/03\/1711618345_publicidade-legal.png?fit=700%2C450&ssl=1&resize=350%2C200","width":350,"height":200,"srcset":"https:\/\/i0.wp.com\/noticiasribeiraopreto.com.br\/wp-content\/uploads\/2024\/03\/1711618345_publicidade-legal.png?fit=700%2C450&ssl=1&resize=350%2C200 1x, https:\/\/i0.wp.com\/noticiasribeiraopreto.com.br\/wp-content\/uploads\/2024\/03\/1711618345_publicidade-legal.png?fit=700%2C450&ssl=1&resize=525%2C300 1.5x, https:\/\/i0.wp.com\/noticiasribeiraopreto.com.br\/wp-content\/uploads\/2024\/03\/1711618345_publicidade-legal.png?fit=700%2C450&ssl=1&resize=700%2C400 2x"},"classes":[]},{"id":13473,"url":"https:\/\/noticiasribeiraopreto.com.br\/index.php\/2023\/12\/10\/descubra-o-que-o-caixa-tem-reservou-para-dezembro\/","url_meta":{"origin":81025,"position":1},"title":"Descubra o que o Caixa Tem reservou para dezembro","author":"noticiasribeiraopreto.com.br","date":"10 de December de 2023","format":false,"excerpt":"Cr\u00e9ditos: Marcelo Camargo\/ Ag\u00eancia BrasilCaixa Tem tem novidades para dezembro O m\u00eas de dezembro chegou, e com ele, a expectativa de milh\u00f5es de brasileiros que aguardam ansiosamente pelos pagamentos do Caixa Tem. Recentemente, o aplicativo divulgou o calend\u00e1rio oficial de pagamentos para o m\u00eas, trazendo al\u00edvio financeiro para benefici\u00e1rios do\u2026","rel":"","context":"In &quot;Variedades&quot;","block_context":{"text":"Variedades","link":"https:\/\/noticiasribeiraopreto.com.br\/index.php\/category\/variedades\/"},"img":{"alt_text":"","src":"https:\/\/i0.wp.com\/noticiasribeiraopreto.com.br\/wp-content\/uploads\/2023\/12\/caixa-tem-concurso.jpg?fit=1200%2C638&ssl=1&resize=350%2C200","width":350,"height":200,"srcset":"https:\/\/i0.wp.com\/noticiasribeiraopreto.com.br\/wp-content\/uploads\/2023\/12\/caixa-tem-concurso.jpg?fit=1200%2C638&ssl=1&resize=350%2C200 1x, https:\/\/i0.wp.com\/noticiasribeiraopreto.com.br\/wp-content\/uploads\/2023\/12\/caixa-tem-concurso.jpg?fit=1200%2C638&ssl=1&resize=525%2C300 1.5x, https:\/\/i0.wp.com\/noticiasribeiraopreto.com.br\/wp-content\/uploads\/2023\/12\/caixa-tem-concurso.jpg?fit=1200%2C638&ssl=1&resize=700%2C400 2x, https:\/\/i0.wp.com\/noticiasribeiraopreto.com.br\/wp-content\/uploads\/2023\/12\/caixa-tem-concurso.jpg?fit=1200%2C638&ssl=1&resize=1050%2C600 3x"},"classes":[]},{"id":60676,"url":"https:\/\/noticiasribeiraopreto.com.br\/index.php\/2024\/11\/21\/confira-os-bairros-que-o-papai-noel-vai-visitar-em-ribeirao-preto\/","url_meta":{"origin":81025,"position":2},"title":"Confira os bairros que o Papai Noel vai visitar em Ribeir\u00e3o Preto","author":"noticiasribeiraopreto.com.br","date":"21 de November de 2024","format":false,"excerpt":"O final de novembro marca o in\u00edcio do Natal em Ribeir\u00e3o Preto, com a chegada do Papai Noel ao Centro do munic\u00edpio e inaugura\u00e7\u00e3o da ilumina\u00e7\u00e3o especial de final de ano. Al\u00e9m de fazer a alegria dos pequenos e no Centro Cultural Palace, localizado no cruzamento das ruas \u00c1lvares de\u2026","rel":"","context":"In &quot;Not\u00edcias de Ribeir\u00e3o Preto-SP e Regi\u00e3o&quot;","block_context":{"text":"Not\u00edcias de Ribeir\u00e3o Preto-SP e Regi\u00e3o","link":"https:\/\/noticiasribeiraopreto.com.br\/index.php\/category\/noticias-de-ribeirao-preto-sp-e-regiao-ismael-colosi\/"},"img":{"alt_text":"","src":"https:\/\/i0.wp.com\/noticiasribeiraopreto.com.br\/wp-content\/uploads\/2024\/11\/5I6A6795-scaled-1.jpg?fit=1200%2C800&ssl=1&resize=350%2C200","width":350,"height":200,"srcset":"https:\/\/i0.wp.com\/noticiasribeiraopreto.com.br\/wp-content\/uploads\/2024\/11\/5I6A6795-scaled-1.jpg?fit=1200%2C800&ssl=1&resize=350%2C200 1x, https:\/\/i0.wp.com\/noticiasribeiraopreto.com.br\/wp-content\/uploads\/2024\/11\/5I6A6795-scaled-1.jpg?fit=1200%2C800&ssl=1&resize=525%2C300 1.5x, https:\/\/i0.wp.com\/noticiasribeiraopreto.com.br\/wp-content\/uploads\/2024\/11\/5I6A6795-scaled-1.jpg?fit=1200%2C800&ssl=1&resize=700%2C400 2x, https:\/\/i0.wp.com\/noticiasribeiraopreto.com.br\/wp-content\/uploads\/2024\/11\/5I6A6795-scaled-1.jpg?fit=1200%2C800&ssl=1&resize=1050%2C600 3x"},"classes":[]},{"id":81114,"url":"https:\/\/noticiasribeiraopreto.com.br\/index.php\/2025\/12\/24\/saiba-os-horarios-de-funcionamento-do-comercio-e-dos-shoppings-de-ribeirao-na-vespera-e-no-natal\/","url_meta":{"origin":81025,"position":3},"title":"Saiba os hor\u00e1rios de funcionamento do com\u00e9rcio e dos shoppings de Ribeir\u00e3o na v\u00e9spera e no Natal","author":"noticiasribeiraopreto.com.br","date":"24 de December de 2025","format":false,"excerpt":"O com\u00e9rcio de Ribeir\u00e3o Preto e os shoppings contam com hor\u00e1rios diferenciados para a v\u00e9spera de Natal, comemorada nesta quarta-feira (24). J\u00e1 no Natal, comemorado na quinta-feira (25), as lojas e empreendimentos ficar\u00e3o fechadas (pra\u00e7as de alimenta\u00e7\u00e3o t\u00eam abertura facultativa). Confira: Hor\u00e1rio de funcionamento Com\u00e9rcio tradicional V\u00e9spera de Natal (24\u2026","rel":"","context":"In &quot;Not\u00edcias de Ribeir\u00e3o Preto-SP e Regi\u00e3o&quot;","block_context":{"text":"Not\u00edcias de Ribeir\u00e3o Preto-SP e Regi\u00e3o","link":"https:\/\/noticiasribeiraopreto.com.br\/index.php\/category\/noticias-de-ribeirao-preto-sp-e-regiao-ismael-colosi\/"},"img":{"alt_text":"","src":"https:\/\/i0.wp.com\/noticiasribeiraopreto.com.br\/wp-content\/uploads\/2025\/12\/shopping-ribeirao-preto_2025-12-23_17-05-19.webp.webp?fit=1200%2C800&ssl=1&resize=350%2C200","width":350,"height":200,"srcset":"https:\/\/i0.wp.com\/noticiasribeiraopreto.com.br\/wp-content\/uploads\/2025\/12\/shopping-ribeirao-preto_2025-12-23_17-05-19.webp.webp?fit=1200%2C800&ssl=1&resize=350%2C200 1x, https:\/\/i0.wp.com\/noticiasribeiraopreto.com.br\/wp-content\/uploads\/2025\/12\/shopping-ribeirao-preto_2025-12-23_17-05-19.webp.webp?fit=1200%2C800&ssl=1&resize=525%2C300 1.5x, https:\/\/i0.wp.com\/noticiasribeiraopreto.com.br\/wp-content\/uploads\/2025\/12\/shopping-ribeirao-preto_2025-12-23_17-05-19.webp.webp?fit=1200%2C800&ssl=1&resize=700%2C400 2x, https:\/\/i0.wp.com\/noticiasribeiraopreto.com.br\/wp-content\/uploads\/2025\/12\/shopping-ribeirao-preto_2025-12-23_17-05-19.webp.webp?fit=1200%2C800&ssl=1&resize=1050%2C600 3x"},"classes":[]},{"id":40622,"url":"https:\/\/noticiasribeiraopreto.com.br\/index.php\/2024\/03\/05\/s-a-stefani-comercial-balanco-patrimonial-em-31-de-dezembro-de-2023-e-2022\/","url_meta":{"origin":81025,"position":4},"title":"S\/A ST\u00c9FANI COMERCIAL \u2013 Balan\u00e7o Patrimonial em 31 de Dezembro de 2023 e 2022","author":"noticiasribeiraopreto.com.br","date":"5 de March de 2024","format":false,"excerpt":"O post S\/A ST\u00c9FANI COMERCIAL \u2013 Balan\u00e7o Patrimonial em 31 de Dezembro de 2023 e 2022 apareceu primeiro em Jornal Tribuna Ribeir\u00e3o. Source link","rel":"","context":"In &quot;Not\u00edcias de Ribeir\u00e3o Preto-SP e Regi\u00e3o&quot;","block_context":{"text":"Not\u00edcias de Ribeir\u00e3o Preto-SP e Regi\u00e3o","link":"https:\/\/noticiasribeiraopreto.com.br\/index.php\/category\/noticias-de-ribeirao-preto-sp-e-regiao-ismael-colosi\/"},"img":{"alt_text":"","src":"https:\/\/i0.wp.com\/noticiasribeiraopreto.com.br\/wp-content\/uploads\/2024\/03\/1709629967_publicidade-legal.png?fit=700%2C450&ssl=1&resize=350%2C200","width":350,"height":200,"srcset":"https:\/\/i0.wp.com\/noticiasribeiraopreto.com.br\/wp-content\/uploads\/2024\/03\/1709629967_publicidade-legal.png?fit=700%2C450&ssl=1&resize=350%2C200 1x, https:\/\/i0.wp.com\/noticiasribeiraopreto.com.br\/wp-content\/uploads\/2024\/03\/1709629967_publicidade-legal.png?fit=700%2C450&ssl=1&resize=525%2C300 1.5x, https:\/\/i0.wp.com\/noticiasribeiraopreto.com.br\/wp-content\/uploads\/2024\/03\/1709629967_publicidade-legal.png?fit=700%2C450&ssl=1&resize=700%2C400 2x"},"classes":[]},{"id":41226,"url":"https:\/\/noticiasribeiraopreto.com.br\/index.php\/2024\/03\/07\/ceramica-stefani-s-a-balanco-patrimonial-em-31-de-dezembro-de-2023-e-2022\/","url_meta":{"origin":81025,"position":5},"title":"Cer\u00e2mica St\u00e9fani S\/A \u2013 Balan\u00e7o Patrimonial em 31 de Dezembro de 2023 e 2022","author":"noticiasribeiraopreto.com.br","date":"7 de March de 2024","format":false,"excerpt":"O post Cer\u00e2mica St\u00e9fani S\/A \u2013 Balan\u00e7o Patrimonial em 31 de Dezembro de 2023 e 2022 apareceu primeiro em Jornal Tribuna Ribeir\u00e3o. Source link","rel":"","context":"In &quot;Not\u00edcias de Ribeir\u00e3o Preto-SP e Regi\u00e3o&quot;","block_context":{"text":"Not\u00edcias de Ribeir\u00e3o Preto-SP e Regi\u00e3o","link":"https:\/\/noticiasribeiraopreto.com.br\/index.php\/category\/noticias-de-ribeirao-preto-sp-e-regiao-ismael-colosi\/"},"img":{"alt_text":"","src":"https:\/\/i0.wp.com\/noticiasribeiraopreto.com.br\/wp-content\/uploads\/2024\/03\/1709805996_publicidade-legal.png?fit=700%2C450&ssl=1&resize=350%2C200","width":350,"height":200,"srcset":"https:\/\/i0.wp.com\/noticiasribeiraopreto.com.br\/wp-content\/uploads\/2024\/03\/1709805996_publicidade-legal.png?fit=700%2C450&ssl=1&resize=350%2C200 1x, https:\/\/i0.wp.com\/noticiasribeiraopreto.com.br\/wp-content\/uploads\/2024\/03\/1709805996_publicidade-legal.png?fit=700%2C450&ssl=1&resize=525%2C300 1.5x, https:\/\/i0.wp.com\/noticiasribeiraopreto.com.br\/wp-content\/uploads\/2024\/03\/1709805996_publicidade-legal.png?fit=700%2C450&ssl=1&resize=700%2C400 2x"},"classes":[]}],"jetpack_sharing_enabled":true,"jetpack_shortlink":"https:\/\/wp.me\/peQAOb-l4R","_links":{"self":[{"href":"https:\/\/noticiasribeiraopreto.com.br\/index.php\/wp-json\/wp\/v2\/posts\/81025","targetHints":{"allow":["GET"]}}],"collection":[{"href":"https:\/\/noticiasribeiraopreto.com.br\/index.php\/wp-json\/wp\/v2\/posts"}],"about":[{"href":"https:\/\/noticiasribeiraopreto.com.br\/index.php\/wp-json\/wp\/v2\/types\/post"}],"author":[{"embeddable":true,"href":"https:\/\/noticiasribeiraopreto.com.br\/index.php\/wp-json\/wp\/v2\/users\/1"}],"replies":[{"embeddable":true,"href":"https:\/\/noticiasribeiraopreto.com.br\/index.php\/wp-json\/wp\/v2\/comments?post=81025"}],"version-history":[{"count":0,"href":"https:\/\/noticiasribeiraopreto.com.br\/index.php\/wp-json\/wp\/v2\/posts\/81025\/revisions"}],"wp:featuredmedia":[{"embeddable":true,"href":"https:\/\/noticiasribeiraopreto.com.br\/index.php\/wp-json\/wp\/v2\/media\/81026"}],"wp:attachment":[{"href":"https:\/\/noticiasribeiraopreto.com.br\/index.php\/wp-json\/wp\/v2\/media?parent=81025"}],"wp:term":[{"taxonomy":"category","embeddable":true,"href":"https:\/\/noticiasribeiraopreto.com.br\/index.php\/wp-json\/wp\/v2\/categories?post=81025"},{"taxonomy":"post_tag","embeddable":true,"href":"https:\/\/noticiasribeiraopreto.com.br\/index.php\/wp-json\/wp\/v2\/tags?post=81025"}],"curies":[{"name":"wp","href":"https:\/\/api.w.org\/{rel}","templated":true}]}}