{"id":81027,"date":"2025-12-21T10:07:42","date_gmt":"2025-12-21T13:07:42","guid":{"rendered":"https:\/\/noticiasribeiraopreto.com.br\/index.php\/2025\/12\/21\/organizacoes-criminosas-evoluem-mais-rapido-que-estado\/"},"modified":"2025-12-21T10:07:42","modified_gmt":"2025-12-21T13:07:42","slug":"organizacoes-criminosas-evoluem-mais-rapido-que-estado","status":"publish","type":"post","link":"https:\/\/noticiasribeiraopreto.com.br\/index.php\/2025\/12\/21\/organizacoes-criminosas-evoluem-mais-rapido-que-estado\/","title":{"rendered":"Organiza\u00e7\u00f5es criminosas evoluem mais r\u00e1pido que Estado"},"content":{"rendered":"<div class='code-block code-block-1' style='margin: 8px 0 8px auto; text-align: right; display: block; clear: both;'>\n<p><a href=\"https:\/\/wa.link\/vpicfd\"><img data-recalc-dims=\"1\" class=\"wp-image-4922\" style=\"aspect-ratio: 2.0253164556962027; width: 561px; height: auto;\" src=\"https:\/\/i0.wp.com\/ismaelcolosi.com.br\/wp-content\/uploads\/2023\/11\/grupo-de-empregos-whatsapp-e-facebook-ismael-colosi-vagas.jpg?ssl=1\" alt=\"\" \/><\/a><\/p>\n<!-- \/wp:image -->\n<\/div>\n<p> <br \/>\n<\/p>\n<div>\n<p>Por Adalberto Luque<\/p>\n<p>\u00a0<\/p>\n<p>\u201cEu at\u00e9 costumo dizer que essa associa\u00e7\u00e3o criminosa estava a anos-luz nos investimentos que a pol\u00edcia tem no estado de S\u00e3o Paulo. \u00c9 outra preocupa\u00e7\u00e3o que a gente tem sim. N\u00e3o v\u00e3o gostar de eu falar isso, mas precisa investir na Pol\u00edcia Civil e precisa ser agora. N\u00e3o pode ser daqui dois anos, tr\u00eas, precisa ser agora, porque material humano eles t\u00eam de sobra \u2013 de qualidade, mas n\u00e3o em n\u00famero. E equipamentos, quase nada. Passou da hora de a gente cobrar os nossos pol\u00edticos.\u201d<\/p>\n<p>O desabafo do promotor de Justi\u00e7a em Ribeir\u00e3o Preto, Paulo Jos\u00e9 Freire Teot\u00f4nio, feito durante entrevista coletiva convocada pelo Minist\u00e9rio P\u00fablico de S\u00e3o Paulo (MPSP) e pela Pol\u00edcia Civil para tratar de medidas contra grupos respons\u00e1veis por assaltos milion\u00e1rios, d\u00e1 o tom do atual momento de mudan\u00e7a no perfil da criminalidade.<\/p>\n<p>Nunca antes termos como \u201ccrime organizado\u201d e \u201corganiza\u00e7\u00e3o criminosa\u201d foram t\u00e3o adequados para definir o que antes era representado como \u201cbando\u201d. Os criminosos se profissionalizaram, passaram a atuar em esquema empresarial, com cargos e fun\u00e7\u00f5es bem definidos, e se aprimoraram ao usar a tecnologia a seu favor.<\/p>\n<figure id=\"attachment_449675\" aria-describedby=\"caption-attachment-449675\" style=\"width: 238px\" class=\"wp-caption alignleft\"><img data-recalc-dims=\"1\" loading=\"lazy\" decoding=\"async\" class=\"size-medium wp-image-449675 lazyload\" src=\"https:\/\/i0.wp.com\/www.tribunaribeirao.com.br\/wp-content\/uploads\/2025\/12\/FOTO-02-Brenda-Xavier-Foto-Alfredo-Risk-238x300.jpg?resize=238%2C300&#038;ssl=1\" alt=\"\" width=\"238\" height=\"300\" srcset=\"https:\/\/www.tribunaribeirao.com.br\/wp-content\/uploads\/2025\/12\/FOTO-02-Brenda-Xavier-Foto-Alfredo-Risk-238x300.jpg 238w, https:\/\/www.tribunaribeirao.com.br\/wp-content\/uploads\/2025\/12\/FOTO-02-Brenda-Xavier-Foto-Alfredo-Risk-317x400.jpg 317w, https:\/\/www.tribunaribeirao.com.br\/wp-content\/uploads\/2025\/12\/FOTO-02-Brenda-Xavier-Foto-Alfredo-Risk.jpg 492w\" data-sizes=\"(max-width: 238px) 100vw, 238px\" style=\"--smush-placeholder-width: 238px; --smush-placeholder-aspect-ratio: 238\/300;\"\/><figcaption id=\"caption-attachment-449675\" class=\"wp-caption-text\">A fot\u00f3grafa Brenda Xavier foi condenada a 24 anos pela morte do namorado, ocorrida cerca de um ano e meio antes do julgamento | Foto: Alfredo Risk<\/figcaption><\/figure>\n<p>Isso n\u00e3o significa que a cidade tenha se livrado dos furtos e roubos nas ruas. Os chamados \u201cladr\u00f5es de galinha\u201d continuam agindo, mas a repress\u00e3o exercida pelas for\u00e7as policiais tem conseguido reduzir os \u00edndices gerais de criminalidade.<\/p>\n<p>Em 2025, o que se viu foram poucos, por\u00e9m engenhosos, casos de crimes voltados \u00e0 obten\u00e7\u00e3o de grandes somas. Os furtos e roubos de celulares apresentaram quedas significativas, resultado, em parte, do projeto Celular Seguro, iniciativa do Minist\u00e9rio da Justi\u00e7a e Seguran\u00e7a P\u00fablica (MJSP).<\/p>\n<p>Os dados indicam que o programa contribuiu para uma redu\u00e7\u00e3o potencial nos \u00edndices de roubos e furtos de celulares em n\u00edvel nacional, com queda de 13,4% no Brasil \u2014 um resultado in\u00e9dito.<\/p>\n<p>Al\u00e9m disso, a Secretaria de Seguran\u00e7a P\u00fablica de S\u00e3o Paulo (SSP-SP) mant\u00e9m o projeto SP M\u00f3bile, coordenado pelo delegado Rodolfo Latif Sebba, ex-integrante da Divis\u00e3o Especializada de Investiga\u00e7\u00f5es Criminais (Deic) de Ribeir\u00e3o Preto. Gra\u00e7as \u00e0 iniciativa, mais de 11 mil celulares foram recuperados apenas nos cinco primeiros meses de atua\u00e7\u00e3o.<\/p>\n<p>\u00a0<\/p>\n<h2><strong>Puni\u00e7\u00e3o mais r\u00e1pida<\/strong><\/h2>\n<p>Se em 2023 e 2024 grandes e aparentemente insol\u00faveis homic\u00eddios marcaram o notici\u00e1rio, em 2025 esse cen\u00e1rio come\u00e7ou a mudar. Casos como o do engenheiro Paulo Roberto Carvalho Pena Braga Filho, o Beto Braga, morto no fim de 2023, e do policial militar aposentado Darie Tremura, morto em fevereiro de 2024, exemplificam essa mudan\u00e7a.<\/p>\n<p>No primeiro, mesmo sem pistas concretas iniciais, a Deic identificou e prendeu suspeitos em poucas semanas. As provas reunidas permitiram ao MP oferecer den\u00fancia e ao Tribunal de Justi\u00e7a de S\u00e3o Paulo (TJSP) condenar os respons\u00e1veis em menos de um ano ap\u00f3s o crime.<\/p>\n<figure id=\"attachment_449676\" aria-describedby=\"caption-attachment-449676\" style=\"width: 300px\" class=\"wp-caption alignleft\"><img data-recalc-dims=\"1\" loading=\"lazy\" decoding=\"async\" class=\"size-medium wp-image-449676 lazyload\" src=\"https:\/\/i0.wp.com\/www.tribunaribeirao.com.br\/wp-content\/uploads\/2025\/12\/FOTO-03-Elizabete-Eugenio-Arrabaca-Foto-Redes-Sociais-300x251.jpg?resize=300%2C251&#038;ssl=1\" alt=\"\" width=\"300\" height=\"251\" srcset=\"https:\/\/www.tribunaribeirao.com.br\/wp-content\/uploads\/2025\/12\/FOTO-03-Elizabete-Eugenio-Arrabaca-Foto-Redes-Sociais-300x251.jpg 300w, https:\/\/www.tribunaribeirao.com.br\/wp-content\/uploads\/2025\/12\/FOTO-03-Elizabete-Eugenio-Arrabaca-Foto-Redes-Sociais-768x641.jpg 768w, https:\/\/www.tribunaribeirao.com.br\/wp-content\/uploads\/2025\/12\/FOTO-03-Elizabete-Eugenio-Arrabaca-Foto-Redes-Sociais-960x802.jpg 960w, https:\/\/www.tribunaribeirao.com.br\/wp-content\/uploads\/2025\/12\/FOTO-03-Elizabete-Eugenio-Arrabaca-Foto-Redes-Sociais-479x400.jpg 479w, https:\/\/www.tribunaribeirao.com.br\/wp-content\/uploads\/2025\/12\/FOTO-03-Elizabete-Eugenio-Arrabaca-Foto-Redes-Sociais-585x489.jpg 585w, https:\/\/www.tribunaribeirao.com.br\/wp-content\/uploads\/2025\/12\/FOTO-03-Elizabete-Eugenio-Arrabaca-Foto-Redes-Sociais.jpg 934w\" data-sizes=\"(max-width: 300px) 100vw, 300px\" style=\"--smush-placeholder-width: 300px; --smush-placeholder-aspect-ratio: 300\/251;\"\/><figcaption id=\"caption-attachment-449676\" class=\"wp-caption-text\">Elizabete Arraba\u00e7a \u00e9 acusada pelas mortes da nora, da filha e de tentar matar uma amiga, al\u00e9m de ser investigada pela morte de uma prima ocorrido em 2016 | Reprodu\u00e7\u00e3o<\/figcaption><\/figure>\n<p>No caso do militar aposentado, o desfecho foi semelhante. Um dos suspeitos foi identificado e preso em Londrina (PR). Material biol\u00f3gico coletado em uma camiseta usada por ele quando foi ferido na troca de tiros com as v\u00edtimas possibilitou a condena\u00e7\u00e3o, mesmo sem confiss\u00e3o.<\/p>\n<p>Em ambos os casos, apesar da desvantagem num\u00e9rica \u2014 e at\u00e9 tecnol\u00f3gica \u2014, a investiga\u00e7\u00e3o avan\u00e7ou rapidamente, com troca de informa\u00e7\u00f5es entre Pol\u00edcia Civil, MP e Judici\u00e1rio, garantindo celeridade. O resultado demonstra que, embora homic\u00eddios ocorram, o esclarecimento e a coleta de provas t\u00eam dificultado que os casos se arrastem por anos.<\/p>\n<p>Outro exemplo ocorreu em 21 de outubro, quando a fot\u00f3grafa Brenda Caroline Pereira Xavier foi condenada a 24 anos de pris\u00e3o pela morte do namorado, Carlos Felipe Camargo da Silva, ocorrida em 3 de mar\u00e7o do ano passado. Apesar de a defesa informar que ir\u00e1 recorrer, ela foi condenada pouco mais de um ano e meio ap\u00f3s o crime.<\/p>\n<p>Situa\u00e7\u00e3o bem diferente do caso do menino Joaquim, cujo padrasto foi condenado apenas dez anos depois da morte da crian\u00e7a.<\/p>\n<p>\u00a0<\/p>\n<h3><strong>O crime e a IA<\/strong><\/h3>\n<p>O ano come\u00e7ou com a desarticula\u00e7\u00e3o de v\u00e1rias \u201ccentrais do golpe\u201d. Em quase todas, constatou-se o uso de Intelig\u00eancia Artificial (IA) para arquitetar e executar fraudes.<\/p>\n<p>Somente entre fevereiro e maio de 2025, quatro centrais foram desmontadas pela Pol\u00edcia Civil, com a pris\u00e3o de mais de uma dezena de golpistas. \u00c0 primeira vista, o trabalho pode parecer simples, mas n\u00e3o foi.<\/p>\n<p>Como destacou o promotor Teot\u00f4nio, os investimentos em equipamentos s\u00e3o \u201cquase nada\u201d. Ainda assim, os policiais civis utilizam os recursos dispon\u00edveis e conseguem resultados.<\/p>\n<p>Para a presidente do Sindicato dos Policiais Civis de Ribeir\u00e3o Preto (Sinpol), F\u00e1tima Aparecida Silva, a institui\u00e7\u00e3o tem mais de 10 mil vagas em aberto, principalmente para delegados, investigadores e escriv\u00e3es. \u201cPor mais que o governador diga que tem contratado, a lacuna \u00e9 imensa. Os policiais seguem fazendo o trabalho de dois e, em algumas cidades, de at\u00e9 tr\u00eas colegas do mesmo cargo\u201d, afirma. Segundo ela, as vagas surgiram por aposentadorias, mortes ou exonera\u00e7\u00f5es, sem reposi\u00e7\u00e3o. \u201cN\u00e3o foram novos cargos criados\u201d, aponta.<\/p>\n<p>\u00a0<\/p>\n<h4><strong>Viol\u00eancia em destaque<\/strong><\/h4>\n<p>Em 2025, um caso chamou aten\u00e7\u00e3o pela evolu\u00e7\u00e3o dos fatos. O fazendeiro Al\u00edpio Jo\u00e3o J\u00fanior foi preso em 17 de junho ap\u00f3s disparar com uma espingarda de press\u00e3o contra o seguran\u00e7a de um shopping na zona Leste.<\/p>\n<p>Solto, voltou a ser not\u00edcia semanas depois ao amea\u00e7ar moradores do condom\u00ednio onde vivia, na rua Garibaldi, no Centro. Entre amea\u00e7as, explos\u00e3o de bombas e den\u00fancias, acabou novamente preso e expulso do condom\u00ednio por decis\u00e3o de assembleia, endossada pela Justi\u00e7a. A defesa pediu exame de sanidade mental, mas o laudo descartou insanidade.<\/p>\n<p>\u00a0<\/p>\n<h5><strong>Assassinatos de repercuss\u00e3o<\/strong><\/h5>\n<p>Na regi\u00e3o, o caso de maior repercuss\u00e3o foi o do empres\u00e1rio paulistano Nelson Francisco Carreira Filho, de 44 anos, morto em Cravinhos. Ele teria sido assassinado por Marlon Couto Paula J\u00fanior, de 26 anos, que est\u00e1 foragido e confessou o crime em carta enviada \u00e0 Pol\u00edcia Civil.<\/p>\n<p>Ao todo, oito pessoas foram indiciadas. Al\u00e9m de Marlon, seu tio, pais, esposa e irm\u00e3os tamb\u00e9m figuram entre os indiciados.<\/p>\n<p>Ainda assim, o crime de maior impacto foi o assassinato da professora de pilates Larissa Talle Le\u00f4ncio Rodrigues, de 37 anos, ocorrido em 22 de mar\u00e7o. As investiga\u00e7\u00f5es apontaram envenenamento por \u201cchumbinho\u201d.<\/p>\n<p>O marido, o m\u00e9dico Luiz Ant\u00f4nio Garnica, de 38 anos, e a sogra da v\u00edtima, Elizabete Eug\u00eanio Arraba\u00e7a, de 68, foram apontados como respons\u00e1veis e devem ir a j\u00fari no in\u00edcio de 2026. Elizabete responder\u00e1 por feminic\u00eddio; Garnica, por feminic\u00eddio e fraude processual.<\/p>\n<p>No curso das investiga\u00e7\u00f5es, Elizabete tamb\u00e9m foi responsabilizada pela morte da filha, Nathalia Garnica, ocorrida em 9 de fevereiro. O caso est\u00e1 no TJSP, que decidir\u00e1 a compet\u00eancia do julgamento. Nathalia teria sido envenenada, fato constatado ap\u00f3s exuma\u00e7\u00e3o solicitada pelo delegado respons\u00e1vel pela investiga\u00e7\u00e3o da morte de Larissa.<\/p>\n<p>Na \u00faltima semana, o delegado Fernando Bravo concluiu o inqu\u00e9rito sobre a tentativa de homic\u00eddio de uma amiga da idosa, ocorrida em 2017, e encaminhou o caso ao MP. Tamb\u00e9m foi instaurado inqu\u00e9rito para apurar a morte de uma prima de Elizabete, em dezembro de 2016, igualmente por envenenamento. Caso haja den\u00fancia, a idosa poder\u00e1 responder por quatro crimes. Seu filho Garnica \u00e9 citado apenas na morte de Larissa.<\/p>\n<p>\u00a0<\/p>\n<h6><strong>Divisor de \u00e1guas<\/strong><\/h6>\n<p>Um assalto a uma resid\u00eancia no Alto da Boa Vista, \u00e0s v\u00e9speras do r\u00e9veillon de 2025, pode ser considerado um pren\u00fancio do que viria, embora ainda com m\u00e9todos tradicionais. Foram levadas joias avaliadas em R$ 4 milh\u00f5es e US$ 100 mil. Os moradores viajavam e uma funcion\u00e1ria foi rendida.<\/p>\n<p>Nos primeiros dias de 2025, a Pol\u00edcia Civil prendeu suspeito ap\u00f3s investiga\u00e7\u00f5es feitas a partir de imagens de c\u00e2meras de seguran\u00e7a. Entre eles, um empres\u00e1rio e ex-candidato a vereador em Serrana, que teria emprestado o carro usado no crime. Com ele, foram encontrados joias, dinheiro e armas. Ao todo, seis pessoas foram presas, incluindo a funcion\u00e1ria da casa e o marido, detidos no fim de julho.<\/p>\n<figure id=\"attachment_449677\" aria-describedby=\"caption-attachment-449677\" style=\"width: 261px\" class=\"wp-caption alignleft\"><img data-recalc-dims=\"1\" loading=\"lazy\" decoding=\"async\" class=\"wp-image-449677 size-medium lazyload\" src=\"https:\/\/i0.wp.com\/www.tribunaribeirao.com.br\/wp-content\/uploads\/2025\/12\/FOTO-04-Julia-Moretti-Foto-Redes-Sociais-261x300.jpg?resize=261%2C300&#038;ssl=1\" alt=\"\" width=\"261\" height=\"300\" srcset=\"https:\/\/www.tribunaribeirao.com.br\/wp-content\/uploads\/2025\/12\/FOTO-04-Julia-Moretti-Foto-Redes-Sociais-261x300.jpg 261w, https:\/\/www.tribunaribeirao.com.br\/wp-content\/uploads\/2025\/12\/FOTO-04-Julia-Moretti-Foto-Redes-Sociais-891x1024.jpg 891w, https:\/\/www.tribunaribeirao.com.br\/wp-content\/uploads\/2025\/12\/FOTO-04-Julia-Moretti-Foto-Redes-Sociais-768x882.jpg 768w, https:\/\/www.tribunaribeirao.com.br\/wp-content\/uploads\/2025\/12\/FOTO-04-Julia-Moretti-Foto-Redes-Sociais-960x1103.jpg 960w, https:\/\/www.tribunaribeirao.com.br\/wp-content\/uploads\/2025\/12\/FOTO-04-Julia-Moretti-Foto-Redes-Sociais-348x400.jpg 348w, https:\/\/www.tribunaribeirao.com.br\/wp-content\/uploads\/2025\/12\/FOTO-04-Julia-Moretti-Foto-Redes-Sociais-585x672.jpg 585w, https:\/\/www.tribunaribeirao.com.br\/wp-content\/uploads\/2025\/12\/FOTO-04-Julia-Moretti-Foto-Redes-Sociais-scaled.jpg 679w\" data-sizes=\"(max-width: 261px) 100vw, 261px\" style=\"--smush-placeholder-width: 261px; --smush-placeholder-aspect-ratio: 261\/300;\"\/><figcaption id=\"caption-attachment-449677\" class=\"wp-caption-text\">J\u00falia foi respons\u00e1vel por alugar o im\u00f3vel no pr\u00e9dio do Centro de Ribeir\u00e3o Preto, onde 10 assaltantes armados, encapuzados ou usando peruca levaram R$ 4 milh\u00f5es de moradores | Reprodu\u00e7\u00e3o<\/figcaption><\/figure>\n<p>No dia 16 de maio, homens armados invadiram uma resid\u00eancia na avenida Cost\u00e1bile Romano, zona Leste de Ribeir\u00e3o Preto. Eles acessaram a casa pelos fundos, atrav\u00e9s de um im\u00f3vel que estava dispon\u00edvel para loca\u00e7\u00e3o. Parte do grupo foi ao local durante o dia para avaliar o im\u00f3vel que, supostamente, queriam alugar.<\/p>\n<p>Ao voltarem, cortaram cerca e concertina, entrando na casa. Fizeram um casal de idosos, o filho das v\u00edtimas e uma funcion\u00e1ria ref\u00e9ns. Agindo com viol\u00eancia, levaram joias e dinheiro. O preju\u00edzo foi de R$ 5 milh\u00f5es.<\/p>\n<p>Semanas depois, uma das v\u00edtimas viu suas joias sendo vendidas num programa de TV, o \u201cMil e Uma Noites\u201d, veiculado a partir de uma produtora em Curitiba (PR), em rede nacional e tamb\u00e9m atrav\u00e9s do YouTube.<\/p>\n<p>Uma das joias era exclusiva. A v\u00edtima recomprou e foi at\u00e9 a Deic. O delegado Di\u00f3genes Santiago Netto iniciou uma investiga\u00e7\u00e3o reversa. Esteve em Curitiba, foi informado de que compraram as joias de um joalheiro de Uberaba (MG).<\/p>\n<p>Foram at\u00e9 a cidade mineira e o joalheiro de l\u00e1 disse ter comprado de um joalheiro de Ribeir\u00e3o Preto. Ent\u00e3o come\u00e7aram as pris\u00f5es. No dia 4 de setembro, o joalheiro de Ribeir\u00e3o Preto foi preso em um condom\u00ednio de luxo na zona Sul. V\u00e1rias pris\u00f5es ocorreram a partir de ent\u00e3o.<\/p>\n<p>No dia 24 de setembro, pelo menos 10 homens fortemente armados, encapuzados ou usando perucas, fizeram um arrast\u00e3o no Edif\u00edcio Jati\u00faca, na rua Campos Salles, Centro da cidade. O pr\u00e9dio tem um apartamento por andar.<\/p>\n<p>Levaram cerca de R$ 4 milh\u00f5es de pelo menos seis apartamentos, em joias, dinheiros e pix que obrigaram moradores a efetuar. Fugiram em tr\u00eas carros. Em poucas horas, o delegado Andr\u00e9 Baldochi, da Deic, j\u00e1 sabia que J\u00falia Moretti de Paula, de 21 anos, havia alugado um apartamento no pr\u00e9dio dias antes. Em poucos dias, 17 suspeitos foram identificados, 14 dos quais presos.<\/p>\n<p>Um deles fez dela\u00e7\u00e3o premiada e entregou informa\u00e7\u00f5es importantes. J\u00falia foi uma das \u00faltimas a ser presa, em Ara\u00e7atuba, a cidade onde sua fam\u00edlia mora. As investiga\u00e7\u00f5es levaram a uma constata\u00e7\u00e3o: os dois assaltos foram feitos pelos mesmos criminosos. A Pol\u00edcia Civil e o MPSP estavam diante de uma muito estruturada organiza\u00e7\u00e3o criminosa.<\/p>\n<p>Os principais integrantes do grupo eram da regi\u00e3o da grande S\u00e3o Paulo e litoral. Atuavam em assaltos com criminosos das regi\u00f5es onde estavam os alvos. Ribeir\u00e3o Preto era uma esp\u00e9cie de Sucursal da organiza\u00e7\u00e3o.<\/p>\n<figure id=\"attachment_449678\" aria-describedby=\"caption-attachment-449678\" style=\"width: 300px\" class=\"wp-caption alignleft\"><img data-recalc-dims=\"1\" loading=\"lazy\" decoding=\"async\" class=\"size-medium wp-image-449678 lazyload\" src=\"https:\/\/i0.wp.com\/www.tribunaribeirao.com.br\/wp-content\/uploads\/2025\/12\/FOTO-05-BOX-1-Bigodini-Foto-Policia-Civil-Divulgacao-300x169.jpg?resize=300%2C169&#038;ssl=1\" alt=\"\" width=\"300\" height=\"169\" srcset=\"https:\/\/www.tribunaribeirao.com.br\/wp-content\/uploads\/2025\/12\/FOTO-05-BOX-1-Bigodini-Foto-Policia-Civil-Divulgacao-300x169.jpg 300w, https:\/\/www.tribunaribeirao.com.br\/wp-content\/uploads\/2025\/12\/FOTO-05-BOX-1-Bigodini-Foto-Policia-Civil-Divulgacao-1024x577.jpg 1024w, https:\/\/www.tribunaribeirao.com.br\/wp-content\/uploads\/2025\/12\/FOTO-05-BOX-1-Bigodini-Foto-Policia-Civil-Divulgacao-768x433.jpg 768w, https:\/\/www.tribunaribeirao.com.br\/wp-content\/uploads\/2025\/12\/FOTO-05-BOX-1-Bigodini-Foto-Policia-Civil-Divulgacao-960x541.jpg 960w, https:\/\/www.tribunaribeirao.com.br\/wp-content\/uploads\/2025\/12\/FOTO-05-BOX-1-Bigodini-Foto-Policia-Civil-Divulgacao-710x400.jpg 710w, https:\/\/www.tribunaribeirao.com.br\/wp-content\/uploads\/2025\/12\/FOTO-05-BOX-1-Bigodini-Foto-Policia-Civil-Divulgacao-585x330.jpg 585w, https:\/\/www.tribunaribeirao.com.br\/wp-content\/uploads\/2025\/12\/FOTO-05-BOX-1-Bigodini-Foto-Policia-Civil-Divulgacao.jpg 1200w\" data-sizes=\"(max-width: 300px) 100vw, 300px\" style=\"--smush-placeholder-width: 300px; --smush-placeholder-aspect-ratio: 300\/169;\"\/><figcaption id=\"caption-attachment-449678\" class=\"wp-caption-text\">Bigodini foi suspenso pela C\u00e2mara e indiciado pela Pol\u00edcia Civil ap\u00f3s acidente onde, segundo delegado, dirigiu ve\u00edculo embriagado, apesar de namorada afirmar que era ela quem dirigia o carro | Foto: Pol\u00edcia Civil\/Divulga\u00e7\u00e3o<\/figcaption><\/figure>\n<p>Policiais Civis e MP, no curso nas investiga\u00e7\u00f5es, descobriram que havia pelo menos outros 13 alvos para que o grupo fizesse assaltos milion\u00e1rios. Entre as fun\u00e7\u00f5es distintas, um integrante utilizava a plataforma Rainha, usada para avaliar patrim\u00f4nio das pessoas. Tamb\u00e9m analisavam redes sociais, buscando informa\u00e7\u00f5es relevantes dos alvos. Al\u00e9m disso, no caso do Edif\u00edcio Jati\u00faca, instalaram c\u00e2meras de monitoramento em postes para observar moradores, prestadores e suas rotinas.<\/p>\n<p>Mais: os criminosos usavam um equipamento proibido pela Anatel, que trouxeram do exterior. O mecanismo era capaz de clonar acessos biom\u00e9tricos ou por senha em port\u00f5es eletr\u00f4nicos de portarias e garagens. Tudo \u00e0 dist\u00e2ncia. E tinha, obviamente, o planejamento. Uma pessoa se encarregava de planejar todos os detalhes necess\u00e1rios para que o assalto desse certo. Usaram mulheres jovens e atraentes \u2013 algumas, na verdade, eram acompanhantes de luxo. Elas seriam a fachada necess\u00e1ria para iniciar o plano. J\u00falia Moretti de Paula foi essa fachada. Alugou o apartamento, se mudou para o pr\u00e9dio dias antes do assalto e, na v\u00e9spera do crime, entrou com outros quatro assaltantes disfar\u00e7ados de mulheres, que dormiram no apartamento para iniciar o roubo no dia seguinte pela manh\u00e3.<\/p>\n<p>Os integrantes da organiza\u00e7\u00e3o criminosa n\u00e3o contavam que a Pol\u00edcia Civil, mesmo em desvantagem num\u00e9rica e de tecnologia, conseguiria realizar um trabalho t\u00e3o robusto, com apoio da PM, do MP e da Justi\u00e7a (que autorizou mandados de busca e apreens\u00e3o e de pris\u00e3o com celeridade).<\/p>\n<p>Todos os 17 identificados (14 deles presos) do pr\u00e9dio do Centro da cidade, foram denunciados pelo MPSP e se tornaram r\u00e9us. No outro caso, as pris\u00f5es prosseguiram. Assaltantes que agiram nos dois casos foram presos. Al\u00e9m disso, o delegado Di\u00f3genes Santiago Netto seguiu com as investiga\u00e7\u00f5es. Prendeu tamb\u00e9m o joalheiro mineiro. J\u00e1 o dono do canal \u201cMil e Uma Noites\u201d teve sua pris\u00e3o decretada, mas ele n\u00e3o foi encontrado.<\/p>\n<p>\u00c9 considerado foragido e foi visto em Buenos Aires, no in\u00edcio deste m\u00eas. Os integrantes deste grupo devem se tornar r\u00e9us em breve. Mesmo com as adversidades, a resposta foi r\u00e1pida e comprometeu a estrutura aparentemente t\u00e3o bem edificada da organiza\u00e7\u00e3o criminosa. Que em 2026 isso prossiga ocorrendo.<\/p>\n<p>\u00a0<\/p>\n<h6><strong>Outros casos que tiveram destaque<\/strong><\/h6>\n<p>Nem s\u00f3 de tecnologia viveram as not\u00edcias criminais. Em setembro, o carro do vereador afastado Roger Ronan da Silva, o Bigodini (MDB), se envolveu em acidente na avenida do Caf\u00e9 e sua namorada disse estar dirigindo o carro. Investiga\u00e7\u00f5es conclu\u00edram que ele dirigia embriagado. Bigodini e a namorada foram indiciados em tr\u00eas crimes cada, pelo delegado Gustavo Andr\u00e9 Alves, do Setor de Intelig\u00eancia da Seccional de Ribeir\u00e3o Preto. A C\u00e2mara suspendeu o vereador por seis meses.<\/p>\n<p>Outro ponto de aten\u00e7\u00e3o foi a letalidade policial. Considerando o caso do emp\u00f3rio no Centro, em que o ladr\u00e3o morreu ap\u00f3s ser baleado pelo filho do comerciante, um PM de folga, 12 pessoas morreram em confrontos com policiais em 2025, seis delas entre 3 de julho e 13 de outubro. Uma das mortes foi de um homem em situa\u00e7\u00e3o de rua que teria entrado em luta corporal com policiais.<\/p>\n<\/div>\n<p><br \/>\n<br \/><a href=\"https:\/\/www.tribunaribeirao.com.br\/organizacoes-criminosas-evoluem-mais-rapido-que-estado\/\">Source link <\/a><\/p>\n<!-- CONTENT END 1 -->\n","protected":false},"excerpt":{"rendered":"<p>Por Adalberto Luque \u00a0 \u201cEu at\u00e9 costumo dizer que essa associa\u00e7\u00e3o criminosa estava a anos-luz nos investimentos que a pol\u00edcia tem no estado de S\u00e3o&#8230;<\/p>\n","protected":false},"author":1,"featured_media":81028,"comment_status":"open","ping_status":"open","sticky":false,"template":"","format":"standard","meta":{"advanced_seo_description":"","jetpack_seo_html_title":"","jetpack_seo_noindex":false,"jetpack_post_was_ever_published":false,"_jetpack_newsletter_access":"","_jetpack_dont_email_post_to_subs":false,"_jetpack_newsletter_tier_id":0,"_jetpack_memberships_contains_paywalled_content":false,"_jetpack_memberships_contains_paid_content":false,"footnotes":"","jetpack_publicize_message":"","jetpack_publicize_feature_enabled":true,"jetpack_social_post_already_shared":true,"jetpack_social_options":{"image_generator_settings":{"template":"highway","default_image_id":0,"font":"","enabled":false},"version":2}},"categories":[11],"tags":[],"class_list":["post-81027","post","type-post","status-publish","format-standard","has-post-thumbnail","hentry","category-noticias-de-ribeirao-preto-sp-e-regiao-ismael-colosi"],"jetpack_publicize_connections":[],"jetpack_featured_media_url":"https:\/\/i0.wp.com\/noticiasribeiraopreto.com.br\/wp-content\/uploads\/2025\/12\/FOTO-01-Teotonio-Foto-Alfredo-Risk-scaled.jpg?fit=1200%2C673&ssl=1","jetpack-related-posts":[{"id":28886,"url":"https:\/\/noticiasribeiraopreto.com.br\/index.php\/2024\/01\/16\/suspeito-de-matar-engenheiro-em-ribeirao-diz-que-nao-quer-ter-outro-homicidio-nas-costas\/","url_meta":{"origin":81027,"position":0},"title":"Suspeito de matar engenheiro em Ribeir\u00e3o diz que &#8216;n\u00e3o quer ter outro homic\u00eddio nas costas&#8217;","author":"noticiasribeiraopreto.com.br","date":"16 de January de 2024","format":false,"excerpt":"A Pol\u00edcia Civil de Ribeir\u00e3o Preto investiga uma liga\u00e7\u00e3o de telefone, obtida com a autoriza\u00e7\u00e3o da Justi\u00e7a, de Gabriel Souza Brito, o principal suspeito de matar o engenheiro Paulo Roberto Carvalho Braga Pena Filho. O homem foi detido pela Pol\u00edcia Civil em Nova Igua\u00e7u, no Rio de Janeiro, na casa\u2026","rel":"","context":"In &quot;Not\u00edcias de Ribeir\u00e3o Preto-SP e Regi\u00e3o&quot;","block_context":{"text":"Not\u00edcias de Ribeir\u00e3o Preto-SP e Regi\u00e3o","link":"https:\/\/noticiasribeiraopreto.com.br\/index.php\/category\/noticias-de-ribeirao-preto-sp-e-regiao-ismael-colosi\/"},"img":{"alt_text":"","src":"https:\/\/i0.wp.com\/noticiasribeiraopreto.com.br\/wp-content\/uploads\/2024\/01\/GABRIEL-SOUZA-BRITO.jpeg?fit=1200%2C675&ssl=1&resize=350%2C200","width":350,"height":200,"srcset":"https:\/\/i0.wp.com\/noticiasribeiraopreto.com.br\/wp-content\/uploads\/2024\/01\/GABRIEL-SOUZA-BRITO.jpeg?fit=1200%2C675&ssl=1&resize=350%2C200 1x, https:\/\/i0.wp.com\/noticiasribeiraopreto.com.br\/wp-content\/uploads\/2024\/01\/GABRIEL-SOUZA-BRITO.jpeg?fit=1200%2C675&ssl=1&resize=525%2C300 1.5x, https:\/\/i0.wp.com\/noticiasribeiraopreto.com.br\/wp-content\/uploads\/2024\/01\/GABRIEL-SOUZA-BRITO.jpeg?fit=1200%2C675&ssl=1&resize=700%2C400 2x, https:\/\/i0.wp.com\/noticiasribeiraopreto.com.br\/wp-content\/uploads\/2024\/01\/GABRIEL-SOUZA-BRITO.jpeg?fit=1200%2C675&ssl=1&resize=1050%2C600 3x"},"classes":[]},{"id":77565,"url":"https:\/\/noticiasribeiraopreto.com.br\/index.php\/2025\/09\/21\/sao-paulo-tem-42-mil-pessoas-em-ato-contra-pec-da-blindagem-e-anistia\/","url_meta":{"origin":81027,"position":1},"title":"S\u00e3o Paulo tem 42 mil pessoas em ato contra PEC da Blindagem e anistia","author":"noticiasribeiraopreto.com.br","date":"21 de September de 2025","format":false,"excerpt":"Cerca de 42,4 mil pessoas se reuniram neste domingo (21) na avenida Paulista, na regi\u00e3o central de S\u00e3o Paulo, para protestar contra a anistia aos condenados por tentativa de golpe de Estado e a chamada PEC da Blindagem, que prev\u00ea exig\u00eancia de autoriza\u00e7\u00e3o do Congresso para processar criminalmente deputados e\u2026","rel":"","context":"In &quot;Not\u00edcias de Ribeir\u00e3o Preto-SP e Regi\u00e3o&quot;","block_context":{"text":"Not\u00edcias de Ribeir\u00e3o Preto-SP e Regi\u00e3o","link":"https:\/\/noticiasribeiraopreto.com.br\/index.php\/category\/noticias-de-ribeirao-preto-sp-e-regiao-ismael-colosi\/"},"img":{"alt_text":"","src":"https:\/\/i0.wp.com\/noticiasribeiraopreto.com.br\/wp-content\/uploads\/2025\/09\/Sem-titulo-94.png?fit=1170%2C700&ssl=1&resize=350%2C200","width":350,"height":200,"srcset":"https:\/\/i0.wp.com\/noticiasribeiraopreto.com.br\/wp-content\/uploads\/2025\/09\/Sem-titulo-94.png?fit=1170%2C700&ssl=1&resize=350%2C200 1x, https:\/\/i0.wp.com\/noticiasribeiraopreto.com.br\/wp-content\/uploads\/2025\/09\/Sem-titulo-94.png?fit=1170%2C700&ssl=1&resize=525%2C300 1.5x, https:\/\/i0.wp.com\/noticiasribeiraopreto.com.br\/wp-content\/uploads\/2025\/09\/Sem-titulo-94.png?fit=1170%2C700&ssl=1&resize=700%2C400 2x, https:\/\/i0.wp.com\/noticiasribeiraopreto.com.br\/wp-content\/uploads\/2025\/09\/Sem-titulo-94.png?fit=1170%2C700&ssl=1&resize=1050%2C600 3x"},"classes":[]},{"id":81782,"url":"https:\/\/noticiasribeiraopreto.com.br\/index.php\/2026\/01\/16\/delegada-que-tinha-ligacao-com-pcc-e-presa-em-sp\/","url_meta":{"origin":81027,"position":2},"title":"Delegada que tinha liga\u00e7\u00e3o com PCC \u00e9 presa em SP","author":"noticiasribeiraopreto.com.br","date":"16 de January de 2026","format":false,"excerpt":"\r Rec\u00e9m-empossada no cargo tinha v\u00ednculos pessoal e profissional com integrantes da fac\u00e7\u00e3o criminosa\r \r 16 de janeiro de 2026 10:5616 de janeiro de 2026 11:39 \r Compartilhar3 Por: Adalberto Luque \u2013 Uma delegada da Pol\u00edcia Civil de S\u00e3o Paulo foi presa, na manh\u00e3 desta sexta-feira (16), por liga\u00e7\u00e3o com\u2026","rel":"","context":"In &quot;Not\u00edcias de Ribeir\u00e3o Preto-SP e Regi\u00e3o&quot;","block_context":{"text":"Not\u00edcias de Ribeir\u00e3o Preto-SP e Regi\u00e3o","link":"https:\/\/noticiasribeiraopreto.com.br\/index.php\/category\/noticias-de-ribeirao-preto-sp-e-regiao-ismael-colosi\/"},"img":{"alt_text":"","src":"https:\/\/i0.wp.com\/noticiasribeiraopreto.com.br\/wp-content\/uploads\/2026\/01\/16-jan-2026-delegadapresa.jpg?fit=380%2C298&ssl=1&resize=350%2C200","width":350,"height":200},"classes":[]},{"id":70071,"url":"https:\/\/noticiasribeiraopreto.com.br\/index.php\/2025\/05\/22\/videos-regiao-tem-29-presos-em-acao-da-policia-de-goias\/","url_meta":{"origin":81027,"position":3},"title":"V\u00cdDEOS &#8211; Regi\u00e3o tem 29 presos em a\u00e7\u00e3o da pol\u00edcia de Goi\u00e1s","author":"noticiasribeiraopreto.com.br","date":"22 de May de 2025","format":false,"excerpt":"A Pol\u00edcia Civil de Goi\u00e1s deflagrou, na manh\u00e3 desta quinta-feira (22), uma grande opera\u00e7\u00e3o em 14 cidades de quatro estados brasileiros. A Opera\u00e7\u00e3o Broker Phantom tem como um dos principais alvos suspeitos residentes em Ribeir\u00e3o Preto. De acordo com o delegado Thiago C\u00e9sar, da Pol\u00edcia Civil de Goi\u00e2nia, as quatro\u2026","rel":"","context":"In &quot;Not\u00edcias de Ribeir\u00e3o Preto-SP e Regi\u00e3o&quot;","block_context":{"text":"Not\u00edcias de Ribeir\u00e3o Preto-SP e Regi\u00e3o","link":"https:\/\/noticiasribeiraopreto.com.br\/index.php\/category\/noticias-de-ribeirao-preto-sp-e-regiao-ismael-colosi\/"},"img":{"alt_text":"","src":"https:\/\/i0.wp.com\/noticiasribeiraopreto.com.br\/wp-content\/uploads\/2025\/05\/1747932228_22-mai-2025-operacaoolx3.jpg?fit=842%2C473&ssl=1&resize=350%2C200","width":350,"height":200,"srcset":"https:\/\/i0.wp.com\/noticiasribeiraopreto.com.br\/wp-content\/uploads\/2025\/05\/1747932228_22-mai-2025-operacaoolx3.jpg?fit=842%2C473&ssl=1&resize=350%2C200 1x, https:\/\/i0.wp.com\/noticiasribeiraopreto.com.br\/wp-content\/uploads\/2025\/05\/1747932228_22-mai-2025-operacaoolx3.jpg?fit=842%2C473&ssl=1&resize=525%2C300 1.5x, https:\/\/i0.wp.com\/noticiasribeiraopreto.com.br\/wp-content\/uploads\/2025\/05\/1747932228_22-mai-2025-operacaoolx3.jpg?fit=842%2C473&ssl=1&resize=700%2C400 2x"},"classes":[]},{"id":58371,"url":"https:\/\/noticiasribeiraopreto.com.br\/index.php\/2024\/09\/25\/plano-de-seguranca-e-combate-aos-flanelinhas-veja-as-promessas-de-marco-aurelio-para-ribeirao-preto\/","url_meta":{"origin":81027,"position":4},"title":"Plano de seguran\u00e7a e combate aos flanelinhas: Veja as promessas de Marco Aur\u00e9lio para Ribeir\u00e3o Preto","author":"noticiasribeiraopreto.com.br","date":"25 de September de 2024","format":false,"excerpt":"O acidade on Ribeir\u00e3o realiza nesta semana uma s\u00e9rie de entrevistas com os candidatos \u00e0 Prefeitura de Ribeir\u00e3o Preto nas elei\u00e7\u00f5es 2024. Nesta quarta-feira (25) o entrevistado foi o empres\u00e1rio Marco Aur\u00e9lio (Novo) \u2013 veja o player acima. Marco Aur\u00e9lio tem como candidato a vice Antonio Freiria, tamb\u00e9m do Novo.\u2026","rel":"","context":"In &quot;Not\u00edcias de Ribeir\u00e3o Preto-SP e Regi\u00e3o&quot;","block_context":{"text":"Not\u00edcias de Ribeir\u00e3o Preto-SP e Regi\u00e3o","link":"https:\/\/noticiasribeiraopreto.com.br\/index.php\/category\/noticias-de-ribeirao-preto-sp-e-regiao-ismael-colosi\/"},"img":{"alt_text":"","src":"https:\/\/i0.wp.com\/noticiasribeiraopreto.com.br\/wp-content\/uploads\/2024\/09\/MARCO-AURELIO_2024-09-25_20-36-46_jpg_2024-09-25_20-36-46.webp.webp?fit=1200%2C878&ssl=1&resize=350%2C200","width":350,"height":200,"srcset":"https:\/\/i0.wp.com\/noticiasribeiraopreto.com.br\/wp-content\/uploads\/2024\/09\/MARCO-AURELIO_2024-09-25_20-36-46_jpg_2024-09-25_20-36-46.webp.webp?fit=1200%2C878&ssl=1&resize=350%2C200 1x, https:\/\/i0.wp.com\/noticiasribeiraopreto.com.br\/wp-content\/uploads\/2024\/09\/MARCO-AURELIO_2024-09-25_20-36-46_jpg_2024-09-25_20-36-46.webp.webp?fit=1200%2C878&ssl=1&resize=525%2C300 1.5x, https:\/\/i0.wp.com\/noticiasribeiraopreto.com.br\/wp-content\/uploads\/2024\/09\/MARCO-AURELIO_2024-09-25_20-36-46_jpg_2024-09-25_20-36-46.webp.webp?fit=1200%2C878&ssl=1&resize=700%2C400 2x, https:\/\/i0.wp.com\/noticiasribeiraopreto.com.br\/wp-content\/uploads\/2024\/09\/MARCO-AURELIO_2024-09-25_20-36-46_jpg_2024-09-25_20-36-46.webp.webp?fit=1200%2C878&ssl=1&resize=1050%2C600 3x"},"classes":[]},{"id":43210,"url":"https:\/\/noticiasribeiraopreto.com.br\/index.php\/2024\/03\/19\/policia-ouve-ex-sogro-da-acusada-de-matar-corretor-de-imoveis-em-ribeirao-preto\/","url_meta":{"origin":81027,"position":5},"title":"Pol\u00edcia ouve ex-sogro da acusada de matar corretor de im\u00f3veis em Ribeir\u00e3o Preto","author":"noticiasribeiraopreto.com.br","date":"19 de March de 2024","format":false,"excerpt":"A Pol\u00edcia Civil ouviu o ex-sogro da fot\u00f3grafa Brenda Caroline Pereira Xavier, acusada de matar o corretor de im\u00f3veis Carlos Felipe Camargo da Silva, de 29 anos, no in\u00edcio de mar\u00e7o, em Ribeir\u00e3o Preto. No depoimento, o homem acusa Brenda de ser uma pessoa extremamente agressiva. Ele conta que o\u2026","rel":"","context":"In &quot;Not\u00edcias de Ribeir\u00e3o Preto-SP e Regi\u00e3o&quot;","block_context":{"text":"Not\u00edcias de Ribeir\u00e3o Preto-SP e Regi\u00e3o","link":"https:\/\/noticiasribeiraopreto.com.br\/index.php\/category\/noticias-de-ribeirao-preto-sp-e-regiao-ismael-colosi\/"},"img":{"alt_text":"","src":"https:\/\/i0.wp.com\/noticiasribeiraopreto.com.br\/wp-content\/uploads\/2024\/03\/brenda-carlos-felipe.webp.webp?fit=1068%2C601&ssl=1&resize=350%2C200","width":350,"height":200,"srcset":"https:\/\/i0.wp.com\/noticiasribeiraopreto.com.br\/wp-content\/uploads\/2024\/03\/brenda-carlos-felipe.webp.webp?fit=1068%2C601&ssl=1&resize=350%2C200 1x, https:\/\/i0.wp.com\/noticiasribeiraopreto.com.br\/wp-content\/uploads\/2024\/03\/brenda-carlos-felipe.webp.webp?fit=1068%2C601&ssl=1&resize=525%2C300 1.5x, https:\/\/i0.wp.com\/noticiasribeiraopreto.com.br\/wp-content\/uploads\/2024\/03\/brenda-carlos-felipe.webp.webp?fit=1068%2C601&ssl=1&resize=700%2C400 2x, https:\/\/i0.wp.com\/noticiasribeiraopreto.com.br\/wp-content\/uploads\/2024\/03\/brenda-carlos-felipe.webp.webp?fit=1068%2C601&ssl=1&resize=1050%2C600 3x"},"classes":[]}],"jetpack_sharing_enabled":true,"jetpack_shortlink":"https:\/\/wp.me\/peQAOb-l4T","_links":{"self":[{"href":"https:\/\/noticiasribeiraopreto.com.br\/index.php\/wp-json\/wp\/v2\/posts\/81027","targetHints":{"allow":["GET"]}}],"collection":[{"href":"https:\/\/noticiasribeiraopreto.com.br\/index.php\/wp-json\/wp\/v2\/posts"}],"about":[{"href":"https:\/\/noticiasribeiraopreto.com.br\/index.php\/wp-json\/wp\/v2\/types\/post"}],"author":[{"embeddable":true,"href":"https:\/\/noticiasribeiraopreto.com.br\/index.php\/wp-json\/wp\/v2\/users\/1"}],"replies":[{"embeddable":true,"href":"https:\/\/noticiasribeiraopreto.com.br\/index.php\/wp-json\/wp\/v2\/comments?post=81027"}],"version-history":[{"count":0,"href":"https:\/\/noticiasribeiraopreto.com.br\/index.php\/wp-json\/wp\/v2\/posts\/81027\/revisions"}],"wp:featuredmedia":[{"embeddable":true,"href":"https:\/\/noticiasribeiraopreto.com.br\/index.php\/wp-json\/wp\/v2\/media\/81028"}],"wp:attachment":[{"href":"https:\/\/noticiasribeiraopreto.com.br\/index.php\/wp-json\/wp\/v2\/media?parent=81027"}],"wp:term":[{"taxonomy":"category","embeddable":true,"href":"https:\/\/noticiasribeiraopreto.com.br\/index.php\/wp-json\/wp\/v2\/categories?post=81027"},{"taxonomy":"post_tag","embeddable":true,"href":"https:\/\/noticiasribeiraopreto.com.br\/index.php\/wp-json\/wp\/v2\/tags?post=81027"}],"curies":[{"name":"wp","href":"https:\/\/api.w.org\/{rel}","templated":true}]}}