{"id":81030,"date":"2025-12-21T20:13:48","date_gmt":"2025-12-21T23:13:48","guid":{"rendered":"https:\/\/noticiasribeiraopreto.com.br\/index.php\/2025\/12\/21\/corinthians-supera-vasco-e-conquista-copa-do-brasil\/"},"modified":"2025-12-21T20:13:48","modified_gmt":"2025-12-21T23:13:48","slug":"corinthians-supera-vasco-e-conquista-copa-do-brasil","status":"publish","type":"post","link":"https:\/\/noticiasribeiraopreto.com.br\/index.php\/2025\/12\/21\/corinthians-supera-vasco-e-conquista-copa-do-brasil\/","title":{"rendered":"Corinthians supera Vasco e conquista Copa do Brasil"},"content":{"rendered":"<div class='code-block code-block-1' style='margin: 8px 0 8px auto; text-align: right; display: block; clear: both;'>\n<p><a href=\"https:\/\/wa.link\/vpicfd\"><img data-recalc-dims=\"1\" class=\"wp-image-4922\" style=\"aspect-ratio: 2.0253164556962027; width: 561px; height: auto;\" src=\"https:\/\/i0.wp.com\/ismaelcolosi.com.br\/wp-content\/uploads\/2023\/11\/grupo-de-empregos-whatsapp-e-facebook-ismael-colosi-vagas.jpg?ssl=1\" alt=\"\" \/><\/a><\/p>\n<!-- \/wp:image -->\n<\/div>\n<p> <br \/>\n<\/p>\n<div id=\"\">&#13;<\/p>\n<h2 class=\"penci-post-subtitle\">Depay decide e Tim\u00e3o garante vaga na Libertadores<\/h2>\n<p>&#13;<\/p>\n<p>&#13;<br \/>\n\t\t\t\t\t\t\t\t\t<span class=\"entry-meta-item penci-posted-on\"><i class=\"fa fa-clock-o\"\/><time class=\"entry-date published\" datetime=\"2025-12-21T20:08:11-03:00\">21 de dezembro de 2025 20:08<\/time><time class=\"updated\" datetime=\"2025-12-21T20:10:55-03:00\">21 de dezembro de 2025 20:10<\/time><\/span><span class=\"entry-meta-item penci-post-countview\"\/>\t\t\t\t\t\t\t\t<\/p>\n<p><!-- .entry-meta -->&#13;<br \/>\n\t\t\t\t\t\t\t\t<span class=\"penci-social-buttons penci-social-share-footer\"><span class=\"penci-social-share-text\">Compartilhar<\/span><a href=\"#\" class=\"penci-post-like penci_post-meta_item  single-like-button penci-social-item like\" data-post_id=\"449801\" title=\"Like\" data-like=\"Like\" data-unlike=\"Unlike\"><i class=\"fa fa-thumbs-o-up\"\/><span class=\"penci-share-number\">1<\/span><\/a><i class=\"fa fa-facebook\"\/><a class=\"penci-social-item twitter\" target=\"_blank\" rel=\"noopener\" title=\"\" href=\"https:\/\/twitter.com\/intent\/tweet?text=Corinthians%20supera%20Vasco%20e%20conquista%20Copa%20do%20Brasil%20-%20https:\/\/www.tribunaribeirao.com.br\/corinthians-supera-vasco-e-conquista-copa-do-brasil\/\"><i class=\"fa fa-twitter\"\/><\/a><i class=\"fa fa-linkedin\"\/><i class=\"fa fa-whatsapp\"\/><i class=\"fa fa-telegram\"\/><i class=\"fa fa-envelope\"\/><\/span>\t\t\t\t\t\t\t<\/div>\n<div>\n<p><em><strong>Por Hugo Luque<\/strong><\/em><\/p>\n<p>O Corinthians \u00e9 o campe\u00e3o da Copa do Brasil de 2025. No fechamento da temporada do futebol nacional, o Tim\u00e3o bateu o Vasco por 2 a 1, no Maracan\u00e3, e conquistou o tetracampeonato do torneio.<\/p>\n<p>Ap\u00f3s o empate no jogo de ida, na Neo Qu\u00edmica Arena, o conjunto de Dorival J\u00fanior foi ao Rio de Janeiro (RJ) com a miss\u00e3o de vencer com bola rolando para erguer o trof\u00e9u \u2013 e conseguiu.<\/p>\n<p>No primeiro tempo, Yuri Alberto recebeu lan\u00e7amento de Matheuzinho, dominou com maestria e tocou na sa\u00edda do goleiro L\u00e9o Jardim para abrir o placar. O centroavante teve grande chance para ampliar, mas isolou.<\/p>\n<p>Quem n\u00e3o fez, levou. O Vasco empatou com o portugu\u00eas Nuno Moreira, pouco antes do intervalo.<\/p>\n<p>Na volta para o segundo tempo, o Cruzmaltino, empurrado por sua torcida, partiu para cima. Mas foi em um contra-ataque corintiano que a final foi decidida. Yuri Alberto recebeu pela direita da \u00e1rea e cruzou para Memphis Depay marcar o tento do t\u00edtulo, com gol livre.<\/p>\n<p>O Vasco foi ainda mais incisivo no ataque nos minutos finais, mas GB perdeu grande oportunidade nos acr\u00e9scimos e o t\u00edtulo ficou com os paulistas. Com o triunfo, o Corinthians garantiu vaga na pr\u00f3xima edi\u00e7\u00e3o da Copa Libertadores.<\/p>\n<\/div>\n<p><script async src=\"\/\/platform.twitter.com\/widgets.js\" charset=\"utf-8\"><\/script><br \/>\n<br \/><br \/>\n<br \/><a href=\"https:\/\/www.tribunaribeirao.com.br\/corinthians-supera-vasco-e-conquista-copa-do-brasil\/\">Source link <\/a><\/p>\n<!-- CONTENT END 1 -->\n","protected":false},"excerpt":{"rendered":"<p>&#13; Depay decide e Tim\u00e3o garante vaga na Libertadores &#13; &#13; 21 de dezembro de 2025 20:0821 de dezembro de 2025 20:10 &#13; Compartilhar1 Por&#8230;<\/p>\n","protected":false},"author":1,"featured_media":81031,"comment_status":"open","ping_status":"open","sticky":false,"template":"","format":"standard","meta":{"advanced_seo_description":"","jetpack_seo_html_title":"","jetpack_seo_noindex":false,"jetpack_post_was_ever_published":false,"_jetpack_newsletter_access":"","_jetpack_dont_email_post_to_subs":false,"_jetpack_newsletter_tier_id":0,"_jetpack_memberships_contains_paywalled_content":false,"_jetpack_memberships_contains_paid_content":false,"footnotes":"","jetpack_publicize_message":"","jetpack_publicize_feature_enabled":true,"jetpack_social_post_already_shared":true,"jetpack_social_options":{"image_generator_settings":{"template":"highway","default_image_id":0,"font":"","enabled":false},"version":2}},"categories":[11],"tags":[],"class_list":["post-81030","post","type-post","status-publish","format-standard","has-post-thumbnail","hentry","category-noticias-de-ribeirao-preto-sp-e-regiao-ismael-colosi"],"jetpack_publicize_connections":[],"jetpack_featured_media_url":"https:\/\/i0.wp.com\/noticiasribeiraopreto.com.br\/wp-content\/uploads\/2025\/12\/IMG_4369-1-scaled.jpeg?fit=1170%2C780&ssl=1","jetpack-related-posts":[{"id":18366,"url":"https:\/\/noticiasribeiraopreto.com.br\/index.php\/2023\/12\/20\/bolsa-familia-de-dezembro-e-pago-a-novo-grupo-hoje-e-valor-surpreende\/","url_meta":{"origin":81030,"position":0},"title":"Bolsa Fam\u00edlia de dezembro \u00e9 pago a novo grupo HOJE e valor SURPREENDE","author":"noticiasribeiraopreto.com.br","date":"20 de December de 2023","format":false,"excerpt":"O governo federal chega a reta final do calend\u00e1rio de pagamento do programa Bolsa Fam\u00edlia para o m\u00eas de dezembro. De acordo com o planejamento do Governo Federal, os pagamentos tiveram in\u00edcio em 11 de dezembro e se estender\u00e3o at\u00e9 o dia 22, seguindo uma ordem baseada no \u00faltimo d\u00edgito\u2026","rel":"","context":"In &quot;Variedades&quot;","block_context":{"text":"Variedades","link":"https:\/\/noticiasribeiraopreto.com.br\/index.php\/category\/variedades\/"},"img":{"alt_text":"","src":"https:\/\/i0.wp.com\/noticiasribeiraopreto.com.br\/wp-content\/uploads\/2023\/12\/aumento-do-bolsa-familia-veja-se-voce-foi-contemplado-a-partir-de-hoje.png?fit=1200%2C638&ssl=1&resize=350%2C200","width":350,"height":200,"srcset":"https:\/\/i0.wp.com\/noticiasribeiraopreto.com.br\/wp-content\/uploads\/2023\/12\/aumento-do-bolsa-familia-veja-se-voce-foi-contemplado-a-partir-de-hoje.png?fit=1200%2C638&ssl=1&resize=350%2C200 1x, https:\/\/i0.wp.com\/noticiasribeiraopreto.com.br\/wp-content\/uploads\/2023\/12\/aumento-do-bolsa-familia-veja-se-voce-foi-contemplado-a-partir-de-hoje.png?fit=1200%2C638&ssl=1&resize=525%2C300 1.5x, https:\/\/i0.wp.com\/noticiasribeiraopreto.com.br\/wp-content\/uploads\/2023\/12\/aumento-do-bolsa-familia-veja-se-voce-foi-contemplado-a-partir-de-hoje.png?fit=1200%2C638&ssl=1&resize=700%2C400 2x, https:\/\/i0.wp.com\/noticiasribeiraopreto.com.br\/wp-content\/uploads\/2023\/12\/aumento-do-bolsa-familia-veja-se-voce-foi-contemplado-a-partir-de-hoje.png?fit=1200%2C638&ssl=1&resize=1050%2C600 3x"},"classes":[]},{"id":13473,"url":"https:\/\/noticiasribeiraopreto.com.br\/index.php\/2023\/12\/10\/descubra-o-que-o-caixa-tem-reservou-para-dezembro\/","url_meta":{"origin":81030,"position":1},"title":"Descubra o que o Caixa Tem reservou para dezembro","author":"noticiasribeiraopreto.com.br","date":"10 de December de 2023","format":false,"excerpt":"Cr\u00e9ditos: Marcelo Camargo\/ Ag\u00eancia BrasilCaixa Tem tem novidades para dezembro O m\u00eas de dezembro chegou, e com ele, a expectativa de milh\u00f5es de brasileiros que aguardam ansiosamente pelos pagamentos do Caixa Tem. Recentemente, o aplicativo divulgou o calend\u00e1rio oficial de pagamentos para o m\u00eas, trazendo al\u00edvio financeiro para benefici\u00e1rios do\u2026","rel":"","context":"In &quot;Variedades&quot;","block_context":{"text":"Variedades","link":"https:\/\/noticiasribeiraopreto.com.br\/index.php\/category\/variedades\/"},"img":{"alt_text":"","src":"https:\/\/i0.wp.com\/noticiasribeiraopreto.com.br\/wp-content\/uploads\/2023\/12\/caixa-tem-concurso.jpg?fit=1200%2C638&ssl=1&resize=350%2C200","width":350,"height":200,"srcset":"https:\/\/i0.wp.com\/noticiasribeiraopreto.com.br\/wp-content\/uploads\/2023\/12\/caixa-tem-concurso.jpg?fit=1200%2C638&ssl=1&resize=350%2C200 1x, https:\/\/i0.wp.com\/noticiasribeiraopreto.com.br\/wp-content\/uploads\/2023\/12\/caixa-tem-concurso.jpg?fit=1200%2C638&ssl=1&resize=525%2C300 1.5x, https:\/\/i0.wp.com\/noticiasribeiraopreto.com.br\/wp-content\/uploads\/2023\/12\/caixa-tem-concurso.jpg?fit=1200%2C638&ssl=1&resize=700%2C400 2x, https:\/\/i0.wp.com\/noticiasribeiraopreto.com.br\/wp-content\/uploads\/2023\/12\/caixa-tem-concurso.jpg?fit=1200%2C638&ssl=1&resize=1050%2C600 3x"},"classes":[]},{"id":60676,"url":"https:\/\/noticiasribeiraopreto.com.br\/index.php\/2024\/11\/21\/confira-os-bairros-que-o-papai-noel-vai-visitar-em-ribeirao-preto\/","url_meta":{"origin":81030,"position":2},"title":"Confira os bairros que o Papai Noel vai visitar em Ribeir\u00e3o Preto","author":"noticiasribeiraopreto.com.br","date":"21 de November de 2024","format":false,"excerpt":"O final de novembro marca o in\u00edcio do Natal em Ribeir\u00e3o Preto, com a chegada do Papai Noel ao Centro do munic\u00edpio e inaugura\u00e7\u00e3o da ilumina\u00e7\u00e3o especial de final de ano. Al\u00e9m de fazer a alegria dos pequenos e no Centro Cultural Palace, localizado no cruzamento das ruas \u00c1lvares de\u2026","rel":"","context":"In &quot;Not\u00edcias de Ribeir\u00e3o Preto-SP e Regi\u00e3o&quot;","block_context":{"text":"Not\u00edcias de Ribeir\u00e3o Preto-SP e Regi\u00e3o","link":"https:\/\/noticiasribeiraopreto.com.br\/index.php\/category\/noticias-de-ribeirao-preto-sp-e-regiao-ismael-colosi\/"},"img":{"alt_text":"","src":"https:\/\/i0.wp.com\/noticiasribeiraopreto.com.br\/wp-content\/uploads\/2024\/11\/5I6A6795-scaled-1.jpg?fit=1200%2C800&ssl=1&resize=350%2C200","width":350,"height":200,"srcset":"https:\/\/i0.wp.com\/noticiasribeiraopreto.com.br\/wp-content\/uploads\/2024\/11\/5I6A6795-scaled-1.jpg?fit=1200%2C800&ssl=1&resize=350%2C200 1x, https:\/\/i0.wp.com\/noticiasribeiraopreto.com.br\/wp-content\/uploads\/2024\/11\/5I6A6795-scaled-1.jpg?fit=1200%2C800&ssl=1&resize=525%2C300 1.5x, https:\/\/i0.wp.com\/noticiasribeiraopreto.com.br\/wp-content\/uploads\/2024\/11\/5I6A6795-scaled-1.jpg?fit=1200%2C800&ssl=1&resize=700%2C400 2x, https:\/\/i0.wp.com\/noticiasribeiraopreto.com.br\/wp-content\/uploads\/2024\/11\/5I6A6795-scaled-1.jpg?fit=1200%2C800&ssl=1&resize=1050%2C600 3x"},"classes":[]},{"id":5340,"url":"https:\/\/noticiasribeiraopreto.com.br\/index.php\/2023\/11\/23\/mais-de-30-filmes-e-series-chegam-a-netflix-em-dezembro-confira\/","url_meta":{"origin":81030,"position":3},"title":"Mais de 30 filmes e s\u00e9ries chegam \u00e0 Netflix em dezembro; confira","author":"noticiasribeiraopreto.com.br","date":"23 de November de 2023","format":false,"excerpt":"Cr\u00e9ditos: Reprodu\u00e7\u00e3o\/NetflixO que chega na Netflix em dezembro A Netflix divulgou a lista com os lan\u00e7amentos para o m\u00eas de dezembro. Para encerrar 2023, o servi\u00e7o de streaming promete a estreia de filmes, s\u00e9ries, document\u00e1rios e animes in\u00e9ditos no cat\u00e1logo. Entre os destaques, os assinantes ter\u00e3o o filme \u201cMaestro\u201d, grande\u2026","rel":"","context":"In &quot;Variedades&quot;","block_context":{"text":"Variedades","link":"https:\/\/noticiasribeiraopreto.com.br\/index.php\/category\/variedades\/"},"img":{"alt_text":"","src":"https:\/\/i0.wp.com\/noticiasribeiraopreto.com.br\/wp-content\/uploads\/2023\/11\/fotos-catraca-2023-11-23t103041042.png?fit=1200%2C638&ssl=1&resize=350%2C200","width":350,"height":200,"srcset":"https:\/\/i0.wp.com\/noticiasribeiraopreto.com.br\/wp-content\/uploads\/2023\/11\/fotos-catraca-2023-11-23t103041042.png?fit=1200%2C638&ssl=1&resize=350%2C200 1x, https:\/\/i0.wp.com\/noticiasribeiraopreto.com.br\/wp-content\/uploads\/2023\/11\/fotos-catraca-2023-11-23t103041042.png?fit=1200%2C638&ssl=1&resize=525%2C300 1.5x, https:\/\/i0.wp.com\/noticiasribeiraopreto.com.br\/wp-content\/uploads\/2023\/11\/fotos-catraca-2023-11-23t103041042.png?fit=1200%2C638&ssl=1&resize=700%2C400 2x, https:\/\/i0.wp.com\/noticiasribeiraopreto.com.br\/wp-content\/uploads\/2023\/11\/fotos-catraca-2023-11-23t103041042.png?fit=1200%2C638&ssl=1&resize=1050%2C600 3x"},"classes":[]},{"id":12425,"url":"https:\/\/noticiasribeiraopreto.com.br\/index.php\/2023\/12\/08\/bolsa-familia-governo-antecipa-pagamento-em-dezembro-meu-valor-digital\/","url_meta":{"origin":81030,"position":4},"title":"Bolsa Fam\u00edlia: governo antecipa pagamento em dezembro &#8211; Meu Valor Digital","author":"noticiasribeiraopreto.com.br","date":"8 de December de 2023","format":false,"excerpt":"Com as festas de fim ano e as pessoas planejando onde v\u00e3o passar a data e precisando de dinheiro no bolso, levou o governo a antecipar o pagamento do Bolsa Fam\u00edlia para a pr\u00f3xima segunda-feira (11). Nesta segunda-feira, recebem os benefici\u00e1rios com NIS de final 1. Os dep\u00f3sitos v\u00e3o ser\u2026","rel":"","context":"In &quot;Vagas de Emprego em Ribeir\u00e3o Preto-SP&quot;","block_context":{"text":"Vagas de Emprego em Ribeir\u00e3o Preto-SP","link":"https:\/\/noticiasribeiraopreto.com.br\/index.php\/category\/empregos-classificados-vagas-trabalho\/vagas-de-empregos-em-ribeirao-preto-regiao-brasil\/"},"img":{"alt_text":"","src":"https:\/\/i0.wp.com\/noticiasribeiraopreto.com.br\/wp-content\/uploads\/2023\/12\/Bolsa-Familia-1.jpg?fit=1200%2C773&ssl=1&resize=350%2C200","width":350,"height":200,"srcset":"https:\/\/i0.wp.com\/noticiasribeiraopreto.com.br\/wp-content\/uploads\/2023\/12\/Bolsa-Familia-1.jpg?fit=1200%2C773&ssl=1&resize=350%2C200 1x, https:\/\/i0.wp.com\/noticiasribeiraopreto.com.br\/wp-content\/uploads\/2023\/12\/Bolsa-Familia-1.jpg?fit=1200%2C773&ssl=1&resize=525%2C300 1.5x, https:\/\/i0.wp.com\/noticiasribeiraopreto.com.br\/wp-content\/uploads\/2023\/12\/Bolsa-Familia-1.jpg?fit=1200%2C773&ssl=1&resize=700%2C400 2x, https:\/\/i0.wp.com\/noticiasribeiraopreto.com.br\/wp-content\/uploads\/2023\/12\/Bolsa-Familia-1.jpg?fit=1200%2C773&ssl=1&resize=1050%2C600 3x"},"classes":[]},{"id":10106,"url":"https:\/\/noticiasribeiraopreto.com.br\/index.php\/2023\/12\/03\/bolsa-familia-de-dezembro-surpresa-natalina-e-mais\/","url_meta":{"origin":81030,"position":5},"title":"Bolsa Fam\u00edlia de dezembro: surpresa natalina e mais","author":"noticiasribeiraopreto.com.br","date":"3 de December de 2023","format":false,"excerpt":"Cr\u00e9ditos: Fabio Rodrigues-Pozzebom\/ Ag\u00eancia BrasilBolsa Fam\u00edlia: Governo vai pagar valor extra como abono natalino? Confira Com a proximidade das festas de final de ano, as fam\u00edlias brasileiras atendidas pelo programa Bolsa Fam\u00edlia aguardam com expectativa a libera\u00e7\u00e3o de um b\u00f4nus especial para o m\u00eas de dezembro. Este ano, apesar da\u2026","rel":"","context":"In &quot;Variedades&quot;","block_context":{"text":"Variedades","link":"https:\/\/noticiasribeiraopreto.com.br\/index.php\/category\/variedades\/"},"img":{"alt_text":"","src":"https:\/\/i0.wp.com\/noticiasribeiraopreto.com.br\/wp-content\/uploads\/2023\/12\/1701639444_bolsa-familia.jpg?fit=1200%2C638&ssl=1&resize=350%2C200","width":350,"height":200,"srcset":"https:\/\/i0.wp.com\/noticiasribeiraopreto.com.br\/wp-content\/uploads\/2023\/12\/1701639444_bolsa-familia.jpg?fit=1200%2C638&ssl=1&resize=350%2C200 1x, https:\/\/i0.wp.com\/noticiasribeiraopreto.com.br\/wp-content\/uploads\/2023\/12\/1701639444_bolsa-familia.jpg?fit=1200%2C638&ssl=1&resize=525%2C300 1.5x, https:\/\/i0.wp.com\/noticiasribeiraopreto.com.br\/wp-content\/uploads\/2023\/12\/1701639444_bolsa-familia.jpg?fit=1200%2C638&ssl=1&resize=700%2C400 2x, https:\/\/i0.wp.com\/noticiasribeiraopreto.com.br\/wp-content\/uploads\/2023\/12\/1701639444_bolsa-familia.jpg?fit=1200%2C638&ssl=1&resize=1050%2C600 3x"},"classes":[]}],"jetpack_sharing_enabled":true,"jetpack_shortlink":"https:\/\/wp.me\/peQAOb-l4W","_links":{"self":[{"href":"https:\/\/noticiasribeiraopreto.com.br\/index.php\/wp-json\/wp\/v2\/posts\/81030","targetHints":{"allow":["GET"]}}],"collection":[{"href":"https:\/\/noticiasribeiraopreto.com.br\/index.php\/wp-json\/wp\/v2\/posts"}],"about":[{"href":"https:\/\/noticiasribeiraopreto.com.br\/index.php\/wp-json\/wp\/v2\/types\/post"}],"author":[{"embeddable":true,"href":"https:\/\/noticiasribeiraopreto.com.br\/index.php\/wp-json\/wp\/v2\/users\/1"}],"replies":[{"embeddable":true,"href":"https:\/\/noticiasribeiraopreto.com.br\/index.php\/wp-json\/wp\/v2\/comments?post=81030"}],"version-history":[{"count":0,"href":"https:\/\/noticiasribeiraopreto.com.br\/index.php\/wp-json\/wp\/v2\/posts\/81030\/revisions"}],"wp:featuredmedia":[{"embeddable":true,"href":"https:\/\/noticiasribeiraopreto.com.br\/index.php\/wp-json\/wp\/v2\/media\/81031"}],"wp:attachment":[{"href":"https:\/\/noticiasribeiraopreto.com.br\/index.php\/wp-json\/wp\/v2\/media?parent=81030"}],"wp:term":[{"taxonomy":"category","embeddable":true,"href":"https:\/\/noticiasribeiraopreto.com.br\/index.php\/wp-json\/wp\/v2\/categories?post=81030"},{"taxonomy":"post_tag","embeddable":true,"href":"https:\/\/noticiasribeiraopreto.com.br\/index.php\/wp-json\/wp\/v2\/tags?post=81030"}],"curies":[{"name":"wp","href":"https:\/\/api.w.org\/{rel}","templated":true}]}}