{"id":81032,"date":"2025-12-22T06:10:01","date_gmt":"2025-12-22T09:10:01","guid":{"rendered":"https:\/\/noticiasribeiraopreto.com.br\/index.php\/2025\/12\/22\/corinthians-vence-o-vasco-e-e-campeao-da-copa-do-brasil\/"},"modified":"2025-12-22T06:10:01","modified_gmt":"2025-12-22T09:10:01","slug":"corinthians-vence-o-vasco-e-e-campeao-da-copa-do-brasil","status":"publish","type":"post","link":"https:\/\/noticiasribeiraopreto.com.br\/index.php\/2025\/12\/22\/corinthians-vence-o-vasco-e-e-campeao-da-copa-do-brasil\/","title":{"rendered":"Corinthians vence o Vasco e \u00e9 campe\u00e3o da Copa do Brasil"},"content":{"rendered":"<div class='code-block code-block-1' style='margin: 8px 0 8px auto; text-align: right; display: block; clear: both;'>\n<p><a href=\"https:\/\/wa.link\/vpicfd\"><img data-recalc-dims=\"1\" class=\"wp-image-4922\" style=\"aspect-ratio: 2.0253164556962027; width: 561px; height: auto;\" src=\"https:\/\/i0.wp.com\/ismaelcolosi.com.br\/wp-content\/uploads\/2023\/11\/grupo-de-empregos-whatsapp-e-facebook-ismael-colosi-vagas.jpg?ssl=1\" alt=\"\" \/><\/a><\/p>\n<!-- \/wp:image -->\n<\/div>\n<p> <br \/>\n<\/p>\n<div data-td-block-uid=\"tdi_95\">\n<div class=\"tdb-block-inner td-fix-index\">\n<p>O <strong>Corinthians <\/strong>venceu o <strong>Vasco <\/strong>por 2 a 1 na noite deste domingo (21) e se tornou tetracampe\u00e3o da <strong>Copa do Brasil<\/strong>. A partida decisiva foi realizada no est\u00e1dio do <strong>Maracan\u00e3<\/strong>, no <strong>Rio de Janeiro<\/strong>, ap\u00f3s empate por 0 a 0, em S\u00e3o Paulo. <\/p>\n<h2 class=\"wp-block-heading\"><strong>Os gols <\/strong><\/h2>\n<p>Os gols da equipe paulista foram marcados por <strong>Yuri Alberto<\/strong>, aos 18 minutos do primeiro tempo, e <strong>Memphis Depay<\/strong>, aos 18 da etapa complementar. <\/p>\n<p>J\u00e1 os cariocas fizeram com Nuno Moreira, aos 41 do primeiro tempo. <\/p>\n<p>Esse \u00e9 quarto t\u00edtulo do Corinthians na competi\u00e7\u00e3o, que j\u00e1 havia levado a ta\u00e7a em <strong>1995<\/strong>,<strong> 2002 <\/strong>e <strong>2009<\/strong>.<\/p>\n<p><!-- AI CONTENT END 1 -->\n<\/div>\n<\/div>\n<p><br \/>\n<br \/><a href=\"https:\/\/www.acidadeon.com\/ribeiraopreto\/esportes\/corinthians-vence-o-vasco-e-e-campeao-da-copa-do-brasil\/\">Source link <\/a><\/p>\n<!-- CONTENT END 1 -->\n","protected":false},"excerpt":{"rendered":"<p>O Corinthians venceu o Vasco por 2 a 1 na noite deste domingo (21) e se tornou tetracampe\u00e3o da Copa do Brasil. A partida decisiva&#8230;<\/p>\n","protected":false},"author":1,"featured_media":81033,"comment_status":"open","ping_status":"open","sticky":false,"template":"","format":"standard","meta":{"advanced_seo_description":"","jetpack_seo_html_title":"","jetpack_seo_noindex":false,"jetpack_post_was_ever_published":false,"_jetpack_newsletter_access":"","_jetpack_dont_email_post_to_subs":false,"_jetpack_newsletter_tier_id":0,"_jetpack_memberships_contains_paywalled_content":false,"_jetpack_memberships_contains_paid_content":false,"footnotes":"","jetpack_publicize_message":"","jetpack_publicize_feature_enabled":true,"jetpack_social_post_already_shared":true,"jetpack_social_options":{"image_generator_settings":{"template":"highway","default_image_id":0,"font":"","enabled":false},"version":2}},"categories":[11],"tags":[],"class_list":["post-81032","post","type-post","status-publish","format-standard","has-post-thumbnail","hentry","category-noticias-de-ribeirao-preto-sp-e-regiao-ismael-colosi"],"jetpack_publicize_connections":[],"jetpack_featured_media_url":"https:\/\/i0.wp.com\/noticiasribeiraopreto.com.br\/wp-content\/uploads\/2025\/12\/CORINTHIANS_2025-12-21_22-50-40.webp.webp?fit=1200%2C891&ssl=1","jetpack-related-posts":[{"id":81030,"url":"https:\/\/noticiasribeiraopreto.com.br\/index.php\/2025\/12\/21\/corinthians-supera-vasco-e-conquista-copa-do-brasil\/","url_meta":{"origin":81032,"position":0},"title":"Corinthians supera Vasco e conquista Copa do Brasil","author":"noticiasribeiraopreto.com.br","date":"21 de December de 2025","format":false,"excerpt":"\r Depay decide e Tim\u00e3o garante vaga na Libertadores\r \r 21 de dezembro de 2025 20:0821 de dezembro de 2025 20:10 \r Compartilhar1 Por Hugo Luque O Corinthians \u00e9 o campe\u00e3o da Copa do Brasil de 2025. No fechamento da temporada do futebol nacional, o Tim\u00e3o bateu o Vasco por\u2026","rel":"","context":"In &quot;Not\u00edcias de Ribeir\u00e3o Preto-SP e Regi\u00e3o&quot;","block_context":{"text":"Not\u00edcias de Ribeir\u00e3o Preto-SP e Regi\u00e3o","link":"https:\/\/noticiasribeiraopreto.com.br\/index.php\/category\/noticias-de-ribeirao-preto-sp-e-regiao-ismael-colosi\/"},"img":{"alt_text":"","src":"https:\/\/i0.wp.com\/noticiasribeiraopreto.com.br\/wp-content\/uploads\/2025\/12\/IMG_4369-1-scaled.jpeg?fit=1170%2C780&ssl=1&resize=350%2C200","width":350,"height":200,"srcset":"https:\/\/i0.wp.com\/noticiasribeiraopreto.com.br\/wp-content\/uploads\/2025\/12\/IMG_4369-1-scaled.jpeg?fit=1170%2C780&ssl=1&resize=350%2C200 1x, https:\/\/i0.wp.com\/noticiasribeiraopreto.com.br\/wp-content\/uploads\/2025\/12\/IMG_4369-1-scaled.jpeg?fit=1170%2C780&ssl=1&resize=525%2C300 1.5x, https:\/\/i0.wp.com\/noticiasribeiraopreto.com.br\/wp-content\/uploads\/2025\/12\/IMG_4369-1-scaled.jpeg?fit=1170%2C780&ssl=1&resize=700%2C400 2x, https:\/\/i0.wp.com\/noticiasribeiraopreto.com.br\/wp-content\/uploads\/2025\/12\/IMG_4369-1-scaled.jpeg?fit=1170%2C780&ssl=1&resize=1050%2C600 3x"},"classes":[]},{"id":80916,"url":"https:\/\/noticiasribeiraopreto.com.br\/index.php\/2025\/12\/18\/corinthians-e-inoperante-e-empata-sem-gols-com-vasco\/","url_meta":{"origin":81032,"position":1},"title":"Corinthians \u00e9 inoperante e empata sem gols com Vasco","author":"noticiasribeiraopreto.com.br","date":"18 de December de 2025","format":false,"excerpt":"\r \r \r 18 de dezembro de 2025 07:00 \r Compartilhar0 No duelo de alvinegros o placar ficou no 0 a 0 e tudo ser\u00e1 decidido no Maracan\u00e3 domingo Igor Ramos Corinthians e Vasco n\u00e3o sa\u00edram do 0 a 0 no primeiro jogo da final da Copa do Brasil, disputado\u2026","rel":"","context":"In &quot;Not\u00edcias de Ribeir\u00e3o Preto-SP e Regi\u00e3o&quot;","block_context":{"text":"Not\u00edcias de Ribeir\u00e3o Preto-SP e Regi\u00e3o","link":"https:\/\/noticiasribeiraopreto.com.br\/index.php\/category\/noticias-de-ribeirao-preto-sp-e-regiao-ismael-colosi\/"},"img":{"alt_text":"","src":"https:\/\/i0.wp.com\/noticiasribeiraopreto.com.br\/wp-content\/uploads\/2025\/12\/IMG-20251217-WA0104-scaled.jpg?fit=1158%2C780&ssl=1&resize=350%2C200","width":350,"height":200,"srcset":"https:\/\/i0.wp.com\/noticiasribeiraopreto.com.br\/wp-content\/uploads\/2025\/12\/IMG-20251217-WA0104-scaled.jpg?fit=1158%2C780&ssl=1&resize=350%2C200 1x, https:\/\/i0.wp.com\/noticiasribeiraopreto.com.br\/wp-content\/uploads\/2025\/12\/IMG-20251217-WA0104-scaled.jpg?fit=1158%2C780&ssl=1&resize=525%2C300 1.5x, https:\/\/i0.wp.com\/noticiasribeiraopreto.com.br\/wp-content\/uploads\/2025\/12\/IMG-20251217-WA0104-scaled.jpg?fit=1158%2C780&ssl=1&resize=700%2C400 2x, https:\/\/i0.wp.com\/noticiasribeiraopreto.com.br\/wp-content\/uploads\/2025\/12\/IMG-20251217-WA0104-scaled.jpg?fit=1158%2C780&ssl=1&resize=1050%2C600 3x"},"classes":[]},{"id":85119,"url":"https:\/\/noticiasribeiraopreto.com.br\/index.php\/2026\/04\/22\/corinthians-derrota-barra-por-1-a-0-pela-copa-do-brasil-mas-volta-a-jogar-mal\/","url_meta":{"origin":81032,"position":2},"title":"Corinthians derrota Barra por 1 a 0 pela Copa do Brasil, mas volta a jogar mal","author":"noticiasribeiraopreto.com.br","date":"22 de April de 2026","format":false,"excerpt":"Em mais uma atua\u00e7\u00e3o fraca, o Corinthians derrotou o Barra-SC, por 1 a 0, nesta ter\u00e7a-feira, no Est\u00e1dio da Ressacada, em Florian\u00f3polis, pelo jogo de ida da quinta fase da Copa do Brasil. O \u00fanico gol do jogo foi marcado pelo ingl\u00eas Lingard nos acr\u00e9scimos do primeiro tempo. Destaque positivo\u2026","rel":"","context":"In &quot;Not\u00edcias de Ribeir\u00e3o Preto-SP e Regi\u00e3o&quot;","block_context":{"text":"Not\u00edcias de Ribeir\u00e3o Preto-SP e Regi\u00e3o","link":"https:\/\/noticiasribeiraopreto.com.br\/index.php\/category\/noticias-de-ribeirao-preto-sp-e-regiao-ismael-colosi\/"},"img":{"alt_text":"","src":"https:\/\/i0.wp.com\/noticiasribeiraopreto.com.br\/wp-content\/uploads\/2026\/04\/sccp.webp.webp?fit=675%2C450&ssl=1&resize=350%2C200","width":350,"height":200,"srcset":"https:\/\/i0.wp.com\/noticiasribeiraopreto.com.br\/wp-content\/uploads\/2026\/04\/sccp.webp.webp?fit=675%2C450&ssl=1&resize=350%2C200 1x, https:\/\/i0.wp.com\/noticiasribeiraopreto.com.br\/wp-content\/uploads\/2026\/04\/sccp.webp.webp?fit=675%2C450&ssl=1&resize=525%2C300 1.5x"},"classes":[]},{"id":81025,"url":"https:\/\/noticiasribeiraopreto.com.br\/index.php\/2025\/12\/21\/corinthians-e-vasco-decidem-a-copa-do-brasil\/","url_meta":{"origin":81032,"position":3},"title":"Corinthians e Vasco decidem a Copa do Brasil","author":"noticiasribeiraopreto.com.br","date":"21 de December de 2025","format":false,"excerpt":"\r \r \r 21 de dezembro de 2025 08:3520 de dezembro de 2025 03:23 \r Compartilhar0 Por Hugo Luque No fechamento da temporada de 2025 do futebol brasileiro, o Corinthians encara o Vasco neste domingo (21), \u00e0s 18h, no Maracan\u00e3, pela grande final da Copa do Brasil. Ap\u00f3s o empate\u2026","rel":"","context":"In &quot;Not\u00edcias de Ribeir\u00e3o Preto-SP e Regi\u00e3o&quot;","block_context":{"text":"Not\u00edcias de Ribeir\u00e3o Preto-SP e Regi\u00e3o","link":"https:\/\/noticiasribeiraopreto.com.br\/index.php\/category\/noticias-de-ribeirao-preto-sp-e-regiao-ismael-colosi\/"},"img":{"alt_text":"","src":"https:\/\/i0.wp.com\/noticiasribeiraopreto.com.br\/wp-content\/uploads\/2025\/12\/2-copa-br-Foto-01-Rodrigo-Coca_Ag.-Corinthians.jpg?fit=400%2C271&ssl=1&resize=350%2C200","width":350,"height":200},"classes":[]},{"id":85111,"url":"https:\/\/noticiasribeiraopreto.com.br\/index.php\/2026\/04\/21\/corinthians-estreia-contra-o-barra-sc-pela-copa-do-brasil\/","url_meta":{"origin":81032,"position":4},"title":"Corinthians estreia contra o Barra-SC pela Copa do Brasil","author":"noticiasribeiraopreto.com.br","date":"21 de April de 2026","format":false,"excerpt":"\r \r \r 21 de abril de 2026 11:04 \r Compartilhar0 Tim\u00e3o defende t\u00edtulo da competi\u00e7\u00e3o nacional e inicia caminhada contra o campe\u00e3o catarinense Por Hugo Luque O atual campe\u00e3o da Copa do Brasil estreia no torneio nesta ter\u00e7a-feira (21), \u00e0s 21h30. Na Ressacada, em Florian\u00f3polis (SC), o Corinthians visita\u2026","rel":"","context":"In &quot;Not\u00edcias de Ribeir\u00e3o Preto-SP e Regi\u00e3o&quot;","block_context":{"text":"Not\u00edcias de Ribeir\u00e3o Preto-SP e Regi\u00e3o","link":"https:\/\/noticiasribeiraopreto.com.br\/index.php\/category\/noticias-de-ribeirao-preto-sp-e-regiao-ismael-colosi\/"},"img":{"alt_text":"","src":"https:\/\/i0.wp.com\/noticiasribeiraopreto.com.br\/wp-content\/uploads\/2026\/04\/2-Vitoria-x-Corinthians-Rodrigo-Coca_Ag.-Corinthians.jpg?fit=400%2C267&ssl=1&resize=350%2C200","width":350,"height":200},"classes":[]},{"id":80832,"url":"https:\/\/noticiasribeiraopreto.com.br\/index.php\/2025\/12\/14\/vasco-sera-o-adversario-do-corinthians-na-final\/","url_meta":{"origin":81032,"position":5},"title":"Vasco ser\u00e1 o advers\u00e1rio do Corinthians na final","author":"noticiasribeiraopreto.com.br","date":"14 de December de 2025","format":false,"excerpt":"\u00a0 O Vasco est\u00e1 de volta \u00e0 final da Copa do Brasil. Mesmo derrotado por 1 a 0 pelo Fluminense neste domingo, no Maracan\u00e3, o time cruz-maltino levou a decis\u00e3o para os p\u00eanaltis ap\u00f3s empate no placar agregado e confirmou a classifica\u00e7\u00e3o com atua\u00e7\u00e3o decisiva de L\u00e9o Jardim. Com a\u2026","rel":"","context":"In &quot;Not\u00edcias de Ribeir\u00e3o Preto-SP e Regi\u00e3o&quot;","block_context":{"text":"Not\u00edcias de Ribeir\u00e3o Preto-SP e Regi\u00e3o","link":"https:\/\/noticiasribeiraopreto.com.br\/index.php\/category\/noticias-de-ribeirao-preto-sp-e-regiao-ismael-colosi\/"},"img":{"alt_text":"","src":"https:\/\/i0.wp.com\/noticiasribeiraopreto.com.br\/wp-content\/uploads\/2025\/12\/54978767166_beaac88fdc_c.jpg?fit=624%2C780&ssl=1&resize=350%2C200","width":350,"height":200,"srcset":"https:\/\/i0.wp.com\/noticiasribeiraopreto.com.br\/wp-content\/uploads\/2025\/12\/54978767166_beaac88fdc_c.jpg?fit=624%2C780&ssl=1&resize=350%2C200 1x, https:\/\/i0.wp.com\/noticiasribeiraopreto.com.br\/wp-content\/uploads\/2025\/12\/54978767166_beaac88fdc_c.jpg?fit=624%2C780&ssl=1&resize=525%2C300 1.5x"},"classes":[]}],"jetpack_sharing_enabled":true,"jetpack_shortlink":"https:\/\/wp.me\/peQAOb-l4Y","_links":{"self":[{"href":"https:\/\/noticiasribeiraopreto.com.br\/index.php\/wp-json\/wp\/v2\/posts\/81032","targetHints":{"allow":["GET"]}}],"collection":[{"href":"https:\/\/noticiasribeiraopreto.com.br\/index.php\/wp-json\/wp\/v2\/posts"}],"about":[{"href":"https:\/\/noticiasribeiraopreto.com.br\/index.php\/wp-json\/wp\/v2\/types\/post"}],"author":[{"embeddable":true,"href":"https:\/\/noticiasribeiraopreto.com.br\/index.php\/wp-json\/wp\/v2\/users\/1"}],"replies":[{"embeddable":true,"href":"https:\/\/noticiasribeiraopreto.com.br\/index.php\/wp-json\/wp\/v2\/comments?post=81032"}],"version-history":[{"count":0,"href":"https:\/\/noticiasribeiraopreto.com.br\/index.php\/wp-json\/wp\/v2\/posts\/81032\/revisions"}],"wp:featuredmedia":[{"embeddable":true,"href":"https:\/\/noticiasribeiraopreto.com.br\/index.php\/wp-json\/wp\/v2\/media\/81033"}],"wp:attachment":[{"href":"https:\/\/noticiasribeiraopreto.com.br\/index.php\/wp-json\/wp\/v2\/media?parent=81032"}],"wp:term":[{"taxonomy":"category","embeddable":true,"href":"https:\/\/noticiasribeiraopreto.com.br\/index.php\/wp-json\/wp\/v2\/categories?post=81032"},{"taxonomy":"post_tag","embeddable":true,"href":"https:\/\/noticiasribeiraopreto.com.br\/index.php\/wp-json\/wp\/v2\/tags?post=81032"}],"curies":[{"name":"wp","href":"https:\/\/api.w.org\/{rel}","templated":true}]}}