{"id":81036,"date":"2025-12-22T06:28:02","date_gmt":"2025-12-22T09:28:02","guid":{"rendered":"https:\/\/noticiasribeiraopreto.com.br\/index.php\/2025\/12\/22\/policia-rodoviaria-faz-campanha-para-arrecadar-fraldas-geriatricas-em-ribeirao-preto-veja-como-ajudar\/"},"modified":"2025-12-22T06:28:02","modified_gmt":"2025-12-22T09:28:02","slug":"policia-rodoviaria-faz-campanha-para-arrecadar-fraldas-geriatricas-em-ribeirao-preto-veja-como-ajudar","status":"publish","type":"post","link":"https:\/\/noticiasribeiraopreto.com.br\/index.php\/2025\/12\/22\/policia-rodoviaria-faz-campanha-para-arrecadar-fraldas-geriatricas-em-ribeirao-preto-veja-como-ajudar\/","title":{"rendered":"Pol\u00edcia Rodovi\u00e1ria faz campanha para arrecadar fraldas geri\u00e1tricas em Ribeir\u00e3o Preto; Veja como ajudar"},"content":{"rendered":"<div class='code-block code-block-1' style='margin: 8px 0 8px auto; text-align: right; display: block; clear: both;'>\n<p><a href=\"https:\/\/wa.link\/vpicfd\"><img data-recalc-dims=\"1\" class=\"wp-image-4922\" style=\"aspect-ratio: 2.0253164556962027; width: 561px; height: auto;\" src=\"https:\/\/i0.wp.com\/ismaelcolosi.com.br\/wp-content\/uploads\/2023\/11\/grupo-de-empregos-whatsapp-e-facebook-ismael-colosi-vagas.jpg?ssl=1\" alt=\"\" \/><\/a><\/p>\n<!-- \/wp:image -->\n<\/div>\n<p> <br \/>\n<\/p>\n<div data-td-block-uid=\"tdi_95\">\n<div class=\"tdb-block-inner td-fix-index\">\n<p><strong>A PMR (Pol\u00edcia Militar Rodovi\u00e1ria) em Ribeir\u00e3o Preto realiza uma campanha para arrecada\u00e7\u00e3o de fraldas geri\u00e1tricas.<\/strong><\/p>\n<p>As doa\u00e7\u00f5es podem ser entregues na base da PMR, no km 305 da rodovia Anhanguera (SP- 330), em qualquer dia e hor\u00e1rio, at\u00e9 10 de janeiro de 2006.<\/p>\n<p>Al\u00e9m de ser ponto de coleta, a base de Ribeir\u00e3o, que pertence ao 3\u00ba Batalh\u00e3o de Pol\u00edcia Rodovi\u00e1ria (3\u00ba BPRv), ganhou ilumina\u00e7\u00e3o especial natalina, na Campanha \u201cNatal Iluminado\u201d, e est\u00e1 aberta \u00e0 visita\u00e7\u00e3o.<\/p>\n<p>Segundo a pol\u00edcia, as fraldas arrecadadas dever\u00e3o ser destinadas a institui\u00e7\u00f5es de acolhimento de idosos nos munic\u00edpios onde se localizam as bases participantes em todo o estado.<\/p>\n<p>A pol\u00edcia ressalta que n\u00e3o ser\u00e3o aceitas doa\u00e7\u00f5es em dinheiro ou de materiais diversos, a fim de preservar o foco e a transpar\u00eancia da campanha.<\/p>\n<h2 class=\"wp-block-heading\"><strong>Servi\u00e7o<\/strong><\/h2>\n<p><em>Campanha \u201cNatal Iluminado\u201d \u2013 Arrecada\u00e7\u00e3o de fraldas geri\u00e1tricas<\/em><\/p>\n<p><strong>Quando:<\/strong> At\u00e9 10 de janeiro de 2026<br \/><strong>Onde:<\/strong> Base da Pol\u00edcia Militar Rodovi\u00e1ria em Ribeir\u00e3o Preto<br \/>Endere\u00e7o: Rodovia Anhanguera (SP- 330), km 305<\/p>\n<p><!-- AI CONTENT END 1 -->\n<\/div>\n<\/div>\n<p><br \/>\n<br \/><a href=\"https:\/\/www.acidadeon.com\/ribeiraopreto\/cotidiano\/policia-rodoviaria-faz-campanha-para-arrecadar-fraldas-geriatricas-em-ribeirao-preto-veja-como-ajudar\/\">Source link <\/a><\/p>\n<!-- CONTENT END 1 -->\n","protected":false},"excerpt":{"rendered":"<p>A PMR (Pol\u00edcia Militar Rodovi\u00e1ria) em Ribeir\u00e3o Preto realiza uma campanha para arrecada\u00e7\u00e3o de fraldas geri\u00e1tricas. As doa\u00e7\u00f5es podem ser entregues na base da PMR,&#8230;<\/p>\n","protected":false},"author":1,"featured_media":81037,"comment_status":"open","ping_status":"open","sticky":false,"template":"","format":"standard","meta":{"advanced_seo_description":"","jetpack_seo_html_title":"","jetpack_seo_noindex":false,"jetpack_post_was_ever_published":false,"_jetpack_newsletter_access":"","_jetpack_dont_email_post_to_subs":false,"_jetpack_newsletter_tier_id":0,"_jetpack_memberships_contains_paywalled_content":false,"_jetpack_memberships_contains_paid_content":false,"footnotes":"","jetpack_publicize_message":"","jetpack_publicize_feature_enabled":true,"jetpack_social_post_already_shared":true,"jetpack_social_options":{"image_generator_settings":{"template":"highway","default_image_id":0,"font":"","enabled":false},"version":2}},"categories":[11],"tags":[],"class_list":["post-81036","post","type-post","status-publish","format-standard","has-post-thumbnail","hentry","category-noticias-de-ribeirao-preto-sp-e-regiao-ismael-colosi"],"jetpack_publicize_connections":[],"jetpack_featured_media_url":"https:\/\/i0.wp.com\/noticiasribeiraopreto.com.br\/wp-content\/uploads\/2025\/12\/policia-rodoviaria_2025-12-21_19-08-13.webp.webp?fit=1200%2C847&ssl=1","jetpack-related-posts":[{"id":83702,"url":"https:\/\/noticiasribeiraopreto.com.br\/index.php\/2026\/03\/24\/bases-da-policia-rodoviaria-sao-reabertas-na-regiao-de-ribeirao-preto\/","url_meta":{"origin":81036,"position":0},"title":"Bases da Pol\u00edcia Rodovi\u00e1ria s\u00e3o reabertas na regi\u00e3o de Ribeir\u00e3o Preto","author":"noticiasribeiraopreto.com.br","date":"24 de March de 2026","format":false,"excerpt":"A PMR (Pol\u00edcia Militar Rodovi\u00e1ria) reativou duas Bases Operacionais, localizadas em Sert\u00e3ozinho e Cajuru, na regi\u00e3o de Ribeir\u00e3o Preto. As bases est\u00e3o nas rodovias Attilio\u00a0Balbo (SP-322) e Abr\u00e3o Assed (SP-333), respectivamente. Segundo o 3\u00ba Batalh\u00e3o de Pol\u00edcia Rodovi\u00e1ria da 4\u00aa Companhia, a medida tem o objetivo de \u201campliar a presen\u00e7a\u2026","rel":"","context":"In &quot;Not\u00edcias de Ribeir\u00e3o Preto-SP e Regi\u00e3o&quot;","block_context":{"text":"Not\u00edcias de Ribeir\u00e3o Preto-SP e Regi\u00e3o","link":"https:\/\/noticiasribeiraopreto.com.br\/index.php\/category\/noticias-de-ribeirao-preto-sp-e-regiao-ismael-colosi\/"},"img":{"alt_text":"","src":"https:\/\/i0.wp.com\/noticiasribeiraopreto.com.br\/wp-content\/uploads\/2026\/03\/poliicia-rodoviaria_2026-03-24_12-05-51.webp.webp?fit=1200%2C690&ssl=1&resize=350%2C200","width":350,"height":200,"srcset":"https:\/\/i0.wp.com\/noticiasribeiraopreto.com.br\/wp-content\/uploads\/2026\/03\/poliicia-rodoviaria_2026-03-24_12-05-51.webp.webp?fit=1200%2C690&ssl=1&resize=350%2C200 1x, https:\/\/i0.wp.com\/noticiasribeiraopreto.com.br\/wp-content\/uploads\/2026\/03\/poliicia-rodoviaria_2026-03-24_12-05-51.webp.webp?fit=1200%2C690&ssl=1&resize=525%2C300 1.5x, https:\/\/i0.wp.com\/noticiasribeiraopreto.com.br\/wp-content\/uploads\/2026\/03\/poliicia-rodoviaria_2026-03-24_12-05-51.webp.webp?fit=1200%2C690&ssl=1&resize=700%2C400 2x, https:\/\/i0.wp.com\/noticiasribeiraopreto.com.br\/wp-content\/uploads\/2026\/03\/poliicia-rodoviaria_2026-03-24_12-05-51.webp.webp?fit=1200%2C690&ssl=1&resize=1050%2C600 3x"},"classes":[]},{"id":51439,"url":"https:\/\/noticiasribeiraopreto.com.br\/index.php\/2024\/05\/26\/rio-grande-do-sul-recebeu-200-toneladas-de-doacoes-em-alimentos\/","url_meta":{"origin":81036,"position":1},"title":"Rio Grande do Sul recebeu 200 toneladas de doa\u00e7\u00f5es em alimentos","author":"noticiasribeiraopreto.com.br","date":"26 de May de 2024","format":false,"excerpt":"Um levantamento feito pela Defesa Civil do Rio Grande do Sul apontou que foram recebidos em doa\u00e7\u00f5es 202,2 toneladas de alimentos diversos, durante a trag\u00e9dia clim\u00e1tica que atinge o estado. Al\u00e9m dos alimentos, foram recebidos tamb\u00e9m 1,5 milh\u00e3o de litros de \u00e1gua pot\u00e1vel. Ao todo, o \u00f3rg\u00e3o contabilizou 3,375 milh\u00f5es\u2026","rel":"","context":"In &quot;Not\u00edcias de Ribeir\u00e3o Preto-SP e Regi\u00e3o&quot;","block_context":{"text":"Not\u00edcias de Ribeir\u00e3o Preto-SP e Regi\u00e3o","link":"https:\/\/noticiasribeiraopreto.com.br\/index.php\/category\/noticias-de-ribeirao-preto-sp-e-regiao-ismael-colosi\/"},"img":{"alt_text":"","src":"https:\/\/i0.wp.com\/noticiasribeiraopreto.com.br\/wp-content\/uploads\/2024\/05\/Copia-de-Copia-de-TAMANHO-EXATO-PARA-FOTOS-NO-SISTEMA-NOVO-46_2024-05-26_19-16-57_jpg_2024-05-26_19-16-58.webp.webp?fit=1200%2C675&ssl=1&resize=350%2C200","width":350,"height":200,"srcset":"https:\/\/i0.wp.com\/noticiasribeiraopreto.com.br\/wp-content\/uploads\/2024\/05\/Copia-de-Copia-de-TAMANHO-EXATO-PARA-FOTOS-NO-SISTEMA-NOVO-46_2024-05-26_19-16-57_jpg_2024-05-26_19-16-58.webp.webp?fit=1200%2C675&ssl=1&resize=350%2C200 1x, https:\/\/i0.wp.com\/noticiasribeiraopreto.com.br\/wp-content\/uploads\/2024\/05\/Copia-de-Copia-de-TAMANHO-EXATO-PARA-FOTOS-NO-SISTEMA-NOVO-46_2024-05-26_19-16-57_jpg_2024-05-26_19-16-58.webp.webp?fit=1200%2C675&ssl=1&resize=525%2C300 1.5x, https:\/\/i0.wp.com\/noticiasribeiraopreto.com.br\/wp-content\/uploads\/2024\/05\/Copia-de-Copia-de-TAMANHO-EXATO-PARA-FOTOS-NO-SISTEMA-NOVO-46_2024-05-26_19-16-57_jpg_2024-05-26_19-16-58.webp.webp?fit=1200%2C675&ssl=1&resize=700%2C400 2x, https:\/\/i0.wp.com\/noticiasribeiraopreto.com.br\/wp-content\/uploads\/2024\/05\/Copia-de-Copia-de-TAMANHO-EXATO-PARA-FOTOS-NO-SISTEMA-NOVO-46_2024-05-26_19-16-57_jpg_2024-05-26_19-16-58.webp.webp?fit=1200%2C675&ssl=1&resize=1050%2C600 3x"},"classes":[]},{"id":60940,"url":"https:\/\/noticiasribeiraopreto.com.br\/index.php\/2024\/11\/29\/homem-morre-apos-ser-atropelado-em-rodovia-de-ribeirao-preto-2\/","url_meta":{"origin":81036,"position":2},"title":"Homem morre ap\u00f3s ser atropelado em rodovia de Ribeir\u00e3o Preto","author":"noticiasribeiraopreto.com.br","date":"29 de November de 2024","format":false,"excerpt":"Um homem morreu no fim da madrugada desta sexta-feira (29), ap\u00f3s ser atropelado por um carro na rodovia Abr\u00e3o Assed (SP-333), na pista sentido a Ribeir\u00e3o Preto. O atropelamento ocorreu nas proximidades do CDP (Centro de Deten\u00e7\u00e3o Provis\u00f3ria) de Ribeir\u00e3o. Moto danificada Segundo a PMR (Pol\u00edcia Militar Rodovi\u00e1ria), uma moto\u2026","rel":"","context":"In &quot;Not\u00edcias de Ribeir\u00e3o Preto-SP e Regi\u00e3o&quot;","block_context":{"text":"Not\u00edcias de Ribeir\u00e3o Preto-SP e Regi\u00e3o","link":"https:\/\/noticiasribeiraopreto.com.br\/index.php\/category\/noticias-de-ribeirao-preto-sp-e-regiao-ismael-colosi\/"},"img":{"alt_text":"","src":"https:\/\/i0.wp.com\/noticiasribeiraopreto.com.br\/wp-content\/uploads\/2024\/11\/WhatsApp-Image-2024-11-29-at-11.39.39_2024-11-29_14-45-36_jpeg_2024-11-29_14-45-36.webp.webp?fit=1200%2C1034&ssl=1&resize=350%2C200","width":350,"height":200,"srcset":"https:\/\/i0.wp.com\/noticiasribeiraopreto.com.br\/wp-content\/uploads\/2024\/11\/WhatsApp-Image-2024-11-29-at-11.39.39_2024-11-29_14-45-36_jpeg_2024-11-29_14-45-36.webp.webp?fit=1200%2C1034&ssl=1&resize=350%2C200 1x, https:\/\/i0.wp.com\/noticiasribeiraopreto.com.br\/wp-content\/uploads\/2024\/11\/WhatsApp-Image-2024-11-29-at-11.39.39_2024-11-29_14-45-36_jpeg_2024-11-29_14-45-36.webp.webp?fit=1200%2C1034&ssl=1&resize=525%2C300 1.5x, https:\/\/i0.wp.com\/noticiasribeiraopreto.com.br\/wp-content\/uploads\/2024\/11\/WhatsApp-Image-2024-11-29-at-11.39.39_2024-11-29_14-45-36_jpeg_2024-11-29_14-45-36.webp.webp?fit=1200%2C1034&ssl=1&resize=700%2C400 2x, https:\/\/i0.wp.com\/noticiasribeiraopreto.com.br\/wp-content\/uploads\/2024\/11\/WhatsApp-Image-2024-11-29-at-11.39.39_2024-11-29_14-45-36_jpeg_2024-11-29_14-45-36.webp.webp?fit=1200%2C1034&ssl=1&resize=1050%2C600 3x"},"classes":[]},{"id":60934,"url":"https:\/\/noticiasribeiraopreto.com.br\/index.php\/2024\/11\/29\/homem-morre-apos-ser-atropelado-em-rodovia-de-ribeirao-preto\/","url_meta":{"origin":81036,"position":3},"title":"Homem morre ap\u00f3s ser atropelado em rodovia de Ribeir\u00e3o Preto","author":"noticiasribeiraopreto.com.br","date":"29 de November de 2024","format":false,"excerpt":"Um homem morreu no fim da madrugada desta sexta-feira (29), ap\u00f3s ser atropelado por um carro na rodovia Abr\u00e3o Assed (SP-333), na pista sentido a Ribeir\u00e3o Preto. O atropelamento ocorreu nas proximidades do CDP (Centro de Deten\u00e7\u00e3o Provis\u00f3ria) de Ribeir\u00e3o. Moto danificada Segundo a PMR (Pol\u00edcia Militar Rodovi\u00e1ria), uma moto\u2026","rel":"","context":"In &quot;Not\u00edcias de Ribeir\u00e3o Preto-SP e Regi\u00e3o&quot;","block_context":{"text":"Not\u00edcias de Ribeir\u00e3o Preto-SP e Regi\u00e3o","link":"https:\/\/noticiasribeiraopreto.com.br\/index.php\/category\/noticias-de-ribeirao-preto-sp-e-regiao-ismael-colosi\/"},"img":{"alt_text":"","src":"https:\/\/i0.wp.com\/noticiasribeiraopreto.com.br\/wp-content\/uploads\/2024\/11\/WhatsApp-Image-2024-11-29-at-11.39.39_2024-11-29_14-45-36_jpeg_2024-11-29_14-45-36.webp.webp?fit=1200%2C1034&ssl=1&resize=350%2C200","width":350,"height":200,"srcset":"https:\/\/i0.wp.com\/noticiasribeiraopreto.com.br\/wp-content\/uploads\/2024\/11\/WhatsApp-Image-2024-11-29-at-11.39.39_2024-11-29_14-45-36_jpeg_2024-11-29_14-45-36.webp.webp?fit=1200%2C1034&ssl=1&resize=350%2C200 1x, https:\/\/i0.wp.com\/noticiasribeiraopreto.com.br\/wp-content\/uploads\/2024\/11\/WhatsApp-Image-2024-11-29-at-11.39.39_2024-11-29_14-45-36_jpeg_2024-11-29_14-45-36.webp.webp?fit=1200%2C1034&ssl=1&resize=525%2C300 1.5x, https:\/\/i0.wp.com\/noticiasribeiraopreto.com.br\/wp-content\/uploads\/2024\/11\/WhatsApp-Image-2024-11-29-at-11.39.39_2024-11-29_14-45-36_jpeg_2024-11-29_14-45-36.webp.webp?fit=1200%2C1034&ssl=1&resize=700%2C400 2x, https:\/\/i0.wp.com\/noticiasribeiraopreto.com.br\/wp-content\/uploads\/2024\/11\/WhatsApp-Image-2024-11-29-at-11.39.39_2024-11-29_14-45-36_jpeg_2024-11-29_14-45-36.webp.webp?fit=1200%2C1034&ssl=1&resize=1050%2C600 3x"},"classes":[]},{"id":76646,"url":"https:\/\/noticiasribeiraopreto.com.br\/index.php\/2025\/09\/02\/prefeitura-de-ribeirao-tambem-teve-contrato-com-fintech-investigada-em-megaoperacao\/","url_meta":{"origin":81036,"position":4},"title":"Prefeitura de Ribeir\u00e3o tamb\u00e9m teve contrato com fintech investigada em megaopera\u00e7\u00e3o","author":"noticiasribeiraopreto.com.br","date":"2 de September de 2025","format":false,"excerpt":"A Prefeitura de Ribeir\u00e3o Preto assinou, em novembro de 2023, um contrato no valor de R$ 3,1 milh\u00f5es com a BK Institui\u00e7\u00e3o de Pagamento Ltda, fintech investigada pelo Minist\u00e9rio P\u00fablico de S\u00e3o Paulo (MP-SP), pela Receita Federal e pela Pol\u00edcia Federal por supostas liga\u00e7\u00f5es com o PCC. O acordo previa\u2026","rel":"","context":"In &quot;Not\u00edcias de Ribeir\u00e3o Preto-SP e Regi\u00e3o&quot;","block_context":{"text":"Not\u00edcias de Ribeir\u00e3o Preto-SP e Regi\u00e3o","link":"https:\/\/noticiasribeiraopreto.com.br\/index.php\/category\/noticias-de-ribeirao-preto-sp-e-regiao-ismael-colosi\/"},"img":{"alt_text":"","src":"https:\/\/i0.wp.com\/noticiasribeiraopreto.com.br\/wp-content\/uploads\/2025\/09\/Copia-de-Copia-de-Copia-de-TAMANHO-EXATO-PARA-FOTOS-NO-SISTEMA-NOVO-2025-08-29T104247.907_2025-08-29_13-43-08.webp.webp?fit=1200%2C675&ssl=1&resize=350%2C200","width":350,"height":200,"srcset":"https:\/\/i0.wp.com\/noticiasribeiraopreto.com.br\/wp-content\/uploads\/2025\/09\/Copia-de-Copia-de-Copia-de-TAMANHO-EXATO-PARA-FOTOS-NO-SISTEMA-NOVO-2025-08-29T104247.907_2025-08-29_13-43-08.webp.webp?fit=1200%2C675&ssl=1&resize=350%2C200 1x, https:\/\/i0.wp.com\/noticiasribeiraopreto.com.br\/wp-content\/uploads\/2025\/09\/Copia-de-Copia-de-Copia-de-TAMANHO-EXATO-PARA-FOTOS-NO-SISTEMA-NOVO-2025-08-29T104247.907_2025-08-29_13-43-08.webp.webp?fit=1200%2C675&ssl=1&resize=525%2C300 1.5x, https:\/\/i0.wp.com\/noticiasribeiraopreto.com.br\/wp-content\/uploads\/2025\/09\/Copia-de-Copia-de-Copia-de-TAMANHO-EXATO-PARA-FOTOS-NO-SISTEMA-NOVO-2025-08-29T104247.907_2025-08-29_13-43-08.webp.webp?fit=1200%2C675&ssl=1&resize=700%2C400 2x, https:\/\/i0.wp.com\/noticiasribeiraopreto.com.br\/wp-content\/uploads\/2025\/09\/Copia-de-Copia-de-Copia-de-TAMANHO-EXATO-PARA-FOTOS-NO-SISTEMA-NOVO-2025-08-29T104247.907_2025-08-29_13-43-08.webp.webp?fit=1200%2C675&ssl=1&resize=1050%2C600 3x"},"classes":[]},{"id":85011,"url":"https:\/\/noticiasribeiraopreto.com.br\/index.php\/2026\/04\/20\/corpo-e-encontrado-carbonizado-embaixo-de-viaduto-no-trevao-de-ribeirao-preto\/","url_meta":{"origin":81036,"position":5},"title":"Corpo \u00e9 encontrado carbonizado embaixo de viaduto no Trev\u00e3o de Ribeir\u00e3o Preto","author":"noticiasribeiraopreto.com.br","date":"20 de April de 2026","format":false,"excerpt":"Ler o resumo da not\u00edcia \r Corpo carbonizado foi encontrado sob viaduto no Trev\u00e3o, em Ribeir\u00e3o Preto.\r Pol\u00edcia Rodovi\u00e1ria foi chamada e registrou a ocorr\u00eancia para investiga\u00e7\u00e3o.\r A v\u00edtima estava sem identifica\u00e7\u00e3o.\r Um corpo foi encontrado carbonizado na noite deste domingo (19), embaixo de um viaduto sobre a rodovia Anhanguera\u2026","rel":"","context":"In &quot;Not\u00edcias de Ribeir\u00e3o Preto-SP e Regi\u00e3o&quot;","block_context":{"text":"Not\u00edcias de Ribeir\u00e3o Preto-SP e Regi\u00e3o","link":"https:\/\/noticiasribeiraopreto.com.br\/index.php\/category\/noticias-de-ribeirao-preto-sp-e-regiao-ismael-colosi\/"},"img":{"alt_text":"","src":"https:\/\/i0.wp.com\/noticiasribeiraopreto.com.br\/wp-content\/uploads\/2026\/04\/corpo_2026-04-20_12-09-29.webp.webp?fit=1200%2C875&ssl=1&resize=350%2C200","width":350,"height":200,"srcset":"https:\/\/i0.wp.com\/noticiasribeiraopreto.com.br\/wp-content\/uploads\/2026\/04\/corpo_2026-04-20_12-09-29.webp.webp?fit=1200%2C875&ssl=1&resize=350%2C200 1x, https:\/\/i0.wp.com\/noticiasribeiraopreto.com.br\/wp-content\/uploads\/2026\/04\/corpo_2026-04-20_12-09-29.webp.webp?fit=1200%2C875&ssl=1&resize=525%2C300 1.5x, https:\/\/i0.wp.com\/noticiasribeiraopreto.com.br\/wp-content\/uploads\/2026\/04\/corpo_2026-04-20_12-09-29.webp.webp?fit=1200%2C875&ssl=1&resize=700%2C400 2x, https:\/\/i0.wp.com\/noticiasribeiraopreto.com.br\/wp-content\/uploads\/2026\/04\/corpo_2026-04-20_12-09-29.webp.webp?fit=1200%2C875&ssl=1&resize=1050%2C600 3x"},"classes":[]}],"jetpack_sharing_enabled":true,"jetpack_shortlink":"https:\/\/wp.me\/peQAOb-l52","_links":{"self":[{"href":"https:\/\/noticiasribeiraopreto.com.br\/index.php\/wp-json\/wp\/v2\/posts\/81036","targetHints":{"allow":["GET"]}}],"collection":[{"href":"https:\/\/noticiasribeiraopreto.com.br\/index.php\/wp-json\/wp\/v2\/posts"}],"about":[{"href":"https:\/\/noticiasribeiraopreto.com.br\/index.php\/wp-json\/wp\/v2\/types\/post"}],"author":[{"embeddable":true,"href":"https:\/\/noticiasribeiraopreto.com.br\/index.php\/wp-json\/wp\/v2\/users\/1"}],"replies":[{"embeddable":true,"href":"https:\/\/noticiasribeiraopreto.com.br\/index.php\/wp-json\/wp\/v2\/comments?post=81036"}],"version-history":[{"count":0,"href":"https:\/\/noticiasribeiraopreto.com.br\/index.php\/wp-json\/wp\/v2\/posts\/81036\/revisions"}],"wp:featuredmedia":[{"embeddable":true,"href":"https:\/\/noticiasribeiraopreto.com.br\/index.php\/wp-json\/wp\/v2\/media\/81037"}],"wp:attachment":[{"href":"https:\/\/noticiasribeiraopreto.com.br\/index.php\/wp-json\/wp\/v2\/media?parent=81036"}],"wp:term":[{"taxonomy":"category","embeddable":true,"href":"https:\/\/noticiasribeiraopreto.com.br\/index.php\/wp-json\/wp\/v2\/categories?post=81036"},{"taxonomy":"post_tag","embeddable":true,"href":"https:\/\/noticiasribeiraopreto.com.br\/index.php\/wp-json\/wp\/v2\/tags?post=81036"}],"curies":[{"name":"wp","href":"https:\/\/api.w.org\/{rel}","templated":true}]}}