{"id":81038,"date":"2025-12-22T06:35:29","date_gmt":"2025-12-22T09:35:29","guid":{"rendered":"https:\/\/noticiasribeiraopreto.com.br\/index.php\/2025\/12\/22\/ribeirao-preto-registra-chuva-no-primeiro-dia-do-verao-veja-video\/"},"modified":"2025-12-22T06:35:29","modified_gmt":"2025-12-22T09:35:29","slug":"ribeirao-preto-registra-chuva-no-primeiro-dia-do-verao-veja-video","status":"publish","type":"post","link":"https:\/\/noticiasribeiraopreto.com.br\/index.php\/2025\/12\/22\/ribeirao-preto-registra-chuva-no-primeiro-dia-do-verao-veja-video\/","title":{"rendered":"Ribeir\u00e3o Preto registra chuva no primeiro dia do ver\u00e3o; Veja v\u00eddeo"},"content":{"rendered":"<div class='code-block code-block-1' style='margin: 8px 0 8px auto; text-align: right; display: block; clear: both;'>\n<p><a href=\"https:\/\/wa.link\/vpicfd\"><img data-recalc-dims=\"1\" class=\"wp-image-4922\" style=\"aspect-ratio: 2.0253164556962027; width: 561px; height: auto;\" src=\"https:\/\/i0.wp.com\/ismaelcolosi.com.br\/wp-content\/uploads\/2023\/11\/grupo-de-empregos-whatsapp-e-facebook-ismael-colosi-vagas.jpg?ssl=1\" alt=\"\" \/><\/a><\/p>\n<!-- \/wp:image -->\n<\/div>\n<p> <br \/>\n<\/p>\n<p><strong>Ribeir\u00e3o Preto tem chuva em alguns pontos da cidade na tarde desde domingo (21), data que marca o in\u00edcio do ver\u00e3o 2025\/2026.<\/strong> A <strong>esta\u00e7\u00e3o <\/strong>teve <strong>in\u00edcio <\/strong>\u00e0s <strong>12h03<\/strong>.<\/p>\n<p>O <strong>v\u00eddeo <\/strong>foi <strong>gravado <\/strong>no <strong>Ipiranga<\/strong>, <strong>zona Norte<\/strong> da <strong>cidade<\/strong>. <strong>Assista abaixo<\/strong>.<\/p>\n<p>Segundo a <a href=\"https:\/\/www.climatempo.com.br\/\" data-type=\"link\" data-id=\"https:\/\/www.climatempo.com.br\/\" target=\"_blank\" rel=\"noopener\">Climatempo<\/a>, a chuva \u00e9 resultado da combina\u00e7\u00e3o de calor, umidade e sistemas atmosf\u00e9ricos. N\u00e3o h\u00e1, por\u00e9m, previs\u00e3o para grandes volumes acumulados.<\/p>\n<blockquote class=\"instagram-media\" data-instgrm-permalink=\"https:\/\/www.instagram.com\/reel\/DSibc1dEtUD\/?utm_source=ig_embed&amp;utm_campaign=loading\" data-instgrm-version=\"14\" style=\"background:#FFF;border:0;border-radius:3px;margin: 1px;max-width:540px;min-width:326px;padding:0;width:99.375%;width:-webkit-calc(100% - 2px);width:calc(100% - 2px)\">\n<div style=\"padding:16px\"> <a href=\"https:\/\/www.instagram.com\/reel\/DSibc1dEtUD\/?utm_source=ig_embed&amp;utm_campaign=loading\" style=\"background:#FFFFFF;line-height:0;padding:0 0;text-align:center;text-decoration:none;width:100%\" target=\"_blank\" rel=\"noopener\"> <\/p>\n<div style=\"flex-direction: row;align-items: center\">\n<div style=\"background-color: #F4F4F4;border-radius: 50%;flex-grow: 0;height: 40px;margin-right: 14px;width: 40px\"><\/div>\n<div style=\"flex-direction: column;flex-grow: 1;justify-content: center\">\n<div style=\"background-color: #F4F4F4;border-radius: 4px;flex-grow: 0;height: 14px;margin-bottom: 6px;width: 100px\"><\/div>\n<div style=\"background-color: #F4F4F4;border-radius: 4px;flex-grow: 0;height: 14px;width: 60px\"><\/div>\n<\/div>\n<\/div>\n<div style=\"padding: 19% 0\"><\/div>\n<div style=\"height:50px;margin:0 auto 12px;width:50px\"><\/div>\n<div style=\"padding-top: 8px\">\n<div style=\"color:#3897f0;font-family:Arial,sans-serif;font-size:14px;font-style:normal;font-weight:550;line-height:18px\">Ver essa foto no Instagram<\/div>\n<\/div>\n<div style=\"padding: 12.5% 0\"><\/div>\n<div style=\"flex-direction: row;margin-bottom: 14px;align-items: center\">\n<div>\n<div style=\"background-color: #F4F4F4;border-radius: 50%;height: 12.5px;width: 12.5px\"><\/div>\n<div style=\"background-color: #F4F4F4;height: 12.5px;width: 12.5px;flex-grow: 0;margin-right: 14px;margin-left: 2px\"><\/div>\n<div style=\"background-color: #F4F4F4;border-radius: 50%;height: 12.5px;width: 12.5px\"><\/div>\n<\/div>\n<div style=\"margin-left: 8px\">\n<div style=\"background-color: #F4F4F4;border-radius: 50%;flex-grow: 0;height: 20px;width: 20px\"><\/div>\n<div style=\"width: 0;height: 0;border-top: 2px solid transparent;border-left: 6px solid #f4f4f4;border-bottom: 2px solid transparent\"><\/div>\n<\/div>\n<div style=\"margin-left: auto\">\n<div style=\"width: 0px;border-top: 8px solid #F4F4F4;border-right: 8px solid transparent\"><\/div>\n<div style=\"background-color: #F4F4F4;flex-grow: 0;height: 12px;width: 16px\"><\/div>\n<div style=\"width: 0;height: 0;border-top: 8px solid #F4F4F4;border-left: 8px solid transparent\"><\/div>\n<\/div>\n<\/div>\n<div style=\"flex-direction: column;flex-grow: 1;justify-content: center;margin-bottom: 24px\">\n<div style=\"background-color: #F4F4F4;border-radius: 4px;flex-grow: 0;height: 14px;margin-bottom: 6px;width: 224px\"><\/div>\n<div style=\"background-color: #F4F4F4;border-radius: 4px;flex-grow: 0;height: 14px;width: 144px\"><\/div>\n<\/div>\n<p><\/a><\/p>\n<p style=\"color:#c9c8cd;font-family:Arial,sans-serif;font-size:14px;line-height:17px;margin-bottom:0;margin-top:8px;overflow:hidden;padding:8px 0 7px;text-align:center\"><a href=\"https:\/\/www.instagram.com\/reel\/DSibc1dEtUD\/?utm_source=ig_embed&amp;utm_campaign=loading\" style=\"color:#c9c8cd;font-family:Arial,sans-serif;font-size:14px;font-style:normal;font-weight:normal;line-height:17px;text-decoration:none\" target=\"_blank\" rel=\"noopener\">Um post compartilhado por acidade on Ribeir\u00e3o (@acidadeonribeirao)<\/a><\/p>\n<\/div>\n<\/blockquote>\n<p>SAIBA MAIS<\/p>\n<p>Vem mais chuva? Veja como fica o tempo no primeiro dia do ver\u00e3o em Ribeir\u00e3o Preto<\/p>\n<h2 class=\"wp-block-heading\"><strong>FIQUE ON<\/strong><\/h2>\n<p>Fique ligado em tudo que acontece em Ribeir\u00e3o Preto e regi\u00e3o. Siga os perfis do&nbsp;<strong>acidade on<\/strong>&nbsp;no<a href=\"https:\/\/www.instagram.com\/acidadeonribeirao\" target=\"_blank\" rel=\"noreferrer noopener\">&nbsp;Instagram&nbsp;<\/a>e no&nbsp;<a href=\"https:\/\/www.facebook.com\/acidadeonribeirao\/\" target=\"_blank\" rel=\"noreferrer noopener\">Facebook<\/a>.<\/p>\n<p>Receba not\u00edcias do&nbsp;<strong>acidade on<\/strong>&nbsp;no WhatsApp. Para entrar no grupo,&nbsp;basta&nbsp;<a href=\"https:\/\/chat.whatsapp.com\/GFH9HUMUTHNFJdnyEd0xxq\" target=\"_blank\" rel=\"noreferrer noopener\">clicar aqui<\/a>. Ou, acesse o nosso&nbsp;Canal&nbsp;<a href=\"https:\/\/whatsapp.com\/channel\/0029Vb6IQl1JENyAeS57fk2p\" target=\"_blank\" rel=\"noreferrer noopener\">clicando aqui<\/a>.<\/p>\n<p>Fa\u00e7a uma den\u00fancia ou sugira uma reportagem sobre Ribeir\u00e3o Preto e regi\u00e3o pelo WhatsApp: 16 99117 7802.<\/p>\n<p>VEJA TAMB\u00c9M<\/p>\n<p>Como fazer crunch cake?<\/p>\n<p>O post Ribeir\u00e3o Preto registra chuva no primeiro dia do ver\u00e3o; Veja v\u00eddeo apareceu primeiro em ACidade ON Ribeir\u00e3o Preto.<\/p>\n<p><script async src=\"\/\/www.instagram.com\/embed.js\"><\/script><br \/>\n<br \/><br \/>\n<br \/><a href=\"https:\/\/www.acidadeon.com\/ribeiraopreto\/cotidiano\/ribeirao-preto-registra-chuva-no-primeiro-dia-do-verao-veja-video\/\">Source link <\/a><\/p>\n<!-- CONTENT END 1 -->\n","protected":false},"excerpt":{"rendered":"<p>Ribeir\u00e3o Preto tem chuva em alguns pontos da cidade na tarde desde domingo (21), data que marca o in\u00edcio do ver\u00e3o 2025\/2026. A esta\u00e7\u00e3o teve&#8230;<\/p>\n","protected":false},"author":1,"featured_media":81039,"comment_status":"open","ping_status":"open","sticky":false,"template":"","format":"standard","meta":{"advanced_seo_description":"","jetpack_seo_html_title":"","jetpack_seo_noindex":false,"jetpack_post_was_ever_published":false,"_jetpack_newsletter_access":"","_jetpack_dont_email_post_to_subs":false,"_jetpack_newsletter_tier_id":0,"_jetpack_memberships_contains_paywalled_content":false,"_jetpack_memberships_contains_paid_content":false,"footnotes":"","jetpack_publicize_message":"","jetpack_publicize_feature_enabled":true,"jetpack_social_post_already_shared":true,"jetpack_social_options":{"image_generator_settings":{"template":"highway","default_image_id":0,"font":"","enabled":false},"version":2}},"categories":[11],"tags":[],"class_list":["post-81038","post","type-post","status-publish","format-standard","has-post-thumbnail","hentry","category-noticias-de-ribeirao-preto-sp-e-regiao-ismael-colosi"],"jetpack_publicize_connections":[],"jetpack_featured_media_url":"https:\/\/i0.wp.com\/noticiasribeiraopreto.com.br\/wp-content\/uploads\/2025\/12\/WhatsApp-Image-2025-12-21-at-16.33.11_2025-12-21_20-01-40.webp.webp?fit=1200%2C900&ssl=1","jetpack-related-posts":[{"id":81049,"url":"https:\/\/noticiasribeiraopreto.com.br\/index.php\/2025\/12\/22\/vem-mais-chuva-veja-como-fica-o-tempo-no-primeiro-dia-do-verao-em-ribeirao-preto\/","url_meta":{"origin":81038,"position":0},"title":"Vem mais chuva? Veja como fica o tempo no primeiro dia do ver\u00e3o em Ribeir\u00e3o Preto","author":"noticiasribeiraopreto.com.br","date":"22 de December de 2025","format":false,"excerpt":"O domingo (21), data que marca o in\u00edcio do ver\u00e3o 2025\/2026, come\u00e7ou com sol e tempo abafado em Ribeir\u00e3o Preto. A esta\u00e7\u00e3o tem in\u00edcio \u00e0s 12h03 (hor\u00e1rio de Bras\u00edlia) e vai at\u00e9 20 de mar\u00e7o de 2026. Segundo a Climatempo, as instabilidades diminuem neste domingo, mas ainda h\u00e1 chance para\u2026","rel":"","context":"In &quot;Not\u00edcias de Ribeir\u00e3o Preto-SP e Regi\u00e3o&quot;","block_context":{"text":"Not\u00edcias de Ribeir\u00e3o Preto-SP e Regi\u00e3o","link":"https:\/\/noticiasribeiraopreto.com.br\/index.php\/category\/noticias-de-ribeirao-preto-sp-e-regiao-ismael-colosi\/"},"img":{"alt_text":"","src":"https:\/\/i0.wp.com\/noticiasribeiraopreto.com.br\/wp-content\/uploads\/2025\/12\/WhatsApp-Image-2025-12-21-at-09.19.41_2025-12-21_12-58-45.webp.webp?fit=1200%2C900&ssl=1&resize=350%2C200","width":350,"height":200,"srcset":"https:\/\/i0.wp.com\/noticiasribeiraopreto.com.br\/wp-content\/uploads\/2025\/12\/WhatsApp-Image-2025-12-21-at-09.19.41_2025-12-21_12-58-45.webp.webp?fit=1200%2C900&ssl=1&resize=350%2C200 1x, https:\/\/i0.wp.com\/noticiasribeiraopreto.com.br\/wp-content\/uploads\/2025\/12\/WhatsApp-Image-2025-12-21-at-09.19.41_2025-12-21_12-58-45.webp.webp?fit=1200%2C900&ssl=1&resize=525%2C300 1.5x, https:\/\/i0.wp.com\/noticiasribeiraopreto.com.br\/wp-content\/uploads\/2025\/12\/WhatsApp-Image-2025-12-21-at-09.19.41_2025-12-21_12-58-45.webp.webp?fit=1200%2C900&ssl=1&resize=700%2C400 2x, https:\/\/i0.wp.com\/noticiasribeiraopreto.com.br\/wp-content\/uploads\/2025\/12\/WhatsApp-Image-2025-12-21-at-09.19.41_2025-12-21_12-58-45.webp.webp?fit=1200%2C900&ssl=1&resize=1050%2C600 3x"},"classes":[]},{"id":83313,"url":"https:\/\/noticiasribeiraopreto.com.br\/index.php\/2026\/03\/16\/sol-ou-chuva-veja-previsao-para-a-ultima-semana-do-verao-em-ribeirao-preto\/","url_meta":{"origin":81038,"position":1},"title":"Sol ou chuva? Veja previs\u00e3o para a \u00faltima semana do ver\u00e3o em Ribeir\u00e3o Preto","author":"noticiasribeiraopreto.com.br","date":"16 de March de 2026","format":false,"excerpt":"A \u00faltima semana do ver\u00e3o deve come\u00e7ar com predom\u00ednio de tempo firme e sensa\u00e7\u00e3o de calor e abafamento na regi\u00e3o de Ribeir\u00e3o Preto. O outono tem in\u00edcio \u00e0s 11h45 da pr\u00f3xima sexta-feira (20). Segundo a Climatempo, mesmo com o tempo est\u00e1vel neste come\u00e7o de semana, n\u00e3o est\u00e3o descartadas pancadas isoladas\u2026","rel":"","context":"In &quot;Not\u00edcias de Ribeir\u00e3o Preto-SP e Regi\u00e3o&quot;","block_context":{"text":"Not\u00edcias de Ribeir\u00e3o Preto-SP e Regi\u00e3o","link":"https:\/\/noticiasribeiraopreto.com.br\/index.php\/category\/noticias-de-ribeirao-preto-sp-e-regiao-ismael-colosi\/"},"img":{"alt_text":"","src":"https:\/\/i0.wp.com\/noticiasribeiraopreto.com.br\/wp-content\/uploads\/2025\/07\/WhatsApp-Image-2025-05-08-at-06.45.03_2025-05-08_09-48-38.webp.webp?fit=1200%2C540&ssl=1&resize=350%2C200","width":350,"height":200,"srcset":"https:\/\/i0.wp.com\/noticiasribeiraopreto.com.br\/wp-content\/uploads\/2025\/07\/WhatsApp-Image-2025-05-08-at-06.45.03_2025-05-08_09-48-38.webp.webp?fit=1200%2C540&ssl=1&resize=350%2C200 1x, https:\/\/i0.wp.com\/noticiasribeiraopreto.com.br\/wp-content\/uploads\/2025\/07\/WhatsApp-Image-2025-05-08-at-06.45.03_2025-05-08_09-48-38.webp.webp?fit=1200%2C540&ssl=1&resize=525%2C300 1.5x, https:\/\/i0.wp.com\/noticiasribeiraopreto.com.br\/wp-content\/uploads\/2025\/07\/WhatsApp-Image-2025-05-08-at-06.45.03_2025-05-08_09-48-38.webp.webp?fit=1200%2C540&ssl=1&resize=700%2C400 2x, https:\/\/i0.wp.com\/noticiasribeiraopreto.com.br\/wp-content\/uploads\/2025\/07\/WhatsApp-Image-2025-05-08-at-06.45.03_2025-05-08_09-48-38.webp.webp?fit=1200%2C540&ssl=1&resize=1050%2C600 3x"},"classes":[]},{"id":65074,"url":"https:\/\/noticiasribeiraopreto.com.br\/index.php\/2025\/03\/15\/veja-como-fica-o-tempo-no-ultimo-fim-de-semana-do-verao-em-ribeirao-preto\/","url_meta":{"origin":81038,"position":2},"title":"Veja como fica o tempo no \u00faltimo fim de semana do ver\u00e3o em Ribeir\u00e3o Preto","author":"noticiasribeiraopreto.com.br","date":"15 de March de 2025","format":false,"excerpt":"O \u00faltimo fim de semana do ver\u00e3o em Ribeir\u00e3o Preto ser\u00e1 de calor e com possibilidade de chuva. Segundo a Climatempo, as temperaturas devem ficar acima dos 30\u00b0C em Ribeir\u00e3o Preto. Confira S\u00e1bado, 15 de mar\u00e7oM\u00e1xima: 34\u00b0CM\u00ednima: 22\u00b0C Sol com algumas nuvens e chuva passageira. No per\u00edodo da noite o\u2026","rel":"","context":"In &quot;Not\u00edcias de Ribeir\u00e3o Preto-SP e Regi\u00e3o&quot;","block_context":{"text":"Not\u00edcias de Ribeir\u00e3o Preto-SP e Regi\u00e3o","link":"https:\/\/noticiasribeiraopreto.com.br\/index.php\/category\/noticias-de-ribeirao-preto-sp-e-regiao-ismael-colosi\/"},"img":{"alt_text":"","src":"https:\/\/i0.wp.com\/noticiasribeiraopreto.com.br\/wp-content\/uploads\/2025\/03\/praca-15-ribeirao-preto_2025-03-15_12-24-17_jpeg_2025-03-15_12-24-17.webp.webp?fit=1200%2C541&ssl=1&resize=350%2C200","width":350,"height":200,"srcset":"https:\/\/i0.wp.com\/noticiasribeiraopreto.com.br\/wp-content\/uploads\/2025\/03\/praca-15-ribeirao-preto_2025-03-15_12-24-17_jpeg_2025-03-15_12-24-17.webp.webp?fit=1200%2C541&ssl=1&resize=350%2C200 1x, https:\/\/i0.wp.com\/noticiasribeiraopreto.com.br\/wp-content\/uploads\/2025\/03\/praca-15-ribeirao-preto_2025-03-15_12-24-17_jpeg_2025-03-15_12-24-17.webp.webp?fit=1200%2C541&ssl=1&resize=525%2C300 1.5x, https:\/\/i0.wp.com\/noticiasribeiraopreto.com.br\/wp-content\/uploads\/2025\/03\/praca-15-ribeirao-preto_2025-03-15_12-24-17_jpeg_2025-03-15_12-24-17.webp.webp?fit=1200%2C541&ssl=1&resize=700%2C400 2x, https:\/\/i0.wp.com\/noticiasribeiraopreto.com.br\/wp-content\/uploads\/2025\/03\/praca-15-ribeirao-preto_2025-03-15_12-24-17_jpeg_2025-03-15_12-24-17.webp.webp?fit=1200%2C541&ssl=1&resize=1050%2C600 3x"},"classes":[]},{"id":38727,"url":"https:\/\/noticiasribeiraopreto.com.br\/index.php\/2024\/02\/21\/entenda-por-que-o-ceu-de-ribeirao-preto-ficou-rosa-depois-da-chuva-veja-o-video\/","url_meta":{"origin":81038,"position":3},"title":"Entenda por que o c\u00e9u de Ribeir\u00e3o Preto \u2018ficou rosa\u2019 depois da chuva; Veja o v\u00eddeo","author":"noticiasribeiraopreto.com.br","date":"21 de February de 2024","format":false,"excerpt":"O c\u00e9u de Ribeir\u00e3o Preto no in\u00edcio da noite da \u00faltima ter\u00e7a-feira (20), ap\u00f3s a chuva que atingiu a cidade. A imagem chamou a aten\u00e7\u00e3o dos internautas, como a Ingrid Guizardi, que fez o registro pr\u00f3ximo ao Anel Vi\u00e1rio Sul \u2013 veja o v\u00eddeo abaixo. De acordo com a Climatempo,\u2026","rel":"","context":"In &quot;Not\u00edcias de Ribeir\u00e3o Preto-SP e Regi\u00e3o&quot;","block_context":{"text":"Not\u00edcias de Ribeir\u00e3o Preto-SP e Regi\u00e3o","link":"https:\/\/noticiasribeiraopreto.com.br\/index.php\/category\/noticias-de-ribeirao-preto-sp-e-regiao-ismael-colosi\/"},"img":{"alt_text":"","src":"https:\/\/i0.wp.com\/noticiasribeiraopreto.com.br\/wp-content\/uploads\/2024\/02\/ceu-rosa.jpg?fit=1200%2C687&ssl=1&resize=350%2C200","width":350,"height":200,"srcset":"https:\/\/i0.wp.com\/noticiasribeiraopreto.com.br\/wp-content\/uploads\/2024\/02\/ceu-rosa.jpg?fit=1200%2C687&ssl=1&resize=350%2C200 1x, https:\/\/i0.wp.com\/noticiasribeiraopreto.com.br\/wp-content\/uploads\/2024\/02\/ceu-rosa.jpg?fit=1200%2C687&ssl=1&resize=525%2C300 1.5x, https:\/\/i0.wp.com\/noticiasribeiraopreto.com.br\/wp-content\/uploads\/2024\/02\/ceu-rosa.jpg?fit=1200%2C687&ssl=1&resize=700%2C400 2x, https:\/\/i0.wp.com\/noticiasribeiraopreto.com.br\/wp-content\/uploads\/2024\/02\/ceu-rosa.jpg?fit=1200%2C687&ssl=1&resize=1050%2C600 3x"},"classes":[]},{"id":81320,"url":"https:\/\/noticiasribeiraopreto.com.br\/index.php\/2026\/01\/01\/sol-chuva-ou-calorao-veja-a-previsao-do-tempo-para-o-ultimo-dia-do-ano\/","url_meta":{"origin":81038,"position":4},"title":"Sol, chuva ou calor\u00e3o? Veja a previs\u00e3o do tempo para o \u00faltimo dia do ano","author":"noticiasribeiraopreto.com.br","date":"1 de January de 2026","format":false,"excerpt":"A previs\u00e3o do tempo para Ribeir\u00e3o Preto indica um dia de calor, instabilidade e chuva ao longo desta quarta-feira (31). O sol aparece entre muitas nuvens desde a madrugada e segue presente durante a manh\u00e3, o que mant\u00e9m a sensa\u00e7\u00e3o de tempo abafado na cidade. Ao longo da tarde, o\u2026","rel":"","context":"In &quot;Not\u00edcias de Ribeir\u00e3o Preto-SP e Regi\u00e3o&quot;","block_context":{"text":"Not\u00edcias de Ribeir\u00e3o Preto-SP e Regi\u00e3o","link":"https:\/\/noticiasribeiraopreto.com.br\/index.php\/category\/noticias-de-ribeirao-preto-sp-e-regiao-ismael-colosi\/"},"img":{"alt_text":"","src":"https:\/\/i0.wp.com\/noticiasribeiraopreto.com.br\/wp-content\/uploads\/2026\/01\/IMG_0786_2025-11-17_19-00-21.webp.webp?fit=1200%2C675&ssl=1&resize=350%2C200","width":350,"height":200,"srcset":"https:\/\/i0.wp.com\/noticiasribeiraopreto.com.br\/wp-content\/uploads\/2026\/01\/IMG_0786_2025-11-17_19-00-21.webp.webp?fit=1200%2C675&ssl=1&resize=350%2C200 1x, https:\/\/i0.wp.com\/noticiasribeiraopreto.com.br\/wp-content\/uploads\/2026\/01\/IMG_0786_2025-11-17_19-00-21.webp.webp?fit=1200%2C675&ssl=1&resize=525%2C300 1.5x, https:\/\/i0.wp.com\/noticiasribeiraopreto.com.br\/wp-content\/uploads\/2026\/01\/IMG_0786_2025-11-17_19-00-21.webp.webp?fit=1200%2C675&ssl=1&resize=700%2C400 2x, https:\/\/i0.wp.com\/noticiasribeiraopreto.com.br\/wp-content\/uploads\/2026\/01\/IMG_0786_2025-11-17_19-00-21.webp.webp?fit=1200%2C675&ssl=1&resize=1050%2C600 3x"},"classes":[]},{"id":62382,"url":"https:\/\/noticiasribeiraopreto.com.br\/index.php\/2025\/01\/13\/calor-e-chance-de-chuva-veja-previsao-para-semana-no-interior-de-sp\/","url_meta":{"origin":81038,"position":5},"title":"Calor e chance de chuva: Veja previs\u00e3o para semana no interior de SP","author":"noticiasribeiraopreto.com.br","date":"13 de January de 2025","format":false,"excerpt":"A semana come\u00e7a com condi\u00e7\u00f5es t\u00edpicas de ver\u00e3o e pancadas de chuva mais irregulares no interior de S\u00e3o Paulo. Segundo a Climatempo, a combina\u00e7\u00e3o entre calor e umidade ainda mant\u00e9m a condi\u00e7\u00e3o de pancadas de ver\u00e3o nas regi\u00f5es de Ribeir\u00e3o Preto, S\u00e3o Carlos e Campinas. N\u00e3o h\u00e1 risco de temporal\u2026","rel":"","context":"In &quot;Not\u00edcias de Ribeir\u00e3o Preto-SP e Regi\u00e3o&quot;","block_context":{"text":"Not\u00edcias de Ribeir\u00e3o Preto-SP e Regi\u00e3o","link":"https:\/\/noticiasribeiraopreto.com.br\/index.php\/category\/noticias-de-ribeirao-preto-sp-e-regiao-ismael-colosi\/"},"img":{"alt_text":"","src":"https:\/\/i0.wp.com\/noticiasribeiraopreto.com.br\/wp-content\/uploads\/2024\/08\/WhatsApp-Image-2024-07-13-at-19.42.17_2024-07-13_22-42-51_jpeg_2024-07-13_22-42-51.webp.webp?fit=1200%2C553&ssl=1&resize=350%2C200","width":350,"height":200,"srcset":"https:\/\/i0.wp.com\/noticiasribeiraopreto.com.br\/wp-content\/uploads\/2024\/08\/WhatsApp-Image-2024-07-13-at-19.42.17_2024-07-13_22-42-51_jpeg_2024-07-13_22-42-51.webp.webp?fit=1200%2C553&ssl=1&resize=350%2C200 1x, https:\/\/i0.wp.com\/noticiasribeiraopreto.com.br\/wp-content\/uploads\/2024\/08\/WhatsApp-Image-2024-07-13-at-19.42.17_2024-07-13_22-42-51_jpeg_2024-07-13_22-42-51.webp.webp?fit=1200%2C553&ssl=1&resize=525%2C300 1.5x, https:\/\/i0.wp.com\/noticiasribeiraopreto.com.br\/wp-content\/uploads\/2024\/08\/WhatsApp-Image-2024-07-13-at-19.42.17_2024-07-13_22-42-51_jpeg_2024-07-13_22-42-51.webp.webp?fit=1200%2C553&ssl=1&resize=700%2C400 2x, https:\/\/i0.wp.com\/noticiasribeiraopreto.com.br\/wp-content\/uploads\/2024\/08\/WhatsApp-Image-2024-07-13-at-19.42.17_2024-07-13_22-42-51_jpeg_2024-07-13_22-42-51.webp.webp?fit=1200%2C553&ssl=1&resize=1050%2C600 3x"},"classes":[]}],"jetpack_sharing_enabled":true,"jetpack_shortlink":"https:\/\/wp.me\/peQAOb-l54","_links":{"self":[{"href":"https:\/\/noticiasribeiraopreto.com.br\/index.php\/wp-json\/wp\/v2\/posts\/81038","targetHints":{"allow":["GET"]}}],"collection":[{"href":"https:\/\/noticiasribeiraopreto.com.br\/index.php\/wp-json\/wp\/v2\/posts"}],"about":[{"href":"https:\/\/noticiasribeiraopreto.com.br\/index.php\/wp-json\/wp\/v2\/types\/post"}],"author":[{"embeddable":true,"href":"https:\/\/noticiasribeiraopreto.com.br\/index.php\/wp-json\/wp\/v2\/users\/1"}],"replies":[{"embeddable":true,"href":"https:\/\/noticiasribeiraopreto.com.br\/index.php\/wp-json\/wp\/v2\/comments?post=81038"}],"version-history":[{"count":0,"href":"https:\/\/noticiasribeiraopreto.com.br\/index.php\/wp-json\/wp\/v2\/posts\/81038\/revisions"}],"wp:featuredmedia":[{"embeddable":true,"href":"https:\/\/noticiasribeiraopreto.com.br\/index.php\/wp-json\/wp\/v2\/media\/81039"}],"wp:attachment":[{"href":"https:\/\/noticiasribeiraopreto.com.br\/index.php\/wp-json\/wp\/v2\/media?parent=81038"}],"wp:term":[{"taxonomy":"category","embeddable":true,"href":"https:\/\/noticiasribeiraopreto.com.br\/index.php\/wp-json\/wp\/v2\/categories?post=81038"},{"taxonomy":"post_tag","embeddable":true,"href":"https:\/\/noticiasribeiraopreto.com.br\/index.php\/wp-json\/wp\/v2\/tags?post=81038"}],"curies":[{"name":"wp","href":"https:\/\/api.w.org\/{rel}","templated":true}]}}