{"id":81040,"date":"2025-12-22T06:42:23","date_gmt":"2025-12-22T09:42:23","guid":{"rendered":"https:\/\/noticiasribeiraopreto.com.br\/index.php\/2025\/12\/22\/incendio-atinge-apartamento-e-deixa-tres-mortos-no-interior-de-sp\/"},"modified":"2025-12-22T06:42:23","modified_gmt":"2025-12-22T09:42:23","slug":"incendio-atinge-apartamento-e-deixa-tres-mortos-no-interior-de-sp","status":"publish","type":"post","link":"https:\/\/noticiasribeiraopreto.com.br\/index.php\/2025\/12\/22\/incendio-atinge-apartamento-e-deixa-tres-mortos-no-interior-de-sp\/","title":{"rendered":"Inc\u00eandio atinge apartamento e deixa tr\u00eas mortos no interior de SP"},"content":{"rendered":"<div class='code-block code-block-1' style='margin: 8px 0 8px auto; text-align: right; display: block; clear: both;'>\n<p><a href=\"https:\/\/wa.link\/vpicfd\"><img data-recalc-dims=\"1\" class=\"wp-image-4922\" style=\"aspect-ratio: 2.0253164556962027; width: 561px; height: auto;\" src=\"https:\/\/i0.wp.com\/ismaelcolosi.com.br\/wp-content\/uploads\/2023\/11\/grupo-de-empregos-whatsapp-e-facebook-ismael-colosi-vagas.jpg?ssl=1\" alt=\"\" \/><\/a><\/p>\n<!-- \/wp:image -->\n<\/div>\n<p> <br \/>\n<\/p>\n<div data-td-block-uid=\"tdi_95\">\n<div class=\"tdb-block-inner td-fix-index\">\n<p><strong>Um\u00a0inc\u00eandio de grandes propor\u00e7\u00f5es\u00a0atingiu um\u00a0apartamento no 14\u00ba andar de um pr\u00e9dio\u00a0residencial e\u00a0deixou\u00a0tr\u00eas pessoas mortas\u00a0na manh\u00e3 deste\u00a0domingo (21), em\u00a0Piracicaba (SP).<\/strong> Al\u00e9m das <strong>v\u00edtimas humanas<\/strong>,\u00a0um <strong>cachorro <\/strong>e um <strong>gato<\/strong> tamb\u00e9m <strong>morreram\u00a0<\/strong>no im\u00f3vel.<\/p>\n<p>Segundo o\u00a0<strong>Corpo de Bombeiros<\/strong>, o <strong>chamado <\/strong>foi <strong>registrado <\/strong>\u00e0s 10h36 no <strong><strong>condom\u00ednio Villa Serena<\/strong><\/strong>, localizado na\u00a0<strong>avenida Francisco Luiz Rasera,<\/strong>\u00a0no\u00a0<strong>bairro \u00c1gua Branca<\/strong>.<\/p>\n<p>As identidades das tr\u00eas v\u00edtimas fatais n\u00e3o foram divulgadas.\u00a0<\/p>\n<p>As\u00a0causas do inc\u00eandio dever\u00e3o ser investigadas.<\/p>\n<p>SAIBA MAIS<\/p>\n<p>Jovens que morreram ap\u00f3s carro bater em \u00e1rvore tinham 19 e 24 anos<\/p>\n<h2 class=\"wp-block-heading\"><strong>FIQUE ON<\/strong><\/h2>\n<p>Fique ligado em tudo que acontece em Ribeir\u00e3o Preto e regi\u00e3o. Siga os perfis do\u00a0<strong>acidade on<\/strong>\u00a0no<a href=\"https:\/\/www.instagram.com\/acidadeonribeirao\" target=\"_blank\" rel=\"noreferrer noopener\">\u00a0Instagram\u00a0<\/a>e no\u00a0<a href=\"https:\/\/www.facebook.com\/acidadeonribeirao\/\" target=\"_blank\" rel=\"noreferrer noopener\">Facebook<\/a>.<\/p>\n<p>Receba not\u00edcias do\u00a0<strong>acidade on<\/strong>\u00a0no WhatsApp. Para entrar no grupo,\u00a0basta\u00a0<a href=\"https:\/\/chat.whatsapp.com\/GFH9HUMUTHNFJdnyEd0xxq\" target=\"_blank\" rel=\"noreferrer noopener\">clicar aqui<\/a>. Ou, acesse o nosso\u00a0Canal\u00a0<a href=\"https:\/\/whatsapp.com\/channel\/0029Vb6IQl1JENyAeS57fk2p\" target=\"_blank\" rel=\"noreferrer noopener\">clicando aqui<\/a>.<\/p>\n<p>Fa\u00e7a uma den\u00fancia ou sugira uma reportagem sobre Ribeir\u00e3o Preto e regi\u00e3o pelo WhatsApp: 16 99117 7802.<\/p>\n<p>VEJA TAMB\u00c9M<\/p>\n<p>Como fazer crunch cake?<\/p>\n<p><!-- AI CONTENT END 1 -->\n<\/div>\n<\/div>\n<p><script async src=\"\/\/www.instagram.com\/embed.js\"><\/script><br \/>\n<br \/><br \/>\n<br \/><a href=\"https:\/\/www.acidadeon.com\/ribeiraopreto\/cotidiano\/incendio-atinge-apartamento-e-deixa-tres-mortos-no-interior-de-sp\/\">Source link <\/a><\/p>\n<!-- CONTENT END 1 -->\n","protected":false},"excerpt":{"rendered":"<p>Um\u00a0inc\u00eandio de grandes propor\u00e7\u00f5es\u00a0atingiu um\u00a0apartamento no 14\u00ba andar de um pr\u00e9dio\u00a0residencial e\u00a0deixou\u00a0tr\u00eas pessoas mortas\u00a0na manh\u00e3 deste\u00a0domingo (21), em\u00a0Piracicaba (SP). Al\u00e9m das v\u00edtimas humanas,\u00a0um cachorro e&#8230;<\/p>\n","protected":false},"author":1,"featured_media":81041,"comment_status":"open","ping_status":"open","sticky":false,"template":"","format":"standard","meta":{"advanced_seo_description":"","jetpack_seo_html_title":"","jetpack_seo_noindex":false,"jetpack_post_was_ever_published":false,"_jetpack_newsletter_access":"","_jetpack_dont_email_post_to_subs":false,"_jetpack_newsletter_tier_id":0,"_jetpack_memberships_contains_paywalled_content":false,"_jetpack_memberships_contains_paid_content":false,"footnotes":"","jetpack_publicize_message":"","jetpack_publicize_feature_enabled":true,"jetpack_social_post_already_shared":true,"jetpack_social_options":{"image_generator_settings":{"template":"highway","default_image_id":0,"font":"","enabled":false},"version":2}},"categories":[11],"tags":[],"class_list":["post-81040","post","type-post","status-publish","format-standard","has-post-thumbnail","hentry","category-noticias-de-ribeirao-preto-sp-e-regiao-ismael-colosi"],"jetpack_publicize_connections":[],"jetpack_featured_media_url":"https:\/\/i0.wp.com\/noticiasribeiraopreto.com.br\/wp-content\/uploads\/2025\/12\/incendio_2025-12-21_20-41-31.webp.webp?fit=1200%2C749&ssl=1","jetpack-related-posts":[{"id":64866,"url":"https:\/\/noticiasribeiraopreto.com.br\/index.php\/2025\/03\/13\/gatos-morrem-apos-inalarem-fumaca-de-incendio-em-apartamento-no-centro-de-ribeirao-preto\/","url_meta":{"origin":81040,"position":0},"title":"Gatos morrem ap\u00f3s inalarem fuma\u00e7a de inc\u00eandio em apartamento no Centro de Ribeir\u00e3o Preto","author":"noticiasribeiraopreto.com.br","date":"13 de March de 2025","format":false,"excerpt":"Dois gatos morreram\u00a0na noite desta quarta-feira (12),\u00a0ap\u00f3s inalarem fuma\u00e7a de um inc\u00eandio em um apartamento, no Centro de Ribeir\u00e3o Preto. Nenhuma pessoa ficou ferida ou precisou de atendimento m\u00e9dico. Assista ao v\u00eddeo abaixo. Segundo o Corpo de Bombeiros, o inc\u00eandio come\u00e7ou pela lavanderia e a fuma\u00e7a se espalhou rapidamente pelo\u2026","rel":"","context":"In &quot;Not\u00edcias de Ribeir\u00e3o Preto-SP e Regi\u00e3o&quot;","block_context":{"text":"Not\u00edcias de Ribeir\u00e3o Preto-SP e Regi\u00e3o","link":"https:\/\/noticiasribeiraopreto.com.br\/index.php\/category\/noticias-de-ribeirao-preto-sp-e-regiao-ismael-colosi\/"},"img":{"alt_text":"","src":"https:\/\/i0.wp.com\/noticiasribeiraopreto.com.br\/wp-content\/uploads\/2025\/03\/INCENDIO_2025-03-13_09-53-39_jpg_2025-03-13_09-53-40.webp.webp?fit=1200%2C732&ssl=1&resize=350%2C200","width":350,"height":200,"srcset":"https:\/\/i0.wp.com\/noticiasribeiraopreto.com.br\/wp-content\/uploads\/2025\/03\/INCENDIO_2025-03-13_09-53-39_jpg_2025-03-13_09-53-40.webp.webp?fit=1200%2C732&ssl=1&resize=350%2C200 1x, https:\/\/i0.wp.com\/noticiasribeiraopreto.com.br\/wp-content\/uploads\/2025\/03\/INCENDIO_2025-03-13_09-53-39_jpg_2025-03-13_09-53-40.webp.webp?fit=1200%2C732&ssl=1&resize=525%2C300 1.5x, https:\/\/i0.wp.com\/noticiasribeiraopreto.com.br\/wp-content\/uploads\/2025\/03\/INCENDIO_2025-03-13_09-53-39_jpg_2025-03-13_09-53-40.webp.webp?fit=1200%2C732&ssl=1&resize=700%2C400 2x, https:\/\/i0.wp.com\/noticiasribeiraopreto.com.br\/wp-content\/uploads\/2025\/03\/INCENDIO_2025-03-13_09-53-39_jpg_2025-03-13_09-53-40.webp.webp?fit=1200%2C732&ssl=1&resize=1050%2C600 3x"},"classes":[]},{"id":80484,"url":"https:\/\/noticiasribeiraopreto.com.br\/index.php\/2025\/12\/04\/incendio-atinge-apartamento-na-zona-norte-de-ribeirao-preto\/","url_meta":{"origin":81040,"position":1},"title":"Inc\u00eandio atinge apartamento na zona Norte de Ribeir\u00e3o Preto","author":"noticiasribeiraopreto.com.br","date":"4 de December de 2025","format":false,"excerpt":"Um inc\u00eandio atingiu um apartamento na madrugada desta quinta-feira (4), no Parque dos Pinus, zona Norte de Ribeir\u00e3o Preto. O Corpo de Bombeiros fez o combate \u00e0s chamas na residencial localizado na rua Palmiro Bim por volta das 3h e extinguiu o fogo. N\u00e3o houve registro de v\u00edtimas. A Defesa\u2026","rel":"","context":"In &quot;Not\u00edcias de Ribeir\u00e3o Preto-SP e Regi\u00e3o&quot;","block_context":{"text":"Not\u00edcias de Ribeir\u00e3o Preto-SP e Regi\u00e3o","link":"https:\/\/noticiasribeiraopreto.com.br\/index.php\/category\/noticias-de-ribeirao-preto-sp-e-regiao-ismael-colosi\/"},"img":{"alt_text":"","src":"https:\/\/i0.wp.com\/noticiasribeiraopreto.com.br\/wp-content\/uploads\/2025\/07\/BOMBEIROS-1024x575-1_2024-05-31_13-44-44_jpg_2024-05-31_13-44-44.webp.webp?fit=1024%2C575&ssl=1&resize=350%2C200","width":350,"height":200,"srcset":"https:\/\/i0.wp.com\/noticiasribeiraopreto.com.br\/wp-content\/uploads\/2025\/07\/BOMBEIROS-1024x575-1_2024-05-31_13-44-44_jpg_2024-05-31_13-44-44.webp.webp?fit=1024%2C575&ssl=1&resize=350%2C200 1x, https:\/\/i0.wp.com\/noticiasribeiraopreto.com.br\/wp-content\/uploads\/2025\/07\/BOMBEIROS-1024x575-1_2024-05-31_13-44-44_jpg_2024-05-31_13-44-44.webp.webp?fit=1024%2C575&ssl=1&resize=525%2C300 1.5x, https:\/\/i0.wp.com\/noticiasribeiraopreto.com.br\/wp-content\/uploads\/2025\/07\/BOMBEIROS-1024x575-1_2024-05-31_13-44-44_jpg_2024-05-31_13-44-44.webp.webp?fit=1024%2C575&ssl=1&resize=700%2C400 2x"},"classes":[]},{"id":64831,"url":"https:\/\/noticiasribeiraopreto.com.br\/index.php\/2025\/03\/12\/incendio-atinge-apartamento-no-centro-de-ribeirao-preto-veja-video\/","url_meta":{"origin":81040,"position":2},"title":"Inc\u00eandio atinge apartamento no Centro de Ribeir\u00e3o Preto; veja v\u00eddeo","author":"noticiasribeiraopreto.com.br","date":"12 de March de 2025","format":false,"excerpt":"Na noite desta quarta-feira (12), um inc\u00eandio foi registrado em um apartamento localizado no 4\u00ba andar de um pr\u00e9dio no centro de Ribeir\u00e3o Preto. O im\u00f3vel fica no cruzamento das ruas Visconde de Inha\u00fama e Rui Barbosa. O Corpo de Bombeiros est\u00e1 no local e a \u00e1rea foi isolada para\u2026","rel":"","context":"In &quot;Not\u00edcias de Ribeir\u00e3o Preto-SP e Regi\u00e3o&quot;","block_context":{"text":"Not\u00edcias de Ribeir\u00e3o Preto-SP e Regi\u00e3o","link":"https:\/\/noticiasribeiraopreto.com.br\/index.php\/category\/noticias-de-ribeirao-preto-sp-e-regiao-ismael-colosi\/"},"img":{"alt_text":"","src":"https:\/\/i0.wp.com\/noticiasribeiraopreto.com.br\/wp-content\/uploads\/2025\/03\/Copia-de-Copia-de-Copia-de-TAMANHO-EXATO-PARA-FOTOS-NO-SISTEMA-NOVO-2025-03-12T204602.914_2025-03-12_23-55-50_png_2025-03-12_23-55-50.webp.webp?fit=1200%2C675&ssl=1&resize=350%2C200","width":350,"height":200,"srcset":"https:\/\/i0.wp.com\/noticiasribeiraopreto.com.br\/wp-content\/uploads\/2025\/03\/Copia-de-Copia-de-Copia-de-TAMANHO-EXATO-PARA-FOTOS-NO-SISTEMA-NOVO-2025-03-12T204602.914_2025-03-12_23-55-50_png_2025-03-12_23-55-50.webp.webp?fit=1200%2C675&ssl=1&resize=350%2C200 1x, https:\/\/i0.wp.com\/noticiasribeiraopreto.com.br\/wp-content\/uploads\/2025\/03\/Copia-de-Copia-de-Copia-de-TAMANHO-EXATO-PARA-FOTOS-NO-SISTEMA-NOVO-2025-03-12T204602.914_2025-03-12_23-55-50_png_2025-03-12_23-55-50.webp.webp?fit=1200%2C675&ssl=1&resize=525%2C300 1.5x, https:\/\/i0.wp.com\/noticiasribeiraopreto.com.br\/wp-content\/uploads\/2025\/03\/Copia-de-Copia-de-Copia-de-TAMANHO-EXATO-PARA-FOTOS-NO-SISTEMA-NOVO-2025-03-12T204602.914_2025-03-12_23-55-50_png_2025-03-12_23-55-50.webp.webp?fit=1200%2C675&ssl=1&resize=700%2C400 2x, https:\/\/i0.wp.com\/noticiasribeiraopreto.com.br\/wp-content\/uploads\/2025\/03\/Copia-de-Copia-de-Copia-de-TAMANHO-EXATO-PARA-FOTOS-NO-SISTEMA-NOVO-2025-03-12T204602.914_2025-03-12_23-55-50_png_2025-03-12_23-55-50.webp.webp?fit=1200%2C675&ssl=1&resize=1050%2C600 3x"},"classes":[]},{"id":52946,"url":"https:\/\/noticiasribeiraopreto.com.br\/index.php\/2024\/06\/14\/duas-pessoas-sao-socorridas-durante-incendio-em-apartamento-na-zona-sul-de-ribeirao-preto\/","url_meta":{"origin":81040,"position":3},"title":"Duas pessoas s\u00e3o socorridas durante inc\u00eandio em apartamento na zona Sul de Ribeir\u00e3o Preto","author":"noticiasribeiraopreto.com.br","date":"14 de June de 2024","format":false,"excerpt":"Duas pessoas foram socorridas na madrugada desta sexta-feira (14), durante um inc\u00eandio em um apartamento na rua do Professor, zona Sul de Ribeir\u00e3o Preto. Segundo o Corpo de Bombeiros, as v\u00edtimas s\u00e3o um homem, que sofreu queimaduras na parte superior do corpo, e uma mulher, que inalou fuma\u00e7a. As v\u00edtimas\u2026","rel":"","context":"In &quot;Not\u00edcias de Ribeir\u00e3o Preto-SP e Regi\u00e3o&quot;","block_context":{"text":"Not\u00edcias de Ribeir\u00e3o Preto-SP e Regi\u00e3o","link":"https:\/\/noticiasribeiraopreto.com.br\/index.php\/category\/noticias-de-ribeirao-preto-sp-e-regiao-ismael-colosi\/"},"img":{"alt_text":"","src":"https:\/\/i0.wp.com\/noticiasribeiraopreto.com.br\/wp-content\/uploads\/2024\/06\/resgate_foi_1024x576_05072021131543.jpg?fit=1024%2C576&ssl=1&resize=350%2C200","width":350,"height":200,"srcset":"https:\/\/i0.wp.com\/noticiasribeiraopreto.com.br\/wp-content\/uploads\/2024\/06\/resgate_foi_1024x576_05072021131543.jpg?fit=1024%2C576&ssl=1&resize=350%2C200 1x, https:\/\/i0.wp.com\/noticiasribeiraopreto.com.br\/wp-content\/uploads\/2024\/06\/resgate_foi_1024x576_05072021131543.jpg?fit=1024%2C576&ssl=1&resize=525%2C300 1.5x, https:\/\/i0.wp.com\/noticiasribeiraopreto.com.br\/wp-content\/uploads\/2024\/06\/resgate_foi_1024x576_05072021131543.jpg?fit=1024%2C576&ssl=1&resize=700%2C400 2x"},"classes":[]},{"id":36455,"url":"https:\/\/noticiasribeiraopreto.com.br\/index.php\/2024\/02\/09\/duas-pessoas-sao-socorridas-apos-incendio-na-regiao-de-ribeirao-veja-o-video\/","url_meta":{"origin":81040,"position":4},"title":"Duas pessoas s\u00e3o socorridas ap\u00f3s inc\u00eandio na regi\u00e3o de Ribeir\u00e3o; Veja o v\u00eddeo","author":"noticiasribeiraopreto.com.br","date":"9 de February de 2024","format":false,"excerpt":"Uma crian\u00e7a e uma adolescente foram socorridas ap\u00f3s inalarem fuma\u00e7a durante um inc\u00eandio no Jardim Aeroporto, em Franca, na regi\u00e3o de Ribeir\u00e3o Preto. As chamas come\u00e7aram em um apartamento na tarde desta sexta-feira (9). Segundo o Corpo de Bombeiros, o inc\u00eandio come\u00e7ou em um dos quartos do apartamento e se\u2026","rel":"","context":"In &quot;Not\u00edcias de Ribeir\u00e3o Preto-SP e Regi\u00e3o&quot;","block_context":{"text":"Not\u00edcias de Ribeir\u00e3o Preto-SP e Regi\u00e3o","link":"https:\/\/noticiasribeiraopreto.com.br\/index.php\/category\/noticias-de-ribeirao-preto-sp-e-regiao-ismael-colosi\/"},"img":{"alt_text":"","src":"https:\/\/i0.wp.com\/noticiasribeiraopreto.com.br\/wp-content\/uploads\/2024\/02\/incendio.jpg?fit=600%2C775&ssl=1&resize=350%2C200","width":350,"height":200,"srcset":"https:\/\/i0.wp.com\/noticiasribeiraopreto.com.br\/wp-content\/uploads\/2024\/02\/incendio.jpg?fit=600%2C775&ssl=1&resize=350%2C200 1x, https:\/\/i0.wp.com\/noticiasribeiraopreto.com.br\/wp-content\/uploads\/2024\/02\/incendio.jpg?fit=600%2C775&ssl=1&resize=525%2C300 1.5x"},"classes":[]},{"id":55455,"url":"https:\/\/noticiasribeiraopreto.com.br\/index.php\/2024\/08\/02\/incendio-provoca-engavetamento-em-rodovia-da-regiao-de-ribeirao-preto-veja-o-video\/","url_meta":{"origin":81040,"position":5},"title":"Inc\u00eandio provoca engavetamento em rodovia da regi\u00e3o de Ribeir\u00e3o Preto; Veja o v\u00eddeo","author":"noticiasribeiraopreto.com.br","date":"2 de August de 2024","format":false,"excerpt":"Um inc\u00eandio no in\u00edcio da tarde desta quinta-feira (1), no quil\u00f4metro um da rodovia Maur\u00edlio Biagi (SPA 343\/322) em Pontal, na regi\u00e3o de Ribeir\u00e3o Preto, provocou um acidente envolvendo tr\u00eas carros. Informa\u00e7\u00f5es apuradas no local pela EPTV apontam que n\u00e3o houve v\u00edtimas. Segundo a Entrevias, equipes da concession\u00e1ria, Corpo de\u2026","rel":"","context":"In &quot;Not\u00edcias de Ribeir\u00e3o Preto-SP e Regi\u00e3o&quot;","block_context":{"text":"Not\u00edcias de Ribeir\u00e3o Preto-SP e Regi\u00e3o","link":"https:\/\/noticiasribeiraopreto.com.br\/index.php\/category\/noticias-de-ribeirao-preto-sp-e-regiao-ismael-colosi\/"},"img":{"alt_text":"","src":"https:\/\/i0.wp.com\/noticiasribeiraopreto.com.br\/wp-content\/uploads\/2024\/08\/Copia-de-Copia-de-TAMANHO-EXATO-PARA-FOTOS-NO-SISTEMA-NOVO-21_2024-08-01_18-57-26_jpg_2024-08-01_18-57-26.webp.webp?fit=1200%2C675&ssl=1&resize=350%2C200","width":350,"height":200,"srcset":"https:\/\/i0.wp.com\/noticiasribeiraopreto.com.br\/wp-content\/uploads\/2024\/08\/Copia-de-Copia-de-TAMANHO-EXATO-PARA-FOTOS-NO-SISTEMA-NOVO-21_2024-08-01_18-57-26_jpg_2024-08-01_18-57-26.webp.webp?fit=1200%2C675&ssl=1&resize=350%2C200 1x, https:\/\/i0.wp.com\/noticiasribeiraopreto.com.br\/wp-content\/uploads\/2024\/08\/Copia-de-Copia-de-TAMANHO-EXATO-PARA-FOTOS-NO-SISTEMA-NOVO-21_2024-08-01_18-57-26_jpg_2024-08-01_18-57-26.webp.webp?fit=1200%2C675&ssl=1&resize=525%2C300 1.5x, https:\/\/i0.wp.com\/noticiasribeiraopreto.com.br\/wp-content\/uploads\/2024\/08\/Copia-de-Copia-de-TAMANHO-EXATO-PARA-FOTOS-NO-SISTEMA-NOVO-21_2024-08-01_18-57-26_jpg_2024-08-01_18-57-26.webp.webp?fit=1200%2C675&ssl=1&resize=700%2C400 2x, https:\/\/i0.wp.com\/noticiasribeiraopreto.com.br\/wp-content\/uploads\/2024\/08\/Copia-de-Copia-de-TAMANHO-EXATO-PARA-FOTOS-NO-SISTEMA-NOVO-21_2024-08-01_18-57-26_jpg_2024-08-01_18-57-26.webp.webp?fit=1200%2C675&ssl=1&resize=1050%2C600 3x"},"classes":[]}],"jetpack_sharing_enabled":true,"jetpack_shortlink":"https:\/\/wp.me\/peQAOb-l56","_links":{"self":[{"href":"https:\/\/noticiasribeiraopreto.com.br\/index.php\/wp-json\/wp\/v2\/posts\/81040","targetHints":{"allow":["GET"]}}],"collection":[{"href":"https:\/\/noticiasribeiraopreto.com.br\/index.php\/wp-json\/wp\/v2\/posts"}],"about":[{"href":"https:\/\/noticiasribeiraopreto.com.br\/index.php\/wp-json\/wp\/v2\/types\/post"}],"author":[{"embeddable":true,"href":"https:\/\/noticiasribeiraopreto.com.br\/index.php\/wp-json\/wp\/v2\/users\/1"}],"replies":[{"embeddable":true,"href":"https:\/\/noticiasribeiraopreto.com.br\/index.php\/wp-json\/wp\/v2\/comments?post=81040"}],"version-history":[{"count":0,"href":"https:\/\/noticiasribeiraopreto.com.br\/index.php\/wp-json\/wp\/v2\/posts\/81040\/revisions"}],"wp:featuredmedia":[{"embeddable":true,"href":"https:\/\/noticiasribeiraopreto.com.br\/index.php\/wp-json\/wp\/v2\/media\/81041"}],"wp:attachment":[{"href":"https:\/\/noticiasribeiraopreto.com.br\/index.php\/wp-json\/wp\/v2\/media?parent=81040"}],"wp:term":[{"taxonomy":"category","embeddable":true,"href":"https:\/\/noticiasribeiraopreto.com.br\/index.php\/wp-json\/wp\/v2\/categories?post=81040"},{"taxonomy":"post_tag","embeddable":true,"href":"https:\/\/noticiasribeiraopreto.com.br\/index.php\/wp-json\/wp\/v2\/tags?post=81040"}],"curies":[{"name":"wp","href":"https:\/\/api.w.org\/{rel}","templated":true}]}}