{"id":81042,"date":"2025-12-22T06:49:36","date_gmt":"2025-12-22T09:49:36","guid":{"rendered":"https:\/\/noticiasribeiraopreto.com.br\/index.php\/2025\/12\/22\/jovens-que-morreram-apos-carro-bater-em-arvore-tinham-19-e-24-anos\/"},"modified":"2025-12-22T06:49:36","modified_gmt":"2025-12-22T09:49:36","slug":"jovens-que-morreram-apos-carro-bater-em-arvore-tinham-19-e-24-anos","status":"publish","type":"post","link":"https:\/\/noticiasribeiraopreto.com.br\/index.php\/2025\/12\/22\/jovens-que-morreram-apos-carro-bater-em-arvore-tinham-19-e-24-anos\/","title":{"rendered":"Jovens que morreram ap\u00f3s carro bater em \u00e1rvore tinham 19 e 24 anos"},"content":{"rendered":"<div class='code-block code-block-1' style='margin: 8px 0 8px auto; text-align: right; display: block; clear: both;'>\n<p><a href=\"https:\/\/wa.link\/vpicfd\"><img data-recalc-dims=\"1\" class=\"wp-image-4922\" style=\"aspect-ratio: 2.0253164556962027; width: 561px; height: auto;\" src=\"https:\/\/i0.wp.com\/ismaelcolosi.com.br\/wp-content\/uploads\/2023\/11\/grupo-de-empregos-whatsapp-e-facebook-ismael-colosi-vagas.jpg?ssl=1\" alt=\"\" \/><\/a><\/p>\n<!-- \/wp:image -->\n<\/div>\n<p> <br \/>\n<\/p>\n<div data-td-block-uid=\"tdi_95\">\n<div class=\"tdb-block-inner td-fix-index\">\n<p><strong>As v\u00edtimas que perderam a vida ap\u00f3s um carro atingir uma \u00e1rvore s\u00e3o dois jovens, um de 19 anos e outro com 24 anos. A colis\u00e3o, que tamb\u00e9m deixou outros tr\u00eas ocupantes do ve\u00edculo feridos, ocorreu na noite deste s\u00e1bado (20), na rodovia Altino Arantes (SP-351), entre Morro Agudo e Orl\u00e2ndia, na regi\u00e3o de Ribeir\u00e3o Preto.<\/strong><\/p>\n<p>Segundo a <strong>pol\u00edcia<\/strong>, <mark style=\"background-color:#fcb900\" class=\"has-inline-color has-black-color\">as v\u00edtimas que faleceram foram identificadas como Marcelo Rodrigues, de 19 anos, e Leonardo Galarani, de 24 anos.<\/mark> <strong>Ambos <\/strong>estavam no <strong>banco <\/strong>da <strong>frente <\/strong>do <strong>carro<\/strong>, conforme a <strong>pol\u00edcia<\/strong>.<\/p>\n<p>Os feridos foram socorridos para um hospital de Orl\u00e2ndia e n\u00e3o h\u00e1 detalhes sobre o estado de sa\u00fade deles.<\/p>\n<p>A princ\u00edpio, somente o ve\u00edculo que atingiu a \u00e1rvore teria se envolvido na ocorr\u00eancia.<\/p>\n<p>As causas dever\u00e3o ser investigadas pela Pol\u00edcia Civil. (Com EPTV)<\/p>\n<p>SAIBA MAIS<\/p>\n<p>Carro bate em \u00e1rvore e deixa dois mortos e tr\u00eas feridos em rodovia<\/p>\n<h2 class=\"wp-block-heading\"><strong>FIQUE ON<\/strong><\/h2>\n<p>Fique ligado em tudo que acontece em Ribeir\u00e3o Preto e regi\u00e3o. Siga os perfis do\u00a0<strong>acidade on<\/strong>\u00a0no<a href=\"https:\/\/www.instagram.com\/acidadeonribeirao\" target=\"_blank\" rel=\"noreferrer noopener\">\u00a0Instagram\u00a0<\/a>e no\u00a0<a href=\"https:\/\/www.facebook.com\/acidadeonribeirao\/\" target=\"_blank\" rel=\"noreferrer noopener\">Facebook<\/a>.<\/p>\n<p>Receba not\u00edcias do\u00a0<strong>acidade on<\/strong>\u00a0no WhatsApp. Para entrar no grupo,\u00a0basta\u00a0<a href=\"https:\/\/chat.whatsapp.com\/GFH9HUMUTHNFJdnyEd0xxq\" target=\"_blank\" rel=\"noreferrer noopener\">clicar aqui<\/a>. Ou, acesse o nosso\u00a0Canal\u00a0<a href=\"https:\/\/whatsapp.com\/channel\/0029Vb6IQl1JENyAeS57fk2p\" target=\"_blank\" rel=\"noreferrer noopener\">clicando aqui<\/a>.<\/p>\n<p>Fa\u00e7a uma den\u00fancia ou sugira uma reportagem sobre Ribeir\u00e3o Preto e regi\u00e3o pelo WhatsApp: 16 99117 7802.<\/p>\n<p>VEJA TAMB\u00c9M<\/p>\n<p>Como fazer crunch cake?<\/p>\n<p><!-- AI CONTENT END 1 -->\n<\/div>\n<\/div>\n<p><script async src=\"\/\/www.instagram.com\/embed.js\"><\/script><br \/>\n<br \/><br \/>\n<br \/><a href=\"https:\/\/www.acidadeon.com\/ribeiraopreto\/cotidiano\/jovens-que-morreram-apos-carro-bater-em-arvore-tinham-19-e-24-anos\/\">Source link <\/a><\/p>\n<!-- CONTENT END 1 -->\n","protected":false},"excerpt":{"rendered":"<p>As v\u00edtimas que perderam a vida ap\u00f3s um carro atingir uma \u00e1rvore s\u00e3o dois jovens, um de 19 anos e outro com 24 anos. A&#8230;<\/p>\n","protected":false},"author":1,"featured_media":81043,"comment_status":"open","ping_status":"open","sticky":false,"template":"","format":"standard","meta":{"advanced_seo_description":"","jetpack_seo_html_title":"","jetpack_seo_noindex":false,"jetpack_post_was_ever_published":false,"_jetpack_newsletter_access":"","_jetpack_dont_email_post_to_subs":false,"_jetpack_newsletter_tier_id":0,"_jetpack_memberships_contains_paywalled_content":false,"_jetpack_memberships_contains_paid_content":false,"footnotes":"","jetpack_publicize_message":"","jetpack_publicize_feature_enabled":true,"jetpack_social_post_already_shared":true,"jetpack_social_options":{"image_generator_settings":{"template":"highway","default_image_id":0,"font":"","enabled":false},"version":2}},"categories":[11],"tags":[],"class_list":["post-81042","post","type-post","status-publish","format-standard","has-post-thumbnail","hentry","category-noticias-de-ribeirao-preto-sp-e-regiao-ismael-colosi"],"jetpack_publicize_connections":[],"jetpack_featured_media_url":"https:\/\/i0.wp.com\/noticiasribeiraopreto.com.br\/wp-content\/uploads\/2025\/12\/WhatsApp-Image-2025-12-21-at-13.12.15_2025-12-21_16-18-51.webp.webp?fit=1200%2C1012&ssl=1","jetpack-related-posts":[{"id":81047,"url":"https:\/\/noticiasribeiraopreto.com.br\/index.php\/2025\/12\/22\/carro-bate-em-arvore-e-deixa-dois-mortos-e-tres-feridos-em-rodovia\/","url_meta":{"origin":81042,"position":0},"title":"Carro bate em \u00e1rvore e deixa dois mortos e tr\u00eas feridos em rodovia","author":"noticiasribeiraopreto.com.br","date":"22 de December de 2025","format":false,"excerpt":"Duas pessoas morreram e outras tr\u00eas ficaram feridas \u2013 uma em estado grave \u2013 na noite deste s\u00e1bado (20), ap\u00f3s o carro em que elas estavam bater contra uma \u00e1rvore na rodovia Altino Arantes (SP-351), entre Morro Agudo e Orl\u00e2ndia, na regi\u00e3o de Ribeir\u00e3o Preto. Segundo informa\u00e7\u00f5es da pol\u00edcia, as\u2026","rel":"","context":"In &quot;Not\u00edcias de Ribeir\u00e3o Preto-SP e Regi\u00e3o&quot;","block_context":{"text":"Not\u00edcias de Ribeir\u00e3o Preto-SP e Regi\u00e3o","link":"https:\/\/noticiasribeiraopreto.com.br\/index.php\/category\/noticias-de-ribeirao-preto-sp-e-regiao-ismael-colosi\/"},"img":{"alt_text":"","src":"https:\/\/i0.wp.com\/noticiasribeiraopreto.com.br\/wp-content\/uploads\/2025\/12\/CARRO_2025-12-21_13-49-19.webp.webp?fit=1200%2C877&ssl=1&resize=350%2C200","width":350,"height":200,"srcset":"https:\/\/i0.wp.com\/noticiasribeiraopreto.com.br\/wp-content\/uploads\/2025\/12\/CARRO_2025-12-21_13-49-19.webp.webp?fit=1200%2C877&ssl=1&resize=350%2C200 1x, https:\/\/i0.wp.com\/noticiasribeiraopreto.com.br\/wp-content\/uploads\/2025\/12\/CARRO_2025-12-21_13-49-19.webp.webp?fit=1200%2C877&ssl=1&resize=525%2C300 1.5x, https:\/\/i0.wp.com\/noticiasribeiraopreto.com.br\/wp-content\/uploads\/2025\/12\/CARRO_2025-12-21_13-49-19.webp.webp?fit=1200%2C877&ssl=1&resize=700%2C400 2x, https:\/\/i0.wp.com\/noticiasribeiraopreto.com.br\/wp-content\/uploads\/2025\/12\/CARRO_2025-12-21_13-49-19.webp.webp?fit=1200%2C877&ssl=1&resize=1050%2C600 3x"},"classes":[]},{"id":34753,"url":"https:\/\/noticiasribeiraopreto.com.br\/index.php\/2024\/02\/03\/motorista-fica-ferido-apos-carro-colidir-em-arvore-em-rodovia-na-regiao-de-ribeirao\/","url_meta":{"origin":81042,"position":1},"title":"Motorista fica ferido ap\u00f3s carro colidir em \u00e1rvore em rodovia na regi\u00e3o de Ribeir\u00e3o","author":"noticiasribeiraopreto.com.br","date":"3 de February de 2024","format":false,"excerpt":"Um motorista de 39 anos ficou ferido ap\u00f3s o carro que ele dirigia colidir em uma \u00e1rvore na rodovia Altino Arantes, na regi\u00e3o de Ribeir\u00e3o Preto, no in\u00edcio da manh\u00e3 deste s\u00e1bado (3). O acidente aconteceu na altura do quil\u00f4metro 35 e, de acordo com o Corpo de Bombeiros, a\u2026","rel":"","context":"In &quot;Not\u00edcias de Ribeir\u00e3o Preto-SP e Regi\u00e3o&quot;","block_context":{"text":"Not\u00edcias de Ribeir\u00e3o Preto-SP e Regi\u00e3o","link":"https:\/\/noticiasribeiraopreto.com.br\/index.php\/category\/noticias-de-ribeirao-preto-sp-e-regiao-ismael-colosi\/"},"img":{"alt_text":"","src":"https:\/\/i0.wp.com\/noticiasribeiraopreto.com.br\/wp-content\/uploads\/2024\/02\/acidente-altino-arantes.jpg?fit=1200%2C809&ssl=1&resize=350%2C200","width":350,"height":200,"srcset":"https:\/\/i0.wp.com\/noticiasribeiraopreto.com.br\/wp-content\/uploads\/2024\/02\/acidente-altino-arantes.jpg?fit=1200%2C809&ssl=1&resize=350%2C200 1x, https:\/\/i0.wp.com\/noticiasribeiraopreto.com.br\/wp-content\/uploads\/2024\/02\/acidente-altino-arantes.jpg?fit=1200%2C809&ssl=1&resize=525%2C300 1.5x, https:\/\/i0.wp.com\/noticiasribeiraopreto.com.br\/wp-content\/uploads\/2024\/02\/acidente-altino-arantes.jpg?fit=1200%2C809&ssl=1&resize=700%2C400 2x, https:\/\/i0.wp.com\/noticiasribeiraopreto.com.br\/wp-content\/uploads\/2024\/02\/acidente-altino-arantes.jpg?fit=1200%2C809&ssl=1&resize=1050%2C600 3x"},"classes":[]},{"id":51841,"url":"https:\/\/noticiasribeiraopreto.com.br\/index.php\/2024\/05\/31\/jovem-de-20-anos-morre-em-acidente-de-carro-em-avenida-de-ribeirao-preto\/","url_meta":{"origin":81042,"position":2},"title":"Jovem de 20 anos morre em acidente de carro em avenida de Ribeir\u00e3o Preto","author":"noticiasribeiraopreto.com.br","date":"31 de May de 2024","format":false,"excerpt":"Uma jovem de 20 morreu e outros dois jovens, ambos com 19 anos, ficaram feridos na madrugada desta sexta-feira (31), em uma acidente de carro na avenida Bandeirantes, zona Oeste de Ribeir\u00e3o Preto. O ve\u00edculo \u2013 um Volkswagen Gol prata \u2013 foi encontrado atravessado no meio na pista pela PMR\u2026","rel":"","context":"In &quot;Not\u00edcias de Ribeir\u00e3o Preto-SP e Regi\u00e3o&quot;","block_context":{"text":"Not\u00edcias de Ribeir\u00e3o Preto-SP e Regi\u00e3o","link":"https:\/\/noticiasribeiraopreto.com.br\/index.php\/category\/noticias-de-ribeirao-preto-sp-e-regiao-ismael-colosi\/"},"img":{"alt_text":"","src":"https:\/\/i0.wp.com\/noticiasribeiraopreto.com.br\/wp-content\/uploads\/2024\/05\/1717164248_20220809_065618844_policia_rodoviaria_1200x675_21062022083038.jpg?fit=1200%2C675&ssl=1&resize=350%2C200","width":350,"height":200,"srcset":"https:\/\/i0.wp.com\/noticiasribeiraopreto.com.br\/wp-content\/uploads\/2024\/05\/1717164248_20220809_065618844_policia_rodoviaria_1200x675_21062022083038.jpg?fit=1200%2C675&ssl=1&resize=350%2C200 1x, https:\/\/i0.wp.com\/noticiasribeiraopreto.com.br\/wp-content\/uploads\/2024\/05\/1717164248_20220809_065618844_policia_rodoviaria_1200x675_21062022083038.jpg?fit=1200%2C675&ssl=1&resize=525%2C300 1.5x, https:\/\/i0.wp.com\/noticiasribeiraopreto.com.br\/wp-content\/uploads\/2024\/05\/1717164248_20220809_065618844_policia_rodoviaria_1200x675_21062022083038.jpg?fit=1200%2C675&ssl=1&resize=700%2C400 2x, https:\/\/i0.wp.com\/noticiasribeiraopreto.com.br\/wp-content\/uploads\/2024\/05\/1717164248_20220809_065618844_policia_rodoviaria_1200x675_21062022083038.jpg?fit=1200%2C675&ssl=1&resize=1050%2C600 3x"},"classes":[]},{"id":81051,"url":"https:\/\/noticiasribeiraopreto.com.br\/index.php\/2025\/12\/22\/acidente-deixa-dois-mortos-na-rodovia-altino-arantes\/","url_meta":{"origin":81042,"position":3},"title":"Acidente deixa dois mortos na Rodovia Altino Arantes","author":"noticiasribeiraopreto.com.br","date":"22 de December de 2025","format":false,"excerpt":"\r \r \r 22 de dezembro de 2025 08:31 \r Compartilhar0 Motorista perdeu o controle da dire\u00e7\u00e3o e bateu contra uma \u00e1rvore, pr\u00f3ximo a Sales Oliveira. Duas pessoas morreram e tr\u00eas ficaram feridas em um acidente registrado na noite do \u00faltimo s\u00e1bado (20), na Rodovia Altino Arantes, pr\u00f3ximo ao munic\u00edpio\u2026","rel":"","context":"In &quot;Not\u00edcias de Ribeir\u00e3o Preto-SP e Regi\u00e3o&quot;","block_context":{"text":"Not\u00edcias de Ribeir\u00e3o Preto-SP e Regi\u00e3o","link":"https:\/\/noticiasribeiraopreto.com.br\/index.php\/category\/noticias-de-ribeirao-preto-sp-e-regiao-ismael-colosi\/"},"img":{"alt_text":"","src":"https:\/\/i0.wp.com\/noticiasribeiraopreto.com.br\/wp-content\/uploads\/2025\/12\/fotos-tribuna.jpg?fit=800%2C500&ssl=1&resize=350%2C200","width":350,"height":200,"srcset":"https:\/\/i0.wp.com\/noticiasribeiraopreto.com.br\/wp-content\/uploads\/2025\/12\/fotos-tribuna.jpg?fit=800%2C500&ssl=1&resize=350%2C200 1x, https:\/\/i0.wp.com\/noticiasribeiraopreto.com.br\/wp-content\/uploads\/2025\/12\/fotos-tribuna.jpg?fit=800%2C500&ssl=1&resize=525%2C300 1.5x, https:\/\/i0.wp.com\/noticiasribeiraopreto.com.br\/wp-content\/uploads\/2025\/12\/fotos-tribuna.jpg?fit=800%2C500&ssl=1&resize=700%2C400 2x"},"classes":[]},{"id":17441,"url":"https:\/\/noticiasribeiraopreto.com.br\/index.php\/2023\/12\/18\/acidente-de-carro-causa-falecimentos-em-familia-apos-colisao-contra-arvore\/","url_meta":{"origin":81042,"position":4},"title":"Acidente de carro causa falecimentos em fam\u00edlia ap\u00f3s colis\u00e3o contra \u00e1rvore","author":"noticiasribeiraopreto.com.br","date":"18 de December de 2023","format":false,"excerpt":"Na madrugada desta segunda-feira, dia 18 de dezembro, ocorreu um tr\u00e1gico acidente na BR-251, na regi\u00e3o de Francisco S\u00e1, ap\u00f3s ter sido confirmada a morte de uma mulher de 36 anos de idade e seu filho de apenas 11 anos de idade. Os dois sofreram um grave acidente de carro.O\u2026","rel":"","context":"In &quot;Blog&quot;","block_context":{"text":"Blog","link":"https:\/\/noticiasribeiraopreto.com.br\/index.php\/category\/blog\/"},"img":{"alt_text":"","src":"https:\/\/i0.wp.com\/noticiasribeiraopreto.com.br\/wp-content\/uploads\/2023\/12\/postimg-658064bf3bf2d9500.jpg?fit=1200%2C628&ssl=1&resize=350%2C200","width":350,"height":200,"srcset":"https:\/\/i0.wp.com\/noticiasribeiraopreto.com.br\/wp-content\/uploads\/2023\/12\/postimg-658064bf3bf2d9500.jpg?fit=1200%2C628&ssl=1&resize=350%2C200 1x, https:\/\/i0.wp.com\/noticiasribeiraopreto.com.br\/wp-content\/uploads\/2023\/12\/postimg-658064bf3bf2d9500.jpg?fit=1200%2C628&ssl=1&resize=525%2C300 1.5x, https:\/\/i0.wp.com\/noticiasribeiraopreto.com.br\/wp-content\/uploads\/2023\/12\/postimg-658064bf3bf2d9500.jpg?fit=1200%2C628&ssl=1&resize=700%2C400 2x, https:\/\/i0.wp.com\/noticiasribeiraopreto.com.br\/wp-content\/uploads\/2023\/12\/postimg-658064bf3bf2d9500.jpg?fit=1200%2C628&ssl=1&resize=1050%2C600 3x"},"classes":[]},{"id":63848,"url":"https:\/\/noticiasribeiraopreto.com.br\/index.php\/2025\/02\/24\/batida-entre-tres-carros-deixa-um-morto-e-seis-feridos-em-rodovia-na-regiao-de-ribeirao-preto\/","url_meta":{"origin":81042,"position":5},"title":"Batida entre tr\u00eas carros deixa um morto e seis feridos em rodovia na regi\u00e3o de Ribeir\u00e3o Preto","author":"noticiasribeiraopreto.com.br","date":"24 de February de 2025","format":false,"excerpt":"Tr\u00eas carros se envolveram em uma batida que deixou um morto e seis feridos \u2013 dos quais tr\u00eas graves \u2013 no in\u00edcio da noite deste domingo (23), no km 18 da rodovia Altino Arantes (SP-351), em Altin\u00f3polis, a aproximadamente 60 quil\u00f4metros de Ribeir\u00e3o Preto. Segundo o boletim de ocorr\u00eancia (BO),\u2026","rel":"","context":"In &quot;Not\u00edcias de Ribeir\u00e3o Preto-SP e Regi\u00e3o&quot;","block_context":{"text":"Not\u00edcias de Ribeir\u00e3o Preto-SP e Regi\u00e3o","link":"https:\/\/noticiasribeiraopreto.com.br\/index.php\/category\/noticias-de-ribeirao-preto-sp-e-regiao-ismael-colosi\/"},"img":{"alt_text":"","src":"https:\/\/i0.wp.com\/noticiasribeiraopreto.com.br\/wp-content\/uploads\/2025\/02\/ACIDENTE_2025-02-24_10-51-47_jpg_2025-02-24_10-51-48.webp.webp?fit=1200%2C988&ssl=1&resize=350%2C200","width":350,"height":200,"srcset":"https:\/\/i0.wp.com\/noticiasribeiraopreto.com.br\/wp-content\/uploads\/2025\/02\/ACIDENTE_2025-02-24_10-51-47_jpg_2025-02-24_10-51-48.webp.webp?fit=1200%2C988&ssl=1&resize=350%2C200 1x, https:\/\/i0.wp.com\/noticiasribeiraopreto.com.br\/wp-content\/uploads\/2025\/02\/ACIDENTE_2025-02-24_10-51-47_jpg_2025-02-24_10-51-48.webp.webp?fit=1200%2C988&ssl=1&resize=525%2C300 1.5x, https:\/\/i0.wp.com\/noticiasribeiraopreto.com.br\/wp-content\/uploads\/2025\/02\/ACIDENTE_2025-02-24_10-51-47_jpg_2025-02-24_10-51-48.webp.webp?fit=1200%2C988&ssl=1&resize=700%2C400 2x, https:\/\/i0.wp.com\/noticiasribeiraopreto.com.br\/wp-content\/uploads\/2025\/02\/ACIDENTE_2025-02-24_10-51-47_jpg_2025-02-24_10-51-48.webp.webp?fit=1200%2C988&ssl=1&resize=1050%2C600 3x"},"classes":[]}],"jetpack_sharing_enabled":true,"jetpack_shortlink":"https:\/\/wp.me\/peQAOb-l58","_links":{"self":[{"href":"https:\/\/noticiasribeiraopreto.com.br\/index.php\/wp-json\/wp\/v2\/posts\/81042","targetHints":{"allow":["GET"]}}],"collection":[{"href":"https:\/\/noticiasribeiraopreto.com.br\/index.php\/wp-json\/wp\/v2\/posts"}],"about":[{"href":"https:\/\/noticiasribeiraopreto.com.br\/index.php\/wp-json\/wp\/v2\/types\/post"}],"author":[{"embeddable":true,"href":"https:\/\/noticiasribeiraopreto.com.br\/index.php\/wp-json\/wp\/v2\/users\/1"}],"replies":[{"embeddable":true,"href":"https:\/\/noticiasribeiraopreto.com.br\/index.php\/wp-json\/wp\/v2\/comments?post=81042"}],"version-history":[{"count":0,"href":"https:\/\/noticiasribeiraopreto.com.br\/index.php\/wp-json\/wp\/v2\/posts\/81042\/revisions"}],"wp:featuredmedia":[{"embeddable":true,"href":"https:\/\/noticiasribeiraopreto.com.br\/index.php\/wp-json\/wp\/v2\/media\/81043"}],"wp:attachment":[{"href":"https:\/\/noticiasribeiraopreto.com.br\/index.php\/wp-json\/wp\/v2\/media?parent=81042"}],"wp:term":[{"taxonomy":"category","embeddable":true,"href":"https:\/\/noticiasribeiraopreto.com.br\/index.php\/wp-json\/wp\/v2\/categories?post=81042"},{"taxonomy":"post_tag","embeddable":true,"href":"https:\/\/noticiasribeiraopreto.com.br\/index.php\/wp-json\/wp\/v2\/tags?post=81042"}],"curies":[{"name":"wp","href":"https:\/\/api.w.org\/{rel}","templated":true}]}}