{"id":81047,"date":"2025-12-22T07:02:52","date_gmt":"2025-12-22T10:02:52","guid":{"rendered":"https:\/\/noticiasribeiraopreto.com.br\/index.php\/2025\/12\/22\/carro-bate-em-arvore-e-deixa-dois-mortos-e-tres-feridos-em-rodovia\/"},"modified":"2025-12-22T07:02:52","modified_gmt":"2025-12-22T10:02:52","slug":"carro-bate-em-arvore-e-deixa-dois-mortos-e-tres-feridos-em-rodovia","status":"publish","type":"post","link":"https:\/\/noticiasribeiraopreto.com.br\/index.php\/2025\/12\/22\/carro-bate-em-arvore-e-deixa-dois-mortos-e-tres-feridos-em-rodovia\/","title":{"rendered":"Carro bate em \u00e1rvore e deixa dois mortos e tr\u00eas feridos em rodovia"},"content":{"rendered":"<div class='code-block code-block-1' style='margin: 8px 0 8px auto; text-align: right; display: block; clear: both;'>\n<p><a href=\"https:\/\/wa.link\/vpicfd\"><img data-recalc-dims=\"1\" class=\"wp-image-4922\" style=\"aspect-ratio: 2.0253164556962027; width: 561px; height: auto;\" src=\"https:\/\/i0.wp.com\/ismaelcolosi.com.br\/wp-content\/uploads\/2023\/11\/grupo-de-empregos-whatsapp-e-facebook-ismael-colosi-vagas.jpg?ssl=1\" alt=\"\" \/><\/a><\/p>\n<!-- \/wp:image -->\n<\/div>\n<p> <br \/>\n<\/p>\n<div data-td-block-uid=\"tdi_95\">\n<div class=\"tdb-block-inner td-fix-index\">\n<p><strong>Duas pessoas morreram e outras tr\u00eas ficaram feridas \u2013 uma em estado grave \u2013 na noite deste s\u00e1bado (20), ap\u00f3s o carro em que elas estavam bater contra uma \u00e1rvore na rodovia Altino Arantes (SP-351), entre Morro Agudo e Orl\u00e2ndia, na regi\u00e3o de Ribeir\u00e3o Preto.<\/strong><\/p>\n<p>Segundo informa\u00e7\u00f5es da pol\u00edcia, <mark style=\"background-color:#fcb900\" class=\"has-inline-color has-black-color\">as v\u00edtimas que faleceram na colis\u00e3o foram identificadas como Leonardo Galarani, de 24 anos, e Marcelo Rodrigues, de 19 anos.<\/mark><\/p>\n<p>Os corpos foram encaminhados ao IML (Instituto M\u00e9dico Legal) de Franca e devem ser velados e sepultados neste domingo (21), em Orl\u00e2ndia.<\/p>\n<p>Os sobreviventes foram encaminhados para um hospital de Orl\u00e2ndia. Ainda n\u00e3o h\u00e1 uma atualiza\u00e7\u00e3o sobre o estado de sa\u00fade deles. <\/p>\n<p>O caso foi registrado na Pol\u00edcia Civil de S\u00e3o Joaquim da Barra. (Com EPTV)<\/p>\n<p><!-- AI CONTENT END 1 -->\n<\/div>\n<\/div>\n<p><br \/>\n<br \/><a href=\"https:\/\/www.acidadeon.com\/ribeiraopreto\/cotidiano\/carro-bate-em-arvore-e-deixa-dois-mortos-e-tres-feridos-em-rodovia\/\">Source link <\/a><\/p>\n<!-- CONTENT END 1 -->\n","protected":false},"excerpt":{"rendered":"<p>Duas pessoas morreram e outras tr\u00eas ficaram feridas \u2013 uma em estado grave \u2013 na noite deste s\u00e1bado (20), ap\u00f3s o carro em que elas&#8230;<\/p>\n","protected":false},"author":1,"featured_media":81048,"comment_status":"open","ping_status":"open","sticky":false,"template":"","format":"standard","meta":{"advanced_seo_description":"","jetpack_seo_html_title":"","jetpack_seo_noindex":false,"jetpack_post_was_ever_published":false,"_jetpack_newsletter_access":"","_jetpack_dont_email_post_to_subs":false,"_jetpack_newsletter_tier_id":0,"_jetpack_memberships_contains_paywalled_content":false,"_jetpack_memberships_contains_paid_content":false,"footnotes":"","jetpack_publicize_message":"","jetpack_publicize_feature_enabled":true,"jetpack_social_post_already_shared":true,"jetpack_social_options":{"image_generator_settings":{"template":"highway","default_image_id":0,"font":"","enabled":false},"version":2}},"categories":[11],"tags":[],"class_list":["post-81047","post","type-post","status-publish","format-standard","has-post-thumbnail","hentry","category-noticias-de-ribeirao-preto-sp-e-regiao-ismael-colosi"],"jetpack_publicize_connections":[],"jetpack_featured_media_url":"https:\/\/i0.wp.com\/noticiasribeiraopreto.com.br\/wp-content\/uploads\/2025\/12\/CARRO_2025-12-21_13-49-19.webp.webp?fit=1200%2C877&ssl=1","jetpack-related-posts":[{"id":81042,"url":"https:\/\/noticiasribeiraopreto.com.br\/index.php\/2025\/12\/22\/jovens-que-morreram-apos-carro-bater-em-arvore-tinham-19-e-24-anos\/","url_meta":{"origin":81047,"position":0},"title":"Jovens que morreram ap\u00f3s carro bater em \u00e1rvore tinham 19 e 24 anos","author":"noticiasribeiraopreto.com.br","date":"22 de December de 2025","format":false,"excerpt":"As v\u00edtimas que perderam a vida ap\u00f3s um carro atingir uma \u00e1rvore s\u00e3o dois jovens, um de 19 anos e outro com 24 anos. A colis\u00e3o, que tamb\u00e9m deixou outros tr\u00eas ocupantes do ve\u00edculo feridos, ocorreu na noite deste s\u00e1bado (20), na rodovia Altino Arantes (SP-351), entre Morro Agudo e\u2026","rel":"","context":"In &quot;Not\u00edcias de Ribeir\u00e3o Preto-SP e Regi\u00e3o&quot;","block_context":{"text":"Not\u00edcias de Ribeir\u00e3o Preto-SP e Regi\u00e3o","link":"https:\/\/noticiasribeiraopreto.com.br\/index.php\/category\/noticias-de-ribeirao-preto-sp-e-regiao-ismael-colosi\/"},"img":{"alt_text":"","src":"https:\/\/i0.wp.com\/noticiasribeiraopreto.com.br\/wp-content\/uploads\/2025\/12\/WhatsApp-Image-2025-12-21-at-13.12.15_2025-12-21_16-18-51.webp.webp?fit=1200%2C1012&ssl=1&resize=350%2C200","width":350,"height":200,"srcset":"https:\/\/i0.wp.com\/noticiasribeiraopreto.com.br\/wp-content\/uploads\/2025\/12\/WhatsApp-Image-2025-12-21-at-13.12.15_2025-12-21_16-18-51.webp.webp?fit=1200%2C1012&ssl=1&resize=350%2C200 1x, https:\/\/i0.wp.com\/noticiasribeiraopreto.com.br\/wp-content\/uploads\/2025\/12\/WhatsApp-Image-2025-12-21-at-13.12.15_2025-12-21_16-18-51.webp.webp?fit=1200%2C1012&ssl=1&resize=525%2C300 1.5x, https:\/\/i0.wp.com\/noticiasribeiraopreto.com.br\/wp-content\/uploads\/2025\/12\/WhatsApp-Image-2025-12-21-at-13.12.15_2025-12-21_16-18-51.webp.webp?fit=1200%2C1012&ssl=1&resize=700%2C400 2x, https:\/\/i0.wp.com\/noticiasribeiraopreto.com.br\/wp-content\/uploads\/2025\/12\/WhatsApp-Image-2025-12-21-at-13.12.15_2025-12-21_16-18-51.webp.webp?fit=1200%2C1012&ssl=1&resize=1050%2C600 3x"},"classes":[]},{"id":81051,"url":"https:\/\/noticiasribeiraopreto.com.br\/index.php\/2025\/12\/22\/acidente-deixa-dois-mortos-na-rodovia-altino-arantes\/","url_meta":{"origin":81047,"position":1},"title":"Acidente deixa dois mortos na Rodovia Altino Arantes","author":"noticiasribeiraopreto.com.br","date":"22 de December de 2025","format":false,"excerpt":"\r \r \r 22 de dezembro de 2025 08:31 \r Compartilhar0 Motorista perdeu o controle da dire\u00e7\u00e3o e bateu contra uma \u00e1rvore, pr\u00f3ximo a Sales Oliveira. Duas pessoas morreram e tr\u00eas ficaram feridas em um acidente registrado na noite do \u00faltimo s\u00e1bado (20), na Rodovia Altino Arantes, pr\u00f3ximo ao munic\u00edpio\u2026","rel":"","context":"In &quot;Not\u00edcias de Ribeir\u00e3o Preto-SP e Regi\u00e3o&quot;","block_context":{"text":"Not\u00edcias de Ribeir\u00e3o Preto-SP e Regi\u00e3o","link":"https:\/\/noticiasribeiraopreto.com.br\/index.php\/category\/noticias-de-ribeirao-preto-sp-e-regiao-ismael-colosi\/"},"img":{"alt_text":"","src":"https:\/\/i0.wp.com\/noticiasribeiraopreto.com.br\/wp-content\/uploads\/2025\/12\/fotos-tribuna.jpg?fit=800%2C500&ssl=1&resize=350%2C200","width":350,"height":200,"srcset":"https:\/\/i0.wp.com\/noticiasribeiraopreto.com.br\/wp-content\/uploads\/2025\/12\/fotos-tribuna.jpg?fit=800%2C500&ssl=1&resize=350%2C200 1x, https:\/\/i0.wp.com\/noticiasribeiraopreto.com.br\/wp-content\/uploads\/2025\/12\/fotos-tribuna.jpg?fit=800%2C500&ssl=1&resize=525%2C300 1.5x, https:\/\/i0.wp.com\/noticiasribeiraopreto.com.br\/wp-content\/uploads\/2025\/12\/fotos-tribuna.jpg?fit=800%2C500&ssl=1&resize=700%2C400 2x"},"classes":[]},{"id":54424,"url":"https:\/\/noticiasribeiraopreto.com.br\/index.php\/2024\/07\/10\/acidente-entre-carro-e-caminhao-deixa-uma-pessoa-em-estado-grave-na-regiao-de-ribeirao\/","url_meta":{"origin":81047,"position":2},"title":"Acidente entre carro e caminh\u00e3o deixa uma pessoa em estado grave na regi\u00e3o de Ribeir\u00e3o","author":"noticiasribeiraopreto.com.br","date":"10 de July de 2024","format":false,"excerpt":"Um motorista foi socorrido em estado grave na noite desta quarta-feira (10), ap\u00f3s um acidente na rodovia Cel. Francisco Orlando, entre Morro Agudo e Orl\u00e2ndia, na regi\u00e3o de Ribeir\u00e3o Preto. De acordo com as primeiras informa\u00e7\u00f5es da Pol\u00edcia Militar (PM), o acidente envolveu um carro e um caminh\u00e3o. Devido a\u2026","rel":"","context":"In &quot;Not\u00edcias de Ribeir\u00e3o Preto-SP e Regi\u00e3o&quot;","block_context":{"text":"Not\u00edcias de Ribeir\u00e3o Preto-SP e Regi\u00e3o","link":"https:\/\/noticiasribeiraopreto.com.br\/index.php\/category\/noticias-de-ribeirao-preto-sp-e-regiao-ismael-colosi\/"},"img":{"alt_text":"","src":"https:\/\/i0.wp.com\/noticiasribeiraopreto.com.br\/wp-content\/uploads\/2024\/07\/sirene_pm_1024x576_04022021085205.jpg?fit=1024%2C576&ssl=1&resize=350%2C200","width":350,"height":200,"srcset":"https:\/\/i0.wp.com\/noticiasribeiraopreto.com.br\/wp-content\/uploads\/2024\/07\/sirene_pm_1024x576_04022021085205.jpg?fit=1024%2C576&ssl=1&resize=350%2C200 1x, https:\/\/i0.wp.com\/noticiasribeiraopreto.com.br\/wp-content\/uploads\/2024\/07\/sirene_pm_1024x576_04022021085205.jpg?fit=1024%2C576&ssl=1&resize=525%2C300 1.5x, https:\/\/i0.wp.com\/noticiasribeiraopreto.com.br\/wp-content\/uploads\/2024\/07\/sirene_pm_1024x576_04022021085205.jpg?fit=1024%2C576&ssl=1&resize=700%2C400 2x"},"classes":[]},{"id":82466,"url":"https:\/\/noticiasribeiraopreto.com.br\/index.php\/2026\/02\/15\/carro-capota-ao-cair-em-barranco-e-deixa-dois-feridos-em-rodovia-na-regiao\/","url_meta":{"origin":81047,"position":3},"title":"Carro capota ao cair em barranco e deixa dois feridos em rodovia na regi\u00e3o","author":"noticiasribeiraopreto.com.br","date":"15 de February de 2026","format":false,"excerpt":"Duas pessoas ficaram feridas \u2013 uma em estado grave \u2013 na manh\u00e3 deste s\u00e1bado (14), ap\u00f3s o carro em que elas estavam capotar na rodovia Ronan Rocha (SP-345), em Franca, a 80 quil\u00f4metros de Ribeir\u00e3o Preto. Segundo a PMR (Pol\u00edcia Militar Rodovi\u00e1ria), o motorista recusou o teste do baf\u00f4metro. Ele\u2026","rel":"","context":"In &quot;Not\u00edcias de Ribeir\u00e3o Preto-SP e Regi\u00e3o&quot;","block_context":{"text":"Not\u00edcias de Ribeir\u00e3o Preto-SP e Regi\u00e3o","link":"https:\/\/noticiasribeiraopreto.com.br\/index.php\/category\/noticias-de-ribeirao-preto-sp-e-regiao-ismael-colosi\/"},"img":{"alt_text":"","src":"https:\/\/i0.wp.com\/noticiasribeiraopreto.com.br\/wp-content\/uploads\/2026\/02\/acidente_2026-02-14_15-13-17.webp.webp?fit=1200%2C674&ssl=1&resize=350%2C200","width":350,"height":200,"srcset":"https:\/\/i0.wp.com\/noticiasribeiraopreto.com.br\/wp-content\/uploads\/2026\/02\/acidente_2026-02-14_15-13-17.webp.webp?fit=1200%2C674&ssl=1&resize=350%2C200 1x, https:\/\/i0.wp.com\/noticiasribeiraopreto.com.br\/wp-content\/uploads\/2026\/02\/acidente_2026-02-14_15-13-17.webp.webp?fit=1200%2C674&ssl=1&resize=525%2C300 1.5x, https:\/\/i0.wp.com\/noticiasribeiraopreto.com.br\/wp-content\/uploads\/2026\/02\/acidente_2026-02-14_15-13-17.webp.webp?fit=1200%2C674&ssl=1&resize=700%2C400 2x, https:\/\/i0.wp.com\/noticiasribeiraopreto.com.br\/wp-content\/uploads\/2026\/02\/acidente_2026-02-14_15-13-17.webp.webp?fit=1200%2C674&ssl=1&resize=1050%2C600 3x"},"classes":[]},{"id":75548,"url":"https:\/\/noticiasribeiraopreto.com.br\/index.php\/2025\/08\/11\/motorista-morre-apos-ser-lancada-para-fora-de-carro-em-acidente-na-anhanguera\/","url_meta":{"origin":81047,"position":4},"title":"Motorista morre ap\u00f3s ser lan\u00e7ada para fora de carro em acidente na Anhanguera","author":"noticiasribeiraopreto.com.br","date":"11 de August de 2025","format":false,"excerpt":"A motorista de um carro morreu em um acidente na noite deste domingo (10), no km 371 da rodovia Anhanguera (SP-330), em Orl\u00e2ndia, a aproximadamente 50 quil\u00f4metros de Ribeir\u00e3o Preto. Segundo a Artesp (Ag\u00eancia de Transporte do Estado de S\u00e3o Paulo), a condutora teria perdido o controle da dire\u00e7\u00e3o por\u2026","rel":"","context":"In &quot;Not\u00edcias de Ribeir\u00e3o Preto-SP e Regi\u00e3o&quot;","block_context":{"text":"Not\u00edcias de Ribeir\u00e3o Preto-SP e Regi\u00e3o","link":"https:\/\/noticiasribeiraopreto.com.br\/index.php\/category\/noticias-de-ribeirao-preto-sp-e-regiao-ismael-colosi\/"},"img":{"alt_text":"","src":"https:\/\/i0.wp.com\/noticiasribeiraopreto.com.br\/wp-content\/uploads\/2025\/08\/ACIDENTE_2025-08-11_12-37-59.webp.webp?fit=1200%2C722&ssl=1&resize=350%2C200","width":350,"height":200,"srcset":"https:\/\/i0.wp.com\/noticiasribeiraopreto.com.br\/wp-content\/uploads\/2025\/08\/ACIDENTE_2025-08-11_12-37-59.webp.webp?fit=1200%2C722&ssl=1&resize=350%2C200 1x, https:\/\/i0.wp.com\/noticiasribeiraopreto.com.br\/wp-content\/uploads\/2025\/08\/ACIDENTE_2025-08-11_12-37-59.webp.webp?fit=1200%2C722&ssl=1&resize=525%2C300 1.5x, https:\/\/i0.wp.com\/noticiasribeiraopreto.com.br\/wp-content\/uploads\/2025\/08\/ACIDENTE_2025-08-11_12-37-59.webp.webp?fit=1200%2C722&ssl=1&resize=700%2C400 2x, https:\/\/i0.wp.com\/noticiasribeiraopreto.com.br\/wp-content\/uploads\/2025\/08\/ACIDENTE_2025-08-11_12-37-59.webp.webp?fit=1200%2C722&ssl=1&resize=1050%2C600 3x"},"classes":[]},{"id":63848,"url":"https:\/\/noticiasribeiraopreto.com.br\/index.php\/2025\/02\/24\/batida-entre-tres-carros-deixa-um-morto-e-seis-feridos-em-rodovia-na-regiao-de-ribeirao-preto\/","url_meta":{"origin":81047,"position":5},"title":"Batida entre tr\u00eas carros deixa um morto e seis feridos em rodovia na regi\u00e3o de Ribeir\u00e3o Preto","author":"noticiasribeiraopreto.com.br","date":"24 de February de 2025","format":false,"excerpt":"Tr\u00eas carros se envolveram em uma batida que deixou um morto e seis feridos \u2013 dos quais tr\u00eas graves \u2013 no in\u00edcio da noite deste domingo (23), no km 18 da rodovia Altino Arantes (SP-351), em Altin\u00f3polis, a aproximadamente 60 quil\u00f4metros de Ribeir\u00e3o Preto. Segundo o boletim de ocorr\u00eancia (BO),\u2026","rel":"","context":"In &quot;Not\u00edcias de Ribeir\u00e3o Preto-SP e Regi\u00e3o&quot;","block_context":{"text":"Not\u00edcias de Ribeir\u00e3o Preto-SP e Regi\u00e3o","link":"https:\/\/noticiasribeiraopreto.com.br\/index.php\/category\/noticias-de-ribeirao-preto-sp-e-regiao-ismael-colosi\/"},"img":{"alt_text":"","src":"https:\/\/i0.wp.com\/noticiasribeiraopreto.com.br\/wp-content\/uploads\/2025\/02\/ACIDENTE_2025-02-24_10-51-47_jpg_2025-02-24_10-51-48.webp.webp?fit=1200%2C988&ssl=1&resize=350%2C200","width":350,"height":200,"srcset":"https:\/\/i0.wp.com\/noticiasribeiraopreto.com.br\/wp-content\/uploads\/2025\/02\/ACIDENTE_2025-02-24_10-51-47_jpg_2025-02-24_10-51-48.webp.webp?fit=1200%2C988&ssl=1&resize=350%2C200 1x, https:\/\/i0.wp.com\/noticiasribeiraopreto.com.br\/wp-content\/uploads\/2025\/02\/ACIDENTE_2025-02-24_10-51-47_jpg_2025-02-24_10-51-48.webp.webp?fit=1200%2C988&ssl=1&resize=525%2C300 1.5x, https:\/\/i0.wp.com\/noticiasribeiraopreto.com.br\/wp-content\/uploads\/2025\/02\/ACIDENTE_2025-02-24_10-51-47_jpg_2025-02-24_10-51-48.webp.webp?fit=1200%2C988&ssl=1&resize=700%2C400 2x, https:\/\/i0.wp.com\/noticiasribeiraopreto.com.br\/wp-content\/uploads\/2025\/02\/ACIDENTE_2025-02-24_10-51-47_jpg_2025-02-24_10-51-48.webp.webp?fit=1200%2C988&ssl=1&resize=1050%2C600 3x"},"classes":[]}],"jetpack_sharing_enabled":true,"jetpack_shortlink":"https:\/\/wp.me\/peQAOb-l5d","_links":{"self":[{"href":"https:\/\/noticiasribeiraopreto.com.br\/index.php\/wp-json\/wp\/v2\/posts\/81047","targetHints":{"allow":["GET"]}}],"collection":[{"href":"https:\/\/noticiasribeiraopreto.com.br\/index.php\/wp-json\/wp\/v2\/posts"}],"about":[{"href":"https:\/\/noticiasribeiraopreto.com.br\/index.php\/wp-json\/wp\/v2\/types\/post"}],"author":[{"embeddable":true,"href":"https:\/\/noticiasribeiraopreto.com.br\/index.php\/wp-json\/wp\/v2\/users\/1"}],"replies":[{"embeddable":true,"href":"https:\/\/noticiasribeiraopreto.com.br\/index.php\/wp-json\/wp\/v2\/comments?post=81047"}],"version-history":[{"count":0,"href":"https:\/\/noticiasribeiraopreto.com.br\/index.php\/wp-json\/wp\/v2\/posts\/81047\/revisions"}],"wp:featuredmedia":[{"embeddable":true,"href":"https:\/\/noticiasribeiraopreto.com.br\/index.php\/wp-json\/wp\/v2\/media\/81048"}],"wp:attachment":[{"href":"https:\/\/noticiasribeiraopreto.com.br\/index.php\/wp-json\/wp\/v2\/media?parent=81047"}],"wp:term":[{"taxonomy":"category","embeddable":true,"href":"https:\/\/noticiasribeiraopreto.com.br\/index.php\/wp-json\/wp\/v2\/categories?post=81047"},{"taxonomy":"post_tag","embeddable":true,"href":"https:\/\/noticiasribeiraopreto.com.br\/index.php\/wp-json\/wp\/v2\/tags?post=81047"}],"curies":[{"name":"wp","href":"https:\/\/api.w.org\/{rel}","templated":true}]}}