{"id":8105,"date":"2023-11-29T13:38:21","date_gmt":"2023-11-29T16:38:21","guid":{"rendered":"https:\/\/noticiasribeiraopreto.com.br\/index.php\/2023\/11\/29\/aprenda-a-fazer-sua-retrospectiva-spotify-2023-em-segundos\/"},"modified":"2023-11-29T13:38:21","modified_gmt":"2023-11-29T16:38:21","slug":"aprenda-a-fazer-sua-retrospectiva-spotify-2023-em-segundos","status":"publish","type":"post","link":"https:\/\/noticiasribeiraopreto.com.br\/index.php\/2023\/11\/29\/aprenda-a-fazer-sua-retrospectiva-spotify-2023-em-segundos\/","title":{"rendered":"Aprenda a fazer sua Retrospectiva Spotify 2023 em segundos"},"content":{"rendered":"<div class='code-block code-block-1' style='margin: 8px 0 8px auto; text-align: right; display: block; clear: both;'>\n<p><a href=\"https:\/\/wa.link\/vpicfd\"><img data-recalc-dims=\"1\" class=\"wp-image-4922\" style=\"aspect-ratio: 2.0253164556962027; width: 561px; height: auto;\" src=\"https:\/\/i0.wp.com\/ismaelcolosi.com.br\/wp-content\/uploads\/2023\/11\/grupo-de-empregos-whatsapp-e-facebook-ismael-colosi-vagas.jpg?ssl=1\" alt=\"\" \/><\/a><\/p>\n<!-- \/wp:image -->\n<\/div>\n<p> <br \/>\n<\/p>\n<div id=\"attachment_2315238\">\n<div class=\"d-flex justify-content-center\" data-attachment-id=\"2315238\">\n<div class=\"position-relative d-inline-block\"><img data-recalc-dims=\"1\" data-portal-copyright=\"Divulga\u00e7\u00e3o\/Spotify\" decoding=\"async\" fetchpriority=\"high\" class=\"size-full wp-image-2315238\" src=\"https:\/\/i0.wp.com\/catracalivre.com.br\/wp-content\/uploads\/2023\/11\/fotos-catraca-2023-11-29t125529266.png?resize=1200%2C660&#038;ssl=1\" alt=\"Retrospectiva Spotify 2023 est\u00e1 liberada para todos os usu\u00e1rios\" width=\"1200\" height=\"660\" srcset=\"https:\/\/catracalivre.com.br\/wp-content\/uploads\/2023\/11\/fotos-catraca-2023-11-29t125529266.png 1200w, https:\/\/catracalivre.com.br\/wp-content\/uploads\/2023\/11\/fotos-catraca-2023-11-29t125529266-450x248.png 450w, https:\/\/catracalivre.com.br\/wp-content\/uploads\/2023\/11\/fotos-catraca-2023-11-29t125529266-768x422.png 768w\" sizes=\"(max-width: 1200px) 100vw, 1200px\"\/><\/p>\n<p>Cr\u00e9ditos: Divulga\u00e7\u00e3o\/Spotify<\/p>\n<\/div>\n<\/div>\n<p><span class=\"post-imagem__legenda\">Retrospectiva Spotify 2023 est\u00e1 liberada para todos os usu\u00e1rios<\/span><\/p>\n<\/div>\n<p>O <a href=\"https:\/\/catracalivre.com.br\/agenda\/experiencia-creme-playlist-do-spotify-vira-rolezao-em-sp\/\" target=\"_blank\" rel=\"noopener\">Spotify<\/a> liberou nesta quarta-feira, 29, a aguardada retrospectiva de 2023. Os usu\u00e1rios agora podem descobrir quais foram os artistas e os podcasts mais ouvidos durante o ano.<\/p>\n<p>Dispon\u00edvel no <a href=\"https:\/\/catracalivre.com.br\/entretenimento\/spotify-encerra-aplicativo\/\" target=\"_blank\" rel=\"noopener\">aplicativo<\/a> para Android e iOS (iPhone), e tamb\u00e9m clicando <a href=\"https:\/\/www.spotify.com\/br-pt\/wrapped\/\" target=\"_blank\" rel=\"noopener\">aqui<\/a>, o Spotify Wrapped vem com um design que mescla formas abstratas e coloridas.<\/p>\n<p>Com formato semelhante aos Stories do Instagram, a experi\u00eancia da retrospectiva permite ao usu\u00e1rio compartilhar rapidamente seus resultados nas redes sociais ou nas plataformas de mensagens. \u00c9 a oportunidade perfeita para se conectar com amigos e seguidores, revelando sua trilha sonora deste ano.<\/p>\n<div id=\"attachment_2315268\">\n<div class=\"d-flex justify-content-center\" data-attachment-id=\"2315268\">\n<div class=\"position-relative d-inline-block\"><img data-recalc-dims=\"1\" loading=\"lazy\" data-portal-copyright=\"Reprodu\u00e7\u00e3o\/Spotify\" decoding=\"async\" class=\"size-full wp-image-2315268\" src=\"https:\/\/i0.wp.com\/catracalivre.com.br\/wp-content\/uploads\/2023\/11\/img-20231129-wa0045-scaled.jpg?resize=2560%2C1387&#038;ssl=1\" alt=\"O que voc\u00ea mais ouviu no m\u00eas?\" width=\"2560\" height=\"1387\" srcset=\"https:\/\/catracalivre.com.br\/wp-content\/uploads\/2023\/11\/img-20231129-wa0045-scaled.jpg 2560w, https:\/\/catracalivre.com.br\/wp-content\/uploads\/2023\/11\/img-20231129-wa0045-450x244.jpg 450w, https:\/\/catracalivre.com.br\/wp-content\/uploads\/2023\/11\/img-20231129-wa0045-768x416.jpg 768w\" sizes=\"auto, (max-width: 2560px) 100vw, 2560px\"\/><\/p>\n<p>Cr\u00e9ditos: Reprodu\u00e7\u00e3o\/Spotify<\/p>\n<\/div>\n<\/div>\n<p><span class=\"post-imagem__legenda\">O que voc\u00ea mais ouviu no m\u00eas?<\/span><\/p>\n<\/div>\n<div id=\"attachment_2315267\">\n<div class=\"d-flex justify-content-center\" data-attachment-id=\"2315267\">\n<div class=\"position-relative d-inline-block\"><img data-recalc-dims=\"1\" loading=\"lazy\" data-portal-copyright=\"Reprodu\u00e7\u00e3o\/Spotify\" decoding=\"async\" class=\"size-full wp-image-2315267\" src=\"https:\/\/i0.wp.com\/catracalivre.com.br\/wp-content\/uploads\/2023\/11\/img-20231129-wa0047-scaled.jpg?resize=2560%2C1390&#038;ssl=1\" alt=\"Experi\u00eancia da retrospectiva \u201cEu em 2023\u201d\" width=\"2560\" height=\"1390\" srcset=\"https:\/\/catracalivre.com.br\/wp-content\/uploads\/2023\/11\/img-20231129-wa0047-scaled.jpg 2560w, https:\/\/catracalivre.com.br\/wp-content\/uploads\/2023\/11\/img-20231129-wa0047-450x244.jpg 450w, https:\/\/catracalivre.com.br\/wp-content\/uploads\/2023\/11\/img-20231129-wa0047-768x417.jpg 768w\" sizes=\"auto, (max-width: 2560px) 100vw, 2560px\"\/><\/p>\n<p>Cr\u00e9ditos: Reprodu\u00e7\u00e3o\/Spotify<\/p>\n<\/div>\n<\/div>\n<p><span class=\"post-imagem__legenda\">Experi\u00eancia da retrospectiva \u201cEu em 2023\u201d<\/span><\/p>\n<\/div>\n<div data-block-type=\"unstyled\" data-block-weight=\"53\" data-block-id=\"21\">\n<p class=\" content-text__container \" data-track-category=\"Link no Texto\" data-track-links=\"\">Para fazer sua pr\u00f3pria retrospectiva, basta abrir o Spotify, seja no aplicativo ou navegador, e fazer login.<\/p>\n<p class=\" content-text__container \" data-track-category=\"Link no Texto\" data-track-links=\"\">Com o Spotify aberto, aperte sobre o banner do <em>Wrapped<\/em>, identificado como \u201cSua retrospectiva de 2023\u201d. Ele aparece logo na tela inicial. Pronto! Os Stories v\u00e3o come\u00e7ar a passar automaticamente.<\/p>\n<\/div>\n<div data-block-type=\"unstyled\" data-block-weight=\"39\" data-block-id=\"22\">\n<p class=\" content-text__container \" data-track-category=\"Link no Texto\" data-track-links=\"\">Agora, se voc\u00ea abriu o Spotify e a retrospectiva n\u00e3o apareceu, \u00e9 poss\u00edvel conferi-la em outro caminho. Para isso, clique <a href=\"https:\/\/www.spotify.com\/br-pt\/wrapped\/\" target=\"_blank\" rel=\"noopener\">aqui<\/a> e toque no bot\u00e3o para iniciar sess\u00e3o.<\/p>\n<\/div>\n<p><script>\n\t\t! function(f, b, e, v, n, t, s) {\n\t\t\tif (f.fbq) return;\n\t\t\tn = f.fbq = function() {\n\t\t\t\tn.callMethod ?\n\t\t\t\t\tn.callMethod.apply(n, arguments) : n.queue.push(arguments)\n\t\t\t};\n\t\t\tif (!f._fbq) f._fbq = n;\n\t\t\tn.push = n;\n\t\t\tn.loaded = !0;\n\t\t\tn.version = '2.0';\n\t\t\tn.queue = [];\n\t\t\tt = b.createElement(e);\n\t\t\tt.async = !0;\n\t\t\tt.src = v;\n\t\t\ts = b.getElementsByTagName(e)[0];\n\t\t\ts.parentNode.insertBefore(t, s)\n\t\t}(window, document, 'script',\n\t\t\t'https:\/\/connect.facebook.net\/en_US\/fbevents.js');\n\t\tfbq('init', '338315473262380');\n\t\tfbq('track', 'PageView');\n\t<\/script><br \/>\n<br \/><br \/>\n<br \/><a href=\"https:\/\/catracalivre.com.br\/entretenimento\/aprenda-a-fazer-sua-retrospectiva-spotify-2023-em-segundos\/\">Source link <\/a><\/p>\n<!-- CONTENT END 1 -->\n","protected":false},"excerpt":{"rendered":"<p>Cr\u00e9ditos: Divulga\u00e7\u00e3o\/Spotify Retrospectiva Spotify 2023 est\u00e1 liberada para todos os usu\u00e1rios O Spotify liberou nesta quarta-feira, 29, a aguardada retrospectiva de 2023. Os usu\u00e1rios agora&#8230;<\/p>\n","protected":false},"author":1,"featured_media":8106,"comment_status":"open","ping_status":"open","sticky":false,"template":"","format":"standard","meta":{"advanced_seo_description":"","jetpack_seo_html_title":"","jetpack_seo_noindex":false,"jetpack_post_was_ever_published":false,"_jetpack_newsletter_access":"","_jetpack_dont_email_post_to_subs":false,"_jetpack_newsletter_tier_id":0,"_jetpack_memberships_contains_paywalled_content":false,"_jetpack_memberships_contains_paid_content":false,"footnotes":"","jetpack_publicize_message":"","jetpack_publicize_feature_enabled":true,"jetpack_social_post_already_shared":true,"jetpack_social_options":{"image_generator_settings":{"template":"highway","default_image_id":0,"font":"","enabled":false},"version":2}},"categories":[19],"tags":[],"class_list":["post-8105","post","type-post","status-publish","format-standard","has-post-thumbnail","hentry","category-variedades"],"jetpack_publicize_connections":[],"jetpack_featured_media_url":"https:\/\/i0.wp.com\/noticiasribeiraopreto.com.br\/wp-content\/uploads\/2023\/11\/fotos-catraca-2023-11-29t125529266.png?fit=1200%2C638&ssl=1","jetpack-related-posts":[{"id":14185,"url":"https:\/\/noticiasribeiraopreto.com.br\/index.php\/2023\/12\/11\/spotify-anuncia-sua-terceira-rodada-de-demissoes-em-2023\/","url_meta":{"origin":8105,"position":0},"title":"Spotify anuncia sua terceira rodada de demiss\u00f5es em 2023","author":"noticiasribeiraopreto.com.br","date":"11 de December de 2023","format":false,"excerpt":"Getty ImagesO Spotify divulgou, em outubro, um lucro l\u00edquido trimestral de 65 milh\u00f5es de euros As a\u00e7\u00f5es do Spotify subiram mais de 6,8% nas negocia\u00e7\u00f5es de pr\u00e9-mercado na manh\u00e3 desta segunda-feira (4) ap\u00f3s anunciar que demitiria cerca de 1,5 mil funcion\u00e1rios. Os cortes fazem parte de um esfor\u00e7o para o\u2026","rel":"","context":"In &quot;Blog&quot;","block_context":{"text":"Blog","link":"https:\/\/noticiasribeiraopreto.com.br\/index.php\/category\/blog\/"},"img":{"alt_text":"","src":"https:\/\/i0.wp.com\/noticiasribeiraopreto.com.br\/wp-content\/uploads\/2023\/12\/carreira-spotify-ceo-1024x683.jpg?fit=1024%2C683&ssl=1&resize=350%2C200","width":350,"height":200,"srcset":"https:\/\/i0.wp.com\/noticiasribeiraopreto.com.br\/wp-content\/uploads\/2023\/12\/carreira-spotify-ceo-1024x683.jpg?fit=1024%2C683&ssl=1&resize=350%2C200 1x, https:\/\/i0.wp.com\/noticiasribeiraopreto.com.br\/wp-content\/uploads\/2023\/12\/carreira-spotify-ceo-1024x683.jpg?fit=1024%2C683&ssl=1&resize=525%2C300 1.5x, https:\/\/i0.wp.com\/noticiasribeiraopreto.com.br\/wp-content\/uploads\/2023\/12\/carreira-spotify-ceo-1024x683.jpg?fit=1024%2C683&ssl=1&resize=700%2C400 2x"},"classes":[]},{"id":8168,"url":"https:\/\/noticiasribeiraopreto.com.br\/index.php\/2023\/11\/29\/quais-foram-os-artistas-brasileiros-mais-ouvidos-no-spotify-em-2023\/","url_meta":{"origin":8105,"position":1},"title":"Quais foram os artistas brasileiros mais ouvidos no Spotify em 2023?","author":"noticiasribeiraopreto.com.br","date":"29 de November de 2023","format":false,"excerpt":"Cr\u00e9ditos: Depositphotos\/Sasha2109Spotify divulga ranking dos mais ouvidos em 2023 Veio a\u00ed! O Spotify divulgou nesta quarta-feira, 29, a tradicional retrospectiva da plataforma, que mostra os artistas que mais bombaram no Brasil e no mundo em 2023. O \u201cWrapped\u201d tamb\u00e9m mostra a cada usu\u00e1rio o que ele mais ouviu este ano.\u2026","rel":"","context":"In &quot;Variedades&quot;","block_context":{"text":"Variedades","link":"https:\/\/noticiasribeiraopreto.com.br\/index.php\/category\/variedades\/"},"img":{"alt_text":"","src":"https:\/\/i0.wp.com\/noticiasribeiraopreto.com.br\/wp-content\/uploads\/2023\/11\/depositphotos-620810818-xl-scaled.jpg?fit=1200%2C638&ssl=1&resize=350%2C200","width":350,"height":200,"srcset":"https:\/\/i0.wp.com\/noticiasribeiraopreto.com.br\/wp-content\/uploads\/2023\/11\/depositphotos-620810818-xl-scaled.jpg?fit=1200%2C638&ssl=1&resize=350%2C200 1x, https:\/\/i0.wp.com\/noticiasribeiraopreto.com.br\/wp-content\/uploads\/2023\/11\/depositphotos-620810818-xl-scaled.jpg?fit=1200%2C638&ssl=1&resize=525%2C300 1.5x, https:\/\/i0.wp.com\/noticiasribeiraopreto.com.br\/wp-content\/uploads\/2023\/11\/depositphotos-620810818-xl-scaled.jpg?fit=1200%2C638&ssl=1&resize=700%2C400 2x, https:\/\/i0.wp.com\/noticiasribeiraopreto.com.br\/wp-content\/uploads\/2023\/11\/depositphotos-620810818-xl-scaled.jpg?fit=1200%2C638&ssl=1&resize=1050%2C600 3x"},"classes":[]},{"id":44219,"url":"https:\/\/noticiasribeiraopreto.com.br\/index.php\/2024\/03\/26\/spotify-tendencias-que-dominarao-o-mundo-da-musica-em-2024\/","url_meta":{"origin":8105,"position":2},"title":"Spotify: Tend\u00eancias que Dominar\u00e3o o Mundo da M\u00fasica em 2024","author":"noticiasribeiraopreto.com.br","date":"26 de March de 2024","format":false,"excerpt":"Spotify: Tend\u00eancias que Dominar\u00e3o o Mundo da M\u00fasica em 2024Com a constante evolu\u00e7\u00e3o da ind\u00fastria da m\u00fasica e a crescente popularidade dos servi\u00e7os de streaming, o Spotify continua a liderar o caminho como uma das plataformas mais influentes e inovadoras do setor. \u00c0 medida que nos aproximamos de 2024, \u00e9\u2026","rel":"","context":"In &quot;Not\u00edcias de Ribeir\u00e3o Preto-SP e Regi\u00e3o&quot;","block_context":{"text":"Not\u00edcias de Ribeir\u00e3o Preto-SP e Regi\u00e3o","link":"https:\/\/noticiasribeiraopreto.com.br\/index.php\/category\/noticias-de-ribeirao-preto-sp-e-regiao-ismael-colosi\/"},"img":{"alt_text":"","src":"https:\/\/i0.wp.com\/noticiasribeiraopreto.com.br\/wp-content\/uploads\/2024\/03\/spotfy.jpg?fit=1200%2C800&ssl=1&resize=350%2C200","width":350,"height":200,"srcset":"https:\/\/i0.wp.com\/noticiasribeiraopreto.com.br\/wp-content\/uploads\/2024\/03\/spotfy.jpg?fit=1200%2C800&ssl=1&resize=350%2C200 1x, https:\/\/i0.wp.com\/noticiasribeiraopreto.com.br\/wp-content\/uploads\/2024\/03\/spotfy.jpg?fit=1200%2C800&ssl=1&resize=525%2C300 1.5x, https:\/\/i0.wp.com\/noticiasribeiraopreto.com.br\/wp-content\/uploads\/2024\/03\/spotfy.jpg?fit=1200%2C800&ssl=1&resize=700%2C400 2x, https:\/\/i0.wp.com\/noticiasribeiraopreto.com.br\/wp-content\/uploads\/2024\/03\/spotfy.jpg?fit=1200%2C800&ssl=1&resize=1050%2C600 3x"},"classes":[]},{"id":46599,"url":"https:\/\/noticiasribeiraopreto.com.br\/index.php\/2024\/04\/12\/karol-g-e-a-nova-artista-a-estampar-a-camisa-do-fc-barcelona-como-parte-da-parceria-com-spotify\/","url_meta":{"origin":8105,"position":3},"title":"KAROL G \u00e9 a nova artista a estampar a camisa do FC Barcelona como parte da parceria com Spotify","author":"noticiasribeiraopreto.com.br","date":"12 de April de 2024","format":false,"excerpt":"KAROL G \u00e9 a nova artista a estampar a camisa do FC Barcelona como parte da parceria com SpotifyKAROL G \u00e9 artista mulher de m\u00fasica latina mais escutada globalmente por quatro anos consecutivos no Spotify O\u00a0Spotify\u00a0est\u00e1 mais uma vez reunindo lendas recordistas da m\u00fasica e do futebol. Desta vez, ao\u2026","rel":"","context":"In &quot;Not\u00edcias de Ribeir\u00e3o Preto-SP e Regi\u00e3o&quot;","block_context":{"text":"Not\u00edcias de Ribeir\u00e3o Preto-SP e Regi\u00e3o","link":"https:\/\/noticiasribeiraopreto.com.br\/index.php\/category\/noticias-de-ribeirao-preto-sp-e-regiao-ismael-colosi\/"},"img":{"alt_text":"","src":"https:\/\/i0.wp.com\/noticiasribeiraopreto.com.br\/wp-content\/uploads\/2024\/04\/KAROL-G-1.jpg?fit=960%2C1200&ssl=1&resize=350%2C200","width":350,"height":200,"srcset":"https:\/\/i0.wp.com\/noticiasribeiraopreto.com.br\/wp-content\/uploads\/2024\/04\/KAROL-G-1.jpg?fit=960%2C1200&ssl=1&resize=350%2C200 1x, https:\/\/i0.wp.com\/noticiasribeiraopreto.com.br\/wp-content\/uploads\/2024\/04\/KAROL-G-1.jpg?fit=960%2C1200&ssl=1&resize=525%2C300 1.5x, https:\/\/i0.wp.com\/noticiasribeiraopreto.com.br\/wp-content\/uploads\/2024\/04\/KAROL-G-1.jpg?fit=960%2C1200&ssl=1&resize=700%2C400 2x"},"classes":[]},{"id":8386,"url":"https:\/\/noticiasribeiraopreto.com.br\/index.php\/2023\/11\/29\/retrospectiva-spotify-saiba-como-ver-as-suas-musicas-mais-ouvidas-em-2023\/","url_meta":{"origin":8105,"position":4},"title":"Retrospectiva Spotify: saiba como ver as suas m\u00fasicas mais ouvidas em 2023","author":"noticiasribeiraopreto.com.br","date":"29 de November de 2023","format":false,"excerpt":"Os usu\u00e1rios do Spotify, servi\u00e7o de streaming de m\u00fasica e podcast, anunciou nesta quarta-feira (29), que os usu\u00e1rios do aplicativo j\u00e1 podem acessar a sua retrospectiva musical de 2023, conhecida como \u201cSpotify Wrapped\u201d. O recurso est\u00e1 dispon\u00edvel para usu\u00e1rios dos sistemas Android ou IOS, e tamb\u00e9m para aqueles que preferirem\u2026","rel":"","context":"In &quot;Not\u00edcias de Ribeir\u00e3o Preto-SP e Regi\u00e3o&quot;","block_context":{"text":"Not\u00edcias de Ribeir\u00e3o Preto-SP e Regi\u00e3o","link":"https:\/\/noticiasribeiraopreto.com.br\/index.php\/category\/noticias-de-ribeirao-preto-sp-e-regiao-ismael-colosi\/"},"img":{"alt_text":"","src":"https:\/\/i0.wp.com\/noticiasribeiraopreto.com.br\/wp-content\/uploads\/2023\/11\/Spotify.png?fit=1108%2C667&ssl=1&resize=350%2C200","width":350,"height":200,"srcset":"https:\/\/i0.wp.com\/noticiasribeiraopreto.com.br\/wp-content\/uploads\/2023\/11\/Spotify.png?fit=1108%2C667&ssl=1&resize=350%2C200 1x, https:\/\/i0.wp.com\/noticiasribeiraopreto.com.br\/wp-content\/uploads\/2023\/11\/Spotify.png?fit=1108%2C667&ssl=1&resize=525%2C300 1.5x, https:\/\/i0.wp.com\/noticiasribeiraopreto.com.br\/wp-content\/uploads\/2023\/11\/Spotify.png?fit=1108%2C667&ssl=1&resize=700%2C400 2x, https:\/\/i0.wp.com\/noticiasribeiraopreto.com.br\/wp-content\/uploads\/2023\/11\/Spotify.png?fit=1108%2C667&ssl=1&resize=1050%2C600 3x"},"classes":[]},{"id":31039,"url":"https:\/\/noticiasribeiraopreto.com.br\/index.php\/2024\/01\/20\/top-5-artistas-mais-ouvidos-no-spotify-no-brasil-em-2023\/","url_meta":{"origin":8105,"position":5},"title":"Top 5 artistas mais ouvidos no Spotify no Brasil em 2023","author":"noticiasribeiraopreto.com.br","date":"20 de January de 2024","format":false,"excerpt":"Voc\u00ea sabe quais fizeram sucesso em 2023 no Spotify? Veja o top 5 artistas mais ouvidos no Spotify no Brasil em 2023. Confira outras listas e rankings sobre m\u00fasica e artistas no Top 10 Brasil.TrendingTop 10 melhores sites para comprar seguidores Instagram O Spotify divulgou no fim do ano a\u2026","rel":"","context":"In &quot;Blog&quot;","block_context":{"text":"Blog","link":"https:\/\/noticiasribeiraopreto.com.br\/index.php\/category\/blog\/"},"img":{"alt_text":"","src":"https:\/\/i0.wp.com\/noticiasribeiraopreto.com.br\/wp-content\/uploads\/2024\/01\/top-5-artistas-mais-ouvidos-no-spotify-no-brasil-em-2023.jpg?fit=1200%2C630&ssl=1&resize=350%2C200","width":350,"height":200,"srcset":"https:\/\/i0.wp.com\/noticiasribeiraopreto.com.br\/wp-content\/uploads\/2024\/01\/top-5-artistas-mais-ouvidos-no-spotify-no-brasil-em-2023.jpg?fit=1200%2C630&ssl=1&resize=350%2C200 1x, https:\/\/i0.wp.com\/noticiasribeiraopreto.com.br\/wp-content\/uploads\/2024\/01\/top-5-artistas-mais-ouvidos-no-spotify-no-brasil-em-2023.jpg?fit=1200%2C630&ssl=1&resize=525%2C300 1.5x, https:\/\/i0.wp.com\/noticiasribeiraopreto.com.br\/wp-content\/uploads\/2024\/01\/top-5-artistas-mais-ouvidos-no-spotify-no-brasil-em-2023.jpg?fit=1200%2C630&ssl=1&resize=700%2C400 2x, https:\/\/i0.wp.com\/noticiasribeiraopreto.com.br\/wp-content\/uploads\/2024\/01\/top-5-artistas-mais-ouvidos-no-spotify-no-brasil-em-2023.jpg?fit=1200%2C630&ssl=1&resize=1050%2C600 3x"},"classes":[]}],"jetpack_sharing_enabled":true,"jetpack_shortlink":"https:\/\/wp.me\/peQAOb-26J","_links":{"self":[{"href":"https:\/\/noticiasribeiraopreto.com.br\/index.php\/wp-json\/wp\/v2\/posts\/8105","targetHints":{"allow":["GET"]}}],"collection":[{"href":"https:\/\/noticiasribeiraopreto.com.br\/index.php\/wp-json\/wp\/v2\/posts"}],"about":[{"href":"https:\/\/noticiasribeiraopreto.com.br\/index.php\/wp-json\/wp\/v2\/types\/post"}],"author":[{"embeddable":true,"href":"https:\/\/noticiasribeiraopreto.com.br\/index.php\/wp-json\/wp\/v2\/users\/1"}],"replies":[{"embeddable":true,"href":"https:\/\/noticiasribeiraopreto.com.br\/index.php\/wp-json\/wp\/v2\/comments?post=8105"}],"version-history":[{"count":0,"href":"https:\/\/noticiasribeiraopreto.com.br\/index.php\/wp-json\/wp\/v2\/posts\/8105\/revisions"}],"wp:featuredmedia":[{"embeddable":true,"href":"https:\/\/noticiasribeiraopreto.com.br\/index.php\/wp-json\/wp\/v2\/media\/8106"}],"wp:attachment":[{"href":"https:\/\/noticiasribeiraopreto.com.br\/index.php\/wp-json\/wp\/v2\/media?parent=8105"}],"wp:term":[{"taxonomy":"category","embeddable":true,"href":"https:\/\/noticiasribeiraopreto.com.br\/index.php\/wp-json\/wp\/v2\/categories?post=8105"},{"taxonomy":"post_tag","embeddable":true,"href":"https:\/\/noticiasribeiraopreto.com.br\/index.php\/wp-json\/wp\/v2\/tags?post=8105"}],"curies":[{"name":"wp","href":"https:\/\/api.w.org\/{rel}","templated":true}]}}