{"id":81062,"date":"2025-12-22T15:18:52","date_gmt":"2025-12-22T18:18:52","guid":{"rendered":"https:\/\/noticiasribeiraopreto.com.br\/index.php\/2025\/12\/22\/familia-de-jaboticabal-segue-desaparecida-desde-quinta-feira\/"},"modified":"2025-12-22T15:18:52","modified_gmt":"2025-12-22T18:18:52","slug":"familia-de-jaboticabal-segue-desaparecida-desde-quinta-feira","status":"publish","type":"post","link":"https:\/\/noticiasribeiraopreto.com.br\/index.php\/2025\/12\/22\/familia-de-jaboticabal-segue-desaparecida-desde-quinta-feira\/","title":{"rendered":"Fam\u00edlia de Jaboticabal segue desaparecida desde quinta-feira"},"content":{"rendered":"<div class='code-block code-block-1' style='margin: 8px 0 8px auto; text-align: right; display: block; clear: both;'>\n<p><a href=\"https:\/\/wa.link\/vpicfd\"><img data-recalc-dims=\"1\" class=\"wp-image-4922\" style=\"aspect-ratio: 2.0253164556962027; width: 561px; height: auto;\" src=\"https:\/\/i0.wp.com\/ismaelcolosi.com.br\/wp-content\/uploads\/2023\/11\/grupo-de-empregos-whatsapp-e-facebook-ismael-colosi-vagas.jpg?ssl=1\" alt=\"\" \/><\/a><\/p>\n<!-- \/wp:image -->\n<\/div>\n<p> <br \/>\n<\/p>\n<div id=\"\">&#13;<br \/>\n\t\t\t\t\t\t\t\t&#13;<\/p>\n<p>&#13;<br \/>\n\t\t\t\t\t\t\t\t\t<span class=\"entry-meta-item penci-posted-on\"><i class=\"fa fa-clock-o\"\/><time class=\"entry-date published updated\" datetime=\"2025-12-22T15:14:26-03:00\">22 de dezembro de 2025 15:14<\/time><\/span><span class=\"entry-meta-item penci-post-countview\"\/>\t\t\t\t\t\t\t\t<\/p>\n<p><!-- .entry-meta -->&#13;<br \/>\n\t\t\t\t\t\t\t\t<span class=\"penci-social-buttons penci-social-share-footer\"><span class=\"penci-social-share-text\">Compartilhar<\/span><a href=\"#\" class=\"penci-post-like penci_post-meta_item  single-like-button penci-social-item like\" data-post_id=\"449895\" title=\"Like\" data-like=\"Like\" data-unlike=\"Unlike\"><i class=\"fa fa-thumbs-o-up\"\/><span class=\"penci-share-number\">0<\/span><\/a><i class=\"fa fa-facebook\"\/><a class=\"penci-social-item twitter\" target=\"_blank\" rel=\"noopener\" title=\"\" href=\"https:\/\/twitter.com\/intent\/tweet?text=Fam\u00edlia%20de%20Jaboticabal%20segue%20desaparecida%20desde%20quinta-feira%20-%20https:\/\/www.tribunaribeirao.com.br\/familia-de-jaboticabal-segue-desaparecida-desde-quinta-feira\/\"><i class=\"fa fa-twitter\"\/><\/a><i class=\"fa fa-linkedin\"\/><i class=\"fa fa-whatsapp\"\/><i class=\"fa fa-telegram\"\/><i class=\"fa fa-envelope\"\/><\/span>\t\t\t\t\t\t\t<\/div>\n<div>\n<figure id=\"attachment_449897\" aria-describedby=\"caption-attachment-449897\" style=\"width: 230px\" class=\"wp-caption alignleft\"><img data-recalc-dims=\"1\" loading=\"lazy\" decoding=\"async\" class=\"size-medium wp-image-449897 lazyload\" src=\"https:\/\/i0.wp.com\/www.tribunaribeirao.com.br\/wp-content\/uploads\/2025\/12\/desaparecidos-230x300.jpg?resize=230%2C300&#038;ssl=1\" alt=\"\" width=\"230\" height=\"300\" srcset=\"https:\/\/www.tribunaribeirao.com.br\/wp-content\/uploads\/2025\/12\/desaparecidos-230x300.jpg 230w, https:\/\/www.tribunaribeirao.com.br\/wp-content\/uploads\/2025\/12\/desaparecidos-306x400.jpg 306w, https:\/\/www.tribunaribeirao.com.br\/wp-content\/uploads\/2025\/12\/desaparecidos.jpg 383w\" data-sizes=\"(max-width: 230px) 100vw, 230px\" style=\"--smush-placeholder-width: 230px; --smush-placeholder-aspect-ratio: 230\/300;\"\/><figcaption id=\"caption-attachment-449897\" class=\"wp-caption-text\">Sabrina Aparecida de Almeida Lima, de 27 anos, e os filhos de 10, 8 e 6 anos, que est\u00e3o desaparecidos<\/figcaption><\/figure>\n<p>O desaparecimento ganhou aten\u00e7\u00e3o das autoridades na manh\u00e3 desta segunda-feira (22), quando a Pol\u00edcia Civil realizou buscas em uma fazenda da regi\u00e3o. No local, foram encontrados roupas e cal\u00e7ados que seriam das v\u00edtimas.<\/p>\n<p>Sabrina Aparecida de Almeida Lima, de 27 anos, e os filhos, de 10, 8 e 6 anos, foram vistos pela \u00faltima vez na quinta-feira (18) da semana passada, no s\u00edtio onde moravam.<\/p>\n<p>A pol\u00edcia tomou conhecimento do desaparecimento ap\u00f3s um familiar de Sabrina comparecer \u00e0 delegacia no s\u00e1bado (20) para registrar um boletim de ocorr\u00eancia.<\/p>\n<p>O marido, Milton Gon\u00e7alves Filho, de 48 anos, prestou depoimento nesta segunda-feira na delegacia de Jaboticabal. Ele afirmou que a mulher era usu\u00e1ria de drogas, estaria em abstin\u00eancia e que costumava dizer que iria embora.<\/p>\n<p>Ainda segundo ele, no momento do desaparecimento, entrou no banho e, ao sair, a mulher j\u00e1 havia deixado o local com os tr\u00eas filhos.<\/p>\n<p>Equipes da Pol\u00edcia Civil, com apoio do Canil e do Corpo de Bombeiros, realizaram buscas em uma \u00e1rea rural. A per\u00edcia tamb\u00e9m foi acionada ap\u00f3s a Pol\u00edcia Militar encontrar manchas que aparentam ser de sangue no carro da fam\u00edlia.<\/p>\n<p>Familiares de Sabrina afirmaram que ela j\u00e1 foi usu\u00e1ria de drogas, mas estava h\u00e1 cerca de dez meses sem fazer uso de subst\u00e2ncias il\u00edcitas. Eles tamb\u00e9m relataram que o relacionamento do casal era conturbado e que o companheiro demonstrava ci\u00fames constantes.<\/p>\n<p>A Pol\u00edcia Civil segue investigando o caso.<\/p>\n<figure id=\"attachment_449898\" aria-describedby=\"caption-attachment-449898\" style=\"width: 300px\" class=\"wp-caption aligncenter\"><img data-recalc-dims=\"1\" loading=\"lazy\" decoding=\"async\" class=\"size-medium wp-image-449898 lazyload\" src=\"https:\/\/i0.wp.com\/www.tribunaribeirao.com.br\/wp-content\/uploads\/2025\/12\/WhatsApp-Image-2025-12-22-at-15.00.08-1-300x169.jpeg?resize=300%2C169&#038;ssl=1\" alt=\"\" width=\"300\" height=\"169\" srcset=\"https:\/\/www.tribunaribeirao.com.br\/wp-content\/uploads\/2025\/12\/WhatsApp-Image-2025-12-22-at-15.00.08-1-300x169.jpeg 300w, https:\/\/www.tribunaribeirao.com.br\/wp-content\/uploads\/2025\/12\/WhatsApp-Image-2025-12-22-at-15.00.08-1-1024x576.jpeg 1024w, https:\/\/www.tribunaribeirao.com.br\/wp-content\/uploads\/2025\/12\/WhatsApp-Image-2025-12-22-at-15.00.08-1-768x432.jpeg 768w, https:\/\/www.tribunaribeirao.com.br\/wp-content\/uploads\/2025\/12\/WhatsApp-Image-2025-12-22-at-15.00.08-1-1536x864.jpeg 1536w, https:\/\/www.tribunaribeirao.com.br\/wp-content\/uploads\/2025\/12\/WhatsApp-Image-2025-12-22-at-15.00.08-1-960x540.jpeg 960w, https:\/\/www.tribunaribeirao.com.br\/wp-content\/uploads\/2025\/12\/WhatsApp-Image-2025-12-22-at-15.00.08-1-711x400.jpeg 711w, https:\/\/www.tribunaribeirao.com.br\/wp-content\/uploads\/2025\/12\/WhatsApp-Image-2025-12-22-at-15.00.08-1-585x329.jpeg 585w, https:\/\/www.tribunaribeirao.com.br\/wp-content\/uploads\/2025\/12\/WhatsApp-Image-2025-12-22-at-15.00.08-1-scaled.jpeg 1200w\" data-sizes=\"(max-width: 300px) 100vw, 300px\" style=\"--smush-placeholder-width: 300px; --smush-placeholder-aspect-ratio: 300\/169;\"\/><figcaption id=\"caption-attachment-449898\" class=\"wp-caption-text\">\u00c1rea onde est\u00e3o sendo realizadas as buscas pela fam\u00edlia de Jaboticabal<\/figcaption><\/figure>\n<\/div>\n<p><script async src=\"\/\/platform.twitter.com\/widgets.js\" charset=\"utf-8\"><\/script><br \/>\n<br \/><br \/>\n<br \/><a href=\"https:\/\/www.tribunaribeirao.com.br\/familia-de-jaboticabal-segue-desaparecida-desde-quinta-feira\/\">Source link <\/a><\/p>\n<!-- CONTENT END 1 -->\n","protected":false},"excerpt":{"rendered":"<p>&#13; &#13; &#13; 22 de dezembro de 2025 15:14 &#13; Compartilhar0 Sabrina Aparecida de Almeida Lima, de 27 anos, e os filhos de 10, 8&#8230;<\/p>\n","protected":false},"author":1,"featured_media":81063,"comment_status":"open","ping_status":"open","sticky":false,"template":"","format":"standard","meta":{"advanced_seo_description":"","jetpack_seo_html_title":"","jetpack_seo_noindex":false,"jetpack_post_was_ever_published":false,"_jetpack_newsletter_access":"","_jetpack_dont_email_post_to_subs":false,"_jetpack_newsletter_tier_id":0,"_jetpack_memberships_contains_paywalled_content":false,"_jetpack_memberships_contains_paid_content":false,"footnotes":"","jetpack_publicize_message":"","jetpack_publicize_feature_enabled":true,"jetpack_social_post_already_shared":true,"jetpack_social_options":{"image_generator_settings":{"template":"highway","default_image_id":0,"font":"","enabled":false},"version":2}},"categories":[11],"tags":[],"class_list":["post-81062","post","type-post","status-publish","format-standard","has-post-thumbnail","hentry","category-noticias-de-ribeirao-preto-sp-e-regiao-ismael-colosi"],"jetpack_publicize_connections":[],"jetpack_featured_media_url":"https:\/\/i0.wp.com\/noticiasribeiraopreto.com.br\/wp-content\/uploads\/2025\/12\/familia-desaparecida.jpg?fit=800%2C500&ssl=1","jetpack-related-posts":[{"id":17543,"url":"https:\/\/noticiasribeiraopreto.com.br\/index.php\/2023\/12\/18\/pats-da-regiao-de-ribeirao-estao-com-diversas-vagas-disponiveis-veja-as-oportunidades\/","url_meta":{"origin":81062,"position":0},"title":"PATs da regi\u00e3o de Ribeir\u00e3o est\u00e3o com diversas vagas dispon\u00edveis; Veja as oportunidades","author":"noticiasribeiraopreto.com.br","date":"18 de December de 2023","format":false,"excerpt":"A Secretaria de Desenvolvimento Econ\u00f4mico do Estado de S\u00e3o Paulo informou, nesta segunda-feira-feira (18), que os Postos de Atendimento ao Trabalhador (PATs) est\u00e3o com 281 oportunidades de trabalho na regi\u00e3o de Ribeir\u00e3o Preto. Os interessados em concorrer alguma das vagas devem comparecer ao PAT das cidades com oportunidades, munidos com\u2026","rel":"","context":"In &quot;Not\u00edcias de Ribeir\u00e3o Preto-SP e Regi\u00e3o&quot;","block_context":{"text":"Not\u00edcias de Ribeir\u00e3o Preto-SP e Regi\u00e3o","link":"https:\/\/noticiasribeiraopreto.com.br\/index.php\/category\/noticias-de-ribeirao-preto-sp-e-regiao-ismael-colosi\/"},"img":{"alt_text":"","src":"https:\/\/i0.wp.com\/noticiasribeiraopreto.com.br\/wp-content\/uploads\/2023\/12\/vagas_pat_-_foto_guilherme_sircili_1-1068x711-1.jpg?fit=1068%2C711&ssl=1&resize=350%2C200","width":350,"height":200,"srcset":"https:\/\/i0.wp.com\/noticiasribeiraopreto.com.br\/wp-content\/uploads\/2023\/12\/vagas_pat_-_foto_guilherme_sircili_1-1068x711-1.jpg?fit=1068%2C711&ssl=1&resize=350%2C200 1x, https:\/\/i0.wp.com\/noticiasribeiraopreto.com.br\/wp-content\/uploads\/2023\/12\/vagas_pat_-_foto_guilherme_sircili_1-1068x711-1.jpg?fit=1068%2C711&ssl=1&resize=525%2C300 1.5x, https:\/\/i0.wp.com\/noticiasribeiraopreto.com.br\/wp-content\/uploads\/2023\/12\/vagas_pat_-_foto_guilherme_sircili_1-1068x711-1.jpg?fit=1068%2C711&ssl=1&resize=700%2C400 2x, https:\/\/i0.wp.com\/noticiasribeiraopreto.com.br\/wp-content\/uploads\/2023\/12\/vagas_pat_-_foto_guilherme_sircili_1-1068x711-1.jpg?fit=1068%2C711&ssl=1&resize=1050%2C600 3x"},"classes":[]},{"id":45319,"url":"https:\/\/noticiasribeiraopreto.com.br\/index.php\/2024\/04\/03\/a-procura-de-emprego-regiao-de-ribeirao-preto-esta-com-684-vagas-abertas-ribeirao-preto-e-franca-g1\/","url_meta":{"origin":81062,"position":1},"title":"\u00c0 procura de emprego? Regi\u00e3o de Ribeir\u00e3o Preto est\u00e1 com 684 vagas abertas | Ribeir\u00e3o Preto e Franca | G1","author":"noticiasribeiraopreto.com.br","date":"3 de April de 2024","format":false,"excerpt":"\u00c0 procura de emprego? Regi\u00e3o de Ribeir\u00e3o Preto est\u00e1 com 684 vagas abertas 1 de 1 Carteira de trabalho, em imagem de arquivo \u2014 Foto: Ag\u00eancia Bras\u00edlia Carteira de trabalho, em imagem de arquivo \u2014 Foto: Ag\u00eancia Bras\u00edlia Dez cidades das regi\u00f5es de Ribeir\u00e3o Preto (SP) e Franca (SP) est\u00e3o\u2026","rel":"","context":"In &quot;Vagas de Emprego em Ribeir\u00e3o Preto-SP&quot;","block_context":{"text":"Vagas de Emprego em Ribeir\u00e3o Preto-SP","link":"https:\/\/noticiasribeiraopreto.com.br\/index.php\/category\/empregos-classificados-vagas-trabalho\/vagas-de-empregos-em-ribeirao-preto-regiao-brasil\/"},"img":{"alt_text":"","src":"","width":0,"height":0},"classes":[]},{"id":24713,"url":"https:\/\/noticiasribeiraopreto.com.br\/index.php\/2024\/01\/04\/ribeirao-preto-e-regiao-tem-mais-de-400-vagas-de-emprego-veja-as-oportunidades-1\/","url_meta":{"origin":81062,"position":2},"title":"Ribeir\u00e3o Preto e regi\u00e3o\u00a0t\u00eam mais de 400 vagas de emprego; Veja as oportunidades","author":"noticiasribeiraopreto.com.br","date":"4 de January de 2024","format":false,"excerpt":"Os PATs (Postos de Atendimentos ao Trabalhador) da regi\u00e3o de Ribeir\u00e3o Preto est\u00e3o com mais de 400 vagas de emprego dispon\u00edveis nessa quinta-feira (4), de acordo com os dados da Secretaria de Desenvolvimento Econ\u00f4mico do Estado. As vagas s\u00e3o para diversos setores nas cidades de Barretos, Bebedouro, Ol\u00edmpia, Viradouro, Batatais,\u2026","rel":"","context":"In &quot;Not\u00edcias de Ribeir\u00e3o Preto-SP e Regi\u00e3o&quot;","block_context":{"text":"Not\u00edcias de Ribeir\u00e3o Preto-SP e Regi\u00e3o","link":"https:\/\/noticiasribeiraopreto.com.br\/index.php\/category\/noticias-de-ribeirao-preto-sp-e-regiao-ismael-colosi\/"},"img":{"alt_text":"","src":"https:\/\/i0.wp.com\/noticiasribeiraopreto.com.br\/wp-content\/uploads\/2024\/01\/vagas_de_500x320_07082018085735.jpg?fit=500%2C322&ssl=1&resize=350%2C200","width":350,"height":200},"classes":[]},{"id":28773,"url":"https:\/\/noticiasribeiraopreto.com.br\/index.php\/2024\/01\/16\/regiao-de-ribeirao-esta-com-mais-de-600-vagas-de-trabalho-vejas-as-oportunidades\/","url_meta":{"origin":81062,"position":3},"title":"Regi\u00e3o de Ribeir\u00e3o est\u00e1 com mais de 600 vagas de trabalho; Vejas as oportunidades","author":"noticiasribeiraopreto.com.br","date":"16 de January de 2024","format":false,"excerpt":"A regi\u00e3o de Ribeir\u00e3o Preto est\u00e1 com mais de 600 vagas de emprego, nesta ter\u00e7a-feira (16). As vagas est\u00e3o dispon\u00edveis nos PATs (Posto de Atendimento ao Trabalhador) das cidades, de acordo com a Secretaria de Desenvolvimento Econ\u00f4mico do Estado. As oportunidades est\u00e3o distribu\u00eddas em Barretos, Bebedouro, Gua\u00edra, Ol\u00edmpia, Batatais, Franca,\u2026","rel":"","context":"In &quot;Not\u00edcias de Ribeir\u00e3o Preto-SP e Regi\u00e3o&quot;","block_context":{"text":"Not\u00edcias de Ribeir\u00e3o Preto-SP e Regi\u00e3o","link":"https:\/\/noticiasribeiraopreto.com.br\/index.php\/category\/noticias-de-ribeirao-preto-sp-e-regiao-ismael-colosi\/"},"img":{"alt_text":"","src":"https:\/\/i0.wp.com\/noticiasribeiraopreto.com.br\/wp-content\/uploads\/2024\/01\/mutirao_do_emprego_caterp_pat_pei_-_foto_guilherme_sircili_6.jpg?fit=1200%2C799&ssl=1&resize=350%2C200","width":350,"height":200,"srcset":"https:\/\/i0.wp.com\/noticiasribeiraopreto.com.br\/wp-content\/uploads\/2024\/01\/mutirao_do_emprego_caterp_pat_pei_-_foto_guilherme_sircili_6.jpg?fit=1200%2C799&ssl=1&resize=350%2C200 1x, https:\/\/i0.wp.com\/noticiasribeiraopreto.com.br\/wp-content\/uploads\/2024\/01\/mutirao_do_emprego_caterp_pat_pei_-_foto_guilherme_sircili_6.jpg?fit=1200%2C799&ssl=1&resize=525%2C300 1.5x, https:\/\/i0.wp.com\/noticiasribeiraopreto.com.br\/wp-content\/uploads\/2024\/01\/mutirao_do_emprego_caterp_pat_pei_-_foto_guilherme_sircili_6.jpg?fit=1200%2C799&ssl=1&resize=700%2C400 2x, https:\/\/i0.wp.com\/noticiasribeiraopreto.com.br\/wp-content\/uploads\/2024\/01\/mutirao_do_emprego_caterp_pat_pei_-_foto_guilherme_sircili_6.jpg?fit=1200%2C799&ssl=1&resize=1050%2C600 3x"},"classes":[]},{"id":34007,"url":"https:\/\/noticiasribeiraopreto.com.br\/index.php\/2024\/01\/31\/ribeirao-e-regiao-tem-mais-de-mil-vagas-de-emprego-veja-as-oportunidades\/","url_meta":{"origin":81062,"position":4},"title":"Ribeir\u00e3o e regi\u00e3o t\u00eam mais de mil vagas de emprego; Veja as oportunidades","author":"noticiasribeiraopreto.com.br","date":"31 de January de 2024","format":false,"excerpt":"Os Postos de Atendimento ao Trabalhador (PATs) da regi\u00e3o de Ribeir\u00e3o Preto est\u00e3o com 1.279 vagas de emprego, de acordo com a Secretaria de Desenvolvimento Econ\u00f4mico do Estado de S\u00e3o Paulo. Entre as oportunidades est\u00e3o vagas para T\u00e9cnico de Enfermagem, Pizzaiolo, Administrador e Professor de Educa\u00e7\u00e3o F\u00edsica para o Ensino\u2026","rel":"","context":"In &quot;Not\u00edcias de Ribeir\u00e3o Preto-SP e Regi\u00e3o&quot;","block_context":{"text":"Not\u00edcias de Ribeir\u00e3o Preto-SP e Regi\u00e3o","link":"https:\/\/noticiasribeiraopreto.com.br\/index.php\/category\/noticias-de-ribeirao-preto-sp-e-regiao-ismael-colosi\/"},"img":{"alt_text":"","src":"https:\/\/i0.wp.com\/noticiasribeiraopreto.com.br\/wp-content\/uploads\/2024\/01\/carteira_de_1024x576_27092020203402.jpg?fit=1024%2C576&ssl=1&resize=350%2C200","width":350,"height":200,"srcset":"https:\/\/i0.wp.com\/noticiasribeiraopreto.com.br\/wp-content\/uploads\/2024\/01\/carteira_de_1024x576_27092020203402.jpg?fit=1024%2C576&ssl=1&resize=350%2C200 1x, https:\/\/i0.wp.com\/noticiasribeiraopreto.com.br\/wp-content\/uploads\/2024\/01\/carteira_de_1024x576_27092020203402.jpg?fit=1024%2C576&ssl=1&resize=525%2C300 1.5x, https:\/\/i0.wp.com\/noticiasribeiraopreto.com.br\/wp-content\/uploads\/2024\/01\/carteira_de_1024x576_27092020203402.jpg?fit=1024%2C576&ssl=1&resize=700%2C400 2x"},"classes":[]},{"id":44275,"url":"https:\/\/noticiasribeiraopreto.com.br\/index.php\/2024\/03\/26\/esta-buscando-uma-oportunidade-regiao-de-ribeirao-tem-mais-de-700-vagas-de-emprego\/","url_meta":{"origin":81062,"position":5},"title":"Est\u00e1 buscando uma oportunidade? Regi\u00e3o de Ribeir\u00e3o tem mais de 700 vagas de emprego","author":"noticiasribeiraopreto.com.br","date":"26 de March de 2024","format":false,"excerpt":"Os Postos de Atendimento ao Trabalhador (PATs) da regi\u00e3o de Ribeir\u00e3o Preto est\u00e3o com 729 oportunidades de emprego, de acordo com a Secretaria de Desenvolvimento Econ\u00f4mico do Estado de S\u00e3o Paulo. As vagas s\u00e3o para diversos setores nas cidades de Ribeir\u00e3o Preto, Barretos, Bebedouro, Gua\u00edra, Batatais, Franca, Ituverava, Orl\u00e2ndia, Jardin\u00f3polis,\u2026","rel":"","context":"In &quot;Not\u00edcias de Ribeir\u00e3o Preto-SP e Regi\u00e3o&quot;","block_context":{"text":"Not\u00edcias de Ribeir\u00e3o Preto-SP e Regi\u00e3o","link":"https:\/\/noticiasribeiraopreto.com.br\/index.php\/category\/noticias-de-ribeirao-preto-sp-e-regiao-ismael-colosi\/"},"img":{"alt_text":"","src":"https:\/\/i0.wp.com\/noticiasribeiraopreto.com.br\/wp-content\/uploads\/2024\/03\/vagas_pat_-_foto_guilherme_sircili_1-1068x711-1.jpg?fit=1068%2C711&ssl=1&resize=350%2C200","width":350,"height":200,"srcset":"https:\/\/i0.wp.com\/noticiasribeiraopreto.com.br\/wp-content\/uploads\/2024\/03\/vagas_pat_-_foto_guilherme_sircili_1-1068x711-1.jpg?fit=1068%2C711&ssl=1&resize=350%2C200 1x, https:\/\/i0.wp.com\/noticiasribeiraopreto.com.br\/wp-content\/uploads\/2024\/03\/vagas_pat_-_foto_guilherme_sircili_1-1068x711-1.jpg?fit=1068%2C711&ssl=1&resize=525%2C300 1.5x, https:\/\/i0.wp.com\/noticiasribeiraopreto.com.br\/wp-content\/uploads\/2024\/03\/vagas_pat_-_foto_guilherme_sircili_1-1068x711-1.jpg?fit=1068%2C711&ssl=1&resize=700%2C400 2x, https:\/\/i0.wp.com\/noticiasribeiraopreto.com.br\/wp-content\/uploads\/2024\/03\/vagas_pat_-_foto_guilherme_sircili_1-1068x711-1.jpg?fit=1068%2C711&ssl=1&resize=1050%2C600 3x"},"classes":[]}],"jetpack_sharing_enabled":true,"jetpack_shortlink":"https:\/\/wp.me\/peQAOb-l5s","_links":{"self":[{"href":"https:\/\/noticiasribeiraopreto.com.br\/index.php\/wp-json\/wp\/v2\/posts\/81062","targetHints":{"allow":["GET"]}}],"collection":[{"href":"https:\/\/noticiasribeiraopreto.com.br\/index.php\/wp-json\/wp\/v2\/posts"}],"about":[{"href":"https:\/\/noticiasribeiraopreto.com.br\/index.php\/wp-json\/wp\/v2\/types\/post"}],"author":[{"embeddable":true,"href":"https:\/\/noticiasribeiraopreto.com.br\/index.php\/wp-json\/wp\/v2\/users\/1"}],"replies":[{"embeddable":true,"href":"https:\/\/noticiasribeiraopreto.com.br\/index.php\/wp-json\/wp\/v2\/comments?post=81062"}],"version-history":[{"count":0,"href":"https:\/\/noticiasribeiraopreto.com.br\/index.php\/wp-json\/wp\/v2\/posts\/81062\/revisions"}],"wp:featuredmedia":[{"embeddable":true,"href":"https:\/\/noticiasribeiraopreto.com.br\/index.php\/wp-json\/wp\/v2\/media\/81063"}],"wp:attachment":[{"href":"https:\/\/noticiasribeiraopreto.com.br\/index.php\/wp-json\/wp\/v2\/media?parent=81062"}],"wp:term":[{"taxonomy":"category","embeddable":true,"href":"https:\/\/noticiasribeiraopreto.com.br\/index.php\/wp-json\/wp\/v2\/categories?post=81062"},{"taxonomy":"post_tag","embeddable":true,"href":"https:\/\/noticiasribeiraopreto.com.br\/index.php\/wp-json\/wp\/v2\/tags?post=81062"}],"curies":[{"name":"wp","href":"https:\/\/api.w.org\/{rel}","templated":true}]}}