{"id":81066,"date":"2025-12-23T00:21:29","date_gmt":"2025-12-23T03:21:29","guid":{"rendered":"https:\/\/noticiasribeiraopreto.com.br\/index.php\/2025\/12\/23\/estudo-aponta-melhorias-no-transporte-coletivo-na-sinalizacao-e-na-iluminacao-da-avenida-do-cafe\/"},"modified":"2025-12-23T00:21:29","modified_gmt":"2025-12-23T03:21:29","slug":"estudo-aponta-melhorias-no-transporte-coletivo-na-sinalizacao-e-na-iluminacao-da-avenida-do-cafe","status":"publish","type":"post","link":"https:\/\/noticiasribeiraopreto.com.br\/index.php\/2025\/12\/23\/estudo-aponta-melhorias-no-transporte-coletivo-na-sinalizacao-e-na-iluminacao-da-avenida-do-cafe\/","title":{"rendered":"Estudo aponta melhorias no transporte coletivo, na sinaliza\u00e7\u00e3o e na ilumina\u00e7\u00e3o da avenida do Caf\u00e9"},"content":{"rendered":"<div class='code-block code-block-1' style='margin: 8px 0 8px auto; text-align: right; display: block; clear: both;'>\n<p><a href=\"https:\/\/wa.link\/vpicfd\"><img data-recalc-dims=\"1\" class=\"wp-image-4922\" style=\"aspect-ratio: 2.0253164556962027; width: 561px; height: auto;\" src=\"https:\/\/i0.wp.com\/ismaelcolosi.com.br\/wp-content\/uploads\/2023\/11\/grupo-de-empregos-whatsapp-e-facebook-ismael-colosi-vagas.jpg?ssl=1\" alt=\"\" \/><\/a><\/p>\n<!-- \/wp:image -->\n<\/div>\n<p> <br \/>\n<\/p>\n<div>\n<p>A <strong>Associa\u00e7\u00e3o Comercial e Industrial de Ribeir\u00e3o Preto (Acirp) <\/strong>apresentou \u00e0 <strong>Prefeitura de Ribeir\u00e3o Preto<\/strong> um conjunto de propostas para a requalifica\u00e7\u00e3o da<strong> avenida do Caf\u00e9<\/strong>, uma das principais vias da cidade.<\/p>\n<p>De acordo com a entidade, mesmo ap\u00f3s as interven\u00e7\u00f5es realizadas na via durante a gest\u00e3o anterior, <strong>o local ainda enfrenta desafios para a completa retomada de sua funcionalidade.<\/strong><\/p>\n<p>Conforme a <strong>Acirp<\/strong>, entre os pontos de melhoria na avenida est\u00e3o <strong>transporte coletivo<\/strong>, <strong>sinaliza\u00e7\u00e3o de retornos<\/strong>, <strong>ilumina\u00e7\u00e3o noturna<\/strong>, <strong>seguran\u00e7a<\/strong>, <strong>manuten\u00e7\u00e3o<\/strong> e <strong>visibilidade da ciclovia<\/strong>.<\/p>\n<p>As sugest\u00f5es foram elaboradas a partir de um estudo baseado na percep\u00e7\u00e3o de usu\u00e1rios e comerciantes da regi\u00e3o, conduzido pela arquiteta Nathalia Balzuweit Lopes.<\/p>\n<figure class=\"wp-block-pullquote\">\n<blockquote>\n<p>O diagn\u00f3stico da Acirp nos d\u00e1 uma base s\u00f3lida para avan\u00e7ar em solu\u00e7\u00f5es efetivas junto ao poder p\u00fablico<\/p>\n<p><cite>disse Sandra Brandani, presidente da Acirp<\/cite><\/p><\/blockquote>\n<\/figure>\n<p>Vale lembrar que no \u00faltimo dia 10 de dezembro, a entidade j\u00e1 havia encaminhado \u00e0 Prefeitura um conjunto de propostas voltadas \u00e0 revitaliza\u00e7\u00e3o das avenidas Caramuru e \u00c1lvaro de Lima.<\/p>\n<div class=\"wp-block-image\">\n<figure class=\"aligncenter size-full is-resized\"><img data-recalc-dims=\"1\" decoding=\"async\" src=\"https:\/\/i0.wp.com\/cdn.media-acidadeon.com.br\/ribeiraopreto\/wp-content\/uploads\/sites\/3\/2023\/08\/inshot_20221014_090459621.jpg?ssl=1\" alt=\"Avenida do Caf\u00e9, em Ribeir\u00e3o Preto - Foto: CCS \/ Divulga\u00e7\u00e3o.\" class=\"wp-image-29385\" style=\"width:654px\" title=\"Estudo aponta melhorias no transporte coletivo, na sinaliza\u00e7\u00e3o e na ilumina\u00e7\u00e3o da avenida do Caf\u00e9 1\"\/><figcaption class=\"wp-element-caption\">Avenida do Caf\u00e9, em Ribeir\u00e3o Preto \u2013 Foto: CCS \/ Divulga\u00e7\u00e3o.<\/figcaption><\/figure>\n<\/div>\n<h2 class=\"wp-block-heading\"><strong>Corredores de \u00f4nibus e sinaliza\u00e7\u00e3o de retornos<\/strong><\/h2>\n<p>Conforme nota emitida pela associa\u00e7\u00e3o, foi identificado que o <strong>corredor de \u00f4nibus<\/strong> instalada na avenida do Caf\u00e9 possui infraestrutura adequada, no entanto, \u00e9 \u201cpouco aproveitado devido \u00e0 baixa frequ\u00eancia das linhas 904, 499 e 399, especialmente \u00e0 noite\u201d.<\/p>\n<p>\u201cA circula\u00e7\u00e3o reduzida ap\u00f3s as 19h afeta trabalhadores e moradores da regi\u00e3o, com relatos de espera de at\u00e9 duas horas em determinados per\u00edodos. A entidade sugere amplia\u00e7\u00e3o da oferta de hor\u00e1rios e integra\u00e7\u00e3o mais eficiente entre as linhas\u201d, disse o Acirp. <strong>Outro ponto levantado \u00e9 a necessidade de melhorar a orienta\u00e7\u00e3o dos motoristas.<\/strong><\/p>\n<figure class=\"wp-block-pullquote\">\n<blockquote>\n<p>Com menos retornos ao longo da via ap\u00f3s as reformas mais recentes, a avenida enfrenta dificuldade de locomo\u00e7\u00e3o de ve\u00edculos e pedestres, com aumento do percurso e um desest\u00edmulo ao fluxo econ\u00f4mico local<\/p>\n<p><cite>Acirp<\/cite><\/p><\/blockquote>\n<\/figure>\n<p>Entre as recomenda\u00e7\u00f5es indicados est\u00e3o a melhoria da sinaliza\u00e7\u00e3o dos retornos e aprimoramento das orienta\u00e7\u00f5es para trajetos alternativos.<\/p>\n<div class=\"wp-block-image\">\n<figure class=\"aligncenter size-full is-resized\"><img data-recalc-dims=\"1\" decoding=\"async\" src=\"https:\/\/i0.wp.com\/cdn.media-acidadeon.com.br\/ribeiraopreto\/wp-content\/uploads\/sites\/3\/2023\/10\/avenida_cafe_1024x576_18122020190706.jpg?ssl=1\" alt=\"Corredor de \u00f4nibus na avenida do Caf\u00e9 - Foto: Weber Sian\/ACidade ON.\" class=\"wp-image-56027\" style=\"width:654px\" title=\"Estudo aponta melhorias no transporte coletivo, na sinaliza\u00e7\u00e3o e na ilumina\u00e7\u00e3o da avenida do Caf\u00e9 2\"\/><figcaption class=\"wp-element-caption\">Corredor de \u00f4nibus na avenida do Caf\u00e9 \u2013 Foto: Weber Sian\/ACidade ON.<\/figcaption><\/figure>\n<\/div>\n<h2 class=\"wp-block-heading\"><strong>Seguran\u00e7a na avenida do Caf\u00e9<\/strong><\/h2>\n<p>Ainda de acordo com o relat\u00f3rio, a avenida apresenta <strong>grande fluxo de pedestres e ve\u00edculos <\/strong>devido \u00e0 proximidade com a USP (universidade de S\u00e3o Paulo) e circuito de bares e restaurante, contudo, <strong><mark style=\"background-color:#fcb900\" class=\"has-inline-color\">a ilumina\u00e7\u00e3o insuficiente gera relatos de sensa\u00e7\u00e3o de inseguran\u00e7a.<\/mark><\/strong><\/p>\n<p>Por esse motivo, a <strong>Acirp <\/strong>\u201crefor\u00e7a a import\u00e2ncia do uso de luzes mais potentes e de avan\u00e7o ligeiro na substitui\u00e7\u00e3o por l\u00e2mpadas LED\u201d \u2013 o servi\u00e7o est\u00e1 sendo realizado pela Conecta Ribeir\u00e3o e no dia 12 de dezembro, come\u00e7ou a instalar o novo sistema no Centro da cidade.<\/p>\n<p>Al\u00e9m disso, a associa\u00e7\u00e3o aponta que comerciantes da avenida informaram que <strong>t\u00eam investido em c\u00e2meras pr\u00f3prias para seguran\u00e7a<\/strong>, \u201cdiante disso, a associa\u00e7\u00e3o prop\u00f5e que o poder p\u00fablico avalie formas de integrar esse monitoramento \u00e0s a\u00e7\u00f5es de seguran\u00e7a, al\u00e9m de intensificar a presen\u00e7a da Guarda Municipal e da Pol\u00edcia Militar nos hor\u00e1rios de maior movimento para aumentar a supervis\u00e3o da regi\u00e3o\u201d.<\/p>\n<figure class=\"wp-block-pullquote\">\n<blockquote>\n<p>A uni\u00e3o de esfor\u00e7os p\u00fablicos e privados pode contribuir para diminuir atos de vandalismo e tamb\u00e9m para valorizar o espa\u00e7o urbano da avenida, trazendo uma sensa\u00e7\u00e3o de seguran\u00e7a maior para todos<\/p>\n<p><cite>aponta Larissa Eiras, gerente institucional da Acirp<\/cite><\/p><\/blockquote>\n<\/figure>\n<p><mark style=\"background-color:#fcb900\" class=\"has-inline-color\">Na avenida, tamb\u00e9m foram identificados diversos pontos em que a <strong>visibilidade e a seguran\u00e7a<\/strong> s\u00e3o prejudicadas devido \u00e0 falta de manuten\u00e7\u00e3o das \u00e1rvores do canteiro central.<\/mark><\/p>\n<p>\u201cO pedido da Acirp \u00e9 para que a poda e a remo\u00e7\u00e3o de obst\u00e1culos sejam mais frequentes, com monitoramento cont\u00ednuo dos trechos mais cr\u00edticos\u201d, finaliza a entidade.<\/p>\n<div class=\"wp-block-image\">\n<figure class=\"aligncenter size-full is-resized\"><img data-recalc-dims=\"1\" fetchpriority=\"high\" decoding=\"async\" width=\"696\" height=\"409\" src=\"https:\/\/i0.wp.com\/cdn.media-acidadeon.com.br\/ribeiraopreto\/wp-content\/uploads\/sites\/3\/2024\/03\/AnyConv.com__acirp.webp?resize=696%2C409&#038;ssl=1\" alt=\"Pal\u00e1cio da Ind\u00fastria e Com\u00e9rcio, sede da Acirp - Foto: divulga\u00e7\u00e3o\/Facesp.\" class=\"wp-image-72070\" style=\"width:654px\" title=\"Estudo aponta melhorias no transporte coletivo, na sinaliza\u00e7\u00e3o e na ilumina\u00e7\u00e3o da avenida do Caf\u00e9 3\" srcset=\"https:\/\/cdn.media-acidadeon.com.br\/ribeiraopreto\/wp-content\/uploads\/sites\/3\/2024\/03\/AnyConv.com__acirp.webp 696w, https:\/\/cdn.media-acidadeon.com.br\/ribeiraopreto\/wp-content\/uploads\/sites\/3\/2024\/03\/AnyConv.com__acirp-300x176.webp 300w\" sizes=\"(max-width: 696px) 100vw, 696px\"\/><figcaption class=\"wp-element-caption\">Pal\u00e1cio da Ind\u00fastria e Com\u00e9rcio, sede da Acirp \u2013 Foto: divulga\u00e7\u00e3o\/ Facesp.<\/figcaption><\/figure>\n<\/div>\n<hr class=\"wp-block-separator has-alpha-channel-opacity\"\/>\n<p>SAIBA MAIS<\/p>\n<p>Tr\u00eas s\u00e3o presos suspeitos de integrar quadrilha que roubava fazendas de caf\u00e9<\/p>\n<h2 class=\"wp-block-heading\"><strong>FIQUE ON<\/strong><\/h2>\n<p>Fique ligado em tudo que acontece em Ribeir\u00e3o Preto e regi\u00e3o. Siga os perfis do\u00a0<strong>acidade on\u00a0<\/strong>no<a href=\"https:\/\/www.instagram.com\/acidadeonribeirao\" target=\"_blank\" rel=\"noreferrer noopener\">\u00a0Instagram<\/a>\u00a0e no\u00a0<a href=\"https:\/\/www.facebook.com\/acidadeonribeirao\/\" target=\"_blank\" rel=\"noreferrer noopener\">Facebook<\/a>.<\/p>\n<p>Receba not\u00edcias do\u00a0<strong>acidade on<\/strong>\u00a0no WhatsApp. Para entrar no grupo,\u00a0basta\u00a0<a href=\"https:\/\/chat.whatsapp.com\/GFH9HUMUTHNFJdnyEd0xxq\" target=\"_blank\" rel=\"noreferrer noopener\">clicar aqui<\/a>. Ou, acesse o nosso\u00a0Canal\u00a0<a href=\"https:\/\/whatsapp.com\/channel\/0029Vb6IQl1JENyAeS57fk2p\" target=\"_blank\" rel=\"noreferrer noopener\">clicando aqui<\/a>.<\/p>\n<p>Fa\u00e7a uma den\u00fancia ou sugira uma reportagem sobre Ribeir\u00e3o Preto e regi\u00e3o pelo WhatsApp: 16 99117 7802.<\/p>\n<p>VEJA TAMB\u00c9M<\/p>\n<p>Infinite Icon: quando estreia o novo document\u00e1rio de Paris Hilton?<\/p>\n<p><!-- AI CONTENT END 1 -->\n<\/div>\n<p><script async src=\"\/\/www.instagram.com\/embed.js\"><\/script><br \/>\n<br \/><br \/>\n<br \/><a href=\"https:\/\/www.acidadeon.com\/ribeiraopreto\/cotidiano\/estudo-aponta-melhorias-no-transporte-coletivo-na-sinalizacao-e-na-iluminacao-da-avenida-do-cafe\/\">Source link <\/a><\/p>\n<!-- CONTENT END 1 -->\n","protected":false},"excerpt":{"rendered":"<p>A Associa\u00e7\u00e3o Comercial e Industrial de Ribeir\u00e3o Preto (Acirp) apresentou \u00e0 Prefeitura de Ribeir\u00e3o Preto um conjunto de propostas para a requalifica\u00e7\u00e3o da avenida do&#8230;<\/p>\n","protected":false},"author":1,"featured_media":81067,"comment_status":"open","ping_status":"open","sticky":false,"template":"","format":"standard","meta":{"advanced_seo_description":"","jetpack_seo_html_title":"","jetpack_seo_noindex":false,"jetpack_post_was_ever_published":false,"_jetpack_newsletter_access":"","_jetpack_dont_email_post_to_subs":false,"_jetpack_newsletter_tier_id":0,"_jetpack_memberships_contains_paywalled_content":false,"_jetpack_memberships_contains_paid_content":false,"footnotes":"","jetpack_publicize_message":"","jetpack_publicize_feature_enabled":true,"jetpack_social_post_already_shared":true,"jetpack_social_options":{"image_generator_settings":{"template":"highway","default_image_id":0,"font":"","enabled":false},"version":2}},"categories":[11],"tags":[],"class_list":["post-81066","post","type-post","status-publish","format-standard","has-post-thumbnail","hentry","category-noticias-de-ribeirao-preto-sp-e-regiao-ismael-colosi"],"jetpack_publicize_connections":[],"jetpack_featured_media_url":"https:\/\/i0.wp.com\/noticiasribeiraopreto.com.br\/wp-content\/uploads\/2025\/12\/dcb5a059-947d-4cad-a902-f87691c4875e_2025-12-22_17-41-05.webp.webp?fit=1200%2C618&ssl=1","jetpack-related-posts":[{"id":81216,"url":"https:\/\/noticiasribeiraopreto.com.br\/index.php\/2025\/12\/28\/levantamento-aponta-problemas-estruturais-e-ambientais-no-calcadao-de-ribeirao-preto-veja-os-principais\/","url_meta":{"origin":81066,"position":0},"title":"Levantamento aponta problemas estruturais e ambientais no Cal\u00e7ad\u00e3o de Ribeir\u00e3o Preto; Veja os principais","author":"noticiasribeiraopreto.com.br","date":"28 de December de 2025","format":false,"excerpt":"A Associa\u00e7\u00e3o Comercial e Industrial de Ribeir\u00e3o Preto (Acirp) informou que protocolou um relat\u00f3rio t\u00e9cnico junto a Prefeitura Municipal que aponta problemas estruturais e ambientais no Cal\u00e7ad\u00e3o da rua General Os\u00f3rio, no Centro da cidade. A proposta, de acordo com o \u00f3rg\u00e3o, tem como objetivo melhorar a \u00e1rea, local com\u2026","rel":"","context":"In &quot;Not\u00edcias de Ribeir\u00e3o Preto-SP e Regi\u00e3o&quot;","block_context":{"text":"Not\u00edcias de Ribeir\u00e3o Preto-SP e Regi\u00e3o","link":"https:\/\/noticiasribeiraopreto.com.br\/index.php\/category\/noticias-de-ribeirao-preto-sp-e-regiao-ismael-colosi\/"},"img":{"alt_text":"","src":"https:\/\/i0.wp.com\/noticiasribeiraopreto.com.br\/wp-content\/uploads\/2025\/12\/calcadao_ribeirao_1200x675_28102021115733-1.jpg?fit=1200%2C675&ssl=1&resize=350%2C200","width":350,"height":200,"srcset":"https:\/\/i0.wp.com\/noticiasribeiraopreto.com.br\/wp-content\/uploads\/2025\/12\/calcadao_ribeirao_1200x675_28102021115733-1.jpg?fit=1200%2C675&ssl=1&resize=350%2C200 1x, https:\/\/i0.wp.com\/noticiasribeiraopreto.com.br\/wp-content\/uploads\/2025\/12\/calcadao_ribeirao_1200x675_28102021115733-1.jpg?fit=1200%2C675&ssl=1&resize=525%2C300 1.5x, https:\/\/i0.wp.com\/noticiasribeiraopreto.com.br\/wp-content\/uploads\/2025\/12\/calcadao_ribeirao_1200x675_28102021115733-1.jpg?fit=1200%2C675&ssl=1&resize=700%2C400 2x, https:\/\/i0.wp.com\/noticiasribeiraopreto.com.br\/wp-content\/uploads\/2025\/12\/calcadao_ribeirao_1200x675_28102021115733-1.jpg?fit=1200%2C675&ssl=1&resize=1050%2C600 3x"},"classes":[]},{"id":80693,"url":"https:\/\/noticiasribeiraopreto.com.br\/index.php\/2025\/12\/11\/acirp-aponta-problemas-de-infraestrutura-e-seguranca-e-propoe-requalificacao-da-caramuru-e-alvaro-de-lima\/","url_meta":{"origin":81066,"position":1},"title":"Acirp aponta problemas de infraestrutura e seguran\u00e7a e prop\u00f5e requalifica\u00e7\u00e3o da Caramuru e \u00c1lvaro de Lima","author":"noticiasribeiraopreto.com.br","date":"11 de December de 2025","format":false,"excerpt":"A Associa\u00e7\u00e3o Comercial e Industrial de Ribeir\u00e3o Preto (Acirp) encaminhou \u00e0 Prefeitura um conjunto de propostas voltadas \u00e0 revitaliza\u00e7\u00e3o das avenidas Caramuru e \u00c1lvaro de Lima. De acordo com a entidade, o documento foi elaborado a partir dos problemas identificados nas vias, como falhas de infraestrutura, sensa\u00e7\u00e3o de inseguran\u00e7a e\u2026","rel":"","context":"In &quot;Not\u00edcias de Ribeir\u00e3o Preto-SP e Regi\u00e3o&quot;","block_context":{"text":"Not\u00edcias de Ribeir\u00e3o Preto-SP e Regi\u00e3o","link":"https:\/\/noticiasribeiraopreto.com.br\/index.php\/category\/noticias-de-ribeirao-preto-sp-e-regiao-ismael-colosi\/"},"img":{"alt_text":"","src":"https:\/\/i0.wp.com\/noticiasribeiraopreto.com.br\/wp-content\/uploads\/2025\/12\/1280-x-659-header-Foto-Acirp-20-1_2025-12-10_19-37-32.webp.webp?fit=1200%2C618&ssl=1&resize=350%2C200","width":350,"height":200,"srcset":"https:\/\/i0.wp.com\/noticiasribeiraopreto.com.br\/wp-content\/uploads\/2025\/12\/1280-x-659-header-Foto-Acirp-20-1_2025-12-10_19-37-32.webp.webp?fit=1200%2C618&ssl=1&resize=350%2C200 1x, https:\/\/i0.wp.com\/noticiasribeiraopreto.com.br\/wp-content\/uploads\/2025\/12\/1280-x-659-header-Foto-Acirp-20-1_2025-12-10_19-37-32.webp.webp?fit=1200%2C618&ssl=1&resize=525%2C300 1.5x, https:\/\/i0.wp.com\/noticiasribeiraopreto.com.br\/wp-content\/uploads\/2025\/12\/1280-x-659-header-Foto-Acirp-20-1_2025-12-10_19-37-32.webp.webp?fit=1200%2C618&ssl=1&resize=700%2C400 2x, https:\/\/i0.wp.com\/noticiasribeiraopreto.com.br\/wp-content\/uploads\/2025\/12\/1280-x-659-header-Foto-Acirp-20-1_2025-12-10_19-37-32.webp.webp?fit=1200%2C618&ssl=1&resize=1050%2C600 3x"},"classes":[]},{"id":76818,"url":"https:\/\/noticiasribeiraopreto.com.br\/index.php\/2025\/09\/05\/motoristas-denunciam-postes-de-iluminacao-e-sinalizacao-danificados-em-ribeirao-preto\/","url_meta":{"origin":81066,"position":2},"title":"Motoristas denunciam postes de ilumina\u00e7\u00e3o e sinaliza\u00e7\u00e3o danificados em Ribeir\u00e3o Preto","author":"noticiasribeiraopreto.com.br","date":"5 de September de 2025","format":false,"excerpt":"Motoristas e pedestres que circulam por avenidas de Ribeir\u00e3o Preto denunciam riscos devido a postes de ilumina\u00e7\u00e3o e sinaliza\u00e7\u00e3o danificados. Segundo a RP Mobi, respons\u00e1vel pela sinaliza\u00e7\u00e3o, entre janeiro e maio de 2025 foram instalados 246 postes met\u00e1licos de sinaliza\u00e7\u00e3o na cidade, incluindo substitui\u00e7\u00f5es e novas implanta\u00e7\u00f5es. Av. Her\u00e1clito Fontoura\u2026","rel":"","context":"In &quot;Not\u00edcias de Ribeir\u00e3o Preto-SP e Regi\u00e3o&quot;","block_context":{"text":"Not\u00edcias de Ribeir\u00e3o Preto-SP e Regi\u00e3o","link":"https:\/\/noticiasribeiraopreto.com.br\/index.php\/category\/noticias-de-ribeirao-preto-sp-e-regiao-ismael-colosi\/"},"img":{"alt_text":"","src":"https:\/\/i0.wp.com\/noticiasribeiraopreto.com.br\/wp-content\/uploads\/2025\/09\/Copia-de-Copia-de-Copia-de-TAMANHO-EXATO-PARA-FOTOS-NO-SISTEMA-NOVO-2025-09-05T153150.891_2025-09-05_18-59-37.webp.webp?fit=1200%2C675&ssl=1&resize=350%2C200","width":350,"height":200,"srcset":"https:\/\/i0.wp.com\/noticiasribeiraopreto.com.br\/wp-content\/uploads\/2025\/09\/Copia-de-Copia-de-Copia-de-TAMANHO-EXATO-PARA-FOTOS-NO-SISTEMA-NOVO-2025-09-05T153150.891_2025-09-05_18-59-37.webp.webp?fit=1200%2C675&ssl=1&resize=350%2C200 1x, https:\/\/i0.wp.com\/noticiasribeiraopreto.com.br\/wp-content\/uploads\/2025\/09\/Copia-de-Copia-de-Copia-de-TAMANHO-EXATO-PARA-FOTOS-NO-SISTEMA-NOVO-2025-09-05T153150.891_2025-09-05_18-59-37.webp.webp?fit=1200%2C675&ssl=1&resize=525%2C300 1.5x, https:\/\/i0.wp.com\/noticiasribeiraopreto.com.br\/wp-content\/uploads\/2025\/09\/Copia-de-Copia-de-Copia-de-TAMANHO-EXATO-PARA-FOTOS-NO-SISTEMA-NOVO-2025-09-05T153150.891_2025-09-05_18-59-37.webp.webp?fit=1200%2C675&ssl=1&resize=700%2C400 2x, https:\/\/i0.wp.com\/noticiasribeiraopreto.com.br\/wp-content\/uploads\/2025\/09\/Copia-de-Copia-de-Copia-de-TAMANHO-EXATO-PARA-FOTOS-NO-SISTEMA-NOVO-2025-09-05T153150.891_2025-09-05_18-59-37.webp.webp?fit=1200%2C675&ssl=1&resize=1050%2C600 3x"},"classes":[]},{"id":55495,"url":"https:\/\/noticiasribeiraopreto.com.br\/index.php\/2024\/08\/02\/regiao-da-avenida-dom-pedro-i-ganha-novas-vagas-de-area-azul-veja-onde\/","url_meta":{"origin":81066,"position":3},"title":"Regi\u00e3o da avenida Dom Pedro I ganha novas vagas de \u00e1rea azul; Veja onde","author":"noticiasribeiraopreto.com.br","date":"2 de August de 2024","format":false,"excerpt":"O entorno da pra\u00e7a Pedro Biagi, no bairro Ipiranga, na zona Norte de Ribeir\u00e3o Preto, ter\u00e1 novas vagas de estacionamento nos pr\u00f3ximos dias. Os locais j\u00e1 est\u00e3o demarcados e sinalizados, mas a cobran\u00e7a da \u00e1rea azul, ainda, n\u00e3o tem data definida. A solicita\u00e7\u00e3o da Acirp (Associa\u00e7\u00e3o Comercial e Industrial de\u2026","rel":"","context":"In &quot;Not\u00edcias de Ribeir\u00e3o Preto-SP e Regi\u00e3o&quot;","block_context":{"text":"Not\u00edcias de Ribeir\u00e3o Preto-SP e Regi\u00e3o","link":"https:\/\/noticiasribeiraopreto.com.br\/index.php\/category\/noticias-de-ribeirao-preto-sp-e-regiao-ismael-colosi\/"},"img":{"alt_text":"","src":"https:\/\/i0.wp.com\/noticiasribeiraopreto.com.br\/wp-content\/uploads\/2024\/08\/4_2024-08-02_16-01-17_jpg_2024-08-02_16-01-17.webp.webp?fit=1200%2C675&ssl=1&resize=350%2C200","width":350,"height":200,"srcset":"https:\/\/i0.wp.com\/noticiasribeiraopreto.com.br\/wp-content\/uploads\/2024\/08\/4_2024-08-02_16-01-17_jpg_2024-08-02_16-01-17.webp.webp?fit=1200%2C675&ssl=1&resize=350%2C200 1x, https:\/\/i0.wp.com\/noticiasribeiraopreto.com.br\/wp-content\/uploads\/2024\/08\/4_2024-08-02_16-01-17_jpg_2024-08-02_16-01-17.webp.webp?fit=1200%2C675&ssl=1&resize=525%2C300 1.5x, https:\/\/i0.wp.com\/noticiasribeiraopreto.com.br\/wp-content\/uploads\/2024\/08\/4_2024-08-02_16-01-17_jpg_2024-08-02_16-01-17.webp.webp?fit=1200%2C675&ssl=1&resize=700%2C400 2x, https:\/\/i0.wp.com\/noticiasribeiraopreto.com.br\/wp-content\/uploads\/2024\/08\/4_2024-08-02_16-01-17_jpg_2024-08-02_16-01-17.webp.webp?fit=1200%2C675&ssl=1&resize=1050%2C600 3x"},"classes":[]},{"id":64403,"url":"https:\/\/noticiasribeiraopreto.com.br\/index.php\/2025\/03\/07\/estudo-revela-que-apenas-1-a-cada-4-imoveis-no-centro-de-ribeirao-tem-arvore-na-fachada\/","url_meta":{"origin":81066,"position":4},"title":"Estudo revela que apenas 1 a cada 4 im\u00f3veis no Centro de Ribeir\u00e3o tem \u00e1rvore na fachada","author":"noticiasribeiraopreto.com.br","date":"7 de March de 2025","format":false,"excerpt":"O projeto \u201cRequalifica Ribeir\u00e3o\u201d revelou que apenas 1 a cada 4 im\u00f3veis do Centro de Ribeir\u00e3o Preto possui \u00e1rvore em sua fachada. De acordo com os dados da pesquisa, cerca de 23,3% dos lotes da regi\u00e3o possuem \u00e1rvores plantadas em frente as constru\u00e7\u00f5es, com distribui\u00e7\u00e3o desigual entre os quadrantes \u2013\u2026","rel":"","context":"In &quot;Not\u00edcias de Ribeir\u00e3o Preto-SP e Regi\u00e3o&quot;","block_context":{"text":"Not\u00edcias de Ribeir\u00e3o Preto-SP e Regi\u00e3o","link":"https:\/\/noticiasribeiraopreto.com.br\/index.php\/category\/noticias-de-ribeirao-preto-sp-e-regiao-ismael-colosi\/"},"img":{"alt_text":"","src":"https:\/\/i0.wp.com\/noticiasribeiraopreto.com.br\/wp-content\/uploads\/2024\/07\/CENTRO-RIBEIRAO-PRETO-DRONE-Foto-Guilherme-Sircili-3_2024-07-08_18-03-23_jpg_2024-07-08_18-03-25-scaled.webp.webp?fit=1200%2C900&ssl=1&resize=350%2C200","width":350,"height":200,"srcset":"https:\/\/i0.wp.com\/noticiasribeiraopreto.com.br\/wp-content\/uploads\/2024\/07\/CENTRO-RIBEIRAO-PRETO-DRONE-Foto-Guilherme-Sircili-3_2024-07-08_18-03-23_jpg_2024-07-08_18-03-25-scaled.webp.webp?fit=1200%2C900&ssl=1&resize=350%2C200 1x, https:\/\/i0.wp.com\/noticiasribeiraopreto.com.br\/wp-content\/uploads\/2024\/07\/CENTRO-RIBEIRAO-PRETO-DRONE-Foto-Guilherme-Sircili-3_2024-07-08_18-03-23_jpg_2024-07-08_18-03-25-scaled.webp.webp?fit=1200%2C900&ssl=1&resize=525%2C300 1.5x, https:\/\/i0.wp.com\/noticiasribeiraopreto.com.br\/wp-content\/uploads\/2024\/07\/CENTRO-RIBEIRAO-PRETO-DRONE-Foto-Guilherme-Sircili-3_2024-07-08_18-03-23_jpg_2024-07-08_18-03-25-scaled.webp.webp?fit=1200%2C900&ssl=1&resize=700%2C400 2x, https:\/\/i0.wp.com\/noticiasribeiraopreto.com.br\/wp-content\/uploads\/2024\/07\/CENTRO-RIBEIRAO-PRETO-DRONE-Foto-Guilherme-Sircili-3_2024-07-08_18-03-23_jpg_2024-07-08_18-03-25-scaled.webp.webp?fit=1200%2C900&ssl=1&resize=1050%2C600 3x"},"classes":[]},{"id":74255,"url":"https:\/\/noticiasribeiraopreto.com.br\/index.php\/2025\/07\/18\/distrito-empresarial-reivindica-melhorias-para-o-local\/","url_meta":{"origin":81066,"position":5},"title":"Distrito Empresarial reivindica melhorias para o local","author":"noticiasribeiraopreto.com.br","date":"18 de July de 2025","format":false,"excerpt":"18 de julho de 2025 14:383 Compartilhar0 O prefeito de Ribeir\u00e3o Preto Ricardo Silva (PSD), recebeu na quinta-feira, dia 17 de julho, representantes da Associa\u00e7\u00e3o de Desenvolvimento do Distrito Empresarial de Ribeir\u00e3o Preto (Adderi) para discutir demandas e propostas de melhorias no local. O encontro faz parte do compromisso da\u2026","rel":"","context":"In &quot;Not\u00edcias de Ribeir\u00e3o Preto-SP e Regi\u00e3o&quot;","block_context":{"text":"Not\u00edcias de Ribeir\u00e3o Preto-SP e Regi\u00e3o","link":"https:\/\/noticiasribeiraopreto.com.br\/index.php\/category\/noticias-de-ribeirao-preto-sp-e-regiao-ismael-colosi\/"},"img":{"alt_text":"","src":"https:\/\/i0.wp.com\/noticiasribeiraopreto.com.br\/wp-content\/uploads\/2025\/07\/disrtrito-scaled.jpeg?fit=1170%2C780&ssl=1&resize=350%2C200","width":350,"height":200,"srcset":"https:\/\/i0.wp.com\/noticiasribeiraopreto.com.br\/wp-content\/uploads\/2025\/07\/disrtrito-scaled.jpeg?fit=1170%2C780&ssl=1&resize=350%2C200 1x, https:\/\/i0.wp.com\/noticiasribeiraopreto.com.br\/wp-content\/uploads\/2025\/07\/disrtrito-scaled.jpeg?fit=1170%2C780&ssl=1&resize=525%2C300 1.5x, https:\/\/i0.wp.com\/noticiasribeiraopreto.com.br\/wp-content\/uploads\/2025\/07\/disrtrito-scaled.jpeg?fit=1170%2C780&ssl=1&resize=700%2C400 2x, https:\/\/i0.wp.com\/noticiasribeiraopreto.com.br\/wp-content\/uploads\/2025\/07\/disrtrito-scaled.jpeg?fit=1170%2C780&ssl=1&resize=1050%2C600 3x"},"classes":[]}],"jetpack_sharing_enabled":true,"jetpack_shortlink":"https:\/\/wp.me\/peQAOb-l5w","_links":{"self":[{"href":"https:\/\/noticiasribeiraopreto.com.br\/index.php\/wp-json\/wp\/v2\/posts\/81066","targetHints":{"allow":["GET"]}}],"collection":[{"href":"https:\/\/noticiasribeiraopreto.com.br\/index.php\/wp-json\/wp\/v2\/posts"}],"about":[{"href":"https:\/\/noticiasribeiraopreto.com.br\/index.php\/wp-json\/wp\/v2\/types\/post"}],"author":[{"embeddable":true,"href":"https:\/\/noticiasribeiraopreto.com.br\/index.php\/wp-json\/wp\/v2\/users\/1"}],"replies":[{"embeddable":true,"href":"https:\/\/noticiasribeiraopreto.com.br\/index.php\/wp-json\/wp\/v2\/comments?post=81066"}],"version-history":[{"count":0,"href":"https:\/\/noticiasribeiraopreto.com.br\/index.php\/wp-json\/wp\/v2\/posts\/81066\/revisions"}],"wp:featuredmedia":[{"embeddable":true,"href":"https:\/\/noticiasribeiraopreto.com.br\/index.php\/wp-json\/wp\/v2\/media\/81067"}],"wp:attachment":[{"href":"https:\/\/noticiasribeiraopreto.com.br\/index.php\/wp-json\/wp\/v2\/media?parent=81066"}],"wp:term":[{"taxonomy":"category","embeddable":true,"href":"https:\/\/noticiasribeiraopreto.com.br\/index.php\/wp-json\/wp\/v2\/categories?post=81066"},{"taxonomy":"post_tag","embeddable":true,"href":"https:\/\/noticiasribeiraopreto.com.br\/index.php\/wp-json\/wp\/v2\/tags?post=81066"}],"curies":[{"name":"wp","href":"https:\/\/api.w.org\/{rel}","templated":true}]}}