{"id":81068,"date":"2025-12-23T06:16:28","date_gmt":"2025-12-23T09:16:28","guid":{"rendered":"https:\/\/noticiasribeiraopreto.com.br\/index.php\/2025\/12\/23\/companheiro-diz-que-mulher-saiu-por-vontade-propria-com-os-filhos-mas-familia-contesta\/"},"modified":"2025-12-23T06:16:28","modified_gmt":"2025-12-23T09:16:28","slug":"companheiro-diz-que-mulher-saiu-por-vontade-propria-com-os-filhos-mas-familia-contesta","status":"publish","type":"post","link":"https:\/\/noticiasribeiraopreto.com.br\/index.php\/2025\/12\/23\/companheiro-diz-que-mulher-saiu-por-vontade-propria-com-os-filhos-mas-familia-contesta\/","title":{"rendered":"Companheiro diz que mulher saiu por vontade pr\u00f3pria com os filhos, mas fam\u00edlia contesta"},"content":{"rendered":"<div class='code-block code-block-1' style='margin: 8px 0 8px auto; text-align: right; display: block; clear: both;'>\n<p><a href=\"https:\/\/wa.link\/vpicfd\"><img data-recalc-dims=\"1\" class=\"wp-image-4922\" style=\"aspect-ratio: 2.0253164556962027; width: 561px; height: auto;\" src=\"https:\/\/i0.wp.com\/ismaelcolosi.com.br\/wp-content\/uploads\/2023\/11\/grupo-de-empregos-whatsapp-e-facebook-ismael-colosi-vagas.jpg?ssl=1\" alt=\"\" \/><\/a><\/p>\n<!-- \/wp:image -->\n<\/div>\n<p> <br \/>\n<\/p>\n<div>\n<p>O marido de <strong>Sabrina de Almeida Lima<\/strong>, de 27 anos, prestou depoimento nesta segunda-feira (22) \u00e0 <strong>Pol\u00edcia Civil de Jaboticabal<\/strong> e afirmou que a mulher deixou a casa por vontade pr\u00f3pria levando os <strong>tr\u00eas filhos, de 6, 8 e 10 anos<\/strong>.<\/p>\n<p>Em entrevista \u00e0 <strong>EPTV<\/strong>, <strong>Milton Gon\u00e7alves Filho<\/strong>, de 48 anos, afirmou que a mulher seria usu\u00e1ria de droga e teria manifestado a inten\u00e7\u00e3o de sair de casa dias antes do desaparecimento.<\/p>\n<figure class=\"wp-block-pullquote\">\n<blockquote>\n<p>Ela come\u00e7ou a falar para mim que estava com vontade de cheirar coca\u00edna. Disse que estava com muita abstin\u00eancia e eu falei \u2018amor, voc\u00ea n\u00e3o vai fazer isso, eu n\u00e3o quero que voc\u00ea fa\u00e7a isso\u2019. A\u00ed, ela foi sempre falando no caminho \u2018olha, se um dia eu sair de casa, n\u00e3o me procura, n\u00e3o fala para minha fam\u00edlia que eu sa\u00ed de casa. Se eu quiser voltar para casa aqui com voc\u00ea ou procurar algu\u00e9m da minha fam\u00edlia, eu vou procurar eles<\/p>\n<p><cite>Milton Gon\u00e7alves Filho<\/cite><\/p><\/blockquote>\n<\/figure>\n<p>De acordo com o relato do homem, na noite da \u00faltima quinta-feira (18), enquanto ele tomava banho, ouviu <strong>Sabrina <\/strong>chamar as crian\u00e7as para \u201cdar uma volta\u201d. <mark style=\"background-color:#fcb900\" class=\"has-inline-color\">Ap\u00f3s o depoimento, Milton, que \u00e9 padrasto das crian\u00e7as, foi liberado.<\/mark><\/p>\n<h2 class=\"wp-block-heading\"><strong>Fam\u00edlia contesta<\/strong><\/h2>\n<p>A <strong>fam\u00edlia de Sabrina<\/strong> contesta a vers\u00e3o apresentada pelo marido e afirma que a jovem <strong>estava sem usar drogas havia cerca de dez meses<\/strong>.<\/p>\n<p>\u201cEu n\u00e3o acredito nessa possibilidade porque ela estava limpa h\u00e1 mais de 10 meses. Todo dia 9 ela falava para a gente hoje eu vou comemorar, \u00e9 mais um m\u00eas sem droga\u2019\u201d, disse a m\u00e3e de Sabrina, Joviniana Braz de Almeida.<\/p>\n<p>Parentes ainda destacam que <strong>Sabrina <\/strong>mantinha contato frequente e n\u00e3o sairia sem avisar, al\u00e9m de sempre demonstrar cuidado com os filhos.<\/p>\n<p>\u201cEla jamais sairia para qualquer canto levando os filhos. Apesar do problema passado dela, ela \u00e9 uma excelente m\u00e3e, cuida muito bem dos filhos, as crian\u00e7as s\u00e3o muito bem cuidadas\u201d, afirmou Anderson Braz de Almeida.<\/p>\n<h2 class=\"wp-block-heading\"><strong>Mulher desaparece com os tr\u00eas filhos<\/strong><\/h2>\n<p>As buscas por <strong>Sabrina Aparecida de Almeida Lima <\/strong>come\u00e7aram no domingo (21), j\u00e1 que a comunica\u00e7\u00e3o do desaparecimento s\u00f3 foi realizada no s\u00e1bado (20). Elas se concentram em uma \u00e1rea de mata pr\u00f3xima a casa onde a fam\u00edlia morava em uma fazenda a cerca de cinco quil\u00f4metros de <strong>Jaboticabal<\/strong>, cidade na <strong>regi\u00e3o de Ribeir\u00e3o Preto<\/strong>.<\/p>\n<p>Equipes da<strong> Pol\u00edcia Militar<\/strong>, <strong>Corpo de Bombeiros<\/strong>, <strong>Samu<\/strong> e um<strong> grupo especializado com c\u00e3o farejador<\/strong>, que veio de S\u00e3o Paulo, participaram da opera\u00e7\u00e3o. <mark style=\"background-color:#fcb900\" class=\"has-inline-color\">Durante as buscas, pe\u00e7as de roupas infantis foram encontradas nas proximidades.<\/mark><\/p>\n<p>\u201cA pol\u00edcia tem percorrido os locais prov\u00e1veis onde ela poderia ser localizada. L\u00e1 \u00e9 planta\u00e7\u00e3o de cana. [As equipes] n\u00e3o encontraram nada que pudesse relacionar que houve uma a\u00e7\u00e3o violenta\u201d,<strong> delegado Oswaldo Jos\u00e9 da Silva<\/strong>.<\/p>\n<p>As buscas continuam nesta ter\u00e7a-feira (23) e a pol\u00edcia agora vai analisar c\u00e2meras de seguran\u00e7a da fazenda.<\/p>\n<p><em>*Com informa\u00e7\u00f5es da EPTV<\/em><\/p>\n<hr class=\"wp-block-separator has-alpha-channel-opacity\"\/>\n<p>SAIBA MAIS<\/p>\n<p>M\u00e3e e tr\u00eas filhos desaparecem na regi\u00e3o de Ribeir\u00e3o Preto<\/p>\n<h2 class=\"wp-block-heading\"><strong>FIQUE ON<\/strong><\/h2>\n<p>Fique ligado em tudo que acontece em Ribeir\u00e3o Preto e regi\u00e3o. Siga os perfis do\u00a0<strong>acidade on\u00a0<\/strong>no<a href=\"https:\/\/www.instagram.com\/acidadeonribeirao\" target=\"_blank\" rel=\"noreferrer noopener\">\u00a0Instagram<\/a>\u00a0e no\u00a0<a href=\"https:\/\/www.facebook.com\/acidadeonribeirao\/\" target=\"_blank\" rel=\"noreferrer noopener\">Facebook<\/a>.<\/p>\n<p>Receba not\u00edcias do\u00a0<strong>acidade on<\/strong>\u00a0no WhatsApp. Para entrar no grupo,\u00a0basta\u00a0<a href=\"https:\/\/chat.whatsapp.com\/GFH9HUMUTHNFJdnyEd0xxq\" target=\"_blank\" rel=\"noreferrer noopener\">clicar aqui<\/a>. Ou, acesse o nosso\u00a0Canal\u00a0<a href=\"https:\/\/whatsapp.com\/channel\/0029Vb6IQl1JENyAeS57fk2p\" target=\"_blank\" rel=\"noreferrer noopener\">clicando aqui<\/a>.<\/p>\n<p>Fa\u00e7a uma den\u00fancia ou sugira uma reportagem sobre Ribeir\u00e3o Preto e regi\u00e3o pelo WhatsApp: 16 99117 7802.<\/p>\n<p>VEJA TAMB\u00c9M<br \/>Como fazer crunch cake?<\/p>\n<p><!-- AI CONTENT END 1 -->\n<\/div>\n<p><script async src=\"\/\/www.instagram.com\/embed.js\"><\/script><br \/>\n<br \/><br \/>\n<br \/><a href=\"https:\/\/www.acidadeon.com\/ribeiraopreto\/cotidiano\/companheiro-diz-que-mulher-saiu-por-vontade-propria-com-os-filhos-mas-familia-contesta\/\">Source link <\/a><\/p>\n<!-- CONTENT END 1 -->\n","protected":false},"excerpt":{"rendered":"<p>O marido de Sabrina de Almeida Lima, de 27 anos, prestou depoimento nesta segunda-feira (22) \u00e0 Pol\u00edcia Civil de Jaboticabal e afirmou que a mulher&#8230;<\/p>\n","protected":false},"author":1,"featured_media":81069,"comment_status":"open","ping_status":"open","sticky":false,"template":"","format":"standard","meta":{"advanced_seo_description":"","jetpack_seo_html_title":"","jetpack_seo_noindex":false,"jetpack_post_was_ever_published":false,"_jetpack_newsletter_access":"","_jetpack_dont_email_post_to_subs":false,"_jetpack_newsletter_tier_id":0,"_jetpack_memberships_contains_paywalled_content":false,"_jetpack_memberships_contains_paid_content":false,"footnotes":"","jetpack_publicize_message":"","jetpack_publicize_feature_enabled":true,"jetpack_social_post_already_shared":true,"jetpack_social_options":{"image_generator_settings":{"template":"highway","default_image_id":0,"font":"","enabled":false},"version":2}},"categories":[11],"tags":[],"class_list":["post-81068","post","type-post","status-publish","format-standard","has-post-thumbnail","hentry","category-noticias-de-ribeirao-preto-sp-e-regiao-ismael-colosi"],"jetpack_publicize_connections":[],"jetpack_featured_media_url":"https:\/\/i0.wp.com\/noticiasribeiraopreto.com.br\/wp-content\/uploads\/2025\/12\/domingo-25_2025-12-22_23-19-55.webp.webp?fit=1200%2C675&ssl=1","jetpack-related-posts":[{"id":61084,"url":"https:\/\/noticiasribeiraopreto.com.br\/index.php\/2024\/12\/03\/familia-descobre-morte-de-idosa-quando-corpo-ja-era-velado-por-desconhecidos\/","url_meta":{"origin":81068,"position":0},"title":"Fam\u00edlia descobre morte de idosa quando corpo j\u00e1 era velado por desconhecidos","author":"noticiasribeiraopreto.com.br","date":"3 de December de 2024","format":false,"excerpt":"A fam\u00edlia de Neide Basso, de 81 anos, natural de Pontal, regi\u00e3o de Ribeir\u00e3o Preto, s\u00f3 soube da morte da idosa quando ela j\u00e1 estava sendo velada por outra fam\u00edlia, em Cravinhos, cidade a 60 quil\u00f4metros de dist\u00e2ncia do munic\u00edpio que a mulher morava, no \u00faltimo domingo (1\u00ba). Isso aconteceu\u2026","rel":"","context":"In &quot;Not\u00edcias de Ribeir\u00e3o Preto-SP e Regi\u00e3o&quot;","block_context":{"text":"Not\u00edcias de Ribeir\u00e3o Preto-SP e Regi\u00e3o","link":"https:\/\/noticiasribeiraopreto.com.br\/index.php\/category\/noticias-de-ribeirao-preto-sp-e-regiao-ismael-colosi\/"},"img":{"alt_text":"","src":"https:\/\/i0.wp.com\/noticiasribeiraopreto.com.br\/wp-content\/uploads\/2024\/12\/vlcsnap-2024-12-02-12h18m45s840_2024-12-03_14-10-45_jpg_2024-12-03_14-10-45.webp.webp?fit=1000%2C562&ssl=1&resize=350%2C200","width":350,"height":200,"srcset":"https:\/\/i0.wp.com\/noticiasribeiraopreto.com.br\/wp-content\/uploads\/2024\/12\/vlcsnap-2024-12-02-12h18m45s840_2024-12-03_14-10-45_jpg_2024-12-03_14-10-45.webp.webp?fit=1000%2C562&ssl=1&resize=350%2C200 1x, https:\/\/i0.wp.com\/noticiasribeiraopreto.com.br\/wp-content\/uploads\/2024\/12\/vlcsnap-2024-12-02-12h18m45s840_2024-12-03_14-10-45_jpg_2024-12-03_14-10-45.webp.webp?fit=1000%2C562&ssl=1&resize=525%2C300 1.5x, https:\/\/i0.wp.com\/noticiasribeiraopreto.com.br\/wp-content\/uploads\/2024\/12\/vlcsnap-2024-12-02-12h18m45s840_2024-12-03_14-10-45_jpg_2024-12-03_14-10-45.webp.webp?fit=1000%2C562&ssl=1&resize=700%2C400 2x"},"classes":[]},{"id":10379,"url":"https:\/\/noticiasribeiraopreto.com.br\/index.php\/2023\/12\/04\/ana-hickmann-fala-sobre-abordagem-de-mulheres-na-rua-apos-denuncia-de-agressao-contra-ex-marido\/","url_meta":{"origin":81068,"position":1},"title":"Ana Hickmann fala sobre abordagem de mulheres na rua ap\u00f3s den\u00fancia de agress\u00e3o contra ex marido","author":"noticiasribeiraopreto.com.br","date":"4 de December de 2023","format":false,"excerpt":"A apresentadora Ana Hickmann tem sido nome de motiva\u00e7\u00e3o e exemplo para algumas mulheres. Em um relato feito pela pr\u00f3pria, ela contou que duas mulheres chegaram at\u00e9 ela para falar sobre a representatividade que tiveram com eu caso.\u201cEu n\u00e3o sabia da vida dela. Ela me disse: \u2018voc\u00ea me representou quando\u2026","rel":"","context":"In &quot;Blog&quot;","block_context":{"text":"Blog","link":"https:\/\/noticiasribeiraopreto.com.br\/index.php\/category\/blog\/"},"img":{"alt_text":"","src":"https:\/\/i0.wp.com\/noticiasribeiraopreto.com.br\/wp-content\/uploads\/2023\/12\/postimg-656def305ce562844.jpg?fit=1200%2C628&ssl=1&resize=350%2C200","width":350,"height":200,"srcset":"https:\/\/i0.wp.com\/noticiasribeiraopreto.com.br\/wp-content\/uploads\/2023\/12\/postimg-656def305ce562844.jpg?fit=1200%2C628&ssl=1&resize=350%2C200 1x, https:\/\/i0.wp.com\/noticiasribeiraopreto.com.br\/wp-content\/uploads\/2023\/12\/postimg-656def305ce562844.jpg?fit=1200%2C628&ssl=1&resize=525%2C300 1.5x, https:\/\/i0.wp.com\/noticiasribeiraopreto.com.br\/wp-content\/uploads\/2023\/12\/postimg-656def305ce562844.jpg?fit=1200%2C628&ssl=1&resize=700%2C400 2x, https:\/\/i0.wp.com\/noticiasribeiraopreto.com.br\/wp-content\/uploads\/2023\/12\/postimg-656def305ce562844.jpg?fit=1200%2C628&ssl=1&resize=1050%2C600 3x"},"classes":[]},{"id":49613,"url":"https:\/\/noticiasribeiraopreto.com.br\/index.php\/2024\/05\/12\/eu-sou-uma-mae-mais-presente-como-a-tecnologia-esta-redefinindo-a-maternidade-de-mulheres-brasileiras\/","url_meta":{"origin":81068,"position":2},"title":"&#8220;Eu sou uma m\u00e3e mais presente&#8221;: como a tecnologia est\u00e1 redefinindo a maternidade de mulheres brasileiras","author":"noticiasribeiraopreto.com.br","date":"12 de May de 2024","format":false,"excerpt":"Reprodu\u00e7\u00e3o\/Acervo pessoalA carreira em tecnologia se mostrou uma sa\u00edda para m\u00e3es que desejam mais tempo com os filhos A S\u00edntese de Indicadores Sociais 2023, pesquisa realizada pelo IBGE anualmente para analisar a qualidade de vida dos brasileiros sob a perspectiva das desigualdades sociais, evidenciou que mais de 2,5 milh\u00f5es de\u2026","rel":"","context":"In &quot;Blog&quot;","block_context":{"text":"Blog","link":"https:\/\/noticiasribeiraopreto.com.br\/index.php\/category\/blog\/"},"img":{"alt_text":"","src":"https:\/\/i0.wp.com\/noticiasribeiraopreto.com.br\/wp-content\/uploads\/2024\/05\/Renata-Betti-1024x683.png?fit=1024%2C683&ssl=1&resize=350%2C200","width":350,"height":200,"srcset":"https:\/\/i0.wp.com\/noticiasribeiraopreto.com.br\/wp-content\/uploads\/2024\/05\/Renata-Betti-1024x683.png?fit=1024%2C683&ssl=1&resize=350%2C200 1x, https:\/\/i0.wp.com\/noticiasribeiraopreto.com.br\/wp-content\/uploads\/2024\/05\/Renata-Betti-1024x683.png?fit=1024%2C683&ssl=1&resize=525%2C300 1.5x, https:\/\/i0.wp.com\/noticiasribeiraopreto.com.br\/wp-content\/uploads\/2024\/05\/Renata-Betti-1024x683.png?fit=1024%2C683&ssl=1&resize=700%2C400 2x"},"classes":[]},{"id":49952,"url":"https:\/\/noticiasribeiraopreto.com.br\/index.php\/2024\/05\/14\/eu-sou-uma-mae-mais-presente-como-a-tecnologia-esta-redefinindo-a-maternidade-de-mulheres-brasileiras-2\/","url_meta":{"origin":81068,"position":3},"title":"&#8220;Eu sou uma m\u00e3e mais presente&#8221;: como a tecnologia est\u00e1 redefinindo a maternidade de mulheres brasileiras","author":"noticiasribeiraopreto.com.br","date":"14 de May de 2024","format":false,"excerpt":"Reprodu\u00e7\u00e3o\/Acervo pessoalA carreira em tecnologia se mostrou uma sa\u00edda para m\u00e3es que desejam mais tempo com os filhos A S\u00edntese de Indicadores Sociais 2023, pesquisa realizada pelo IBGE anualmente para analisar a qualidade de vida dos brasileiros sob a perspectiva das desigualdades sociais, evidenciou que mais de 2,5 milh\u00f5es de\u2026","rel":"","context":"In &quot;Blog&quot;","block_context":{"text":"Blog","link":"https:\/\/noticiasribeiraopreto.com.br\/index.php\/category\/blog\/"},"img":{"alt_text":"","src":"https:\/\/i0.wp.com\/noticiasribeiraopreto.com.br\/wp-content\/uploads\/2024\/05\/1715681672_Renata-Betti-1024x683.png?fit=1024%2C683&ssl=1&resize=350%2C200","width":350,"height":200,"srcset":"https:\/\/i0.wp.com\/noticiasribeiraopreto.com.br\/wp-content\/uploads\/2024\/05\/1715681672_Renata-Betti-1024x683.png?fit=1024%2C683&ssl=1&resize=350%2C200 1x, https:\/\/i0.wp.com\/noticiasribeiraopreto.com.br\/wp-content\/uploads\/2024\/05\/1715681672_Renata-Betti-1024x683.png?fit=1024%2C683&ssl=1&resize=525%2C300 1.5x, https:\/\/i0.wp.com\/noticiasribeiraopreto.com.br\/wp-content\/uploads\/2024\/05\/1715681672_Renata-Betti-1024x683.png?fit=1024%2C683&ssl=1&resize=700%2C400 2x"},"classes":[]},{"id":14494,"url":"https:\/\/noticiasribeiraopreto.com.br\/index.php\/2023\/12\/12\/presidenta-do-banco-do-brasil-no-dia-da-consciencia-negra-forbes\/","url_meta":{"origin":81068,"position":4},"title":"Presidenta do Banco do Brasil no dia da Consci\u00eancia Negra Forbes","author":"noticiasribeiraopreto.com.br","date":"12 de December de 2023","format":false,"excerpt":"E\u00f3in Noonan\/Getty ImagesTarciana Medeiros, presidente do Banco do Brasil, fala sobre diversidade e equidade nesse Dia da Consci\u00eancia Negra A primeira mulher a ser presidenta, como gosta de ser chamada, do Banco do Brasil em 215 anos de institui\u00e7\u00e3o, \u00e9 negra, nordestina, l\u00e9sbica e ex-feirante. Para al\u00e9m dos bons resultados\u2026","rel":"","context":"In &quot;Blog&quot;","block_context":{"text":"Blog","link":"https:\/\/noticiasribeiraopreto.com.br\/index.php\/category\/blog\/"},"img":{"alt_text":"","src":"https:\/\/i0.wp.com\/noticiasribeiraopreto.com.br\/wp-content\/uploads\/2023\/12\/mulher-websummitrio-tarciana-medeiros-banco-brasil-getty-images-1024x683.jpg?fit=1024%2C683&ssl=1&resize=350%2C200","width":350,"height":200,"srcset":"https:\/\/i0.wp.com\/noticiasribeiraopreto.com.br\/wp-content\/uploads\/2023\/12\/mulher-websummitrio-tarciana-medeiros-banco-brasil-getty-images-1024x683.jpg?fit=1024%2C683&ssl=1&resize=350%2C200 1x, https:\/\/i0.wp.com\/noticiasribeiraopreto.com.br\/wp-content\/uploads\/2023\/12\/mulher-websummitrio-tarciana-medeiros-banco-brasil-getty-images-1024x683.jpg?fit=1024%2C683&ssl=1&resize=525%2C300 1.5x, https:\/\/i0.wp.com\/noticiasribeiraopreto.com.br\/wp-content\/uploads\/2023\/12\/mulher-websummitrio-tarciana-medeiros-banco-brasil-getty-images-1024x683.jpg?fit=1024%2C683&ssl=1&resize=700%2C400 2x"},"classes":[]},{"id":4944,"url":"https:\/\/noticiasribeiraopreto.com.br\/index.php\/2023\/11\/22\/pais-fazem-a-vontade-do-filho-de-6-anos-e-garoto-perde-a-vida-diante-deles\/","url_meta":{"origin":81068,"position":5},"title":"Pais fazem a vontade do filho de 6 anos e garoto perde a vida diante deles","author":"noticiasribeiraopreto.com.br","date":"22 de November de 2023","format":false,"excerpt":"Uma trag\u00e9dia se abateu sobre uma fam\u00edlia que est\u00e1 vivendo a mais profunda dor por causa da morte prematura de um garotinho de 6 anos. O caso ganhou uma enorme repercuss\u00e3o ap\u00f3s se tornar destaque nos principais portais de not\u00edcias do Brasil.De acordo com as primeiras informa\u00e7\u00f5es repassadas pelos agentes\u2026","rel":"","context":"In &quot;Blog&quot;","block_context":{"text":"Blog","link":"https:\/\/noticiasribeiraopreto.com.br\/index.php\/category\/blog\/"},"img":{"alt_text":"","src":"https:\/\/i0.wp.com\/noticiasribeiraopreto.com.br\/wp-content\/uploads\/2023\/11\/postimg-655e41c8a68c57974.jpg?fit=1200%2C628&ssl=1&resize=350%2C200","width":350,"height":200,"srcset":"https:\/\/i0.wp.com\/noticiasribeiraopreto.com.br\/wp-content\/uploads\/2023\/11\/postimg-655e41c8a68c57974.jpg?fit=1200%2C628&ssl=1&resize=350%2C200 1x, https:\/\/i0.wp.com\/noticiasribeiraopreto.com.br\/wp-content\/uploads\/2023\/11\/postimg-655e41c8a68c57974.jpg?fit=1200%2C628&ssl=1&resize=525%2C300 1.5x, https:\/\/i0.wp.com\/noticiasribeiraopreto.com.br\/wp-content\/uploads\/2023\/11\/postimg-655e41c8a68c57974.jpg?fit=1200%2C628&ssl=1&resize=700%2C400 2x, https:\/\/i0.wp.com\/noticiasribeiraopreto.com.br\/wp-content\/uploads\/2023\/11\/postimg-655e41c8a68c57974.jpg?fit=1200%2C628&ssl=1&resize=1050%2C600 3x"},"classes":[]}],"jetpack_sharing_enabled":true,"jetpack_shortlink":"https:\/\/wp.me\/peQAOb-l5y","_links":{"self":[{"href":"https:\/\/noticiasribeiraopreto.com.br\/index.php\/wp-json\/wp\/v2\/posts\/81068","targetHints":{"allow":["GET"]}}],"collection":[{"href":"https:\/\/noticiasribeiraopreto.com.br\/index.php\/wp-json\/wp\/v2\/posts"}],"about":[{"href":"https:\/\/noticiasribeiraopreto.com.br\/index.php\/wp-json\/wp\/v2\/types\/post"}],"author":[{"embeddable":true,"href":"https:\/\/noticiasribeiraopreto.com.br\/index.php\/wp-json\/wp\/v2\/users\/1"}],"replies":[{"embeddable":true,"href":"https:\/\/noticiasribeiraopreto.com.br\/index.php\/wp-json\/wp\/v2\/comments?post=81068"}],"version-history":[{"count":0,"href":"https:\/\/noticiasribeiraopreto.com.br\/index.php\/wp-json\/wp\/v2\/posts\/81068\/revisions"}],"wp:featuredmedia":[{"embeddable":true,"href":"https:\/\/noticiasribeiraopreto.com.br\/index.php\/wp-json\/wp\/v2\/media\/81069"}],"wp:attachment":[{"href":"https:\/\/noticiasribeiraopreto.com.br\/index.php\/wp-json\/wp\/v2\/media?parent=81068"}],"wp:term":[{"taxonomy":"category","embeddable":true,"href":"https:\/\/noticiasribeiraopreto.com.br\/index.php\/wp-json\/wp\/v2\/categories?post=81068"},{"taxonomy":"post_tag","embeddable":true,"href":"https:\/\/noticiasribeiraopreto.com.br\/index.php\/wp-json\/wp\/v2\/tags?post=81068"}],"curies":[{"name":"wp","href":"https:\/\/api.w.org\/{rel}","templated":true}]}}