{"id":81070,"date":"2025-12-23T06:23:25","date_gmt":"2025-12-23T09:23:25","guid":{"rendered":"https:\/\/noticiasribeiraopreto.com.br\/index.php\/2025\/12\/23\/primeira-semana-do-verao-tera-nova-onda-de-calor-em-sp-confira-a-previsao\/"},"modified":"2025-12-23T06:23:25","modified_gmt":"2025-12-23T09:23:25","slug":"primeira-semana-do-verao-tera-nova-onda-de-calor-em-sp-confira-a-previsao","status":"publish","type":"post","link":"https:\/\/noticiasribeiraopreto.com.br\/index.php\/2025\/12\/23\/primeira-semana-do-verao-tera-nova-onda-de-calor-em-sp-confira-a-previsao\/","title":{"rendered":"Primeira semana do ver\u00e3o ter\u00e1 nova onda de calor em SP; Confira a previs\u00e3o"},"content":{"rendered":"<div class='code-block code-block-1' style='margin: 8px 0 8px auto; text-align: right; display: block; clear: both;'>\n<p><a href=\"https:\/\/wa.link\/vpicfd\"><img data-recalc-dims=\"1\" class=\"wp-image-4922\" style=\"aspect-ratio: 2.0253164556962027; width: 561px; height: auto;\" src=\"https:\/\/i0.wp.com\/ismaelcolosi.com.br\/wp-content\/uploads\/2023\/11\/grupo-de-empregos-whatsapp-e-facebook-ismael-colosi-vagas.jpg?ssl=1\" alt=\"\" \/><\/a><\/p>\n<!-- \/wp:image -->\n<\/div>\n<p> <br \/>\n<\/p>\n<div data-td-block-uid=\"tdi_95\">\n<div class=\"tdb-block-inner td-fix-index\">\n<p>O <strong>ver\u00e3o <\/strong>come\u00e7ou oficialmente no Brasil sob a influ\u00eancia de uma <strong>nova onda de calor<\/strong> que deve marcar a semana do <strong>Natal <\/strong>e os primeiros dias da nova esta\u00e7\u00e3o no<strong> estado de S\u00e3o Paulo<\/strong>.<\/p>\n<p>De acordo com a <strong><a href=\"https:\/\/www.climatempo.com.br\/\" target=\"_blank\" data-type=\"link\" data-id=\"https:\/\/www.climatempo.com.br\/\" rel=\"noreferrer noopener\">Climatempo<\/a><\/strong>, um bloqueio atmosf\u00e9rico atua sobre a regi\u00e3o, <strong>dificultando a forma\u00e7\u00e3o de chuvas mais organizadas<\/strong> e favorecendo a <strong>persist\u00eancia de temperaturas elevadas<\/strong> ao longo dos pr\u00f3ximos dias.<\/p>\n<figure class=\"wp-block-pullquote\">\n<blockquote>\n<p>Com esse padr\u00e3o, diversas regi\u00f5es devem registrar temperaturas pelo menos 5\u00baC acima da m\u00e9dia para esta \u00e9poca do ano, al\u00e9m de madrugadas e manh\u00e3s bastante abafadas<\/p>\n<p><cite>Vitor Takao Suganuma<\/cite><\/p><\/blockquote>\n<\/figure>\n<p>Apesar do predom\u00ednio do calor, <mark style=\"background-color:#fcb900\" class=\"has-inline-color\">os especialistas explicam que o bloqueio n\u00e3o impede totalmente a ocorr\u00eancia de chuva<\/mark>.<\/p>\n<p>\u201cPancadas isoladas ainda podem ocorrer e em alguns momentos podem cair com forte intensidade, acompanhadas por raios, t\u00edpicas de dias quentes e abafados de ver\u00e3o\u201d, explica o meteorologista <strong>Vitor Takao Suganuma<\/strong>.<\/p>\n<figure class=\"wp-block-image aligncenter size-full is-resized\"><img data-recalc-dims=\"1\" fetchpriority=\"high\" decoding=\"async\" width=\"750\" height=\"553\" src=\"https:\/\/i0.wp.com\/cdn.media-acidadeon.com.br\/ribeiraopreto\/wp-content\/uploads\/sites\/3\/2025\/12\/image.webp?resize=750%2C553&#038;ssl=1\" alt=\"Onda de calor marca a semana do Natal e os primeiros dias do ver\u00e3o em SP - Foto: reprodu\u00e7\u00e3o\/ Climatempo.\" class=\"wp-image-140138\" style=\"width:654px\" title=\"Primeira semana do ver\u00e3o ter\u00e1 nova onda de calor em SP; Confira a previs\u00e3o 1\" srcset=\"https:\/\/cdn.media-acidadeon.com.br\/ribeiraopreto\/wp-content\/uploads\/sites\/3\/2025\/12\/image.webp 750w, https:\/\/cdn.media-acidadeon.com.br\/ribeiraopreto\/wp-content\/uploads\/sites\/3\/2025\/12\/image-300x221.webp 300w, https:\/\/cdn.media-acidadeon.com.br\/ribeiraopreto\/wp-content\/uploads\/sites\/3\/2025\/12\/image-696x513.webp 696w\" sizes=\"(max-width: 750px) 100vw, 750px\"\/><figcaption class=\"wp-element-caption\">Onda de calor marca a semana do Natal e os primeiros dias do ver\u00e3o em SP \u2013 Foto: reprodu\u00e7\u00e3o\/ Climatempo.<br \/>\n<\/figcaption><\/figure>\n<h2 class=\"wp-block-heading\"><strong>Noites abafadas<\/strong><\/h2>\n<p>Ainda de acordo com a explica\u00e7\u00e3o do servi\u00e7o de meteorologia, essa <strong>nova onda de calor<\/strong> se destaca pelo aumento das temperaturas m\u00ednimas, o que resulta em noites e madrugadas abafadas.<\/p>\n<p>\u201cEsse padr\u00e3o dificulta a perda de calor acumulado ao longo do dia e contribui para maior desgaste f\u00edsico, especialmente em centros urbanos\u201d.<\/p>\n<h3 class=\"wp-block-heading\"><strong>Como fica Ribeir\u00e3o Preto?<\/strong><\/h3>\n<p>Conforme previs\u00e3o estendida da <strong>Climatempo<\/strong>, a semana em <strong>Ribeir\u00e3o Preto<\/strong> ser\u00e1 de sol com muitas nuvens e eventuais pancadas de chuva. Confira:<\/p>\n<figure class=\"wp-block-gallery has-nested-images columns-default is-cropped wp-block-gallery-1 is-layout-flex wp-block-gallery-is-layout-flex\">\n<figure class=\"wp-block-image size-large\"><img data-recalc-dims=\"1\" loading=\"lazy\" decoding=\"async\" width=\"1024\" height=\"576\" data-id=\"140139\" src=\"https:\/\/i0.wp.com\/cdn.media-acidadeon.com.br\/ribeiraopreto\/wp-content\/uploads\/sites\/3\/2025\/12\/domingo-23_2025-12-22_21-54-05-1024x576.webp?resize=1024%2C576&#038;ssl=1\" alt=\"Previs\u00e3o estendida para Ribeir\u00e3o Preto - Foto: reprodu\u00e7\u00e3o\/ Climatempo.\" class=\"wp-image-140139\" title=\"Primeira semana do ver\u00e3o ter\u00e1 nova onda de calor em SP; Confira a previs\u00e3o 2\" srcset=\"https:\/\/cdn.media-acidadeon.com.br\/ribeiraopreto\/wp-content\/uploads\/sites\/3\/2025\/12\/domingo-23_2025-12-22_21-54-05-1024x576.webp 1024w, https:\/\/cdn.media-acidadeon.com.br\/ribeiraopreto\/wp-content\/uploads\/sites\/3\/2025\/12\/domingo-23_2025-12-22_21-54-05-300x169.webp 300w, https:\/\/cdn.media-acidadeon.com.br\/ribeiraopreto\/wp-content\/uploads\/sites\/3\/2025\/12\/domingo-23_2025-12-22_21-54-05-768x432.webp 768w, https:\/\/cdn.media-acidadeon.com.br\/ribeiraopreto\/wp-content\/uploads\/sites\/3\/2025\/12\/domingo-23_2025-12-22_21-54-05-696x392.webp 696w, https:\/\/cdn.media-acidadeon.com.br\/ribeiraopreto\/wp-content\/uploads\/sites\/3\/2025\/12\/domingo-23_2025-12-22_21-54-05-1068x601.webp 1068w, https:\/\/cdn.media-acidadeon.com.br\/ribeiraopreto\/wp-content\/uploads\/sites\/3\/2025\/12\/domingo-23_2025-12-22_21-54-05.webp 1200w\" sizes=\"auto, (max-width: 1024px) 100vw, 1024px\"\/><figcaption class=\"wp-element-caption\">Previs\u00e3o estendida para Ribeir\u00e3o Preto \u2013 Foto: reprodu\u00e7\u00e3o\/ Climatempo.<\/figcaption><\/figure>\n<figure class=\"wp-block-image size-large\"><img data-recalc-dims=\"1\" loading=\"lazy\" decoding=\"async\" width=\"1024\" height=\"576\" data-id=\"140140\" src=\"https:\/\/i0.wp.com\/cdn.media-acidadeon.com.br\/ribeiraopreto\/wp-content\/uploads\/sites\/3\/2025\/12\/domingo-24_2025-12-22_21-54-07-1024x576.webp?resize=1024%2C576&#038;ssl=1\" alt=\"Previs\u00e3o estendida para Ribeir\u00e3o Preto - Foto: reprodu\u00e7\u00e3o\/ Climatempo.\" class=\"wp-image-140140\" title=\"Primeira semana do ver\u00e3o ter\u00e1 nova onda de calor em SP; Confira a previs\u00e3o 3\" srcset=\"https:\/\/cdn.media-acidadeon.com.br\/ribeiraopreto\/wp-content\/uploads\/sites\/3\/2025\/12\/domingo-24_2025-12-22_21-54-07-1024x576.webp 1024w, https:\/\/cdn.media-acidadeon.com.br\/ribeiraopreto\/wp-content\/uploads\/sites\/3\/2025\/12\/domingo-24_2025-12-22_21-54-07-300x169.webp 300w, https:\/\/cdn.media-acidadeon.com.br\/ribeiraopreto\/wp-content\/uploads\/sites\/3\/2025\/12\/domingo-24_2025-12-22_21-54-07-768x432.webp 768w, https:\/\/cdn.media-acidadeon.com.br\/ribeiraopreto\/wp-content\/uploads\/sites\/3\/2025\/12\/domingo-24_2025-12-22_21-54-07-696x392.webp 696w, https:\/\/cdn.media-acidadeon.com.br\/ribeiraopreto\/wp-content\/uploads\/sites\/3\/2025\/12\/domingo-24_2025-12-22_21-54-07-1068x601.webp 1068w, https:\/\/cdn.media-acidadeon.com.br\/ribeiraopreto\/wp-content\/uploads\/sites\/3\/2025\/12\/domingo-24_2025-12-22_21-54-07.webp 1200w\" sizes=\"auto, (max-width: 1024px) 100vw, 1024px\"\/><figcaption class=\"wp-element-caption\">Previs\u00e3o estendida para Ribeir\u00e3o Preto \u2013 Foto: reprodu\u00e7\u00e3o\/ Climatempo.<\/figcaption><\/figure>\n<\/figure>\n<hr class=\"wp-block-separator has-alpha-channel-opacity\"\/>\n<p>SAIBA MAIS<\/p>\n<p>Litoral de SP est\u00e1 com 22 praias impr\u00f3prias para banho neste Natal; Saiba quais<\/p>\n<h2 class=\"wp-block-heading\"><strong>FIQUE ON<\/strong><\/h2>\n<p>Fique ligado em tudo que acontece em Ribeir\u00e3o Preto e regi\u00e3o. Siga os perfis do\u00a0<strong>acidade on<\/strong>\u00a0no<a href=\"https:\/\/www.instagram.com\/acidadeonribeirao\" target=\"_blank\" rel=\"noreferrer noopener\">\u00a0Instagram\u00a0<\/a>e no\u00a0<a href=\"https:\/\/www.facebook.com\/acidadeonribeirao\/\" target=\"_blank\" rel=\"noreferrer noopener\">Facebook<\/a>.<\/p>\n<p>Receba not\u00edcias do\u00a0<strong>acidade on<\/strong>\u00a0no WhatsApp. Para entrar no grupo,\u00a0basta\u00a0<a href=\"https:\/\/chat.whatsapp.com\/GFH9HUMUTHNFJdnyEd0xxq\" target=\"_blank\" rel=\"noreferrer noopener\">clicar aqui<\/a>. Ou, acesse o nosso\u00a0Canal\u00a0<a href=\"https:\/\/whatsapp.com\/channel\/0029Vb6IQl1JENyAeS57fk2p\" target=\"_blank\" rel=\"noreferrer noopener\">clicando aqui<\/a>.<\/p>\n<p>Fa\u00e7a uma den\u00fancia ou sugira uma reportagem sobre Ribeir\u00e3o Preto e regi\u00e3o pelo WhatsApp: 16 99117 7802.<\/p>\n<p>VEJA TAMB\u00c9M<\/p>\n<p>Qual \u00e9 a doen\u00e7a de Aroldo Macedo?<\/p>\n<p><!-- AI CONTENT END 1 -->\n<\/div>\n<\/div>\n<p><script async src=\"\/\/www.instagram.com\/embed.js\"><\/script><br \/>\n<br \/><br \/>\n<br \/><a href=\"https:\/\/www.acidadeon.com\/ribeiraopreto\/cotidiano\/primeira-semana-do-verao-tera-nova-onda-de-calor-em-sp-confira-a-previsao\/\">Source link <\/a><\/p>\n<!-- CONTENT END 1 -->\n","protected":false},"excerpt":{"rendered":"<p>O ver\u00e3o come\u00e7ou oficialmente no Brasil sob a influ\u00eancia de uma nova onda de calor que deve marcar a semana do Natal e os primeiros&#8230;<\/p>\n","protected":false},"author":1,"featured_media":81071,"comment_status":"open","ping_status":"open","sticky":false,"template":"","format":"standard","meta":{"advanced_seo_description":"","jetpack_seo_html_title":"","jetpack_seo_noindex":false,"jetpack_post_was_ever_published":false,"_jetpack_newsletter_access":"","_jetpack_dont_email_post_to_subs":false,"_jetpack_newsletter_tier_id":0,"_jetpack_memberships_contains_paywalled_content":false,"_jetpack_memberships_contains_paid_content":false,"footnotes":"","jetpack_publicize_message":"","jetpack_publicize_feature_enabled":true,"jetpack_social_post_already_shared":true,"jetpack_social_options":{"image_generator_settings":{"template":"highway","default_image_id":0,"font":"","enabled":false},"version":2}},"categories":[11],"tags":[],"class_list":["post-81070","post","type-post","status-publish","format-standard","has-post-thumbnail","hentry","category-noticias-de-ribeirao-preto-sp-e-regiao-ismael-colosi"],"jetpack_publicize_connections":[],"jetpack_featured_media_url":"https:\/\/i0.wp.com\/noticiasribeiraopreto.com.br\/wp-content\/uploads\/2025\/12\/20230916_171444.jpg?fit=2000%2C1193&ssl=1","jetpack-related-posts":[{"id":41845,"url":"https:\/\/noticiasribeiraopreto.com.br\/index.php\/2024\/03\/11\/nova-onda-de-calor-comeca-nesta-semana\/","url_meta":{"origin":81070,"position":0},"title":"Nova onda de calor come\u00e7a nesta semana","author":"noticiasribeiraopreto.com.br","date":"11 de March de 2024","format":false,"excerpt":"11 de mar\u00e7o de 2024 | 12:0011 de mar\u00e7o de 2024 | 10:48 0Uma nova onda de calor atingir\u00e1 parte do Brasil\u00a0 esta semana. A temperatura come\u00e7ar\u00e1 a subir a partir da quarta-feira, 13.Uma onda de calor \u00e9 caracterizada quando as temperaturas permanecem entre 3\u00b0C e 5\u00b0C acima da m\u00e9dia\u2026","rel":"","context":"In &quot;Not\u00edcias de Ribeir\u00e3o Preto-SP e Regi\u00e3o&quot;","block_context":{"text":"Not\u00edcias de Ribeir\u00e3o Preto-SP e Regi\u00e3o","link":"https:\/\/noticiasribeiraopreto.com.br\/index.php\/category\/noticias-de-ribeirao-preto-sp-e-regiao-ismael-colosi\/"},"img":{"alt_text":"","src":"https:\/\/i0.wp.com\/noticiasribeiraopreto.com.br\/wp-content\/uploads\/2024\/03\/onda-de-calor-scaled.jpg?fit=1000%2C563&ssl=1&resize=350%2C200","width":350,"height":200,"srcset":"https:\/\/i0.wp.com\/noticiasribeiraopreto.com.br\/wp-content\/uploads\/2024\/03\/onda-de-calor-scaled.jpg?fit=1000%2C563&ssl=1&resize=350%2C200 1x, https:\/\/i0.wp.com\/noticiasribeiraopreto.com.br\/wp-content\/uploads\/2024\/03\/onda-de-calor-scaled.jpg?fit=1000%2C563&ssl=1&resize=525%2C300 1.5x, https:\/\/i0.wp.com\/noticiasribeiraopreto.com.br\/wp-content\/uploads\/2024\/03\/onda-de-calor-scaled.jpg?fit=1000%2C563&ssl=1&resize=700%2C400 2x"},"classes":[]},{"id":14254,"url":"https:\/\/noticiasribeiraopreto.com.br\/index.php\/2023\/12\/11\/com-onda-de-calor-veja-a-previsao-para-os-proximos-5-dias-em-ribeirao-preto\/","url_meta":{"origin":81070,"position":1},"title":"Com onda de calor, veja a previs\u00e3o para os pr\u00f3ximos 5 dias em Ribeir\u00e3o Preto","author":"noticiasribeiraopreto.com.br","date":"11 de December de 2023","format":false,"excerpt":"Uma nova onda de calor deve atingir Ribeir\u00e3o Preto e regi\u00e3o, a partir de quinta-feira (14), e deve fazer com que os term\u00f4metros se aproximem dos 40\u00baC na reta final da primavera. O fen\u00f4meno, que tamb\u00e9m acontece em grande parte do Brasil, far\u00e1 com que a as temperaturas voltem a\u2026","rel":"","context":"In &quot;Not\u00edcias de Ribeir\u00e3o Preto-SP e Regi\u00e3o&quot;","block_context":{"text":"Not\u00edcias de Ribeir\u00e3o Preto-SP e Regi\u00e3o","link":"https:\/\/noticiasribeiraopreto.com.br\/index.php\/category\/noticias-de-ribeirao-preto-sp-e-regiao-ismael-colosi\/"},"img":{"alt_text":"","src":"https:\/\/noticiasribeiraopreto.com.br\/wp-content\/uploads\/2023\/12\/whatsapp_image_2023-03-18_at_09_01_45.jpe","width":350,"height":200,"srcset":"https:\/\/noticiasribeiraopreto.com.br\/wp-content\/uploads\/2023\/12\/whatsapp_image_2023-03-18_at_09_01_45.jpe 1x, https:\/\/noticiasribeiraopreto.com.br\/wp-content\/uploads\/2023\/12\/whatsapp_image_2023-03-18_at_09_01_45.jpe 1.5x, https:\/\/noticiasribeiraopreto.com.br\/wp-content\/uploads\/2023\/12\/whatsapp_image_2023-03-18_at_09_01_45.jpe 2x, https:\/\/noticiasribeiraopreto.com.br\/wp-content\/uploads\/2023\/12\/whatsapp_image_2023-03-18_at_09_01_45.jpe 3x"},"classes":[]},{"id":42701,"url":"https:\/\/noticiasribeiraopreto.com.br\/index.php\/2024\/03\/16\/ultimo-fim-de-semana-do-verao-com-calor-excessivo-no-interior-de-sp-confira\/","url_meta":{"origin":81070,"position":2},"title":"\u00daltimo fim de semana do ver\u00e3o com calor excessivo no interior de SP; Confira","author":"noticiasribeiraopreto.com.br","date":"16 de March de 2024","format":false,"excerpt":"O \u00faltimo fim de semana do ver\u00e3o \u2013 que termina \u00e0 0h06 do dia 20 de mar\u00e7o \u2013 deve ser de calor excessivo em todo Estado de S\u00e3o Paulo. Ribeir\u00e3o Preto pode registrar neste s\u00e1bado (16) temperatura m\u00e1xima de 36 graus, considerada acima da m\u00e9dia normal para mar\u00e7o, segundo meteorologistas,\u2026","rel":"","context":"In &quot;Not\u00edcias de Ribeir\u00e3o Preto-SP e Regi\u00e3o&quot;","block_context":{"text":"Not\u00edcias de Ribeir\u00e3o Preto-SP e Regi\u00e3o","link":"https:\/\/noticiasribeiraopreto.com.br\/index.php\/category\/noticias-de-ribeirao-preto-sp-e-regiao-ismael-colosi\/"},"img":{"alt_text":"","src":"https:\/\/i0.wp.com\/noticiasribeiraopreto.com.br\/wp-content\/uploads\/2024\/03\/Copia-de-Copia-de-TAMANHO-EXATO-PARA-FOTOS-NO-SISTEMA-NOVO-57.jpg?fit=1200%2C675&ssl=1&resize=350%2C200","width":350,"height":200,"srcset":"https:\/\/i0.wp.com\/noticiasribeiraopreto.com.br\/wp-content\/uploads\/2024\/03\/Copia-de-Copia-de-TAMANHO-EXATO-PARA-FOTOS-NO-SISTEMA-NOVO-57.jpg?fit=1200%2C675&ssl=1&resize=350%2C200 1x, https:\/\/i0.wp.com\/noticiasribeiraopreto.com.br\/wp-content\/uploads\/2024\/03\/Copia-de-Copia-de-TAMANHO-EXATO-PARA-FOTOS-NO-SISTEMA-NOVO-57.jpg?fit=1200%2C675&ssl=1&resize=525%2C300 1.5x, https:\/\/i0.wp.com\/noticiasribeiraopreto.com.br\/wp-content\/uploads\/2024\/03\/Copia-de-Copia-de-TAMANHO-EXATO-PARA-FOTOS-NO-SISTEMA-NOVO-57.jpg?fit=1200%2C675&ssl=1&resize=700%2C400 2x, https:\/\/i0.wp.com\/noticiasribeiraopreto.com.br\/wp-content\/uploads\/2024\/03\/Copia-de-Copia-de-TAMANHO-EXATO-PARA-FOTOS-NO-SISTEMA-NOVO-57.jpg?fit=1200%2C675&ssl=1&resize=1050%2C600 3x"},"classes":[]},{"id":63344,"url":"https:\/\/noticiasribeiraopreto.com.br\/index.php\/2025\/02\/11\/onda-de-calor-atinge-interior-de-sp-nesta-semana-veja-previsao\/","url_meta":{"origin":81070,"position":3},"title":"Onda de calor atinge interior de SP nesta semana; Veja previs\u00e3o","author":"noticiasribeiraopreto.com.br","date":"11 de February de 2025","format":false,"excerpt":"Os pr\u00f3ximos dias no interior de S\u00e3o Paulo ser\u00e3o de calor intenso. Uma nova onda de calor deve come\u00e7ar a atuar nesta quarta-feira (12) e promete elevar as temperaturas. Em nova atualiza\u00e7\u00e3o da Climatempo, o estado de S\u00e3o Paulo como um todo aparece no limiar da onda de calor. Portanto,\u2026","rel":"","context":"In &quot;Not\u00edcias de Ribeir\u00e3o Preto-SP e Regi\u00e3o&quot;","block_context":{"text":"Not\u00edcias de Ribeir\u00e3o Preto-SP e Regi\u00e3o","link":"https:\/\/noticiasribeiraopreto.com.br\/index.php\/category\/noticias-de-ribeirao-preto-sp-e-regiao-ismael-colosi\/"},"img":{"alt_text":"","src":"https:\/\/i0.wp.com\/noticiasribeiraopreto.com.br\/wp-content\/uploads\/2024\/04\/AnyConv.com__CLIMA_QUENTE_NA_CIDADE_DE_CAMPINAS_SP_CoDIGO-19_173574-1068x712-1.webp.webp?fit=1068%2C712&ssl=1&resize=350%2C200","width":350,"height":200,"srcset":"https:\/\/i0.wp.com\/noticiasribeiraopreto.com.br\/wp-content\/uploads\/2024\/04\/AnyConv.com__CLIMA_QUENTE_NA_CIDADE_DE_CAMPINAS_SP_CoDIGO-19_173574-1068x712-1.webp.webp?fit=1068%2C712&ssl=1&resize=350%2C200 1x, https:\/\/i0.wp.com\/noticiasribeiraopreto.com.br\/wp-content\/uploads\/2024\/04\/AnyConv.com__CLIMA_QUENTE_NA_CIDADE_DE_CAMPINAS_SP_CoDIGO-19_173574-1068x712-1.webp.webp?fit=1068%2C712&ssl=1&resize=525%2C300 1.5x, https:\/\/i0.wp.com\/noticiasribeiraopreto.com.br\/wp-content\/uploads\/2024\/04\/AnyConv.com__CLIMA_QUENTE_NA_CIDADE_DE_CAMPINAS_SP_CoDIGO-19_173574-1068x712-1.webp.webp?fit=1068%2C712&ssl=1&resize=700%2C400 2x, https:\/\/i0.wp.com\/noticiasribeiraopreto.com.br\/wp-content\/uploads\/2024\/04\/AnyConv.com__CLIMA_QUENTE_NA_CIDADE_DE_CAMPINAS_SP_CoDIGO-19_173574-1068x712-1.webp.webp?fit=1068%2C712&ssl=1&resize=1050%2C600 3x"},"classes":[]},{"id":47878,"url":"https:\/\/noticiasribeiraopreto.com.br\/index.php\/2024\/04\/29\/onda-de-calor-e-estendida-e-tem-nova-data-para-acabar-no-estado-de-sp-confira\/","url_meta":{"origin":81070,"position":4},"title":"Onda de calor \u00e9 estendida e tem nova data para acabar no estado de SP; Confira","author":"noticiasribeiraopreto.com.br","date":"29 de April de 2024","format":false,"excerpt":"A onda de calor que teve in\u00edcio na \u00faltima segunda-feira (22) vai se estender no estado de S\u00e3o Paulo. Segundo a Climatempo, a previs\u00e3o de t\u00e9rmino era a pr\u00f3xima quinta-feira (2), por\u00e9m, o per\u00edodo foi estendido at\u00e9 ao menos o dia 10 de maio. Faixa vermelha Na primeira previs\u00e3o, divulgada\u2026","rel":"","context":"In &quot;Not\u00edcias de Ribeir\u00e3o Preto-SP e Regi\u00e3o&quot;","block_context":{"text":"Not\u00edcias de Ribeir\u00e3o Preto-SP e Regi\u00e3o","link":"https:\/\/noticiasribeiraopreto.com.br\/index.php\/category\/noticias-de-ribeirao-preto-sp-e-regiao-ismael-colosi\/"},"img":{"alt_text":"","src":"https:\/\/i0.wp.com\/noticiasribeiraopreto.com.br\/wp-content\/uploads\/2024\/04\/ONDA-CALOR-ESTENDIDA-2_2024-04-29_14-55-11_jpg.webp.webp?fit=1200%2C832&ssl=1&resize=350%2C200","width":350,"height":200,"srcset":"https:\/\/i0.wp.com\/noticiasribeiraopreto.com.br\/wp-content\/uploads\/2024\/04\/ONDA-CALOR-ESTENDIDA-2_2024-04-29_14-55-11_jpg.webp.webp?fit=1200%2C832&ssl=1&resize=350%2C200 1x, https:\/\/i0.wp.com\/noticiasribeiraopreto.com.br\/wp-content\/uploads\/2024\/04\/ONDA-CALOR-ESTENDIDA-2_2024-04-29_14-55-11_jpg.webp.webp?fit=1200%2C832&ssl=1&resize=525%2C300 1.5x, https:\/\/i0.wp.com\/noticiasribeiraopreto.com.br\/wp-content\/uploads\/2024\/04\/ONDA-CALOR-ESTENDIDA-2_2024-04-29_14-55-11_jpg.webp.webp?fit=1200%2C832&ssl=1&resize=700%2C400 2x, https:\/\/i0.wp.com\/noticiasribeiraopreto.com.br\/wp-content\/uploads\/2024\/04\/ONDA-CALOR-ESTENDIDA-2_2024-04-29_14-55-11_jpg.webp.webp?fit=1200%2C832&ssl=1&resize=1050%2C600 3x"},"classes":[]},{"id":58523,"url":"https:\/\/noticiasribeiraopreto.com.br\/index.php\/2024\/09\/29\/interior-de-sp-tem-alerta-para-nova-onda-de-calor-veja-previsao\/","url_meta":{"origin":81070,"position":5},"title":"Interior de SP tem alerta para nova onda de calor; Veja previs\u00e3o","author":"noticiasribeiraopreto.com.br","date":"29 de September de 2024","format":false,"excerpt":"O ar quente e seco volta a ganhar for\u00e7a no interior de S\u00e3o Paulo a partir deste domingo (29), dando in\u00edcio a oitava onda de calor na regi\u00e3o, de acordo com a Climatempo. Conforme a previs\u00e3o do servi\u00e7o de meteorologia, nos pr\u00f3ximos dias podemos esperar qualidade do ar comprometida, potencial\u2026","rel":"","context":"In &quot;Not\u00edcias de Ribeir\u00e3o Preto-SP e Regi\u00e3o&quot;","block_context":{"text":"Not\u00edcias de Ribeir\u00e3o Preto-SP e Regi\u00e3o","link":"https:\/\/noticiasribeiraopreto.com.br\/index.php\/category\/noticias-de-ribeirao-preto-sp-e-regiao-ismael-colosi\/"},"img":{"alt_text":"","src":"https:\/\/i0.wp.com\/noticiasribeiraopreto.com.br\/wp-content\/uploads\/2024\/09\/20230916_171444.jpg?fit=1200%2C716&ssl=1&resize=350%2C200","width":350,"height":200,"srcset":"https:\/\/i0.wp.com\/noticiasribeiraopreto.com.br\/wp-content\/uploads\/2024\/09\/20230916_171444.jpg?fit=1200%2C716&ssl=1&resize=350%2C200 1x, https:\/\/i0.wp.com\/noticiasribeiraopreto.com.br\/wp-content\/uploads\/2024\/09\/20230916_171444.jpg?fit=1200%2C716&ssl=1&resize=525%2C300 1.5x, https:\/\/i0.wp.com\/noticiasribeiraopreto.com.br\/wp-content\/uploads\/2024\/09\/20230916_171444.jpg?fit=1200%2C716&ssl=1&resize=700%2C400 2x, https:\/\/i0.wp.com\/noticiasribeiraopreto.com.br\/wp-content\/uploads\/2024\/09\/20230916_171444.jpg?fit=1200%2C716&ssl=1&resize=1050%2C600 3x"},"classes":[]}],"jetpack_sharing_enabled":true,"jetpack_shortlink":"https:\/\/wp.me\/peQAOb-l5A","_links":{"self":[{"href":"https:\/\/noticiasribeiraopreto.com.br\/index.php\/wp-json\/wp\/v2\/posts\/81070","targetHints":{"allow":["GET"]}}],"collection":[{"href":"https:\/\/noticiasribeiraopreto.com.br\/index.php\/wp-json\/wp\/v2\/posts"}],"about":[{"href":"https:\/\/noticiasribeiraopreto.com.br\/index.php\/wp-json\/wp\/v2\/types\/post"}],"author":[{"embeddable":true,"href":"https:\/\/noticiasribeiraopreto.com.br\/index.php\/wp-json\/wp\/v2\/users\/1"}],"replies":[{"embeddable":true,"href":"https:\/\/noticiasribeiraopreto.com.br\/index.php\/wp-json\/wp\/v2\/comments?post=81070"}],"version-history":[{"count":0,"href":"https:\/\/noticiasribeiraopreto.com.br\/index.php\/wp-json\/wp\/v2\/posts\/81070\/revisions"}],"wp:featuredmedia":[{"embeddable":true,"href":"https:\/\/noticiasribeiraopreto.com.br\/index.php\/wp-json\/wp\/v2\/media\/81071"}],"wp:attachment":[{"href":"https:\/\/noticiasribeiraopreto.com.br\/index.php\/wp-json\/wp\/v2\/media?parent=81070"}],"wp:term":[{"taxonomy":"category","embeddable":true,"href":"https:\/\/noticiasribeiraopreto.com.br\/index.php\/wp-json\/wp\/v2\/categories?post=81070"},{"taxonomy":"post_tag","embeddable":true,"href":"https:\/\/noticiasribeiraopreto.com.br\/index.php\/wp-json\/wp\/v2\/tags?post=81070"}],"curies":[{"name":"wp","href":"https:\/\/api.w.org\/{rel}","templated":true}]}}