{"id":81072,"date":"2025-12-23T06:30:38","date_gmt":"2025-12-23T09:30:38","guid":{"rendered":"https:\/\/noticiasribeiraopreto.com.br\/index.php\/2025\/12\/23\/criminoso-morre-apos-ser-baleado-por-pm-de-folga-durante-tentativa-de-roubo-em-ribeirao-preto\/"},"modified":"2025-12-23T06:30:38","modified_gmt":"2025-12-23T09:30:38","slug":"criminoso-morre-apos-ser-baleado-por-pm-de-folga-durante-tentativa-de-roubo-em-ribeirao-preto","status":"publish","type":"post","link":"https:\/\/noticiasribeiraopreto.com.br\/index.php\/2025\/12\/23\/criminoso-morre-apos-ser-baleado-por-pm-de-folga-durante-tentativa-de-roubo-em-ribeirao-preto\/","title":{"rendered":"Criminoso morre ap\u00f3s ser baleado por PM de folga durante tentativa de roubo em Ribeir\u00e3o Preto"},"content":{"rendered":"<div class='code-block code-block-1' style='margin: 8px 0 8px auto; text-align: right; display: block; clear: both;'>\n<p><a href=\"https:\/\/wa.link\/vpicfd\"><img data-recalc-dims=\"1\" class=\"wp-image-4922\" style=\"aspect-ratio: 2.0253164556962027; width: 561px; height: auto;\" src=\"https:\/\/i0.wp.com\/ismaelcolosi.com.br\/wp-content\/uploads\/2023\/11\/grupo-de-empregos-whatsapp-e-facebook-ismael-colosi-vagas.jpg?ssl=1\" alt=\"\" \/><\/a><\/p>\n<!-- \/wp:image -->\n<\/div>\n<p> <br \/>\n<\/p>\n<div data-td-block-uid=\"tdi_95\">\n<div class=\"tdb-block-inner td-fix-index\">\n<p>Um homem de 30 anos morreu ap\u00f3s ser <strong>baleado por um policial militar<\/strong> durante uma<strong> tentativa de roubo<\/strong> a uma tape\u00e7aria localizada na rua Para\u00edba, no bairro Campos El\u00edseos, zona Norte de <strong>Ribeir\u00e3o Preto<\/strong>, na tarde desta segunda-feira (22).<\/p>\n<p>De acordo com as informa\u00e7\u00f5es da<strong> Pol\u00edcia Militar<\/strong>, o suspeito teria entrado no estabelecimento anunciando o roubo e rendeu as pessoas que estavam no interior do com\u00e9rcio. <mark style=\"background-color:#fcb900\" class=\"has-inline-color\"><strong>Entre elas, estava um policial militar de folga<\/strong>.<\/mark><\/p>\n<figure class=\"wp-block-pullquote\">\n<blockquote>\n<p>No interior havia um policial militar que estaria de folga. Ele estava realizando um or\u00e7amento para a confec\u00e7\u00e3o de um sof\u00e1. Ele aproveitou desse momento, foi para o fundo da tape\u00e7aria e se abrigou. Quando esse indiv\u00edduo chegou no fundo do local com as demais v\u00edtimas, ele efetuou os disparos para revidar essa injusta agress\u00e3o<\/p>\n<p><cite>Tenente Guilherme Zanardo, em entrevista \u00e0 CBN Ribeir\u00e3o<\/cite><\/p><\/blockquote>\n<\/figure>\n<p>Segundo o tenente, apenas o assaltado foi atingido. Ele estava armado com um rev\u00f3lver calibre 38, sem numera\u00e7\u00e3o, com quatro muni\u00e7\u00f5es intactas.<\/p>\n<p>Zanardo ainda disse que o homem era morador de <strong>Cravinhos<\/strong>, cidade a cerca de 20 quil\u00f4metros de Ribeir\u00e3o Preto, e que <strong>possu\u00eda antecedentes por tr\u00e1fico de drogas e furto<\/strong>. <strong><mark style=\"background-color:#fcb900\" class=\"has-inline-color\">Ele n\u00e3o resistiu aos ferimentos e morreu no local. <\/mark><\/strong><\/p>\n<p>Testemunhas relataram ainda a poss\u00edvel <strong>participa\u00e7\u00e3o de um segundo indiv\u00edduo<\/strong>, que teria fugido ap\u00f3s os disparos.<\/p>\n<figure class=\"wp-block-pullquote\">\n<blockquote>\n<p>De acordo com testemunhas, haveria um segundo indiv\u00edduo que ficou fazendo a cobertura, que aguardava no local pelo lado de fora. No momento dos disparos, ele se evadiu a p\u00e9<\/p>\n<p><cite>Tenente Guilherme Zanardo<\/cite><\/p><\/blockquote>\n<\/figure>\n<p>O local foi isolado para o trabalho da per\u00edcia e o caso segue sob investiga\u00e7\u00e3o.<\/p>\n<p><em>*Com informa\u00e7\u00f5es da <strong>CBN Ribeir\u00e3o<\/strong><\/em><\/p>\n<hr class=\"wp-block-separator has-alpha-channel-opacity\"\/>\n<p>SAIBA MAIS<\/p>\n<p>Homem \u00e9 baleado em frente \u00e0 UPA enquanto filho era atendido na regi\u00e3o de Ribeir\u00e3o<\/p>\n<h2 class=\"wp-block-heading\"><strong>FIQUE ON<\/strong><\/h2>\n<p>Fique ligado em tudo que acontece em Ribeir\u00e3o Preto e regi\u00e3o. Siga os perfis do\u00a0<strong>acidade on\u00a0<\/strong>no<a href=\"https:\/\/www.instagram.com\/acidadeonribeirao\" target=\"_blank\" rel=\"noreferrer noopener\">\u00a0Instagram<\/a>\u00a0e no\u00a0<a href=\"https:\/\/www.facebook.com\/acidadeonribeirao\/\" target=\"_blank\" rel=\"noreferrer noopener\">Facebook<\/a>.<\/p>\n<p>Receba not\u00edcias do\u00a0<strong>acidade on<\/strong>\u00a0no WhatsApp. Para entrar no grupo,\u00a0basta\u00a0<a href=\"https:\/\/chat.whatsapp.com\/GFH9HUMUTHNFJdnyEd0xxq\" target=\"_blank\" rel=\"noreferrer noopener\">clicar aqui<\/a>. Ou, acesse o nosso\u00a0Canal\u00a0<a href=\"https:\/\/whatsapp.com\/channel\/0029Vb6IQl1JENyAeS57fk2p\" target=\"_blank\" rel=\"noreferrer noopener\">clicando aqui<\/a>.<\/p>\n<p>Fa\u00e7a uma den\u00fancia ou sugira uma reportagem sobre Ribeir\u00e3o Preto e regi\u00e3o pelo WhatsApp: 16 99117 7802.<\/p>\n<p>VEJA TAMB\u00c9M<\/p>\n<p>Infinite Icon: quando estreia o novo document\u00e1rio de Paris Hilton?<\/p>\n<p><!-- AI CONTENT END 1 -->\n<\/div>\n<\/div>\n<p><script async src=\"\/\/www.instagram.com\/embed.js\"><\/script><br \/>\n<br \/><br \/>\n<br \/><a href=\"https:\/\/www.acidadeon.com\/ribeiraopreto\/cotidiano\/criminoso-morre-apos-ser-baleado-por-pm-de-folga-durante-tentativa-de-roubo-em-ribeirao-preto\/\">Source link <\/a><\/p>\n<!-- CONTENT END 1 -->\n","protected":false},"excerpt":{"rendered":"<p>Um homem de 30 anos morreu ap\u00f3s ser baleado por um policial militar durante uma tentativa de roubo a uma tape\u00e7aria localizada na rua Para\u00edba,&#8230;<\/p>\n","protected":false},"author":1,"featured_media":81073,"comment_status":"open","ping_status":"open","sticky":false,"template":"","format":"standard","meta":{"advanced_seo_description":"","jetpack_seo_html_title":"","jetpack_seo_noindex":false,"jetpack_post_was_ever_published":false,"_jetpack_newsletter_access":"","_jetpack_dont_email_post_to_subs":false,"_jetpack_newsletter_tier_id":0,"_jetpack_memberships_contains_paywalled_content":false,"_jetpack_memberships_contains_paid_content":false,"footnotes":"","jetpack_publicize_message":"","jetpack_publicize_feature_enabled":true,"jetpack_social_post_already_shared":true,"jetpack_social_options":{"image_generator_settings":{"template":"highway","default_image_id":0,"font":"","enabled":false},"version":2}},"categories":[11],"tags":[],"class_list":["post-81072","post","type-post","status-publish","format-standard","has-post-thumbnail","hentry","category-noticias-de-ribeirao-preto-sp-e-regiao-ismael-colosi"],"jetpack_publicize_connections":[],"jetpack_featured_media_url":"https:\/\/i0.wp.com\/noticiasribeiraopreto.com.br\/wp-content\/uploads\/2025\/12\/domingo-22_2025-12-22_19-54-50.webp.webp?fit=1200%2C675&ssl=1","jetpack-related-posts":[{"id":62287,"url":"https:\/\/noticiasribeiraopreto.com.br\/index.php\/2025\/01\/09\/policial-militar-de-folga-reage-e-impede-roubo-do-proprio-carro-em-ribeirao-preto-video\/","url_meta":{"origin":81072,"position":0},"title":"Policial militar de folga reage e impede roubo do pr\u00f3prio carro em Ribeir\u00e3o Preto; V\u00eddeo","author":"noticiasribeiraopreto.com.br","date":"9 de January de 2025","format":false,"excerpt":"Uma policial militar de folga impediu o roubo de seu carro particular na noite desta quarta-feira (8), ao dar pelo menos tr\u00eas tiros no Jardim Palmares, zona Leste de Ribeir\u00e3o Preto. Assista ao v\u00eddeo abaixo. Segundo o boletim de ocorr\u00eancia (BO), o ve\u00edculo \u2013 um Volkswagen Gol cinza \u2013 estava\u2026","rel":"","context":"In &quot;Not\u00edcias de Ribeir\u00e3o Preto-SP e Regi\u00e3o&quot;","block_context":{"text":"Not\u00edcias de Ribeir\u00e3o Preto-SP e Regi\u00e3o","link":"https:\/\/noticiasribeiraopreto.com.br\/index.php\/category\/noticias-de-ribeirao-preto-sp-e-regiao-ismael-colosi\/"},"img":{"alt_text":"","src":"https:\/\/i0.wp.com\/noticiasribeiraopreto.com.br\/wp-content\/uploads\/2025\/01\/POLICIAL_2025-01-09_15-21-43_jpg_2025-01-09_15-21-43.webp.webp?fit=1200%2C866&ssl=1&resize=350%2C200","width":350,"height":200,"srcset":"https:\/\/i0.wp.com\/noticiasribeiraopreto.com.br\/wp-content\/uploads\/2025\/01\/POLICIAL_2025-01-09_15-21-43_jpg_2025-01-09_15-21-43.webp.webp?fit=1200%2C866&ssl=1&resize=350%2C200 1x, https:\/\/i0.wp.com\/noticiasribeiraopreto.com.br\/wp-content\/uploads\/2025\/01\/POLICIAL_2025-01-09_15-21-43_jpg_2025-01-09_15-21-43.webp.webp?fit=1200%2C866&ssl=1&resize=525%2C300 1.5x, https:\/\/i0.wp.com\/noticiasribeiraopreto.com.br\/wp-content\/uploads\/2025\/01\/POLICIAL_2025-01-09_15-21-43_jpg_2025-01-09_15-21-43.webp.webp?fit=1200%2C866&ssl=1&resize=700%2C400 2x, https:\/\/i0.wp.com\/noticiasribeiraopreto.com.br\/wp-content\/uploads\/2025\/01\/POLICIAL_2025-01-09_15-21-43_jpg_2025-01-09_15-21-43.webp.webp?fit=1200%2C866&ssl=1&resize=1050%2C600 3x"},"classes":[]},{"id":77759,"url":"https:\/\/noticiasribeiraopreto.com.br\/index.php\/2025\/09\/25\/homem-morre-baleado-por-pm-de-folga-no-centro\/","url_meta":{"origin":81072,"position":1},"title":"Homem morre baleado por PM de folga no Centro","author":"noticiasribeiraopreto.com.br","date":"25 de September de 2025","format":false,"excerpt":"Autor do disparo estava em estabelecimento comercial do pai e teria reagido a uma tentativa de assalto 25 de setembro de 2025 11:214 Compartilhar1 Por: Adalberto Luque Um homem de 35 anos morreu baleado na tarde desta quarta-feira (24), dentro de um emp\u00f3rio no Centro de Ribeir\u00e3o Preto. Ele foi\u2026","rel":"","context":"In &quot;Not\u00edcias de Ribeir\u00e3o Preto-SP e Regi\u00e3o&quot;","block_context":{"text":"Not\u00edcias de Ribeir\u00e3o Preto-SP e Regi\u00e3o","link":"https:\/\/noticiasribeiraopreto.com.br\/index.php\/category\/noticias-de-ribeirao-preto-sp-e-regiao-ismael-colosi\/"},"img":{"alt_text":"","src":"https:\/\/i0.wp.com\/noticiasribeiraopreto.com.br\/wp-content\/uploads\/2025\/09\/23-set-2025-morteporpm1-scaled.jpg?fit=1200%2C675&ssl=1&resize=350%2C200","width":350,"height":200,"srcset":"https:\/\/i0.wp.com\/noticiasribeiraopreto.com.br\/wp-content\/uploads\/2025\/09\/23-set-2025-morteporpm1-scaled.jpg?fit=1200%2C675&ssl=1&resize=350%2C200 1x, https:\/\/i0.wp.com\/noticiasribeiraopreto.com.br\/wp-content\/uploads\/2025\/09\/23-set-2025-morteporpm1-scaled.jpg?fit=1200%2C675&ssl=1&resize=525%2C300 1.5x, https:\/\/i0.wp.com\/noticiasribeiraopreto.com.br\/wp-content\/uploads\/2025\/09\/23-set-2025-morteporpm1-scaled.jpg?fit=1200%2C675&ssl=1&resize=700%2C400 2x, https:\/\/i0.wp.com\/noticiasribeiraopreto.com.br\/wp-content\/uploads\/2025\/09\/23-set-2025-morteporpm1-scaled.jpg?fit=1200%2C675&ssl=1&resize=1050%2C600 3x"},"classes":[]},{"id":64127,"url":"https:\/\/noticiasribeiraopreto.com.br\/index.php\/2025\/03\/02\/filho-de-policial-militar-e-baleado-durante-tentativa-de-roubo-em-ribeirao-preto\/","url_meta":{"origin":81072,"position":2},"title":"Filho de Policial Militar \u00e9 Baleado Durante Tentativa de Roubo em Ribeir\u00e3o Preto","author":"noticiasribeiraopreto.com.br","date":"2 de March de 2025","format":false,"excerpt":"Na manh\u00e3 de 2 de mar\u00e7o de 2025, um grave epis\u00f3dio de viol\u00eancia abalou a cidade de Ribeir\u00e3o Preto. Durante uma tentativa de roubo, o filho de um policial militar foi baleado, em um incidente que ocorreu em uma \u00e1rea residencial movimentada. Testemunhas afirmam que, no meio da confus\u00e3o, o\u2026","rel":"","context":"In &quot;Not\u00edcias de Ribeir\u00e3o Preto-SP e Regi\u00e3o&quot;","block_context":{"text":"Not\u00edcias de Ribeir\u00e3o Preto-SP e Regi\u00e3o","link":"https:\/\/noticiasribeiraopreto.com.br\/index.php\/category\/noticias-de-ribeirao-preto-sp-e-regiao-ismael-colosi\/"},"img":{"alt_text":"","src":"https:\/\/i0.wp.com\/noticiasribeiraopreto.com.br\/wp-content\/uploads\/2025\/03\/53501337827_9a374cc93e_o.webp.webp?fit=1170%2C700&ssl=1&resize=350%2C200","width":350,"height":200,"srcset":"https:\/\/i0.wp.com\/noticiasribeiraopreto.com.br\/wp-content\/uploads\/2025\/03\/53501337827_9a374cc93e_o.webp.webp?fit=1170%2C700&ssl=1&resize=350%2C200 1x, https:\/\/i0.wp.com\/noticiasribeiraopreto.com.br\/wp-content\/uploads\/2025\/03\/53501337827_9a374cc93e_o.webp.webp?fit=1170%2C700&ssl=1&resize=525%2C300 1.5x, https:\/\/i0.wp.com\/noticiasribeiraopreto.com.br\/wp-content\/uploads\/2025\/03\/53501337827_9a374cc93e_o.webp.webp?fit=1170%2C700&ssl=1&resize=700%2C400 2x, https:\/\/i0.wp.com\/noticiasribeiraopreto.com.br\/wp-content\/uploads\/2025\/03\/53501337827_9a374cc93e_o.webp.webp?fit=1170%2C700&ssl=1&resize=1050%2C600 3x"},"classes":[]},{"id":827,"url":"https:\/\/noticiasribeiraopreto.com.br\/index.php\/2023\/11\/09\/larapio-e-baleado-na-testa-durante-fuga-apos-roubo-em-ribeirao-preto-x-tudo-ribeirao\/","url_meta":{"origin":81072,"position":3},"title":"Lar\u00e1pio \u00e9 baleado na testa durante fuga ap\u00f3s roubo em Ribeir\u00e3o Preto \u2013 X Tudo Ribeir\u00e3o","author":"noticiasribeiraopreto.com.br","date":"9 de November de 2023","format":false,"excerpt":"Um lar\u00e1pio se deu mal e foi baleado na rua Romano Cor\u00f3, ap\u00f3s roubar um carro na tarde deste s\u00e1bado (4\/11), no bairro Campos El\u00edseos, na zona Norte de Ribeir\u00e3o Preto. Segundo informa\u00e7\u00f5es da Pol\u00edcia Militar, por volta das 13h deste s\u00e1bado, tr\u00eas bandidos armados invadiram uma empresa situada na\u2026","rel":"","context":"In &quot;Not\u00edcias de Ribeir\u00e3o Preto-SP e Regi\u00e3o&quot;","block_context":{"text":"Not\u00edcias de Ribeir\u00e3o Preto-SP e Regi\u00e3o","link":"https:\/\/noticiasribeiraopreto.com.br\/index.php\/category\/noticias-de-ribeirao-preto-sp-e-regiao-ismael-colosi\/"},"img":{"alt_text":"","src":"https:\/\/i0.wp.com\/noticiasribeiraopreto.com.br\/wp-content\/uploads\/2023\/11\/79f53c00-e8b8-441c-886a-85e7e254b144.jpeg?fit=1200%2C883&ssl=1&resize=350%2C200","width":350,"height":200,"srcset":"https:\/\/i0.wp.com\/noticiasribeiraopreto.com.br\/wp-content\/uploads\/2023\/11\/79f53c00-e8b8-441c-886a-85e7e254b144.jpeg?fit=1200%2C883&ssl=1&resize=350%2C200 1x, https:\/\/i0.wp.com\/noticiasribeiraopreto.com.br\/wp-content\/uploads\/2023\/11\/79f53c00-e8b8-441c-886a-85e7e254b144.jpeg?fit=1200%2C883&ssl=1&resize=525%2C300 1.5x, https:\/\/i0.wp.com\/noticiasribeiraopreto.com.br\/wp-content\/uploads\/2023\/11\/79f53c00-e8b8-441c-886a-85e7e254b144.jpeg?fit=1200%2C883&ssl=1&resize=700%2C400 2x, https:\/\/i0.wp.com\/noticiasribeiraopreto.com.br\/wp-content\/uploads\/2023\/11\/79f53c00-e8b8-441c-886a-85e7e254b144.jpeg?fit=1200%2C883&ssl=1&resize=1050%2C600 3x"},"classes":[]},{"id":67374,"url":"https:\/\/noticiasribeiraopreto.com.br\/index.php\/2025\/04\/13\/homem-e-morto-durante-tentativa-de-assalto-a-policial-militar-em-ribeirao-preto\/","url_meta":{"origin":81072,"position":4},"title":"Homem \u00e9 morto durante tentativa de assalto a policial militar em Ribeir\u00e3o Preto","author":"noticiasribeiraopreto.com.br","date":"13 de April de 2025","format":false,"excerpt":"Um homem suspeito de tentar assaltar um policial militar foi morto na noite deste s\u00e1bado (12), na avenida Dr. Oscar de Moura Lacerda, zona Leste de Ribeir\u00e3o Preto. Segundo informa\u00e7\u00f5es apuradas com a PM, o policial parou para arrumar o pneu do ve\u00edculo, quando o suspeito se aproximou. Houve rea\u00e7\u00e3o\u2026","rel":"","context":"In &quot;Not\u00edcias de Ribeir\u00e3o Preto-SP e Regi\u00e3o&quot;","block_context":{"text":"Not\u00edcias de Ribeir\u00e3o Preto-SP e Regi\u00e3o","link":"https:\/\/noticiasribeiraopreto.com.br\/index.php\/category\/noticias-de-ribeirao-preto-sp-e-regiao-ismael-colosi\/"},"img":{"alt_text":"","src":"https:\/\/i0.wp.com\/noticiasribeiraopreto.com.br\/wp-content\/uploads\/2025\/04\/1744556817_policia_qru_1024x576_25052021184749.jpg?fit=1024%2C576&ssl=1&resize=350%2C200","width":350,"height":200,"srcset":"https:\/\/i0.wp.com\/noticiasribeiraopreto.com.br\/wp-content\/uploads\/2025\/04\/1744556817_policia_qru_1024x576_25052021184749.jpg?fit=1024%2C576&ssl=1&resize=350%2C200 1x, https:\/\/i0.wp.com\/noticiasribeiraopreto.com.br\/wp-content\/uploads\/2025\/04\/1744556817_policia_qru_1024x576_25052021184749.jpg?fit=1024%2C576&ssl=1&resize=525%2C300 1.5x, https:\/\/i0.wp.com\/noticiasribeiraopreto.com.br\/wp-content\/uploads\/2025\/04\/1744556817_policia_qru_1024x576_25052021184749.jpg?fit=1024%2C576&ssl=1&resize=700%2C400 2x"},"classes":[]},{"id":70878,"url":"https:\/\/noticiasribeiraopreto.com.br\/index.php\/2025\/05\/30\/abordagem-policial-termina-com-suspeito-baleado-e-pm-ferido-no-interior-de-sp\/","url_meta":{"origin":81072,"position":5},"title":"Abordagem policial termina com suspeito baleado e PM ferido no interior de SP","author":"noticiasribeiraopreto.com.br","date":"30 de May de 2025","format":false,"excerpt":"Um homem foi baleado e um policial militar ficou ferido durante uma abordagem na tarde desta sexta-feira (30), em Igarapava, no interior de S\u00e3o Paulo. A a\u00e7\u00e3o est\u00e1 relacionada \u00e0 investiga\u00e7\u00e3o de um roubo ocorrido em uma fazenda na semana passada. Segundo a Pol\u00edcia Civil, os policiais patrulhavam a cidade\u2026","rel":"","context":"In &quot;Not\u00edcias de Ribeir\u00e3o Preto-SP e Regi\u00e3o&quot;","block_context":{"text":"Not\u00edcias de Ribeir\u00e3o Preto-SP e Regi\u00e3o","link":"https:\/\/noticiasribeiraopreto.com.br\/index.php\/category\/noticias-de-ribeirao-preto-sp-e-regiao-ismael-colosi\/"},"img":{"alt_text":"","src":"https:\/\/i0.wp.com\/noticiasribeiraopreto.com.br\/wp-content\/uploads\/2025\/05\/Copia-de-Copia-de-Copia-de-TAMANHO-EXATO-PARA-FOTOS-NO-SISTEMA-NOVO-2025-05-30T172936.832_2025-05-30_20-30-06.webp.webp?fit=1200%2C675&ssl=1&resize=350%2C200","width":350,"height":200,"srcset":"https:\/\/i0.wp.com\/noticiasribeiraopreto.com.br\/wp-content\/uploads\/2025\/05\/Copia-de-Copia-de-Copia-de-TAMANHO-EXATO-PARA-FOTOS-NO-SISTEMA-NOVO-2025-05-30T172936.832_2025-05-30_20-30-06.webp.webp?fit=1200%2C675&ssl=1&resize=350%2C200 1x, https:\/\/i0.wp.com\/noticiasribeiraopreto.com.br\/wp-content\/uploads\/2025\/05\/Copia-de-Copia-de-Copia-de-TAMANHO-EXATO-PARA-FOTOS-NO-SISTEMA-NOVO-2025-05-30T172936.832_2025-05-30_20-30-06.webp.webp?fit=1200%2C675&ssl=1&resize=525%2C300 1.5x, https:\/\/i0.wp.com\/noticiasribeiraopreto.com.br\/wp-content\/uploads\/2025\/05\/Copia-de-Copia-de-Copia-de-TAMANHO-EXATO-PARA-FOTOS-NO-SISTEMA-NOVO-2025-05-30T172936.832_2025-05-30_20-30-06.webp.webp?fit=1200%2C675&ssl=1&resize=700%2C400 2x, https:\/\/i0.wp.com\/noticiasribeiraopreto.com.br\/wp-content\/uploads\/2025\/05\/Copia-de-Copia-de-Copia-de-TAMANHO-EXATO-PARA-FOTOS-NO-SISTEMA-NOVO-2025-05-30T172936.832_2025-05-30_20-30-06.webp.webp?fit=1200%2C675&ssl=1&resize=1050%2C600 3x"},"classes":[]}],"jetpack_sharing_enabled":true,"jetpack_shortlink":"https:\/\/wp.me\/peQAOb-l5C","_links":{"self":[{"href":"https:\/\/noticiasribeiraopreto.com.br\/index.php\/wp-json\/wp\/v2\/posts\/81072","targetHints":{"allow":["GET"]}}],"collection":[{"href":"https:\/\/noticiasribeiraopreto.com.br\/index.php\/wp-json\/wp\/v2\/posts"}],"about":[{"href":"https:\/\/noticiasribeiraopreto.com.br\/index.php\/wp-json\/wp\/v2\/types\/post"}],"author":[{"embeddable":true,"href":"https:\/\/noticiasribeiraopreto.com.br\/index.php\/wp-json\/wp\/v2\/users\/1"}],"replies":[{"embeddable":true,"href":"https:\/\/noticiasribeiraopreto.com.br\/index.php\/wp-json\/wp\/v2\/comments?post=81072"}],"version-history":[{"count":0,"href":"https:\/\/noticiasribeiraopreto.com.br\/index.php\/wp-json\/wp\/v2\/posts\/81072\/revisions"}],"wp:featuredmedia":[{"embeddable":true,"href":"https:\/\/noticiasribeiraopreto.com.br\/index.php\/wp-json\/wp\/v2\/media\/81073"}],"wp:attachment":[{"href":"https:\/\/noticiasribeiraopreto.com.br\/index.php\/wp-json\/wp\/v2\/media?parent=81072"}],"wp:term":[{"taxonomy":"category","embeddable":true,"href":"https:\/\/noticiasribeiraopreto.com.br\/index.php\/wp-json\/wp\/v2\/categories?post=81072"},{"taxonomy":"post_tag","embeddable":true,"href":"https:\/\/noticiasribeiraopreto.com.br\/index.php\/wp-json\/wp\/v2\/tags?post=81072"}],"curies":[{"name":"wp","href":"https:\/\/api.w.org\/{rel}","templated":true}]}}