{"id":81074,"date":"2025-12-23T06:38:24","date_gmt":"2025-12-23T09:38:24","guid":{"rendered":"https:\/\/noticiasribeiraopreto.com.br\/index.php\/2025\/12\/23\/botafogo-empata-jogo-treino-de-preparacao-para-o-paulistao-2026\/"},"modified":"2025-12-23T06:38:24","modified_gmt":"2025-12-23T09:38:24","slug":"botafogo-empata-jogo-treino-de-preparacao-para-o-paulistao-2026","status":"publish","type":"post","link":"https:\/\/noticiasribeiraopreto.com.br\/index.php\/2025\/12\/23\/botafogo-empata-jogo-treino-de-preparacao-para-o-paulistao-2026\/","title":{"rendered":"Botafogo empata jogo-treino de prepara\u00e7\u00e3o para o Paulist\u00e3o 2026"},"content":{"rendered":"<div class='code-block code-block-1' style='margin: 8px 0 8px auto; text-align: right; display: block; clear: both;'>\n<p><a href=\"https:\/\/wa.link\/vpicfd\"><img data-recalc-dims=\"1\" class=\"wp-image-4922\" style=\"aspect-ratio: 2.0253164556962027; width: 561px; height: auto;\" src=\"https:\/\/i0.wp.com\/ismaelcolosi.com.br\/wp-content\/uploads\/2023\/11\/grupo-de-empregos-whatsapp-e-facebook-ismael-colosi-vagas.jpg?ssl=1\" alt=\"\" \/><\/a><\/p>\n<!-- \/wp:image -->\n<\/div>\n<p> <br \/>\n<\/p>\n<div>\n<p>O <strong>Botafogo<\/strong> empatou em 1 a 1 o jogo-treino contra o <strong>Gr\u00eamio S\u00e3o-Carlense<\/strong>, disputado na manh\u00e3 desta segunda-feira (22), em <strong>Ribeir\u00e3o Preto<\/strong>.<\/p>\n<p>O confronto aconteceu no campo anexo do <strong>est\u00e1dio Santa Cruz\/Arena Nicnet<\/strong>, e serviu como prepara\u00e7\u00e3o para o <strong>Campeonato Paulista 2026<\/strong>.<\/p>\n<p><mark style=\"background-color:#fcb900\" class=\"has-inline-color has-black-color\">O gol do Botafogo foi anotado por Marquinho<\/mark>, na primeira parte do jogo-treino. J\u00e1 o Gr\u00eamio S\u00e3o-Carlense empatou com David, na segunda etapa.<\/p>\n<figure class=\"wp-block-image size-large\"><img data-recalc-dims=\"1\" fetchpriority=\"high\" decoding=\"async\" width=\"1024\" height=\"683\" src=\"https:\/\/i0.wp.com\/cdn.media-acidadeon.com.br\/ribeiraopreto\/wp-content\/uploads\/sites\/3\/2025\/12\/claudio-tencati_2025-12-22_19-56-45-1024x683.webp?resize=1024%2C683&#038;ssl=1\" alt=\"claudio tencati 2025 12 22 19 56 45\" class=\"wp-image-140126\" title=\"Botafogo empata jogo-treino de prepara\u00e7\u00e3o para o Paulist\u00e3o 2026 1\" srcset=\"https:\/\/cdn.media-acidadeon.com.br\/ribeiraopreto\/wp-content\/uploads\/sites\/3\/2025\/12\/claudio-tencati_2025-12-22_19-56-45-1024x683.webp 1024w, https:\/\/cdn.media-acidadeon.com.br\/ribeiraopreto\/wp-content\/uploads\/sites\/3\/2025\/12\/claudio-tencati_2025-12-22_19-56-45-300x200.webp 300w, https:\/\/cdn.media-acidadeon.com.br\/ribeiraopreto\/wp-content\/uploads\/sites\/3\/2025\/12\/claudio-tencati_2025-12-22_19-56-45-768x512.webp 768w, https:\/\/cdn.media-acidadeon.com.br\/ribeiraopreto\/wp-content\/uploads\/sites\/3\/2025\/12\/claudio-tencati_2025-12-22_19-56-45-696x464.webp 696w, https:\/\/cdn.media-acidadeon.com.br\/ribeiraopreto\/wp-content\/uploads\/sites\/3\/2025\/12\/claudio-tencati_2025-12-22_19-56-45-1068x712.webp 1068w, https:\/\/cdn.media-acidadeon.com.br\/ribeiraopreto\/wp-content\/uploads\/sites\/3\/2025\/12\/claudio-tencati_2025-12-22_19-56-45.webp 1200w\" sizes=\"(max-width: 1024px) 100vw, 1024px\"\/><figcaption class=\"wp-element-caption\">Claudio Tencati em treino do Botafogo (Foto: Jo\u00e3o Victor Cristov\u00e3o \/ Ag\u00eancia Botafogo)<\/figcaption><\/figure>\n<p>Segundo o<strong> ge<\/strong>, no primeiro tempo, o Tricolor come\u00e7ou jogando com Victor Souza; Jonathan Lemos, Ericson, Vilar e Henrique Teles; Leandro Maciel, Everton Morelli e Marquinho: Jefferson Nem, L\u00e9o Gamalho e Hygor.\u00a0<\/p>\n<p>Depois, na segunda etapa, o time foi Brenno, Pedrinho, Gui Mariano, Carlos Eduardo e Badar\u00f3; Yuri, Penha e Jo\u00e3o Costa (Tortello); Guilherme Queiroz, Thales e M\u00e1rcio Maranh\u00e3o.<\/p>\n<h2 class=\"wp-block-heading\"><strong>Estreia marcada<\/strong><\/h2>\n<p>A estreia do Botafogo no Paulist\u00e3o acontece fora de casa, no dia 11 de janeiro, \u00e0s 17h, contra o Velo Clube, em Rio Claro. Os detalhes da tabela da primeira fase do Paulist\u00e3o 2026 foram divulgados no \u00faltimo s\u00e1bado (20) pela FPF (Federa\u00e7\u00e3o Paulista de Futebol).<\/p>\n<p>SAIBA MAIS<br \/>Festa sem Ru\u00eddo? O Dilema dos Fogos de Artif\u00edcio em Condom\u00ednios<\/p>\n<h2 class=\"wp-block-heading\"><strong>FIQUE ON<\/strong><\/h2>\n<p>Fique ligado em tudo que acontece em Ribeir\u00e3o Preto e regi\u00e3o. Siga os perfis do\u00a0<strong>acidade on\u00a0<\/strong>no<a href=\"https:\/\/www.instagram.com\/acidadeonribeirao\" target=\"_blank\" rel=\"noreferrer noopener\">\u00a0Instagram<\/a>\u00a0e no\u00a0<a href=\"https:\/\/www.facebook.com\/acidadeonribeirao\/\" target=\"_blank\" rel=\"noreferrer noopener\">Facebook<\/a>.<\/p>\n<p>Receba not\u00edcias do\u00a0<strong>acidade on<\/strong>\u00a0no WhatsApp. Para entrar no grupo,\u00a0basta\u00a0<a href=\"https:\/\/chat.whatsapp.com\/GFH9HUMUTHNFJdnyEd0xxq\" target=\"_blank\" rel=\"noreferrer noopener\">clicar aqui<\/a>. Ou, acesse o nosso\u00a0Canal\u00a0<a href=\"https:\/\/whatsapp.com\/channel\/0029Vb6IQl1JENyAeS57fk2p\" target=\"_blank\" rel=\"noreferrer noopener\">clicando aqui<\/a>.<\/p>\n<p>Fa\u00e7a uma den\u00fancia ou sugira uma reportagem sobre Ribeir\u00e3o Preto e regi\u00e3o pelo WhatsApp: 16 99117 7802.<\/p>\n<p>VEJA TAMB\u00c9M<br \/>Como fazer crunch cake?<\/p>\n<p><!-- AI CONTENT END 1 -->\n<\/div>\n<p><script async src=\"\/\/www.instagram.com\/embed.js\"><\/script><br \/>\n<br \/><br \/>\n<br \/><a href=\"https:\/\/www.acidadeon.com\/ribeiraopreto\/esportes\/botafogo-empata-jogo-treino-de-preparacao-para-o-paulistao-2026\/\">Source link <\/a><\/p>\n<!-- CONTENT END 1 -->\n","protected":false},"excerpt":{"rendered":"<p>O Botafogo empatou em 1 a 1 o jogo-treino contra o Gr\u00eamio S\u00e3o-Carlense, disputado na manh\u00e3 desta segunda-feira (22), em Ribeir\u00e3o Preto. O confronto aconteceu&#8230;<\/p>\n","protected":false},"author":1,"featured_media":81075,"comment_status":"open","ping_status":"open","sticky":false,"template":"","format":"standard","meta":{"advanced_seo_description":"","jetpack_seo_html_title":"","jetpack_seo_noindex":false,"jetpack_post_was_ever_published":false,"_jetpack_newsletter_access":"","_jetpack_dont_email_post_to_subs":false,"_jetpack_newsletter_tier_id":0,"_jetpack_memberships_contains_paywalled_content":false,"_jetpack_memberships_contains_paid_content":false,"footnotes":"","jetpack_publicize_message":"","jetpack_publicize_feature_enabled":true,"jetpack_social_post_already_shared":true,"jetpack_social_options":{"image_generator_settings":{"template":"highway","default_image_id":0,"font":"","enabled":false},"version":2}},"categories":[11],"tags":[],"class_list":["post-81074","post","type-post","status-publish","format-standard","has-post-thumbnail","hentry","category-noticias-de-ribeirao-preto-sp-e-regiao-ismael-colosi"],"jetpack_publicize_connections":[],"jetpack_featured_media_url":"https:\/\/i0.wp.com\/noticiasribeiraopreto.com.br\/wp-content\/uploads\/2025\/12\/botafogo-jogo-treino_2025-12-22_19-55-12.webp.webp?fit=1200%2C776&ssl=1","jetpack-related-posts":[{"id":80992,"url":"https:\/\/noticiasribeiraopreto.com.br\/index.php\/2025\/12\/20\/botafogo-define-data-do-primeiro-jogo-treino-visando-a-temporada-2026\/","url_meta":{"origin":81074,"position":0},"title":"Botafogo define data do primeiro jogo-treino visando a temporada 2026","author":"noticiasribeiraopreto.com.br","date":"20 de December de 2025","format":false,"excerpt":"O Botafogo agendou para segunda-feira (22), \u00e0s 9h, o primeiro jogo-treino da pr\u00e9-temporada como parte da prepara\u00e7\u00e3o para o Campeonato Paulista. A atividade ser\u00e1 em Ribeir\u00e3o Preto, no campo anexo ao Est\u00e1dio Santa Cruz, contra o Gr\u00eamio S\u00e3o-Carlense, equipe que disputa a S\u00e9rie A4 do Estadual. O t\u00e9cnico Cl\u00e1udio Tencati\u2026","rel":"","context":"In &quot;Not\u00edcias de Ribeir\u00e3o Preto-SP e Regi\u00e3o&quot;","block_context":{"text":"Not\u00edcias de Ribeir\u00e3o Preto-SP e Regi\u00e3o","link":"https:\/\/noticiasribeiraopreto.com.br\/index.php\/category\/noticias-de-ribeirao-preto-sp-e-regiao-ismael-colosi\/"},"img":{"alt_text":"","src":"https:\/\/i0.wp.com\/noticiasribeiraopreto.com.br\/wp-content\/uploads\/2025\/12\/domingo-11_2025-12-19_20-08-09.webp.webp?fit=1200%2C675&ssl=1&resize=350%2C200","width":350,"height":200,"srcset":"https:\/\/i0.wp.com\/noticiasribeiraopreto.com.br\/wp-content\/uploads\/2025\/12\/domingo-11_2025-12-19_20-08-09.webp.webp?fit=1200%2C675&ssl=1&resize=350%2C200 1x, https:\/\/i0.wp.com\/noticiasribeiraopreto.com.br\/wp-content\/uploads\/2025\/12\/domingo-11_2025-12-19_20-08-09.webp.webp?fit=1200%2C675&ssl=1&resize=525%2C300 1.5x, https:\/\/i0.wp.com\/noticiasribeiraopreto.com.br\/wp-content\/uploads\/2025\/12\/domingo-11_2025-12-19_20-08-09.webp.webp?fit=1200%2C675&ssl=1&resize=700%2C400 2x, https:\/\/i0.wp.com\/noticiasribeiraopreto.com.br\/wp-content\/uploads\/2025\/12\/domingo-11_2025-12-19_20-08-09.webp.webp?fit=1200%2C675&ssl=1&resize=1050%2C600 3x"},"classes":[]},{"id":60839,"url":"https:\/\/noticiasribeiraopreto.com.br\/index.php\/2024\/11\/26\/botafogo-vai-fazer-quatro-jogos-treinos-antes-da-estreia-no-campeonato-paulista\/","url_meta":{"origin":81074,"position":1},"title":"Botafogo vai fazer quatro jogos-treinos antes da estreia no Campeonato Paulista","author":"noticiasribeiraopreto.com.br","date":"26 de November de 2024","format":false,"excerpt":"O Botafogo anunciou nesta segunda-feira (25) sua programa\u00e7\u00e3o de jogos-treinos para a pr\u00e9-temporada, que ter\u00e1 in\u00edcio no dia 16 de dezembro, quando os atletas e a comiss\u00e3o t\u00e9cnica se reapresentam. A prepara\u00e7\u00e3o visa a estreia do time no Campeonato Paulista, prevista para 15 de janeiro de 2025. Confira os detalhes\u2026","rel":"","context":"In &quot;Not\u00edcias de Ribeir\u00e3o Preto-SP e Regi\u00e3o&quot;","block_context":{"text":"Not\u00edcias de Ribeir\u00e3o Preto-SP e Regi\u00e3o","link":"https:\/\/noticiasribeiraopreto.com.br\/index.php\/category\/noticias-de-ribeirao-preto-sp-e-regiao-ismael-colosi\/"},"img":{"alt_text":"","src":"https:\/\/i0.wp.com\/noticiasribeiraopreto.com.br\/wp-content\/uploads\/2024\/11\/54139634049_ab386c32e0_k_2024-11-26_22-34-47_jpg_2024-11-26_22-34-48.webp.webp?fit=1200%2C800&ssl=1&resize=350%2C200","width":350,"height":200,"srcset":"https:\/\/i0.wp.com\/noticiasribeiraopreto.com.br\/wp-content\/uploads\/2024\/11\/54139634049_ab386c32e0_k_2024-11-26_22-34-47_jpg_2024-11-26_22-34-48.webp.webp?fit=1200%2C800&ssl=1&resize=350%2C200 1x, https:\/\/i0.wp.com\/noticiasribeiraopreto.com.br\/wp-content\/uploads\/2024\/11\/54139634049_ab386c32e0_k_2024-11-26_22-34-47_jpg_2024-11-26_22-34-48.webp.webp?fit=1200%2C800&ssl=1&resize=525%2C300 1.5x, https:\/\/i0.wp.com\/noticiasribeiraopreto.com.br\/wp-content\/uploads\/2024\/11\/54139634049_ab386c32e0_k_2024-11-26_22-34-47_jpg_2024-11-26_22-34-48.webp.webp?fit=1200%2C800&ssl=1&resize=700%2C400 2x, https:\/\/i0.wp.com\/noticiasribeiraopreto.com.br\/wp-content\/uploads\/2024\/11\/54139634049_ab386c32e0_k_2024-11-26_22-34-47_jpg_2024-11-26_22-34-48.webp.webp?fit=1200%2C800&ssl=1&resize=1050%2C600 3x"},"classes":[]},{"id":68135,"url":"https:\/\/noticiasribeiraopreto.com.br\/index.php\/2025\/04\/22\/francana-acelera-preparacao-para-copa-paulista-com-jogo-treino-competicao-comeca-em-junho\/","url_meta":{"origin":81074,"position":2},"title":"Francana acelera prepara\u00e7\u00e3o para Copa Paulista com jogo-treino; competi\u00e7\u00e3o come\u00e7a em junho","author":"noticiasribeiraopreto.com.br","date":"22 de April de 2025","format":false,"excerpt":"Copa Paulista est\u00e1 sendo estruturada e vai ser a competi\u00e7\u00e3o da Francana neste segundo semestre. A copa vai contar com 23 clubes participantes, divididos em tr\u00eas grupos com seis equipes, e um grupo com cinco. O torneio tem data marcada para come\u00e7ar no dia 15 de junho e tem final\u2026","rel":"","context":"In &quot;Not\u00edcias de Franca-SP&quot;","block_context":{"text":"Not\u00edcias de Franca-SP","link":"https:\/\/noticiasribeiraopreto.com.br\/index.php\/category\/noticias-de-ribeirao-preto-sp-e-regiao-ismael-colosi\/noticias-franca-sp\/"},"img":{"alt_text":"","src":"https:\/\/i0.wp.com\/noticiasribeiraopreto.com.br\/wp-content\/uploads\/2025\/04\/francana-patrocinense.jpeg?fit=874%2C486&ssl=1&resize=350%2C200","width":350,"height":200,"srcset":"https:\/\/i0.wp.com\/noticiasribeiraopreto.com.br\/wp-content\/uploads\/2025\/04\/francana-patrocinense.jpeg?fit=874%2C486&ssl=1&resize=350%2C200 1x, https:\/\/i0.wp.com\/noticiasribeiraopreto.com.br\/wp-content\/uploads\/2025\/04\/francana-patrocinense.jpeg?fit=874%2C486&ssl=1&resize=525%2C300 1.5x, https:\/\/i0.wp.com\/noticiasribeiraopreto.com.br\/wp-content\/uploads\/2025\/04\/francana-patrocinense.jpeg?fit=874%2C486&ssl=1&resize=700%2C400 2x"},"classes":[]},{"id":82459,"url":"https:\/\/noticiasribeiraopreto.com.br\/index.php\/2026\/02\/15\/com-gol-contra-comercial-perde-para-o-gremio-sao-carlense-e-segue-sem-vencer-na-a4\/","url_meta":{"origin":81074,"position":3},"title":"Com gol contra, Comercial perde para o Gr\u00eamio S\u00e3o-Carlense e segue sem vencer na A4","author":"noticiasribeiraopreto.com.br","date":"15 de February de 2026","format":false,"excerpt":"O Comercial perdeu para o Gr\u00eamio S\u00e3o-Carlense por 1 a 0 neste s\u00e1bado (14), no Est\u00e1dio Professor Lu\u00eds Augusto de Oliveira, o Luis\u00e3o, em S\u00e3o Carlos, pela quarta rodada da S\u00e9rie A4 do Campeonato Paulista. O zagueiro\u00a0Luiz\u00e3o marcou contra. Esta \u00e9 a terceira derrota do Le\u00e3o, que tamb\u00e9m tem um\u2026","rel":"","context":"In &quot;Not\u00edcias de Ribeir\u00e3o Preto-SP e Regi\u00e3o&quot;","block_context":{"text":"Not\u00edcias de Ribeir\u00e3o Preto-SP e Regi\u00e3o","link":"https:\/\/noticiasribeiraopreto.com.br\/index.php\/category\/noticias-de-ribeirao-preto-sp-e-regiao-ismael-colosi\/"},"img":{"alt_text":"","src":"https:\/\/i0.wp.com\/noticiasribeiraopreto.com.br\/wp-content\/uploads\/2026\/02\/WhatsApp-Image-2026-02-14-at-17.31.57_2026-02-14_20-38-12.webp.webp?fit=1200%2C801&ssl=1&resize=350%2C200","width":350,"height":200,"srcset":"https:\/\/i0.wp.com\/noticiasribeiraopreto.com.br\/wp-content\/uploads\/2026\/02\/WhatsApp-Image-2026-02-14-at-17.31.57_2026-02-14_20-38-12.webp.webp?fit=1200%2C801&ssl=1&resize=350%2C200 1x, https:\/\/i0.wp.com\/noticiasribeiraopreto.com.br\/wp-content\/uploads\/2026\/02\/WhatsApp-Image-2026-02-14-at-17.31.57_2026-02-14_20-38-12.webp.webp?fit=1200%2C801&ssl=1&resize=525%2C300 1.5x, https:\/\/i0.wp.com\/noticiasribeiraopreto.com.br\/wp-content\/uploads\/2026\/02\/WhatsApp-Image-2026-02-14-at-17.31.57_2026-02-14_20-38-12.webp.webp?fit=1200%2C801&ssl=1&resize=700%2C400 2x, https:\/\/i0.wp.com\/noticiasribeiraopreto.com.br\/wp-content\/uploads\/2026\/02\/WhatsApp-Image-2026-02-14-at-17.31.57_2026-02-14_20-38-12.webp.webp?fit=1200%2C801&ssl=1&resize=1050%2C600 3x"},"classes":[]},{"id":78468,"url":"https:\/\/noticiasribeiraopreto.com.br\/index.php\/2025\/10\/10\/botafogo-sp-realiza-primeiro-treino-no-gramado-sintetico-do-novo-ct\/","url_meta":{"origin":81074,"position":4},"title":"Botafogo-SP realiza primeiro treino no gramado sint\u00e9tico do novo CT","author":"noticiasribeiraopreto.com.br","date":"10 de October de 2025","format":false,"excerpt":"O Botafogo-SP realizou, na tarde desta sexta-feira (10), o primeiro treino no gramado sint\u00e9tico do \u201cBotafogo Academy\u201d, Centro de Treinamento das categorias de Base do Pantera, que est\u00e1 em constru\u00e7\u00e3o na regi\u00e3o de Ribeir\u00e3o Preto. Al\u00e9m do treino de hoje, o clube informou que os treinos no gramado sint\u00e9tico tamb\u00e9m\u2026","rel":"","context":"In &quot;Not\u00edcias de Ribeir\u00e3o Preto-SP e Regi\u00e3o&quot;","block_context":{"text":"Not\u00edcias de Ribeir\u00e3o Preto-SP e Regi\u00e3o","link":"https:\/\/noticiasribeiraopreto.com.br\/index.php\/category\/noticias-de-ribeirao-preto-sp-e-regiao-ismael-colosi\/"},"img":{"alt_text":"","src":"https:\/\/i0.wp.com\/noticiasribeiraopreto.com.br\/wp-content\/uploads\/2025\/10\/561094022_1225816346257302_6001497021924029407_n_2025-10-10_21-36-01.webp.webp?fit=960%2C539&ssl=1&resize=350%2C200","width":350,"height":200,"srcset":"https:\/\/i0.wp.com\/noticiasribeiraopreto.com.br\/wp-content\/uploads\/2025\/10\/561094022_1225816346257302_6001497021924029407_n_2025-10-10_21-36-01.webp.webp?fit=960%2C539&ssl=1&resize=350%2C200 1x, https:\/\/i0.wp.com\/noticiasribeiraopreto.com.br\/wp-content\/uploads\/2025\/10\/561094022_1225816346257302_6001497021924029407_n_2025-10-10_21-36-01.webp.webp?fit=960%2C539&ssl=1&resize=525%2C300 1.5x, https:\/\/i0.wp.com\/noticiasribeiraopreto.com.br\/wp-content\/uploads\/2025\/10\/561094022_1225816346257302_6001497021924029407_n_2025-10-10_21-36-01.webp.webp?fit=960%2C539&ssl=1&resize=700%2C400 2x"},"classes":[]},{"id":21534,"url":"https:\/\/noticiasribeiraopreto.com.br\/index.php\/2023\/12\/27\/botafogo-inicia-pre-temporada-visando-2024\/","url_meta":{"origin":81074,"position":5},"title":"Botafogo inicia pr\u00e9-temporada visando 2024\u00a0\u00a0","author":"noticiasribeiraopreto.com.br","date":"27 de December de 2023","format":false,"excerpt":"O Botafogo iniciou oficialmente nesta ter\u00e7a-feira (26) a prepara\u00e7\u00e3o para a pr\u00f3xima temporada.\u00a0No per\u00edodo da manh\u00e3, Paulo Pelaipe, diretor de futebol do Botafogo, se reuniu com a comiss\u00e3o t\u00e9cnica e o departamento de futebol no audit\u00f3rio do Hotel Z, inaugurado em maio do ano passado.\u00a0Logo ap\u00f3s o almo\u00e7o, o novo\u2026","rel":"","context":"In &quot;Not\u00edcias de Ribeir\u00e3o Preto-SP e Regi\u00e3o&quot;","block_context":{"text":"Not\u00edcias de Ribeir\u00e3o Preto-SP e Regi\u00e3o","link":"https:\/\/noticiasribeiraopreto.com.br\/index.php\/category\/noticias-de-ribeirao-preto-sp-e-regiao-ismael-colosi\/"},"img":{"alt_text":"","src":"https:\/\/i0.wp.com\/noticiasribeiraopreto.com.br\/wp-content\/uploads\/2023\/12\/Botafogo-2-3-scaled.jpg?fit=967%2C645&ssl=1&resize=350%2C200","width":350,"height":200,"srcset":"https:\/\/i0.wp.com\/noticiasribeiraopreto.com.br\/wp-content\/uploads\/2023\/12\/Botafogo-2-3-scaled.jpg?fit=967%2C645&ssl=1&resize=350%2C200 1x, https:\/\/i0.wp.com\/noticiasribeiraopreto.com.br\/wp-content\/uploads\/2023\/12\/Botafogo-2-3-scaled.jpg?fit=967%2C645&ssl=1&resize=525%2C300 1.5x, https:\/\/i0.wp.com\/noticiasribeiraopreto.com.br\/wp-content\/uploads\/2023\/12\/Botafogo-2-3-scaled.jpg?fit=967%2C645&ssl=1&resize=700%2C400 2x"},"classes":[]}],"jetpack_sharing_enabled":true,"jetpack_shortlink":"https:\/\/wp.me\/peQAOb-l5E","_links":{"self":[{"href":"https:\/\/noticiasribeiraopreto.com.br\/index.php\/wp-json\/wp\/v2\/posts\/81074","targetHints":{"allow":["GET"]}}],"collection":[{"href":"https:\/\/noticiasribeiraopreto.com.br\/index.php\/wp-json\/wp\/v2\/posts"}],"about":[{"href":"https:\/\/noticiasribeiraopreto.com.br\/index.php\/wp-json\/wp\/v2\/types\/post"}],"author":[{"embeddable":true,"href":"https:\/\/noticiasribeiraopreto.com.br\/index.php\/wp-json\/wp\/v2\/users\/1"}],"replies":[{"embeddable":true,"href":"https:\/\/noticiasribeiraopreto.com.br\/index.php\/wp-json\/wp\/v2\/comments?post=81074"}],"version-history":[{"count":0,"href":"https:\/\/noticiasribeiraopreto.com.br\/index.php\/wp-json\/wp\/v2\/posts\/81074\/revisions"}],"wp:featuredmedia":[{"embeddable":true,"href":"https:\/\/noticiasribeiraopreto.com.br\/index.php\/wp-json\/wp\/v2\/media\/81075"}],"wp:attachment":[{"href":"https:\/\/noticiasribeiraopreto.com.br\/index.php\/wp-json\/wp\/v2\/media?parent=81074"}],"wp:term":[{"taxonomy":"category","embeddable":true,"href":"https:\/\/noticiasribeiraopreto.com.br\/index.php\/wp-json\/wp\/v2\/categories?post=81074"},{"taxonomy":"post_tag","embeddable":true,"href":"https:\/\/noticiasribeiraopreto.com.br\/index.php\/wp-json\/wp\/v2\/tags?post=81074"}],"curies":[{"name":"wp","href":"https:\/\/api.w.org\/{rel}","templated":true}]}}