{"id":81084,"date":"2025-12-23T07:15:01","date_gmt":"2025-12-23T10:15:01","guid":{"rendered":"https:\/\/noticiasribeiraopreto.com.br\/index.php\/2025\/12\/23\/tres-sao-presos-suspeitos-de-integrar-quadrilha-que-roubava-fazendas-de-cafe\/"},"modified":"2025-12-23T07:15:01","modified_gmt":"2025-12-23T10:15:01","slug":"tres-sao-presos-suspeitos-de-integrar-quadrilha-que-roubava-fazendas-de-cafe","status":"publish","type":"post","link":"https:\/\/noticiasribeiraopreto.com.br\/index.php\/2025\/12\/23\/tres-sao-presos-suspeitos-de-integrar-quadrilha-que-roubava-fazendas-de-cafe\/","title":{"rendered":"Tr\u00eas s\u00e3o presos suspeitos de integrar quadrilha que roubava fazendas de caf\u00e9"},"content":{"rendered":"<div class='code-block code-block-1' style='margin: 8px 0 8px auto; text-align: right; display: block; clear: both;'>\n<p><a href=\"https:\/\/wa.link\/vpicfd\"><img data-recalc-dims=\"1\" class=\"wp-image-4922\" style=\"aspect-ratio: 2.0253164556962027; width: 561px; height: auto;\" src=\"https:\/\/i0.wp.com\/ismaelcolosi.com.br\/wp-content\/uploads\/2023\/11\/grupo-de-empregos-whatsapp-e-facebook-ismael-colosi-vagas.jpg?ssl=1\" alt=\"\" \/><\/a><\/p>\n<!-- \/wp:image -->\n<\/div>\n<p> <br \/>\n<\/p>\n<div data-td-block-uid=\"tdi_95\">\n<div class=\"tdb-block-inner td-fix-index\">\n<p><strong>Tr\u00eas pessoas<\/strong> foram presas suspeitas de integrarem uma quadrilha que rouba <strong>fazendas de caf\u00e9<\/strong> na <strong>regi\u00e3o de Pedregulho<\/strong>, cidade a 127 quil\u00f4metros de <strong>Ribeir\u00e3o Preto<\/strong>, na manh\u00e3 desta segunda-feira (22).<\/p>\n<p>Os suspeitos foram presos em <strong>Uberaba-MG<\/strong> ap\u00f3s investiga\u00e7\u00f5es conduzidas pela <strong>Delegacia de Investiga\u00e7\u00f5es Gerais (DIG) de Franca<\/strong>, com apoio do <strong>Grupo de Opera\u00e7\u00f5es Especiais (GOE)<\/strong>.<\/p>\n<p>De acordo com as informa\u00e7\u00f5es da Pol\u00edcia Civil, o \u00faltimo roubo da quadrilha teria acontecido em agosto de 2025. <mark style=\"background-color:#fcb900\" class=\"has-inline-color\"><strong>Na ocasi\u00e3o, eles levaram 120 sacas de caf\u00e9 e tr\u00eas carros de uma propriedade.<\/strong><\/mark><\/p>\n<p>A identidade dos acusados n\u00e3o foi revelada. Todos os presos nesta segunda-feira permaneceram em Uberaba.<\/p>\n<p><em>*Com informa\u00e7\u00f5es da EPTV<\/em><\/p>\n<hr class=\"wp-block-separator has-alpha-channel-opacity\"\/>\n<p>SAIBA MAIS<\/p>\n<p>M\u00e3e e tr\u00eas filhos desaparecem na regi\u00e3o de Ribeir\u00e3o Preto<\/p>\n<h2 class=\"wp-block-heading\"><strong>FIQUE ON<\/strong><\/h2>\n<p>Fique ligado em tudo que acontece em Ribeir\u00e3o Preto e regi\u00e3o. Siga os perfis do\u00a0<strong>acidade on\u00a0<\/strong>no<a href=\"https:\/\/www.instagram.com\/acidadeonribeirao\" target=\"_blank\" rel=\"noreferrer noopener\">\u00a0Instagram<\/a>\u00a0e no\u00a0<a href=\"https:\/\/www.facebook.com\/acidadeonribeirao\/\" target=\"_blank\" rel=\"noreferrer noopener\">Facebook<\/a>.<\/p>\n<p>Receba not\u00edcias do\u00a0<strong>acidade on<\/strong>\u00a0no WhatsApp. Para entrar no grupo,\u00a0basta\u00a0<a href=\"https:\/\/chat.whatsapp.com\/GFH9HUMUTHNFJdnyEd0xxq\" target=\"_blank\" rel=\"noreferrer noopener\">clicar aqui<\/a>. Ou, acesse o nosso\u00a0Canal\u00a0<a href=\"https:\/\/whatsapp.com\/channel\/0029Vb6IQl1JENyAeS57fk2p\" target=\"_blank\" rel=\"noreferrer noopener\">clicando aqui<\/a>.<\/p>\n<p>Fa\u00e7a uma den\u00fancia ou sugira uma reportagem sobre Ribeir\u00e3o Preto e regi\u00e3o pelo WhatsApp: 16 99117 7802.<\/p>\n<p>VEJA TAMB\u00c9M<\/p>\n<p>Infinite Icon: quando estreia o novo document\u00e1rio de Paris Hilton?<\/p>\n<p><!-- AI CONTENT END 1 -->\n<\/div>\n<\/div>\n<p><script async src=\"\/\/www.instagram.com\/embed.js\"><\/script><br \/>\n<br \/><br \/>\n<br \/><a href=\"https:\/\/www.acidadeon.com\/ribeiraopreto\/cotidiano\/tres-sao-presos-suspeitos-de-integrar-quadrilha-que-roubava-fazendas-de-cafe-no-interior-de-sp\/\">Source link <\/a><\/p>\n<!-- CONTENT END 1 -->\n","protected":false},"excerpt":{"rendered":"<p>Tr\u00eas pessoas foram presas suspeitas de integrarem uma quadrilha que rouba fazendas de caf\u00e9 na regi\u00e3o de Pedregulho, cidade a 127 quil\u00f4metros de Ribeir\u00e3o Preto,&#8230;<\/p>\n","protected":false},"author":1,"featured_media":81085,"comment_status":"open","ping_status":"open","sticky":false,"template":"","format":"standard","meta":{"advanced_seo_description":"","jetpack_seo_html_title":"","jetpack_seo_noindex":false,"jetpack_post_was_ever_published":false,"_jetpack_newsletter_access":"","_jetpack_dont_email_post_to_subs":false,"_jetpack_newsletter_tier_id":0,"_jetpack_memberships_contains_paywalled_content":false,"_jetpack_memberships_contains_paid_content":false,"footnotes":"","jetpack_publicize_message":"","jetpack_publicize_feature_enabled":true,"jetpack_social_post_already_shared":true,"jetpack_social_options":{"image_generator_settings":{"template":"highway","default_image_id":0,"font":"","enabled":false},"version":2}},"categories":[11],"tags":[],"class_list":["post-81084","post","type-post","status-publish","format-standard","has-post-thumbnail","hentry","category-noticias-de-ribeirao-preto-sp-e-regiao-ismael-colosi"],"jetpack_publicize_connections":[],"jetpack_featured_media_url":"https:\/\/i0.wp.com\/noticiasribeiraopreto.com.br\/wp-content\/uploads\/2025\/12\/domingo-19_2025-12-22_16-09-03.webp.webp?fit=1200%2C675&ssl=1","jetpack-related-posts":[{"id":81059,"url":"https:\/\/noticiasribeiraopreto.com.br\/index.php\/2025\/12\/22\/video-quadrilha-que-roubava-cafe-e-presa-durante-operacao\/","url_meta":{"origin":81084,"position":0},"title":"V\u00cdDEO: Quadrilha que roubava caf\u00e9 \u00e9 presa durante opera\u00e7\u00e3o","author":"noticiasribeiraopreto.com.br","date":"22 de December de 2025","format":false,"excerpt":"\r \r \r 22 de dezembro de 2025 14:43 \r Compartilhar0 Tr\u00eas suspeitos foram presos e um segue foragido; o grupo \u00e9 acusado de roubo em uma fazenda no munic\u00edpio de Pedregulho (SP), em agosto deste ano. A Pol\u00edcia Civil de S\u00e3o Paulo, com apoio da Delegacia de Investiga\u00e7\u00f5es Gerais\u2026","rel":"","context":"In &quot;Not\u00edcias de Ribeir\u00e3o Preto-SP e Regi\u00e3o&quot;","block_context":{"text":"Not\u00edcias de Ribeir\u00e3o Preto-SP e Regi\u00e3o","link":"https:\/\/noticiasribeiraopreto.com.br\/index.php\/category\/noticias-de-ribeirao-preto-sp-e-regiao-ismael-colosi\/"},"img":{"alt_text":"","src":"https:\/\/i0.wp.com\/noticiasribeiraopreto.com.br\/wp-content\/uploads\/2025\/12\/OPERACAO.jpg?fit=800%2C500&ssl=1&resize=350%2C200","width":350,"height":200,"srcset":"https:\/\/i0.wp.com\/noticiasribeiraopreto.com.br\/wp-content\/uploads\/2025\/12\/OPERACAO.jpg?fit=800%2C500&ssl=1&resize=350%2C200 1x, https:\/\/i0.wp.com\/noticiasribeiraopreto.com.br\/wp-content\/uploads\/2025\/12\/OPERACAO.jpg?fit=800%2C500&ssl=1&resize=525%2C300 1.5x, https:\/\/i0.wp.com\/noticiasribeiraopreto.com.br\/wp-content\/uploads\/2025\/12\/OPERACAO.jpg?fit=800%2C500&ssl=1&resize=700%2C400 2x"},"classes":[]},{"id":75602,"url":"https:\/\/noticiasribeiraopreto.com.br\/index.php\/2025\/08\/12\/homem-e-preso-suspeito-de-integrar-quadrilha-que-roubou-casa-de-ex-prefeito\/","url_meta":{"origin":81084,"position":1},"title":"Homem \u00e9 preso suspeito de integrar quadrilha que roubou casa de ex-prefeito","author":"noticiasribeiraopreto.com.br","date":"12 de August de 2025","format":false,"excerpt":"A Pol\u00edcia Civil prendeu na manh\u00e3 desta ter\u00e7a-feira (12) um homem de 26 anos suspeito de integrar uma quadrilha que roubou a resid\u00eancia do ex-prefeito de Barretos\u00a0Uebe Rezeck, na regi\u00e3o central da cidade, a 130 quil\u00f4metros de Ribeir\u00e3o Preto. Assista ao v\u00eddeo abaixo. O crime ocorreu em dezembro de 2024\u2026","rel":"","context":"In &quot;Not\u00edcias de Ribeir\u00e3o Preto-SP e Regi\u00e3o&quot;","block_context":{"text":"Not\u00edcias de Ribeir\u00e3o Preto-SP e Regi\u00e3o","link":"https:\/\/noticiasribeiraopreto.com.br\/index.php\/category\/noticias-de-ribeirao-preto-sp-e-regiao-ismael-colosi\/"},"img":{"alt_text":"","src":"https:\/\/i0.wp.com\/noticiasribeiraopreto.com.br\/wp-content\/uploads\/2025\/08\/POLICIA-CIVIL_2025-08-12_13-12-19.webp.webp?fit=1200%2C713&ssl=1&resize=350%2C200","width":350,"height":200,"srcset":"https:\/\/i0.wp.com\/noticiasribeiraopreto.com.br\/wp-content\/uploads\/2025\/08\/POLICIA-CIVIL_2025-08-12_13-12-19.webp.webp?fit=1200%2C713&ssl=1&resize=350%2C200 1x, https:\/\/i0.wp.com\/noticiasribeiraopreto.com.br\/wp-content\/uploads\/2025\/08\/POLICIA-CIVIL_2025-08-12_13-12-19.webp.webp?fit=1200%2C713&ssl=1&resize=525%2C300 1.5x, https:\/\/i0.wp.com\/noticiasribeiraopreto.com.br\/wp-content\/uploads\/2025\/08\/POLICIA-CIVIL_2025-08-12_13-12-19.webp.webp?fit=1200%2C713&ssl=1&resize=700%2C400 2x, https:\/\/i0.wp.com\/noticiasribeiraopreto.com.br\/wp-content\/uploads\/2025\/08\/POLICIA-CIVIL_2025-08-12_13-12-19.webp.webp?fit=1200%2C713&ssl=1&resize=1050%2C600 3x"},"classes":[]},{"id":78080,"url":"https:\/\/noticiasribeiraopreto.com.br\/index.php\/2025\/10\/01\/policia-prende-mais-um-suspeito-de-quadrilha-que-assaltou-predio-no-centro-de-ribeirao-preto\/","url_meta":{"origin":81084,"position":2},"title":"Pol\u00edcia prende mais um suspeito de quadrilha que assaltou pr\u00e9dio no Centro de Ribeir\u00e3o Preto","author":"noticiasribeiraopreto.com.br","date":"1 de October de 2025","format":false,"excerpt":"O nono suspeito* de integrar a quadrilha que assaltou um pr\u00e9dio residencial no Centro de Ribeir\u00e3o Preto na semana passada foi preso no in\u00edcio da noite desta quarta-feira (1\u00ba). De acordo com Andr\u00e9 Baldochi, delegado respons\u00e1vel pelo caso, o suspeito foi abordado no cruzamento das avenidas Francisco Junqueira e Pl\u00ednio\u2026","rel":"","context":"In &quot;Not\u00edcias de Ribeir\u00e3o Preto-SP e Regi\u00e3o&quot;","block_context":{"text":"Not\u00edcias de Ribeir\u00e3o Preto-SP e Regi\u00e3o","link":"https:\/\/noticiasribeiraopreto.com.br\/index.php\/category\/noticias-de-ribeirao-preto-sp-e-regiao-ismael-colosi\/"},"img":{"alt_text":"","src":"https:\/\/i0.wp.com\/noticiasribeiraopreto.com.br\/wp-content\/uploads\/2025\/10\/WhatsApp-Image-2025-10-01-at-18.54.48_2025-10-01_21-59-49.webp.webp?fit=1200%2C672&ssl=1&resize=350%2C200","width":350,"height":200,"srcset":"https:\/\/i0.wp.com\/noticiasribeiraopreto.com.br\/wp-content\/uploads\/2025\/10\/WhatsApp-Image-2025-10-01-at-18.54.48_2025-10-01_21-59-49.webp.webp?fit=1200%2C672&ssl=1&resize=350%2C200 1x, https:\/\/i0.wp.com\/noticiasribeiraopreto.com.br\/wp-content\/uploads\/2025\/10\/WhatsApp-Image-2025-10-01-at-18.54.48_2025-10-01_21-59-49.webp.webp?fit=1200%2C672&ssl=1&resize=525%2C300 1.5x, https:\/\/i0.wp.com\/noticiasribeiraopreto.com.br\/wp-content\/uploads\/2025\/10\/WhatsApp-Image-2025-10-01-at-18.54.48_2025-10-01_21-59-49.webp.webp?fit=1200%2C672&ssl=1&resize=700%2C400 2x, https:\/\/i0.wp.com\/noticiasribeiraopreto.com.br\/wp-content\/uploads\/2025\/10\/WhatsApp-Image-2025-10-01-at-18.54.48_2025-10-01_21-59-49.webp.webp?fit=1200%2C672&ssl=1&resize=1050%2C600 3x"},"classes":[]},{"id":78185,"url":"https:\/\/noticiasribeiraopreto.com.br\/index.php\/2025\/10\/03\/suspeito-de-integrar-quadrilha-que-assaltou-predio-no-centro-e-preso-na-zona-sul-ribeirao\/","url_meta":{"origin":81084,"position":3},"title":"Suspeito de integrar quadrilha que assaltou pr\u00e9dio no Centro \u00e9 preso na zona Sul Ribeir\u00e3o","author":"noticiasribeiraopreto.com.br","date":"3 de October de 2025","format":false,"excerpt":"Foi preso na tarde desta sexta-feira (3), o d\u00e9cimo integrante da quadrilha suspeita de assaltar um pr\u00e9dio residencial no Centro de Ribeir\u00e3o Preto, no dia 24 de setembro. A informa\u00e7\u00e3o foi confirmada pelo delegado respons\u00e1vel pelas investiga\u00e7\u00f5es, Andr\u00e9 Baldochi. De acordo com a Pol\u00edcia Civil, o homem foi preso no\u2026","rel":"","context":"In &quot;Not\u00edcias de Ribeir\u00e3o Preto-SP e Regi\u00e3o&quot;","block_context":{"text":"Not\u00edcias de Ribeir\u00e3o Preto-SP e Regi\u00e3o","link":"https:\/\/noticiasribeiraopreto.com.br\/index.php\/category\/noticias-de-ribeirao-preto-sp-e-regiao-ismael-colosi\/"},"img":{"alt_text":"","src":"https:\/\/i0.wp.com\/noticiasribeiraopreto.com.br\/wp-content\/uploads\/2025\/10\/Copia-de-Copia-de-Copia-de-TAMANHO-EXATO-PARA-FOTOS-NO-SISTEMA-NOVO-2025-10-03T155333.898_2025-10-03_18-53-39.webp.webp?fit=1200%2C675&ssl=1&resize=350%2C200","width":350,"height":200,"srcset":"https:\/\/i0.wp.com\/noticiasribeiraopreto.com.br\/wp-content\/uploads\/2025\/10\/Copia-de-Copia-de-Copia-de-TAMANHO-EXATO-PARA-FOTOS-NO-SISTEMA-NOVO-2025-10-03T155333.898_2025-10-03_18-53-39.webp.webp?fit=1200%2C675&ssl=1&resize=350%2C200 1x, https:\/\/i0.wp.com\/noticiasribeiraopreto.com.br\/wp-content\/uploads\/2025\/10\/Copia-de-Copia-de-Copia-de-TAMANHO-EXATO-PARA-FOTOS-NO-SISTEMA-NOVO-2025-10-03T155333.898_2025-10-03_18-53-39.webp.webp?fit=1200%2C675&ssl=1&resize=525%2C300 1.5x, https:\/\/i0.wp.com\/noticiasribeiraopreto.com.br\/wp-content\/uploads\/2025\/10\/Copia-de-Copia-de-Copia-de-TAMANHO-EXATO-PARA-FOTOS-NO-SISTEMA-NOVO-2025-10-03T155333.898_2025-10-03_18-53-39.webp.webp?fit=1200%2C675&ssl=1&resize=700%2C400 2x, https:\/\/i0.wp.com\/noticiasribeiraopreto.com.br\/wp-content\/uploads\/2025\/10\/Copia-de-Copia-de-Copia-de-TAMANHO-EXATO-PARA-FOTOS-NO-SISTEMA-NOVO-2025-10-03T155333.898_2025-10-03_18-53-39.webp.webp?fit=1200%2C675&ssl=1&resize=1050%2C600 3x"},"classes":[]},{"id":80244,"url":"https:\/\/noticiasribeiraopreto.com.br\/index.php\/2025\/11\/18\/policia-civil-prende-suspeitos-de-integrar-quadrilha-de-roubos-de-joias-que-agiu-em-ribeirao-preto\/","url_meta":{"origin":81084,"position":4},"title":"Pol\u00edcia Civil prende suspeitos de integrar quadrilha de roubos de joias que agiu em Ribeir\u00e3o Preto","author":"noticiasribeiraopreto.com.br","date":"18 de November de 2025","format":false,"excerpt":"A Pol\u00edcia Civil prendeu nesta ter\u00e7a-feira (18) quatro suspeitos de integrar uma quadrilha especializada em roubos de joias. Ap\u00f3s um assalto ocorrido em maio deste ano, no bairro Ribeir\u00e2nia, zona Leste de Ribeir\u00e3o Preto, uma das v\u00edtimas reconheceu as joias roubadas sendo vendidas em um programa de TV. Na opera\u00e7\u00e3o\u2026","rel":"","context":"In &quot;Not\u00edcias de Ribeir\u00e3o Preto-SP e Regi\u00e3o&quot;","block_context":{"text":"Not\u00edcias de Ribeir\u00e3o Preto-SP e Regi\u00e3o","link":"https:\/\/noticiasribeiraopreto.com.br\/index.php\/category\/noticias-de-ribeirao-preto-sp-e-regiao-ismael-colosi\/"},"img":{"alt_text":"","src":"https:\/\/i0.wp.com\/noticiasribeiraopreto.com.br\/wp-content\/uploads\/2025\/11\/roubo-joias_2025-11-18_14-15-20.webp.webp?fit=1200%2C833&ssl=1&resize=350%2C200","width":350,"height":200,"srcset":"https:\/\/i0.wp.com\/noticiasribeiraopreto.com.br\/wp-content\/uploads\/2025\/11\/roubo-joias_2025-11-18_14-15-20.webp.webp?fit=1200%2C833&ssl=1&resize=350%2C200 1x, https:\/\/i0.wp.com\/noticiasribeiraopreto.com.br\/wp-content\/uploads\/2025\/11\/roubo-joias_2025-11-18_14-15-20.webp.webp?fit=1200%2C833&ssl=1&resize=525%2C300 1.5x, https:\/\/i0.wp.com\/noticiasribeiraopreto.com.br\/wp-content\/uploads\/2025\/11\/roubo-joias_2025-11-18_14-15-20.webp.webp?fit=1200%2C833&ssl=1&resize=700%2C400 2x, https:\/\/i0.wp.com\/noticiasribeiraopreto.com.br\/wp-content\/uploads\/2025\/11\/roubo-joias_2025-11-18_14-15-20.webp.webp?fit=1200%2C833&ssl=1&resize=1050%2C600 3x"},"classes":[]},{"id":80233,"url":"https:\/\/noticiasribeiraopreto.com.br\/index.php\/2025\/11\/18\/deic-realiza-operacao-contra-quadrilha-que-vendia-joias-pela-tv\/","url_meta":{"origin":81084,"position":5},"title":"DEIC realiza opera\u00e7\u00e3o contra quadrilha que vendia joias pela TV","author":"noticiasribeiraopreto.com.br","date":"18 de November de 2025","format":false,"excerpt":"Por: Adalberto Luque A Divis\u00e3o Especializada de Investiga\u00e7\u00f5es Criminais (DEIC) de Ribeir\u00e3o Preto realiza, na manh\u00e3 desta ter\u00e7a-feira, 18 de novembro, uma grande opera\u00e7\u00e3o para desmantelar um grupo especializado em roubar joias. A a\u00e7\u00e3o est\u00e1 sendo realizada simultaneamente em Ribeir\u00e3o Preto, Guaruj\u00e1 e na cidade de S\u00e3o Paulo. De acordo\u2026","rel":"","context":"In &quot;Not\u00edcias de Ribeir\u00e3o Preto-SP e Regi\u00e3o&quot;","block_context":{"text":"Not\u00edcias de Ribeir\u00e3o Preto-SP e Regi\u00e3o","link":"https:\/\/noticiasribeiraopreto.com.br\/index.php\/category\/noticias-de-ribeirao-preto-sp-e-regiao-ismael-colosi\/"},"img":{"alt_text":"","src":"","width":0,"height":0},"classes":[]}],"jetpack_sharing_enabled":true,"jetpack_shortlink":"https:\/\/wp.me\/peQAOb-l5O","_links":{"self":[{"href":"https:\/\/noticiasribeiraopreto.com.br\/index.php\/wp-json\/wp\/v2\/posts\/81084","targetHints":{"allow":["GET"]}}],"collection":[{"href":"https:\/\/noticiasribeiraopreto.com.br\/index.php\/wp-json\/wp\/v2\/posts"}],"about":[{"href":"https:\/\/noticiasribeiraopreto.com.br\/index.php\/wp-json\/wp\/v2\/types\/post"}],"author":[{"embeddable":true,"href":"https:\/\/noticiasribeiraopreto.com.br\/index.php\/wp-json\/wp\/v2\/users\/1"}],"replies":[{"embeddable":true,"href":"https:\/\/noticiasribeiraopreto.com.br\/index.php\/wp-json\/wp\/v2\/comments?post=81084"}],"version-history":[{"count":0,"href":"https:\/\/noticiasribeiraopreto.com.br\/index.php\/wp-json\/wp\/v2\/posts\/81084\/revisions"}],"wp:featuredmedia":[{"embeddable":true,"href":"https:\/\/noticiasribeiraopreto.com.br\/index.php\/wp-json\/wp\/v2\/media\/81085"}],"wp:attachment":[{"href":"https:\/\/noticiasribeiraopreto.com.br\/index.php\/wp-json\/wp\/v2\/media?parent=81084"}],"wp:term":[{"taxonomy":"category","embeddable":true,"href":"https:\/\/noticiasribeiraopreto.com.br\/index.php\/wp-json\/wp\/v2\/categories?post=81084"},{"taxonomy":"post_tag","embeddable":true,"href":"https:\/\/noticiasribeiraopreto.com.br\/index.php\/wp-json\/wp\/v2\/tags?post=81084"}],"curies":[{"name":"wp","href":"https:\/\/api.w.org\/{rel}","templated":true}]}}