{"id":81086,"date":"2025-12-23T08:44:56","date_gmt":"2025-12-23T11:44:56","guid":{"rendered":"https:\/\/noticiasribeiraopreto.com.br\/index.php\/2025\/12\/23\/proposta-propoe-a-abertura-de-parques-ate-as-23-horas\/"},"modified":"2025-12-23T08:44:56","modified_gmt":"2025-12-23T11:44:56","slug":"proposta-propoe-a-abertura-de-parques-ate-as-23-horas","status":"publish","type":"post","link":"https:\/\/noticiasribeiraopreto.com.br\/index.php\/2025\/12\/23\/proposta-propoe-a-abertura-de-parques-ate-as-23-horas\/","title":{"rendered":"Proposta prop\u00f5e a abertura de parques at\u00e9 \u00e0s 23 horas"},"content":{"rendered":"<div class='code-block code-block-1' style='margin: 8px 0 8px auto; text-align: right; display: block; clear: both;'>\n<p><a href=\"https:\/\/wa.link\/vpicfd\"><img data-recalc-dims=\"1\" class=\"wp-image-4922\" style=\"aspect-ratio: 2.0253164556962027; width: 561px; height: auto;\" src=\"https:\/\/i0.wp.com\/ismaelcolosi.com.br\/wp-content\/uploads\/2023\/11\/grupo-de-empregos-whatsapp-e-facebook-ismael-colosi-vagas.jpg?ssl=1\" alt=\"\" \/><\/a><\/p>\n<!-- \/wp:image -->\n<\/div>\n<p> <br \/>\n<\/p>\n<div id=\"\">&#13;<br \/>\n\t\t\t\t\t\t\t\t&#13;<\/p>\n<p>&#13;<br \/>\n\t\t\t\t\t\t\t\t\t<span class=\"entry-meta-item penci-posted-on\"><i class=\"fa fa-clock-o\"\/><time class=\"entry-date published updated\" datetime=\"2025-12-23T08:42:18-03:00\">23 de dezembro de 2025 08:42<\/time><\/span><span class=\"entry-meta-item penci-post-countview\"\/>\t\t\t\t\t\t\t\t<\/p>\n<p><!-- .entry-meta -->&#13;<br \/>\n\t\t\t\t\t\t\t\t<span class=\"penci-social-buttons penci-social-share-footer\"><span class=\"penci-social-share-text\">Compartilhar<\/span><a href=\"#\" class=\"penci-post-like penci_post-meta_item  single-like-button penci-social-item like\" data-post_id=\"449973\" title=\"Like\" data-like=\"Like\" data-unlike=\"Unlike\"><i class=\"fa fa-thumbs-o-up\"\/><span class=\"penci-share-number\">0<\/span><\/a><i class=\"fa fa-facebook\"\/><a class=\"penci-social-item twitter\" target=\"_blank\" rel=\"noopener\" title=\"\" href=\"https:\/\/twitter.com\/intent\/tweet?text=Proposta%20prop\u00f5e%20a%20abertura%20de%20parques%20at\u00e9%20\u00e0s%2023%20horas%20-%20https:\/\/www.tribunaribeirao.com.br\/proposta-propoe-a-abertura-de-parques-ate-as-23-horas\/\"><i class=\"fa fa-twitter\"\/><\/a><i class=\"fa fa-linkedin\"\/><i class=\"fa fa-whatsapp\"\/><i class=\"fa fa-telegram\"\/><i class=\"fa fa-envelope\"\/><\/span>\t\t\t\t\t\t\t<\/div>\n<div>\n<p>O presidente da C\u00e2mara Municipal de Ribeir\u00e3o Preto, vereador Isaac Antunes (PL), apresentou ao Executivo uma proposta sugerindo a extens\u00e3o do hor\u00e1rio de funcionamento at\u00e9 as 23 horas. O documento com o pedido foi enviado a prefeitura nesta semana.<\/p>\n<p>Atualmente os parques Dr. Fernando de Freitas Monteiro da Silva (Parque das Artes), Lu\u00eds Carlos Raya, \u00daber Parque Sul-, na zona Sul-, o Maur\u00edlio Biagi, no Centro e o Tom Jobim, na zona Noroeste, funcionam das 6h \u00e0s 21h. J\u00e1 o Parque Prefeito Luiz Roberto J\u00e1bali (Curupira), na zona Leste, das 6h \u00e0s 20h.<\/p>\n<p>O Parque Roberto Genari, localizado na regi\u00e3o central est\u00e1 temporariamente fechado por problemas estruturais causados pelas chuvas.<\/p>\n<p>Segundo o vereador, a iniciativa busca oferecer mais op\u00e7\u00f5es de lazer, esporte e conviv\u00eancia, especialmente para os pais que trabalham durante o dia e t\u00eam pouco tempo para aproveitar os espa\u00e7os p\u00fablicos com seus filhos. Destaca ainda que a medida pode ser implementada sem gerar novos custos ao munic\u00edpio, j\u00e1 que os parques contam com vigil\u00e2ncia e ilumina\u00e7\u00e3o no per\u00edodo noturno.<\/p>\n<\/div>\n<p><script async src=\"\/\/platform.twitter.com\/widgets.js\" charset=\"utf-8\"><\/script><br \/>\n<br \/><br \/>\n<br \/><a href=\"https:\/\/www.tribunaribeirao.com.br\/proposta-propoe-a-abertura-de-parques-ate-as-23-horas\/\">Source link <\/a><\/p>\n<!-- CONTENT END 1 -->\n","protected":false},"excerpt":{"rendered":"<p>&#13; &#13; &#13; 23 de dezembro de 2025 08:42 &#13; Compartilhar0 O presidente da C\u00e2mara Municipal de Ribeir\u00e3o Preto, vereador Isaac Antunes (PL), apresentou ao&#8230;<\/p>\n","protected":false},"author":1,"featured_media":81087,"comment_status":"open","ping_status":"open","sticky":false,"template":"","format":"standard","meta":{"advanced_seo_description":"","jetpack_seo_html_title":"","jetpack_seo_noindex":false,"jetpack_post_was_ever_published":false,"_jetpack_newsletter_access":"","_jetpack_dont_email_post_to_subs":false,"_jetpack_newsletter_tier_id":0,"_jetpack_memberships_contains_paywalled_content":false,"_jetpack_memberships_contains_paid_content":false,"footnotes":"","jetpack_publicize_message":"","jetpack_publicize_feature_enabled":true,"jetpack_social_post_already_shared":true,"jetpack_social_options":{"image_generator_settings":{"template":"highway","default_image_id":0,"font":"","enabled":false},"version":2}},"categories":[11],"tags":[],"class_list":["post-81086","post","type-post","status-publish","format-standard","has-post-thumbnail","hentry","category-noticias-de-ribeirao-preto-sp-e-regiao-ismael-colosi"],"jetpack_publicize_connections":[],"jetpack_featured_media_url":"https:\/\/i0.wp.com\/noticiasribeiraopreto.com.br\/wp-content\/uploads\/2025\/12\/3-Proposta-propoe-a-abertura-de-parques-ate-as-23-horas-scaled.jpeg?fit=1200%2C675&ssl=1","jetpack-related-posts":[{"id":43865,"url":"https:\/\/noticiasribeiraopreto.com.br\/index.php\/2024\/03\/23\/mega-sena-sorteia-hoje-premio-de-r-83-milhoes\/","url_meta":{"origin":81086,"position":0},"title":"Mega-Sena sorteia hoje pr\u00eamio de R$ 83 milh\u00f5es","author":"noticiasribeiraopreto.com.br","date":"23 de March de 2024","format":false,"excerpt":"23 de mar\u00e7o de 2024 | 16:0023 de mar\u00e7o de 2024 | 11:45 0 A Caixa Econ\u00f4mica Federal sorteia neste s\u00e1bado (23\/3), \u00e0s 20h, um pr\u00eamio estimado em R$ 83 milh\u00f5es no concurso 2704 da Mega-Sena. O evento acontece no Espa\u00e7o da Sorte, em S\u00e3o Paulo. Quem quiser concorrer aos\u2026","rel":"","context":"In &quot;Not\u00edcias de Ribeir\u00e3o Preto-SP e Regi\u00e3o&quot;","block_context":{"text":"Not\u00edcias de Ribeir\u00e3o Preto-SP e Regi\u00e3o","link":"https:\/\/noticiasribeiraopreto.com.br\/index.php\/category\/noticias-de-ribeirao-preto-sp-e-regiao-ismael-colosi\/"},"img":{"alt_text":"","src":"https:\/\/i0.wp.com\/noticiasribeiraopreto.com.br\/wp-content\/uploads\/2024\/03\/1711220432_megasena-scaled.jpg?fit=933%2C645&ssl=1&resize=350%2C200","width":350,"height":200,"srcset":"https:\/\/i0.wp.com\/noticiasribeiraopreto.com.br\/wp-content\/uploads\/2024\/03\/1711220432_megasena-scaled.jpg?fit=933%2C645&ssl=1&resize=350%2C200 1x, https:\/\/i0.wp.com\/noticiasribeiraopreto.com.br\/wp-content\/uploads\/2024\/03\/1711220432_megasena-scaled.jpg?fit=933%2C645&ssl=1&resize=525%2C300 1.5x, https:\/\/i0.wp.com\/noticiasribeiraopreto.com.br\/wp-content\/uploads\/2024\/03\/1711220432_megasena-scaled.jpg?fit=933%2C645&ssl=1&resize=700%2C400 2x"},"classes":[]},{"id":13132,"url":"https:\/\/noticiasribeiraopreto.com.br\/index.php\/2023\/12\/09\/tem-medo-de-ficar-desempregado-entao-fuja-desses-23-empregos-meu-valor-digital\/","url_meta":{"origin":81086,"position":1},"title":"Tem medo de ficar desempregado? Ent\u00e3o fuja desses 23 empregos &#8211; Meu Valor Digital","author":"noticiasribeiraopreto.com.br","date":"9 de December de 2023","format":false,"excerpt":"Tem medo de ficar desempregado? Ent\u00e3o fuja desses 23 empregos - Meu Valor Digital - Not\u00edcias atualizadas In\u00edcioChamadasTem medo de ficar desempregado? Ent\u00e3o fuja desses 23 empregos Source link","rel":"","context":"In &quot;Vagas de Emprego em Ribeir\u00e3o Preto-SP&quot;","block_context":{"text":"Vagas de Emprego em Ribeir\u00e3o Preto-SP","link":"https:\/\/noticiasribeiraopreto.com.br\/index.php\/category\/empregos-classificados-vagas-trabalho\/vagas-de-empregos-em-ribeirao-preto-regiao-brasil\/"},"img":{"alt_text":"","src":"https:\/\/i0.wp.com\/noticiasribeiraopreto.com.br\/wp-content\/uploads\/2023\/12\/trabalhadora-trsite.jpg?fit=1200%2C800&ssl=1&resize=350%2C200","width":350,"height":200,"srcset":"https:\/\/i0.wp.com\/noticiasribeiraopreto.com.br\/wp-content\/uploads\/2023\/12\/trabalhadora-trsite.jpg?fit=1200%2C800&ssl=1&resize=350%2C200 1x, https:\/\/i0.wp.com\/noticiasribeiraopreto.com.br\/wp-content\/uploads\/2023\/12\/trabalhadora-trsite.jpg?fit=1200%2C800&ssl=1&resize=525%2C300 1.5x, https:\/\/i0.wp.com\/noticiasribeiraopreto.com.br\/wp-content\/uploads\/2023\/12\/trabalhadora-trsite.jpg?fit=1200%2C800&ssl=1&resize=700%2C400 2x, https:\/\/i0.wp.com\/noticiasribeiraopreto.com.br\/wp-content\/uploads\/2023\/12\/trabalhadora-trsite.jpg?fit=1200%2C800&ssl=1&resize=1050%2C600 3x"},"classes":[]},{"id":68153,"url":"https:\/\/noticiasribeiraopreto.com.br\/index.php\/2025\/04\/23\/video-equipes-de-resgate-encontram-corpo-de-mulher-desaparecida\/","url_meta":{"origin":81086,"position":2},"title":"V\u00cdDEO: Equipes de resgate encontram corpo de mulher desaparecida","author":"noticiasribeiraopreto.com.br","date":"23 de April de 2025","format":false,"excerpt":"23 de abril de 2025 01:2623 de abril de 2025 01:261 Compartilhar0 Ap\u00f3s dias de buscas intensas, o corpo de Maria J\u00falia, de 52 anos, foi localizado no fim da tarde desta ter\u00e7a-feira (22) no Rio Mogi, em Pontal . A opera\u00e7\u00e3o de resgate, que mobilizou bombeiros, volunt\u00e1rios e o\u2026","rel":"","context":"In &quot;Not\u00edcias de Ribeir\u00e3o Preto-SP e Regi\u00e3o&quot;","block_context":{"text":"Not\u00edcias de Ribeir\u00e3o Preto-SP e Regi\u00e3o","link":"https:\/\/noticiasribeiraopreto.com.br\/index.php\/category\/noticias-de-ribeirao-preto-sp-e-regiao-ismael-colosi\/"},"img":{"alt_text":"","src":"https:\/\/i0.wp.com\/noticiasribeiraopreto.com.br\/wp-content\/uploads\/2025\/04\/casal_pontal_rio.jpeg?fit=640%2C360&ssl=1&resize=350%2C200","width":350,"height":200,"srcset":"https:\/\/i0.wp.com\/noticiasribeiraopreto.com.br\/wp-content\/uploads\/2025\/04\/casal_pontal_rio.jpeg?fit=640%2C360&ssl=1&resize=350%2C200 1x, https:\/\/i0.wp.com\/noticiasribeiraopreto.com.br\/wp-content\/uploads\/2025\/04\/casal_pontal_rio.jpeg?fit=640%2C360&ssl=1&resize=525%2C300 1.5x"},"classes":[]},{"id":39191,"url":"https:\/\/noticiasribeiraopreto.com.br\/index.php\/2024\/02\/23\/funcionario-publico-morre-no-aterro-sanitario-de-rp\/","url_meta":{"origin":81086,"position":3},"title":"Funcion\u00e1rio p\u00fablico morre no aterro sanit\u00e1rio de RP","author":"noticiasribeiraopreto.com.br","date":"23 de February de 2024","format":false,"excerpt":"V\u00edtima trabalhava descarregando res\u00edduos quando cabo de m\u00e1quina se soltou e o atingiu na cabe\u00e7a 23 de fevereiro de 2024 | 17:1423 de fevereiro de 2024 | 17:30 2Por: Adalberto LuqueUm homem de 60 anos morreu, na manh\u00e3 desta sexta-feira (23), ao ser atingido por um cabo de uma m\u00e1quina.\u2026","rel":"","context":"In &quot;Not\u00edcias de Ribeir\u00e3o Preto-SP e Regi\u00e3o&quot;","block_context":{"text":"Not\u00edcias de Ribeir\u00e3o Preto-SP e Regi\u00e3o","link":"https:\/\/noticiasribeiraopreto.com.br\/index.php\/category\/noticias-de-ribeirao-preto-sp-e-regiao-ismael-colosi\/"},"img":{"alt_text":"","src":"https:\/\/i0.wp.com\/noticiasribeiraopreto.com.br\/wp-content\/uploads\/2024\/02\/00-23-fev-2024-morte-aterro-sanitario-foto-x-tudo.jpg?fit=942%2C633&ssl=1&resize=350%2C200","width":350,"height":200,"srcset":"https:\/\/i0.wp.com\/noticiasribeiraopreto.com.br\/wp-content\/uploads\/2024\/02\/00-23-fev-2024-morte-aterro-sanitario-foto-x-tudo.jpg?fit=942%2C633&ssl=1&resize=350%2C200 1x, https:\/\/i0.wp.com\/noticiasribeiraopreto.com.br\/wp-content\/uploads\/2024\/02\/00-23-fev-2024-morte-aterro-sanitario-foto-x-tudo.jpg?fit=942%2C633&ssl=1&resize=525%2C300 1.5x, https:\/\/i0.wp.com\/noticiasribeiraopreto.com.br\/wp-content\/uploads\/2024\/02\/00-23-fev-2024-morte-aterro-sanitario-foto-x-tudo.jpg?fit=942%2C633&ssl=1&resize=700%2C400 2x"},"classes":[]},{"id":82804,"url":"https:\/\/noticiasribeiraopreto.com.br\/index.php\/2026\/02\/27\/quer-se-qualificar-ribeirao-preto-abre-600-vagas-em-cursos-gratuitos\/","url_meta":{"origin":81086,"position":4},"title":"Quer se qualificar? Ribeir\u00e3o Preto abre 600 vagas em cursos gratuitos","author":"noticiasribeiraopreto.com.br","date":"27 de February de 2026","format":false,"excerpt":"Ribeir\u00e3o Preto passa a contar com 600 vagas em cursos gratuitos de qualifica\u00e7\u00e3o profissional promovidos pelo iBEE (Instituto Brasileiro do Emprego e Empreendedorismo), em parceria com o Governo do Estado de S\u00e3o Paulo e a Etec Jos\u00e9 Martimiano da Silva. Ao final das aulas, os alunos recebem certificado e podem\u2026","rel":"","context":"In &quot;Not\u00edcias de Ribeir\u00e3o Preto-SP e Regi\u00e3o&quot;","block_context":{"text":"Not\u00edcias de Ribeir\u00e3o Preto-SP e Regi\u00e3o","link":"https:\/\/noticiasribeiraopreto.com.br\/index.php\/category\/noticias-de-ribeirao-preto-sp-e-regiao-ismael-colosi\/"},"img":{"alt_text":"","src":"https:\/\/i0.wp.com\/noticiasribeiraopreto.com.br\/wp-content\/uploads\/2026\/02\/curso-programacao_2026-02-09_14-25-03.webp.webp?fit=1200%2C800&ssl=1&resize=350%2C200","width":350,"height":200,"srcset":"https:\/\/i0.wp.com\/noticiasribeiraopreto.com.br\/wp-content\/uploads\/2026\/02\/curso-programacao_2026-02-09_14-25-03.webp.webp?fit=1200%2C800&ssl=1&resize=350%2C200 1x, https:\/\/i0.wp.com\/noticiasribeiraopreto.com.br\/wp-content\/uploads\/2026\/02\/curso-programacao_2026-02-09_14-25-03.webp.webp?fit=1200%2C800&ssl=1&resize=525%2C300 1.5x, https:\/\/i0.wp.com\/noticiasribeiraopreto.com.br\/wp-content\/uploads\/2026\/02\/curso-programacao_2026-02-09_14-25-03.webp.webp?fit=1200%2C800&ssl=1&resize=700%2C400 2x, https:\/\/i0.wp.com\/noticiasribeiraopreto.com.br\/wp-content\/uploads\/2026\/02\/curso-programacao_2026-02-09_14-25-03.webp.webp?fit=1200%2C800&ssl=1&resize=1050%2C600 3x"},"classes":[]},{"id":20010,"url":"https:\/\/noticiasribeiraopreto.com.br\/index.php\/2023\/12\/23\/queda-de-aviao-deixa-cinco-mortos-em-jaboticabal\/","url_meta":{"origin":81086,"position":5},"title":"Queda de avi\u00e3o deixa cinco mortos em Jaboticabal","author":"noticiasribeiraopreto.com.br","date":"23 de December de 2023","format":false,"excerpt":"23 de dezembro de 2023 | 12:5223 de dezembro de 2023 | 13:19 1Uma aeronave de pequeno porte caiu na manh\u00e3 deste s\u00e1bado (23), em uma pra\u00e7a de Jaboticabal.Informa\u00e7\u00f5es confirmam que piloto do avi\u00e3o era o empres\u00e1rio Delcides Menezes Tiago e confirma mais quatro ocupantes, entre elas uma crian\u00e7a.Thiago estava\u2026","rel":"","context":"In &quot;Not\u00edcias de Ribeir\u00e3o Preto-SP e Regi\u00e3o&quot;","block_context":{"text":"Not\u00edcias de Ribeir\u00e3o Preto-SP e Regi\u00e3o","link":"https:\/\/noticiasribeiraopreto.com.br\/index.php\/category\/noticias-de-ribeirao-preto-sp-e-regiao-ismael-colosi\/"},"img":{"alt_text":"","src":"https:\/\/i0.wp.com\/noticiasribeiraopreto.com.br\/wp-content\/uploads\/2023\/12\/be93e0cc-5450-4555-853b-5271d2c39a09.jpg?fit=774%2C533&ssl=1&resize=350%2C200","width":350,"height":200,"srcset":"https:\/\/i0.wp.com\/noticiasribeiraopreto.com.br\/wp-content\/uploads\/2023\/12\/be93e0cc-5450-4555-853b-5271d2c39a09.jpg?fit=774%2C533&ssl=1&resize=350%2C200 1x, https:\/\/i0.wp.com\/noticiasribeiraopreto.com.br\/wp-content\/uploads\/2023\/12\/be93e0cc-5450-4555-853b-5271d2c39a09.jpg?fit=774%2C533&ssl=1&resize=525%2C300 1.5x, https:\/\/i0.wp.com\/noticiasribeiraopreto.com.br\/wp-content\/uploads\/2023\/12\/be93e0cc-5450-4555-853b-5271d2c39a09.jpg?fit=774%2C533&ssl=1&resize=700%2C400 2x"},"classes":[]}],"jetpack_sharing_enabled":true,"jetpack_shortlink":"https:\/\/wp.me\/peQAOb-l5Q","_links":{"self":[{"href":"https:\/\/noticiasribeiraopreto.com.br\/index.php\/wp-json\/wp\/v2\/posts\/81086","targetHints":{"allow":["GET"]}}],"collection":[{"href":"https:\/\/noticiasribeiraopreto.com.br\/index.php\/wp-json\/wp\/v2\/posts"}],"about":[{"href":"https:\/\/noticiasribeiraopreto.com.br\/index.php\/wp-json\/wp\/v2\/types\/post"}],"author":[{"embeddable":true,"href":"https:\/\/noticiasribeiraopreto.com.br\/index.php\/wp-json\/wp\/v2\/users\/1"}],"replies":[{"embeddable":true,"href":"https:\/\/noticiasribeiraopreto.com.br\/index.php\/wp-json\/wp\/v2\/comments?post=81086"}],"version-history":[{"count":0,"href":"https:\/\/noticiasribeiraopreto.com.br\/index.php\/wp-json\/wp\/v2\/posts\/81086\/revisions"}],"wp:featuredmedia":[{"embeddable":true,"href":"https:\/\/noticiasribeiraopreto.com.br\/index.php\/wp-json\/wp\/v2\/media\/81087"}],"wp:attachment":[{"href":"https:\/\/noticiasribeiraopreto.com.br\/index.php\/wp-json\/wp\/v2\/media?parent=81086"}],"wp:term":[{"taxonomy":"category","embeddable":true,"href":"https:\/\/noticiasribeiraopreto.com.br\/index.php\/wp-json\/wp\/v2\/categories?post=81086"},{"taxonomy":"post_tag","embeddable":true,"href":"https:\/\/noticiasribeiraopreto.com.br\/index.php\/wp-json\/wp\/v2\/tags?post=81086"}],"curies":[{"name":"wp","href":"https:\/\/api.w.org\/{rel}","templated":true}]}}