{"id":81088,"date":"2025-12-23T10:22:28","date_gmt":"2025-12-23T13:22:28","guid":{"rendered":"https:\/\/noticiasribeiraopreto.com.br\/index.php\/2025\/12\/23\/adesao-ao-refis-termina-nesta-terca-feira\/"},"modified":"2025-12-23T10:22:28","modified_gmt":"2025-12-23T13:22:28","slug":"adesao-ao-refis-termina-nesta-terca-feira","status":"publish","type":"post","link":"https:\/\/noticiasribeiraopreto.com.br\/index.php\/2025\/12\/23\/adesao-ao-refis-termina-nesta-terca-feira\/","title":{"rendered":"Ades\u00e3o ao Refis termina nesta ter\u00e7a-feira"},"content":{"rendered":"<div class='code-block code-block-1' style='margin: 8px 0 8px auto; text-align: right; display: block; clear: both;'>\n<p><a href=\"https:\/\/wa.link\/vpicfd\"><img data-recalc-dims=\"1\" class=\"wp-image-4922\" style=\"aspect-ratio: 2.0253164556962027; width: 561px; height: auto;\" src=\"https:\/\/i0.wp.com\/ismaelcolosi.com.br\/wp-content\/uploads\/2023\/11\/grupo-de-empregos-whatsapp-e-facebook-ismael-colosi-vagas.jpg?ssl=1\" alt=\"\" \/><\/a><\/p>\n<!-- \/wp:image -->\n<\/div>\n<p> <br \/>\n<\/p>\n<div id=\"\">&#13;<br \/>\n\t\t\t\t\t\t\t\t&#13;<\/p>\n<p>&#13;<br \/>\n\t\t\t\t\t\t\t\t\t<span class=\"entry-meta-item penci-posted-on\"><i class=\"fa fa-clock-o\"\/><time class=\"entry-date published updated\" datetime=\"2025-12-23T10:17:34-03:00\">23 de dezembro de 2025 10:17<\/time><\/span><span class=\"entry-meta-item penci-post-countview\"\/>\t\t\t\t\t\t\t\t<\/p>\n<p><!-- .entry-meta -->&#13;<br \/>\n\t\t\t\t\t\t\t\t<span class=\"penci-social-buttons penci-social-share-footer\"><span class=\"penci-social-share-text\">Compartilhar<\/span><a href=\"#\" class=\"penci-post-like penci_post-meta_item  single-like-button penci-social-item like\" data-post_id=\"450009\" title=\"Like\" data-like=\"Like\" data-unlike=\"Unlike\"><i class=\"fa fa-thumbs-o-up\"\/><span class=\"penci-share-number\">0<\/span><\/a><i class=\"fa fa-facebook\"\/><a class=\"penci-social-item twitter\" target=\"_blank\" rel=\"noopener\" title=\"\" href=\"https:\/\/twitter.com\/intent\/tweet?text=Ades\u00e3o%20ao%20Refis%20termina%20nesta%20ter\u00e7a-feira%20-%20https:\/\/www.tribunaribeirao.com.br\/adesao-ao-refis-termina-nesta-terca-feira\/\"><i class=\"fa fa-twitter\"\/><\/a><i class=\"fa fa-linkedin\"\/><i class=\"fa fa-whatsapp\"\/><i class=\"fa fa-telegram\"\/><i class=\"fa fa-envelope\"\/><\/span>\t\t\t\t\t\t\t<\/div>\n<div>\n<p><em>At\u00e9 a semana passada o Programa de Recupera\u00e7\u00e3o Fiscal da prefeitura havia renegociado um total de R$ 18 milh\u00f5es<\/em><\/p>\n<p>Termina nesta ter\u00e7a-feira, 23 de dezembro, o prazo para os contribuintes de Ribeir\u00e3o Preto, com d\u00edvidas tribut\u00e1rias e n\u00e3o tribut\u00e1rias, aderirem Programa de Recupera\u00e7\u00e3o Fiscal Refis Ribeir\u00e3o 2025.<\/p>\n<p>Em vigor desde 1\u00ba de setembro, o Programa oferece condi\u00e7\u00f5es mais vantajosas para a regulariza\u00e7\u00e3o de d\u00edvidas contra\u00eddas at\u00e9 31 de dezembro de 2024 junto \u00e0 Prefeitura e \u00e0 Secretaria de \u00c1gua e Esgoto de Ribeir\u00e3o Preto (Saerp). O programa permite parcelamentos em at\u00e9 120 vezes, apresenta condi\u00e7\u00f5es in\u00e9ditas para grandes devedores e cria incentivos espec\u00edficos para a regulariza\u00e7\u00e3o de im\u00f3veis.<\/p>\n<p>At\u00e9 ter\u00e7a-feira passada, 16 de dezembro, o Refis havia superado a marca de R$ 18 milh\u00f5es em renegocia\u00e7\u00f5es de d\u00edvidas, com 58.706 transa\u00e7\u00f5es realizadas.<\/p>\n<p>O balan\u00e7o parcial foi divulgado pela Prefeitura de Ribeir\u00e3o Preto, por meio da Secretaria da Fazenda, Entre os d\u00e9bitos mais renegociados est\u00e3o o IPTU, seguido pelas taxas de funcionamento de empresas e pelo ISS.<\/p>\n<p>Para fazer a ades\u00e3o o interessado deve acessar o portal www.ribeiraopreto.sp.gov.br\/refisribeirao<\/p>\n<\/div>\n<p><script async src=\"\/\/platform.twitter.com\/widgets.js\" charset=\"utf-8\"><\/script><br \/>\n<br \/><br \/>\n<br \/><a href=\"https:\/\/www.tribunaribeirao.com.br\/adesao-ao-refis-termina-nesta-terca-feira\/\">Source link <\/a><\/p>\n<!-- CONTENT END 1 -->\n","protected":false},"excerpt":{"rendered":"<p>&#13; &#13; &#13; 23 de dezembro de 2025 10:17 &#13; Compartilhar0 At\u00e9 a semana passada o Programa de Recupera\u00e7\u00e3o Fiscal da prefeitura havia renegociado um&#8230;<\/p>\n","protected":false},"author":1,"featured_media":81089,"comment_status":"open","ping_status":"open","sticky":false,"template":"","format":"standard","meta":{"advanced_seo_description":"","jetpack_seo_html_title":"","jetpack_seo_noindex":false,"jetpack_post_was_ever_published":false,"_jetpack_newsletter_access":"","_jetpack_dont_email_post_to_subs":false,"_jetpack_newsletter_tier_id":0,"_jetpack_memberships_contains_paywalled_content":false,"_jetpack_memberships_contains_paid_content":false,"footnotes":"","jetpack_publicize_message":"","jetpack_publicize_feature_enabled":true,"jetpack_social_post_already_shared":true,"jetpack_social_options":{"image_generator_settings":{"template":"highway","default_image_id":0,"font":"","enabled":false},"version":2}},"categories":[11],"tags":[],"class_list":["post-81088","post","type-post","status-publish","format-standard","has-post-thumbnail","hentry","category-noticias-de-ribeirao-preto-sp-e-regiao-ismael-colosi"],"jetpack_publicize_connections":[],"jetpack_featured_media_url":"https:\/\/i0.wp.com\/noticiasribeiraopreto.com.br\/wp-content\/uploads\/2025\/12\/1-refis.jpg?fit=960%2C640&ssl=1","jetpack-related-posts":[{"id":75616,"url":"https:\/\/noticiasribeiraopreto.com.br\/index.php\/2025\/08\/12\/ribeirao-preto-anuncia-refis-com-parcelamento-das-dividas-em-ate-120-meses\/","url_meta":{"origin":81088,"position":0},"title":"Ribeir\u00e3o Preto anuncia Refis com parcelamento das d\u00edvidas em at\u00e9 120 meses","author":"noticiasribeiraopreto.com.br","date":"12 de August de 2025","format":false,"excerpt":"A Prefeitura de Ribeir\u00e3o Preto anunciou nesta ter\u00e7a-feira (12) o Programa Refis Ribeir\u00e3o, para renegocia\u00e7\u00e3o de d\u00edvidas junto \u00e0 Administra\u00e7\u00e3o Municipal e a Saerp (Secretaria de \u00c1gua e Esgoto de Ribeir\u00e3o Preto). O secret\u00e1rio da Fazenda Fernando Oliveira Soares estima aumentar a arrecada\u00e7\u00e3o da prefeitura em R$ 10 milh\u00f5es. De\u2026","rel":"","context":"In &quot;Not\u00edcias de Ribeir\u00e3o Preto-SP e Regi\u00e3o&quot;","block_context":{"text":"Not\u00edcias de Ribeir\u00e3o Preto-SP e Regi\u00e3o","link":"https:\/\/noticiasribeiraopreto.com.br\/index.php\/category\/noticias-de-ribeirao-preto-sp-e-regiao-ismael-colosi\/"},"img":{"alt_text":"","src":"https:\/\/i0.wp.com\/noticiasribeiraopreto.com.br\/wp-content\/uploads\/2025\/07\/prefeito-ricardo-silva_2025-07-31_20-57-54.webp.webp?fit=1200%2C800&ssl=1&resize=350%2C200","width":350,"height":200,"srcset":"https:\/\/i0.wp.com\/noticiasribeiraopreto.com.br\/wp-content\/uploads\/2025\/07\/prefeito-ricardo-silva_2025-07-31_20-57-54.webp.webp?fit=1200%2C800&ssl=1&resize=350%2C200 1x, https:\/\/i0.wp.com\/noticiasribeiraopreto.com.br\/wp-content\/uploads\/2025\/07\/prefeito-ricardo-silva_2025-07-31_20-57-54.webp.webp?fit=1200%2C800&ssl=1&resize=525%2C300 1.5x, https:\/\/i0.wp.com\/noticiasribeiraopreto.com.br\/wp-content\/uploads\/2025\/07\/prefeito-ricardo-silva_2025-07-31_20-57-54.webp.webp?fit=1200%2C800&ssl=1&resize=700%2C400 2x, https:\/\/i0.wp.com\/noticiasribeiraopreto.com.br\/wp-content\/uploads\/2025\/07\/prefeito-ricardo-silva_2025-07-31_20-57-54.webp.webp?fit=1200%2C800&ssl=1&resize=1050%2C600 3x"},"classes":[]},{"id":80994,"url":"https:\/\/noticiasribeiraopreto.com.br\/index.php\/2025\/12\/20\/ultimos-dias-do-refis-ribeirao-2025-veja-como-renegociar\/","url_meta":{"origin":81088,"position":1},"title":"\u00daltimos dias do Refis Ribeir\u00e3o 2025; veja como renegociar","author":"noticiasribeiraopreto.com.br","date":"20 de December de 2025","format":false,"excerpt":"O prazo para ades\u00e3o ao Programa de Recupera\u00e7\u00e3o Fiscal Refis Ribeir\u00e3o 2025 entra na reta final e termina em 23 de dezembro. O programa j\u00e1 ultrapassa R$ 18 milh\u00f5es em renegocia\u00e7\u00f5es e contabiliza 58.706 transa\u00e7\u00f5es, segundo dados da Secretaria Municipal da Fazenda de Ribeir\u00e3o Preto. O Refis permite a regulariza\u00e7\u00e3o\u2026","rel":"","context":"In &quot;Not\u00edcias de Ribeir\u00e3o Preto-SP e Regi\u00e3o&quot;","block_context":{"text":"Not\u00edcias de Ribeir\u00e3o Preto-SP e Regi\u00e3o","link":"https:\/\/noticiasribeiraopreto.com.br\/index.php\/category\/noticias-de-ribeirao-preto-sp-e-regiao-ismael-colosi\/"},"img":{"alt_text":"","src":"https:\/\/i0.wp.com\/noticiasribeiraopreto.com.br\/wp-content\/uploads\/2025\/12\/poupatempo_ribeirao_1024x576_03092020171438_2025-12-19_19-33-57.webp.webp?fit=1024%2C576&ssl=1&resize=350%2C200","width":350,"height":200,"srcset":"https:\/\/i0.wp.com\/noticiasribeiraopreto.com.br\/wp-content\/uploads\/2025\/12\/poupatempo_ribeirao_1024x576_03092020171438_2025-12-19_19-33-57.webp.webp?fit=1024%2C576&ssl=1&resize=350%2C200 1x, https:\/\/i0.wp.com\/noticiasribeiraopreto.com.br\/wp-content\/uploads\/2025\/12\/poupatempo_ribeirao_1024x576_03092020171438_2025-12-19_19-33-57.webp.webp?fit=1024%2C576&ssl=1&resize=525%2C300 1.5x, https:\/\/i0.wp.com\/noticiasribeiraopreto.com.br\/wp-content\/uploads\/2025\/12\/poupatempo_ribeirao_1024x576_03092020171438_2025-12-19_19-33-57.webp.webp?fit=1024%2C576&ssl=1&resize=700%2C400 2x"},"classes":[]},{"id":75933,"url":"https:\/\/noticiasribeiraopreto.com.br\/index.php\/2025\/08\/18\/camara-de-ribeirao-aprova-programa-refis-para-renegociacao-de-dividas-municipais\/","url_meta":{"origin":81088,"position":2},"title":"C\u00e2mara de Ribeir\u00e3o aprova Programa Refis para renegocia\u00e7\u00e3o de d\u00edvidas municipais","author":"noticiasribeiraopreto.com.br","date":"18 de August de 2025","format":false,"excerpt":"A C\u00e2mara Municipal de Ribeir\u00e3o Preto aprovou, em primeira discuss\u00e3o nesta segunda-feira (18), o Programa Refis Ribeir\u00e3o, que prev\u00ea a renegocia\u00e7\u00e3o de d\u00edvidas com a Administra\u00e7\u00e3o Municipal e com a Saerp (Secretaria de \u00c1gua e Esgoto de Ribeir\u00e3o Preto). O projeto foi aprovado por 16 vereadores, com voto contr\u00e1rio apenas\u2026","rel":"","context":"In &quot;Not\u00edcias de Ribeir\u00e3o Preto-SP e Regi\u00e3o&quot;","block_context":{"text":"Not\u00edcias de Ribeir\u00e3o Preto-SP e Regi\u00e3o","link":"https:\/\/noticiasribeiraopreto.com.br\/index.php\/category\/noticias-de-ribeirao-preto-sp-e-regiao-ismael-colosi\/"},"img":{"alt_text":"","src":"https:\/\/i0.wp.com\/noticiasribeiraopreto.com.br\/wp-content\/uploads\/2025\/08\/DSC6100_0_2025-08-18_23-05-17.webp.webp?fit=1200%2C800&ssl=1&resize=350%2C200","width":350,"height":200,"srcset":"https:\/\/i0.wp.com\/noticiasribeiraopreto.com.br\/wp-content\/uploads\/2025\/08\/DSC6100_0_2025-08-18_23-05-17.webp.webp?fit=1200%2C800&ssl=1&resize=350%2C200 1x, https:\/\/i0.wp.com\/noticiasribeiraopreto.com.br\/wp-content\/uploads\/2025\/08\/DSC6100_0_2025-08-18_23-05-17.webp.webp?fit=1200%2C800&ssl=1&resize=525%2C300 1.5x, https:\/\/i0.wp.com\/noticiasribeiraopreto.com.br\/wp-content\/uploads\/2025\/08\/DSC6100_0_2025-08-18_23-05-17.webp.webp?fit=1200%2C800&ssl=1&resize=700%2C400 2x, https:\/\/i0.wp.com\/noticiasribeiraopreto.com.br\/wp-content\/uploads\/2025\/08\/DSC6100_0_2025-08-18_23-05-17.webp.webp?fit=1200%2C800&ssl=1&resize=1050%2C600 3x"},"classes":[]},{"id":75617,"url":"https:\/\/noticiasribeiraopreto.com.br\/index.php\/2025\/08\/12\/novo-refis-podera-beneficiar-mais-de-100-mil-contribuintes\/","url_meta":{"origin":81088,"position":3},"title":"Novo Refis poder\u00e1 beneficiar mais de 100 mil contribuintes","author":"noticiasribeiraopreto.com.br","date":"12 de August de 2025","format":false,"excerpt":"12 de agosto de 2025 15:384 Compartilhar0 Programa de Renegocia\u00e7\u00e3o de D\u00edvidas, lan\u00e7ado nesta ter\u00e7a-feira (12) pelo prefeito de Ribeir\u00e3o Preto, Ricardo Silva A Prefeitura de Ribeir\u00e3o Preto lan\u00e7ou, nesta ter\u00e7a-feira, 12 de agosto, o Programa de Recupera\u00e7\u00e3o Fiscal Refis Ribeir\u00e3o, voltado para devedores de tributos e taxas municipais. O\u2026","rel":"","context":"In &quot;Not\u00edcias de Ribeir\u00e3o Preto-SP e Regi\u00e3o&quot;","block_context":{"text":"Not\u00edcias de Ribeir\u00e3o Preto-SP e Regi\u00e3o","link":"https:\/\/noticiasribeiraopreto.com.br\/index.php\/category\/noticias-de-ribeirao-preto-sp-e-regiao-ismael-colosi\/"},"img":{"alt_text":"","src":"https:\/\/i0.wp.com\/noticiasribeiraopreto.com.br\/wp-content\/uploads\/2025\/08\/site_refis_1.jpg?fit=800%2C533&ssl=1&resize=350%2C200","width":350,"height":200,"srcset":"https:\/\/i0.wp.com\/noticiasribeiraopreto.com.br\/wp-content\/uploads\/2025\/08\/site_refis_1.jpg?fit=800%2C533&ssl=1&resize=350%2C200 1x, https:\/\/i0.wp.com\/noticiasribeiraopreto.com.br\/wp-content\/uploads\/2025\/08\/site_refis_1.jpg?fit=800%2C533&ssl=1&resize=525%2C300 1.5x, https:\/\/i0.wp.com\/noticiasribeiraopreto.com.br\/wp-content\/uploads\/2025\/08\/site_refis_1.jpg?fit=800%2C533&ssl=1&resize=700%2C400 2x"},"classes":[]},{"id":67571,"url":"https:\/\/noticiasribeiraopreto.com.br\/index.php\/2025\/04\/15\/apostas-de-ribeirao-preto-e-regiao-levam-r-31-mil-na-mega-sena-veja-numeros\/","url_meta":{"origin":81088,"position":4},"title":"Apostas de Ribeir\u00e3o Preto e regi\u00e3o levam R$ 31 mil na Mega-Sena; veja n\u00fameros","author":"noticiasribeiraopreto.com.br","date":"15 de April de 2025","format":false,"excerpt":"Um bol\u00e3o de Ribeir\u00e3o Preto e uma aposta de Barretos, na regi\u00e3o de Ribeir\u00e3o, acertaram cinco dezenas no concurso 2853 da Mega-Sena, realizado nesta ter\u00e7a-feira (15) e ganharam, cada um, o pr\u00eamio no valor de R$ 31.514,18. Os n\u00fameros sorteados foram: 04 \u2013 18 \u2013 23 \u2013 48 \u2013 53\u2026","rel":"","context":"In &quot;Not\u00edcias de Ribeir\u00e3o Preto-SP e Regi\u00e3o&quot;","block_context":{"text":"Not\u00edcias de Ribeir\u00e3o Preto-SP e Regi\u00e3o","link":"https:\/\/noticiasribeiraopreto.com.br\/index.php\/category\/noticias-de-ribeirao-preto-sp-e-regiao-ismael-colosi\/"},"img":{"alt_text":"","src":"https:\/\/i0.wp.com\/noticiasribeiraopreto.com.br\/wp-content\/uploads\/2024\/11\/mega-sena_2024-11-11_19-00-47_jpg_2024-11-11_19-00-47.webp.webp?fit=1170%2C700&ssl=1&resize=350%2C200","width":350,"height":200,"srcset":"https:\/\/i0.wp.com\/noticiasribeiraopreto.com.br\/wp-content\/uploads\/2024\/11\/mega-sena_2024-11-11_19-00-47_jpg_2024-11-11_19-00-47.webp.webp?fit=1170%2C700&ssl=1&resize=350%2C200 1x, https:\/\/i0.wp.com\/noticiasribeiraopreto.com.br\/wp-content\/uploads\/2024\/11\/mega-sena_2024-11-11_19-00-47_jpg_2024-11-11_19-00-47.webp.webp?fit=1170%2C700&ssl=1&resize=525%2C300 1.5x, https:\/\/i0.wp.com\/noticiasribeiraopreto.com.br\/wp-content\/uploads\/2024\/11\/mega-sena_2024-11-11_19-00-47_jpg_2024-11-11_19-00-47.webp.webp?fit=1170%2C700&ssl=1&resize=700%2C400 2x, https:\/\/i0.wp.com\/noticiasribeiraopreto.com.br\/wp-content\/uploads\/2024\/11\/mega-sena_2024-11-11_19-00-47_jpg_2024-11-11_19-00-47.webp.webp?fit=1170%2C700&ssl=1&resize=1050%2C600 3x"},"classes":[]},{"id":76570,"url":"https:\/\/noticiasribeiraopreto.com.br\/index.php\/2025\/09\/01\/refis-ribeirao-comeca-nesta-segunda-feira\/","url_meta":{"origin":81088,"position":5},"title":"Refis Ribeir\u00e3o come\u00e7a nesta segunda-feira","author":"noticiasribeiraopreto.com.br","date":"1 de September de 2025","format":false,"excerpt":"1 de setembro de 2025 09:462 Compartilhar0 O prazo para ades\u00e3o ao novo Programa de Recupera\u00e7\u00e3o Fiscal de Ribeir\u00e3o Preto (Refis Ribeir\u00e3o) come\u00e7ou nesta segunda-feira, 1\u00ba de setembro, e seguir\u00e1 at\u00e9 23 de dezembro. Mais de 114 mil contribuintes inadimplentes poder\u00e3o renegociar d\u00e9bitos com a prefeitura e com a Saerp\u2026","rel":"","context":"In &quot;Not\u00edcias de Ribeir\u00e3o Preto-SP e Regi\u00e3o&quot;","block_context":{"text":"Not\u00edcias de Ribeir\u00e3o Preto-SP e Regi\u00e3o","link":"https:\/\/noticiasribeiraopreto.com.br\/index.php\/category\/noticias-de-ribeirao-preto-sp-e-regiao-ismael-colosi\/"},"img":{"alt_text":"","src":"https:\/\/i0.wp.com\/noticiasribeiraopreto.com.br\/wp-content\/uploads\/2025\/09\/PoupaRP-Prefeitura-de-Ribeirao-Preto-1-scaled.jpg?fit=750%2C500&ssl=1&resize=350%2C200","width":350,"height":200,"srcset":"https:\/\/i0.wp.com\/noticiasribeiraopreto.com.br\/wp-content\/uploads\/2025\/09\/PoupaRP-Prefeitura-de-Ribeirao-Preto-1-scaled.jpg?fit=750%2C500&ssl=1&resize=350%2C200 1x, https:\/\/i0.wp.com\/noticiasribeiraopreto.com.br\/wp-content\/uploads\/2025\/09\/PoupaRP-Prefeitura-de-Ribeirao-Preto-1-scaled.jpg?fit=750%2C500&ssl=1&resize=525%2C300 1.5x, https:\/\/i0.wp.com\/noticiasribeiraopreto.com.br\/wp-content\/uploads\/2025\/09\/PoupaRP-Prefeitura-de-Ribeirao-Preto-1-scaled.jpg?fit=750%2C500&ssl=1&resize=700%2C400 2x"},"classes":[]}],"jetpack_sharing_enabled":true,"jetpack_shortlink":"https:\/\/wp.me\/peQAOb-l5S","_links":{"self":[{"href":"https:\/\/noticiasribeiraopreto.com.br\/index.php\/wp-json\/wp\/v2\/posts\/81088","targetHints":{"allow":["GET"]}}],"collection":[{"href":"https:\/\/noticiasribeiraopreto.com.br\/index.php\/wp-json\/wp\/v2\/posts"}],"about":[{"href":"https:\/\/noticiasribeiraopreto.com.br\/index.php\/wp-json\/wp\/v2\/types\/post"}],"author":[{"embeddable":true,"href":"https:\/\/noticiasribeiraopreto.com.br\/index.php\/wp-json\/wp\/v2\/users\/1"}],"replies":[{"embeddable":true,"href":"https:\/\/noticiasribeiraopreto.com.br\/index.php\/wp-json\/wp\/v2\/comments?post=81088"}],"version-history":[{"count":0,"href":"https:\/\/noticiasribeiraopreto.com.br\/index.php\/wp-json\/wp\/v2\/posts\/81088\/revisions"}],"wp:featuredmedia":[{"embeddable":true,"href":"https:\/\/noticiasribeiraopreto.com.br\/index.php\/wp-json\/wp\/v2\/media\/81089"}],"wp:attachment":[{"href":"https:\/\/noticiasribeiraopreto.com.br\/index.php\/wp-json\/wp\/v2\/media?parent=81088"}],"wp:term":[{"taxonomy":"category","embeddable":true,"href":"https:\/\/noticiasribeiraopreto.com.br\/index.php\/wp-json\/wp\/v2\/categories?post=81088"},{"taxonomy":"post_tag","embeddable":true,"href":"https:\/\/noticiasribeiraopreto.com.br\/index.php\/wp-json\/wp\/v2\/tags?post=81088"}],"curies":[{"name":"wp","href":"https:\/\/api.w.org\/{rel}","templated":true}]}}