{"id":8109,"date":"2023-11-29T13:44:38","date_gmt":"2023-11-29T16:44:38","guid":{"rendered":"https:\/\/noticiasribeiraopreto.com.br\/index.php\/2023\/11\/29\/botafogo-anuncia-tecnico-portugues\/"},"modified":"2023-11-29T13:44:38","modified_gmt":"2023-11-29T16:44:38","slug":"botafogo-anuncia-tecnico-portugues","status":"publish","type":"post","link":"https:\/\/noticiasribeiraopreto.com.br\/index.php\/2023\/11\/29\/botafogo-anuncia-tecnico-portugues\/","title":{"rendered":"Botafogo anuncia t\u00e9cnico portugu\u00eas &#8211; Jornal Tribuna Ribeir\u00e3o"},"content":{"rendered":"<div class='code-block code-block-1' style='margin: 8px 0 8px auto; text-align: right; display: block; clear: both;'>\n<p><a href=\"https:\/\/wa.link\/vpicfd\"><img data-recalc-dims=\"1\" class=\"wp-image-4922\" style=\"aspect-ratio: 2.0253164556962027; width: 561px; height: auto;\" src=\"https:\/\/i0.wp.com\/ismaelcolosi.com.br\/wp-content\/uploads\/2023\/11\/grupo-de-empregos-whatsapp-e-facebook-ismael-colosi-vagas.jpg?ssl=1\" alt=\"\" \/><\/a><\/p>\n<!-- \/wp:image -->\n<\/div>\n<p> <br \/>\n<\/p>\n<div id=\"\">\n<p> <span class=\"entry-meta-item penci-posted-on\"><i class=\"fa fa-clock-o\"\/><time class=\"entry-date published updated\" datetime=\"2023-11-29T13:44:38-03:00\">29 de novembro de 2023 | 13:44<\/time><\/span><\/p>\n<p> <span class=\"penci-social-buttons penci-social-share-footer\"><a href=\"#\" class=\"penci-post-like penci_post-meta_item  single-like-button penci-social-item like\" data-post_id=\"365667\" title=\"Like\" data-like=\"Like\" data-unlike=\"Unlike\"><i class=\"fa fa-thumbs-o-up\"\/><span class=\"penci-share-number\">0<\/span><\/a><i class=\"fa fa-facebook\"\/><a class=\"penci-social-item twitter\" target=\"_blank\" rel=\"noopener\" title=\"\" href=\"https:\/\/twitter.com\/intent\/tweet?text=Botafogo%20anuncia%20t\u00e9cnico%20portugu\u00eas%20-%20https:\/\/www.tribunaribeirao.com.br\/site\/botafogo-anuncia-tecnico-portugues\/\"><i class=\"fa fa-twitter\"\/><\/a><i class=\"fa fa-whatsapp\"\/><\/span><\/div>\n<div>\n<p>O Botafogo anunciou na tarde desta quarta-feira (28) o nome do seu novo treinador. Trata-se do portugu\u00eas Paulo Gomes, de 48 anos, que tem experi\u00eancia no futebol europeu e saudita, onde trabalhou nas \u00faltimas quatro temporadas.<\/p>\n<p>A negocia\u00e7\u00e3o foi concretizada no final da tarde da \u00faltima ter\u00e7a-feira (28) ap\u00f3s uma reuni\u00e3o realizada em S\u00e3o Paulo que contou com a presen\u00e7a de Adalberto Baptista, presidente do Conselho de Administra\u00e7\u00e3o da Botafogo Futebol SA, Paulo Pelaipe, diretor de futebol, e S\u00e9rgio Dimas, rec\u00e9m-contratado como gerente executivo do clube.<\/p>\n<p>Paulo Gomes, que tem a Licen\u00e7a Pro de treinador da CBF Academy, al\u00e9m do curso de an\u00e1lise de desempenho, ter\u00e1 como auxiliar t\u00e9cnico Alexandre Faganello, que foi auxiliar t\u00e9cnico de Guto Ferreira por 15 temporadas.<\/p>\n<p>Faganello tem no curr\u00edculo quatro acessos da S\u00e9rie B para a S\u00e9rie A com Ponte Preta (2014), Bahia (2016), Internacional (2017) e Sport (2019).<\/p>\n<p>Al\u00e9m de Faganello, o analista de desempenho portugu\u00eas Jo\u00e3o Pedro Bag\u00e3o tamb\u00e9m far\u00e1 parte da comiss\u00e3o t\u00e9cnica do Mister Paulo Gomes.<\/p>\n<p>Substitui\u00e7\u00e3o for\u00e7ada \u2013 Paulo Gomes substituir\u00e1 Marcelo Chamusca, que estava confirmado para a temporada de 2024, mas deixou o clube no in\u00edcio do m\u00eas para treinar o Al Faisaly, da Ar\u00e1bia Saudita.<\/p>\n<p>Chamusca chegou ao Pantera no decorrer da temporada para substituir Adilson Batista. Foram 22 jogos, conquistado 26 dos 66 pontos poss\u00edveis, terminando a jornada com um aproveitamento de 39,39%. Foram seis vit\u00f3rias, oito empates e oito derrotas. O auxiliar t\u00e9cnico Fl\u00e1vio Tanajura tamb\u00e9m deixou o Tricolor.<\/p>\n<p>O trabalho de Chamusca ficou marcado por uma sequ\u00eancia de nove partidas sem vit\u00f3ria na S\u00e9rie B. Naquele momento, o cargo do treinador foi colocado em xeque, mas ele acabou bancado pela diretoria.<\/p>\n<p>Desde a chegada da S\/A ao Bota, no meio de 2018, o clube j\u00e1 teve 14 treinadores a frente do time principal. Das cinco temporadas completas que o Botafogo teve sob a gest\u00e3o de Adalberto Baptista, em apenas uma o time n\u00e3o teve tr\u00eas treinadores. Isso aconteceu em 2022, quando o time teve Leandro Zago e Paulo Baier.<\/p>\n<\/div>\n<p><script async src=\"\/\/platform.twitter.com\/widgets.js\" charset=\"utf-8\"><\/script><br \/>\n<br \/><br \/>\n<br \/><a href=\"https:\/\/www.tribunaribeirao.com.br\/site\/botafogo-anuncia-tecnico-portugues\/\">Source link <\/a><\/p>\n<!-- CONTENT END 1 -->\n","protected":false},"excerpt":{"rendered":"<p>29 de novembro de 2023 | 13:44 0 O Botafogo anunciou na tarde desta quarta-feira (28) o nome do seu novo treinador. Trata-se do portugu\u00eas&#8230;<\/p>\n","protected":false},"author":1,"featured_media":8110,"comment_status":"open","ping_status":"open","sticky":false,"template":"","format":"standard","meta":{"advanced_seo_description":"","jetpack_seo_html_title":"","jetpack_seo_noindex":false,"jetpack_post_was_ever_published":false,"_jetpack_newsletter_access":"","_jetpack_dont_email_post_to_subs":false,"_jetpack_newsletter_tier_id":0,"_jetpack_memberships_contains_paywalled_content":false,"_jetpack_memberships_contains_paid_content":false,"footnotes":"","jetpack_publicize_message":"","jetpack_publicize_feature_enabled":true,"jetpack_social_post_already_shared":true,"jetpack_social_options":{"image_generator_settings":{"template":"highway","default_image_id":0,"font":"","enabled":false},"version":2}},"categories":[11],"tags":[175,52,785,1054,26,1053,786],"class_list":["post-8109","post","type-post","status-publish","format-standard","has-post-thumbnail","hentry","category-noticias-de-ribeirao-preto-sp-e-regiao-ismael-colosi","tag-anuncia","tag-botafogo","tag-jornal","tag-portugues","tag-ribeirao","tag-tecnico","tag-tribuna"],"jetpack_publicize_connections":[],"jetpack_featured_media_url":"https:\/\/i0.wp.com\/noticiasribeiraopreto.com.br\/wp-content\/uploads\/2023\/11\/tecbota-scaled.jpg?fit=806%2C645&ssl=1","jetpack-related-posts":[{"id":8087,"url":"https:\/\/noticiasribeiraopreto.com.br\/index.php\/2023\/11\/29\/botafogo-anuncia-contratacao-de-tecnico-portugues-para-2024\/","url_meta":{"origin":8109,"position":0},"title":"Botafogo anuncia contrata\u00e7\u00e3o de t\u00e9cnico portugu\u00eas para 2024","author":"noticiasribeiraopreto.com.br","date":"29 de November de 2023","format":false,"excerpt":"O Botafogo anunciou no in\u00edcio da tarde desta quarta-feira (29) a contrata\u00e7\u00e3o do t\u00e9cnico portugu\u00eas Paulo Gomes, de 48 anos, para dirigir a equipe de Ribeir\u00e3o Preto na pr\u00f3xima temporada. O \u00faltimo trabalho do t\u00e9cnico foi no Al-Jabalain, da segunda divis\u00e3o da Ar\u00e1bia Saudita, de onde saiu em fevereiro deste\u2026","rel":"","context":"In &quot;Not\u00edcias de Ribeir\u00e3o Preto-SP e Regi\u00e3o&quot;","block_context":{"text":"Not\u00edcias de Ribeir\u00e3o Preto-SP e Regi\u00e3o","link":"https:\/\/noticiasribeiraopreto.com.br\/index.php\/category\/noticias-de-ribeirao-preto-sp-e-regiao-ismael-colosi\/"},"img":{"alt_text":"","src":"https:\/\/i0.wp.com\/noticiasribeiraopreto.com.br\/wp-content\/uploads\/2023\/11\/paulo-gomes-tecnico.jpg?fit=877%2C623&ssl=1&resize=350%2C200","width":350,"height":200,"srcset":"https:\/\/i0.wp.com\/noticiasribeiraopreto.com.br\/wp-content\/uploads\/2023\/11\/paulo-gomes-tecnico.jpg?fit=877%2C623&ssl=1&resize=350%2C200 1x, https:\/\/i0.wp.com\/noticiasribeiraopreto.com.br\/wp-content\/uploads\/2023\/11\/paulo-gomes-tecnico.jpg?fit=877%2C623&ssl=1&resize=525%2C300 1.5x, https:\/\/i0.wp.com\/noticiasribeiraopreto.com.br\/wp-content\/uploads\/2023\/11\/paulo-gomes-tecnico.jpg?fit=877%2C623&ssl=1&resize=700%2C400 2x"},"classes":[]},{"id":71797,"url":"https:\/\/noticiasribeiraopreto.com.br\/index.php\/2025\/06\/10\/botafogo-contrata-jogador-por-emprestimo-de-clube-portugues\/","url_meta":{"origin":8109,"position":1},"title":"Botafogo contrata jogador por empr\u00e9stimo de clube portugu\u00eas\u00a0","author":"noticiasribeiraopreto.com.br","date":"10 de June de 2025","format":false,"excerpt":"O Botafogo anunciou nesta ter\u00e7a-feira (11) o meia Marquinho, de 23 anos, contratado por empr\u00e9stimo do Acad\u00e9mico de Viseu, de Portugal. O novo refor\u00e7o vai defender o Pantera na S\u00e9rie B do Campeonato Brasileiro. O jogador, que \u00e9 natural de S\u00e3o Jos\u00e9 do Rio Pardo, a 130 quil\u00f4metros de Ribeir\u00e3o,\u2026","rel":"","context":"In &quot;Not\u00edcias de Ribeir\u00e3o Preto-SP e Regi\u00e3o&quot;","block_context":{"text":"Not\u00edcias de Ribeir\u00e3o Preto-SP e Regi\u00e3o","link":"https:\/\/noticiasribeiraopreto.com.br\/index.php\/category\/noticias-de-ribeirao-preto-sp-e-regiao-ismael-colosi\/"},"img":{"alt_text":"","src":"https:\/\/i0.wp.com\/noticiasribeiraopreto.com.br\/wp-content\/uploads\/2025\/06\/MARQUINHOS_2025-06-10_12-26-18.webp.webp?fit=1200%2C803&ssl=1&resize=350%2C200","width":350,"height":200,"srcset":"https:\/\/i0.wp.com\/noticiasribeiraopreto.com.br\/wp-content\/uploads\/2025\/06\/MARQUINHOS_2025-06-10_12-26-18.webp.webp?fit=1200%2C803&ssl=1&resize=350%2C200 1x, https:\/\/i0.wp.com\/noticiasribeiraopreto.com.br\/wp-content\/uploads\/2025\/06\/MARQUINHOS_2025-06-10_12-26-18.webp.webp?fit=1200%2C803&ssl=1&resize=525%2C300 1.5x, https:\/\/i0.wp.com\/noticiasribeiraopreto.com.br\/wp-content\/uploads\/2025\/06\/MARQUINHOS_2025-06-10_12-26-18.webp.webp?fit=1200%2C803&ssl=1&resize=700%2C400 2x, https:\/\/i0.wp.com\/noticiasribeiraopreto.com.br\/wp-content\/uploads\/2025\/06\/MARQUINHOS_2025-06-10_12-26-18.webp.webp?fit=1200%2C803&ssl=1&resize=1050%2C600 3x"},"classes":[]},{"id":58451,"url":"https:\/\/noticiasribeiraopreto.com.br\/index.php\/2024\/09\/27\/botafogo-anuncia-marcio-zanardi-como-novo-tecnico\/","url_meta":{"origin":8109,"position":2},"title":"Botafogo anuncia M\u00e1rcio Zanardi como novo t\u00e9cnico","author":"noticiasribeiraopreto.com.br","date":"27 de September de 2024","format":false,"excerpt":"O Botafogo anunciou no in\u00edcio da tarde desta sexta-feira (27) M\u00e1rcio Zanardi como novo t\u00e9cnico. Zanardi chega para substituir o portugu\u00eas Paulo Gomes, demitido da equipe de Ribeir\u00e3o Preto ap\u00f3s o empate com o CRB, pelo Campeonato Brasileiro da S\u00e9rie B. Segundo o Botafogo, o novo comandante assinou v\u00ednculo com\u2026","rel":"","context":"In &quot;Not\u00edcias de Ribeir\u00e3o Preto-SP e Regi\u00e3o&quot;","block_context":{"text":"Not\u00edcias de Ribeir\u00e3o Preto-SP e Regi\u00e3o","link":"https:\/\/noticiasribeiraopreto.com.br\/index.php\/category\/noticias-de-ribeirao-preto-sp-e-regiao-ismael-colosi\/"},"img":{"alt_text":"","src":"https:\/\/i0.wp.com\/noticiasribeiraopreto.com.br\/wp-content\/uploads\/2024\/09\/zanardi_2024-09-27_16-42-43_jpg_2024-09-27_16-42-43.webp.webp?fit=984%2C655&ssl=1&resize=350%2C200","width":350,"height":200,"srcset":"https:\/\/i0.wp.com\/noticiasribeiraopreto.com.br\/wp-content\/uploads\/2024\/09\/zanardi_2024-09-27_16-42-43_jpg_2024-09-27_16-42-43.webp.webp?fit=984%2C655&ssl=1&resize=350%2C200 1x, https:\/\/i0.wp.com\/noticiasribeiraopreto.com.br\/wp-content\/uploads\/2024\/09\/zanardi_2024-09-27_16-42-43_jpg_2024-09-27_16-42-43.webp.webp?fit=984%2C655&ssl=1&resize=525%2C300 1.5x, https:\/\/i0.wp.com\/noticiasribeiraopreto.com.br\/wp-content\/uploads\/2024\/09\/zanardi_2024-09-27_16-42-43_jpg_2024-09-27_16-42-43.webp.webp?fit=984%2C655&ssl=1&resize=700%2C400 2x"},"classes":[]},{"id":71806,"url":"https:\/\/noticiasribeiraopreto.com.br\/index.php\/2025\/06\/10\/botafogo-contrata-meia-e-rescinde-com-zagueiro\/","url_meta":{"origin":8109,"position":3},"title":"Botafogo contrata meia e rescinde com zagueiro","author":"noticiasribeiraopreto.com.br","date":"10 de June de 2025","format":false,"excerpt":"Pantera se movimenta no \u00faltimo dia da janela pr\u00e9-Copa do Mundo de Clubes 10 de junho de 2025 13:0410 de junho de 2025 13:1019 Compartilhar1 Por Hugo Luque O Botafogo anunciou, na manh\u00e3 desta ter\u00e7a-feira (10), a contrata\u00e7\u00e3o do meia-atacante Marquinho, de 23 anos, que vem do futebol portugu\u00eas. Logo\u2026","rel":"","context":"In &quot;Not\u00edcias de Ribeir\u00e3o Preto-SP e Regi\u00e3o&quot;","block_context":{"text":"Not\u00edcias de Ribeir\u00e3o Preto-SP e Regi\u00e3o","link":"https:\/\/noticiasribeiraopreto.com.br\/index.php\/category\/noticias-de-ribeirao-preto-sp-e-regiao-ismael-colosi\/"},"img":{"alt_text":"","src":"https:\/\/i0.wp.com\/noticiasribeiraopreto.com.br\/wp-content\/uploads\/2025\/06\/MEI-Marquinho-Liga-Portugal-scaled.jpg?fit=755%2C500&ssl=1&resize=350%2C200","width":350,"height":200,"srcset":"https:\/\/i0.wp.com\/noticiasribeiraopreto.com.br\/wp-content\/uploads\/2025\/06\/MEI-Marquinho-Liga-Portugal-scaled.jpg?fit=755%2C500&ssl=1&resize=350%2C200 1x, https:\/\/i0.wp.com\/noticiasribeiraopreto.com.br\/wp-content\/uploads\/2025\/06\/MEI-Marquinho-Liga-Portugal-scaled.jpg?fit=755%2C500&ssl=1&resize=525%2C300 1.5x, https:\/\/i0.wp.com\/noticiasribeiraopreto.com.br\/wp-content\/uploads\/2025\/06\/MEI-Marquinho-Liga-Portugal-scaled.jpg?fit=755%2C500&ssl=1&resize=700%2C400 2x"},"classes":[]},{"id":10662,"url":"https:\/\/noticiasribeiraopreto.com.br\/index.php\/2023\/12\/04\/botafogo-dispensa-15-jogadores\/","url_meta":{"origin":8109,"position":4},"title":"Botafogo dispensa 15 jogadores &#8211; Jornal Tribuna Ribeir\u00e3o","author":"noticiasribeiraopreto.com.br","date":"4 de December de 2023","format":false,"excerpt":"4 de dezembro de 2023 | 17:18 0O Botafogo Futebol SA comunicou pelas redes sociais, oficialmente, a sa\u00edda de 15 jogadores que fizeram parte do elenco em 2023.Os jogadores que n\u00e3o permanecem para a pr\u00f3xima temporada s\u00e3o os goleiros Matheus Albino, Gabriel Gasparotto e Levy, os zagueiros Diogo Silva, Marcio\u2026","rel":"","context":"In &quot;Not\u00edcias de Ribeir\u00e3o Preto-SP e Regi\u00e3o&quot;","block_context":{"text":"Not\u00edcias de Ribeir\u00e3o Preto-SP e Regi\u00e3o","link":"https:\/\/noticiasribeiraopreto.com.br\/index.php\/category\/noticias-de-ribeirao-preto-sp-e-regiao-ismael-colosi\/"},"img":{"alt_text":"","src":"https:\/\/i0.wp.com\/noticiasribeiraopreto.com.br\/wp-content\/uploads\/2023\/12\/osman.jpg?fit=640%2C400&ssl=1&resize=350%2C200","width":350,"height":200,"srcset":"https:\/\/i0.wp.com\/noticiasribeiraopreto.com.br\/wp-content\/uploads\/2023\/12\/osman.jpg?fit=640%2C400&ssl=1&resize=350%2C200 1x, https:\/\/i0.wp.com\/noticiasribeiraopreto.com.br\/wp-content\/uploads\/2023\/12\/osman.jpg?fit=640%2C400&ssl=1&resize=525%2C300 1.5x"},"classes":[]},{"id":69128,"url":"https:\/\/noticiasribeiraopreto.com.br\/index.php\/2025\/05\/02\/come-fogo-tem-datas-marcadas-tribuna-ribeirao\/","url_meta":{"origin":8109,"position":5},"title":"Come-Fogo tem datas marcadas &#8211; Tribuna Ribeir\u00e3o","author":"noticiasribeiraopreto.com.br","date":"2 de May de 2025","format":false,"excerpt":"Por Hugo Luque A Federa\u00e7\u00e3o Paulista de Futebol (FPF) definiu o calend\u00e1rio da Copa Paulista deste ano. No Grupo 2, os rivais Botafogo e Comercial se enfrentar\u00e3o duas vezes durante a fase de grupos, em datas j\u00e1 marcadas pela entidade. O primeiro embate ser\u00e1 em 29 de junho, pela terceira\u2026","rel":"","context":"In &quot;Not\u00edcias de Ribeir\u00e3o Preto-SP e Regi\u00e3o&quot;","block_context":{"text":"Not\u00edcias de Ribeir\u00e3o Preto-SP e Regi\u00e3o","link":"https:\/\/noticiasribeiraopreto.com.br\/index.php\/category\/noticias-de-ribeirao-preto-sp-e-regiao-ismael-colosi\/"},"img":{"alt_text":"","src":"https:\/\/i0.wp.com\/noticiasribeiraopreto.com.br\/wp-content\/uploads\/2025\/05\/1-Comercial-x-Botafogo-Copa-Paulista-2024-Raul-Ramos-3.jpg?fit=750%2C500&ssl=1&resize=350%2C200","width":350,"height":200,"srcset":"https:\/\/i0.wp.com\/noticiasribeiraopreto.com.br\/wp-content\/uploads\/2025\/05\/1-Comercial-x-Botafogo-Copa-Paulista-2024-Raul-Ramos-3.jpg?fit=750%2C500&ssl=1&resize=350%2C200 1x, https:\/\/i0.wp.com\/noticiasribeiraopreto.com.br\/wp-content\/uploads\/2025\/05\/1-Comercial-x-Botafogo-Copa-Paulista-2024-Raul-Ramos-3.jpg?fit=750%2C500&ssl=1&resize=525%2C300 1.5x, https:\/\/i0.wp.com\/noticiasribeiraopreto.com.br\/wp-content\/uploads\/2025\/05\/1-Comercial-x-Botafogo-Copa-Paulista-2024-Raul-Ramos-3.jpg?fit=750%2C500&ssl=1&resize=700%2C400 2x"},"classes":[]}],"jetpack_sharing_enabled":true,"jetpack_shortlink":"https:\/\/wp.me\/peQAOb-26N","_links":{"self":[{"href":"https:\/\/noticiasribeiraopreto.com.br\/index.php\/wp-json\/wp\/v2\/posts\/8109","targetHints":{"allow":["GET"]}}],"collection":[{"href":"https:\/\/noticiasribeiraopreto.com.br\/index.php\/wp-json\/wp\/v2\/posts"}],"about":[{"href":"https:\/\/noticiasribeiraopreto.com.br\/index.php\/wp-json\/wp\/v2\/types\/post"}],"author":[{"embeddable":true,"href":"https:\/\/noticiasribeiraopreto.com.br\/index.php\/wp-json\/wp\/v2\/users\/1"}],"replies":[{"embeddable":true,"href":"https:\/\/noticiasribeiraopreto.com.br\/index.php\/wp-json\/wp\/v2\/comments?post=8109"}],"version-history":[{"count":0,"href":"https:\/\/noticiasribeiraopreto.com.br\/index.php\/wp-json\/wp\/v2\/posts\/8109\/revisions"}],"wp:featuredmedia":[{"embeddable":true,"href":"https:\/\/noticiasribeiraopreto.com.br\/index.php\/wp-json\/wp\/v2\/media\/8110"}],"wp:attachment":[{"href":"https:\/\/noticiasribeiraopreto.com.br\/index.php\/wp-json\/wp\/v2\/media?parent=8109"}],"wp:term":[{"taxonomy":"category","embeddable":true,"href":"https:\/\/noticiasribeiraopreto.com.br\/index.php\/wp-json\/wp\/v2\/categories?post=8109"},{"taxonomy":"post_tag","embeddable":true,"href":"https:\/\/noticiasribeiraopreto.com.br\/index.php\/wp-json\/wp\/v2\/tags?post=8109"}],"curies":[{"name":"wp","href":"https:\/\/api.w.org\/{rel}","templated":true}]}}