{"id":81096,"date":"2025-12-23T18:36:40","date_gmt":"2025-12-23T21:36:40","guid":{"rendered":"https:\/\/noticiasribeiraopreto.com.br\/index.php\/2025\/12\/23\/marido-confessa-ter-matado-mulher-e-os-tres-filhos-em-jaboticabal\/"},"modified":"2025-12-23T18:36:40","modified_gmt":"2025-12-23T21:36:40","slug":"marido-confessa-ter-matado-mulher-e-os-tres-filhos-em-jaboticabal","status":"publish","type":"post","link":"https:\/\/noticiasribeiraopreto.com.br\/index.php\/2025\/12\/23\/marido-confessa-ter-matado-mulher-e-os-tres-filhos-em-jaboticabal\/","title":{"rendered":"Marido confessa ter matado mulher e os tr\u00eas filhos em Jaboticabal"},"content":{"rendered":"<div class='code-block code-block-1' style='margin: 8px 0 8px auto; text-align: right; display: block; clear: both;'>\n<p><a href=\"https:\/\/wa.link\/vpicfd\"><img data-recalc-dims=\"1\" class=\"wp-image-4922\" style=\"aspect-ratio: 2.0253164556962027; width: 561px; height: auto;\" src=\"https:\/\/i0.wp.com\/ismaelcolosi.com.br\/wp-content\/uploads\/2023\/11\/grupo-de-empregos-whatsapp-e-facebook-ismael-colosi-vagas.jpg?ssl=1\" alt=\"\" \/><\/a><\/p>\n<!-- \/wp:image -->\n<\/div>\n<p> <br \/>\n<\/p>\n<div id=\"\">&#13;<br \/>\n\t\t\t\t\t\t\t\t&#13;<\/p>\n<p>&#13;<br \/>\n\t\t\t\t\t\t\t\t\t<span class=\"entry-meta-item penci-posted-on\"><i class=\"fa fa-clock-o\"\/><time class=\"entry-date published\" datetime=\"2025-12-23T18:34:38-03:00\">23 de dezembro de 2025 18:34<\/time><time class=\"updated\" datetime=\"2025-12-23T18:36:11-03:00\">23 de dezembro de 2025 18:36<\/time><\/span><span class=\"entry-meta-item penci-post-countview\"\/>\t\t\t\t\t\t\t\t<\/p>\n<p><!-- .entry-meta -->&#13;<br \/>\n\t\t\t\t\t\t\t\t<span class=\"penci-social-buttons penci-social-share-footer\"><span class=\"penci-social-share-text\">Compartilhar<\/span><a href=\"#\" class=\"penci-post-like penci_post-meta_item  single-like-button penci-social-item like\" data-post_id=\"450037\" title=\"Like\" data-like=\"Like\" data-unlike=\"Unlike\"><i class=\"fa fa-thumbs-o-up\"\/><span class=\"penci-share-number\">0<\/span><\/a><i class=\"fa fa-facebook\"\/><a class=\"penci-social-item twitter\" target=\"_blank\" rel=\"noopener\" title=\"\" href=\"https:\/\/twitter.com\/intent\/tweet?text=Marido%20confessa%20ter%20matado%20mulher%20e%20os%20tr\u00eas%20filhos%20em%20Jaboticabal%20-%20https:\/\/www.tribunaribeirao.com.br\/marido-confessa-ter-matado-mulher-e-os-tres-filhos-em-jaboticabal\/\"><i class=\"fa fa-twitter\"\/><\/a><i class=\"fa fa-linkedin\"\/><i class=\"fa fa-whatsapp\"\/><i class=\"fa fa-telegram\"\/><i class=\"fa fa-envelope\"\/><\/span>\t\t\t\t\t\t\t<\/div>\n<div>\n<p class=\"p1\"><span class=\"s2\">Milton Gon\u00e7alves Filho, de 48 anos, foi preso ap\u00f3s confessar \u00e0 Pol\u00edcia Civil, na tarde desta ter\u00e7a-feira (23), que matou a esposa, Sabrina Aparecida de Almeida Lima, de 27 anos, e os tr\u00eas filhos dela, em Jaboticabal (SP).<\/span><\/p>\n<p class=\"p1\"><span class=\"s2\">O corpo de Sabrina foi encontrado enterrado na pr\u00f3pria fazenda onde o casal morava, pr\u00f3ximo a um lago. Segundo as primeiras informa\u00e7\u00f5es, ao lado, em outra cova, estariam os corpos das tr\u00eas crian\u00e7as.<\/span><\/p>\n<p class=\"p1\"><span class=\"s2\">Ainda segundo a pol\u00edcia ele teria usado uma esp\u00e9cie de fac\u00e3o para matar a mulher, e acertado as crian\u00e7as com golpes de marreta. <\/span><\/p>\n<p class=\"p1\"><span class=\"s2\">O desaparecimento da fam\u00edlia foi registrado no \u00faltimo s\u00e1bado (20), quando familiares tomaram conhecimento da situa\u00e7\u00e3o ap\u00f3s contato feito por Milton. As buscas tiveram in\u00edcio no domingo (21), por\u00e9m a fam\u00edlia n\u00e3o era vista desde a \u00faltima quinta-feira (18).<\/span><\/p>\n<p class=\"p1\"><span class=\"s2\">Em depoimento \u00e0 pol\u00edcia, Milton afirmou que a esposa seria usu\u00e1ria de drogas e estaria em abstin\u00eancia, alegando ainda que ela teria desaparecido com as crian\u00e7as enquanto ele tomava banho.<\/span><\/p>\n<p class=\"p1\"><span class=\"s2\">Familiares contestaram o depoimento, afirmando que Sabrina n\u00e3o fazia uso de subst\u00e2ncias il\u00edcitas havia pelo menos dez meses. Agora, eles pedem justi\u00e7a.<\/span><\/p>\n<p class=\"p1\"><span class=\"s2\">A Pol\u00edcia Civil segue investigando o caso.<\/span><\/p>\n<\/div>\n<p><script async src=\"\/\/platform.twitter.com\/widgets.js\" charset=\"utf-8\"><\/script><br \/>\n<br \/><br \/>\n<br \/><a href=\"https:\/\/www.tribunaribeirao.com.br\/marido-confessa-ter-matado-mulher-e-os-tres-filhos-em-jaboticabal\/\">Source link <\/a><\/p>\n<!-- CONTENT END 1 -->\n","protected":false},"excerpt":{"rendered":"<p>&#13; &#13; &#13; 23 de dezembro de 2025 18:3423 de dezembro de 2025 18:36 &#13; Compartilhar0 Milton Gon\u00e7alves Filho, de 48 anos, foi preso ap\u00f3s&#8230;<\/p>\n","protected":false},"author":1,"featured_media":81097,"comment_status":"open","ping_status":"open","sticky":false,"template":"","format":"standard","meta":{"advanced_seo_description":"","jetpack_seo_html_title":"","jetpack_seo_noindex":false,"jetpack_post_was_ever_published":false,"_jetpack_newsletter_access":"","_jetpack_dont_email_post_to_subs":false,"_jetpack_newsletter_tier_id":0,"_jetpack_memberships_contains_paywalled_content":false,"_jetpack_memberships_contains_paid_content":false,"footnotes":"","jetpack_publicize_message":"","jetpack_publicize_feature_enabled":true,"jetpack_social_post_already_shared":true,"jetpack_social_options":{"image_generator_settings":{"template":"highway","default_image_id":0,"font":"","enabled":false},"version":2}},"categories":[11],"tags":[],"class_list":["post-81096","post","type-post","status-publish","format-standard","has-post-thumbnail","hentry","category-noticias-de-ribeirao-preto-sp-e-regiao-ismael-colosi"],"jetpack_publicize_connections":[],"jetpack_featured_media_url":"https:\/\/i0.wp.com\/noticiasribeiraopreto.com.br\/wp-content\/uploads\/2025\/12\/1766525801_familia-desaparecida.jpg?fit=800%2C500&ssl=1","jetpack-related-posts":[{"id":13473,"url":"https:\/\/noticiasribeiraopreto.com.br\/index.php\/2023\/12\/10\/descubra-o-que-o-caixa-tem-reservou-para-dezembro\/","url_meta":{"origin":81096,"position":0},"title":"Descubra o que o Caixa Tem reservou para dezembro","author":"noticiasribeiraopreto.com.br","date":"10 de December de 2023","format":false,"excerpt":"Cr\u00e9ditos: Marcelo Camargo\/ Ag\u00eancia BrasilCaixa Tem tem novidades para dezembro O m\u00eas de dezembro chegou, e com ele, a expectativa de milh\u00f5es de brasileiros que aguardam ansiosamente pelos pagamentos do Caixa Tem. Recentemente, o aplicativo divulgou o calend\u00e1rio oficial de pagamentos para o m\u00eas, trazendo al\u00edvio financeiro para benefici\u00e1rios do\u2026","rel":"","context":"In &quot;Variedades&quot;","block_context":{"text":"Variedades","link":"https:\/\/noticiasribeiraopreto.com.br\/index.php\/category\/variedades\/"},"img":{"alt_text":"","src":"https:\/\/i0.wp.com\/noticiasribeiraopreto.com.br\/wp-content\/uploads\/2023\/12\/caixa-tem-concurso.jpg?fit=1200%2C638&ssl=1&resize=350%2C200","width":350,"height":200,"srcset":"https:\/\/i0.wp.com\/noticiasribeiraopreto.com.br\/wp-content\/uploads\/2023\/12\/caixa-tem-concurso.jpg?fit=1200%2C638&ssl=1&resize=350%2C200 1x, https:\/\/i0.wp.com\/noticiasribeiraopreto.com.br\/wp-content\/uploads\/2023\/12\/caixa-tem-concurso.jpg?fit=1200%2C638&ssl=1&resize=525%2C300 1.5x, https:\/\/i0.wp.com\/noticiasribeiraopreto.com.br\/wp-content\/uploads\/2023\/12\/caixa-tem-concurso.jpg?fit=1200%2C638&ssl=1&resize=700%2C400 2x, https:\/\/i0.wp.com\/noticiasribeiraopreto.com.br\/wp-content\/uploads\/2023\/12\/caixa-tem-concurso.jpg?fit=1200%2C638&ssl=1&resize=1050%2C600 3x"},"classes":[]},{"id":17381,"url":"https:\/\/noticiasribeiraopreto.com.br\/index.php\/2023\/12\/18\/bolsa-familia-de-dezembro-tem-mega-novidade-e-empolga-quem-recebe-hoje\/","url_meta":{"origin":81096,"position":1},"title":"Bolsa Fam\u00edlia de dezembro tem MEGA novidade e empolga quem recebe HOJE","author":"noticiasribeiraopreto.com.br","date":"18 de December de 2023","format":false,"excerpt":"O governo federal inicia calend\u00e1rio de pagamento do programa Bolsa Fam\u00edlia para o m\u00eas de dezembro. De acordo com o planejamento do Governo Federal, os pagamentos tiveram in\u00edcio, hoje, 11 de dezembro e se estender\u00e3o at\u00e9 o dia 22, seguindo uma ordem baseada no \u00faltimo d\u00edgito do N\u00famero de Identifica\u00e7\u00e3o\u2026","rel":"","context":"In &quot;Variedades&quot;","block_context":{"text":"Variedades","link":"https:\/\/noticiasribeiraopreto.com.br\/index.php\/category\/variedades\/"},"img":{"alt_text":"","src":"https:\/\/i0.wp.com\/noticiasribeiraopreto.com.br\/wp-content\/uploads\/2023\/12\/1702904912_bolsa-familia-na-conta-saiba-se-voce-vai-receber-hoje.jpg?fit=1200%2C638&ssl=1&resize=350%2C200","width":350,"height":200,"srcset":"https:\/\/i0.wp.com\/noticiasribeiraopreto.com.br\/wp-content\/uploads\/2023\/12\/1702904912_bolsa-familia-na-conta-saiba-se-voce-vai-receber-hoje.jpg?fit=1200%2C638&ssl=1&resize=350%2C200 1x, https:\/\/i0.wp.com\/noticiasribeiraopreto.com.br\/wp-content\/uploads\/2023\/12\/1702904912_bolsa-familia-na-conta-saiba-se-voce-vai-receber-hoje.jpg?fit=1200%2C638&ssl=1&resize=525%2C300 1.5x, https:\/\/i0.wp.com\/noticiasribeiraopreto.com.br\/wp-content\/uploads\/2023\/12\/1702904912_bolsa-familia-na-conta-saiba-se-voce-vai-receber-hoje.jpg?fit=1200%2C638&ssl=1&resize=700%2C400 2x, https:\/\/i0.wp.com\/noticiasribeiraopreto.com.br\/wp-content\/uploads\/2023\/12\/1702904912_bolsa-familia-na-conta-saiba-se-voce-vai-receber-hoje.jpg?fit=1200%2C638&ssl=1&resize=1050%2C600 3x"},"classes":[]},{"id":19772,"url":"https:\/\/noticiasribeiraopreto.com.br\/index.php\/2023\/12\/23\/bolsa-familia-reinicia-pagamentos-com-bonus-natalino\/","url_meta":{"origin":81096,"position":2},"title":"Bolsa Fam\u00edlia reinicia pagamentos com b\u00f4nus natalino","author":"noticiasribeiraopreto.com.br","date":"23 de December de 2023","format":false,"excerpt":"Cr\u00e9ditos: Ag\u00eancia Brasil\/Marcello Casal JrBolsa Fam\u00edlia de dezembro tem MEGA novidade e empolga quem recebe HOJE O Programa Bolsa Fam\u00edlia, crucial para milh\u00f5es de brasileiros, est\u00e1 retomando seus pagamentos neste m\u00eas de dezembro, trazendo consigo um esperado b\u00f4nus natalino. Com a proximidade das festas de fim de ano, esse dep\u00f3sito\u2026","rel":"","context":"In &quot;Variedades&quot;","block_context":{"text":"Variedades","link":"https:\/\/noticiasribeiraopreto.com.br\/index.php\/category\/variedades\/"},"img":{"alt_text":"","src":"https:\/\/i0.wp.com\/noticiasribeiraopreto.com.br\/wp-content\/uploads\/2023\/12\/1703329030_bolsa-familia-na-conta-saiba-se-voce-vai-receber-hoje.jpg?fit=1200%2C638&ssl=1&resize=350%2C200","width":350,"height":200,"srcset":"https:\/\/i0.wp.com\/noticiasribeiraopreto.com.br\/wp-content\/uploads\/2023\/12\/1703329030_bolsa-familia-na-conta-saiba-se-voce-vai-receber-hoje.jpg?fit=1200%2C638&ssl=1&resize=350%2C200 1x, https:\/\/i0.wp.com\/noticiasribeiraopreto.com.br\/wp-content\/uploads\/2023\/12\/1703329030_bolsa-familia-na-conta-saiba-se-voce-vai-receber-hoje.jpg?fit=1200%2C638&ssl=1&resize=525%2C300 1.5x, https:\/\/i0.wp.com\/noticiasribeiraopreto.com.br\/wp-content\/uploads\/2023\/12\/1703329030_bolsa-familia-na-conta-saiba-se-voce-vai-receber-hoje.jpg?fit=1200%2C638&ssl=1&resize=700%2C400 2x, https:\/\/i0.wp.com\/noticiasribeiraopreto.com.br\/wp-content\/uploads\/2023\/12\/1703329030_bolsa-familia-na-conta-saiba-se-voce-vai-receber-hoje.jpg?fit=1200%2C638&ssl=1&resize=1050%2C600 3x"},"classes":[]},{"id":17184,"url":"https:\/\/noticiasribeiraopreto.com.br\/index.php\/2023\/12\/17\/ubds-vila-virginia-reabrira-nesta-segunda-18\/","url_meta":{"origin":81096,"position":3},"title":"UBDS Vila Virg\u00ednia reabrir\u00e1 nesta segunda (18)","author":"noticiasribeiraopreto.com.br","date":"17 de December de 2023","format":false,"excerpt":"17 de dezembro de 2023 | 18:0017 de dezembro de 2023 | 15:19 0A UBDS \u2013 Unidade B\u00e1sica e Distrital de Sa\u00fade Dr. Marco Ant\u00f4nio Sah\u00e3o, na Vila Virg\u00ednia, reabrir\u00e1 nesta segunda-feira, dia 18 de dezembro.A unidade de sa\u00fade foi fechada temporariamente para reforma, depois de sofrer graves danos estruturais\u2026","rel":"","context":"In &quot;Not\u00edcias de Ribeir\u00e3o Preto-SP e Regi\u00e3o&quot;","block_context":{"text":"Not\u00edcias de Ribeir\u00e3o Preto-SP e Regi\u00e3o","link":"https:\/\/noticiasribeiraopreto.com.br\/index.php\/category\/noticias-de-ribeirao-preto-sp-e-regiao-ismael-colosi\/"},"img":{"alt_text":"","src":"https:\/\/i0.wp.com\/noticiasribeiraopreto.com.br\/wp-content\/uploads\/2023\/12\/ubs-vila-virginia-scaled.jpg?fit=967%2C645&ssl=1&resize=350%2C200","width":350,"height":200,"srcset":"https:\/\/i0.wp.com\/noticiasribeiraopreto.com.br\/wp-content\/uploads\/2023\/12\/ubs-vila-virginia-scaled.jpg?fit=967%2C645&ssl=1&resize=350%2C200 1x, https:\/\/i0.wp.com\/noticiasribeiraopreto.com.br\/wp-content\/uploads\/2023\/12\/ubs-vila-virginia-scaled.jpg?fit=967%2C645&ssl=1&resize=525%2C300 1.5x, https:\/\/i0.wp.com\/noticiasribeiraopreto.com.br\/wp-content\/uploads\/2023\/12\/ubs-vila-virginia-scaled.jpg?fit=967%2C645&ssl=1&resize=700%2C400 2x"},"classes":[]},{"id":17281,"url":"https:\/\/noticiasribeiraopreto.com.br\/index.php\/2023\/12\/18\/caixa-paga-hoje-bolsa-familia-de-dezembro-com-valor-ainda-maior\/","url_meta":{"origin":81096,"position":4},"title":"Caixa paga HOJE Bolsa Fam\u00edlia de dezembro com valor ainda maior","author":"noticiasribeiraopreto.com.br","date":"18 de December de 2023","format":false,"excerpt":"O governo federal inicia calend\u00e1rio de pagamento do programa Bolsa Fam\u00edlia para o m\u00eas de dezembro. De acordo com o planejamento do Governo Federal, os pagamentos tiveram in\u00edcio, hoje, 11 de dezembro e se estender\u00e3o at\u00e9 o dia 22, seguindo uma ordem baseada no \u00faltimo d\u00edgito do N\u00famero de Identifica\u00e7\u00e3o\u2026","rel":"","context":"In &quot;Variedades&quot;","block_context":{"text":"Variedades","link":"https:\/\/noticiasribeiraopreto.com.br\/index.php\/category\/variedades\/"},"img":{"alt_text":"","src":"https:\/\/i0.wp.com\/noticiasribeiraopreto.com.br\/wp-content\/uploads\/2023\/12\/1702872746_governo-toma-medida-drastica-para-garantir-transparencia-no-bolsa-familia.png?fit=1200%2C638&ssl=1&resize=350%2C200","width":350,"height":200,"srcset":"https:\/\/i0.wp.com\/noticiasribeiraopreto.com.br\/wp-content\/uploads\/2023\/12\/1702872746_governo-toma-medida-drastica-para-garantir-transparencia-no-bolsa-familia.png?fit=1200%2C638&ssl=1&resize=350%2C200 1x, https:\/\/i0.wp.com\/noticiasribeiraopreto.com.br\/wp-content\/uploads\/2023\/12\/1702872746_governo-toma-medida-drastica-para-garantir-transparencia-no-bolsa-familia.png?fit=1200%2C638&ssl=1&resize=525%2C300 1.5x, https:\/\/i0.wp.com\/noticiasribeiraopreto.com.br\/wp-content\/uploads\/2023\/12\/1702872746_governo-toma-medida-drastica-para-garantir-transparencia-no-bolsa-familia.png?fit=1200%2C638&ssl=1&resize=700%2C400 2x, https:\/\/i0.wp.com\/noticiasribeiraopreto.com.br\/wp-content\/uploads\/2023\/12\/1702872746_governo-toma-medida-drastica-para-garantir-transparencia-no-bolsa-familia.png?fit=1200%2C638&ssl=1&resize=1050%2C600 3x"},"classes":[]},{"id":17700,"url":"https:\/\/noticiasribeiraopreto.com.br\/index.php\/2023\/12\/18\/valor-maior-do-bolsa-familia-de-dezembro-chega-para-grupo-especifico\/","url_meta":{"origin":81096,"position":5},"title":"Valor maior do Bolsa Fam\u00edlia de dezembro chega para grupo espec\u00edfico","author":"noticiasribeiraopreto.com.br","date":"18 de December de 2023","format":false,"excerpt":"O governo federal inicia calend\u00e1rio de pagamento do programa Bolsa Fam\u00edlia para o m\u00eas de dezembro. De acordo com o planejamento do Governo Federal, os pagamentos tiveram in\u00edcio, hoje, 11 de dezembro e se estender\u00e3o at\u00e9 o dia 22, seguindo uma ordem baseada no \u00faltimo d\u00edgito do N\u00famero de Identifica\u00e7\u00e3o\u2026","rel":"","context":"In &quot;Variedades&quot;","block_context":{"text":"Variedades","link":"https:\/\/noticiasribeiraopreto.com.br\/index.php\/category\/variedades\/"},"img":{"alt_text":"","src":"https:\/\/i0.wp.com\/noticiasribeiraopreto.com.br\/wp-content\/uploads\/2023\/12\/fotos-catraca-2023-05-10t112848387.png?fit=1200%2C638&ssl=1&resize=350%2C200","width":350,"height":200,"srcset":"https:\/\/i0.wp.com\/noticiasribeiraopreto.com.br\/wp-content\/uploads\/2023\/12\/fotos-catraca-2023-05-10t112848387.png?fit=1200%2C638&ssl=1&resize=350%2C200 1x, https:\/\/i0.wp.com\/noticiasribeiraopreto.com.br\/wp-content\/uploads\/2023\/12\/fotos-catraca-2023-05-10t112848387.png?fit=1200%2C638&ssl=1&resize=525%2C300 1.5x, https:\/\/i0.wp.com\/noticiasribeiraopreto.com.br\/wp-content\/uploads\/2023\/12\/fotos-catraca-2023-05-10t112848387.png?fit=1200%2C638&ssl=1&resize=700%2C400 2x, https:\/\/i0.wp.com\/noticiasribeiraopreto.com.br\/wp-content\/uploads\/2023\/12\/fotos-catraca-2023-05-10t112848387.png?fit=1200%2C638&ssl=1&resize=1050%2C600 3x"},"classes":[]}],"jetpack_sharing_enabled":true,"jetpack_shortlink":"https:\/\/wp.me\/peQAOb-l60","_links":{"self":[{"href":"https:\/\/noticiasribeiraopreto.com.br\/index.php\/wp-json\/wp\/v2\/posts\/81096","targetHints":{"allow":["GET"]}}],"collection":[{"href":"https:\/\/noticiasribeiraopreto.com.br\/index.php\/wp-json\/wp\/v2\/posts"}],"about":[{"href":"https:\/\/noticiasribeiraopreto.com.br\/index.php\/wp-json\/wp\/v2\/types\/post"}],"author":[{"embeddable":true,"href":"https:\/\/noticiasribeiraopreto.com.br\/index.php\/wp-json\/wp\/v2\/users\/1"}],"replies":[{"embeddable":true,"href":"https:\/\/noticiasribeiraopreto.com.br\/index.php\/wp-json\/wp\/v2\/comments?post=81096"}],"version-history":[{"count":0,"href":"https:\/\/noticiasribeiraopreto.com.br\/index.php\/wp-json\/wp\/v2\/posts\/81096\/revisions"}],"wp:featuredmedia":[{"embeddable":true,"href":"https:\/\/noticiasribeiraopreto.com.br\/index.php\/wp-json\/wp\/v2\/media\/81097"}],"wp:attachment":[{"href":"https:\/\/noticiasribeiraopreto.com.br\/index.php\/wp-json\/wp\/v2\/media?parent=81096"}],"wp:term":[{"taxonomy":"category","embeddable":true,"href":"https:\/\/noticiasribeiraopreto.com.br\/index.php\/wp-json\/wp\/v2\/categories?post=81096"},{"taxonomy":"post_tag","embeddable":true,"href":"https:\/\/noticiasribeiraopreto.com.br\/index.php\/wp-json\/wp\/v2\/tags?post=81096"}],"curies":[{"name":"wp","href":"https:\/\/api.w.org\/{rel}","templated":true}]}}