{"id":81099,"date":"2025-12-24T06:18:43","date_gmt":"2025-12-24T09:18:43","guid":{"rendered":"https:\/\/noticiasribeiraopreto.com.br\/index.php\/2025\/12\/24\/vai-ao-supermercado-hoje-veja-os-horarios-na-vespera-de-natal-em-ribeirao-preto\/"},"modified":"2025-12-24T06:18:43","modified_gmt":"2025-12-24T09:18:43","slug":"vai-ao-supermercado-hoje-veja-os-horarios-na-vespera-de-natal-em-ribeirao-preto","status":"publish","type":"post","link":"https:\/\/noticiasribeiraopreto.com.br\/index.php\/2025\/12\/24\/vai-ao-supermercado-hoje-veja-os-horarios-na-vespera-de-natal-em-ribeirao-preto\/","title":{"rendered":"Vai ao supermercado hoje? Veja os hor\u00e1rios na v\u00e9spera de Natal em Ribeir\u00e3o Preto"},"content":{"rendered":"<div class='code-block code-block-1' style='margin: 8px 0 8px auto; text-align: right; display: block; clear: both;'>\n<p><a href=\"https:\/\/wa.link\/vpicfd\"><img data-recalc-dims=\"1\" class=\"wp-image-4922\" style=\"aspect-ratio: 2.0253164556962027; width: 561px; height: auto;\" src=\"https:\/\/i0.wp.com\/ismaelcolosi.com.br\/wp-content\/uploads\/2023\/11\/grupo-de-empregos-whatsapp-e-facebook-ismael-colosi-vagas.jpg?ssl=1\" alt=\"\" \/><\/a><\/p>\n<!-- \/wp:image -->\n<\/div>\n<p> <br \/>\n<\/p>\n<div data-td-block-uid=\"tdi_95\">\n<div class=\"tdb-block-inner td-fix-index\">\n<p>Os supermercados e atacados de <strong>Ribeir\u00e3o Preto<\/strong> v\u00e3o operar em hor\u00e1rio diferenciado nesta <strong>quarta-feira (24)<\/strong>, <strong>v\u00e9spera de Natal<\/strong>. <mark style=\"background-color:#fcb900\" class=\"has-inline-color\">Na quinta-feira (25), as principais redes na cidade ficam fechadas.<\/mark><\/p>\n<h2 class=\"wp-block-heading\"><strong>Confira os hor\u00e1rios de funcionamento:<\/strong><\/h2>\n<h3 class=\"wp-block-heading\"><strong>Gricki<\/strong><\/h3>\n<ul class=\"wp-block-list\">\n<li>24\/12: 7h \u00e0s 20h<\/li>\n<li>25\/12: Fechado<\/li>\n<\/ul>\n<h3 class=\"wp-block-heading\"><strong>Mialich<\/strong><\/h3>\n<ul class=\"wp-block-list\">\n<li>24\/12: 7h30 \u00e0s 21h<\/li>\n<li>25\/12: Fechado<\/li>\n<\/ul>\n<h3 class=\"wp-block-heading\"><strong>Pague Menos<\/strong><\/h3>\n<ul class=\"wp-block-list\">\n<li>24\/12: 7h \u00e0s 18h<\/li>\n<li>25\/12: Fechado<\/li>\n<\/ul>\n<h3 class=\"wp-block-heading\"><strong>Carrefour<\/strong><\/h3>\n<ul class=\"wp-block-list\">\n<li>24\/12: 8h \u00e0s 18h<\/li>\n<li>25\/12: Fechado<\/li>\n<\/ul>\n<h3 class=\"wp-block-heading\"><strong>Amarelinha<\/strong><\/h3>\n<ul class=\"wp-block-list\">\n<li>24\/12: N\u00e3o informado<\/li>\n<li>25\/12: Fechado<\/li>\n<\/ul>\n<h3 class=\"wp-block-heading\"><strong>Tonin<\/strong><\/h3>\n<ul class=\"wp-block-list\">\n<li>24\/12: At\u00e9 18h<\/li>\n<li>25\/12: Fechado<\/li>\n<\/ul>\n<h3 class=\"wp-block-heading\"><strong>Savegnago \u2013 Ribeir\u00e3o Preto<\/strong><\/h3>\n<p>Lojas (exceto 47 e 62)<\/p>\n<ul class=\"wp-block-list\">\n<li>24\/12: 7h \u00e0s 19h<\/li>\n<li>25\/12: Fechado<\/li>\n<\/ul>\n<h4 class=\"wp-block-heading\"><strong>Loja 47<\/strong><\/h4>\n<ul class=\"wp-block-list\">\n<li>24\/12: 7h30 \u00e0s 18h<\/li>\n<li>25\/12: Fechado<\/li>\n<\/ul>\n<h4 class=\"wp-block-heading\"><strong>Loja 62<\/strong><\/h4>\n<ul class=\"wp-block-list\">\n<li>24\/12: 8h \u00e0s 18h<\/li>\n<li>25\/12: Fechado<\/li>\n<\/ul>\n<h3 class=\"wp-block-heading\"><strong>Paulist\u00e3o<\/strong><\/h3>\n<ul class=\"wp-block-list\">\n<li>24\/12: At\u00e9 18h<\/li>\n<li>25\/12: Fechado<\/li>\n<\/ul>\n<h3 class=\"wp-block-heading\"><strong>Atacad\u00e3o<\/strong><\/h3>\n<ul class=\"wp-block-list\">\n<li>24\/12: at\u00e9 21h<\/li>\n<li>25\/12: Fechado<\/li>\n<\/ul>\n<h3 class=\"wp-block-heading\"><strong>Big Compra<\/strong><\/h3>\n<ul class=\"wp-block-list\">\n<li>24\/12: 7h \u00e0s 20h<\/li>\n<li>25\/12: Fechado<\/li>\n<\/ul>\n<h3 class=\"wp-block-heading\"><strong>Ja\u00fa Serve<\/strong><\/h3>\n<ul class=\"wp-block-list\">\n<li>24\/12: 7h \u00e0s 19h<\/li>\n<li>25\/12: Fechado<\/li>\n<\/ul>\n<h3 class=\"wp-block-heading\"><strong>Assa\u00ed<\/strong><\/h3>\n<ul class=\"wp-block-list\">\n<li>24\/12: 7h \u00e0s 17h<\/li>\n<li>25\/12: Fechado<\/li>\n<\/ul>\n<h3 class=\"wp-block-heading\"><strong>Tenda<\/strong><\/h3>\n<p>O portal acidade on entrou em contato com a empresa, mas, at\u00e9 a publica\u00e7\u00e3o desta mat\u00e9ria, n\u00e3o houve retorno.<\/p>\n<h3 class=\"wp-block-heading\"><strong>P\u00e3o de A\u00e7\u00facar<\/strong><\/h3>\n<p>O portal acidade on entrou em contato com a empresa, mas, at\u00e9 a publica\u00e7\u00e3o desta mat\u00e9ria, n\u00e3o houve retorno.<\/p>\n<hr class=\"wp-block-separator has-alpha-channel-opacity\"\/>\n<p>SAIBA MAIS<\/p>\n<p>Justi\u00e7a condena poder p\u00fablico por loteamentos irregulares em zona rural na regi\u00e3o de Ribeir\u00e3o<\/p>\n<h2 class=\"wp-block-heading\"><strong>FIQUE ON<\/strong><\/h2>\n<p>Fique ligado em tudo que acontece em Ribeir\u00e3o Preto e regi\u00e3o. Siga os perfis do\u00a0<strong>acidade on<\/strong>\u00a0no<a href=\"https:\/\/www.instagram.com\/acidadeonribeirao\" target=\"_blank\" rel=\"noreferrer noopener\">\u00a0Instagram\u00a0<\/a>e no\u00a0<a href=\"https:\/\/www.facebook.com\/acidadeonribeirao\/\" target=\"_blank\" rel=\"noreferrer noopener\">Facebook<\/a>.<\/p>\n<p>Receba not\u00edcias do\u00a0<strong>acidade on<\/strong>\u00a0no WhatsApp. Para entrar no grupo,\u00a0basta\u00a0<a href=\"https:\/\/chat.whatsapp.com\/GFH9HUMUTHNFJdnyEd0xxq\" target=\"_blank\" rel=\"noreferrer noopener\">clicar aqui<\/a>. Ou, acesse o nosso\u00a0Canal\u00a0<a href=\"https:\/\/whatsapp.com\/channel\/0029Vb6IQl1JENyAeS57fk2p\" target=\"_blank\" rel=\"noreferrer noopener\">clicando aqui<\/a>.<\/p>\n<p>Fa\u00e7a uma den\u00fancia ou sugira uma reportagem sobre Ribeir\u00e3o Preto e regi\u00e3o pelo WhatsApp: 16 99117 7802.<\/p>\n<p>VEJA TAMB\u00c9M<\/p>\n<p>Quem foi Ieda Maria Vargas?<\/p>\n<p><!-- AI CONTENT END 1 -->\n<\/div>\n<\/div>\n<p><script async src=\"\/\/www.instagram.com\/embed.js\"><\/script><br \/>\n<br \/><br \/>\n<br \/><a href=\"https:\/\/www.acidadeon.com\/ribeiraopreto\/economia\/vai-ao-supermercado-hoje-veja-os-horarios-na-vespera-de-natal-em-ribeirao-preto\/\">Source link <\/a><\/p>\n<!-- CONTENT END 1 -->\n","protected":false},"excerpt":{"rendered":"<p>Os supermercados e atacados de Ribeir\u00e3o Preto v\u00e3o operar em hor\u00e1rio diferenciado nesta quarta-feira (24), v\u00e9spera de Natal. Na quinta-feira (25), as principais redes na&#8230;<\/p>\n","protected":false},"author":1,"featured_media":81100,"comment_status":"open","ping_status":"open","sticky":false,"template":"","format":"standard","meta":{"advanced_seo_description":"","jetpack_seo_html_title":"","jetpack_seo_noindex":false,"jetpack_post_was_ever_published":false,"_jetpack_newsletter_access":"","_jetpack_dont_email_post_to_subs":false,"_jetpack_newsletter_tier_id":0,"_jetpack_memberships_contains_paywalled_content":false,"_jetpack_memberships_contains_paid_content":false,"footnotes":"","jetpack_publicize_message":"","jetpack_publicize_feature_enabled":true,"jetpack_social_post_already_shared":true,"jetpack_social_options":{"image_generator_settings":{"template":"highway","default_image_id":0,"font":"","enabled":false},"version":2}},"categories":[11],"tags":[],"class_list":["post-81099","post","type-post","status-publish","format-standard","has-post-thumbnail","hentry","category-noticias-de-ribeirao-preto-sp-e-regiao-ismael-colosi"],"jetpack_publicize_connections":[],"jetpack_featured_media_url":"https:\/\/i0.wp.com\/noticiasribeiraopreto.com.br\/wp-content\/uploads\/2025\/12\/1280-x-659-header-Foto-Acirp-1-_2025-04-25_18-18-31.webp.webp?fit=1200%2C618&ssl=1","jetpack-related-posts":[{"id":61827,"url":"https:\/\/noticiasribeiraopreto.com.br\/index.php\/2024\/12\/23\/veja-os-horarios-dos-shoppings-e-supermercados-na-vespera-de-natal-em-ribeirao\/","url_meta":{"origin":81099,"position":0},"title":"Veja os hor\u00e1rios dos shoppings e supermercados na v\u00e9spera de Natal em Ribeir\u00e3o","author":"noticiasribeiraopreto.com.br","date":"23 de December de 2024","format":false,"excerpt":"Os shoppings e os\u00a0supermercados das principais redes em Ribeir\u00e3o Preto est\u00e3o com hor\u00e1rios especiais de funcionamento nesta ter\u00e7a-feira (24), v\u00e9spera de Natal.\u00a0 Na quarta-feira (25), dia de Natal, os shoppings ter\u00e3o abertura facultativa das pra\u00e7as de alimenta\u00e7\u00e3o, j\u00e1 os supermercados estar\u00e3o fechados. Veja como ser\u00e1 o atendimento: Shoppings Novo Shopping\u2026","rel":"","context":"In &quot;Not\u00edcias de Ribeir\u00e3o Preto-SP e Regi\u00e3o&quot;","block_context":{"text":"Not\u00edcias de Ribeir\u00e3o Preto-SP e Regi\u00e3o","link":"https:\/\/noticiasribeiraopreto.com.br\/index.php\/category\/noticias-de-ribeirao-preto-sp-e-regiao-ismael-colosi\/"},"img":{"alt_text":"","src":"https:\/\/i0.wp.com\/noticiasribeiraopreto.com.br\/wp-content\/uploads\/2024\/12\/17788_2024-12-23_18-21-24_jpg_2024-12-23_18-21-24.webp.webp?fit=1200%2C800&ssl=1&resize=350%2C200","width":350,"height":200,"srcset":"https:\/\/i0.wp.com\/noticiasribeiraopreto.com.br\/wp-content\/uploads\/2024\/12\/17788_2024-12-23_18-21-24_jpg_2024-12-23_18-21-24.webp.webp?fit=1200%2C800&ssl=1&resize=350%2C200 1x, https:\/\/i0.wp.com\/noticiasribeiraopreto.com.br\/wp-content\/uploads\/2024\/12\/17788_2024-12-23_18-21-24_jpg_2024-12-23_18-21-24.webp.webp?fit=1200%2C800&ssl=1&resize=525%2C300 1.5x, https:\/\/i0.wp.com\/noticiasribeiraopreto.com.br\/wp-content\/uploads\/2024\/12\/17788_2024-12-23_18-21-24_jpg_2024-12-23_18-21-24.webp.webp?fit=1200%2C800&ssl=1&resize=700%2C400 2x, https:\/\/i0.wp.com\/noticiasribeiraopreto.com.br\/wp-content\/uploads\/2024\/12\/17788_2024-12-23_18-21-24_jpg_2024-12-23_18-21-24.webp.webp?fit=1200%2C800&ssl=1&resize=1050%2C600 3x"},"classes":[]},{"id":61972,"url":"https:\/\/noticiasribeiraopreto.com.br\/index.php\/2024\/12\/30\/veja-os-horarios-dos-shoppings-e-supermercados-na-vespera-de-ano-novo-em-ribeirao\/","url_meta":{"origin":81099,"position":1},"title":"Veja os hor\u00e1rios dos shoppings e supermercados na v\u00e9spera de Ano Novo em Ribeir\u00e3o","author":"noticiasribeiraopreto.com.br","date":"30 de December de 2024","format":false,"excerpt":"Os shoppings e os supermercados das principais redes em Ribeir\u00e3o Preto est\u00e3o com hor\u00e1rios especiais de funcionamento nesta ter\u00e7a-feira (31), v\u00e9spera de Ano Novo. Na quarta-feira (1\u00ba de janeiro), os shoppings ter\u00e3o abertura facultativa das pra\u00e7as de alimenta\u00e7\u00e3o, j\u00e1 os supermercados estar\u00e3o fechados. Veja como ser\u00e1 o atendimento: Shoppings Iguatemi\u2026","rel":"","context":"In &quot;Not\u00edcias de Ribeir\u00e3o Preto-SP e Regi\u00e3o&quot;","block_context":{"text":"Not\u00edcias de Ribeir\u00e3o Preto-SP e Regi\u00e3o","link":"https:\/\/noticiasribeiraopreto.com.br\/index.php\/category\/noticias-de-ribeirao-preto-sp-e-regiao-ismael-colosi\/"},"img":{"alt_text":"","src":"https:\/\/i0.wp.com\/noticiasribeiraopreto.com.br\/wp-content\/uploads\/2024\/12\/17788_2024-12-23_18-21-24_jpg_2024-12-23_18-21-24.webp.webp?fit=1200%2C800&ssl=1&resize=350%2C200","width":350,"height":200,"srcset":"https:\/\/i0.wp.com\/noticiasribeiraopreto.com.br\/wp-content\/uploads\/2024\/12\/17788_2024-12-23_18-21-24_jpg_2024-12-23_18-21-24.webp.webp?fit=1200%2C800&ssl=1&resize=350%2C200 1x, https:\/\/i0.wp.com\/noticiasribeiraopreto.com.br\/wp-content\/uploads\/2024\/12\/17788_2024-12-23_18-21-24_jpg_2024-12-23_18-21-24.webp.webp?fit=1200%2C800&ssl=1&resize=525%2C300 1.5x, https:\/\/i0.wp.com\/noticiasribeiraopreto.com.br\/wp-content\/uploads\/2024\/12\/17788_2024-12-23_18-21-24_jpg_2024-12-23_18-21-24.webp.webp?fit=1200%2C800&ssl=1&resize=700%2C400 2x, https:\/\/i0.wp.com\/noticiasribeiraopreto.com.br\/wp-content\/uploads\/2024\/12\/17788_2024-12-23_18-21-24_jpg_2024-12-23_18-21-24.webp.webp?fit=1200%2C800&ssl=1&resize=1050%2C600 3x"},"classes":[]},{"id":81114,"url":"https:\/\/noticiasribeiraopreto.com.br\/index.php\/2025\/12\/24\/saiba-os-horarios-de-funcionamento-do-comercio-e-dos-shoppings-de-ribeirao-na-vespera-e-no-natal\/","url_meta":{"origin":81099,"position":2},"title":"Saiba os hor\u00e1rios de funcionamento do com\u00e9rcio e dos shoppings de Ribeir\u00e3o na v\u00e9spera e no Natal","author":"noticiasribeiraopreto.com.br","date":"24 de December de 2025","format":false,"excerpt":"O com\u00e9rcio de Ribeir\u00e3o Preto e os shoppings contam com hor\u00e1rios diferenciados para a v\u00e9spera de Natal, comemorada nesta quarta-feira (24). J\u00e1 no Natal, comemorado na quinta-feira (25), as lojas e empreendimentos ficar\u00e3o fechadas (pra\u00e7as de alimenta\u00e7\u00e3o t\u00eam abertura facultativa). Confira: Hor\u00e1rio de funcionamento Com\u00e9rcio tradicional V\u00e9spera de Natal (24\u2026","rel":"","context":"In &quot;Not\u00edcias de Ribeir\u00e3o Preto-SP e Regi\u00e3o&quot;","block_context":{"text":"Not\u00edcias de Ribeir\u00e3o Preto-SP e Regi\u00e3o","link":"https:\/\/noticiasribeiraopreto.com.br\/index.php\/category\/noticias-de-ribeirao-preto-sp-e-regiao-ismael-colosi\/"},"img":{"alt_text":"","src":"https:\/\/i0.wp.com\/noticiasribeiraopreto.com.br\/wp-content\/uploads\/2025\/12\/shopping-ribeirao-preto_2025-12-23_17-05-19.webp.webp?fit=1200%2C800&ssl=1&resize=350%2C200","width":350,"height":200,"srcset":"https:\/\/i0.wp.com\/noticiasribeiraopreto.com.br\/wp-content\/uploads\/2025\/12\/shopping-ribeirao-preto_2025-12-23_17-05-19.webp.webp?fit=1200%2C800&ssl=1&resize=350%2C200 1x, https:\/\/i0.wp.com\/noticiasribeiraopreto.com.br\/wp-content\/uploads\/2025\/12\/shopping-ribeirao-preto_2025-12-23_17-05-19.webp.webp?fit=1200%2C800&ssl=1&resize=525%2C300 1.5x, https:\/\/i0.wp.com\/noticiasribeiraopreto.com.br\/wp-content\/uploads\/2025\/12\/shopping-ribeirao-preto_2025-12-23_17-05-19.webp.webp?fit=1200%2C800&ssl=1&resize=700%2C400 2x, https:\/\/i0.wp.com\/noticiasribeiraopreto.com.br\/wp-content\/uploads\/2025\/12\/shopping-ribeirao-preto_2025-12-23_17-05-19.webp.webp?fit=1200%2C800&ssl=1&resize=1050%2C600 3x"},"classes":[]},{"id":61809,"url":"https:\/\/noticiasribeiraopreto.com.br\/index.php\/2024\/12\/23\/compras-de-natal-confira-os-horarios-do-comercio-no-centro-de-ribeirao-preto\/","url_meta":{"origin":81099,"position":3},"title":"Compras de Natal: Confira os hor\u00e1rios do com\u00e9rcio no Centro de Ribeir\u00e3o Preto","author":"noticiasribeiraopreto.com.br","date":"23 de December de 2024","format":false,"excerpt":"O com\u00e9rcio de rua de Ribeir\u00e3o Preto tem os \u00faltimos dias com hor\u00e1rios especiais de funcionamento para as compras de Natal.\u00a0Veja como ser\u00e1 o atendimento nesta segunda-feira (23) e ter\u00e7a-feira (24): Com\u00e9rcio tradicional Segunda-feira (23) 9h \u00e0s 22h Ter\u00e7a-feira (24) 9h \u00e0s 18h Quarta-feira (25) Fechado Mercad\u00e3o Central Segunda-feira (23)\u2026","rel":"","context":"In &quot;Not\u00edcias de Ribeir\u00e3o Preto-SP e Regi\u00e3o&quot;","block_context":{"text":"Not\u00edcias de Ribeir\u00e3o Preto-SP e Regi\u00e3o","link":"https:\/\/noticiasribeiraopreto.com.br\/index.php\/category\/noticias-de-ribeirao-preto-sp-e-regiao-ismael-colosi\/"},"img":{"alt_text":"","src":"https:\/\/i0.wp.com\/noticiasribeiraopreto.com.br\/wp-content\/uploads\/2024\/12\/CALCADAO_2024-06-18_13-51-25_jpg_2024-06-18_13-51-25.webp.webp?fit=1200%2C756&ssl=1&resize=350%2C200","width":350,"height":200,"srcset":"https:\/\/i0.wp.com\/noticiasribeiraopreto.com.br\/wp-content\/uploads\/2024\/12\/CALCADAO_2024-06-18_13-51-25_jpg_2024-06-18_13-51-25.webp.webp?fit=1200%2C756&ssl=1&resize=350%2C200 1x, https:\/\/i0.wp.com\/noticiasribeiraopreto.com.br\/wp-content\/uploads\/2024\/12\/CALCADAO_2024-06-18_13-51-25_jpg_2024-06-18_13-51-25.webp.webp?fit=1200%2C756&ssl=1&resize=525%2C300 1.5x, https:\/\/i0.wp.com\/noticiasribeiraopreto.com.br\/wp-content\/uploads\/2024\/12\/CALCADAO_2024-06-18_13-51-25_jpg_2024-06-18_13-51-25.webp.webp?fit=1200%2C756&ssl=1&resize=700%2C400 2x, https:\/\/i0.wp.com\/noticiasribeiraopreto.com.br\/wp-content\/uploads\/2024\/12\/CALCADAO_2024-06-18_13-51-25_jpg_2024-06-18_13-51-25.webp.webp?fit=1200%2C756&ssl=1&resize=1050%2C600 3x"},"classes":[]},{"id":61819,"url":"https:\/\/noticiasribeiraopreto.com.br\/index.php\/2024\/12\/23\/compras-de-natal-confira-os-horarios-do-comercio-no-centro-de-ribeirao-preto-2\/","url_meta":{"origin":81099,"position":4},"title":"Compras de Natal: Confira os hor\u00e1rios do com\u00e9rcio no Centro de Ribeir\u00e3o Preto","author":"noticiasribeiraopreto.com.br","date":"23 de December de 2024","format":false,"excerpt":"O com\u00e9rcio de rua de Ribeir\u00e3o Preto tem os \u00faltimos dias com hor\u00e1rios especiais de funcionamento para as compras de Natal.\u00a0Veja como ser\u00e1 o atendimento nesta segunda-feira (23) e ter\u00e7a-feira (24): Com\u00e9rcio tradicional Segunda-feira (23) 9h \u00e0s 22h Ter\u00e7a-feira (24) 9h \u00e0s 18h Quarta-feira (25) Fechado Mercad\u00e3o Central Segunda-feira (23)\u2026","rel":"","context":"In &quot;Not\u00edcias de Ribeir\u00e3o Preto-SP e Regi\u00e3o&quot;","block_context":{"text":"Not\u00edcias de Ribeir\u00e3o Preto-SP e Regi\u00e3o","link":"https:\/\/noticiasribeiraopreto.com.br\/index.php\/category\/noticias-de-ribeirao-preto-sp-e-regiao-ismael-colosi\/"},"img":{"alt_text":"","src":"https:\/\/i0.wp.com\/noticiasribeiraopreto.com.br\/wp-content\/uploads\/2024\/12\/CALCADAO_2024-06-18_13-51-25_jpg_2024-06-18_13-51-25.webp.webp?fit=1200%2C756&ssl=1&resize=350%2C200","width":350,"height":200,"srcset":"https:\/\/i0.wp.com\/noticiasribeiraopreto.com.br\/wp-content\/uploads\/2024\/12\/CALCADAO_2024-06-18_13-51-25_jpg_2024-06-18_13-51-25.webp.webp?fit=1200%2C756&ssl=1&resize=350%2C200 1x, https:\/\/i0.wp.com\/noticiasribeiraopreto.com.br\/wp-content\/uploads\/2024\/12\/CALCADAO_2024-06-18_13-51-25_jpg_2024-06-18_13-51-25.webp.webp?fit=1200%2C756&ssl=1&resize=525%2C300 1.5x, https:\/\/i0.wp.com\/noticiasribeiraopreto.com.br\/wp-content\/uploads\/2024\/12\/CALCADAO_2024-06-18_13-51-25_jpg_2024-06-18_13-51-25.webp.webp?fit=1200%2C756&ssl=1&resize=700%2C400 2x, https:\/\/i0.wp.com\/noticiasribeiraopreto.com.br\/wp-content\/uploads\/2024\/12\/CALCADAO_2024-06-18_13-51-25_jpg_2024-06-18_13-51-25.webp.webp?fit=1200%2C756&ssl=1&resize=1050%2C600 3x"},"classes":[]},{"id":81318,"url":"https:\/\/noticiasribeiraopreto.com.br\/index.php\/2026\/01\/01\/supermercados-de-ribeirao-preto-tem-horarios-especiais-para-a-virada-do-ano-confira\/","url_meta":{"origin":81099,"position":5},"title":"Supermercados de Ribeir\u00e3o Preto t\u00eam hor\u00e1rios especiais para a virada do ano; confira","author":"noticiasribeiraopreto.com.br","date":"1 de January de 2026","format":false,"excerpt":"Quem pretende fazer compras de \u00faltima hora para a virada do ano deve ficar atento aos hor\u00e1rios de funcionamento dos supermercados de Ribeir\u00e3o Preto. No dia 31 de dezembro, v\u00e9spera de Ano Novo, as principais redes operam em hor\u00e1rio especial, enquanto no dia 1\u00ba de janeiro a maioria permanece fechada.\u2026","rel":"","context":"In &quot;Not\u00edcias de Ribeir\u00e3o Preto-SP e Regi\u00e3o&quot;","block_context":{"text":"Not\u00edcias de Ribeir\u00e3o Preto-SP e Regi\u00e3o","link":"https:\/\/noticiasribeiraopreto.com.br\/index.php\/category\/noticias-de-ribeirao-preto-sp-e-regiao-ismael-colosi\/"},"img":{"alt_text":"","src":"https:\/\/i0.wp.com\/noticiasribeiraopreto.com.br\/wp-content\/uploads\/2026\/01\/AnyConv.com__savegnago_2024-07-19_15-27-35.webp.webp?fit=1200%2C800&ssl=1&resize=350%2C200","width":350,"height":200,"srcset":"https:\/\/i0.wp.com\/noticiasribeiraopreto.com.br\/wp-content\/uploads\/2026\/01\/AnyConv.com__savegnago_2024-07-19_15-27-35.webp.webp?fit=1200%2C800&ssl=1&resize=350%2C200 1x, https:\/\/i0.wp.com\/noticiasribeiraopreto.com.br\/wp-content\/uploads\/2026\/01\/AnyConv.com__savegnago_2024-07-19_15-27-35.webp.webp?fit=1200%2C800&ssl=1&resize=525%2C300 1.5x, https:\/\/i0.wp.com\/noticiasribeiraopreto.com.br\/wp-content\/uploads\/2026\/01\/AnyConv.com__savegnago_2024-07-19_15-27-35.webp.webp?fit=1200%2C800&ssl=1&resize=700%2C400 2x, https:\/\/i0.wp.com\/noticiasribeiraopreto.com.br\/wp-content\/uploads\/2026\/01\/AnyConv.com__savegnago_2024-07-19_15-27-35.webp.webp?fit=1200%2C800&ssl=1&resize=1050%2C600 3x"},"classes":[]}],"jetpack_sharing_enabled":true,"jetpack_shortlink":"https:\/\/wp.me\/peQAOb-l63","_links":{"self":[{"href":"https:\/\/noticiasribeiraopreto.com.br\/index.php\/wp-json\/wp\/v2\/posts\/81099","targetHints":{"allow":["GET"]}}],"collection":[{"href":"https:\/\/noticiasribeiraopreto.com.br\/index.php\/wp-json\/wp\/v2\/posts"}],"about":[{"href":"https:\/\/noticiasribeiraopreto.com.br\/index.php\/wp-json\/wp\/v2\/types\/post"}],"author":[{"embeddable":true,"href":"https:\/\/noticiasribeiraopreto.com.br\/index.php\/wp-json\/wp\/v2\/users\/1"}],"replies":[{"embeddable":true,"href":"https:\/\/noticiasribeiraopreto.com.br\/index.php\/wp-json\/wp\/v2\/comments?post=81099"}],"version-history":[{"count":0,"href":"https:\/\/noticiasribeiraopreto.com.br\/index.php\/wp-json\/wp\/v2\/posts\/81099\/revisions"}],"wp:featuredmedia":[{"embeddable":true,"href":"https:\/\/noticiasribeiraopreto.com.br\/index.php\/wp-json\/wp\/v2\/media\/81100"}],"wp:attachment":[{"href":"https:\/\/noticiasribeiraopreto.com.br\/index.php\/wp-json\/wp\/v2\/media?parent=81099"}],"wp:term":[{"taxonomy":"category","embeddable":true,"href":"https:\/\/noticiasribeiraopreto.com.br\/index.php\/wp-json\/wp\/v2\/categories?post=81099"},{"taxonomy":"post_tag","embeddable":true,"href":"https:\/\/noticiasribeiraopreto.com.br\/index.php\/wp-json\/wp\/v2\/tags?post=81099"}],"curies":[{"name":"wp","href":"https:\/\/api.w.org\/{rel}","templated":true}]}}