{"id":81101,"date":"2025-12-24T06:24:27","date_gmt":"2025-12-24T09:24:27","guid":{"rendered":"https:\/\/noticiasribeiraopreto.com.br\/index.php\/2025\/12\/24\/onda-de-calor-coloca-interior-de-sp-em-alerta-ate-o-natal-veja-regioes-afetadas\/"},"modified":"2025-12-24T06:24:27","modified_gmt":"2025-12-24T09:24:27","slug":"onda-de-calor-coloca-interior-de-sp-em-alerta-ate-o-natal-veja-regioes-afetadas","status":"publish","type":"post","link":"https:\/\/noticiasribeiraopreto.com.br\/index.php\/2025\/12\/24\/onda-de-calor-coloca-interior-de-sp-em-alerta-ate-o-natal-veja-regioes-afetadas\/","title":{"rendered":"Onda de calor coloca interior de SP em alerta at\u00e9 o Natal; Veja regi\u00f5es afetadas"},"content":{"rendered":"<div class='code-block code-block-1' style='margin: 8px 0 8px auto; text-align: right; display: block; clear: both;'>\n<p><a href=\"https:\/\/wa.link\/vpicfd\"><img data-recalc-dims=\"1\" class=\"wp-image-4922\" style=\"aspect-ratio: 2.0253164556962027; width: 561px; height: auto;\" src=\"https:\/\/i0.wp.com\/ismaelcolosi.com.br\/wp-content\/uploads\/2023\/11\/grupo-de-empregos-whatsapp-e-facebook-ismael-colosi-vagas.jpg?ssl=1\" alt=\"\" \/><\/a><\/p>\n<!-- \/wp:image -->\n<\/div>\n<p> <br \/>\n<\/p>\n<div>\n<p>O <strong>Instituto Nacional de Meteorologia (Inmet)<\/strong> emitiu, nesta ter\u00e7a-feira (23), um novo <strong>alerta de perigo potencial<\/strong> para <strong>onda de calor<\/strong> no <strong>interior do estado de S\u00e3o Paulo<\/strong> \u2013 veja abaixo as regi\u00f5es afetadas.<\/p>\n<p>De acordo com a <strong><a href=\"https:\/\/www.climatempo.com.br\/\" target=\"_blank\" data-type=\"link\" data-id=\"https:\/\/www.climatempo.com.br\/\" rel=\"noreferrer noopener\">Climatempo<\/a><\/strong>, um <strong>bloqueio atmosf\u00e9rico<\/strong> atua sobre a regi\u00e3o, dificultando a forma\u00e7\u00e3o de chuvas mais organizadas e favorecendo a persist\u00eancia de temperaturas elevadas ao longo dos pr\u00f3ximos dias.<\/p>\n<figure class=\"wp-block-pullquote\">\n<blockquote>\n<p>Com esse padr\u00e3o, diversas regi\u00f5es devem registrar temperaturas pelo menos 5\u00baC acima da m\u00e9dia para esta \u00e9poca do ano, al\u00e9m de madrugadas e manh\u00e3s bastante abafadas<\/p>\n<p><cite>explica o meteorologista Vitor Takao Suganuma<\/cite><\/p><\/blockquote>\n<\/figure>\n<figure class=\"wp-block-image aligncenter size-full is-resized\"><img data-recalc-dims=\"1\" fetchpriority=\"high\" decoding=\"async\" width=\"750\" height=\"553\" src=\"https:\/\/i0.wp.com\/cdn.media-acidadeon.com.br\/ribeiraopreto\/wp-content\/uploads\/sites\/3\/2025\/12\/WhatsApp-Image-2025-12-22-at-2.20.01-PM_2025-12-22_21-48-39.webp?resize=750%2C553&#038;ssl=1\" alt=\"Onda de calor marca a semana do Natal e os primeiros dias do ver\u00e3o em SP - Foto: reprodu\u00e7\u00e3o\/ Climatempo.\" class=\"wp-image-140137\" style=\"width:654px\" title=\"Onda de calor coloca interior de SP em alerta at\u00e9 o Natal; Veja regi\u00f5es afetadas 1\" srcset=\"https:\/\/cdn.media-acidadeon.com.br\/ribeiraopreto\/wp-content\/uploads\/sites\/3\/2025\/12\/WhatsApp-Image-2025-12-22-at-2.20.01-PM_2025-12-22_21-48-39.webp 750w, https:\/\/cdn.media-acidadeon.com.br\/ribeiraopreto\/wp-content\/uploads\/sites\/3\/2025\/12\/WhatsApp-Image-2025-12-22-at-2.20.01-PM_2025-12-22_21-48-39-300x221.webp 300w, https:\/\/cdn.media-acidadeon.com.br\/ribeiraopreto\/wp-content\/uploads\/sites\/3\/2025\/12\/WhatsApp-Image-2025-12-22-at-2.20.01-PM_2025-12-22_21-48-39-696x513.webp 696w\" sizes=\"(max-width: 750px) 100vw, 750px\"\/><figcaption class=\"wp-element-caption\">Onda de calor marca a semana do Natal e os primeiros dias do ver\u00e3o em SP \u2013 Foto: reprodu\u00e7\u00e3o\/ Climatempo.<br \/>\n<\/figcaption><\/figure>\n<h2 class=\"wp-block-heading\"><strong>O que diz o alerta do Inmert?<\/strong><\/h2>\n<p>De acordo com o comunicado, as temperaturas devem ficar cerca de 5\u00b0C acima da m\u00e9dia por um per\u00edodo de dois a tr\u00eas dias. Segundo o Inmet, a condi\u00e7\u00e3o representa baixo risco \u00e0 sa\u00fade. O alerta \u00e9 v\u00e1lido at\u00e9 o Dia de Natal, quinta-feira (25).<\/p>\n<p>Apesar do predom\u00ednio do calor, os especialistas da Climatempo explicam que o bloqueio n\u00e3o impede totalmente a ocorr\u00eancia de chuva. Pancadas isoladas ainda podem ocorrer e em alguns momentos podem cair com forte intensidade.<\/p>\n<div class=\"wp-block-image\">\n<figure class=\"aligncenter size-large is-resized\"><img data-recalc-dims=\"1\" loading=\"lazy\" decoding=\"async\" width=\"1024\" height=\"576\" src=\"https:\/\/i0.wp.com\/cdn.media-acidadeon.com.br\/ribeiraopreto\/wp-content\/uploads\/sites\/3\/2025\/12\/domingo-27_2025-12-23_19-14-18-1024x576.webp?resize=1024%2C576&#038;ssl=1\" alt=\"Inmet emite alerta para onda de calor no interior de SP - Foto: reprodu\u00e7\u00e3o\/ Inmet.\" class=\"wp-image-140196\" style=\"width:654px\" title=\"Onda de calor coloca interior de SP em alerta at\u00e9 o Natal; Veja regi\u00f5es afetadas 2\" srcset=\"https:\/\/cdn.media-acidadeon.com.br\/ribeiraopreto\/wp-content\/uploads\/sites\/3\/2025\/12\/domingo-27_2025-12-23_19-14-18-1024x576.webp 1024w, https:\/\/cdn.media-acidadeon.com.br\/ribeiraopreto\/wp-content\/uploads\/sites\/3\/2025\/12\/domingo-27_2025-12-23_19-14-18-300x169.webp 300w, https:\/\/cdn.media-acidadeon.com.br\/ribeiraopreto\/wp-content\/uploads\/sites\/3\/2025\/12\/domingo-27_2025-12-23_19-14-18-768x432.webp 768w, https:\/\/cdn.media-acidadeon.com.br\/ribeiraopreto\/wp-content\/uploads\/sites\/3\/2025\/12\/domingo-27_2025-12-23_19-14-18-696x392.webp 696w, https:\/\/cdn.media-acidadeon.com.br\/ribeiraopreto\/wp-content\/uploads\/sites\/3\/2025\/12\/domingo-27_2025-12-23_19-14-18-1068x601.webp 1068w, https:\/\/cdn.media-acidadeon.com.br\/ribeiraopreto\/wp-content\/uploads\/sites\/3\/2025\/12\/domingo-27_2025-12-23_19-14-18.webp 1200w\" sizes=\"auto, (max-width: 1024px) 100vw, 1024px\"\/><figcaption class=\"wp-element-caption\">Inmet emite alerta para onda de calor no interior de SP \u2013 Foto: reprodu\u00e7\u00e3o\/ Inmet.<\/figcaption><\/figure>\n<\/div>\n<h2 class=\"wp-block-heading\"><strong>Confira as regi\u00f5es em alerta<\/strong><\/h2>\n<p>Todo o estado de S\u00e3o Paulo est\u00e1 em alerta para onda de calor, contudo, o Inmet destaca as seguintes regi\u00f5es no interior paulista:<\/p>\n<ul class=\"wp-block-list\">\n<li>Presidente Prudente<\/li>\n<li>S\u00e3o Jos\u00e9 do Rio Preto<\/li>\n<li>Campinas<\/li>\n<li>Bauru<\/li>\n<li>Piracicaba<\/li>\n<li>Itapetininga<\/li>\n<li>Ribeir\u00e3o Preto<\/li>\n<li>Ara\u00e7atuba<\/li>\n<li>Mar\u00edlia<\/li>\n<li>Araraquara<\/li>\n<li>Assis<\/li>\n<\/ul>\n<h2 class=\"wp-block-heading\"><strong>Cuidados durante uma onda de calor<\/strong><\/h2>\n<p>Durante os per\u00edodos de\u00a0<strong>onda de calor<\/strong>, a umidade do ar fica muito baixa, principalmente no per\u00edodo da tarde, deixando o tempo mais seco.<\/p>\n<p>Por esse motivo, \u00e9 importante<strong>\u00a0aumentar o consumo de \u00e1gua durante o dia<\/strong>, principalmente por crian\u00e7as e idosos, j\u00e1 que a hidrata\u00e7\u00e3o \u00e9 fundamental para a sa\u00fade.<\/p>\n<p>Outra orienta\u00e7\u00e3o da\u00a0<strong><a href=\"https:\/\/www.defesacivil.sp.gov.br\/\" target=\"_blank\" rel=\"noreferrer noopener\">Defesa Civil<\/a><\/strong>\u00a0\u00e9 de que a popula\u00e7\u00e3o evite realizar atividades f\u00edsicas externas no per\u00edodo das 11h \u00e0s 17h, evitando o\u00a0<strong>choque de calor<\/strong>.<\/p>\n<p>Roupas leves, alimenta\u00e7\u00e3o com frutas e verduras, ambientes fechados umidificados e uso de protetor solar fazem parte das recomenda\u00e7\u00f5es.<\/p>\n<div class=\"wp-block-image\">\n<figure class=\"aligncenter size-large is-resized\"><img data-recalc-dims=\"1\" loading=\"lazy\" decoding=\"async\" width=\"1024\" height=\"682\" src=\"https:\/\/i0.wp.com\/cdn.media-acidadeon.com.br\/ribeiraopreto\/wp-content\/uploads\/sites\/3\/2024\/02\/onda-de-calor-2-1024x682.jpg?resize=1024%2C682&#038;ssl=1\" alt=\"Hidrata\u00e7\u00e3o \u00e9 fundamental nesse per\u00edodo de baixa umidade do ar - Foto: Reprodu\u00e7\u00e3o \/ Freepik.\" class=\"wp-image-69327\" style=\"width:654px\" title=\"Onda de calor coloca interior de SP em alerta at\u00e9 o Natal; Veja regi\u00f5es afetadas 3\" srcset=\"https:\/\/cdn.media-acidadeon.com.br\/ribeiraopreto\/wp-content\/uploads\/sites\/3\/2024\/02\/onda-de-calor-2-1024x682.jpg 1024w, https:\/\/cdn.media-acidadeon.com.br\/ribeiraopreto\/wp-content\/uploads\/sites\/3\/2024\/02\/onda-de-calor-2-300x200.jpg 300w, https:\/\/cdn.media-acidadeon.com.br\/ribeiraopreto\/wp-content\/uploads\/sites\/3\/2024\/02\/onda-de-calor-2-768x512.jpg 768w, https:\/\/cdn.media-acidadeon.com.br\/ribeiraopreto\/wp-content\/uploads\/sites\/3\/2024\/02\/onda-de-calor-2-1536x1024.jpg 1536w, https:\/\/cdn.media-acidadeon.com.br\/ribeiraopreto\/wp-content\/uploads\/sites\/3\/2024\/02\/onda-de-calor-2-696x464.jpg 696w, https:\/\/cdn.media-acidadeon.com.br\/ribeiraopreto\/wp-content\/uploads\/sites\/3\/2024\/02\/onda-de-calor-2-1068x712.jpg 1068w, https:\/\/cdn.media-acidadeon.com.br\/ribeiraopreto\/wp-content\/uploads\/sites\/3\/2024\/02\/onda-de-calor-2-1920x1280.jpg 1920w, https:\/\/cdn.media-acidadeon.com.br\/ribeiraopreto\/wp-content\/uploads\/sites\/3\/2024\/02\/onda-de-calor-2.jpg 2000w\" sizes=\"auto, (max-width: 1024px) 100vw, 1024px\"\/><figcaption class=\"wp-element-caption\">Hidrata\u00e7\u00e3o \u00e9 fundamental nesse per\u00edodo \u2013 Foto: Reprodu\u00e7\u00e3o\/ Freepik.<\/figcaption><\/figure>\n<\/div>\n<hr class=\"wp-block-separator has-alpha-channel-opacity\"\/>\n<p>SAIBA MAIS<\/p>\n<p>Ribeir\u00e3o Preto recebe exposi\u00e7\u00e3o fotogr\u00e1fica \u2018Mem\u00f3rias: Uma viagem ao passado\u2019<\/p>\n<h2 class=\"wp-block-heading\"><strong>FIQUE ON<\/strong><\/h2>\n<p>Fique ligado em tudo que acontece em Ribeir\u00e3o Preto e regi\u00e3o. Siga os perfis do\u00a0<strong>acidade on\u00a0<\/strong>no<a href=\"https:\/\/www.instagram.com\/acidadeonribeirao\" target=\"_blank\" rel=\"noreferrer noopener\">\u00a0Instagram<\/a>\u00a0e no<a href=\"https:\/\/www.facebook.com\/acidadeonribeirao\/\" target=\"_blank\" rel=\"noreferrer noopener\">\u00a0Facebook<\/a>.<\/p>\n<p>Receba not\u00edcias do\u00a0<strong>acidade on<\/strong>\u00a0no WhatsApp. Para entrar no grupo,\u00a0basta<a href=\"https:\/\/chat.whatsapp.com\/GFH9HUMUTHNFJdnyEd0xxq\" target=\"_blank\" rel=\"noreferrer noopener\">\u00a0clicar aqui<\/a>. Ou, acesse o nosso\u00a0Canal\u00a0<a href=\"https:\/\/whatsapp.com\/channel\/0029Vb6IQl1JENyAeS57fk2p\" target=\"_blank\" rel=\"noreferrer noopener\">clicando aqui<\/a>.<\/p>\n<p>Fa\u00e7a uma den\u00fancia ou sugira uma reportagem sobre Ribeir\u00e3o Preto e regi\u00e3o pelo WhatsApp: 16 99117 7802.<\/p>\n<p>VEJA TAMB\u00c9M<\/p>\n<p>Qual o significado de Palo, nome do primeiro filho de Mariana Rios?<\/p>\n<p><!-- AI CONTENT END 1 -->\n<\/div>\n<p><script async src=\"\/\/www.instagram.com\/embed.js\"><\/script><br \/>\n<br \/><br \/>\n<br \/><a href=\"https:\/\/www.acidadeon.com\/ribeiraopreto\/cotidiano\/onda-de-calor-coloca-interior-de-sp-em-alerta-ate-o-natal-veja-regioes-afetadas\/\">Source link <\/a><\/p>\n<!-- CONTENT END 1 -->\n","protected":false},"excerpt":{"rendered":"<p>O Instituto Nacional de Meteorologia (Inmet) emitiu, nesta ter\u00e7a-feira (23), um novo alerta de perigo potencial para onda de calor no interior do estado de&#8230;<\/p>\n","protected":false},"author":1,"featured_media":81102,"comment_status":"open","ping_status":"open","sticky":false,"template":"","format":"standard","meta":{"advanced_seo_description":"","jetpack_seo_html_title":"","jetpack_seo_noindex":false,"jetpack_post_was_ever_published":false,"_jetpack_newsletter_access":"","_jetpack_dont_email_post_to_subs":false,"_jetpack_newsletter_tier_id":0,"_jetpack_memberships_contains_paywalled_content":false,"_jetpack_memberships_contains_paid_content":false,"footnotes":"","jetpack_publicize_message":"","jetpack_publicize_feature_enabled":true,"jetpack_social_post_already_shared":true,"jetpack_social_options":{"image_generator_settings":{"template":"highway","default_image_id":0,"font":"","enabled":false},"version":2}},"categories":[11],"tags":[],"class_list":["post-81101","post","type-post","status-publish","format-standard","has-post-thumbnail","hentry","category-noticias-de-ribeirao-preto-sp-e-regiao-ismael-colosi"],"jetpack_publicize_connections":[],"jetpack_featured_media_url":"https:\/\/i0.wp.com\/noticiasribeiraopreto.com.br\/wp-content\/uploads\/2025\/12\/AnyConv.com__CLIMA_QUENTE_NA_CIDADE_DE_CAMPINAS_SP_CoDIGO-19_173574-1068x712-1.webp.webp?fit=1068%2C712&ssl=1","jetpack-related-posts":[{"id":48107,"url":"https:\/\/noticiasribeiraopreto.com.br\/index.php\/2024\/04\/30\/mais-cidades-sao-incluidas-no-alerta-para-ondas-de-calor-no-interior-de-sp-veja-regioes-afetadas\/","url_meta":{"origin":81101,"position":0},"title":"Mais cidades s\u00e3o inclu\u00eddas no alerta para ondas de calor no interior de SP; Veja regi\u00f5es afetadas","author":"noticiasribeiraopreto.com.br","date":"30 de April de 2024","format":false,"excerpt":"O calor\u00e3o que atinge o estado de S\u00e3o Paulo e outras regi\u00f5es do Brasil n\u00e3o deve ir embora at\u00e9 pelo menos o dia 10 de maio, de acordo com a Climatempo. Essa onda de calor afeta o estado desde o dia 22 de abril. Nesta ter\u00e7a-feira (30), o Instituto Nacional\u2026","rel":"","context":"In &quot;Not\u00edcias de Ribeir\u00e3o Preto-SP e Regi\u00e3o&quot;","block_context":{"text":"Not\u00edcias de Ribeir\u00e3o Preto-SP e Regi\u00e3o","link":"https:\/\/noticiasribeiraopreto.com.br\/index.php\/category\/noticias-de-ribeirao-preto-sp-e-regiao-ismael-colosi\/"},"img":{"alt_text":"","src":"https:\/\/i0.wp.com\/noticiasribeiraopreto.com.br\/wp-content\/uploads\/2024\/04\/20230824_153104-1.jpg?fit=1200%2C823&ssl=1&resize=350%2C200","width":350,"height":200,"srcset":"https:\/\/i0.wp.com\/noticiasribeiraopreto.com.br\/wp-content\/uploads\/2024\/04\/20230824_153104-1.jpg?fit=1200%2C823&ssl=1&resize=350%2C200 1x, https:\/\/i0.wp.com\/noticiasribeiraopreto.com.br\/wp-content\/uploads\/2024\/04\/20230824_153104-1.jpg?fit=1200%2C823&ssl=1&resize=525%2C300 1.5x, https:\/\/i0.wp.com\/noticiasribeiraopreto.com.br\/wp-content\/uploads\/2024\/04\/20230824_153104-1.jpg?fit=1200%2C823&ssl=1&resize=700%2C400 2x, https:\/\/i0.wp.com\/noticiasribeiraopreto.com.br\/wp-content\/uploads\/2024\/04\/20230824_153104-1.jpg?fit=1200%2C823&ssl=1&resize=1050%2C600 3x"},"classes":[]},{"id":47945,"url":"https:\/\/noticiasribeiraopreto.com.br\/index.php\/2024\/04\/29\/alerta-de-temperaturas-acima-da-media-e-emitido-para-o-interior-de-sp-veja-regioes-afetadas\/","url_meta":{"origin":81101,"position":1},"title":"Alerta de temperaturas acima da m\u00e9dia \u00e9 emitido para o interior de SP; Veja regi\u00f5es afetadas","author":"noticiasribeiraopreto.com.br","date":"29 de April de 2024","format":false,"excerpt":"O Instituto Nacional de Meteorologia (Inmet) emitiu um alerta laranja para temperaturas acima da m\u00e9dia no interior do estado de S\u00e3o Paulo nos pr\u00f3ximos dias. Uma nova onda de calor afeta o estado desde a \u00faltima segunda-feira (22). Segundo a Climatempo, um sistema de alta press\u00e3o em m\u00e9dios n\u00edveis da\u2026","rel":"","context":"In &quot;Not\u00edcias de Ribeir\u00e3o Preto-SP e Regi\u00e3o&quot;","block_context":{"text":"Not\u00edcias de Ribeir\u00e3o Preto-SP e Regi\u00e3o","link":"https:\/\/noticiasribeiraopreto.com.br\/index.php\/category\/noticias-de-ribeirao-preto-sp-e-regiao-ismael-colosi\/"},"img":{"alt_text":"","src":"https:\/\/i0.wp.com\/noticiasribeiraopreto.com.br\/wp-content\/uploads\/2024\/04\/trbr5837.png?fit=1170%2C700&ssl=1&resize=350%2C200","width":350,"height":200,"srcset":"https:\/\/i0.wp.com\/noticiasribeiraopreto.com.br\/wp-content\/uploads\/2024\/04\/trbr5837.png?fit=1170%2C700&ssl=1&resize=350%2C200 1x, https:\/\/i0.wp.com\/noticiasribeiraopreto.com.br\/wp-content\/uploads\/2024\/04\/trbr5837.png?fit=1170%2C700&ssl=1&resize=525%2C300 1.5x, https:\/\/i0.wp.com\/noticiasribeiraopreto.com.br\/wp-content\/uploads\/2024\/04\/trbr5837.png?fit=1170%2C700&ssl=1&resize=700%2C400 2x, https:\/\/i0.wp.com\/noticiasribeiraopreto.com.br\/wp-content\/uploads\/2024\/04\/trbr5837.png?fit=1170%2C700&ssl=1&resize=1050%2C600 3x"},"classes":[]},{"id":81200,"url":"https:\/\/noticiasribeiraopreto.com.br\/index.php\/2025\/12\/27\/interior-de-sp-entra-em-alerta-maximo-para-onda-de-calor-veja-lista-de-regioes-afetadas\/","url_meta":{"origin":81101,"position":2},"title":"Interior de SP entra em alerta m\u00e1ximo para onda de calor; Veja lista de regi\u00f5es afetadas","author":"noticiasribeiraopreto.com.br","date":"27 de December de 2025","format":false,"excerpt":"O Instituto Nacional de Meteorologia (Inmet) prorrogou novamente o alerta para onda de calor no interior de S\u00e3o Paulo e tamb\u00e9m voltou a elevar o n\u00edvel de criticidade do aviso. Antes, o alerta era v\u00e1lido at\u00e9 o fim da tarde desta sexta-feira (26), mas foi estendido e agora segue em\u2026","rel":"","context":"In &quot;Not\u00edcias de Ribeir\u00e3o Preto-SP e Regi\u00e3o&quot;","block_context":{"text":"Not\u00edcias de Ribeir\u00e3o Preto-SP e Regi\u00e3o","link":"https:\/\/noticiasribeiraopreto.com.br\/index.php\/category\/noticias-de-ribeirao-preto-sp-e-regiao-ismael-colosi\/"},"img":{"alt_text":"","src":"https:\/\/i0.wp.com\/noticiasribeiraopreto.com.br\/wp-content\/uploads\/2025\/12\/20230824_153104-1.jpg?fit=1200%2C823&ssl=1&resize=350%2C200","width":350,"height":200,"srcset":"https:\/\/i0.wp.com\/noticiasribeiraopreto.com.br\/wp-content\/uploads\/2025\/12\/20230824_153104-1.jpg?fit=1200%2C823&ssl=1&resize=350%2C200 1x, https:\/\/i0.wp.com\/noticiasribeiraopreto.com.br\/wp-content\/uploads\/2025\/12\/20230824_153104-1.jpg?fit=1200%2C823&ssl=1&resize=525%2C300 1.5x, https:\/\/i0.wp.com\/noticiasribeiraopreto.com.br\/wp-content\/uploads\/2025\/12\/20230824_153104-1.jpg?fit=1200%2C823&ssl=1&resize=700%2C400 2x, https:\/\/i0.wp.com\/noticiasribeiraopreto.com.br\/wp-content\/uploads\/2025\/12\/20230824_153104-1.jpg?fit=1200%2C823&ssl=1&resize=1050%2C600 3x"},"classes":[]},{"id":57357,"url":"https:\/\/noticiasribeiraopreto.com.br\/index.php\/2024\/08\/29\/alerta-para-onda-de-calor-e-emitido-no-interior-de-sp-veja-regioes-afetadas\/","url_meta":{"origin":81101,"position":3},"title":"Alerta para onda de calor \u00e9 emitido no interior de SP; Veja regi\u00f5es afetadas","author":"noticiasribeiraopreto.com.br","date":"29 de August de 2024","format":false,"excerpt":"Uma nova onda de calor est\u00e1 prevista para atingir o interior de S\u00e3o Paulo a partir de segunda-feira (2), de acordo com o meteorologista. Conforme a Climatempo, uma massa de ar quente e seco vai se estabelecer sobre o Brasil no decorrer da primeira semana de setembro e ser\u00e1 respons\u00e1vel\u2026","rel":"","context":"In &quot;Not\u00edcias de Ribeir\u00e3o Preto-SP e Regi\u00e3o&quot;","block_context":{"text":"Not\u00edcias de Ribeir\u00e3o Preto-SP e Regi\u00e3o","link":"https:\/\/noticiasribeiraopreto.com.br\/index.php\/category\/noticias-de-ribeirao-preto-sp-e-regiao-ismael-colosi\/"},"img":{"alt_text":"","src":"https:\/\/i0.wp.com\/noticiasribeiraopreto.com.br\/wp-content\/uploads\/2024\/08\/1724957340_ribeirao_preto_1024x576_13032021005744.jpg?fit=1024%2C576&ssl=1&resize=350%2C200","width":350,"height":200,"srcset":"https:\/\/i0.wp.com\/noticiasribeiraopreto.com.br\/wp-content\/uploads\/2024\/08\/1724957340_ribeirao_preto_1024x576_13032021005744.jpg?fit=1024%2C576&ssl=1&resize=350%2C200 1x, https:\/\/i0.wp.com\/noticiasribeiraopreto.com.br\/wp-content\/uploads\/2024\/08\/1724957340_ribeirao_preto_1024x576_13032021005744.jpg?fit=1024%2C576&ssl=1&resize=525%2C300 1.5x, https:\/\/i0.wp.com\/noticiasribeiraopreto.com.br\/wp-content\/uploads\/2024\/08\/1724957340_ribeirao_preto_1024x576_13032021005744.jpg?fit=1024%2C576&ssl=1&resize=700%2C400 2x"},"classes":[]},{"id":57499,"url":"https:\/\/noticiasribeiraopreto.com.br\/index.php\/2024\/09\/02\/interior-de-sp-tem-dois-novos-alertas-de-perigo-potencial-veja-regioes-afetadas\/","url_meta":{"origin":81101,"position":4},"title":"Interior de SP tem dois novos alertas de perigo potencial; Veja regi\u00f5es afetadas","author":"noticiasribeiraopreto.com.br","date":"2 de September de 2024","format":false,"excerpt":"O Instituto Nacional de Meteorologia (Inmet) emitiu dois novos alertas de perigo potencial para o interior de S\u00e3o Paulo, nesta segunda-feira (2). Um \u00e9 para onda de calor e o outro para baixa umidade do ar. De acordo com a Climatempo, o tempo seco e com temperaturas acima da m\u00e9dia\u2026","rel":"","context":"In &quot;Not\u00edcias de Ribeir\u00e3o Preto-SP e Regi\u00e3o&quot;","block_context":{"text":"Not\u00edcias de Ribeir\u00e3o Preto-SP e Regi\u00e3o","link":"https:\/\/noticiasribeiraopreto.com.br\/index.php\/category\/noticias-de-ribeirao-preto-sp-e-regiao-ismael-colosi\/"},"img":{"alt_text":"","src":"https:\/\/i0.wp.com\/noticiasribeiraopreto.com.br\/wp-content\/uploads\/2024\/09\/mulher-mais-velha-lutando-com-alta-temperatura-scaled.jpg?fit=1200%2C800&ssl=1&resize=350%2C200","width":350,"height":200,"srcset":"https:\/\/i0.wp.com\/noticiasribeiraopreto.com.br\/wp-content\/uploads\/2024\/09\/mulher-mais-velha-lutando-com-alta-temperatura-scaled.jpg?fit=1200%2C800&ssl=1&resize=350%2C200 1x, https:\/\/i0.wp.com\/noticiasribeiraopreto.com.br\/wp-content\/uploads\/2024\/09\/mulher-mais-velha-lutando-com-alta-temperatura-scaled.jpg?fit=1200%2C800&ssl=1&resize=525%2C300 1.5x, https:\/\/i0.wp.com\/noticiasribeiraopreto.com.br\/wp-content\/uploads\/2024\/09\/mulher-mais-velha-lutando-com-alta-temperatura-scaled.jpg?fit=1200%2C800&ssl=1&resize=700%2C400 2x, https:\/\/i0.wp.com\/noticiasribeiraopreto.com.br\/wp-content\/uploads\/2024\/09\/mulher-mais-velha-lutando-com-alta-temperatura-scaled.jpg?fit=1200%2C800&ssl=1&resize=1050%2C600 3x"},"classes":[]},{"id":63812,"url":"https:\/\/noticiasribeiraopreto.com.br\/index.php\/2025\/02\/22\/interior-de-sp-esta-em-alerta-para-chuva-intensas-veja-cidades-afetadas\/","url_meta":{"origin":81101,"position":5},"title":"Interior de SP est\u00e1 em alerta para chuva intensas; Veja cidades afetadas","author":"noticiasribeiraopreto.com.br","date":"22 de February de 2025","format":false,"excerpt":"Um sistema meteorol\u00f3gico estacionado pr\u00f3ximo \u00e0 costa do Sudeste mant\u00e9m as condi\u00e7\u00f5es para chuvas volumosas, temporais, raios e rajadas de vento em S\u00e3o Paulo, inclusive no interior de S\u00e3o Paulo. Por conta desse cen\u00e1rio, o Inmet (Instituto Nacional de Meteorologia) emitiu, neste s\u00e1bado (22) um novo alerta de perigo potencial\u2026","rel":"","context":"In &quot;Not\u00edcias de Ribeir\u00e3o Preto-SP e Regi\u00e3o&quot;","block_context":{"text":"Not\u00edcias de Ribeir\u00e3o Preto-SP e Regi\u00e3o","link":"https:\/\/noticiasribeiraopreto.com.br\/index.php\/category\/noticias-de-ribeirao-preto-sp-e-regiao-ismael-colosi\/"},"img":{"alt_text":"","src":"https:\/\/i0.wp.com\/noticiasribeiraopreto.com.br\/wp-content\/uploads\/2024\/11\/chuva_sexta_06_2024-11-29_16-33-16.webp.webp?fit=1024%2C768&ssl=1&resize=350%2C200","width":350,"height":200,"srcset":"https:\/\/i0.wp.com\/noticiasribeiraopreto.com.br\/wp-content\/uploads\/2024\/11\/chuva_sexta_06_2024-11-29_16-33-16.webp.webp?fit=1024%2C768&ssl=1&resize=350%2C200 1x, https:\/\/i0.wp.com\/noticiasribeiraopreto.com.br\/wp-content\/uploads\/2024\/11\/chuva_sexta_06_2024-11-29_16-33-16.webp.webp?fit=1024%2C768&ssl=1&resize=525%2C300 1.5x, https:\/\/i0.wp.com\/noticiasribeiraopreto.com.br\/wp-content\/uploads\/2024\/11\/chuva_sexta_06_2024-11-29_16-33-16.webp.webp?fit=1024%2C768&ssl=1&resize=700%2C400 2x"},"classes":[]}],"jetpack_sharing_enabled":true,"jetpack_shortlink":"https:\/\/wp.me\/peQAOb-l65","_links":{"self":[{"href":"https:\/\/noticiasribeiraopreto.com.br\/index.php\/wp-json\/wp\/v2\/posts\/81101","targetHints":{"allow":["GET"]}}],"collection":[{"href":"https:\/\/noticiasribeiraopreto.com.br\/index.php\/wp-json\/wp\/v2\/posts"}],"about":[{"href":"https:\/\/noticiasribeiraopreto.com.br\/index.php\/wp-json\/wp\/v2\/types\/post"}],"author":[{"embeddable":true,"href":"https:\/\/noticiasribeiraopreto.com.br\/index.php\/wp-json\/wp\/v2\/users\/1"}],"replies":[{"embeddable":true,"href":"https:\/\/noticiasribeiraopreto.com.br\/index.php\/wp-json\/wp\/v2\/comments?post=81101"}],"version-history":[{"count":0,"href":"https:\/\/noticiasribeiraopreto.com.br\/index.php\/wp-json\/wp\/v2\/posts\/81101\/revisions"}],"wp:featuredmedia":[{"embeddable":true,"href":"https:\/\/noticiasribeiraopreto.com.br\/index.php\/wp-json\/wp\/v2\/media\/81102"}],"wp:attachment":[{"href":"https:\/\/noticiasribeiraopreto.com.br\/index.php\/wp-json\/wp\/v2\/media?parent=81101"}],"wp:term":[{"taxonomy":"category","embeddable":true,"href":"https:\/\/noticiasribeiraopreto.com.br\/index.php\/wp-json\/wp\/v2\/categories?post=81101"},{"taxonomy":"post_tag","embeddable":true,"href":"https:\/\/noticiasribeiraopreto.com.br\/index.php\/wp-json\/wp\/v2\/tags?post=81101"}],"curies":[{"name":"wp","href":"https:\/\/api.w.org\/{rel}","templated":true}]}}