{"id":81103,"date":"2025-12-24T06:32:35","date_gmt":"2025-12-24T09:32:35","guid":{"rendered":"https:\/\/noticiasribeiraopreto.com.br\/index.php\/2025\/12\/24\/ela-se-recusou-a-voltar-para-casa-e-ele-decidiu-mata-la-diz-delegado-sobre-crime-contra-esposa-e-enteados\/"},"modified":"2025-12-24T06:32:35","modified_gmt":"2025-12-24T09:32:35","slug":"ela-se-recusou-a-voltar-para-casa-e-ele-decidiu-mata-la-diz-delegado-sobre-crime-contra-esposa-e-enteados","status":"publish","type":"post","link":"https:\/\/noticiasribeiraopreto.com.br\/index.php\/2025\/12\/24\/ela-se-recusou-a-voltar-para-casa-e-ele-decidiu-mata-la-diz-delegado-sobre-crime-contra-esposa-e-enteados\/","title":{"rendered":"&#8216;Ela se recusou a voltar para casa e ele decidiu mat\u00e1-la&#8217;, diz delegado sobre crime contra esposa e enteados"},"content":{"rendered":"<div class='code-block code-block-1' style='margin: 8px 0 8px auto; text-align: right; display: block; clear: both;'>\n<p><a href=\"https:\/\/wa.link\/vpicfd\"><img data-recalc-dims=\"1\" class=\"wp-image-4922\" style=\"aspect-ratio: 2.0253164556962027; width: 561px; height: auto;\" src=\"https:\/\/i0.wp.com\/ismaelcolosi.com.br\/wp-content\/uploads\/2023\/11\/grupo-de-empregos-whatsapp-e-facebook-ismael-colosi-vagas.jpg?ssl=1\" alt=\"\" \/><\/a><\/p>\n<!-- \/wp:image -->\n<\/div>\n<p> <br \/>\n<\/p>\n<div>\n<p>Em depoimento a <strong>Pol\u00edcia Civil<\/strong>, Milton Gon\u00e7alves Filho, de 48 anos, confessou ter matado a esposa e os tr\u00eas enteados ap\u00f3s ser ouvido novamente na delegacia de <strong>Jaboticabal<\/strong>, cidade na <strong>regi\u00e3o de Ribeir\u00e3o Preto<\/strong>, nesta ter\u00e7a-feira (23).<\/p>\n<p>Segundo o delegado <strong>Oswaldo Jos\u00e9 da Silva<\/strong>, a v\u00edtima, Sabrina Aparecida de Almeida Lima, de 27 anos, <mark style=\"background-color:#fcb900\" class=\"has-inline-color\">saiu da resid\u00eancia onde morava com o homem na quinta-feira (18), e ele foi atr\u00e1s dela.<\/mark><\/p>\n<figure class=\"wp-block-pullquote\">\n<blockquote>\n<p>Ele falou que, no dia mesmo em que ela desapareceu, na quinta-feira, ela deixou a resid\u00eancia. Ele saiu \u00e0 procura dela, encontrou, s\u00f3 que ela deve ter se recusado voltar para casa, ele n\u00e3o explicou, e ele resolveu p\u00f4r fim \u00e0 vida dela<\/p>\n<p><cite>Oswaldo Jos\u00e9 da Silva<\/cite><\/p><\/blockquote>\n<\/figure>\n<p>Ainda segundo o delegado, as crian\u00e7as estavam com a m\u00e3e no momento do crime e, <mark style=\"background-color:#fcb900\" class=\"has-inline-color\">para evitar testemunhas, <strong>Milton <\/strong>tamb\u00e9m matou os tr\u00eas filhos dela<\/mark>, Eduardo Felipe Lima dos Santos, de 10 anos, Victor Hugo Lima dos Santos, de 8 anos, e Luiz Henrique Lima dos Santos, de 6 anos.<\/p>\n<div class=\"wp-block-image\">\n<figure class=\"aligncenter size-large is-resized\"><img data-recalc-dims=\"1\" fetchpriority=\"high\" decoding=\"async\" width=\"1024\" height=\"576\" src=\"https:\/\/i0.wp.com\/cdn.media-acidadeon.com.br\/ribeiraopreto\/wp-content\/uploads\/sites\/3\/2025\/12\/domingo-29_2025-12-23_22-00-00-1024x576.webp?resize=1024%2C576&#038;ssl=1\" alt=\"Delegado Oswaldo Jos\u00e9 da Silva - Foto: Murilo Badessa\/ EPTV.\" class=\"wp-image-140216\" style=\"width:654px\" title=\"'Ela se recusou a voltar para casa e ele decidiu mat\u00e1-la', diz delegado sobre crime contra esposa e enteados 1\" srcset=\"https:\/\/cdn.media-acidadeon.com.br\/ribeiraopreto\/wp-content\/uploads\/sites\/3\/2025\/12\/domingo-29_2025-12-23_22-00-00-1024x576.webp 1024w, https:\/\/cdn.media-acidadeon.com.br\/ribeiraopreto\/wp-content\/uploads\/sites\/3\/2025\/12\/domingo-29_2025-12-23_22-00-00-300x169.webp 300w, https:\/\/cdn.media-acidadeon.com.br\/ribeiraopreto\/wp-content\/uploads\/sites\/3\/2025\/12\/domingo-29_2025-12-23_22-00-00-768x432.webp 768w, https:\/\/cdn.media-acidadeon.com.br\/ribeiraopreto\/wp-content\/uploads\/sites\/3\/2025\/12\/domingo-29_2025-12-23_22-00-00-696x392.webp 696w, https:\/\/cdn.media-acidadeon.com.br\/ribeiraopreto\/wp-content\/uploads\/sites\/3\/2025\/12\/domingo-29_2025-12-23_22-00-00-1068x601.webp 1068w, https:\/\/cdn.media-acidadeon.com.br\/ribeiraopreto\/wp-content\/uploads\/sites\/3\/2025\/12\/domingo-29_2025-12-23_22-00-00.webp 1200w\" sizes=\"(max-width: 1024px) 100vw, 1024px\"\/><figcaption class=\"wp-element-caption\">Delegado Oswaldo Jos\u00e9 da Silva \u2013 Foto: Murilo Badessa\/ EPTV.<\/figcaption><\/figure>\n<\/div>\n<p>Aos policiais, ele disse que usou uma <strong>marreta pequena<\/strong> e um <strong>fac\u00e3o<\/strong>, que foram apreendidos. Em seguida, abriu covas rasas com uma p\u00e1 e enterrou as v\u00edtimas em uma \u00e1rea de mata.<\/p>\n<figure class=\"wp-block-pullquote\">\n<blockquote>\n<p>N\u00f3s vamos fazer o que tem que ser feito. Vamos formalizar os documentos necess\u00e1rios, os documentos processuais necess\u00e1rios, para solicitar ao Judici\u00e1rio a cust\u00f3dia tempor\u00e1ria, a princ\u00edpio, do suspeito da autoria<\/p>\n<p><cite>Oswaldo Jos\u00e9 da Silva<\/cite><\/p><\/blockquote>\n<\/figure>\n<p>O delegado informou ainda que <strong>h\u00e1 ind\u00edcios de envolvimento do filho de Milton no crime<\/strong>, mas que essa participa\u00e7\u00e3o ainda ser\u00e1 apurada ao longo das investiga\u00e7\u00f5es.<\/p>\n<figure class=\"wp-block-gallery has-nested-images columns-default is-cropped wp-block-gallery-1 is-layout-flex wp-block-gallery-is-layout-flex\">\n<figure class=\"wp-block-image size-large\"><img data-recalc-dims=\"1\" loading=\"lazy\" decoding=\"async\" width=\"1024\" height=\"576\" data-id=\"140210\" src=\"https:\/\/i0.wp.com\/cdn.media-acidadeon.com.br\/ribeiraopreto\/wp-content\/uploads\/sites\/3\/2025\/12\/domingo-28_2025-12-23_21-05-51-1024x576.webp?resize=1024%2C576&#038;ssl=1\" alt=\"Milton Gon\u00e7alves Filho, de 48 anos - Foto: reprodu\u00e7\u00e3o\/ EPTV.\" class=\"wp-image-140210\" title=\"'Ela se recusou a voltar para casa e ele decidiu mat\u00e1-la', diz delegado sobre crime contra esposa e enteados 2\" srcset=\"https:\/\/cdn.media-acidadeon.com.br\/ribeiraopreto\/wp-content\/uploads\/sites\/3\/2025\/12\/domingo-28_2025-12-23_21-05-51-1024x576.webp 1024w, https:\/\/cdn.media-acidadeon.com.br\/ribeiraopreto\/wp-content\/uploads\/sites\/3\/2025\/12\/domingo-28_2025-12-23_21-05-51-300x169.webp 300w, https:\/\/cdn.media-acidadeon.com.br\/ribeiraopreto\/wp-content\/uploads\/sites\/3\/2025\/12\/domingo-28_2025-12-23_21-05-51-768x432.webp 768w, https:\/\/cdn.media-acidadeon.com.br\/ribeiraopreto\/wp-content\/uploads\/sites\/3\/2025\/12\/domingo-28_2025-12-23_21-05-51-696x392.webp 696w, https:\/\/cdn.media-acidadeon.com.br\/ribeiraopreto\/wp-content\/uploads\/sites\/3\/2025\/12\/domingo-28_2025-12-23_21-05-51-1068x601.webp 1068w, https:\/\/cdn.media-acidadeon.com.br\/ribeiraopreto\/wp-content\/uploads\/sites\/3\/2025\/12\/domingo-28_2025-12-23_21-05-51.webp 1200w\" sizes=\"auto, (max-width: 1024px) 100vw, 1024px\"\/><figcaption class=\"wp-element-caption\">Milton Gon\u00e7alves Filho, de 48 anos \u2013 Foto: reprodu\u00e7\u00e3o\/ EPTV.<\/figcaption><\/figure>\n<figure class=\"wp-block-image size-large\"><img data-recalc-dims=\"1\" loading=\"lazy\" decoding=\"async\" width=\"1024\" height=\"768\" data-id=\"140212\" src=\"https:\/\/i0.wp.com\/cdn.media-acidadeon.com.br\/ribeiraopreto\/wp-content\/uploads\/sites\/3\/2025\/12\/WhatsApp-Image-2025-12-23-at-18.15.42_2025-12-23_21-16-23-1024x768.webp?resize=1024%2C768&#038;ssl=1\" alt=\"Marido teria utilizado um fac\u00e3o e uma marreta para cometer o crime - Foto: Murilo Badessa\/ EPTV.\" class=\"wp-image-140212\" title=\"'Ela se recusou a voltar para casa e ele decidiu mat\u00e1-la', diz delegado sobre crime contra esposa e enteados 3\" srcset=\"https:\/\/cdn.media-acidadeon.com.br\/ribeiraopreto\/wp-content\/uploads\/sites\/3\/2025\/12\/WhatsApp-Image-2025-12-23-at-18.15.42_2025-12-23_21-16-23-1024x768.webp 1024w, https:\/\/cdn.media-acidadeon.com.br\/ribeiraopreto\/wp-content\/uploads\/sites\/3\/2025\/12\/WhatsApp-Image-2025-12-23-at-18.15.42_2025-12-23_21-16-23-300x225.webp 300w, https:\/\/cdn.media-acidadeon.com.br\/ribeiraopreto\/wp-content\/uploads\/sites\/3\/2025\/12\/WhatsApp-Image-2025-12-23-at-18.15.42_2025-12-23_21-16-23-768x576.webp 768w, https:\/\/cdn.media-acidadeon.com.br\/ribeiraopreto\/wp-content\/uploads\/sites\/3\/2025\/12\/WhatsApp-Image-2025-12-23-at-18.15.42_2025-12-23_21-16-23-696x522.webp 696w, https:\/\/cdn.media-acidadeon.com.br\/ribeiraopreto\/wp-content\/uploads\/sites\/3\/2025\/12\/WhatsApp-Image-2025-12-23-at-18.15.42_2025-12-23_21-16-23-1068x801.webp 1068w, https:\/\/cdn.media-acidadeon.com.br\/ribeiraopreto\/wp-content\/uploads\/sites\/3\/2025\/12\/WhatsApp-Image-2025-12-23-at-18.15.42_2025-12-23_21-16-23.webp 1200w\" sizes=\"auto, (max-width: 1024px) 100vw, 1024px\"\/><figcaption class=\"wp-element-caption\">Marido teria utilizado um fac\u00e3o e uma marreta para cometer o crime \u2013 Foto: Murilo Badessa\/ EPTV.<\/figcaption><\/figure>\n<figure class=\"wp-block-image size-large\"><img data-recalc-dims=\"1\" loading=\"lazy\" decoding=\"async\" width=\"1024\" height=\"576\" data-id=\"140143\" src=\"https:\/\/i0.wp.com\/cdn.media-acidadeon.com.br\/ribeiraopreto\/wp-content\/uploads\/sites\/3\/2025\/12\/domingo-25_2025-12-22_23-19-55-1024x576.webp?resize=1024%2C576&#038;ssl=1\" alt=\"de Sabrina de Almeida Lima, de 27 anos, desapareceu com os tr\u00eas filhos - Foto: reprodu\u00e7\u00e3o\/ redes sociais.\" class=\"wp-image-140143\" title=\"'Ela se recusou a voltar para casa e ele decidiu mat\u00e1-la', diz delegado sobre crime contra esposa e enteados 4\" srcset=\"https:\/\/cdn.media-acidadeon.com.br\/ribeiraopreto\/wp-content\/uploads\/sites\/3\/2025\/12\/domingo-25_2025-12-22_23-19-55-1024x576.webp 1024w, https:\/\/cdn.media-acidadeon.com.br\/ribeiraopreto\/wp-content\/uploads\/sites\/3\/2025\/12\/domingo-25_2025-12-22_23-19-55-300x169.webp 300w, https:\/\/cdn.media-acidadeon.com.br\/ribeiraopreto\/wp-content\/uploads\/sites\/3\/2025\/12\/domingo-25_2025-12-22_23-19-55-768x432.webp 768w, https:\/\/cdn.media-acidadeon.com.br\/ribeiraopreto\/wp-content\/uploads\/sites\/3\/2025\/12\/domingo-25_2025-12-22_23-19-55-696x392.webp 696w, https:\/\/cdn.media-acidadeon.com.br\/ribeiraopreto\/wp-content\/uploads\/sites\/3\/2025\/12\/domingo-25_2025-12-22_23-19-55-1068x601.webp 1068w, https:\/\/cdn.media-acidadeon.com.br\/ribeiraopreto\/wp-content\/uploads\/sites\/3\/2025\/12\/domingo-25_2025-12-22_23-19-55.webp 1200w\" sizes=\"auto, (max-width: 1024px) 100vw, 1024px\"\/><figcaption class=\"wp-element-caption\">de Sabrina de Almeida Lima, de 27 anos, desapareceu com os tr\u00eas filhos \u2013 Foto: reprodu\u00e7\u00e3o\/ redes sociais.<\/figcaption><\/figure>\n<\/figure>\n<hr class=\"wp-block-separator has-alpha-channel-opacity\"\/>\n<p>SAIBA MAIS<\/p>\n<p>Onda de calor coloca interior de SP em alerta at\u00e9 o Natal; Veja regi\u00f5es afetadas<\/p>\n<h2 class=\"wp-block-heading\"><strong>FIQUE ON<\/strong><\/h2>\n<p>Fique ligado em tudo que acontece em Ribeir\u00e3o Preto e regi\u00e3o. Siga os perfis do\u00a0<strong>acidade on\u00a0<\/strong>no<a href=\"https:\/\/www.instagram.com\/acidadeonribeirao\" target=\"_blank\" rel=\"noreferrer noopener\">\u00a0Instagram<\/a>\u00a0e no<a href=\"https:\/\/www.facebook.com\/acidadeonribeirao\/\" target=\"_blank\" rel=\"noreferrer noopener\">\u00a0Facebook<\/a>.<\/p>\n<p>Receba not\u00edcias do\u00a0<strong>acidade on<\/strong>\u00a0no WhatsApp. Para entrar no grupo,\u00a0basta<a href=\"https:\/\/chat.whatsapp.com\/GFH9HUMUTHNFJdnyEd0xxq\" target=\"_blank\" rel=\"noreferrer noopener\">\u00a0clicar aqui<\/a>. Ou, acesse o nosso\u00a0Canal\u00a0<a href=\"https:\/\/whatsapp.com\/channel\/0029Vb6IQl1JENyAeS57fk2p\" target=\"_blank\" rel=\"noreferrer noopener\">clicando aqui<\/a>.<\/p>\n<p>Fa\u00e7a uma den\u00fancia ou sugira uma reportagem sobre Ribeir\u00e3o Preto e regi\u00e3o pelo WhatsApp: 16 99117 7802.<\/p>\n<p>VEJA TAMB\u00c9M<\/p>\n<p>Qual o significado de Palo, nome do primeiro filho de Mariana Rios?<\/p>\n<p><!-- AI CONTENT END 1 -->\n<\/div>\n<p><script async src=\"\/\/www.instagram.com\/embed.js\"><\/script><br \/>\n<br \/><br \/>\n<br \/><a href=\"https:\/\/www.acidadeon.com\/ribeiraopreto\/cotidiano\/ela-deve-ter-se-recusado-a-voltar-para-casa-e-ele-decidiu-matar-ela-diz-delegado-sobre-marido-que-matou-esposa-e-enteados\/\">Source link <\/a><\/p>\n<!-- CONTENT END 1 -->\n","protected":false},"excerpt":{"rendered":"<p>Em depoimento a Pol\u00edcia Civil, Milton Gon\u00e7alves Filho, de 48 anos, confessou ter matado a esposa e os tr\u00eas enteados ap\u00f3s ser ouvido novamente na&#8230;<\/p>\n","protected":false},"author":1,"featured_media":81104,"comment_status":"open","ping_status":"open","sticky":false,"template":"","format":"standard","meta":{"advanced_seo_description":"","jetpack_seo_html_title":"","jetpack_seo_noindex":false,"jetpack_post_was_ever_published":false,"_jetpack_newsletter_access":"","_jetpack_dont_email_post_to_subs":false,"_jetpack_newsletter_tier_id":0,"_jetpack_memberships_contains_paywalled_content":false,"_jetpack_memberships_contains_paid_content":false,"footnotes":"","jetpack_publicize_message":"","jetpack_publicize_feature_enabled":true,"jetpack_social_post_already_shared":true,"jetpack_social_options":{"image_generator_settings":{"template":"highway","default_image_id":0,"font":"","enabled":false},"version":2}},"categories":[11],"tags":[],"class_list":["post-81103","post","type-post","status-publish","format-standard","has-post-thumbnail","hentry","category-noticias-de-ribeirao-preto-sp-e-regiao-ismael-colosi"],"jetpack_publicize_connections":[],"jetpack_featured_media_url":"https:\/\/i0.wp.com\/noticiasribeiraopreto.com.br\/wp-content\/uploads\/2025\/12\/domingo-30_2025-12-23_22-06-50.webp.webp?fit=1200%2C675&ssl=1","jetpack-related-posts":[{"id":51209,"url":"https:\/\/noticiasribeiraopreto.com.br\/index.php\/2024\/05\/24\/suspeito-de-matar-homem-apos-ser-atraido-para-encontro-e-preso-na-regiao-de-ribeirao\/","url_meta":{"origin":81103,"position":0},"title":"Suspeito de matar homem ap\u00f3s ser atra\u00eddo para encontro \u00e9 preso na regi\u00e3o de Ribeir\u00e3o","author":"noticiasribeiraopreto.com.br","date":"24 de May de 2024","format":false,"excerpt":"O homem suspeito de matar Elias Vicente da Silva, de 57 anos, na tarde desta ter\u00e7a-feira (21), em Bebedouro, cidade na regi\u00e3o de Ribeir\u00e3o Preto, se apresentou a pol\u00edcia e confessou o crime nesta quinta-feira (23). De acordo com o delegado, Jo\u00e3o Vitor Silv\u00e9rio, a pris\u00e3o preventiva de Igor da\u2026","rel":"","context":"In &quot;Not\u00edcias de Ribeir\u00e3o Preto-SP e Regi\u00e3o&quot;","block_context":{"text":"Not\u00edcias de Ribeir\u00e3o Preto-SP e Regi\u00e3o","link":"https:\/\/noticiasribeiraopreto.com.br\/index.php\/category\/noticias-de-ribeirao-preto-sp-e-regiao-ismael-colosi\/"},"img":{"alt_text":"","src":"https:\/\/i0.wp.com\/noticiasribeiraopreto.com.br\/wp-content\/uploads\/2024\/05\/Copia-de-Copia-de-TAMANHO-EXATO-PARA-FOTOS-NO-SISTEMA-NOVO-51_2024-05-23_18-08-22_png_2024-05-23_18-08-23.webp.webp?fit=1200%2C675&ssl=1&resize=350%2C200","width":350,"height":200,"srcset":"https:\/\/i0.wp.com\/noticiasribeiraopreto.com.br\/wp-content\/uploads\/2024\/05\/Copia-de-Copia-de-TAMANHO-EXATO-PARA-FOTOS-NO-SISTEMA-NOVO-51_2024-05-23_18-08-22_png_2024-05-23_18-08-23.webp.webp?fit=1200%2C675&ssl=1&resize=350%2C200 1x, https:\/\/i0.wp.com\/noticiasribeiraopreto.com.br\/wp-content\/uploads\/2024\/05\/Copia-de-Copia-de-TAMANHO-EXATO-PARA-FOTOS-NO-SISTEMA-NOVO-51_2024-05-23_18-08-22_png_2024-05-23_18-08-23.webp.webp?fit=1200%2C675&ssl=1&resize=525%2C300 1.5x, https:\/\/i0.wp.com\/noticiasribeiraopreto.com.br\/wp-content\/uploads\/2024\/05\/Copia-de-Copia-de-TAMANHO-EXATO-PARA-FOTOS-NO-SISTEMA-NOVO-51_2024-05-23_18-08-22_png_2024-05-23_18-08-23.webp.webp?fit=1200%2C675&ssl=1&resize=700%2C400 2x, https:\/\/i0.wp.com\/noticiasribeiraopreto.com.br\/wp-content\/uploads\/2024\/05\/Copia-de-Copia-de-TAMANHO-EXATO-PARA-FOTOS-NO-SISTEMA-NOVO-51_2024-05-23_18-08-22_png_2024-05-23_18-08-23.webp.webp?fit=1200%2C675&ssl=1&resize=1050%2C600 3x"},"classes":[]},{"id":73994,"url":"https:\/\/noticiasribeiraopreto.com.br\/index.php\/2025\/07\/14\/delegado-revela-detalhes-de-crime-contra-ex-prefeito-na-regiao-de-ribeirao-preto\/","url_meta":{"origin":81103,"position":1},"title":"Delegado revela detalhes de crime contra ex-prefeito na regi\u00e3o de Ribeir\u00e3o Preto","author":"noticiasribeiraopreto.com.br","date":"14 de July de 2025","format":false,"excerpt":"O delegado Claudemir Aparecido Pereira da Silva, respons\u00e1vel pela investiga\u00e7\u00e3o sobre a morte do ex-prefeito de Taquaritinga Vanderlei Jos\u00e9 Marsico, deu detalhes sobre o crime durante uma coletiva de imprensa na manh\u00e3 desta segunda-feira (14), com base nas declara\u00e7\u00f5es do \u00fanico suspeito detido at\u00e9 agora. O jovem apreendido tem 17\u2026","rel":"","context":"In &quot;Not\u00edcias de Ribeir\u00e3o Preto-SP e Regi\u00e3o&quot;","block_context":{"text":"Not\u00edcias de Ribeir\u00e3o Preto-SP e Regi\u00e3o","link":"https:\/\/noticiasribeiraopreto.com.br\/index.php\/category\/noticias-de-ribeirao-preto-sp-e-regiao-ismael-colosi\/"},"img":{"alt_text":"","src":"https:\/\/i0.wp.com\/noticiasribeiraopreto.com.br\/wp-content\/uploads\/2025\/07\/vanderlei_2025-07-10_13-02-22.webp.webp?fit=1200%2C731&ssl=1&resize=350%2C200","width":350,"height":200,"srcset":"https:\/\/i0.wp.com\/noticiasribeiraopreto.com.br\/wp-content\/uploads\/2025\/07\/vanderlei_2025-07-10_13-02-22.webp.webp?fit=1200%2C731&ssl=1&resize=350%2C200 1x, https:\/\/i0.wp.com\/noticiasribeiraopreto.com.br\/wp-content\/uploads\/2025\/07\/vanderlei_2025-07-10_13-02-22.webp.webp?fit=1200%2C731&ssl=1&resize=525%2C300 1.5x, https:\/\/i0.wp.com\/noticiasribeiraopreto.com.br\/wp-content\/uploads\/2025\/07\/vanderlei_2025-07-10_13-02-22.webp.webp?fit=1200%2C731&ssl=1&resize=700%2C400 2x, https:\/\/i0.wp.com\/noticiasribeiraopreto.com.br\/wp-content\/uploads\/2025\/07\/vanderlei_2025-07-10_13-02-22.webp.webp?fit=1200%2C731&ssl=1&resize=1050%2C600 3x"},"classes":[]},{"id":75554,"url":"https:\/\/noticiasribeiraopreto.com.br\/index.php\/2025\/08\/11\/saiba-o-que-disse-radialista-preso-por-matar-jovem-em-ribeirao-preto\/","url_meta":{"origin":81103,"position":2},"title":"Saiba o que disse radialista preso por matar jovem em Ribeir\u00e3o Preto","author":"noticiasribeiraopreto.com.br","date":"11 de August de 2025","format":false,"excerpt":"O radialista Rodrigo C\u00e9sar Mucci, conhecido como Rodrigo Totti, de 48 anos, confessou ter matado Karina Cristina Queiroz, de 22 anos, em Ribeir\u00e3o Preto. Preso nesta segunda-feira (11), ele afirmou \u00e0 Pol\u00edcia Civil que atirou na v\u00edtima ap\u00f3s ser amea\u00e7ado de ter um encontro revelado para sua esposa. Segundo o\u2026","rel":"","context":"In &quot;Not\u00edcias de Ribeir\u00e3o Preto-SP e Regi\u00e3o&quot;","block_context":{"text":"Not\u00edcias de Ribeir\u00e3o Preto-SP e Regi\u00e3o","link":"https:\/\/noticiasribeiraopreto.com.br\/index.php\/category\/noticias-de-ribeirao-preto-sp-e-regiao-ismael-colosi\/"},"img":{"alt_text":"","src":"https:\/\/i0.wp.com\/noticiasribeiraopreto.com.br\/wp-content\/uploads\/2025\/08\/Copia-de-Copia-de-Copia-de-TAMANHO-EXATO-PARA-FOTOS-NO-SISTEMA-NOVO-2025-08-11T140016.289_2025-08-11_17-00-29.webp.webp?fit=1200%2C675&ssl=1&resize=350%2C200","width":350,"height":200,"srcset":"https:\/\/i0.wp.com\/noticiasribeiraopreto.com.br\/wp-content\/uploads\/2025\/08\/Copia-de-Copia-de-Copia-de-TAMANHO-EXATO-PARA-FOTOS-NO-SISTEMA-NOVO-2025-08-11T140016.289_2025-08-11_17-00-29.webp.webp?fit=1200%2C675&ssl=1&resize=350%2C200 1x, https:\/\/i0.wp.com\/noticiasribeiraopreto.com.br\/wp-content\/uploads\/2025\/08\/Copia-de-Copia-de-Copia-de-TAMANHO-EXATO-PARA-FOTOS-NO-SISTEMA-NOVO-2025-08-11T140016.289_2025-08-11_17-00-29.webp.webp?fit=1200%2C675&ssl=1&resize=525%2C300 1.5x, https:\/\/i0.wp.com\/noticiasribeiraopreto.com.br\/wp-content\/uploads\/2025\/08\/Copia-de-Copia-de-Copia-de-TAMANHO-EXATO-PARA-FOTOS-NO-SISTEMA-NOVO-2025-08-11T140016.289_2025-08-11_17-00-29.webp.webp?fit=1200%2C675&ssl=1&resize=700%2C400 2x, https:\/\/i0.wp.com\/noticiasribeiraopreto.com.br\/wp-content\/uploads\/2025\/08\/Copia-de-Copia-de-Copia-de-TAMANHO-EXATO-PARA-FOTOS-NO-SISTEMA-NOVO-2025-08-11T140016.289_2025-08-11_17-00-29.webp.webp?fit=1200%2C675&ssl=1&resize=1050%2C600 3x"},"classes":[]},{"id":58600,"url":"https:\/\/noticiasribeiraopreto.com.br\/index.php\/2024\/10\/01\/homem-e-preso-suspeito-de-envolvimento-no-desaparecimento-da-ex-companheira-na-regiao-de-ribeirao\/","url_meta":{"origin":81103,"position":3},"title":"Homem \u00e9 preso suspeito de envolvimento no desaparecimento da ex-companheira na regi\u00e3o de Ribeir\u00e3o","author":"noticiasribeiraopreto.com.br","date":"1 de October de 2024","format":false,"excerpt":"Um homem de 49 anos foi preso nesta ter\u00e7a-feira (1\u00ba), pela suspeita de envolvimento no desaparecimento da ex-companheira, em Igarapava, cidade na regi\u00e3o de Ribeir\u00e3o Preto. Maria de F\u00e1tima Batista Silva, de 31 anos, foi vista pela \u00faltima vez na quinta-feira (26), quando foi at\u00e9 a casa de Cleber Baldu\u00edno\u2026","rel":"","context":"In &quot;Not\u00edcias de Ribeir\u00e3o Preto-SP e Regi\u00e3o&quot;","block_context":{"text":"Not\u00edcias de Ribeir\u00e3o Preto-SP e Regi\u00e3o","link":"https:\/\/noticiasribeiraopreto.com.br\/index.php\/category\/noticias-de-ribeirao-preto-sp-e-regiao-ismael-colosi\/"},"img":{"alt_text":"","src":"https:\/\/i0.wp.com\/noticiasribeiraopreto.com.br\/wp-content\/uploads\/2024\/10\/Copia-de-Copia-de-Copia-de-TAMANHO-EXATO-PARA-FOTOS-NO-SISTEMA-NOVO-85_2024-10-01_22-50-15_png_2024-10-01_22-50-15.webp.webp?fit=1200%2C675&ssl=1&resize=350%2C200","width":350,"height":200,"srcset":"https:\/\/i0.wp.com\/noticiasribeiraopreto.com.br\/wp-content\/uploads\/2024\/10\/Copia-de-Copia-de-Copia-de-TAMANHO-EXATO-PARA-FOTOS-NO-SISTEMA-NOVO-85_2024-10-01_22-50-15_png_2024-10-01_22-50-15.webp.webp?fit=1200%2C675&ssl=1&resize=350%2C200 1x, https:\/\/i0.wp.com\/noticiasribeiraopreto.com.br\/wp-content\/uploads\/2024\/10\/Copia-de-Copia-de-Copia-de-TAMANHO-EXATO-PARA-FOTOS-NO-SISTEMA-NOVO-85_2024-10-01_22-50-15_png_2024-10-01_22-50-15.webp.webp?fit=1200%2C675&ssl=1&resize=525%2C300 1.5x, https:\/\/i0.wp.com\/noticiasribeiraopreto.com.br\/wp-content\/uploads\/2024\/10\/Copia-de-Copia-de-Copia-de-TAMANHO-EXATO-PARA-FOTOS-NO-SISTEMA-NOVO-85_2024-10-01_22-50-15_png_2024-10-01_22-50-15.webp.webp?fit=1200%2C675&ssl=1&resize=700%2C400 2x, https:\/\/i0.wp.com\/noticiasribeiraopreto.com.br\/wp-content\/uploads\/2024\/10\/Copia-de-Copia-de-Copia-de-TAMANHO-EXATO-PARA-FOTOS-NO-SISTEMA-NOVO-85_2024-10-01_22-50-15_png_2024-10-01_22-50-15.webp.webp?fit=1200%2C675&ssl=1&resize=1050%2C600 3x"},"classes":[]},{"id":53028,"url":"https:\/\/noticiasribeiraopreto.com.br\/index.php\/2024\/06\/15\/idosa-e-socorrida-apos-ter-corpo-queimado-na-regiao-de-ribeirao-principal-suspeito-e-o-ex-marido\/","url_meta":{"origin":81103,"position":4},"title":"Idosa \u00e9 socorrida ap\u00f3s ter corpo queimado na regi\u00e3o de Ribeir\u00e3o; Principal suspeito \u00e9 o ex-marido","author":"noticiasribeiraopreto.com.br","date":"15 de June de 2024","format":false,"excerpt":"Uma mulher de 64 anos foi socorrida ap\u00f3s ter o corpo queimado nesta quinta-feira (14), em Pontal, munic\u00edpio a aproximadamente 38 quil\u00f4metros de Ribeir\u00e3o Preto. O ex-marido da idosa \u00e9 o principal suspeito de ter ateado fogo nela. De acordo com o boletim de ocorr\u00eancia registrado, um vizinho da v\u00edtima\u2026","rel":"","context":"In &quot;Not\u00edcias de Ribeir\u00e3o Preto-SP e Regi\u00e3o&quot;","block_context":{"text":"Not\u00edcias de Ribeir\u00e3o Preto-SP e Regi\u00e3o","link":"https:\/\/noticiasribeiraopreto.com.br\/index.php\/category\/noticias-de-ribeirao-preto-sp-e-regiao-ismael-colosi\/"},"img":{"alt_text":"","src":"https:\/\/i0.wp.com\/noticiasribeiraopreto.com.br\/wp-content\/uploads\/2024\/06\/Copia-de-Copia-de-TAMANHO-EXATO-PARA-FOTOS-NO-SISTEMA-NOVO-79_2024-06-14_18-01-11_png_2024-06-14_18-01-12.webp.webp?fit=1200%2C675&ssl=1&resize=350%2C200","width":350,"height":200,"srcset":"https:\/\/i0.wp.com\/noticiasribeiraopreto.com.br\/wp-content\/uploads\/2024\/06\/Copia-de-Copia-de-TAMANHO-EXATO-PARA-FOTOS-NO-SISTEMA-NOVO-79_2024-06-14_18-01-11_png_2024-06-14_18-01-12.webp.webp?fit=1200%2C675&ssl=1&resize=350%2C200 1x, https:\/\/i0.wp.com\/noticiasribeiraopreto.com.br\/wp-content\/uploads\/2024\/06\/Copia-de-Copia-de-TAMANHO-EXATO-PARA-FOTOS-NO-SISTEMA-NOVO-79_2024-06-14_18-01-11_png_2024-06-14_18-01-12.webp.webp?fit=1200%2C675&ssl=1&resize=525%2C300 1.5x, https:\/\/i0.wp.com\/noticiasribeiraopreto.com.br\/wp-content\/uploads\/2024\/06\/Copia-de-Copia-de-TAMANHO-EXATO-PARA-FOTOS-NO-SISTEMA-NOVO-79_2024-06-14_18-01-11_png_2024-06-14_18-01-12.webp.webp?fit=1200%2C675&ssl=1&resize=700%2C400 2x, https:\/\/i0.wp.com\/noticiasribeiraopreto.com.br\/wp-content\/uploads\/2024\/06\/Copia-de-Copia-de-TAMANHO-EXATO-PARA-FOTOS-NO-SISTEMA-NOVO-79_2024-06-14_18-01-11_png_2024-06-14_18-01-12.webp.webp?fit=1200%2C675&ssl=1&resize=1050%2C600 3x"},"classes":[]},{"id":41244,"url":"https:\/\/noticiasribeiraopreto.com.br\/index.php\/2024\/03\/07\/passional-mulher-admite-ter-matado-namorado\/","url_meta":{"origin":81103,"position":5},"title":"Passional: Mulher admite ter matado namorado","author":"noticiasribeiraopreto.com.br","date":"7 de March de 2024","format":false,"excerpt":"Brenda Caroline Pereira Xavier, de 29 anos, confessou ter matado o namorado, o corretor de im\u00f3veis Carlos Felipe Camargo da Silva, da mesma idade, mas diz que agiu em leg\u00edtima defesa 7 de mar\u00e7o de 2024 | 10:00 2Acompanhada do advogado Alexandre Durante, a vendedora Brenda Caroline Pereira Xavier, de\u2026","rel":"","context":"In &quot;Not\u00edcias de Ribeir\u00e3o Preto-SP e Regi\u00e3o&quot;","block_context":{"text":"Not\u00edcias de Ribeir\u00e3o Preto-SP e Regi\u00e3o","link":"https:\/\/noticiasribeiraopreto.com.br\/index.php\/category\/noticias-de-ribeirao-preto-sp-e-regiao-ismael-colosi\/"},"img":{"alt_text":"","src":"https:\/\/i0.wp.com\/noticiasribeiraopreto.com.br\/wp-content\/uploads\/2024\/03\/00-07-mar-2024-re-confessa-corretor-01-foto-risk-junior-e-redes-sociais-scaled.jpg?fit=967%2C645&ssl=1&resize=350%2C200","width":350,"height":200,"srcset":"https:\/\/i0.wp.com\/noticiasribeiraopreto.com.br\/wp-content\/uploads\/2024\/03\/00-07-mar-2024-re-confessa-corretor-01-foto-risk-junior-e-redes-sociais-scaled.jpg?fit=967%2C645&ssl=1&resize=350%2C200 1x, https:\/\/i0.wp.com\/noticiasribeiraopreto.com.br\/wp-content\/uploads\/2024\/03\/00-07-mar-2024-re-confessa-corretor-01-foto-risk-junior-e-redes-sociais-scaled.jpg?fit=967%2C645&ssl=1&resize=525%2C300 1.5x, https:\/\/i0.wp.com\/noticiasribeiraopreto.com.br\/wp-content\/uploads\/2024\/03\/00-07-mar-2024-re-confessa-corretor-01-foto-risk-junior-e-redes-sociais-scaled.jpg?fit=967%2C645&ssl=1&resize=700%2C400 2x"},"classes":[]}],"jetpack_sharing_enabled":true,"jetpack_shortlink":"https:\/\/wp.me\/peQAOb-l67","_links":{"self":[{"href":"https:\/\/noticiasribeiraopreto.com.br\/index.php\/wp-json\/wp\/v2\/posts\/81103","targetHints":{"allow":["GET"]}}],"collection":[{"href":"https:\/\/noticiasribeiraopreto.com.br\/index.php\/wp-json\/wp\/v2\/posts"}],"about":[{"href":"https:\/\/noticiasribeiraopreto.com.br\/index.php\/wp-json\/wp\/v2\/types\/post"}],"author":[{"embeddable":true,"href":"https:\/\/noticiasribeiraopreto.com.br\/index.php\/wp-json\/wp\/v2\/users\/1"}],"replies":[{"embeddable":true,"href":"https:\/\/noticiasribeiraopreto.com.br\/index.php\/wp-json\/wp\/v2\/comments?post=81103"}],"version-history":[{"count":0,"href":"https:\/\/noticiasribeiraopreto.com.br\/index.php\/wp-json\/wp\/v2\/posts\/81103\/revisions"}],"wp:featuredmedia":[{"embeddable":true,"href":"https:\/\/noticiasribeiraopreto.com.br\/index.php\/wp-json\/wp\/v2\/media\/81104"}],"wp:attachment":[{"href":"https:\/\/noticiasribeiraopreto.com.br\/index.php\/wp-json\/wp\/v2\/media?parent=81103"}],"wp:term":[{"taxonomy":"category","embeddable":true,"href":"https:\/\/noticiasribeiraopreto.com.br\/index.php\/wp-json\/wp\/v2\/categories?post=81103"},{"taxonomy":"post_tag","embeddable":true,"href":"https:\/\/noticiasribeiraopreto.com.br\/index.php\/wp-json\/wp\/v2\/tags?post=81103"}],"curies":[{"name":"wp","href":"https:\/\/api.w.org\/{rel}","templated":true}]}}