{"id":81107,"date":"2025-12-24T06:49:29","date_gmt":"2025-12-24T09:49:29","guid":{"rendered":"https:\/\/noticiasribeiraopreto.com.br\/index.php\/2025\/12\/24\/marido-confessa-ter-matado-esposa-e-os-tres-filhos-dela-na-regiao-de-ribeirao-preto\/"},"modified":"2025-12-24T06:49:29","modified_gmt":"2025-12-24T09:49:29","slug":"marido-confessa-ter-matado-esposa-e-os-tres-filhos-dela-na-regiao-de-ribeirao-preto","status":"publish","type":"post","link":"https:\/\/noticiasribeiraopreto.com.br\/index.php\/2025\/12\/24\/marido-confessa-ter-matado-esposa-e-os-tres-filhos-dela-na-regiao-de-ribeirao-preto\/","title":{"rendered":"Marido confessa ter matado esposa e os tr\u00eas filhos dela na regi\u00e3o de Ribeir\u00e3o Preto"},"content":{"rendered":"<div class='code-block code-block-1' style='margin: 8px 0 8px auto; text-align: right; display: block; clear: both;'>\n<p><a href=\"https:\/\/wa.link\/vpicfd\"><img data-recalc-dims=\"1\" class=\"wp-image-4922\" style=\"aspect-ratio: 2.0253164556962027; width: 561px; height: auto;\" src=\"https:\/\/i0.wp.com\/ismaelcolosi.com.br\/wp-content\/uploads\/2023\/11\/grupo-de-empregos-whatsapp-e-facebook-ismael-colosi-vagas.jpg?ssl=1\" alt=\"\" \/><\/a><\/p>\n<!-- \/wp:image -->\n<\/div>\n<p> <br \/>\n<\/p>\n<p>Milton Gon\u00e7alves Filho, de 48 anos, confessou \u00e0 <strong>Pol\u00edcia Civil<\/strong>, nesta ter\u00e7a-feira (23), ter matado a esposa, <strong>Sabrina Aparecida de Almeida Lima<\/strong>, de 27 anos, e os <strong>tr\u00eas filhos dela<\/strong>, em <strong>Jaboticabal<\/strong>, na <strong>regi\u00e3o de Ribeir\u00e3o Preto<\/strong>.<\/p>\n<p>Conforme apura\u00e7\u00e3o da <strong>EPTV<\/strong>, os corpos foram deixados todos no mesmo local. Milton teria utilizado uma <strong>marreta <\/strong>e um <strong>fac\u00e3o <\/strong>para cometer os crimes. Os dois objetos foram apreendidos pelas autoridades.<\/p>\n<p>Segundo a pol\u00edcia, o registro do desaparecimento foi feito no s\u00e1bado (20), e as buscas come\u00e7aram no domingo (21), contudo, <mark style=\"background-color:#fcb900\" class=\"has-inline-color\">a fam\u00edlia n\u00e3o era vista desde a \u00faltima quinta-feira (18).<\/mark><\/p>\n<p>Na tarde desta segunda-feira (22), <strong>Milton <\/strong>chegou a prestar depoimento e foi liberado pela pol\u00edcia. Em entrevista \u00e0 <strong>EPTV<\/strong>, ele afirmou que a mulher seria usu\u00e1ria de droga e teria manifestado a inten\u00e7\u00e3o de sair de casa dias antes do desaparecimento.<\/p>\n<p>De acordo com o relato do homem, na noite da \u00faltima quinta-feira (18), enquanto ele tomava banho, ouviu\u00a0<strong>Sabrina\u00a0<\/strong>chamar as crian\u00e7as, <strong>Eduardo Felipe Lima dos Santos<\/strong>, de 10 anos,\u00a0<strong>Victor Hugo Lima dos Santos<\/strong>, de 8 anos, e\u00a0<strong>Luiz Henrique Lima dos Santos<\/strong>, de 6 anos, para \u201cdar uma volta\u201d. A defesa de Milton Gon\u00e7alves Filho n\u00e3o foi localizada. <\/p>\n<figure class=\"wp-block-gallery has-nested-images columns-default is-cropped wp-block-gallery-2 is-layout-flex wp-block-gallery-is-layout-flex\">\n<figure class=\"wp-block-image size-large\"><img data-recalc-dims=\"1\" decoding=\"async\" loading=\"lazy\" width=\"1024\" height=\"768\" data-id=\"140212\" src=\"https:\/\/i0.wp.com\/cdn.media-acidadeon.com.br\/ribeiraopreto\/wp-content\/uploads\/sites\/3\/2025\/12\/WhatsApp-Image-2025-12-23-at-18.15.42_2025-12-23_21-16-23-1024x768.webp?resize=1024%2C768&#038;ssl=1\" alt=\"Marido teria utilizado um fac\u00e3o e uma marreta para cometer o crime - Foto: Murilo Badessa\/ EPTV.\" class=\"wp-image-140212\" title=\"Marido confessa ter matado esposa e os tr\u00eas filhos dela na regi\u00e3o de Ribeir\u00e3o Preto 8\" \/><figcaption class=\"wp-element-caption\">Marido teria utilizado um fac\u00e3o e uma marreta para cometer o crime &#8211; Foto: Murilo Badessa\/ EPTV.<\/figcaption><\/figure>\n<figure class=\"wp-block-image size-large\"><img data-recalc-dims=\"1\" decoding=\"async\" loading=\"lazy\" width=\"1024\" height=\"576\" data-id=\"140210\" src=\"https:\/\/i0.wp.com\/cdn.media-acidadeon.com.br\/ribeiraopreto\/wp-content\/uploads\/sites\/3\/2025\/12\/domingo-28_2025-12-23_21-05-51-1024x576.webp?resize=1024%2C576&#038;ssl=1\" alt=\"Milton Gon\u00e7alves Filho, de 48 anos - Foto: reprodu\u00e7\u00e3o\/ EPTV.\" class=\"wp-image-140210\" title=\"Marido confessa ter matado esposa e os tr\u00eas filhos dela na regi\u00e3o de Ribeir\u00e3o Preto 9\" \/><figcaption class=\"wp-element-caption\">Milton Gon\u00e7alves Filho, de 48 anos &#8211; Foto: reprodu\u00e7\u00e3o\/ EPTV.<\/figcaption><\/figure>\n<\/figure>\n<h2 class=\"wp-block-heading\"><strong>Fam\u00edlia contestou a informa\u00e7\u00e3o<\/strong><\/h2>\n<p>A&nbsp;<strong>fam\u00edlia de Sabrina<\/strong>&nbsp;contestou a vers\u00e3o apresentada pelo marido e afirmou que a jovem&nbsp;<strong>estava sem usar drogas havia cerca de dez meses<\/strong>. Os parentes ainda destacaram que&nbsp;<strong>Sabrina&nbsp;<\/strong>mantinha contato frequente e n\u00e3o sairia sem avisar, al\u00e9m de sempre demonstrar cuidado com os filhos.<\/p>\n<figure class=\"wp-block-pullquote\">\n<blockquote>\n<p>Ela jamais sairia para qualquer canto levando os filhos. Apesar do problema passado dela, ela \u00e9 uma excelente m\u00e3e, cuida muito bem dos filhos, as crian\u00e7as s\u00e3o muito bem cuidadas<\/p>\n<p><cite>afirmou Anderson Braz de Almeida<\/cite><\/p><\/blockquote>\n<\/figure>\n<h2 class=\"wp-block-heading\"><strong>O caso<\/strong><\/h2>\n<p>As buscas por&nbsp;<strong>Sabrina Aparecida de Almeida Lima&nbsp;<\/strong>e os tr\u00eas filhos come\u00e7aram no domingo (21), j\u00e1 que a comunica\u00e7\u00e3o do desaparecimento s\u00f3 foi realizada no s\u00e1bado (20). Elas se concentram em uma \u00e1rea de mata pr\u00f3xima a casa onde a fam\u00edlia morava em uma fazenda a cerca de cinco quil\u00f4metros de&nbsp;<strong>Jaboticabal<\/strong>, cidade na&nbsp;<strong>regi\u00e3o de Ribeir\u00e3o Preto<\/strong>.<\/p>\n<p>Equipes da<strong>&nbsp;Pol\u00edcia Militar<\/strong>,&nbsp;<strong>Corpo de Bombeiros<\/strong>,&nbsp;<strong>Samu<\/strong>&nbsp;e um<strong>&nbsp;grupo especializado com c\u00e3o farejador<\/strong>, que veio de S\u00e3o Paulo, participaram da opera\u00e7\u00e3o.&nbsp;<mark style=\"background-color:#fcb900\" class=\"has-inline-color\">Durante as buscas, pe\u00e7as de roupas infantis foram encontradas nas proximidades.<\/mark><\/p>\n<hr class=\"wp-block-separator has-alpha-channel-opacity\" \/>\n<p>SAIBA MAIS<\/p>\n<p>Justi\u00e7a condena poder p\u00fablico por loteamentos irregulares em zona rural na regi\u00e3o de Ribeir\u00e3o<\/p>\n<h2 class=\"wp-block-heading\"><strong>FIQUE ON<\/strong><\/h2>\n<p>Fique ligado em tudo que acontece em Ribeir\u00e3o Preto e regi\u00e3o. Siga os perfis do&nbsp;<strong>acidade on<\/strong>&nbsp;no<a href=\"https:\/\/www.instagram.com\/acidadeonribeirao\" target=\"_blank\" rel=\"noreferrer noopener\">&nbsp;Instagram&nbsp;<\/a>e no&nbsp;<a href=\"https:\/\/www.facebook.com\/acidadeonribeirao\/\" target=\"_blank\" rel=\"noreferrer noopener\">Facebook<\/a>.<\/p>\n<p>Receba not\u00edcias do&nbsp;<strong>acidade on<\/strong>&nbsp;no WhatsApp. Para entrar no grupo,&nbsp;basta&nbsp;<a href=\"https:\/\/chat.whatsapp.com\/GFH9HUMUTHNFJdnyEd0xxq\" target=\"_blank\" rel=\"noreferrer noopener\">clicar aqui<\/a>. Ou, acesse o nosso&nbsp;Canal&nbsp;<a href=\"https:\/\/whatsapp.com\/channel\/0029Vb6IQl1JENyAeS57fk2p\" target=\"_blank\" rel=\"noreferrer noopener\">clicando aqui<\/a>.<\/p>\n<p>Fa\u00e7a uma den\u00fancia ou sugira uma reportagem sobre Ribeir\u00e3o Preto e regi\u00e3o pelo WhatsApp: 16 99117 7802.<\/p>\n<p>VEJA TAMB\u00c9M<\/p>\n<p>Luan no Allianz: saiba que horas abrem as vendas e os valores de ingresso da turn\u00ea<\/p>\n<p><\/p>\n<p>O post Marido confessa ter matado esposa e os tr\u00eas filhos dela na regi\u00e3o de Ribeir\u00e3o Preto apareceu primeiro em ACidade ON Ribeir\u00e3o Preto.<\/p>\n<p><script async src=\"\/\/www.instagram.com\/embed.js\"><\/script><br \/>\n<br \/><br \/>\n<br \/><a href=\"https:\/\/www.acidadeon.com\/ribeiraopreto\/cotidiano\/marido-confessa-ter-matado-esposa-e-os-tres-filhos-dela-na-regiao-de-ribeirao-preto\/\">Source link <\/a><\/p>\n<!-- CONTENT END 1 -->\n","protected":false},"excerpt":{"rendered":"<p>Milton Gon\u00e7alves Filho, de 48 anos, confessou \u00e0 Pol\u00edcia Civil, nesta ter\u00e7a-feira (23), ter matado a esposa, Sabrina Aparecida de Almeida Lima, de 27 anos,&#8230;<\/p>\n","protected":false},"author":1,"featured_media":81108,"comment_status":"open","ping_status":"open","sticky":false,"template":"","format":"standard","meta":{"advanced_seo_description":"","jetpack_seo_html_title":"","jetpack_seo_noindex":false,"jetpack_post_was_ever_published":false,"_jetpack_newsletter_access":"","_jetpack_dont_email_post_to_subs":false,"_jetpack_newsletter_tier_id":0,"_jetpack_memberships_contains_paywalled_content":false,"_jetpack_memberships_contains_paid_content":false,"footnotes":"","jetpack_publicize_message":"","jetpack_publicize_feature_enabled":true,"jetpack_social_post_already_shared":true,"jetpack_social_options":{"image_generator_settings":{"template":"highway","default_image_id":0,"font":"","enabled":false},"version":2}},"categories":[11],"tags":[],"class_list":["post-81107","post","type-post","status-publish","format-standard","has-post-thumbnail","hentry","category-noticias-de-ribeirao-preto-sp-e-regiao-ismael-colosi"],"jetpack_publicize_connections":[],"jetpack_featured_media_url":"https:\/\/i0.wp.com\/noticiasribeiraopreto.com.br\/wp-content\/uploads\/2025\/12\/desaparece-jaboticabal_2025-12-22_14-26-49.webp.webp?fit=1200%2C675&ssl=1","jetpack-related-posts":[{"id":81096,"url":"https:\/\/noticiasribeiraopreto.com.br\/index.php\/2025\/12\/23\/marido-confessa-ter-matado-mulher-e-os-tres-filhos-em-jaboticabal\/","url_meta":{"origin":81107,"position":0},"title":"Marido confessa ter matado mulher e os tr\u00eas filhos em Jaboticabal","author":"noticiasribeiraopreto.com.br","date":"23 de December de 2025","format":false,"excerpt":"\r \r \r 23 de dezembro de 2025 18:3423 de dezembro de 2025 18:36 \r Compartilhar0 Milton Gon\u00e7alves Filho, de 48 anos, foi preso ap\u00f3s confessar \u00e0 Pol\u00edcia Civil, na tarde desta ter\u00e7a-feira (23), que matou a esposa, Sabrina Aparecida de Almeida Lima, de 27 anos, e os tr\u00eas filhos\u2026","rel":"","context":"In &quot;Not\u00edcias de Ribeir\u00e3o Preto-SP e Regi\u00e3o&quot;","block_context":{"text":"Not\u00edcias de Ribeir\u00e3o Preto-SP e Regi\u00e3o","link":"https:\/\/noticiasribeiraopreto.com.br\/index.php\/category\/noticias-de-ribeirao-preto-sp-e-regiao-ismael-colosi\/"},"img":{"alt_text":"","src":"https:\/\/i0.wp.com\/noticiasribeiraopreto.com.br\/wp-content\/uploads\/2025\/12\/1766525801_familia-desaparecida.jpg?fit=800%2C500&ssl=1&resize=350%2C200","width":350,"height":200,"srcset":"https:\/\/i0.wp.com\/noticiasribeiraopreto.com.br\/wp-content\/uploads\/2025\/12\/1766525801_familia-desaparecida.jpg?fit=800%2C500&ssl=1&resize=350%2C200 1x, https:\/\/i0.wp.com\/noticiasribeiraopreto.com.br\/wp-content\/uploads\/2025\/12\/1766525801_familia-desaparecida.jpg?fit=800%2C500&ssl=1&resize=525%2C300 1.5x, https:\/\/i0.wp.com\/noticiasribeiraopreto.com.br\/wp-content\/uploads\/2025\/12\/1766525801_familia-desaparecida.jpg?fit=800%2C500&ssl=1&resize=700%2C400 2x"},"classes":[]},{"id":81103,"url":"https:\/\/noticiasribeiraopreto.com.br\/index.php\/2025\/12\/24\/ela-se-recusou-a-voltar-para-casa-e-ele-decidiu-mata-la-diz-delegado-sobre-crime-contra-esposa-e-enteados\/","url_meta":{"origin":81107,"position":1},"title":"&#8216;Ela se recusou a voltar para casa e ele decidiu mat\u00e1-la&#8217;, diz delegado sobre crime contra esposa e enteados","author":"noticiasribeiraopreto.com.br","date":"24 de December de 2025","format":false,"excerpt":"Em depoimento a Pol\u00edcia Civil, Milton Gon\u00e7alves Filho, de 48 anos, confessou ter matado a esposa e os tr\u00eas enteados ap\u00f3s ser ouvido novamente na delegacia de Jaboticabal, cidade na regi\u00e3o de Ribeir\u00e3o Preto, nesta ter\u00e7a-feira (23). Segundo o delegado Oswaldo Jos\u00e9 da Silva, a v\u00edtima, Sabrina Aparecida de Almeida\u2026","rel":"","context":"In &quot;Not\u00edcias de Ribeir\u00e3o Preto-SP e Regi\u00e3o&quot;","block_context":{"text":"Not\u00edcias de Ribeir\u00e3o Preto-SP e Regi\u00e3o","link":"https:\/\/noticiasribeiraopreto.com.br\/index.php\/category\/noticias-de-ribeirao-preto-sp-e-regiao-ismael-colosi\/"},"img":{"alt_text":"","src":"https:\/\/i0.wp.com\/noticiasribeiraopreto.com.br\/wp-content\/uploads\/2025\/12\/domingo-30_2025-12-23_22-06-50.webp.webp?fit=1200%2C675&ssl=1&resize=350%2C200","width":350,"height":200,"srcset":"https:\/\/i0.wp.com\/noticiasribeiraopreto.com.br\/wp-content\/uploads\/2025\/12\/domingo-30_2025-12-23_22-06-50.webp.webp?fit=1200%2C675&ssl=1&resize=350%2C200 1x, https:\/\/i0.wp.com\/noticiasribeiraopreto.com.br\/wp-content\/uploads\/2025\/12\/domingo-30_2025-12-23_22-06-50.webp.webp?fit=1200%2C675&ssl=1&resize=525%2C300 1.5x, https:\/\/i0.wp.com\/noticiasribeiraopreto.com.br\/wp-content\/uploads\/2025\/12\/domingo-30_2025-12-23_22-06-50.webp.webp?fit=1200%2C675&ssl=1&resize=700%2C400 2x, https:\/\/i0.wp.com\/noticiasribeiraopreto.com.br\/wp-content\/uploads\/2025\/12\/domingo-30_2025-12-23_22-06-50.webp.webp?fit=1200%2C675&ssl=1&resize=1050%2C600 3x"},"classes":[]},{"id":81141,"url":"https:\/\/noticiasribeiraopreto.com.br\/index.php\/2025\/12\/25\/caseiro-que-matou-mulher-e-tres-criancas-tambem-confessou-morte-de-ex-companheira\/","url_meta":{"origin":81107,"position":2},"title":"Caseiro que matou mulher e tr\u00eas crian\u00e7as tamb\u00e9m confessou morte de ex-companheira","author":"noticiasribeiraopreto.com.br","date":"25 de December de 2025","format":false,"excerpt":"O caseiro Milton Gon\u00e7alves Filho, de 48 anos, que confessou para pol\u00edcia que matou a mulher Sabrina Aparecida de Almeida Lima e os tr\u00eas filhos dela em Jaboticabal, tamb\u00e9m disse que assassinou a ex-companheira. A v\u00edtima \u00e9 J\u00e9ssica Fernanda Rizzo, que est\u00e1 desaparecida desde agosto do ano passado. Segundo apura\u00e7\u00e3o\u2026","rel":"","context":"In &quot;Not\u00edcias de Ribeir\u00e3o Preto-SP e Regi\u00e3o&quot;","block_context":{"text":"Not\u00edcias de Ribeir\u00e3o Preto-SP e Regi\u00e3o","link":"https:\/\/noticiasribeiraopreto.com.br\/index.php\/category\/noticias-de-ribeirao-preto-sp-e-regiao-ismael-colosi\/"},"img":{"alt_text":"","src":"https:\/\/i0.wp.com\/noticiasribeiraopreto.com.br\/wp-content\/uploads\/2025\/12\/milton_2025-12-24_15-37-14.webp.webp?fit=1200%2C674&ssl=1&resize=350%2C200","width":350,"height":200,"srcset":"https:\/\/i0.wp.com\/noticiasribeiraopreto.com.br\/wp-content\/uploads\/2025\/12\/milton_2025-12-24_15-37-14.webp.webp?fit=1200%2C674&ssl=1&resize=350%2C200 1x, https:\/\/i0.wp.com\/noticiasribeiraopreto.com.br\/wp-content\/uploads\/2025\/12\/milton_2025-12-24_15-37-14.webp.webp?fit=1200%2C674&ssl=1&resize=525%2C300 1.5x, https:\/\/i0.wp.com\/noticiasribeiraopreto.com.br\/wp-content\/uploads\/2025\/12\/milton_2025-12-24_15-37-14.webp.webp?fit=1200%2C674&ssl=1&resize=700%2C400 2x, https:\/\/i0.wp.com\/noticiasribeiraopreto.com.br\/wp-content\/uploads\/2025\/12\/milton_2025-12-24_15-37-14.webp.webp?fit=1200%2C674&ssl=1&resize=1050%2C600 3x"},"classes":[]},{"id":81416,"url":"https:\/\/noticiasribeiraopreto.com.br\/index.php\/2026\/01\/05\/policia-prossegue-com-inquerito-sobre-feminicidio-na-regiao\/","url_meta":{"origin":81107,"position":3},"title":"Pol\u00edcia prossegue com inqu\u00e9rito sobre feminic\u00eddio na regi\u00e3o","author":"noticiasribeiraopreto.com.br","date":"5 de January de 2026","format":false,"excerpt":"\r Pai e filho devem ser indiciados por feminic\u00eddio de duas mulheres e pelo homic\u00eddio das tr\u00eas crian\u00e7as, que, a princ\u00edpio, eram consideradas desaparecidas\r \r 5 de janeiro de 2026 10:15 \r Compartilhar1 Por: Adalberto Luque A Pol\u00edcia Civil de Jaboticabal prossegue com os inqu\u00e9ritos que apuram as mortes de\u2026","rel":"","context":"In &quot;Not\u00edcias de Ribeir\u00e3o Preto-SP e Regi\u00e3o&quot;","block_context":{"text":"Not\u00edcias de Ribeir\u00e3o Preto-SP e Regi\u00e3o","link":"https:\/\/noticiasribeiraopreto.com.br\/index.php\/category\/noticias-de-ribeirao-preto-sp-e-regiao-ismael-colosi\/"},"img":{"alt_text":"","src":"https:\/\/i0.wp.com\/noticiasribeiraopreto.com.br\/wp-content\/uploads\/2026\/01\/05-jan-2026-feminicidiojaboticabal3-scaled.jpg?fit=1200%2C750&ssl=1&resize=350%2C200","width":350,"height":200,"srcset":"https:\/\/i0.wp.com\/noticiasribeiraopreto.com.br\/wp-content\/uploads\/2026\/01\/05-jan-2026-feminicidiojaboticabal3-scaled.jpg?fit=1200%2C750&ssl=1&resize=350%2C200 1x, https:\/\/i0.wp.com\/noticiasribeiraopreto.com.br\/wp-content\/uploads\/2026\/01\/05-jan-2026-feminicidiojaboticabal3-scaled.jpg?fit=1200%2C750&ssl=1&resize=525%2C300 1.5x, https:\/\/i0.wp.com\/noticiasribeiraopreto.com.br\/wp-content\/uploads\/2026\/01\/05-jan-2026-feminicidiojaboticabal3-scaled.jpg?fit=1200%2C750&ssl=1&resize=700%2C400 2x, https:\/\/i0.wp.com\/noticiasribeiraopreto.com.br\/wp-content\/uploads\/2026\/01\/05-jan-2026-feminicidiojaboticabal3-scaled.jpg?fit=1200%2C750&ssl=1&resize=1050%2C600 3x"},"classes":[]},{"id":81068,"url":"https:\/\/noticiasribeiraopreto.com.br\/index.php\/2025\/12\/23\/companheiro-diz-que-mulher-saiu-por-vontade-propria-com-os-filhos-mas-familia-contesta\/","url_meta":{"origin":81107,"position":4},"title":"Companheiro diz que mulher saiu por vontade pr\u00f3pria com os filhos, mas fam\u00edlia contesta","author":"noticiasribeiraopreto.com.br","date":"23 de December de 2025","format":false,"excerpt":"O marido de Sabrina de Almeida Lima, de 27 anos, prestou depoimento nesta segunda-feira (22) \u00e0 Pol\u00edcia Civil de Jaboticabal e afirmou que a mulher deixou a casa por vontade pr\u00f3pria levando os tr\u00eas filhos, de 6, 8 e 10 anos. Em entrevista \u00e0 EPTV, Milton Gon\u00e7alves Filho, de 48\u2026","rel":"","context":"In &quot;Not\u00edcias de Ribeir\u00e3o Preto-SP e Regi\u00e3o&quot;","block_context":{"text":"Not\u00edcias de Ribeir\u00e3o Preto-SP e Regi\u00e3o","link":"https:\/\/noticiasribeiraopreto.com.br\/index.php\/category\/noticias-de-ribeirao-preto-sp-e-regiao-ismael-colosi\/"},"img":{"alt_text":"","src":"https:\/\/i0.wp.com\/noticiasribeiraopreto.com.br\/wp-content\/uploads\/2025\/12\/domingo-25_2025-12-22_23-19-55.webp.webp?fit=1200%2C675&ssl=1&resize=350%2C200","width":350,"height":200,"srcset":"https:\/\/i0.wp.com\/noticiasribeiraopreto.com.br\/wp-content\/uploads\/2025\/12\/domingo-25_2025-12-22_23-19-55.webp.webp?fit=1200%2C675&ssl=1&resize=350%2C200 1x, https:\/\/i0.wp.com\/noticiasribeiraopreto.com.br\/wp-content\/uploads\/2025\/12\/domingo-25_2025-12-22_23-19-55.webp.webp?fit=1200%2C675&ssl=1&resize=525%2C300 1.5x, https:\/\/i0.wp.com\/noticiasribeiraopreto.com.br\/wp-content\/uploads\/2025\/12\/domingo-25_2025-12-22_23-19-55.webp.webp?fit=1200%2C675&ssl=1&resize=700%2C400 2x, https:\/\/i0.wp.com\/noticiasribeiraopreto.com.br\/wp-content\/uploads\/2025\/12\/domingo-25_2025-12-22_23-19-55.webp.webp?fit=1200%2C675&ssl=1&resize=1050%2C600 3x"},"classes":[]},{"id":81124,"url":"https:\/\/noticiasribeiraopreto.com.br\/index.php\/2025\/12\/24\/enteado-e-preso-por-envolvimento-em-assassinato-de-mulher-e-criancas-em-jaboticabal\/","url_meta":{"origin":81107,"position":5},"title":"Enteado \u00e9 preso por envolvimento em assassinato de mulher e crian\u00e7as em Jaboticabal","author":"noticiasribeiraopreto.com.br","date":"24 de December de 2025","format":false,"excerpt":"\r \r \r 24 de dezembro de 2025 10:23 \r Compartilhar0 Crime chocou moradores; corpos foram encontrados enterrados em covas na fazenda onde a fam\u00edlia vivia. Sabrina e os filhos. Todos assassinados A Pol\u00edcia Civil prendeu, no in\u00edcio da noite de ter\u00e7a-feira (23), Leonardo Gon\u00e7alves, de 21 anos, filho de\u2026","rel":"","context":"In &quot;Not\u00edcias de Ribeir\u00e3o Preto-SP e Regi\u00e3o&quot;","block_context":{"text":"Not\u00edcias de Ribeir\u00e3o Preto-SP e Regi\u00e3o","link":"https:\/\/noticiasribeiraopreto.com.br\/index.php\/category\/noticias-de-ribeirao-preto-sp-e-regiao-ismael-colosi\/"},"img":{"alt_text":"","src":"https:\/\/i0.wp.com\/noticiasribeiraopreto.com.br\/wp-content\/uploads\/2025\/12\/crime-jaboti-enteado.jpg?fit=800%2C500&ssl=1&resize=350%2C200","width":350,"height":200,"srcset":"https:\/\/i0.wp.com\/noticiasribeiraopreto.com.br\/wp-content\/uploads\/2025\/12\/crime-jaboti-enteado.jpg?fit=800%2C500&ssl=1&resize=350%2C200 1x, https:\/\/i0.wp.com\/noticiasribeiraopreto.com.br\/wp-content\/uploads\/2025\/12\/crime-jaboti-enteado.jpg?fit=800%2C500&ssl=1&resize=525%2C300 1.5x, https:\/\/i0.wp.com\/noticiasribeiraopreto.com.br\/wp-content\/uploads\/2025\/12\/crime-jaboti-enteado.jpg?fit=800%2C500&ssl=1&resize=700%2C400 2x"},"classes":[]}],"jetpack_sharing_enabled":true,"jetpack_shortlink":"https:\/\/wp.me\/peQAOb-l6b","_links":{"self":[{"href":"https:\/\/noticiasribeiraopreto.com.br\/index.php\/wp-json\/wp\/v2\/posts\/81107","targetHints":{"allow":["GET"]}}],"collection":[{"href":"https:\/\/noticiasribeiraopreto.com.br\/index.php\/wp-json\/wp\/v2\/posts"}],"about":[{"href":"https:\/\/noticiasribeiraopreto.com.br\/index.php\/wp-json\/wp\/v2\/types\/post"}],"author":[{"embeddable":true,"href":"https:\/\/noticiasribeiraopreto.com.br\/index.php\/wp-json\/wp\/v2\/users\/1"}],"replies":[{"embeddable":true,"href":"https:\/\/noticiasribeiraopreto.com.br\/index.php\/wp-json\/wp\/v2\/comments?post=81107"}],"version-history":[{"count":0,"href":"https:\/\/noticiasribeiraopreto.com.br\/index.php\/wp-json\/wp\/v2\/posts\/81107\/revisions"}],"wp:featuredmedia":[{"embeddable":true,"href":"https:\/\/noticiasribeiraopreto.com.br\/index.php\/wp-json\/wp\/v2\/media\/81108"}],"wp:attachment":[{"href":"https:\/\/noticiasribeiraopreto.com.br\/index.php\/wp-json\/wp\/v2\/media?parent=81107"}],"wp:term":[{"taxonomy":"category","embeddable":true,"href":"https:\/\/noticiasribeiraopreto.com.br\/index.php\/wp-json\/wp\/v2\/categories?post=81107"},{"taxonomy":"post_tag","embeddable":true,"href":"https:\/\/noticiasribeiraopreto.com.br\/index.php\/wp-json\/wp\/v2\/tags?post=81107"}],"curies":[{"name":"wp","href":"https:\/\/api.w.org\/{rel}","templated":true}]}}