{"id":81109,"date":"2025-12-24T06:56:37","date_gmt":"2025-12-24T09:56:37","guid":{"rendered":"https:\/\/noticiasribeiraopreto.com.br\/index.php\/2025\/12\/24\/ribeirao-preto-recebe-exposicao-fotografica-memorias-uma-viagem-ao-passado\/"},"modified":"2025-12-24T06:56:37","modified_gmt":"2025-12-24T09:56:37","slug":"ribeirao-preto-recebe-exposicao-fotografica-memorias-uma-viagem-ao-passado","status":"publish","type":"post","link":"https:\/\/noticiasribeiraopreto.com.br\/index.php\/2025\/12\/24\/ribeirao-preto-recebe-exposicao-fotografica-memorias-uma-viagem-ao-passado\/","title":{"rendered":"Ribeir\u00e3o Preto recebe exposi\u00e7\u00e3o fotogr\u00e1fica \u2018Mem\u00f3rias: Uma viagem ao passado\u2019"},"content":{"rendered":"<div class='code-block code-block-1' style='margin: 8px 0 8px auto; text-align: right; display: block; clear: both;'>\n<p><a href=\"https:\/\/wa.link\/vpicfd\"><img data-recalc-dims=\"1\" class=\"wp-image-4922\" style=\"aspect-ratio: 2.0253164556962027; width: 561px; height: auto;\" src=\"https:\/\/i0.wp.com\/ismaelcolosi.com.br\/wp-content\/uploads\/2023\/11\/grupo-de-empregos-whatsapp-e-facebook-ismael-colosi-vagas.jpg?ssl=1\" alt=\"\" \/><\/a><\/p>\n<!-- \/wp:image -->\n<\/div>\n<p> <br \/>\n<\/p>\n<div data-td-block-uid=\"tdi_95\">\n<div class=\"tdb-block-inner td-fix-index\">\n<p>O <strong>Shopping Santa \u00darsula<\/strong>, em <strong>Ribeir\u00e3o Preto<\/strong>, recebe a exposi\u00e7\u00e3o fotogr\u00e1fica <strong>\u201cMem\u00f3rias: Uma viagem ao passado\u201d<\/strong>, em parceria com a <strong>Galeria Adda<\/strong> e o <strong>Cine Foto Clube \u201cFrancisco Jos\u00e9 Cavalcanti da Silva\u201d<\/strong>.<\/p>\n<p>A mostra convida o p\u00fablico a desacelerar e revisitar hist\u00f3rias por meio da fotografia e <mark style=\"background-color:#fcb900\" class=\"has-inline-color has-black-color\">segue em cartaz at\u00e9 dia 27 de janeiro<\/mark>, com entrada gratuita.<\/p>\n<h2 class=\"wp-block-heading\"><strong>A exposi\u00e7\u00e3o<\/strong><\/h2>\n<p>Com curadoria de <strong>Leila Costa Quaglio <\/strong>e <strong>Tony Hajime Watanabe<\/strong>, a exposi\u00e7\u00e3o re\u00fane imagens que percorrem diferentes tempos e contextos, com fotografias de objetos, lugares e situa\u00e7\u00f5es capazes de fazer o p\u00fablico reviver momentos. A proposta \u00e9 convidar o visitante a refletir sobre o passado a partir de registros visuais.<\/p>\n<p>\u201cMem\u00f3rias: Uma viagem ao passado\u201d re\u00fane trabalhos dos fot\u00f3grafos Tony Watanabe, Fabio Watanabe Terada, Cherry Watanabe Terada, Yeda Watanabe, Ubirajara Junior, Isission de Oliveira, Carlos \u201cChinca\u201d Arantes, Lucimara Souza, K\u00e1tia Bion\u00eas Cavalcanti da Silva e Hafisa Bittar.<\/p>\n<p>A mostra acontece na Galeria ADDA Extens\u00e3o, no 2\u00ba Piso do Shopping Santa \u00darsula. A visita\u00e7\u00e3o \u00e9 aberta diariamente das 9h \u00e0s 21h.<\/p>\n<p>SAIBA MAIS<br \/>Primeira semana do ver\u00e3o ter\u00e1 nova onda de calor em SP; Confira a previs\u00e3o<\/p>\n<h2 class=\"wp-block-heading\"><strong>FIQUE ON<\/strong><\/h2>\n<p>Fique ligado em tudo que acontece em Ribeir\u00e3o Preto e regi\u00e3o. Siga os perfis do\u00a0<strong>acidade on\u00a0<\/strong>no<a href=\"https:\/\/www.instagram.com\/acidadeonribeirao\" target=\"_blank\" rel=\"noreferrer noopener\">\u00a0Instagram<\/a>\u00a0e no<a href=\"https:\/\/www.facebook.com\/acidadeonribeirao\/\" target=\"_blank\" rel=\"noreferrer noopener\">\u00a0Facebook<\/a>.<\/p>\n<p>Receba not\u00edcias do\u00a0<strong>acidade on<\/strong>\u00a0no WhatsApp. Para entrar no grupo,\u00a0basta<a href=\"https:\/\/chat.whatsapp.com\/GFH9HUMUTHNFJdnyEd0xxq\" target=\"_blank\" rel=\"noreferrer noopener\">\u00a0clicar aqui<\/a>. Ou, acesse o nosso\u00a0Canal\u00a0<a href=\"https:\/\/whatsapp.com\/channel\/0029Vb6IQl1JENyAeS57fk2p\" target=\"_blank\" rel=\"noreferrer noopener\">clicando aqui<\/a>.<\/p>\n<p>Fa\u00e7a uma den\u00fancia ou sugira uma reportagem sobre Ribeir\u00e3o Preto e regi\u00e3o pelo WhatsApp: 16 99117 7802.<\/p>\n<p>VEJA TAMB\u00c9M<br \/>Libertadores 2026: veja como ficaram os potes do sorteio da fase de grupos<\/p>\n<p><!-- AI CONTENT END 1 -->\n<\/div>\n<\/div>\n<p><script async src=\"\/\/www.instagram.com\/embed.js\"><\/script><br \/>\n<br \/><br \/>\n<br \/><a href=\"https:\/\/www.acidadeon.com\/ribeiraopreto\/lazer-e-cultura\/ribeirao-preto-recebe-exposicao-fotografica-memorias-uma-viagem-ao-passado\/\">Source link <\/a><\/p>\n<!-- CONTENT END 1 -->\n","protected":false},"excerpt":{"rendered":"<p>O Shopping Santa \u00darsula, em Ribeir\u00e3o Preto, recebe a exposi\u00e7\u00e3o fotogr\u00e1fica \u201cMem\u00f3rias: Uma viagem ao passado\u201d, em parceria com a Galeria Adda e o Cine&#8230;<\/p>\n","protected":false},"author":1,"featured_media":81110,"comment_status":"open","ping_status":"open","sticky":false,"template":"","format":"standard","meta":{"advanced_seo_description":"","jetpack_seo_html_title":"","jetpack_seo_noindex":false,"jetpack_post_was_ever_published":false,"_jetpack_newsletter_access":"","_jetpack_dont_email_post_to_subs":false,"_jetpack_newsletter_tier_id":0,"_jetpack_memberships_contains_paywalled_content":false,"_jetpack_memberships_contains_paid_content":false,"footnotes":"","jetpack_publicize_message":"","jetpack_publicize_feature_enabled":true,"jetpack_social_post_already_shared":true,"jetpack_social_options":{"image_generator_settings":{"template":"highway","default_image_id":0,"font":"","enabled":false},"version":2}},"categories":[11],"tags":[],"class_list":["post-81109","post","type-post","status-publish","format-standard","has-post-thumbnail","hentry","category-noticias-de-ribeirao-preto-sp-e-regiao-ismael-colosi"],"jetpack_publicize_connections":[],"jetpack_featured_media_url":"https:\/\/i0.wp.com\/noticiasribeiraopreto.com.br\/wp-content\/uploads\/2025\/12\/exposicao-fotografica_2025-12-23_18-51-57.webp.webp?fit=1200%2C900&ssl=1","jetpack-related-posts":[{"id":76581,"url":"https:\/\/noticiasribeiraopreto.com.br\/index.php\/2025\/09\/01\/ribeirao-preto-recebe-exposicao-fotografica-que-retrata-a-historia-da-cidade\/","url_meta":{"origin":81109,"position":0},"title":"Ribeir\u00e3o Preto recebe exposi\u00e7\u00e3o fotogr\u00e1fica que retrata a hist\u00f3ria da cidade","author":"noticiasribeiraopreto.com.br","date":"1 de September de 2025","format":false,"excerpt":"O Ribeir\u00e3o Shopping, na zona Sul de Ribeir\u00e3o Preto, recebe a partir desta ter\u00e7a-feira (2) uma exposi\u00e7\u00e3o que abre espa\u00e7o para a mem\u00f3ria e a cultura local. A mostra \u201cO Passado Manda Lembran\u00e7a\u201d, revela as transforma\u00e7\u00f5es de Ribeir\u00e3o Preto ao longo de quase um s\u00e9culo. Os visitantes podem acompanhar a\u2026","rel":"","context":"In &quot;Not\u00edcias de Ribeir\u00e3o Preto-SP e Regi\u00e3o&quot;","block_context":{"text":"Not\u00edcias de Ribeir\u00e3o Preto-SP e Regi\u00e3o","link":"https:\/\/noticiasribeiraopreto.com.br\/index.php\/category\/noticias-de-ribeirao-preto-sp-e-regiao-ismael-colosi\/"},"img":{"alt_text":"","src":"https:\/\/i0.wp.com\/noticiasribeiraopreto.com.br\/wp-content\/uploads\/2025\/09\/exposicao-theatro-pedro-ii_2025-09-01_16-03-30.webp.webp?fit=1200%2C791&ssl=1&resize=350%2C200","width":350,"height":200,"srcset":"https:\/\/i0.wp.com\/noticiasribeiraopreto.com.br\/wp-content\/uploads\/2025\/09\/exposicao-theatro-pedro-ii_2025-09-01_16-03-30.webp.webp?fit=1200%2C791&ssl=1&resize=350%2C200 1x, https:\/\/i0.wp.com\/noticiasribeiraopreto.com.br\/wp-content\/uploads\/2025\/09\/exposicao-theatro-pedro-ii_2025-09-01_16-03-30.webp.webp?fit=1200%2C791&ssl=1&resize=525%2C300 1.5x, https:\/\/i0.wp.com\/noticiasribeiraopreto.com.br\/wp-content\/uploads\/2025\/09\/exposicao-theatro-pedro-ii_2025-09-01_16-03-30.webp.webp?fit=1200%2C791&ssl=1&resize=700%2C400 2x, https:\/\/i0.wp.com\/noticiasribeiraopreto.com.br\/wp-content\/uploads\/2025\/09\/exposicao-theatro-pedro-ii_2025-09-01_16-03-30.webp.webp?fit=1200%2C791&ssl=1&resize=1050%2C600 3x"},"classes":[]},{"id":42322,"url":"https:\/\/noticiasribeiraopreto.com.br\/index.php\/2024\/03\/13\/indigenas-e-tema-de-exposicao-fotografica-no-sesi-rp\/","url_meta":{"origin":81109,"position":1},"title":"Ind\u00edgenas \u00e9 tema de exposi\u00e7\u00e3o fotogr\u00e1fica no SESI RP","author":"noticiasribeiraopreto.com.br","date":"13 de March de 2024","format":false,"excerpt":"O SESI Ribeir\u00e3o Preto apresenta, a partir do dia 26 de abril de 2024 (sexta-feira), a exposi\u00e7\u00e3o Terra Terreno Territ\u00f3rio da fot\u00f3grafa e artista visual Dani Sandrini. Com visita\u00e7\u00e3o gratuita e acessibilidade, a exposi\u00e7\u00e3o conta com piso t\u00e1til, audioguia, nove obras t\u00e1teis e dez obras com audiodescri\u00e7\u00e3o.A mostra \u00e9 composta\u2026","rel":"","context":"In &quot;Not\u00edcias de Ribeir\u00e3o Preto-SP e Regi\u00e3o&quot;","block_context":{"text":"Not\u00edcias de Ribeir\u00e3o Preto-SP e Regi\u00e3o","link":"https:\/\/noticiasribeiraopreto.com.br\/index.php\/category\/noticias-de-ribeirao-preto-sp-e-regiao-ismael-colosi\/"},"img":{"alt_text":"","src":"https:\/\/i0.wp.com\/noticiasribeiraopreto.com.br\/wp-content\/uploads\/2024\/03\/TerraTerrenoTerritorio-obra-e-foto-de-Dani-Sandrini-3b-scaled.jpg?fit=970%2C645&ssl=1&resize=350%2C200","width":350,"height":200,"srcset":"https:\/\/i0.wp.com\/noticiasribeiraopreto.com.br\/wp-content\/uploads\/2024\/03\/TerraTerrenoTerritorio-obra-e-foto-de-Dani-Sandrini-3b-scaled.jpg?fit=970%2C645&ssl=1&resize=350%2C200 1x, https:\/\/i0.wp.com\/noticiasribeiraopreto.com.br\/wp-content\/uploads\/2024\/03\/TerraTerrenoTerritorio-obra-e-foto-de-Dani-Sandrini-3b-scaled.jpg?fit=970%2C645&ssl=1&resize=525%2C300 1.5x, https:\/\/i0.wp.com\/noticiasribeiraopreto.com.br\/wp-content\/uploads\/2024\/03\/TerraTerrenoTerritorio-obra-e-foto-de-Dani-Sandrini-3b-scaled.jpg?fit=970%2C645&ssl=1&resize=700%2C400 2x"},"classes":[]},{"id":59336,"url":"https:\/\/noticiasribeiraopreto.com.br\/index.php\/2024\/10\/21\/museu-de-arte-de-ribeirao-preto-recebe-exposicao-amanha-serei-raiz\/","url_meta":{"origin":81109,"position":2},"title":"Museu de Arte de Ribeir\u00e3o Preto recebe exposi\u00e7\u00e3o \u201cAmanh\u00e3 Serei Raiz\u201d","author":"noticiasribeiraopreto.com.br","date":"21 de October de 2024","format":false,"excerpt":"O Marp (Museu de Arte de Ribeir\u00e3o Preto Pedro Manuel-Gismondi) recebe a partir do dia 8 de novembro a exposi\u00e7\u00e3o \u201cAmanh\u00e3 Serei Raiz\u201d, que conta com 13 obras do coletivo 1MULHERporM2 e tem o objetivo de resgatar o feminino e a ancestralidade. A mostra conta com trabalhos que promovem uma\u2026","rel":"","context":"In &quot;Not\u00edcias de Ribeir\u00e3o Preto-SP e Regi\u00e3o&quot;","block_context":{"text":"Not\u00edcias de Ribeir\u00e3o Preto-SP e Regi\u00e3o","link":"https:\/\/noticiasribeiraopreto.com.br\/index.php\/category\/noticias-de-ribeirao-preto-sp-e-regiao-ismael-colosi\/"},"img":{"alt_text":"","src":"https:\/\/i0.wp.com\/noticiasribeiraopreto.com.br\/wp-content\/uploads\/2024\/10\/Copia-de-Copia-de-Copia-de-TAMANHO-EXATO-PARA-FOTOS-NO-SISTEMA-NOVO-18_2024-10-21_13-59-08_jpg_2024-10-21_13-59-08.webp.webp?fit=1200%2C675&ssl=1&resize=350%2C200","width":350,"height":200,"srcset":"https:\/\/i0.wp.com\/noticiasribeiraopreto.com.br\/wp-content\/uploads\/2024\/10\/Copia-de-Copia-de-Copia-de-TAMANHO-EXATO-PARA-FOTOS-NO-SISTEMA-NOVO-18_2024-10-21_13-59-08_jpg_2024-10-21_13-59-08.webp.webp?fit=1200%2C675&ssl=1&resize=350%2C200 1x, https:\/\/i0.wp.com\/noticiasribeiraopreto.com.br\/wp-content\/uploads\/2024\/10\/Copia-de-Copia-de-Copia-de-TAMANHO-EXATO-PARA-FOTOS-NO-SISTEMA-NOVO-18_2024-10-21_13-59-08_jpg_2024-10-21_13-59-08.webp.webp?fit=1200%2C675&ssl=1&resize=525%2C300 1.5x, https:\/\/i0.wp.com\/noticiasribeiraopreto.com.br\/wp-content\/uploads\/2024\/10\/Copia-de-Copia-de-Copia-de-TAMANHO-EXATO-PARA-FOTOS-NO-SISTEMA-NOVO-18_2024-10-21_13-59-08_jpg_2024-10-21_13-59-08.webp.webp?fit=1200%2C675&ssl=1&resize=700%2C400 2x, https:\/\/i0.wp.com\/noticiasribeiraopreto.com.br\/wp-content\/uploads\/2024\/10\/Copia-de-Copia-de-Copia-de-TAMANHO-EXATO-PARA-FOTOS-NO-SISTEMA-NOVO-18_2024-10-21_13-59-08_jpg_2024-10-21_13-59-08.webp.webp?fit=1200%2C675&ssl=1&resize=1050%2C600 3x"},"classes":[]},{"id":83045,"url":"https:\/\/noticiasribeiraopreto.com.br\/index.php\/2026\/03\/07\/festival-dos-saberes-chega-a-ribeirao-preto-com-entrada-gratuita\/","url_meta":{"origin":81109,"position":3},"title":"Festival dos Saberes chega a Ribeir\u00e3o Preto com entrada gratuita","author":"noticiasribeiraopreto.com.br","date":"7 de March de 2026","format":false,"excerpt":"O Festival Encontro dos Saberes chega a Ribeir\u00e3o Preto, dos dias 20 a 22 de mar\u00e7o, no Centro Cultural Sesi; a entrada \u00e9 gratuita e aberta ao p\u00fablico. A a\u00e7\u00e3o tamb\u00e9m conta com uma exposi\u00e7\u00e3o fotogr\u00e1fica, no Centro Cultural Palace, a partir do dia 23 de mar\u00e7o e vai at\u00e9\u2026","rel":"","context":"In &quot;Not\u00edcias de Ribeir\u00e3o Preto-SP e Regi\u00e3o&quot;","block_context":{"text":"Not\u00edcias de Ribeir\u00e3o Preto-SP e Regi\u00e3o","link":"https:\/\/noticiasribeiraopreto.com.br\/index.php\/category\/noticias-de-ribeirao-preto-sp-e-regiao-ismael-colosi\/"},"img":{"alt_text":"","src":"https:\/\/i0.wp.com\/noticiasribeiraopreto.com.br\/wp-content\/uploads\/2026\/03\/luis_2026-03-06_19-23-33-684x1024.webp.webp?fit=684%2C1024&ssl=1&resize=350%2C200","width":350,"height":200,"srcset":"https:\/\/i0.wp.com\/noticiasribeiraopreto.com.br\/wp-content\/uploads\/2026\/03\/luis_2026-03-06_19-23-33-684x1024.webp.webp?fit=684%2C1024&ssl=1&resize=350%2C200 1x, https:\/\/i0.wp.com\/noticiasribeiraopreto.com.br\/wp-content\/uploads\/2026\/03\/luis_2026-03-06_19-23-33-684x1024.webp.webp?fit=684%2C1024&ssl=1&resize=525%2C300 1.5x"},"classes":[]},{"id":75911,"url":"https:\/\/noticiasribeiraopreto.com.br\/index.php\/2025\/08\/18\/museu-casa-da-memoria-italiana-celebra-centenario-com-lancamento-de-livro-em-ribeirao\/","url_meta":{"origin":81109,"position":4},"title":"Museu Casa da Mem\u00f3ria Italiana celebra centen\u00e1rio com lan\u00e7amento de livro em Ribeir\u00e3o","author":"noticiasribeiraopreto.com.br","date":"18 de August de 2025","format":false,"excerpt":"Em comemora\u00e7\u00e3o ao centen\u00e1rio da constru\u00e7\u00e3o do pr\u00e9dio onde funciona o Museu Casa da Mem\u00f3ria Italiana, a institui\u00e7\u00e3o lan\u00e7a em parceria com a Funda\u00e7\u00e3o do Livro e Leitura de Ribeir\u00e3o Preto o livro \u201cMem\u00f3rias de uma Casa: Cem Anos de Hist\u00f3rias\u201d, nesta ter\u00e7a-feira (19). O evento ser\u00e1 realizado no Museu\u2026","rel":"","context":"In &quot;Not\u00edcias de Ribeir\u00e3o Preto-SP e Regi\u00e3o&quot;","block_context":{"text":"Not\u00edcias de Ribeir\u00e3o Preto-SP e Regi\u00e3o","link":"https:\/\/noticiasribeiraopreto.com.br\/index.php\/category\/noticias-de-ribeirao-preto-sp-e-regiao-ismael-colosi\/"},"img":{"alt_text":"","src":"https:\/\/i0.wp.com\/noticiasribeiraopreto.com.br\/wp-content\/uploads\/2025\/08\/IMG-1349_2025-08-18_12-00-58.webp.webp?fit=1200%2C800&ssl=1&resize=350%2C200","width":350,"height":200,"srcset":"https:\/\/i0.wp.com\/noticiasribeiraopreto.com.br\/wp-content\/uploads\/2025\/08\/IMG-1349_2025-08-18_12-00-58.webp.webp?fit=1200%2C800&ssl=1&resize=350%2C200 1x, https:\/\/i0.wp.com\/noticiasribeiraopreto.com.br\/wp-content\/uploads\/2025\/08\/IMG-1349_2025-08-18_12-00-58.webp.webp?fit=1200%2C800&ssl=1&resize=525%2C300 1.5x, https:\/\/i0.wp.com\/noticiasribeiraopreto.com.br\/wp-content\/uploads\/2025\/08\/IMG-1349_2025-08-18_12-00-58.webp.webp?fit=1200%2C800&ssl=1&resize=700%2C400 2x, https:\/\/i0.wp.com\/noticiasribeiraopreto.com.br\/wp-content\/uploads\/2025\/08\/IMG-1349_2025-08-18_12-00-58.webp.webp?fit=1200%2C800&ssl=1&resize=1050%2C600 3x"},"classes":[]},{"id":81824,"url":"https:\/\/noticiasribeiraopreto.com.br\/index.php\/2026\/01\/27\/casa-da-memoria-italiana-promove-visita-guiada-no-encerramento-da-mostra-silencio-involuntario\/","url_meta":{"origin":81109,"position":5},"title":"Casa da Mem\u00f3ria Italiana promove visita guiada no encerramento da mostra \u2018Sil\u00eancio Involunt\u00e1rio\u2019","author":"noticiasribeiraopreto.com.br","date":"27 de January de 2026","format":false,"excerpt":"O Museu Casa da Mem\u00f3ria Italiana, em Ribeir\u00e3o Preto, promove no pr\u00f3ximo s\u00e1bado (31), \u00e0s 10h, uma visita guiada seguida de bate-papo com os artistas para marcar o encerramento da mostra \u201cSil\u00eancio Involunt\u00e1rio\u201d. A atividade \u00e9 gratuita e n\u00e3o requer agendamento pr\u00e9vio, sendo aberta a todas as pessoas interessadas em\u2026","rel":"","context":"In &quot;Not\u00edcias de Ribeir\u00e3o Preto-SP e Regi\u00e3o&quot;","block_context":{"text":"Not\u00edcias de Ribeir\u00e3o Preto-SP e Regi\u00e3o","link":"https:\/\/noticiasribeiraopreto.com.br\/index.php\/category\/noticias-de-ribeirao-preto-sp-e-regiao-ismael-colosi\/"},"img":{"alt_text":"","src":"https:\/\/i0.wp.com\/noticiasribeiraopreto.com.br\/wp-content\/uploads\/2025\/09\/Fachada-2025_2025-02-18_12-58-23_jpg_2025-02-18_12-58-24-1024x586.webp.webp?fit=1024%2C586&ssl=1&resize=350%2C200","width":350,"height":200,"srcset":"https:\/\/i0.wp.com\/noticiasribeiraopreto.com.br\/wp-content\/uploads\/2025\/09\/Fachada-2025_2025-02-18_12-58-23_jpg_2025-02-18_12-58-24-1024x586.webp.webp?fit=1024%2C586&ssl=1&resize=350%2C200 1x, https:\/\/i0.wp.com\/noticiasribeiraopreto.com.br\/wp-content\/uploads\/2025\/09\/Fachada-2025_2025-02-18_12-58-23_jpg_2025-02-18_12-58-24-1024x586.webp.webp?fit=1024%2C586&ssl=1&resize=525%2C300 1.5x, https:\/\/i0.wp.com\/noticiasribeiraopreto.com.br\/wp-content\/uploads\/2025\/09\/Fachada-2025_2025-02-18_12-58-23_jpg_2025-02-18_12-58-24-1024x586.webp.webp?fit=1024%2C586&ssl=1&resize=700%2C400 2x"},"classes":[]}],"jetpack_sharing_enabled":true,"jetpack_shortlink":"https:\/\/wp.me\/peQAOb-l6d","_links":{"self":[{"href":"https:\/\/noticiasribeiraopreto.com.br\/index.php\/wp-json\/wp\/v2\/posts\/81109","targetHints":{"allow":["GET"]}}],"collection":[{"href":"https:\/\/noticiasribeiraopreto.com.br\/index.php\/wp-json\/wp\/v2\/posts"}],"about":[{"href":"https:\/\/noticiasribeiraopreto.com.br\/index.php\/wp-json\/wp\/v2\/types\/post"}],"author":[{"embeddable":true,"href":"https:\/\/noticiasribeiraopreto.com.br\/index.php\/wp-json\/wp\/v2\/users\/1"}],"replies":[{"embeddable":true,"href":"https:\/\/noticiasribeiraopreto.com.br\/index.php\/wp-json\/wp\/v2\/comments?post=81109"}],"version-history":[{"count":0,"href":"https:\/\/noticiasribeiraopreto.com.br\/index.php\/wp-json\/wp\/v2\/posts\/81109\/revisions"}],"wp:featuredmedia":[{"embeddable":true,"href":"https:\/\/noticiasribeiraopreto.com.br\/index.php\/wp-json\/wp\/v2\/media\/81110"}],"wp:attachment":[{"href":"https:\/\/noticiasribeiraopreto.com.br\/index.php\/wp-json\/wp\/v2\/media?parent=81109"}],"wp:term":[{"taxonomy":"category","embeddable":true,"href":"https:\/\/noticiasribeiraopreto.com.br\/index.php\/wp-json\/wp\/v2\/categories?post=81109"},{"taxonomy":"post_tag","embeddable":true,"href":"https:\/\/noticiasribeiraopreto.com.br\/index.php\/wp-json\/wp\/v2\/tags?post=81109"}],"curies":[{"name":"wp","href":"https:\/\/api.w.org\/{rel}","templated":true}]}}