{"id":81111,"date":"2025-12-24T07:04:10","date_gmt":"2025-12-24T10:04:10","guid":{"rendered":"https:\/\/noticiasribeiraopreto.com.br\/index.php\/2025\/12\/24\/gcms-de-sertaozinho-recebem-medalha-nacional-ligada-a-missoes-de-paz-da-onu\/"},"modified":"2025-12-24T07:04:10","modified_gmt":"2025-12-24T10:04:10","slug":"gcms-de-sertaozinho-recebem-medalha-nacional-ligada-a-missoes-de-paz-da-onu","status":"publish","type":"post","link":"https:\/\/noticiasribeiraopreto.com.br\/index.php\/2025\/12\/24\/gcms-de-sertaozinho-recebem-medalha-nacional-ligada-a-missoes-de-paz-da-onu\/","title":{"rendered":"GCMs de Sert\u00e3ozinho recebem medalha nacional ligada a miss\u00f5es de paz da ONU"},"content":{"rendered":"<div class='code-block code-block-1' style='margin: 8px 0 8px auto; text-align: right; display: block; clear: both;'>\n<p><a href=\"https:\/\/wa.link\/vpicfd\"><img data-recalc-dims=\"1\" class=\"wp-image-4922\" style=\"aspect-ratio: 2.0253164556962027; width: 561px; height: auto;\" src=\"https:\/\/i0.wp.com\/ismaelcolosi.com.br\/wp-content\/uploads\/2023\/11\/grupo-de-empregos-whatsapp-e-facebook-ismael-colosi-vagas.jpg?ssl=1\" alt=\"\" \/><\/a><\/p>\n<!-- \/wp:image -->\n<\/div>\n<p> <br \/>\n<\/p>\n<div>\n<p>Um grupo de <strong>guardas civis municipais de Sert\u00e3ozinho<\/strong>, cidade na <strong>regi\u00e3o de Ribeir\u00e3o Preto<\/strong>, foi homenageado pela <strong>Associa\u00e7\u00e3o Brasileira das For\u00e7as Internacionais de Paz (ABFIP)<\/strong> com a Medalha Honra ao M\u00e9rito das Guardas Civis Municipais do Brasil.<\/p>\n<p>A solenidade de outorgas de condecora\u00e7\u00f5es aconteceu na \u00faltima quarta-feira (17), na Capital Paulista. <mark style=\"background-color:#fcb900\" class=\"has-inline-color\">A homenagem reconhece a\u00e7\u00f5es de destaque realizadas pelos agentes no exerc\u00edcio da fun\u00e7\u00e3o, em benef\u00edcio da popula\u00e7\u00e3o.<\/mark><\/p>\n<p>A <strong>ABFIP <\/strong>\u00e9 uma associa\u00e7\u00e3o que re\u00fane e reconhece integrantes das <strong>For\u00e7as Internacionais de Paz do Brasil<\/strong>. Criadas em 1956, essas for\u00e7as atuam em miss\u00f5es organizadas pela<strong> Organiza\u00e7\u00e3o das Na\u00e7\u00f5es Unidas (ONU) <\/strong>em diferentes pa\u00edses, com foco na manuten\u00e7\u00e3o da paz.<\/p>\n<h2 class=\"wp-block-heading\"><strong>Homenagem a agentes de Sert\u00e3ozinho<\/strong><\/h2>\n<p>No caso dos agentes de <strong>Sert\u00e3ozinho<\/strong>, a homenagem levou em considera\u00e7\u00e3o uma ocorr\u00eancia atendida recentemente no munic\u00edpio, incluindo uma a\u00e7\u00e3o que resultou no salvamento de uma pessoa em situa\u00e7\u00e3o de risco. Com isso, foram homenageados os <strong>GCMs<\/strong>:<\/p>\n<ul class=\"wp-block-list\">\n<li><strong><em>Maria Eduarda Gasqui Sales da Silva (Honra ao M\u00e9rito);<\/em><\/strong><\/li>\n<li><em><strong>M. Rodrigues (Honra ao M\u00e9rito);<\/strong><\/em><\/li>\n<li><strong><em>Kayo de Sousa Godinha (Honra ao M\u00e9rito);<\/em><\/strong><\/li>\n<li><strong><em>Yurti Andrade Naito (M\u00e9rito Policial \u2013 Lei e Ordem).<\/em><\/strong><\/li>\n<\/ul>\n<p>Al\u00e9m deles, o <em><strong>GCM Carlos Jean Rodrigues Lopes<\/strong><\/em>, que tamb\u00e9m \u00e9 psic\u00f3logo e autor do livro \u201cA Mente do Policial\u201d, foi reconhecido com a medalha <strong>M\u00e9rito Policial \u2013 Lei e Ordem<\/strong>.<\/p>\n<p>Conforme explica\u00e7\u00e3o da <strong>ABFIP<\/strong>, essa medalha homenageia profissionais e institui\u00e7\u00f5es da seguran\u00e7a p\u00fablica que se destacam na manuten\u00e7\u00e3o da ordem, da seguran\u00e7a e da prote\u00e7\u00e3o da sociedade, al\u00e9m de reconhecer <strong>atua\u00e7\u00f5es relevantes em miss\u00f5es de paz e servi\u00e7os prestados \u00e0 popula\u00e7\u00e3o<\/strong>.<\/p>\n<p>\u201cEles fizeram a homenagem devido aos atendimentos que realizo para agentes de seguran\u00e7a p\u00fablica do estado de S\u00e3o Paulo e de todo o Brasil, de forma on-line, e tamb\u00e9m pelo lan\u00e7amento do livro \u2018A Mente Policial\u2019, que est\u00e1 relacionado a esse tema\u201d, disse o GCM e psic\u00f3logo.<\/p>\n<figure class=\"wp-block-gallery has-nested-images columns-default is-cropped wp-block-gallery-1 is-layout-flex wp-block-gallery-is-layout-flex\">\n<figure class=\"wp-block-image size-large\"><img data-recalc-dims=\"1\" fetchpriority=\"high\" decoding=\"async\" width=\"592\" height=\"1024\" data-id=\"140183\" src=\"https:\/\/i0.wp.com\/cdn.media-acidadeon.com.br\/ribeiraopreto\/wp-content\/uploads\/sites\/3\/2025\/12\/WhatsApp-Image-2025-12-22-at-15.45.15_2025-12-23_18-47-31-592x1024.webp?resize=592%2C1024&#038;ssl=1\" alt=\"Medalha M\u00e9rito Policial \u2013 Lei e Ordem - Foto: arquivo pessoal.\" class=\"wp-image-140183\" title=\"GCMs de Sert\u00e3ozinho recebem medalha nacional ligada a miss\u00f5es de paz da ONU 1\" srcset=\"https:\/\/cdn.media-acidadeon.com.br\/ribeiraopreto\/wp-content\/uploads\/sites\/3\/2025\/12\/WhatsApp-Image-2025-12-22-at-15.45.15_2025-12-23_18-47-31-592x1024.webp 592w, https:\/\/cdn.media-acidadeon.com.br\/ribeiraopreto\/wp-content\/uploads\/sites\/3\/2025\/12\/WhatsApp-Image-2025-12-22-at-15.45.15_2025-12-23_18-47-31-173x300.webp 173w, https:\/\/cdn.media-acidadeon.com.br\/ribeiraopreto\/wp-content\/uploads\/sites\/3\/2025\/12\/WhatsApp-Image-2025-12-22-at-15.45.15_2025-12-23_18-47-31-696x1204.webp 696w, https:\/\/cdn.media-acidadeon.com.br\/ribeiraopreto\/wp-content\/uploads\/sites\/3\/2025\/12\/WhatsApp-Image-2025-12-22-at-15.45.15_2025-12-23_18-47-31.webp 740w\" sizes=\"(max-width: 592px) 100vw, 592px\"\/><figcaption class=\"wp-element-caption\">Medalha M\u00e9rito Policial \u2013 Lei e Ordem \u2013 Foto: arquivo pessoal.<\/figcaption><\/figure>\n<figure class=\"wp-block-image size-large\"><img data-recalc-dims=\"1\" loading=\"lazy\" decoding=\"async\" width=\"666\" height=\"1024\" data-id=\"140184\" src=\"https:\/\/i0.wp.com\/cdn.media-acidadeon.com.br\/ribeiraopreto\/wp-content\/uploads\/sites\/3\/2025\/12\/WhatsApp-Image-2025-12-22-at-15.45.55_2025-12-23_18-47-33-666x1024.webp?resize=666%2C1024&#038;ssl=1\" alt=\"Medalha de Honra ao M\u00e9rito - Foto: arquivo pessoal.\" class=\"wp-image-140184\" title=\"GCMs de Sert\u00e3ozinho recebem medalha nacional ligada a miss\u00f5es de paz da ONU 2\" srcset=\"https:\/\/cdn.media-acidadeon.com.br\/ribeiraopreto\/wp-content\/uploads\/sites\/3\/2025\/12\/WhatsApp-Image-2025-12-22-at-15.45.55_2025-12-23_18-47-33-666x1024.webp 666w, https:\/\/cdn.media-acidadeon.com.br\/ribeiraopreto\/wp-content\/uploads\/sites\/3\/2025\/12\/WhatsApp-Image-2025-12-22-at-15.45.55_2025-12-23_18-47-33-195x300.webp 195w, https:\/\/cdn.media-acidadeon.com.br\/ribeiraopreto\/wp-content\/uploads\/sites\/3\/2025\/12\/WhatsApp-Image-2025-12-22-at-15.45.55_2025-12-23_18-47-33-768x1182.webp 768w, https:\/\/cdn.media-acidadeon.com.br\/ribeiraopreto\/wp-content\/uploads\/sites\/3\/2025\/12\/WhatsApp-Image-2025-12-22-at-15.45.55_2025-12-23_18-47-33-696x1071.webp 696w, https:\/\/cdn.media-acidadeon.com.br\/ribeiraopreto\/wp-content\/uploads\/sites\/3\/2025\/12\/WhatsApp-Image-2025-12-22-at-15.45.55_2025-12-23_18-47-33.webp 832w\" sizes=\"auto, (max-width: 666px) 100vw, 666px\"\/><figcaption class=\"wp-element-caption\">Medalha de Honra ao M\u00e9rito \u2013 Foto: arquivo pessoal.<\/figcaption><\/figure>\n<figure class=\"wp-block-image size-large\"><img data-recalc-dims=\"1\" loading=\"lazy\" decoding=\"async\" width=\"641\" height=\"1024\" data-id=\"140186\" src=\"https:\/\/i0.wp.com\/cdn.media-acidadeon.com.br\/ribeiraopreto\/wp-content\/uploads\/sites\/3\/2025\/12\/WhatsApp-Image-2025-12-22-at-15.45.37_2025-12-23_18-48-11-641x1024.webp?resize=641%2C1024&#038;ssl=1\" alt=\"GCMs recebendo a medalha de M\u00e9rito Policial \u2013 Lei e Ordem - Foto: arquivo pessoal.\" class=\"wp-image-140186\" title=\"GCMs de Sert\u00e3ozinho recebem medalha nacional ligada a miss\u00f5es de paz da ONU 3\" srcset=\"https:\/\/cdn.media-acidadeon.com.br\/ribeiraopreto\/wp-content\/uploads\/sites\/3\/2025\/12\/WhatsApp-Image-2025-12-22-at-15.45.37_2025-12-23_18-48-11-641x1024.webp 641w, https:\/\/cdn.media-acidadeon.com.br\/ribeiraopreto\/wp-content\/uploads\/sites\/3\/2025\/12\/WhatsApp-Image-2025-12-22-at-15.45.37_2025-12-23_18-48-11-188x300.webp 188w, https:\/\/cdn.media-acidadeon.com.br\/ribeiraopreto\/wp-content\/uploads\/sites\/3\/2025\/12\/WhatsApp-Image-2025-12-22-at-15.45.37_2025-12-23_18-48-11-696x1113.webp 696w, https:\/\/cdn.media-acidadeon.com.br\/ribeiraopreto\/wp-content\/uploads\/sites\/3\/2025\/12\/WhatsApp-Image-2025-12-22-at-15.45.37_2025-12-23_18-48-11.webp 720w\" sizes=\"auto, (max-width: 641px) 100vw, 641px\"\/><figcaption class=\"wp-element-caption\">GCMs recebendo a medalha de M\u00e9rito Policial \u2013 Lei e Ordem \u2013 Foto: arquivo pessoal.<\/figcaption><\/figure>\n<figure class=\"wp-block-image size-large\"><img data-recalc-dims=\"1\" loading=\"lazy\" decoding=\"async\" width=\"1024\" height=\"516\" data-id=\"140187\" src=\"https:\/\/i0.wp.com\/cdn.media-acidadeon.com.br\/ribeiraopreto\/wp-content\/uploads\/sites\/3\/2025\/12\/WhatsApp-Image-2025-12-22-at-15.23.12-1_2025-12-23_18-48-13-1024x516.webp?resize=1024%2C516&#038;ssl=1\" alt=\"GCMs recebendo a medalha de Honra ao M\u00e9rito - Foto: arquivo pessoal.\" class=\"wp-image-140187\" title=\"GCMs de Sert\u00e3ozinho recebem medalha nacional ligada a miss\u00f5es de paz da ONU 4\" srcset=\"https:\/\/cdn.media-acidadeon.com.br\/ribeiraopreto\/wp-content\/uploads\/sites\/3\/2025\/12\/WhatsApp-Image-2025-12-22-at-15.23.12-1_2025-12-23_18-48-13-1024x516.webp 1024w, https:\/\/cdn.media-acidadeon.com.br\/ribeiraopreto\/wp-content\/uploads\/sites\/3\/2025\/12\/WhatsApp-Image-2025-12-22-at-15.23.12-1_2025-12-23_18-48-13-300x151.webp 300w, https:\/\/cdn.media-acidadeon.com.br\/ribeiraopreto\/wp-content\/uploads\/sites\/3\/2025\/12\/WhatsApp-Image-2025-12-22-at-15.23.12-1_2025-12-23_18-48-13-768x387.webp 768w, https:\/\/cdn.media-acidadeon.com.br\/ribeiraopreto\/wp-content\/uploads\/sites\/3\/2025\/12\/WhatsApp-Image-2025-12-22-at-15.23.12-1_2025-12-23_18-48-13-696x351.webp 696w, https:\/\/cdn.media-acidadeon.com.br\/ribeiraopreto\/wp-content\/uploads\/sites\/3\/2025\/12\/WhatsApp-Image-2025-12-22-at-15.23.12-1_2025-12-23_18-48-13-1068x538.webp 1068w, https:\/\/cdn.media-acidadeon.com.br\/ribeiraopreto\/wp-content\/uploads\/sites\/3\/2025\/12\/WhatsApp-Image-2025-12-22-at-15.23.12-1_2025-12-23_18-48-13.webp 1200w\" sizes=\"auto, (max-width: 1024px) 100vw, 1024px\"\/><figcaption class=\"wp-element-caption\">GCMs recebendo a medalha de Honra ao M\u00e9rito \u2013 Foto: arquivo pessoal.<\/figcaption><\/figure>\n<\/figure>\n<hr class=\"wp-block-separator has-alpha-channel-opacity\"\/>\n<p>SAIBA MAIS<\/p>\n<p>Saiba os hor\u00e1rios de funcionamento do com\u00e9rcio e dos shoppings de Ribeir\u00e3o na v\u00e9spera e no Natal<\/p>\n<h2 class=\"wp-block-heading\"><strong>FIQUE ON<\/strong><\/h2>\n<p>Fique ligado em tudo que acontece em Ribeir\u00e3o Preto e regi\u00e3o. Siga os perfis do\u00a0<strong>acidade on\u00a0<\/strong>no<a href=\"https:\/\/www.instagram.com\/acidadeonribeirao\" target=\"_blank\" rel=\"noreferrer noopener\">\u00a0Instagram<\/a>\u00a0e no<a href=\"https:\/\/www.facebook.com\/acidadeonribeirao\/\" target=\"_blank\" rel=\"noreferrer noopener\">\u00a0Facebook<\/a>.<\/p>\n<p>Receba not\u00edcias do\u00a0<strong>acidade on<\/strong>\u00a0no WhatsApp. Para entrar no grupo,\u00a0basta<a href=\"https:\/\/chat.whatsapp.com\/GFH9HUMUTHNFJdnyEd0xxq\" target=\"_blank\" rel=\"noreferrer noopener\">\u00a0clicar aqui<\/a>. Ou, acesse o nosso\u00a0Canal\u00a0<a href=\"https:\/\/whatsapp.com\/channel\/0029Vb6IQl1JENyAeS57fk2p\" target=\"_blank\" rel=\"noreferrer noopener\">clicando aqui<\/a>.<\/p>\n<p>Fa\u00e7a uma den\u00fancia ou sugira uma reportagem sobre Ribeir\u00e3o Preto e regi\u00e3o pelo WhatsApp: 16 99117 7802.<\/p>\n<p>VEJA TAMB\u00c9M<br \/>Libertadores 2026: veja como ficaram os potes do sorteio da fase de grupos<\/p>\n<p><!-- AI CONTENT END 1 -->\n<\/div>\n<p><script async src=\"\/\/www.instagram.com\/embed.js\"><\/script><br \/>\n<br \/><br \/>\n<br \/><a href=\"https:\/\/www.acidadeon.com\/ribeiraopreto\/cotidiano\/gcms-de-sertaozinho-recebem-medalha-nacional-ligada-a-missoes-de-paz-da-onu\/\">Source link <\/a><\/p>\n<!-- CONTENT END 1 -->\n","protected":false},"excerpt":{"rendered":"<p>Um grupo de guardas civis municipais de Sert\u00e3ozinho, cidade na regi\u00e3o de Ribeir\u00e3o Preto, foi homenageado pela Associa\u00e7\u00e3o Brasileira das For\u00e7as Internacionais de Paz (ABFIP)&#8230;<\/p>\n","protected":false},"author":1,"featured_media":81112,"comment_status":"open","ping_status":"open","sticky":false,"template":"","format":"standard","meta":{"advanced_seo_description":"","jetpack_seo_html_title":"","jetpack_seo_noindex":false,"jetpack_post_was_ever_published":false,"_jetpack_newsletter_access":"","_jetpack_dont_email_post_to_subs":false,"_jetpack_newsletter_tier_id":0,"_jetpack_memberships_contains_paywalled_content":false,"_jetpack_memberships_contains_paid_content":false,"footnotes":"","jetpack_publicize_message":"","jetpack_publicize_feature_enabled":true,"jetpack_social_post_already_shared":true,"jetpack_social_options":{"image_generator_settings":{"template":"highway","default_image_id":0,"font":"","enabled":false},"version":2}},"categories":[11],"tags":[],"class_list":["post-81111","post","type-post","status-publish","format-standard","has-post-thumbnail","hentry","category-noticias-de-ribeirao-preto-sp-e-regiao-ismael-colosi"],"jetpack_publicize_connections":[],"jetpack_featured_media_url":"https:\/\/i0.wp.com\/noticiasribeiraopreto.com.br\/wp-content\/uploads\/2025\/12\/WhatsApp-Image-2025-12-22-at-15.23.14_2025-12-23_18-46-12.webp.webp?fit=1080%2C619&ssl=1","jetpack-related-posts":[{"id":63455,"url":"https:\/\/noticiasribeiraopreto.com.br\/index.php\/2025\/02\/13\/ciclista-morto-em-sp-era-professor-e-ja-competiu-pela-equipe-de-ribeirao-preto\/","url_meta":{"origin":81111,"position":0},"title":"Ciclista morto em SP era professor e j\u00e1 competiu pela equipe de Ribeir\u00e3o Preto","author":"noticiasribeiraopreto.com.br","date":"13 de February de 2025","format":false,"excerpt":"O ciclista Vitor Medrado, de 46 anos, foi baleado e morreu na regi\u00e3o do Itaim Bibi, em S\u00e3o Paulo. O crime aconteceu nos arredores do Parque do Povo, por volta das 6h. Vitor era professor da Associa\u00e7\u00e3o Sertanezina de Ciclismo (ASC), em Sert\u00e3ozinho, na regi\u00e3o de Ribeir\u00e3o Preto. Ele tamb\u00e9m\u2026","rel":"","context":"In &quot;Not\u00edcias de Ribeir\u00e3o Preto-SP e Regi\u00e3o&quot;","block_context":{"text":"Not\u00edcias de Ribeir\u00e3o Preto-SP e Regi\u00e3o","link":"https:\/\/noticiasribeiraopreto.com.br\/index.php\/category\/noticias-de-ribeirao-preto-sp-e-regiao-ismael-colosi\/"},"img":{"alt_text":"","src":"https:\/\/i0.wp.com\/noticiasribeiraopreto.com.br\/wp-content\/uploads\/2025\/02\/Copia-de-Copia-de-Copia-de-TAMANHO-EXATO-PARA-FOTOS-NO-SISTEMA-NOVO-2025-02-13T154136.210_2025-02-13_18-41-47_png_2025-02-13_18-41-47.webp.webp?fit=1200%2C675&ssl=1&resize=350%2C200","width":350,"height":200,"srcset":"https:\/\/i0.wp.com\/noticiasribeiraopreto.com.br\/wp-content\/uploads\/2025\/02\/Copia-de-Copia-de-Copia-de-TAMANHO-EXATO-PARA-FOTOS-NO-SISTEMA-NOVO-2025-02-13T154136.210_2025-02-13_18-41-47_png_2025-02-13_18-41-47.webp.webp?fit=1200%2C675&ssl=1&resize=350%2C200 1x, https:\/\/i0.wp.com\/noticiasribeiraopreto.com.br\/wp-content\/uploads\/2025\/02\/Copia-de-Copia-de-Copia-de-TAMANHO-EXATO-PARA-FOTOS-NO-SISTEMA-NOVO-2025-02-13T154136.210_2025-02-13_18-41-47_png_2025-02-13_18-41-47.webp.webp?fit=1200%2C675&ssl=1&resize=525%2C300 1.5x, https:\/\/i0.wp.com\/noticiasribeiraopreto.com.br\/wp-content\/uploads\/2025\/02\/Copia-de-Copia-de-Copia-de-TAMANHO-EXATO-PARA-FOTOS-NO-SISTEMA-NOVO-2025-02-13T154136.210_2025-02-13_18-41-47_png_2025-02-13_18-41-47.webp.webp?fit=1200%2C675&ssl=1&resize=700%2C400 2x, https:\/\/i0.wp.com\/noticiasribeiraopreto.com.br\/wp-content\/uploads\/2025\/02\/Copia-de-Copia-de-Copia-de-TAMANHO-EXATO-PARA-FOTOS-NO-SISTEMA-NOVO-2025-02-13T154136.210_2025-02-13_18-41-47_png_2025-02-13_18-41-47.webp.webp?fit=1200%2C675&ssl=1&resize=1050%2C600 3x"},"classes":[]},{"id":84337,"url":"https:\/\/noticiasribeiraopreto.com.br\/index.php\/2026\/04\/07\/parque-de-ribeirao-preto-recebe-acao-esportiva-gratuita-veja-quando\/","url_meta":{"origin":81111,"position":1},"title":"Parque de Ribeir\u00e3o Preto recebe a\u00e7\u00e3o esportiva gratuita; Veja quando","author":"noticiasribeiraopreto.com.br","date":"7 de April de 2026","format":false,"excerpt":"Ler o resumo da not\u00edcia O parque Maur\u00edlio Biagi, em Ribeir\u00e3o Preto, recebe neste s\u00e1bado (11) a a\u00e7\u00e3o \"Esporte na Rua\", com atividades gratuitas. A iniciativa ocorre das 7h30 \u00e0s 11h30 e oferece oficinas de basquete, skate e futebol abertas ao p\u00fablico. O evento \u00e9 promovido pela Rede Esporte pela\u2026","rel":"","context":"In &quot;Not\u00edcias de Ribeir\u00e3o Preto-SP e Regi\u00e3o&quot;","block_context":{"text":"Not\u00edcias de Ribeir\u00e3o Preto-SP e Regi\u00e3o","link":"https:\/\/noticiasribeiraopreto.com.br\/index.php\/category\/noticias-de-ribeirao-preto-sp-e-regiao-ismael-colosi\/"},"img":{"alt_text":"","src":"https:\/\/i0.wp.com\/noticiasribeiraopreto.com.br\/wp-content\/uploads\/2026\/04\/parque-maurilio-biagi_2025-07-22_13-13-00.webp.webp?fit=1200%2C800&ssl=1&resize=350%2C200","width":350,"height":200,"srcset":"https:\/\/i0.wp.com\/noticiasribeiraopreto.com.br\/wp-content\/uploads\/2026\/04\/parque-maurilio-biagi_2025-07-22_13-13-00.webp.webp?fit=1200%2C800&ssl=1&resize=350%2C200 1x, https:\/\/i0.wp.com\/noticiasribeiraopreto.com.br\/wp-content\/uploads\/2026\/04\/parque-maurilio-biagi_2025-07-22_13-13-00.webp.webp?fit=1200%2C800&ssl=1&resize=525%2C300 1.5x, https:\/\/i0.wp.com\/noticiasribeiraopreto.com.br\/wp-content\/uploads\/2026\/04\/parque-maurilio-biagi_2025-07-22_13-13-00.webp.webp?fit=1200%2C800&ssl=1&resize=700%2C400 2x, https:\/\/i0.wp.com\/noticiasribeiraopreto.com.br\/wp-content\/uploads\/2026\/04\/parque-maurilio-biagi_2025-07-22_13-13-00.webp.webp?fit=1200%2C800&ssl=1&resize=1050%2C600 3x"},"classes":[]},{"id":65296,"url":"https:\/\/noticiasribeiraopreto.com.br\/index.php\/2025\/03\/18\/mp-quer-barrar-lei-que-renomeia-gcm-para-policia-metropolitana-de-ribeirao-preto\/","url_meta":{"origin":81111,"position":2},"title":"MP quer barrar lei que renomeia GCM para Pol\u00edcia Metropolitana de Ribeir\u00e3o Preto","author":"noticiasribeiraopreto.com.br","date":"18 de March de 2025","format":false,"excerpt":"A Procuradoria-Geral de Justi\u00e7a de S\u00e3o Paulo, \u00f3rg\u00e3o m\u00e1ximo do MP-SP (Minist\u00e9rio P\u00fablico de S\u00e3o Paulo), entrou com uma Adin (A\u00e7\u00e3o Direta de Inconstitucionalidade) contra a lei que muda o nome da GCM (Guarda Civil Metropolitana) para Pol\u00edcia Metropolitana de Ribeir\u00e3o Preto. De acordo com a a\u00e7\u00e3o, que deu entrada\u2026","rel":"","context":"In &quot;Not\u00edcias de Ribeir\u00e3o Preto-SP e Regi\u00e3o&quot;","block_context":{"text":"Not\u00edcias de Ribeir\u00e3o Preto-SP e Regi\u00e3o","link":"https:\/\/noticiasribeiraopreto.com.br\/index.php\/category\/noticias-de-ribeirao-preto-sp-e-regiao-ismael-colosi\/"},"img":{"alt_text":"","src":"https:\/\/i0.wp.com\/noticiasribeiraopreto.com.br\/wp-content\/uploads\/2025\/02\/AnyConv.com__guarda-civil-metropolitana_2024-07-03_19-49-25.webp.webp?fit=1200%2C800&ssl=1&resize=350%2C200","width":350,"height":200,"srcset":"https:\/\/i0.wp.com\/noticiasribeiraopreto.com.br\/wp-content\/uploads\/2025\/02\/AnyConv.com__guarda-civil-metropolitana_2024-07-03_19-49-25.webp.webp?fit=1200%2C800&ssl=1&resize=350%2C200 1x, https:\/\/i0.wp.com\/noticiasribeiraopreto.com.br\/wp-content\/uploads\/2025\/02\/AnyConv.com__guarda-civil-metropolitana_2024-07-03_19-49-25.webp.webp?fit=1200%2C800&ssl=1&resize=525%2C300 1.5x, https:\/\/i0.wp.com\/noticiasribeiraopreto.com.br\/wp-content\/uploads\/2025\/02\/AnyConv.com__guarda-civil-metropolitana_2024-07-03_19-49-25.webp.webp?fit=1200%2C800&ssl=1&resize=700%2C400 2x, https:\/\/i0.wp.com\/noticiasribeiraopreto.com.br\/wp-content\/uploads\/2025\/02\/AnyConv.com__guarda-civil-metropolitana_2024-07-03_19-49-25.webp.webp?fit=1200%2C800&ssl=1&resize=1050%2C600 3x"},"classes":[]},{"id":1228,"url":"https:\/\/noticiasribeiraopreto.com.br\/index.php\/2023\/11\/11\/o-brasil-deve-ser-mediador-da-paz\/","url_meta":{"origin":81111,"position":3},"title":"O Brasil deve ser mediador da paz\u00a0","author":"noticiasribeiraopreto.com.br","date":"11 de November de 2023","format":false,"excerpt":"11 de novembro de 2023 | 8:1510 de novembro de 2023 | 16:50 0Andr\u00e9 Luiz da Silva *[email\u00a0protected]H\u00e1 150 anos, em 11 de novembro de 1918, a Primeira Guerra Mundial chegava ao fim. O Armist\u00edcio de Compi\u00e8gne, assinado entre a Alemanha e os Aliados, encerrou quatro anos de guerra que\u2026","rel":"","context":"In &quot;Not\u00edcias de Ribeir\u00e3o Preto-SP e Regi\u00e3o&quot;","block_context":{"text":"Not\u00edcias de Ribeir\u00e3o Preto-SP e Regi\u00e3o","link":"https:\/\/noticiasribeiraopreto.com.br\/index.php\/category\/noticias-de-ribeirao-preto-sp-e-regiao-ismael-colosi\/"},"img":{"alt_text":"","src":"https:\/\/i0.wp.com\/noticiasribeiraopreto.com.br\/wp-content\/uploads\/2023\/11\/Andre-Luiz-da-Silva.jpg?fit=700%2C450&ssl=1&resize=350%2C200","width":350,"height":200,"srcset":"https:\/\/i0.wp.com\/noticiasribeiraopreto.com.br\/wp-content\/uploads\/2023\/11\/Andre-Luiz-da-Silva.jpg?fit=700%2C450&ssl=1&resize=350%2C200 1x, https:\/\/i0.wp.com\/noticiasribeiraopreto.com.br\/wp-content\/uploads\/2023\/11\/Andre-Luiz-da-Silva.jpg?fit=700%2C450&ssl=1&resize=525%2C300 1.5x, https:\/\/i0.wp.com\/noticiasribeiraopreto.com.br\/wp-content\/uploads\/2023\/11\/Andre-Luiz-da-Silva.jpg?fit=700%2C450&ssl=1&resize=700%2C400 2x"},"classes":[]},{"id":59300,"url":"https:\/\/noticiasribeiraopreto.com.br\/index.php\/2024\/10\/20\/morre-3a-vitima-de-explosao-em-industria-quimica-de-sertaozinho\/","url_meta":{"origin":81111,"position":4},"title":"Morre 3\u00aa v\u00edtima de explos\u00e3o em ind\u00fastria qu\u00edmica de Sert\u00e3ozinho","author":"noticiasribeiraopreto.com.br","date":"20 de October de 2024","format":false,"excerpt":"Morreu na manh\u00e3 deste domingo (20) a terceira v\u00edtima da explos\u00e3o em ind\u00fastria qu\u00edmica de Sert\u00e3ozinho, na regi\u00e3o de Ribeir\u00e3o Preto. A fam\u00edlia e a empresa Innove Qu\u00edmica confirmaram o falecimento de Gabriel Augusto da Silva, 24 anos. Ele estava internado em um hospital particular de Ribeir\u00e3o. A fam\u00edlia informou\u2026","rel":"","context":"In &quot;Not\u00edcias de Ribeir\u00e3o Preto-SP e Regi\u00e3o&quot;","block_context":{"text":"Not\u00edcias de Ribeir\u00e3o Preto-SP e Regi\u00e3o","link":"https:\/\/noticiasribeiraopreto.com.br\/index.php\/category\/noticias-de-ribeirao-preto-sp-e-regiao-ismael-colosi\/"},"img":{"alt_text":"","src":"https:\/\/i0.wp.com\/noticiasribeiraopreto.com.br\/wp-content\/uploads\/2024\/10\/WhatsApp-Image-2024-10-11-at-15.37.58_2024-10-11_18-45-56_jpeg_2024-10-11_18-45-57-scaled.webp.webp?fit=1200%2C900&ssl=1&resize=350%2C200","width":350,"height":200,"srcset":"https:\/\/i0.wp.com\/noticiasribeiraopreto.com.br\/wp-content\/uploads\/2024\/10\/WhatsApp-Image-2024-10-11-at-15.37.58_2024-10-11_18-45-56_jpeg_2024-10-11_18-45-57-scaled.webp.webp?fit=1200%2C900&ssl=1&resize=350%2C200 1x, https:\/\/i0.wp.com\/noticiasribeiraopreto.com.br\/wp-content\/uploads\/2024\/10\/WhatsApp-Image-2024-10-11-at-15.37.58_2024-10-11_18-45-56_jpeg_2024-10-11_18-45-57-scaled.webp.webp?fit=1200%2C900&ssl=1&resize=525%2C300 1.5x, https:\/\/i0.wp.com\/noticiasribeiraopreto.com.br\/wp-content\/uploads\/2024\/10\/WhatsApp-Image-2024-10-11-at-15.37.58_2024-10-11_18-45-56_jpeg_2024-10-11_18-45-57-scaled.webp.webp?fit=1200%2C900&ssl=1&resize=700%2C400 2x, https:\/\/i0.wp.com\/noticiasribeiraopreto.com.br\/wp-content\/uploads\/2024\/10\/WhatsApp-Image-2024-10-11-at-15.37.58_2024-10-11_18-45-56_jpeg_2024-10-11_18-45-57-scaled.webp.webp?fit=1200%2C900&ssl=1&resize=1050%2C600 3x"},"classes":[]},{"id":42402,"url":"https:\/\/noticiasribeiraopreto.com.br\/index.php\/2024\/03\/14\/policia-prende-grupo-que-recrutava-menores-para-trafico-na-regiao\/","url_meta":{"origin":81111,"position":5},"title":"Pol\u00edcia prende grupo que recrutava menores para tr\u00e1fico na regi\u00e3o","author":"noticiasribeiraopreto.com.br","date":"14 de March de 2024","format":false,"excerpt":"Opera\u00e7\u00e3o envolveu Pol\u00edcia Civil, Militar e o Canil da Guarda Civil Metropolitana de Ribeir\u00e3o Preto 14 de mar\u00e7o de 2024 | 12:50 0Por: Adalberto LuqueUma for\u00e7a-tarefa resultou na pris\u00e3o de quatro pessoas suspeitas de recrutarem menores de idade para trabalhar no tr\u00e1fico de drogas. A opera\u00e7\u00e3o foi realizada nesta quarta-feira\u2026","rel":"","context":"In &quot;Not\u00edcias de Ribeir\u00e3o Preto-SP e Regi\u00e3o&quot;","block_context":{"text":"Not\u00edcias de Ribeir\u00e3o Preto-SP e Regi\u00e3o","link":"https:\/\/noticiasribeiraopreto.com.br\/index.php\/category\/noticias-de-ribeirao-preto-sp-e-regiao-ismael-colosi\/"},"img":{"alt_text":"","src":"https:\/\/i0.wp.com\/noticiasribeiraopreto.com.br\/wp-content\/uploads\/2024\/03\/00-14-mar-2024-operacao-serrana-01-foto-divulgacao-gcm-scaled.jpg?fit=861%2C645&ssl=1&resize=350%2C200","width":350,"height":200,"srcset":"https:\/\/i0.wp.com\/noticiasribeiraopreto.com.br\/wp-content\/uploads\/2024\/03\/00-14-mar-2024-operacao-serrana-01-foto-divulgacao-gcm-scaled.jpg?fit=861%2C645&ssl=1&resize=350%2C200 1x, https:\/\/i0.wp.com\/noticiasribeiraopreto.com.br\/wp-content\/uploads\/2024\/03\/00-14-mar-2024-operacao-serrana-01-foto-divulgacao-gcm-scaled.jpg?fit=861%2C645&ssl=1&resize=525%2C300 1.5x, https:\/\/i0.wp.com\/noticiasribeiraopreto.com.br\/wp-content\/uploads\/2024\/03\/00-14-mar-2024-operacao-serrana-01-foto-divulgacao-gcm-scaled.jpg?fit=861%2C645&ssl=1&resize=700%2C400 2x"},"classes":[]}],"jetpack_sharing_enabled":true,"jetpack_shortlink":"https:\/\/wp.me\/peQAOb-l6f","_links":{"self":[{"href":"https:\/\/noticiasribeiraopreto.com.br\/index.php\/wp-json\/wp\/v2\/posts\/81111","targetHints":{"allow":["GET"]}}],"collection":[{"href":"https:\/\/noticiasribeiraopreto.com.br\/index.php\/wp-json\/wp\/v2\/posts"}],"about":[{"href":"https:\/\/noticiasribeiraopreto.com.br\/index.php\/wp-json\/wp\/v2\/types\/post"}],"author":[{"embeddable":true,"href":"https:\/\/noticiasribeiraopreto.com.br\/index.php\/wp-json\/wp\/v2\/users\/1"}],"replies":[{"embeddable":true,"href":"https:\/\/noticiasribeiraopreto.com.br\/index.php\/wp-json\/wp\/v2\/comments?post=81111"}],"version-history":[{"count":0,"href":"https:\/\/noticiasribeiraopreto.com.br\/index.php\/wp-json\/wp\/v2\/posts\/81111\/revisions"}],"wp:featuredmedia":[{"embeddable":true,"href":"https:\/\/noticiasribeiraopreto.com.br\/index.php\/wp-json\/wp\/v2\/media\/81112"}],"wp:attachment":[{"href":"https:\/\/noticiasribeiraopreto.com.br\/index.php\/wp-json\/wp\/v2\/media?parent=81111"}],"wp:term":[{"taxonomy":"category","embeddable":true,"href":"https:\/\/noticiasribeiraopreto.com.br\/index.php\/wp-json\/wp\/v2\/categories?post=81111"},{"taxonomy":"post_tag","embeddable":true,"href":"https:\/\/noticiasribeiraopreto.com.br\/index.php\/wp-json\/wp\/v2\/tags?post=81111"}],"curies":[{"name":"wp","href":"https:\/\/api.w.org\/{rel}","templated":true}]}}