{"id":81113,"date":"2025-12-24T07:12:28","date_gmt":"2025-12-24T10:12:28","guid":{"rendered":"https:\/\/noticiasribeiraopreto.com.br\/index.php\/2025\/12\/24\/proposta-quer-alienar-36-imoveis-publicos-de-ribeirao-para-moradias-do-minha-casa-minha-vida\/"},"modified":"2025-12-24T07:12:28","modified_gmt":"2025-12-24T10:12:28","slug":"proposta-quer-alienar-36-imoveis-publicos-de-ribeirao-para-moradias-do-minha-casa-minha-vida","status":"publish","type":"post","link":"https:\/\/noticiasribeiraopreto.com.br\/index.php\/2025\/12\/24\/proposta-quer-alienar-36-imoveis-publicos-de-ribeirao-para-moradias-do-minha-casa-minha-vida\/","title":{"rendered":"Proposta quer alienar 36 im\u00f3veis p\u00fablicos de Ribeir\u00e3o para moradias do Minha Casa, Minha Vida"},"content":{"rendered":"<div class='code-block code-block-1' style='margin: 8px 0 8px auto; text-align: right; display: block; clear: both;'>\n<p><a href=\"https:\/\/wa.link\/vpicfd\"><img data-recalc-dims=\"1\" class=\"wp-image-4922\" style=\"aspect-ratio: 2.0253164556962027; width: 561px; height: auto;\" src=\"https:\/\/i0.wp.com\/ismaelcolosi.com.br\/wp-content\/uploads\/2023\/11\/grupo-de-empregos-whatsapp-e-facebook-ismael-colosi-vagas.jpg?ssl=1\" alt=\"\" \/><\/a><\/p>\n<!-- \/wp:image -->\n<\/div>\n<p> <br \/>\n<\/p>\n<div>\n<p>A <strong><a href=\"https:\/\/www.ribeiraopreto.sp.gov.br\/portal\/\" data-type=\"link\" data-id=\"https:\/\/www.ribeiraopreto.sp.gov.br\/portal\/\" target=\"_blank\" rel=\"noopener\">Prefeitura de Ribeir\u00e3o Preto <\/a><\/strong>enviou o<a href=\"https:\/\/publico.camararibeiraopreto.sp.gov.br\/pysc\/download_materia_pysc?cod_materia=NDc4MjMw&amp;texto_original=1\" data-type=\"link\" data-id=\"https:\/\/publico.camararibeiraopreto.sp.gov.br\/pysc\/download_materia_pysc?cod_materia=NDc4MjMw&amp;texto_original=1\" target=\"_blank\" rel=\"noopener\"> projeto de lei complementar 61\/2025 <\/a>para <strong>C\u00e2mara Municipal<\/strong>, que permite alienar  36 im\u00f3veis p\u00fablicos para constru\u00e7\u00e3o de moradias no Programa <strong>Minha Casa, Minha Vida<\/strong>.<\/p>\n<p>Segundo a proposta, os im\u00f3veis ser\u00e3o desafetados, ou seja, perder\u00e3o a fun\u00e7\u00e3o p\u00fablica para que possam ser alienados pela Administra\u00e7\u00e3o Municipal, inclusive \u00e1reas verdes e institucionais. As moradias seriam constru\u00eddas nessas \u00e1reas.<\/p>\n<p>O projeto ainda prev\u00ea que os im\u00f3veis ser\u00e3o utilizados na constru\u00e7\u00e3o de moradias do Minha Casa, Minha Vida nas modalidades abaixo:<\/p>\n<ul class=\"wp-block-list\">\n<li>Fundo de arrendamento residencial;<\/li>\n<\/ul>\n<ul class=\"wp-block-list\">\n<li>Minha Casa, Minha Vida \u2013 Entidades.<\/li>\n<\/ul>\n<figure class=\"wp-block-image size-large\"><img data-recalc-dims=\"1\" fetchpriority=\"high\" decoding=\"async\" width=\"1024\" height=\"613\" src=\"https:\/\/i0.wp.com\/cdn.media-acidadeon.com.br\/ribeiraopreto\/wp-content\/uploads\/sites\/3\/2024\/02\/casa-popular-1024x613.jpg?resize=1024%2C613&#038;ssl=1\" alt=\"veja como usar o fgts na compra da casa pr\u00f3pria\" class=\"wp-image-71239\" title=\"Proposta quer alienar 36 im\u00f3veis p\u00fablicos de Ribeir\u00e3o para moradias do Minha Casa, Minha Vida 1\" srcset=\"https:\/\/cdn.media-acidadeon.com.br\/ribeiraopreto\/wp-content\/uploads\/sites\/3\/2024\/02\/casa-popular-1024x613.jpg 1024w, https:\/\/cdn.media-acidadeon.com.br\/ribeiraopreto\/wp-content\/uploads\/sites\/3\/2024\/02\/casa-popular-300x179.jpg 300w, https:\/\/cdn.media-acidadeon.com.br\/ribeiraopreto\/wp-content\/uploads\/sites\/3\/2024\/02\/casa-popular-768x459.jpg 768w, https:\/\/cdn.media-acidadeon.com.br\/ribeiraopreto\/wp-content\/uploads\/sites\/3\/2024\/02\/casa-popular-696x416.jpg 696w, https:\/\/cdn.media-acidadeon.com.br\/ribeiraopreto\/wp-content\/uploads\/sites\/3\/2024\/02\/casa-popular-1068x639.jpg 1068w, https:\/\/cdn.media-acidadeon.com.br\/ribeiraopreto\/wp-content\/uploads\/sites\/3\/2024\/02\/casa-popular.jpg 1160w\" sizes=\"(max-width: 1024px) 100vw, 1024px\"\/><figcaption class=\"wp-element-caption\">Casas ser\u00e3o financiadas pelo Minha Casa, Minha Vida e Nossa Casa (Foto: Ricardo Stuckert\/PR)<\/figcaption><\/figure>\n<p>Al\u00e9m disso, o projeto de lei complementar estipula o prazo de 30 dias para avalia\u00e7\u00e3o do valor dos im\u00f3veis ap\u00f3s a proposta ser promulgada.<\/p>\n<p>\u201cA altera\u00e7\u00e3o da destina\u00e7\u00e3o dos im\u00f3veis tem como finalidade exclusiva a implanta\u00e7\u00e3o de unidades habitacionais de interesse social, voltadas ao atendimento da popula\u00e7\u00e3o de baixa renda, contribuindo de forma efetiva para a redu\u00e7\u00e3o do d\u00e9ficit habitacional no Munic\u00edpio\u201d, informa a justificativa do projeto.<\/p>\n<h2 class=\"wp-block-heading\"><strong>Tramita\u00e7\u00e3o<\/strong><\/h2>\n<p>A proposta foi lida na sess\u00e3o da C\u00e2mara da \u00faltima segunda-feira (22), por isso, s\u00f3 deve ser votado em 2026, j\u00e1 que a Casa de Leis entrou em recesso Legislativo. As sess\u00f5es ordin\u00e1rias ser\u00e3o retomadas no dia 2 de fevereiro.<\/p>\n<p>SAIBA MAIS<br \/>Primeira semana do ver\u00e3o ter\u00e1 nova onda de calor em SP; Confira a previs\u00e3o<\/p>\n<h2 class=\"wp-block-heading\"><strong>FIQUE ON<\/strong><\/h2>\n<p>Fique ligado em tudo que acontece em Ribeir\u00e3o Preto e regi\u00e3o. Siga os perfis do\u00a0<strong>acidade on\u00a0<\/strong>no<a href=\"https:\/\/www.instagram.com\/acidadeonribeirao\" target=\"_blank\" rel=\"noreferrer noopener\">\u00a0Instagram<\/a>\u00a0e no<a href=\"https:\/\/www.facebook.com\/acidadeonribeirao\/\" target=\"_blank\" rel=\"noreferrer noopener\">\u00a0Facebook<\/a>.<\/p>\n<p>Receba not\u00edcias do\u00a0<strong>acidade on<\/strong>\u00a0no WhatsApp. Para entrar no grupo,\u00a0basta<a href=\"https:\/\/chat.whatsapp.com\/GFH9HUMUTHNFJdnyEd0xxq\" target=\"_blank\" rel=\"noreferrer noopener\">\u00a0clicar aqui<\/a>. Ou, acesse o nosso\u00a0Canal\u00a0<a href=\"https:\/\/whatsapp.com\/channel\/0029Vb6IQl1JENyAeS57fk2p\" target=\"_blank\" rel=\"noreferrer noopener\">clicando aqui<\/a>.<\/p>\n<p>Fa\u00e7a uma den\u00fancia ou sugira uma reportagem sobre Ribeir\u00e3o Preto e regi\u00e3o pelo WhatsApp: 16 99117 7802.<\/p>\n<p>VEJA TAMB\u00c9M<br \/>Libertadores 2026: veja como ficaram os potes do sorteio da fase de grupos<\/p>\n<p><!-- AI CONTENT END 1 -->\n<\/div>\n<p><script async src=\"\/\/www.instagram.com\/embed.js\"><\/script><br \/>\n<br \/><br \/>\n<br \/><a href=\"https:\/\/www.acidadeon.com\/ribeiraopreto\/politica\/proposta-quer-alienar-36-imoveis-publicos-de-ribeirao-para-moradias-do-minha-casa-minha-vida\/\">Source link <\/a><\/p>\n<!-- CONTENT END 1 -->\n","protected":false},"excerpt":{"rendered":"<p>A Prefeitura de Ribeir\u00e3o Preto enviou o projeto de lei complementar 61\/2025 para C\u00e2mara Municipal, que permite alienar 36 im\u00f3veis p\u00fablicos para constru\u00e7\u00e3o de moradias&#8230;<\/p>\n","protected":false},"author":1,"featured_media":79230,"comment_status":"open","ping_status":"open","sticky":false,"template":"","format":"standard","meta":{"advanced_seo_description":"","jetpack_seo_html_title":"","jetpack_seo_noindex":false,"jetpack_post_was_ever_published":false,"_jetpack_newsletter_access":"","_jetpack_dont_email_post_to_subs":false,"_jetpack_newsletter_tier_id":0,"_jetpack_memberships_contains_paywalled_content":false,"_jetpack_memberships_contains_paid_content":false,"footnotes":"","jetpack_publicize_message":"","jetpack_publicize_feature_enabled":true,"jetpack_social_post_already_shared":true,"jetpack_social_options":{"image_generator_settings":{"template":"highway","default_image_id":0,"font":"","enabled":false},"version":2}},"categories":[11],"tags":[],"class_list":["post-81113","post","type-post","status-publish","format-standard","has-post-thumbnail","hentry","category-noticias-de-ribeirao-preto-sp-e-regiao-ismael-colosi"],"jetpack_publicize_connections":[],"jetpack_featured_media_url":"https:\/\/i0.wp.com\/noticiasribeiraopreto.com.br\/wp-content\/uploads\/2025\/10\/camara-de-ribeirao-preto_2025-10-27_20-36-22.webp.webp?fit=1024%2C576&ssl=1","jetpack-related-posts":[{"id":62718,"url":"https:\/\/noticiasribeiraopreto.com.br\/index.php\/2025\/01\/22\/minha-casa-minha-vida-governo-preve-construcao-de-445-imoveis-na-regiao-de-ribeirao-preto\/","url_meta":{"origin":81113,"position":0},"title":"Minha Casa, Minha Vida: Governo prev\u00ea constru\u00e7\u00e3o de 445 im\u00f3veis na regi\u00e3o de Ribeir\u00e3o Preto","author":"noticiasribeiraopreto.com.br","date":"22 de January de 2025","format":false,"excerpt":"O Governo Federal anunciou, na \u00faltima segunda-feira (20), que nove munic\u00edpios da regi\u00e3o de Ribeir\u00e3o Preto foram habilitados para apresentarem propostas de projetos habitacionais pelo programa Minha Casa Minha Vida. A autoriza\u00e7\u00e3o para a constru\u00e7\u00e3o dos im\u00f3veis populares foi publicada no Di\u00e1rio Oficial da Uni\u00e3o. Conforme o documento, ser\u00e3o beneficiadas\u2026","rel":"","context":"In &quot;Not\u00edcias de Ribeir\u00e3o Preto-SP e Regi\u00e3o&quot;","block_context":{"text":"Not\u00edcias de Ribeir\u00e3o Preto-SP e Regi\u00e3o","link":"https:\/\/noticiasribeiraopreto.com.br\/index.php\/category\/noticias-de-ribeirao-preto-sp-e-regiao-ismael-colosi\/"},"img":{"alt_text":"","src":"https:\/\/i0.wp.com\/noticiasribeiraopreto.com.br\/wp-content\/uploads\/2025\/01\/minha-casa-minha-vida.jpeg?fit=768%2C441&ssl=1&resize=350%2C200","width":350,"height":200,"srcset":"https:\/\/i0.wp.com\/noticiasribeiraopreto.com.br\/wp-content\/uploads\/2025\/01\/minha-casa-minha-vida.jpeg?fit=768%2C441&ssl=1&resize=350%2C200 1x, https:\/\/i0.wp.com\/noticiasribeiraopreto.com.br\/wp-content\/uploads\/2025\/01\/minha-casa-minha-vida.jpeg?fit=768%2C441&ssl=1&resize=525%2C300 1.5x, https:\/\/i0.wp.com\/noticiasribeiraopreto.com.br\/wp-content\/uploads\/2025\/01\/minha-casa-minha-vida.jpeg?fit=768%2C441&ssl=1&resize=700%2C400 2x"},"classes":[]},{"id":16246,"url":"https:\/\/noticiasribeiraopreto.com.br\/index.php\/2023\/12\/15\/rp-doa-areas-para-441-moradias\/","url_meta":{"origin":81113,"position":1},"title":"RP doa \u00e1reas para 441 moradias\u00a0","author":"noticiasribeiraopreto.com.br","date":"15 de December de 2023","format":false,"excerpt":"15 de dezembro de 2023 | 8:3014 de dezembro de 2023 | 19:16 0A prefeitura de Ribeir\u00e3o Preto enviou projeto de lei \u00e0 C\u00e2mara de Vereadores propondo a doa\u00e7\u00e3o de tr\u00eas \u00e1reas do munic\u00edpio para a constru\u00e7\u00e3o de 441 im\u00f3veis pelo novo Minha Casa, Minha Vida. Os terrenos, caso a\u2026","rel":"","context":"In &quot;Not\u00edcias de Ribeir\u00e3o Preto-SP e Regi\u00e3o&quot;","block_context":{"text":"Not\u00edcias de Ribeir\u00e3o Preto-SP e Regi\u00e3o","link":"https:\/\/noticiasribeiraopreto.com.br\/index.php\/category\/noticias-de-ribeirao-preto-sp-e-regiao-ismael-colosi\/"},"img":{"alt_text":"","src":"https:\/\/i0.wp.com\/noticiasribeiraopreto.com.br\/wp-content\/uploads\/2023\/12\/prefeitura-scaled.jpg?fit=906%2C645&ssl=1&resize=350%2C200","width":350,"height":200,"srcset":"https:\/\/i0.wp.com\/noticiasribeiraopreto.com.br\/wp-content\/uploads\/2023\/12\/prefeitura-scaled.jpg?fit=906%2C645&ssl=1&resize=350%2C200 1x, https:\/\/i0.wp.com\/noticiasribeiraopreto.com.br\/wp-content\/uploads\/2023\/12\/prefeitura-scaled.jpg?fit=906%2C645&ssl=1&resize=525%2C300 1.5x, https:\/\/i0.wp.com\/noticiasribeiraopreto.com.br\/wp-content\/uploads\/2023\/12\/prefeitura-scaled.jpg?fit=906%2C645&ssl=1&resize=700%2C400 2x"},"classes":[]},{"id":83266,"url":"https:\/\/noticiasribeiraopreto.com.br\/index.php\/2026\/03\/14\/ribeirao-preto-abre-edital-para-construcao-de-752-moradias-populares\/","url_meta":{"origin":81113,"position":2},"title":"Ribeir\u00e3o Preto abre edital para constru\u00e7\u00e3o de 752 moradias populares","author":"noticiasribeiraopreto.com.br","date":"14 de March de 2026","format":false,"excerpt":"A Prefeitura de Ribeir\u00e3o Preto abriu um edital para selecionar empresas da constru\u00e7\u00e3o civil interessadas em construir 752 moradias populares no munic\u00edpio. Os novos empreendimentos v\u00e3o ser constru\u00eddos em seis \u00e1reas localizadas nos bairros Jardim Paiva, Jos\u00e9 Sampaio e C\u00e2ndido Portinari. As casas ser\u00e3o destinadas a fam\u00edlias de baixa renda,\u2026","rel":"","context":"In &quot;Not\u00edcias de Ribeir\u00e3o Preto-SP e Regi\u00e3o&quot;","block_context":{"text":"Not\u00edcias de Ribeir\u00e3o Preto-SP e Regi\u00e3o","link":"https:\/\/noticiasribeiraopreto.com.br\/index.php\/category\/noticias-de-ribeirao-preto-sp-e-regiao-ismael-colosi\/"},"img":{"alt_text":"","src":"https:\/\/i0.wp.com\/noticiasribeiraopreto.com.br\/wp-content\/uploads\/2026\/03\/palace-69_2026-03-13_19-55-05.webp.webp?fit=1200%2C675&ssl=1&resize=350%2C200","width":350,"height":200,"srcset":"https:\/\/i0.wp.com\/noticiasribeiraopreto.com.br\/wp-content\/uploads\/2026\/03\/palace-69_2026-03-13_19-55-05.webp.webp?fit=1200%2C675&ssl=1&resize=350%2C200 1x, https:\/\/i0.wp.com\/noticiasribeiraopreto.com.br\/wp-content\/uploads\/2026\/03\/palace-69_2026-03-13_19-55-05.webp.webp?fit=1200%2C675&ssl=1&resize=525%2C300 1.5x, https:\/\/i0.wp.com\/noticiasribeiraopreto.com.br\/wp-content\/uploads\/2026\/03\/palace-69_2026-03-13_19-55-05.webp.webp?fit=1200%2C675&ssl=1&resize=700%2C400 2x, https:\/\/i0.wp.com\/noticiasribeiraopreto.com.br\/wp-content\/uploads\/2026\/03\/palace-69_2026-03-13_19-55-05.webp.webp?fit=1200%2C675&ssl=1&resize=1050%2C600 3x"},"classes":[]},{"id":53383,"url":"https:\/\/noticiasribeiraopreto.com.br\/index.php\/2024\/06\/19\/ribeirao-tem-mudanca-em-lei-para-construcao-de-casas-populares-veja-os-locais\/","url_meta":{"origin":81113,"position":3},"title":"Ribeir\u00e3o tem mudan\u00e7a em lei para constru\u00e7\u00e3o de casas populares; Veja os locais","author":"noticiasribeiraopreto.com.br","date":"19 de June de 2024","format":false,"excerpt":"A C\u00e2mara Municipal de Ribeir\u00e3o Preto aprovou em primeira discuss\u00e3o, na \u00faltima ter\u00e7a-feira (18), um projeto de lei complementar que muda as regras para venda de im\u00f3veis p\u00fablicos para constru\u00e7\u00e3o de moradias populares na cidade. De acordo com a proposta encaminhada pela prefeitura, a medida foi uma exig\u00eancia da Caixa\u2026","rel":"","context":"In &quot;Not\u00edcias de Ribeir\u00e3o Preto-SP e Regi\u00e3o&quot;","block_context":{"text":"Not\u00edcias de Ribeir\u00e3o Preto-SP e Regi\u00e3o","link":"https:\/\/noticiasribeiraopreto.com.br\/index.php\/category\/noticias-de-ribeirao-preto-sp-e-regiao-ismael-colosi\/"},"img":{"alt_text":"","src":"https:\/\/i0.wp.com\/noticiasribeiraopreto.com.br\/wp-content\/uploads\/2024\/06\/casa-popular.jpg?fit=1160%2C694&ssl=1&resize=350%2C200","width":350,"height":200,"srcset":"https:\/\/i0.wp.com\/noticiasribeiraopreto.com.br\/wp-content\/uploads\/2024\/06\/casa-popular.jpg?fit=1160%2C694&ssl=1&resize=350%2C200 1x, https:\/\/i0.wp.com\/noticiasribeiraopreto.com.br\/wp-content\/uploads\/2024\/06\/casa-popular.jpg?fit=1160%2C694&ssl=1&resize=525%2C300 1.5x, https:\/\/i0.wp.com\/noticiasribeiraopreto.com.br\/wp-content\/uploads\/2024\/06\/casa-popular.jpg?fit=1160%2C694&ssl=1&resize=700%2C400 2x, https:\/\/i0.wp.com\/noticiasribeiraopreto.com.br\/wp-content\/uploads\/2024\/06\/casa-popular.jpg?fit=1160%2C694&ssl=1&resize=1050%2C600 3x"},"classes":[]},{"id":60174,"url":"https:\/\/noticiasribeiraopreto.com.br\/index.php\/2024\/11\/07\/caixa-assina-contrato-para-construcao-de-moradias-populares-em-ribeirao-preto\/","url_meta":{"origin":81113,"position":4},"title":"Caixa assina contrato para constru\u00e7\u00e3o de moradias populares em Ribeir\u00e3o Preto","author":"noticiasribeiraopreto.com.br","date":"7 de November de 2024","format":false,"excerpt":"A Caixa Econ\u00f4mica Federal assinou na \u00faltima segunda-feira (4) o contrato para constru\u00e7\u00e3o do empreendimento com 144 de moradias populares selecionado no Programa Minha Casa, Minha Vida \u2013 Entidades, em Ribeir\u00e3o Preto. O acordo foi assinado com os representantes do Mohas (Movimento Habitacional e A\u00e7\u00e3o), \u00a0movimento social que foi selecionado\u2026","rel":"","context":"In &quot;Not\u00edcias de Ribeir\u00e3o Preto-SP e Regi\u00e3o&quot;","block_context":{"text":"Not\u00edcias de Ribeir\u00e3o Preto-SP e Regi\u00e3o","link":"https:\/\/noticiasribeiraopreto.com.br\/index.php\/category\/noticias-de-ribeirao-preto-sp-e-regiao-ismael-colosi\/"},"img":{"alt_text":"","src":"https:\/\/i0.wp.com\/noticiasribeiraopreto.com.br\/wp-content\/uploads\/2024\/11\/casa-popular.jpg?fit=1160%2C694&ssl=1&resize=350%2C200","width":350,"height":200,"srcset":"https:\/\/i0.wp.com\/noticiasribeiraopreto.com.br\/wp-content\/uploads\/2024\/11\/casa-popular.jpg?fit=1160%2C694&ssl=1&resize=350%2C200 1x, https:\/\/i0.wp.com\/noticiasribeiraopreto.com.br\/wp-content\/uploads\/2024\/11\/casa-popular.jpg?fit=1160%2C694&ssl=1&resize=525%2C300 1.5x, https:\/\/i0.wp.com\/noticiasribeiraopreto.com.br\/wp-content\/uploads\/2024\/11\/casa-popular.jpg?fit=1160%2C694&ssl=1&resize=700%2C400 2x, https:\/\/i0.wp.com\/noticiasribeiraopreto.com.br\/wp-content\/uploads\/2024\/11\/casa-popular.jpg?fit=1160%2C694&ssl=1&resize=1050%2C600 3x"},"classes":[]},{"id":79551,"url":"https:\/\/noticiasribeiraopreto.com.br\/index.php\/2025\/11\/03\/ribeirao-preto-abre-cadastro-para-128-moradias-do-minha-casa-minha-vida-veja-como-participar\/","url_meta":{"origin":81113,"position":5},"title":"Ribeir\u00e3o Preto abre cadastro para 128 moradias do Minha Casa, Minha Vida; veja como participar","author":"noticiasribeiraopreto.com.br","date":"3 de November de 2025","format":false,"excerpt":"A Prefeitura de Ribeir\u00e3o Preto abriu, nesta segunda-feira (3), o cadastro para a pr\u00e9-sele\u00e7\u00e3o de fam\u00edlias de baixa renda interessadas em concorrer a 128 casas do programa Minha Casa, Minha Vida. As inscri\u00e7\u00f5es poder\u00e3o ser realizadas at\u00e9 o dia 16 de novembro, de forma online (clique aqui) ou presencialmente, na\u2026","rel":"","context":"In &quot;Not\u00edcias de Ribeir\u00e3o Preto-SP e Regi\u00e3o&quot;","block_context":{"text":"Not\u00edcias de Ribeir\u00e3o Preto-SP e Regi\u00e3o","link":"https:\/\/noticiasribeiraopreto.com.br\/index.php\/category\/noticias-de-ribeirao-preto-sp-e-regiao-ismael-colosi\/"},"img":{"alt_text":"","src":"https:\/\/i0.wp.com\/noticiasribeiraopreto.com.br\/wp-content\/uploads\/2025\/11\/minha-casa-minha-vida.jpeg?fit=768%2C441&ssl=1&resize=350%2C200","width":350,"height":200,"srcset":"https:\/\/i0.wp.com\/noticiasribeiraopreto.com.br\/wp-content\/uploads\/2025\/11\/minha-casa-minha-vida.jpeg?fit=768%2C441&ssl=1&resize=350%2C200 1x, https:\/\/i0.wp.com\/noticiasribeiraopreto.com.br\/wp-content\/uploads\/2025\/11\/minha-casa-minha-vida.jpeg?fit=768%2C441&ssl=1&resize=525%2C300 1.5x, https:\/\/i0.wp.com\/noticiasribeiraopreto.com.br\/wp-content\/uploads\/2025\/11\/minha-casa-minha-vida.jpeg?fit=768%2C441&ssl=1&resize=700%2C400 2x"},"classes":[]}],"jetpack_sharing_enabled":true,"jetpack_shortlink":"https:\/\/wp.me\/peQAOb-l6h","_links":{"self":[{"href":"https:\/\/noticiasribeiraopreto.com.br\/index.php\/wp-json\/wp\/v2\/posts\/81113","targetHints":{"allow":["GET"]}}],"collection":[{"href":"https:\/\/noticiasribeiraopreto.com.br\/index.php\/wp-json\/wp\/v2\/posts"}],"about":[{"href":"https:\/\/noticiasribeiraopreto.com.br\/index.php\/wp-json\/wp\/v2\/types\/post"}],"author":[{"embeddable":true,"href":"https:\/\/noticiasribeiraopreto.com.br\/index.php\/wp-json\/wp\/v2\/users\/1"}],"replies":[{"embeddable":true,"href":"https:\/\/noticiasribeiraopreto.com.br\/index.php\/wp-json\/wp\/v2\/comments?post=81113"}],"version-history":[{"count":0,"href":"https:\/\/noticiasribeiraopreto.com.br\/index.php\/wp-json\/wp\/v2\/posts\/81113\/revisions"}],"wp:featuredmedia":[{"embeddable":true,"href":"https:\/\/noticiasribeiraopreto.com.br\/index.php\/wp-json\/wp\/v2\/media\/79230"}],"wp:attachment":[{"href":"https:\/\/noticiasribeiraopreto.com.br\/index.php\/wp-json\/wp\/v2\/media?parent=81113"}],"wp:term":[{"taxonomy":"category","embeddable":true,"href":"https:\/\/noticiasribeiraopreto.com.br\/index.php\/wp-json\/wp\/v2\/categories?post=81113"},{"taxonomy":"post_tag","embeddable":true,"href":"https:\/\/noticiasribeiraopreto.com.br\/index.php\/wp-json\/wp\/v2\/tags?post=81113"}],"curies":[{"name":"wp","href":"https:\/\/api.w.org\/{rel}","templated":true}]}}