{"id":81114,"date":"2025-12-24T07:19:46","date_gmt":"2025-12-24T10:19:46","guid":{"rendered":"https:\/\/noticiasribeiraopreto.com.br\/index.php\/2025\/12\/24\/saiba-os-horarios-de-funcionamento-do-comercio-e-dos-shoppings-de-ribeirao-na-vespera-e-no-natal\/"},"modified":"2025-12-24T07:19:46","modified_gmt":"2025-12-24T10:19:46","slug":"saiba-os-horarios-de-funcionamento-do-comercio-e-dos-shoppings-de-ribeirao-na-vespera-e-no-natal","status":"publish","type":"post","link":"https:\/\/noticiasribeiraopreto.com.br\/index.php\/2025\/12\/24\/saiba-os-horarios-de-funcionamento-do-comercio-e-dos-shoppings-de-ribeirao-na-vespera-e-no-natal\/","title":{"rendered":"Saiba os hor\u00e1rios de funcionamento do com\u00e9rcio e dos shoppings de Ribeir\u00e3o na v\u00e9spera e no Natal"},"content":{"rendered":"<div class='code-block code-block-1' style='margin: 8px 0 8px auto; text-align: right; display: block; clear: both;'>\n<p><a href=\"https:\/\/wa.link\/vpicfd\"><img data-recalc-dims=\"1\" class=\"wp-image-4922\" style=\"aspect-ratio: 2.0253164556962027; width: 561px; height: auto;\" src=\"https:\/\/i0.wp.com\/ismaelcolosi.com.br\/wp-content\/uploads\/2023\/11\/grupo-de-empregos-whatsapp-e-facebook-ismael-colosi-vagas.jpg?ssl=1\" alt=\"\" \/><\/a><\/p>\n<!-- \/wp:image -->\n<\/div>\n<p> <br \/>\n<\/p>\n<div data-td-block-uid=\"tdi_95\">\n<div class=\"tdb-block-inner td-fix-index\">\n<p>O com\u00e9rcio de<strong> Ribeir\u00e3o Preto<\/strong> e os shoppings contam com hor\u00e1rios diferenciados para a v\u00e9spera de <strong>Natal<\/strong>, comemorada nesta quarta-feira (24). J\u00e1 no <strong>Natal<\/strong>, comemorado na quinta-feira (25), as lojas e empreendimentos ficar\u00e3o fechadas (pra\u00e7as de alimenta\u00e7\u00e3o t\u00eam abertura facultativa). Confira:<\/p>\n<h2 class=\"wp-block-heading\"><strong>Hor\u00e1rio de funcionamento<\/strong><\/h2>\n<h3 class=\"wp-block-heading\"><strong>Com\u00e9rcio tradicional<\/strong><\/h3>\n<p>V\u00e9spera de Natal (24 de dezembro): das 9h \u00e0s 18h<br \/>Natal (25 de dezembro): fechado<\/p>\n<h3 class=\"wp-block-heading\"><strong>Iguatemi Ribeir\u00e3o<\/strong><\/h3>\n<p>V\u00e9spera de Natal (24 de dezembro): lojas das 9h \u00e0s 18h\/ alimenta\u00e7\u00e3o e lazer: das 11h \u00e0s 18h<br \/>Natal (25 de dezembro): lojas fechadas\/ alimenta\u00e7\u00e3o e lazer (facultativo): das 11h \u00e0s 20h<\/p>\n<h3 class=\"wp-block-heading\"><strong>Novo Shopping<\/strong><\/h3>\n<p>V\u00e9spera de Natal (24 de dezembro): das 9h \u00e0s 18h<br \/>Natal (25 de dezembro): fechado<\/p>\n<h3 class=\"wp-block-heading\"><strong>Ribeir\u00e3o Shopping:<\/strong><\/h3>\n<p>V\u00e9spera de Natal (24 de dezembro): 9h \u00e0s 18h\/ alimenta\u00e7\u00e3o e lazer: das 9h \u00e0s 18h<br \/>Natal (25 de dezembro): lojas fechadas\/ \u00c1reas de alimenta\u00e7\u00e3o e lazer \u2013 abertura facultativa<\/p>\n<h3 class=\"wp-block-heading\"><strong>Shopping Santa \u00darsula:<\/strong><\/h3>\n<p>V\u00e9spera de Natal (24 de dezembro): lojas: 9h \u00e0s 18h \/ Alimenta\u00e7\u00e3o e lazer: das 11h \u00e0s 18h<br \/>Natal (25 de dezembro): lojas: Fechadas \/ Alimenta\u00e7\u00e3o e lazer: Facultativo<\/p>\n<h3 class=\"wp-block-heading\"><strong>Outlet Santa Maria<\/strong> (em Cravinhos):<\/h3>\n<p>V\u00e9spera de Natal (24 de dezembro): lojas das 9h \u00e0s 18h\/pra\u00e7a de alimenta\u00e7\u00e3o das 11h \u00e0s 18h<br \/>Natal (25 de dezembro): fechado<\/p>\n<p>SAIBA MAIS<br \/>Primeira semana do ver\u00e3o ter\u00e1 nova onda de calor em SP; Confira a previs\u00e3o<\/p>\n<h2 class=\"wp-block-heading\"><strong>FIQUE ON<\/strong><\/h2>\n<p>Fique ligado em tudo que acontece em Ribeir\u00e3o Preto e regi\u00e3o. Siga os perfis do\u00a0<strong>acidade on\u00a0<\/strong>no<a href=\"https:\/\/www.instagram.com\/acidadeonribeirao\" target=\"_blank\" rel=\"noreferrer noopener\">\u00a0Instagram<\/a>\u00a0e no<a href=\"https:\/\/www.facebook.com\/acidadeonribeirao\/\" target=\"_blank\" rel=\"noreferrer noopener\">\u00a0Facebook<\/a>.<\/p>\n<p>Receba not\u00edcias do\u00a0<strong>acidade on<\/strong>\u00a0no WhatsApp. Para entrar no grupo,\u00a0basta<a href=\"https:\/\/chat.whatsapp.com\/GFH9HUMUTHNFJdnyEd0xxq\" target=\"_blank\" rel=\"noreferrer noopener\">\u00a0clicar aqui<\/a>. Ou, acesse o nosso\u00a0Canal\u00a0<a href=\"https:\/\/whatsapp.com\/channel\/0029Vb6IQl1JENyAeS57fk2p\" target=\"_blank\" rel=\"noreferrer noopener\">clicando aqui<\/a>.<\/p>\n<p>Fa\u00e7a uma den\u00fancia ou sugira uma reportagem sobre Ribeir\u00e3o Preto e regi\u00e3o pelo WhatsApp: 16 99117 7802.<\/p>\n<p>VEJA TAMB\u00c9M<br \/>Libertadores 2026: veja como ficaram os potes do sorteio da fase de grupos<\/p>\n<p><!-- AI CONTENT END 1 -->\n<\/div>\n<\/div>\n<p><script async src=\"\/\/www.instagram.com\/embed.js\"><\/script><br \/>\n<br \/><br \/>\n<br \/><a href=\"https:\/\/www.acidadeon.com\/ribeiraopreto\/economia\/saiba-os-horarios-de-funcionamento-do-comercio-e-dos-shoppings-de-ribeirao-na-vespera-e-no-natal\/\">Source link <\/a><\/p>\n<!-- CONTENT END 1 -->\n","protected":false},"excerpt":{"rendered":"<p>O com\u00e9rcio de Ribeir\u00e3o Preto e os shoppings contam com hor\u00e1rios diferenciados para a v\u00e9spera de Natal, comemorada nesta quarta-feira (24). J\u00e1 no Natal, comemorado&#8230;<\/p>\n","protected":false},"author":1,"featured_media":81115,"comment_status":"open","ping_status":"open","sticky":false,"template":"","format":"standard","meta":{"advanced_seo_description":"","jetpack_seo_html_title":"","jetpack_seo_noindex":false,"jetpack_post_was_ever_published":false,"_jetpack_newsletter_access":"","_jetpack_dont_email_post_to_subs":false,"_jetpack_newsletter_tier_id":0,"_jetpack_memberships_contains_paywalled_content":false,"_jetpack_memberships_contains_paid_content":false,"footnotes":"","jetpack_publicize_message":"","jetpack_publicize_feature_enabled":true,"jetpack_social_post_already_shared":true,"jetpack_social_options":{"image_generator_settings":{"template":"highway","default_image_id":0,"font":"","enabled":false},"version":2}},"categories":[11],"tags":[],"class_list":["post-81114","post","type-post","status-publish","format-standard","has-post-thumbnail","hentry","category-noticias-de-ribeirao-preto-sp-e-regiao-ismael-colosi"],"jetpack_publicize_connections":[],"jetpack_featured_media_url":"https:\/\/i0.wp.com\/noticiasribeiraopreto.com.br\/wp-content\/uploads\/2025\/12\/shopping-ribeirao-preto_2025-12-23_17-05-19.webp.webp?fit=1200%2C800&ssl=1","jetpack-related-posts":[{"id":81094,"url":"https:\/\/noticiasribeiraopreto.com.br\/index.php\/2025\/12\/23\/veja-o-que-abre-e-fecha-na-vespera-e-no-feriado-de-natal-em-ribeirao-preto\/","url_meta":{"origin":81114,"position":0},"title":"Veja o que abre e fecha na v\u00e9spera e no feriado de Natal em Ribeir\u00e3o Preto","author":"noticiasribeiraopreto.com.br","date":"23 de December de 2025","format":false,"excerpt":"\r \r \r \r \r 23 de dezembro de 2025 14:08 \r Compartilhar0 \r Nesta quarta-feira (24), v\u00e9spera, e na quinta-feira (25), feriado de Natal, o funcionamento do com\u00e9rcio, shoppings e servi\u00e7os sofrer\u00e1 altera\u00e7\u00f5es em Ribeir\u00e3o Preto. Servi\u00e7os considerados essenciais funcionar\u00e3o 24 horas, em esquema de plant\u00e3o. Confira: Com\u00e9rcio V\u00e9spera:\u2026","rel":"","context":"In &quot;Not\u00edcias de Ribeir\u00e3o Preto-SP e Regi\u00e3o&quot;","block_context":{"text":"Not\u00edcias de Ribeir\u00e3o Preto-SP e Regi\u00e3o","link":"https:\/\/noticiasribeiraopreto.com.br\/index.php\/category\/noticias-de-ribeirao-preto-sp-e-regiao-ismael-colosi\/"},"img":{"alt_text":"","src":"https:\/\/i0.wp.com\/noticiasribeiraopreto.com.br\/wp-content\/uploads\/2025\/12\/foto-centro-1-scaled.jpeg?fit=1040%2C780&ssl=1&resize=350%2C200","width":350,"height":200,"srcset":"https:\/\/i0.wp.com\/noticiasribeiraopreto.com.br\/wp-content\/uploads\/2025\/12\/foto-centro-1-scaled.jpeg?fit=1040%2C780&ssl=1&resize=350%2C200 1x, https:\/\/i0.wp.com\/noticiasribeiraopreto.com.br\/wp-content\/uploads\/2025\/12\/foto-centro-1-scaled.jpeg?fit=1040%2C780&ssl=1&resize=525%2C300 1.5x, https:\/\/i0.wp.com\/noticiasribeiraopreto.com.br\/wp-content\/uploads\/2025\/12\/foto-centro-1-scaled.jpeg?fit=1040%2C780&ssl=1&resize=700%2C400 2x"},"classes":[]},{"id":61827,"url":"https:\/\/noticiasribeiraopreto.com.br\/index.php\/2024\/12\/23\/veja-os-horarios-dos-shoppings-e-supermercados-na-vespera-de-natal-em-ribeirao\/","url_meta":{"origin":81114,"position":1},"title":"Veja os hor\u00e1rios dos shoppings e supermercados na v\u00e9spera de Natal em Ribeir\u00e3o","author":"noticiasribeiraopreto.com.br","date":"23 de December de 2024","format":false,"excerpt":"Os shoppings e os\u00a0supermercados das principais redes em Ribeir\u00e3o Preto est\u00e3o com hor\u00e1rios especiais de funcionamento nesta ter\u00e7a-feira (24), v\u00e9spera de Natal.\u00a0 Na quarta-feira (25), dia de Natal, os shoppings ter\u00e3o abertura facultativa das pra\u00e7as de alimenta\u00e7\u00e3o, j\u00e1 os supermercados estar\u00e3o fechados. Veja como ser\u00e1 o atendimento: Shoppings Novo Shopping\u2026","rel":"","context":"In &quot;Not\u00edcias de Ribeir\u00e3o Preto-SP e Regi\u00e3o&quot;","block_context":{"text":"Not\u00edcias de Ribeir\u00e3o Preto-SP e Regi\u00e3o","link":"https:\/\/noticiasribeiraopreto.com.br\/index.php\/category\/noticias-de-ribeirao-preto-sp-e-regiao-ismael-colosi\/"},"img":{"alt_text":"","src":"https:\/\/i0.wp.com\/noticiasribeiraopreto.com.br\/wp-content\/uploads\/2024\/12\/17788_2024-12-23_18-21-24_jpg_2024-12-23_18-21-24.webp.webp?fit=1200%2C800&ssl=1&resize=350%2C200","width":350,"height":200,"srcset":"https:\/\/i0.wp.com\/noticiasribeiraopreto.com.br\/wp-content\/uploads\/2024\/12\/17788_2024-12-23_18-21-24_jpg_2024-12-23_18-21-24.webp.webp?fit=1200%2C800&ssl=1&resize=350%2C200 1x, https:\/\/i0.wp.com\/noticiasribeiraopreto.com.br\/wp-content\/uploads\/2024\/12\/17788_2024-12-23_18-21-24_jpg_2024-12-23_18-21-24.webp.webp?fit=1200%2C800&ssl=1&resize=525%2C300 1.5x, https:\/\/i0.wp.com\/noticiasribeiraopreto.com.br\/wp-content\/uploads\/2024\/12\/17788_2024-12-23_18-21-24_jpg_2024-12-23_18-21-24.webp.webp?fit=1200%2C800&ssl=1&resize=700%2C400 2x, https:\/\/i0.wp.com\/noticiasribeiraopreto.com.br\/wp-content\/uploads\/2024\/12\/17788_2024-12-23_18-21-24_jpg_2024-12-23_18-21-24.webp.webp?fit=1200%2C800&ssl=1&resize=1050%2C600 3x"},"classes":[]},{"id":60873,"url":"https:\/\/noticiasribeiraopreto.com.br\/index.php\/2024\/11\/27\/veja-os-horarios-especiais-de-fim-de-ano-do-comercio-de-ribeirao-preto\/","url_meta":{"origin":81114,"position":2},"title":"Veja os hor\u00e1rios especiais de fim de ano do com\u00e9rcio de Ribeir\u00e3o Preto","author":"noticiasribeiraopreto.com.br","date":"27 de November de 2024","format":false,"excerpt":"A partir deste domingo (1\u00ba de dezembro), o com\u00e9rcio de Ribeir\u00e3o Preto estar\u00e1 funcionando em hor\u00e1rio especial para atender os consumidores nas compras de fim de ano. O hor\u00e1rio de atendimento segue ampliado at\u00e9 ter\u00e7a-feira, dia 24 de dezembro, v\u00e9spera de Natal, facilitando as compras para as festas de fim\u2026","rel":"","context":"In &quot;Not\u00edcias de Ribeir\u00e3o Preto-SP e Regi\u00e3o&quot;","block_context":{"text":"Not\u00edcias de Ribeir\u00e3o Preto-SP e Regi\u00e3o","link":"https:\/\/noticiasribeiraopreto.com.br\/index.php\/category\/noticias-de-ribeirao-preto-sp-e-regiao-ismael-colosi\/"},"img":{"alt_text":"","src":"https:\/\/i0.wp.com\/noticiasribeiraopreto.com.br\/wp-content\/uploads\/2024\/11\/WhatsApp-Image-2023-12-23-at-13.47.15.jpeg?fit=1200%2C767&ssl=1&resize=350%2C200","width":350,"height":200,"srcset":"https:\/\/i0.wp.com\/noticiasribeiraopreto.com.br\/wp-content\/uploads\/2024\/11\/WhatsApp-Image-2023-12-23-at-13.47.15.jpeg?fit=1200%2C767&ssl=1&resize=350%2C200 1x, https:\/\/i0.wp.com\/noticiasribeiraopreto.com.br\/wp-content\/uploads\/2024\/11\/WhatsApp-Image-2023-12-23-at-13.47.15.jpeg?fit=1200%2C767&ssl=1&resize=525%2C300 1.5x, https:\/\/i0.wp.com\/noticiasribeiraopreto.com.br\/wp-content\/uploads\/2024\/11\/WhatsApp-Image-2023-12-23-at-13.47.15.jpeg?fit=1200%2C767&ssl=1&resize=700%2C400 2x, https:\/\/i0.wp.com\/noticiasribeiraopreto.com.br\/wp-content\/uploads\/2024\/11\/WhatsApp-Image-2023-12-23-at-13.47.15.jpeg?fit=1200%2C767&ssl=1&resize=1050%2C600 3x"},"classes":[]},{"id":61798,"url":"https:\/\/noticiasribeiraopreto.com.br\/index.php\/2024\/12\/22\/natal-comercio-e-shoppings-tem-ultimos-dias-com-horarios-especiais-em-ribeirao-confira\/","url_meta":{"origin":81114,"position":3},"title":"Natal: Com\u00e9rcio e shoppings t\u00eam \u00faltimos dias com hor\u00e1rios especiais em Ribeir\u00e3o; Confira","author":"noticiasribeiraopreto.com.br","date":"22 de December de 2024","format":false,"excerpt":"O com\u00e9rcio de rua e shoppings de Ribeir\u00e3o Preto t\u00eam os \u00faltimos dias com hor\u00e1rios especiais de funcionamento para as compra dos presentes de Natal.\u00a0Veja como ser\u00e1 o atendimento nesta segunda-feira (23) e ter\u00e7a-feira (24): Com\u00e9rcio tradicional Segunda-feira (23) 9h \u00e0s 22h Ter\u00e7a-feira (24) 9h \u00e0s 18h Novo Shopping Segunda-feira\u2026","rel":"","context":"In &quot;Not\u00edcias de Ribeir\u00e3o Preto-SP e Regi\u00e3o&quot;","block_context":{"text":"Not\u00edcias de Ribeir\u00e3o Preto-SP e Regi\u00e3o","link":"https:\/\/noticiasribeiraopreto.com.br\/index.php\/category\/noticias-de-ribeirao-preto-sp-e-regiao-ismael-colosi\/"},"img":{"alt_text":"","src":"https:\/\/i0.wp.com\/noticiasribeiraopreto.com.br\/wp-content\/uploads\/2024\/12\/WhatsApp-Image-2023-12-23-at-13.47.15.jpeg?fit=1200%2C767&ssl=1&resize=350%2C200","width":350,"height":200,"srcset":"https:\/\/i0.wp.com\/noticiasribeiraopreto.com.br\/wp-content\/uploads\/2024\/12\/WhatsApp-Image-2023-12-23-at-13.47.15.jpeg?fit=1200%2C767&ssl=1&resize=350%2C200 1x, https:\/\/i0.wp.com\/noticiasribeiraopreto.com.br\/wp-content\/uploads\/2024\/12\/WhatsApp-Image-2023-12-23-at-13.47.15.jpeg?fit=1200%2C767&ssl=1&resize=525%2C300 1.5x, https:\/\/i0.wp.com\/noticiasribeiraopreto.com.br\/wp-content\/uploads\/2024\/12\/WhatsApp-Image-2023-12-23-at-13.47.15.jpeg?fit=1200%2C767&ssl=1&resize=700%2C400 2x, https:\/\/i0.wp.com\/noticiasribeiraopreto.com.br\/wp-content\/uploads\/2024\/12\/WhatsApp-Image-2023-12-23-at-13.47.15.jpeg?fit=1200%2C767&ssl=1&resize=1050%2C600 3x"},"classes":[]},{"id":20216,"url":"https:\/\/noticiasribeiraopreto.com.br\/index.php\/2023\/12\/24\/confira-o-funcionamento-dos-shoppings-de-ribeirao-preto-no-dia-de-natal\/","url_meta":{"origin":81114,"position":4},"title":"Confira o funcionamento dos shoppings de Ribeir\u00e3o Preto no Dia de Natal","author":"noticiasribeiraopreto.com.br","date":"24 de December de 2023","format":false,"excerpt":"Os shoppings de Ribeir\u00e3o Preto v\u00e3o estar com funcionamento alterado ao feriado do Dia de Natal, comemorado nesta segunda-feira, 25 de dezembro. Confira: Domingo, dia 24: 10h \u00e0s18h (lojas e alimenta\u00e7\u00e3o) Segunda-feira, dia 25: Lojas fechadas \/ 11h \u00e0s 18h (alimenta\u00e7\u00e3o) Ter\u00e7a-feira, dia 26: 10h \u00e0s 22h (lojas e alimenta\u00e7\u00e3o)\u2026","rel":"","context":"In &quot;Not\u00edcias de Ribeir\u00e3o Preto-SP e Regi\u00e3o&quot;","block_context":{"text":"Not\u00edcias de Ribeir\u00e3o Preto-SP e Regi\u00e3o","link":"https:\/\/noticiasribeiraopreto.com.br\/index.php\/category\/noticias-de-ribeirao-preto-sp-e-regiao-ismael-colosi\/"},"img":{"alt_text":"","src":"https:\/\/i0.wp.com\/noticiasribeiraopreto.com.br\/wp-content\/uploads\/2023\/12\/WhatsApp-Image-2023-11-17-at-13.51.16.jpeg?fit=696%2C464&ssl=1&resize=350%2C200","width":350,"height":200,"srcset":"https:\/\/i0.wp.com\/noticiasribeiraopreto.com.br\/wp-content\/uploads\/2023\/12\/WhatsApp-Image-2023-11-17-at-13.51.16.jpeg?fit=696%2C464&ssl=1&resize=350%2C200 1x, https:\/\/i0.wp.com\/noticiasribeiraopreto.com.br\/wp-content\/uploads\/2023\/12\/WhatsApp-Image-2023-11-17-at-13.51.16.jpeg?fit=696%2C464&ssl=1&resize=525%2C300 1.5x"},"classes":[]},{"id":60779,"url":"https:\/\/noticiasribeiraopreto.com.br\/index.php\/2024\/11\/25\/saiba-quando-comeca-o-horario-especial-de-natal-no-comercio-e-shoppings-de-ribeirao\/","url_meta":{"origin":81114,"position":5},"title":"Saiba quando come\u00e7a o hor\u00e1rio especial de Natal no com\u00e9rcio e shoppings de Ribeir\u00e3o","author":"noticiasribeiraopreto.com.br","date":"25 de November de 2024","format":false,"excerpt":"O hor\u00e1rio especial de funcionamento do com\u00e9rcio de Ribeir\u00e3o Preto para o Natal ser\u00e1 iniciado no pr\u00f3ximo domingo, 1\u00ba de dezembro. A informa\u00e7\u00e3o foi confirmada pela Acirp (Associa\u00e7\u00e3o Comercial e Industrial de Ribeir\u00e3o Preto), em an\u00fancio feito nesta segunda-feira (25). A partir de domingo, os com\u00e9rcios poder\u00e3o operar at\u00e9 as\u2026","rel":"","context":"In &quot;Not\u00edcias de Ribeir\u00e3o Preto-SP e Regi\u00e3o&quot;","block_context":{"text":"Not\u00edcias de Ribeir\u00e3o Preto-SP e Regi\u00e3o","link":"https:\/\/noticiasribeiraopreto.com.br\/index.php\/category\/noticias-de-ribeirao-preto-sp-e-regiao-ismael-colosi\/"},"img":{"alt_text":"","src":"https:\/\/i0.wp.com\/noticiasribeiraopreto.com.br\/wp-content\/uploads\/2024\/11\/horario-especial-de-natal_2024-11-25_18-34-38_jpeg_2024-11-25_18-34-38.webp.webp?fit=1024%2C639&ssl=1&resize=350%2C200","width":350,"height":200,"srcset":"https:\/\/i0.wp.com\/noticiasribeiraopreto.com.br\/wp-content\/uploads\/2024\/11\/horario-especial-de-natal_2024-11-25_18-34-38_jpeg_2024-11-25_18-34-38.webp.webp?fit=1024%2C639&ssl=1&resize=350%2C200 1x, https:\/\/i0.wp.com\/noticiasribeiraopreto.com.br\/wp-content\/uploads\/2024\/11\/horario-especial-de-natal_2024-11-25_18-34-38_jpeg_2024-11-25_18-34-38.webp.webp?fit=1024%2C639&ssl=1&resize=525%2C300 1.5x, https:\/\/i0.wp.com\/noticiasribeiraopreto.com.br\/wp-content\/uploads\/2024\/11\/horario-especial-de-natal_2024-11-25_18-34-38_jpeg_2024-11-25_18-34-38.webp.webp?fit=1024%2C639&ssl=1&resize=700%2C400 2x"},"classes":[]}],"jetpack_sharing_enabled":true,"jetpack_shortlink":"https:\/\/wp.me\/peQAOb-l6i","_links":{"self":[{"href":"https:\/\/noticiasribeiraopreto.com.br\/index.php\/wp-json\/wp\/v2\/posts\/81114","targetHints":{"allow":["GET"]}}],"collection":[{"href":"https:\/\/noticiasribeiraopreto.com.br\/index.php\/wp-json\/wp\/v2\/posts"}],"about":[{"href":"https:\/\/noticiasribeiraopreto.com.br\/index.php\/wp-json\/wp\/v2\/types\/post"}],"author":[{"embeddable":true,"href":"https:\/\/noticiasribeiraopreto.com.br\/index.php\/wp-json\/wp\/v2\/users\/1"}],"replies":[{"embeddable":true,"href":"https:\/\/noticiasribeiraopreto.com.br\/index.php\/wp-json\/wp\/v2\/comments?post=81114"}],"version-history":[{"count":0,"href":"https:\/\/noticiasribeiraopreto.com.br\/index.php\/wp-json\/wp\/v2\/posts\/81114\/revisions"}],"wp:featuredmedia":[{"embeddable":true,"href":"https:\/\/noticiasribeiraopreto.com.br\/index.php\/wp-json\/wp\/v2\/media\/81115"}],"wp:attachment":[{"href":"https:\/\/noticiasribeiraopreto.com.br\/index.php\/wp-json\/wp\/v2\/media?parent=81114"}],"wp:term":[{"taxonomy":"category","embeddable":true,"href":"https:\/\/noticiasribeiraopreto.com.br\/index.php\/wp-json\/wp\/v2\/categories?post=81114"},{"taxonomy":"post_tag","embeddable":true,"href":"https:\/\/noticiasribeiraopreto.com.br\/index.php\/wp-json\/wp\/v2\/tags?post=81114"}],"curies":[{"name":"wp","href":"https:\/\/api.w.org\/{rel}","templated":true}]}}