{"id":81118,"date":"2025-12-24T07:49:06","date_gmt":"2025-12-24T10:49:06","guid":{"rendered":"https:\/\/noticiasribeiraopreto.com.br\/index.php\/2025\/12\/24\/moraes-autoriza-cirurgia-de-bolsonaro-no-natal\/"},"modified":"2025-12-24T07:49:06","modified_gmt":"2025-12-24T10:49:06","slug":"moraes-autoriza-cirurgia-de-bolsonaro-no-natal","status":"publish","type":"post","link":"https:\/\/noticiasribeiraopreto.com.br\/index.php\/2025\/12\/24\/moraes-autoriza-cirurgia-de-bolsonaro-no-natal\/","title":{"rendered":"Moraes autoriza cirurgia de Bolsonaro no Natal"},"content":{"rendered":"<div class='code-block code-block-1' style='margin: 8px 0 8px auto; text-align: right; display: block; clear: both;'>\n<p><a href=\"https:\/\/wa.link\/vpicfd\"><img data-recalc-dims=\"1\" class=\"wp-image-4922\" style=\"aspect-ratio: 2.0253164556962027; width: 561px; height: auto;\" src=\"https:\/\/i0.wp.com\/ismaelcolosi.com.br\/wp-content\/uploads\/2023\/11\/grupo-de-empregos-whatsapp-e-facebook-ismael-colosi-vagas.jpg?ssl=1\" alt=\"\" \/><\/a><\/p>\n<!-- \/wp:image -->\n<\/div>\n<p> <br \/>\n<\/p>\n<div id=\"\">&#13;<br \/>\n\t\t\t\t\t\t\t\t&#13;<\/p>\n<p>&#13;<br \/>\n\t\t\t\t\t\t\t\t\t<span class=\"entry-meta-item penci-posted-on\"><i class=\"fa fa-clock-o\"\/><time class=\"entry-date published updated\" datetime=\"2025-12-24T07:43:27-03:00\">24 de dezembro de 2025 07:43<\/time><\/span><span class=\"entry-meta-item penci-post-countview\"\/>\t\t\t\t\t\t\t\t<\/p>\n<p><!-- .entry-meta -->&#13;<br \/>\n\t\t\t\t\t\t\t\t<span class=\"penci-social-buttons penci-social-share-footer\"><span class=\"penci-social-share-text\">Compartilhar<\/span><a href=\"#\" class=\"penci-post-like penci_post-meta_item  single-like-button penci-social-item like\" data-post_id=\"450055\" title=\"Like\" data-like=\"Like\" data-unlike=\"Unlike\"><i class=\"fa fa-thumbs-o-up\"\/><span class=\"penci-share-number\">0<\/span><\/a><i class=\"fa fa-facebook\"\/><a class=\"penci-social-item twitter\" target=\"_blank\" rel=\"noopener\" title=\"\" href=\"https:\/\/twitter.com\/intent\/tweet?text=Moraes%20autoriza%20cirurgia%20de%20Bolsonaro%20no%20Natal%20-%20https:\/\/www.tribunaribeirao.com.br\/moraes-autoriza-cirurgia-de-bolsonaro-no-natal\/\"><i class=\"fa fa-twitter\"\/><\/a><i class=\"fa fa-linkedin\"\/><i class=\"fa fa-whatsapp\"\/><i class=\"fa fa-telegram\"\/><i class=\"fa fa-envelope\"\/><\/span>\t\t\t\t\t\t\t<\/div>\n<div>\n<p><em>Interna\u00e7\u00e3o deve ocorrer nesta quarta-feira, dia 24<\/em><\/p>\n<p>O ministro do Supremo Tribunal Federal (STF) Alexandre de Moraes autorizou nesta ter\u00e7a-feira (23), que o ex-presidente Jair Bolsonaro (PL) seja internado nesta quarta-feira (24) e fa\u00e7a uma cirurgia para tratar uma h\u00e9rnia inguinal bilateral.<\/p>\n<p>Bolsonaro ser\u00e1 internado no Hospital DF Star, que fica a menos de tr\u00eas quil\u00f4metros de onde o ex-presidente est\u00e1 preso desde 22 de novembro. Ainda n\u00e3o foi informado o hor\u00e1rio da chegada do ex-chefe do Executivo no hospital e nem o in\u00edcio do procedimento cir\u00fargico, previsto para ocorrer no dia 25, feriado de Natal.<br \/>Moraes tamb\u00e9m permitiu que a ex-primeira-dama Michelle Bolsonaro seja a acompanhante principal de Bolsonaro no per\u00edodo em que ele estiver no DF Star.<\/p>\n<p>O ministro n\u00e3o atendeu o pedido da defesa para visitas de Fl\u00e1vio Bolsonaro (PL-RJ) e o ex-vereador do Rio Carlos Bolsonaro (PL).<\/p>\n<p>O ministro do STF determinou ainda medidas de seguran\u00e7a no hospital. Uma determina\u00e7\u00e3o \u00e9 que pelo menos dois policiais federais fiquem na porta do quarto onde estar\u00e1 Bolsonaro em todo o per\u00edodo em que ele estiver internado.<\/p>\n<p>\u201cA Pol\u00edcia Federal dever\u00e1 providenciar a completa vigil\u00e2ncia e seguran\u00e7a do custodiado durante sua estadia, bem como do hospital, mantendo equipes de prontid\u00e3o. A Pol\u00edcia Federal dever\u00e1 garantir, ainda, a seguran\u00e7a e fiscaliza\u00e7\u00e3o 24 (vinte e quatro) horas por dia, mantendo, no m\u00ednimo 2 (dois) policiais federais na porta do quarto do hospital, bem como as equipes que entender necess\u00e1rias dentro e fora do hospital\u201d, diz um trecho da decis\u00e3o.<\/p>\n<p>O ministro proibiu a entrada de celulares e outros equipamentos eletr\u00f4nicos, determinando apenas a entrada de equipamentos m\u00e9dicos no quarto que receber\u00e1 o ex-presidente.<\/p>\n<\/div>\n<p><script async src=\"\/\/platform.twitter.com\/widgets.js\" charset=\"utf-8\"><\/script><br \/>\n<br \/><br \/>\n<br \/><a href=\"https:\/\/www.tribunaribeirao.com.br\/moraes-autoriza-cirurgia-de-bolsonaro-no-natal\/\">Source link <\/a><\/p>\n<!-- CONTENT END 1 -->\n","protected":false},"excerpt":{"rendered":"<p>&#13; &#13; &#13; 24 de dezembro de 2025 07:43 &#13; Compartilhar0 Interna\u00e7\u00e3o deve ocorrer nesta quarta-feira, dia 24 O ministro do Supremo Tribunal Federal (STF)&#8230;<\/p>\n","protected":false},"author":1,"featured_media":81119,"comment_status":"open","ping_status":"open","sticky":false,"template":"","format":"standard","meta":{"advanced_seo_description":"","jetpack_seo_html_title":"","jetpack_seo_noindex":false,"jetpack_post_was_ever_published":false,"_jetpack_newsletter_access":"","_jetpack_dont_email_post_to_subs":false,"_jetpack_newsletter_tier_id":0,"_jetpack_memberships_contains_paywalled_content":false,"_jetpack_memberships_contains_paid_content":false,"footnotes":"","jetpack_publicize_message":"","jetpack_publicize_feature_enabled":true,"jetpack_social_post_already_shared":true,"jetpack_social_options":{"image_generator_settings":{"template":"highway","default_image_id":0,"font":"","enabled":false},"version":2}},"categories":[11],"tags":[],"class_list":["post-81118","post","type-post","status-publish","format-standard","has-post-thumbnail","hentry","category-noticias-de-ribeirao-preto-sp-e-regiao-ismael-colosi"],"jetpack_publicize_connections":[],"jetpack_featured_media_url":"https:\/\/i0.wp.com\/noticiasribeiraopreto.com.br\/wp-content\/uploads\/2025\/12\/1-bolsonaro.jpg?fit=1170%2C700&ssl=1","jetpack-related-posts":[{"id":83727,"url":"https:\/\/noticiasribeiraopreto.com.br\/index.php\/2026\/03\/24\/moraes-autoriza-que-bolsonaro-cumpra-pena-em-prisao-domiciliar\/","url_meta":{"origin":81118,"position":0},"title":"Moraes autoriza que Bolsonaro cumpra pena em pris\u00e3o domiciliar","author":"noticiasribeiraopreto.com.br","date":"24 de March de 2026","format":false,"excerpt":"O ministro Alexandre de Moraes autorizou, nesta ter\u00e7a-feira (24), a pris\u00e3o domiciliar tempor\u00e1ria do ex-presidente Jair Bolsonaro. A decis\u00e3o acontece enquanto Bolsonaro permanece internado em um hospital de Bras\u00edlia, onde trata complica\u00e7\u00f5es de sa\u00fade. A pris\u00e3o domiciliar tem validade de 90 dias e ser\u00e1 reanalisada pelo ministro ap\u00f3s esse prazo.\u2026","rel":"","context":"In &quot;Not\u00edcias de Ribeir\u00e3o Preto-SP e Regi\u00e3o&quot;","block_context":{"text":"Not\u00edcias de Ribeir\u00e3o Preto-SP e Regi\u00e3o","link":"https:\/\/noticiasribeiraopreto.com.br\/index.php\/category\/noticias-de-ribeirao-preto-sp-e-regiao-ismael-colosi\/"},"img":{"alt_text":"","src":"https:\/\/i0.wp.com\/noticiasribeiraopreto.com.br\/wp-content\/uploads\/2026\/03\/Copia-de-Copia-de-Copia-de-TAMANHO-EXATO-PARA-FOTOS-NO-SISTEMA-NOVO-2025-09-09T090856.652_2025-09-09_12-09-15.webp.webp?fit=1200%2C675&ssl=1&resize=350%2C200","width":350,"height":200,"srcset":"https:\/\/i0.wp.com\/noticiasribeiraopreto.com.br\/wp-content\/uploads\/2026\/03\/Copia-de-Copia-de-Copia-de-TAMANHO-EXATO-PARA-FOTOS-NO-SISTEMA-NOVO-2025-09-09T090856.652_2025-09-09_12-09-15.webp.webp?fit=1200%2C675&ssl=1&resize=350%2C200 1x, https:\/\/i0.wp.com\/noticiasribeiraopreto.com.br\/wp-content\/uploads\/2026\/03\/Copia-de-Copia-de-Copia-de-TAMANHO-EXATO-PARA-FOTOS-NO-SISTEMA-NOVO-2025-09-09T090856.652_2025-09-09_12-09-15.webp.webp?fit=1200%2C675&ssl=1&resize=525%2C300 1.5x, https:\/\/i0.wp.com\/noticiasribeiraopreto.com.br\/wp-content\/uploads\/2026\/03\/Copia-de-Copia-de-Copia-de-TAMANHO-EXATO-PARA-FOTOS-NO-SISTEMA-NOVO-2025-09-09T090856.652_2025-09-09_12-09-15.webp.webp?fit=1200%2C675&ssl=1&resize=700%2C400 2x, https:\/\/i0.wp.com\/noticiasribeiraopreto.com.br\/wp-content\/uploads\/2026\/03\/Copia-de-Copia-de-Copia-de-TAMANHO-EXATO-PARA-FOTOS-NO-SISTEMA-NOVO-2025-09-09T090856.652_2025-09-09_12-09-15.webp.webp?fit=1200%2C675&ssl=1&resize=1050%2C600 3x"},"classes":[]},{"id":81114,"url":"https:\/\/noticiasribeiraopreto.com.br\/index.php\/2025\/12\/24\/saiba-os-horarios-de-funcionamento-do-comercio-e-dos-shoppings-de-ribeirao-na-vespera-e-no-natal\/","url_meta":{"origin":81118,"position":1},"title":"Saiba os hor\u00e1rios de funcionamento do com\u00e9rcio e dos shoppings de Ribeir\u00e3o na v\u00e9spera e no Natal","author":"noticiasribeiraopreto.com.br","date":"24 de December de 2025","format":false,"excerpt":"O com\u00e9rcio de Ribeir\u00e3o Preto e os shoppings contam com hor\u00e1rios diferenciados para a v\u00e9spera de Natal, comemorada nesta quarta-feira (24). J\u00e1 no Natal, comemorado na quinta-feira (25), as lojas e empreendimentos ficar\u00e3o fechadas (pra\u00e7as de alimenta\u00e7\u00e3o t\u00eam abertura facultativa). Confira: Hor\u00e1rio de funcionamento Com\u00e9rcio tradicional V\u00e9spera de Natal (24\u2026","rel":"","context":"In &quot;Not\u00edcias de Ribeir\u00e3o Preto-SP e Regi\u00e3o&quot;","block_context":{"text":"Not\u00edcias de Ribeir\u00e3o Preto-SP e Regi\u00e3o","link":"https:\/\/noticiasribeiraopreto.com.br\/index.php\/category\/noticias-de-ribeirao-preto-sp-e-regiao-ismael-colosi\/"},"img":{"alt_text":"","src":"https:\/\/i0.wp.com\/noticiasribeiraopreto.com.br\/wp-content\/uploads\/2025\/12\/shopping-ribeirao-preto_2025-12-23_17-05-19.webp.webp?fit=1200%2C800&ssl=1&resize=350%2C200","width":350,"height":200,"srcset":"https:\/\/i0.wp.com\/noticiasribeiraopreto.com.br\/wp-content\/uploads\/2025\/12\/shopping-ribeirao-preto_2025-12-23_17-05-19.webp.webp?fit=1200%2C800&ssl=1&resize=350%2C200 1x, https:\/\/i0.wp.com\/noticiasribeiraopreto.com.br\/wp-content\/uploads\/2025\/12\/shopping-ribeirao-preto_2025-12-23_17-05-19.webp.webp?fit=1200%2C800&ssl=1&resize=525%2C300 1.5x, https:\/\/i0.wp.com\/noticiasribeiraopreto.com.br\/wp-content\/uploads\/2025\/12\/shopping-ribeirao-preto_2025-12-23_17-05-19.webp.webp?fit=1200%2C800&ssl=1&resize=700%2C400 2x, https:\/\/i0.wp.com\/noticiasribeiraopreto.com.br\/wp-content\/uploads\/2025\/12\/shopping-ribeirao-preto_2025-12-23_17-05-19.webp.webp?fit=1200%2C800&ssl=1&resize=1050%2C600 3x"},"classes":[]},{"id":61713,"url":"https:\/\/noticiasribeiraopreto.com.br\/index.php\/2024\/12\/19\/bom-prato-divulga-cardapio-especial-para-o-natal-e-ano-novo-confira\/","url_meta":{"origin":81118,"position":2},"title":"Bom Prato divulga card\u00e1pio especial para o Natal e Ano Novo; confira","author":"noticiasribeiraopreto.com.br","date":"19 de December de 2024","format":false,"excerpt":"Os restaurantes populares do Programa Bom Prato, na regi\u00e3o de Ribeir\u00e3o Preto, abrir\u00e3o suas portas para oferecer almo\u00e7os comemorativos de Natal e Ano Novo. As refei\u00e7\u00f5es especiais ser\u00e3o servidas nas v\u00e9speras das festas: no dia 24 de dezembro (Natal) e no dia 31 de dezembro (Ano Novo). No card\u00e1pio, pratos\u2026","rel":"","context":"In &quot;Not\u00edcias de Ribeir\u00e3o Preto-SP e Regi\u00e3o&quot;","block_context":{"text":"Not\u00edcias de Ribeir\u00e3o Preto-SP e Regi\u00e3o","link":"https:\/\/noticiasribeiraopreto.com.br\/index.php\/category\/noticias-de-ribeirao-preto-sp-e-regiao-ismael-colosi\/"},"img":{"alt_text":"","src":"https:\/\/i0.wp.com\/noticiasribeiraopreto.com.br\/wp-content\/uploads\/2024\/03\/AnyConv.com__bom-prato-2.webp.webp?fit=1200%2C825&ssl=1&resize=350%2C200","width":350,"height":200,"srcset":"https:\/\/i0.wp.com\/noticiasribeiraopreto.com.br\/wp-content\/uploads\/2024\/03\/AnyConv.com__bom-prato-2.webp.webp?fit=1200%2C825&ssl=1&resize=350%2C200 1x, https:\/\/i0.wp.com\/noticiasribeiraopreto.com.br\/wp-content\/uploads\/2024\/03\/AnyConv.com__bom-prato-2.webp.webp?fit=1200%2C825&ssl=1&resize=525%2C300 1.5x, https:\/\/i0.wp.com\/noticiasribeiraopreto.com.br\/wp-content\/uploads\/2024\/03\/AnyConv.com__bom-prato-2.webp.webp?fit=1200%2C825&ssl=1&resize=700%2C400 2x, https:\/\/i0.wp.com\/noticiasribeiraopreto.com.br\/wp-content\/uploads\/2024\/03\/AnyConv.com__bom-prato-2.webp.webp?fit=1200%2C825&ssl=1&resize=1050%2C600 3x"},"classes":[]},{"id":7202,"url":"https:\/\/noticiasribeiraopreto.com.br\/index.php\/2023\/11\/27\/horario-especial-de-natal-no-comercio-de-ribeirao-comeca-nesta-semana-confira\/","url_meta":{"origin":81118,"position":3},"title":"Hor\u00e1rio especial de Natal no com\u00e9rcio de Ribeir\u00e3o come\u00e7a nesta semana; Confira","author":"noticiasribeiraopreto.com.br","date":"27 de November de 2023","format":false,"excerpt":"O hor\u00e1rio especial do com\u00e9rcio de Ribeir\u00e3o Preto para o Natal come\u00e7a nesta sexta-feira (1\u00ba de dezembro). O an\u00fancio foi realizado pela Acirp (Associa\u00e7\u00e3o Comercial e Industrial de Ribeir\u00e3o Preto), nesta segunda-feira (27). A partir de sexta-feira, os estabelecimentos podem funcionar at\u00e9 as 22h \u2013 a abertura at\u00e9 este hor\u00e1rio\u2026","rel":"","context":"In &quot;Not\u00edcias de Ribeir\u00e3o Preto-SP e Regi\u00e3o&quot;","block_context":{"text":"Not\u00edcias de Ribeir\u00e3o Preto-SP e Regi\u00e3o","link":"https:\/\/noticiasribeiraopreto.com.br\/index.php\/category\/noticias-de-ribeirao-preto-sp-e-regiao-ismael-colosi\/"},"img":{"alt_text":"","src":"https:\/\/i0.wp.com\/noticiasribeiraopreto.com.br\/wp-content\/uploads\/2023\/11\/1701119787_WhatsApp-Image-2023-11-11-at-11.08.08.jpeg?fit=1200%2C749&ssl=1&resize=350%2C200","width":350,"height":200,"srcset":"https:\/\/i0.wp.com\/noticiasribeiraopreto.com.br\/wp-content\/uploads\/2023\/11\/1701119787_WhatsApp-Image-2023-11-11-at-11.08.08.jpeg?fit=1200%2C749&ssl=1&resize=350%2C200 1x, https:\/\/i0.wp.com\/noticiasribeiraopreto.com.br\/wp-content\/uploads\/2023\/11\/1701119787_WhatsApp-Image-2023-11-11-at-11.08.08.jpeg?fit=1200%2C749&ssl=1&resize=525%2C300 1.5x, https:\/\/i0.wp.com\/noticiasribeiraopreto.com.br\/wp-content\/uploads\/2023\/11\/1701119787_WhatsApp-Image-2023-11-11-at-11.08.08.jpeg?fit=1200%2C749&ssl=1&resize=700%2C400 2x, https:\/\/i0.wp.com\/noticiasribeiraopreto.com.br\/wp-content\/uploads\/2023\/11\/1701119787_WhatsApp-Image-2023-11-11-at-11.08.08.jpeg?fit=1200%2C749&ssl=1&resize=1050%2C600 3x"},"classes":[]},{"id":75153,"url":"https:\/\/noticiasribeiraopreto.com.br\/index.php\/2025\/08\/04\/moraes-decreta-prisao-domiciliar-de-bolsonaro\/","url_meta":{"origin":81118,"position":4},"title":"Moraes decreta pris\u00e3o domiciliar de Bolsonaro","author":"noticiasribeiraopreto.com.br","date":"4 de August de 2025","format":false,"excerpt":"4 de agosto de 2025 18:230 Compartilhar0 O ministro Alexandre de Moraes, do Supremo Tribunal Federal (STF) decretou nesta segunda-feira (4) a pris\u00e3o domiciliar do ex-presidente Jair Bolsonaro. Moraes justificou que descumpriu as medidas cautelares impostas a ele, por ter veiculado conte\u00fado nas redes sociais dos filhos. Moraes determinou que\u2026","rel":"","context":"In &quot;Not\u00edcias de Ribeir\u00e3o Preto-SP e Regi\u00e3o&quot;","block_context":{"text":"Not\u00edcias de Ribeir\u00e3o Preto-SP e Regi\u00e3o","link":"https:\/\/noticiasribeiraopreto.com.br\/index.php\/category\/noticias-de-ribeirao-preto-sp-e-regiao-ismael-colosi\/"},"img":{"alt_text":"","src":"https:\/\/i0.wp.com\/noticiasribeiraopreto.com.br\/wp-content\/uploads\/2025\/08\/moraes.jpeg?fit=1170%2C700&ssl=1&resize=350%2C200","width":350,"height":200,"srcset":"https:\/\/i0.wp.com\/noticiasribeiraopreto.com.br\/wp-content\/uploads\/2025\/08\/moraes.jpeg?fit=1170%2C700&ssl=1&resize=350%2C200 1x, https:\/\/i0.wp.com\/noticiasribeiraopreto.com.br\/wp-content\/uploads\/2025\/08\/moraes.jpeg?fit=1170%2C700&ssl=1&resize=525%2C300 1.5x, https:\/\/i0.wp.com\/noticiasribeiraopreto.com.br\/wp-content\/uploads\/2025\/08\/moraes.jpeg?fit=1170%2C700&ssl=1&resize=700%2C400 2x, https:\/\/i0.wp.com\/noticiasribeiraopreto.com.br\/wp-content\/uploads\/2025\/08\/moraes.jpeg?fit=1170%2C700&ssl=1&resize=1050%2C600 3x"},"classes":[]},{"id":68377,"url":"https:\/\/noticiasribeiraopreto.com.br\/index.php\/2025\/04\/24\/vai-ter-mais-feriados-prolongados-em-2025-veja-o-calendario\/","url_meta":{"origin":81118,"position":5},"title":"Vai ter mais feriados prolongados em 2025? Veja o calend\u00e1rio","author":"noticiasribeiraopreto.com.br","date":"24 de April de 2025","format":false,"excerpt":"Com o fim do feriado de Tiradentes, a popula\u00e7\u00e3o de Ribeir\u00e3o Preto j\u00e1 pode se planejar para os pr\u00f3ximos dias de folga ao longo de 2025. A lista inclui feriados nacionais, estaduais e pontos facultativos que impactam o funcionamento de servi\u00e7os p\u00fablicos e privados na cidade. Confira: Maio 1\u00ba de\u2026","rel":"","context":"In &quot;Not\u00edcias de Ribeir\u00e3o Preto-SP e Regi\u00e3o&quot;","block_context":{"text":"Not\u00edcias de Ribeir\u00e3o Preto-SP e Regi\u00e3o","link":"https:\/\/noticiasribeiraopreto.com.br\/index.php\/category\/noticias-de-ribeirao-preto-sp-e-regiao-ismael-colosi\/"},"img":{"alt_text":"","src":"https:\/\/i0.wp.com\/noticiasribeiraopreto.com.br\/wp-content\/uploads\/2025\/01\/Copia-de-Copia-de-Copia-de-TAMANHO-EXATO-PARA-FOTOS-NO-SISTEMA-NOVO-2025-01-22T154849.670_2025-01-22_18-48-57_png_2025-01-22_18-48-57.webp.webp?fit=1200%2C675&ssl=1&resize=350%2C200","width":350,"height":200,"srcset":"https:\/\/i0.wp.com\/noticiasribeiraopreto.com.br\/wp-content\/uploads\/2025\/01\/Copia-de-Copia-de-Copia-de-TAMANHO-EXATO-PARA-FOTOS-NO-SISTEMA-NOVO-2025-01-22T154849.670_2025-01-22_18-48-57_png_2025-01-22_18-48-57.webp.webp?fit=1200%2C675&ssl=1&resize=350%2C200 1x, https:\/\/i0.wp.com\/noticiasribeiraopreto.com.br\/wp-content\/uploads\/2025\/01\/Copia-de-Copia-de-Copia-de-TAMANHO-EXATO-PARA-FOTOS-NO-SISTEMA-NOVO-2025-01-22T154849.670_2025-01-22_18-48-57_png_2025-01-22_18-48-57.webp.webp?fit=1200%2C675&ssl=1&resize=525%2C300 1.5x, https:\/\/i0.wp.com\/noticiasribeiraopreto.com.br\/wp-content\/uploads\/2025\/01\/Copia-de-Copia-de-Copia-de-TAMANHO-EXATO-PARA-FOTOS-NO-SISTEMA-NOVO-2025-01-22T154849.670_2025-01-22_18-48-57_png_2025-01-22_18-48-57.webp.webp?fit=1200%2C675&ssl=1&resize=700%2C400 2x, https:\/\/i0.wp.com\/noticiasribeiraopreto.com.br\/wp-content\/uploads\/2025\/01\/Copia-de-Copia-de-Copia-de-TAMANHO-EXATO-PARA-FOTOS-NO-SISTEMA-NOVO-2025-01-22T154849.670_2025-01-22_18-48-57_png_2025-01-22_18-48-57.webp.webp?fit=1200%2C675&ssl=1&resize=1050%2C600 3x"},"classes":[]}],"jetpack_sharing_enabled":true,"jetpack_shortlink":"https:\/\/wp.me\/peQAOb-l6m","_links":{"self":[{"href":"https:\/\/noticiasribeiraopreto.com.br\/index.php\/wp-json\/wp\/v2\/posts\/81118","targetHints":{"allow":["GET"]}}],"collection":[{"href":"https:\/\/noticiasribeiraopreto.com.br\/index.php\/wp-json\/wp\/v2\/posts"}],"about":[{"href":"https:\/\/noticiasribeiraopreto.com.br\/index.php\/wp-json\/wp\/v2\/types\/post"}],"author":[{"embeddable":true,"href":"https:\/\/noticiasribeiraopreto.com.br\/index.php\/wp-json\/wp\/v2\/users\/1"}],"replies":[{"embeddable":true,"href":"https:\/\/noticiasribeiraopreto.com.br\/index.php\/wp-json\/wp\/v2\/comments?post=81118"}],"version-history":[{"count":0,"href":"https:\/\/noticiasribeiraopreto.com.br\/index.php\/wp-json\/wp\/v2\/posts\/81118\/revisions"}],"wp:featuredmedia":[{"embeddable":true,"href":"https:\/\/noticiasribeiraopreto.com.br\/index.php\/wp-json\/wp\/v2\/media\/81119"}],"wp:attachment":[{"href":"https:\/\/noticiasribeiraopreto.com.br\/index.php\/wp-json\/wp\/v2\/media?parent=81118"}],"wp:term":[{"taxonomy":"category","embeddable":true,"href":"https:\/\/noticiasribeiraopreto.com.br\/index.php\/wp-json\/wp\/v2\/categories?post=81118"},{"taxonomy":"post_tag","embeddable":true,"href":"https:\/\/noticiasribeiraopreto.com.br\/index.php\/wp-json\/wp\/v2\/tags?post=81118"}],"curies":[{"name":"wp","href":"https:\/\/api.w.org\/{rel}","templated":true}]}}