{"id":81120,"date":"2025-12-24T08:35:56","date_gmt":"2025-12-24T11:35:56","guid":{"rendered":"https:\/\/noticiasribeiraopreto.com.br\/index.php\/2025\/12\/24\/onibus-tomba-deixa-tres-pessoas-mortas-e-mais-de-42-feridas-em-jaboticabal\/"},"modified":"2025-12-24T08:35:56","modified_gmt":"2025-12-24T11:35:56","slug":"onibus-tomba-deixa-tres-pessoas-mortas-e-mais-de-42-feridas-em-jaboticabal","status":"publish","type":"post","link":"https:\/\/noticiasribeiraopreto.com.br\/index.php\/2025\/12\/24\/onibus-tomba-deixa-tres-pessoas-mortas-e-mais-de-42-feridas-em-jaboticabal\/","title":{"rendered":"\u00d4nibus tomba, deixa tr\u00eas pessoas mortas e mais de 42 feridas em Jaboticabal"},"content":{"rendered":"<div class='code-block code-block-1' style='margin: 8px 0 8px auto; text-align: right; display: block; clear: both;'>\n<p><a href=\"https:\/\/wa.link\/vpicfd\"><img data-recalc-dims=\"1\" class=\"wp-image-4922\" style=\"aspect-ratio: 2.0253164556962027; width: 561px; height: auto;\" src=\"https:\/\/i0.wp.com\/ismaelcolosi.com.br\/wp-content\/uploads\/2023\/11\/grupo-de-empregos-whatsapp-e-facebook-ismael-colosi-vagas.jpg?ssl=1\" alt=\"\" \/><\/a><\/p>\n<!-- \/wp:image -->\n<\/div>\n<p> <br \/>\n<\/p>\n<div id=\"post-450065\">&#13;<br \/>\n&#13;<\/p>\n<header class=\"entry-header penci-entry-header penci-title-center\">&#13;<br \/>\n\t\t\t\t\t\t\t\t&#13;<\/p>\n<p>&#13;<br \/>\n\t\t\t\t\t\t\t\t\t<span class=\"entry-meta-item penci-posted-on\"><i class=\"fa fa-clock-o\"\/><time class=\"entry-date published\" datetime=\"2025-12-24T08:33:16-03:00\">24 de dezembro de 2025 08:33<\/time><time class=\"updated\" datetime=\"2025-12-24T08:34:44-03:00\">24 de dezembro de 2025 08:34<\/time><\/span><span class=\"entry-meta-item penci-post-countview\"\/>\t\t\t\t\t\t\t\t<\/p>\n<p><!-- .entry-meta -->&#13;<br \/>\n\t\t\t\t\t\t\t\t<span class=\"penci-social-buttons penci-social-share-footer\"><span class=\"penci-social-share-text\">Compartilhar<\/span><a href=\"#\" class=\"penci-post-like penci_post-meta_item  single-like-button penci-social-item like\" data-post_id=\"450065\" title=\"Like\" data-like=\"Like\" data-unlike=\"Unlike\"><i class=\"fa fa-thumbs-o-up\"\/><span class=\"penci-share-number\">0<\/span><\/a><i class=\"fa fa-facebook\"\/><a class=\"penci-social-item twitter\" target=\"_blank\" rel=\"noopener\" title=\"\" href=\"https:\/\/twitter.com\/intent\/tweet?text=\u00d4nibus%20tomba,%20deixa%20tr\u00eas%20pessoas%20mortas%20e%20mais%20de%2042%20feridas%20em%20Jaboticabal%20-%20https:\/\/www.tribunaribeirao.com.br\/onibus-tomba-deixa-tres-pessoas-mortas-e-mais-de-42-feridas-em-jaboticabal\/\"><i class=\"fa fa-twitter\"\/><\/a><i class=\"fa fa-linkedin\"\/><i class=\"fa fa-whatsapp\"\/><i class=\"fa fa-telegram\"\/><i class=\"fa fa-envelope\"\/><\/span>\t\t\t\t\t\t\t<\/header>\n<p><!-- .entry-header -->&#13;<\/p>\n<div class=\"penci-entry-content entry-content\">\n<p>Um acidente envolvendo um \u00f4nibus, na manh\u00e3 desta quarta-feira (24), deixou tr\u00eas pessoas mortas e mais de 42 feridas na Rodovia Brigadeiro Faria Lima (SP-326), em Jaboticabal.<\/p>\n<p>Segundo informa\u00e7\u00f5es do Centro de Controle Multimodal (CCM) da Artesp, o ve\u00edculo seguia no sentido norte, em pista dupla, quando, pr\u00f3ximo ao quil\u00f4metro 341, ao tentar acessar uma al\u00e7a de acesso, o motorista perdeu o controle da dire\u00e7\u00e3o e o \u00f4nibus tombou no canteiro central da rotat\u00f3ria.<\/p>\n<p>O \u00f4nibus havia sa\u00eddo da cidade de S\u00e3o Paulo com destino ao munic\u00edpio de Ol\u00edmpia (SP).<\/p>\n<p>No total, havia cerca de 45 pessoas dentro do ve\u00edculo. O Servi\u00e7o de Atendimento M\u00f3vel de Urg\u00eancia (Samu) foi acionado e segue realizando o resgate e atendimento \u00e0s v\u00edtimas.<\/p>\n<p>A pista segue interditada.<\/p>\n<\/div>\n<p><!-- .entry-content -->&#13;<br \/>\n&#13;<\/p>\n<footer class=\"penci-entry-footer\">&#13;<br \/>\n\t\t\t\t\t\t\t\t<span class=\"penci-social-buttons penci-social-share-footer\"><span class=\"penci-social-share-text\">Compartilhar<\/span><a href=\"#\" class=\"penci-post-like penci_post-meta_item  single-like-button penci-social-item like\" data-post_id=\"450065\" title=\"Like\" data-like=\"Like\" data-unlike=\"Unlike\"><i class=\"fa fa-thumbs-o-up\"\/><span class=\"penci-share-number\">0<\/span><\/a><i class=\"fa fa-facebook\"\/><a class=\"penci-social-item twitter\" target=\"_blank\" rel=\"noopener\" title=\"\" href=\"https:\/\/twitter.com\/intent\/tweet?text=\u00d4nibus%20tomba,%20deixa%20tr\u00eas%20pessoas%20mortas%20e%20mais%20de%2042%20feridas%20em%20Jaboticabal%20-%20https:\/\/www.tribunaribeirao.com.br\/onibus-tomba-deixa-tres-pessoas-mortas-e-mais-de-42-feridas-em-jaboticabal\/\"><i class=\"fa fa-twitter\"\/><\/a><i class=\"fa fa-linkedin\"\/><i class=\"fa fa-whatsapp\"\/><i class=\"fa fa-telegram\"\/><i class=\"fa fa-envelope\"\/><\/span>\t\t\t\t\t\t\t<\/footer>\n<p><!-- .entry-footer -->&#13;\n\t\t\t\t\t\t<\/div>\n<p><script async src=\"\/\/platform.twitter.com\/widgets.js\" charset=\"utf-8\"><\/script><br \/>\n<br \/><br \/>\n<br \/><a href=\"https:\/\/www.tribunaribeirao.com.br\/onibus-tomba-deixa-tres-pessoas-mortas-e-mais-de-42-feridas-em-jaboticabal\/\">Source link <\/a><\/p>\n<!-- CONTENT END 1 -->\n","protected":false},"excerpt":{"rendered":"<p>&#13; &#13; &#13; &#13; &#13; 24 de dezembro de 2025 08:3324 de dezembro de 2025 08:34 &#13; Compartilhar0 &#13; Um acidente envolvendo um \u00f4nibus, na&#8230;<\/p>\n","protected":false},"author":1,"featured_media":81121,"comment_status":"open","ping_status":"open","sticky":false,"template":"","format":"standard","meta":{"advanced_seo_description":"","jetpack_seo_html_title":"","jetpack_seo_noindex":false,"jetpack_post_was_ever_published":false,"_jetpack_newsletter_access":"","_jetpack_dont_email_post_to_subs":false,"_jetpack_newsletter_tier_id":0,"_jetpack_memberships_contains_paywalled_content":false,"_jetpack_memberships_contains_paid_content":false,"footnotes":"","jetpack_publicize_message":"","jetpack_publicize_feature_enabled":true,"jetpack_social_post_already_shared":true,"jetpack_social_options":{"image_generator_settings":{"template":"highway","default_image_id":0,"font":"","enabled":false},"version":2}},"categories":[11],"tags":[],"class_list":["post-81120","post","type-post","status-publish","format-standard","has-post-thumbnail","hentry","category-noticias-de-ribeirao-preto-sp-e-regiao-ismael-colosi"],"jetpack_publicize_connections":[],"jetpack_featured_media_url":"https:\/\/i0.wp.com\/noticiasribeiraopreto.com.br\/wp-content\/uploads\/2025\/12\/WhatsApp-Image-2025-12-24-at-08.10.39-1-scaled.jpeg?fit=1040%2C780&ssl=1","jetpack-related-posts":[{"id":23774,"url":"https:\/\/noticiasribeiraopreto.com.br\/index.php\/2024\/01\/03\/instituto-oncologico-de-ribeirao-preto-ata-de-age-realizada-em-08-de-dezembro-de-2023\/","url_meta":{"origin":81120,"position":0},"title":"INSTITUTO ONCOL\u00d3GICO DE RIBEIR\u00c3O PRETO &#8211; ATA DE AGE REALIZADA EM 08 DE DEZEMBRO DE 2023","author":"noticiasribeiraopreto.com.br","date":"3 de January de 2024","format":false,"excerpt":"Ribeir\u00e3o Preto \u00e9 o centro de uma regi\u00e3o com mais de 3 milh\u00f5es de habitantes. O agroneg\u00f3cio, o com\u00e9rcio e a presta\u00e7\u00e3o de servi\u00e7os s\u00e3o os pontos fortes da economia. O jornal Tribuna circula em Ribeir\u00e3o Preto e em outras 10 cidades da regi\u00e3o. Sua linha editorial \u00e9 informativa e\u2026","rel":"","context":"In &quot;Not\u00edcias de Ribeir\u00e3o Preto-SP e Regi\u00e3o&quot;","block_context":{"text":"Not\u00edcias de Ribeir\u00e3o Preto-SP e Regi\u00e3o","link":"https:\/\/noticiasribeiraopreto.com.br\/index.php\/category\/noticias-de-ribeirao-preto-sp-e-regiao-ismael-colosi\/"},"img":{"alt_text":"","src":"https:\/\/i0.wp.com\/noticiasribeiraopreto.com.br\/wp-content\/uploads\/2024\/01\/publicidade-legal.png?fit=700%2C450&ssl=1&resize=350%2C200","width":350,"height":200,"srcset":"https:\/\/i0.wp.com\/noticiasribeiraopreto.com.br\/wp-content\/uploads\/2024\/01\/publicidade-legal.png?fit=700%2C450&ssl=1&resize=350%2C200 1x, https:\/\/i0.wp.com\/noticiasribeiraopreto.com.br\/wp-content\/uploads\/2024\/01\/publicidade-legal.png?fit=700%2C450&ssl=1&resize=525%2C300 1.5x, https:\/\/i0.wp.com\/noticiasribeiraopreto.com.br\/wp-content\/uploads\/2024\/01\/publicidade-legal.png?fit=700%2C450&ssl=1&resize=700%2C400 2x"},"classes":[]},{"id":12425,"url":"https:\/\/noticiasribeiraopreto.com.br\/index.php\/2023\/12\/08\/bolsa-familia-governo-antecipa-pagamento-em-dezembro-meu-valor-digital\/","url_meta":{"origin":81120,"position":1},"title":"Bolsa Fam\u00edlia: governo antecipa pagamento em dezembro &#8211; Meu Valor Digital","author":"noticiasribeiraopreto.com.br","date":"8 de December de 2023","format":false,"excerpt":"Com as festas de fim ano e as pessoas planejando onde v\u00e3o passar a data e precisando de dinheiro no bolso, levou o governo a antecipar o pagamento do Bolsa Fam\u00edlia para a pr\u00f3xima segunda-feira (11). Nesta segunda-feira, recebem os benefici\u00e1rios com NIS de final 1. Os dep\u00f3sitos v\u00e3o ser\u2026","rel":"","context":"In &quot;Vagas de Emprego em Ribeir\u00e3o Preto-SP&quot;","block_context":{"text":"Vagas de Emprego em Ribeir\u00e3o Preto-SP","link":"https:\/\/noticiasribeiraopreto.com.br\/index.php\/category\/empregos-classificados-vagas-trabalho\/vagas-de-empregos-em-ribeirao-preto-regiao-brasil\/"},"img":{"alt_text":"","src":"https:\/\/i0.wp.com\/noticiasribeiraopreto.com.br\/wp-content\/uploads\/2023\/12\/Bolsa-Familia-1.jpg?fit=1200%2C773&ssl=1&resize=350%2C200","width":350,"height":200,"srcset":"https:\/\/i0.wp.com\/noticiasribeiraopreto.com.br\/wp-content\/uploads\/2023\/12\/Bolsa-Familia-1.jpg?fit=1200%2C773&ssl=1&resize=350%2C200 1x, https:\/\/i0.wp.com\/noticiasribeiraopreto.com.br\/wp-content\/uploads\/2023\/12\/Bolsa-Familia-1.jpg?fit=1200%2C773&ssl=1&resize=525%2C300 1.5x, https:\/\/i0.wp.com\/noticiasribeiraopreto.com.br\/wp-content\/uploads\/2023\/12\/Bolsa-Familia-1.jpg?fit=1200%2C773&ssl=1&resize=700%2C400 2x, https:\/\/i0.wp.com\/noticiasribeiraopreto.com.br\/wp-content\/uploads\/2023\/12\/Bolsa-Familia-1.jpg?fit=1200%2C773&ssl=1&resize=1050%2C600 3x"},"classes":[]},{"id":12881,"url":"https:\/\/noticiasribeiraopreto.com.br\/index.php\/2023\/12\/08\/hbo-max-tera-mais-de-30-lancamentos-em-dezembro-veja-a-lista\/","url_meta":{"origin":81120,"position":2},"title":"HBO Max ter\u00e1 mais de 30 lan\u00e7amentos em dezembro; veja a lista","author":"noticiasribeiraopreto.com.br","date":"8 de December de 2023","format":false,"excerpt":"Cr\u00e9ditos: Divulga\u00e7\u00e3o\/HBO MaxO que chega na HBO Max em dezembro de 2023?O \u00faltimo m\u00eas de 2023 promete grandes estreias na HBO Max! Em dezembro, a plataforma de streaming trar\u00e1 novas s\u00e9ries, document\u00e1rios, animes e filmes para o cat\u00e1logo.O destaque, obviamente, fica com os longas que acabaram de sair dos cinemas,\u2026","rel":"","context":"In &quot;Variedades&quot;","block_context":{"text":"Variedades","link":"https:\/\/noticiasribeiraopreto.com.br\/index.php\/category\/variedades\/"},"img":{"alt_text":"","src":"https:\/\/i0.wp.com\/noticiasribeiraopreto.com.br\/wp-content\/uploads\/2023\/12\/hbo-max-26mai2021.jpg?fit=1200%2C638&ssl=1&resize=350%2C200","width":350,"height":200,"srcset":"https:\/\/i0.wp.com\/noticiasribeiraopreto.com.br\/wp-content\/uploads\/2023\/12\/hbo-max-26mai2021.jpg?fit=1200%2C638&ssl=1&resize=350%2C200 1x, https:\/\/i0.wp.com\/noticiasribeiraopreto.com.br\/wp-content\/uploads\/2023\/12\/hbo-max-26mai2021.jpg?fit=1200%2C638&ssl=1&resize=525%2C300 1.5x, https:\/\/i0.wp.com\/noticiasribeiraopreto.com.br\/wp-content\/uploads\/2023\/12\/hbo-max-26mai2021.jpg?fit=1200%2C638&ssl=1&resize=700%2C400 2x, https:\/\/i0.wp.com\/noticiasribeiraopreto.com.br\/wp-content\/uploads\/2023\/12\/hbo-max-26mai2021.jpg?fit=1200%2C638&ssl=1&resize=1050%2C600 3x"},"classes":[]},{"id":12791,"url":"https:\/\/noticiasribeiraopreto.com.br\/index.php\/2023\/12\/08\/bolsa-familia-de-dezembro-traz-novidade-incrivel-ja-na-proxima-semana\/","url_meta":{"origin":81120,"position":3},"title":"Bolsa Fam\u00edlia de dezembro traz novidade INCR\u00cdVEL j\u00e1 na pr\u00f3xima semana","author":"noticiasribeiraopreto.com.br","date":"8 de December de 2023","format":false,"excerpt":"O governo federal anunciou o calend\u00e1rio de pagamento do programa Bolsa Fam\u00edlia para o m\u00eas de dezembro. De acordo com o planejamento do Governo Federal, os pagamentos ter\u00e3o in\u00edcio no dia 11 e se estender\u00e3o at\u00e9 o dia 22, antecipando os pagamentos para o Natal.Cr\u00e9ditos: Ag\u00eancia Brasil\/Lula MarquesBolsa Fam\u00edlia de\u2026","rel":"","context":"In &quot;Variedades&quot;","block_context":{"text":"Variedades","link":"https:\/\/noticiasribeiraopreto.com.br\/index.php\/category\/variedades\/"},"img":{"alt_text":"","src":"https:\/\/i0.wp.com\/noticiasribeiraopreto.com.br\/wp-content\/uploads\/2023\/12\/caixa-paga-bolsa-familia-a-novos-beneficiarios-hoje-veja-quem-tem-direito.jpg?fit=1200%2C638&ssl=1&resize=350%2C200","width":350,"height":200,"srcset":"https:\/\/i0.wp.com\/noticiasribeiraopreto.com.br\/wp-content\/uploads\/2023\/12\/caixa-paga-bolsa-familia-a-novos-beneficiarios-hoje-veja-quem-tem-direito.jpg?fit=1200%2C638&ssl=1&resize=350%2C200 1x, https:\/\/i0.wp.com\/noticiasribeiraopreto.com.br\/wp-content\/uploads\/2023\/12\/caixa-paga-bolsa-familia-a-novos-beneficiarios-hoje-veja-quem-tem-direito.jpg?fit=1200%2C638&ssl=1&resize=525%2C300 1.5x, https:\/\/i0.wp.com\/noticiasribeiraopreto.com.br\/wp-content\/uploads\/2023\/12\/caixa-paga-bolsa-familia-a-novos-beneficiarios-hoje-veja-quem-tem-direito.jpg?fit=1200%2C638&ssl=1&resize=700%2C400 2x, https:\/\/i0.wp.com\/noticiasribeiraopreto.com.br\/wp-content\/uploads\/2023\/12\/caixa-paga-bolsa-familia-a-novos-beneficiarios-hoje-veja-quem-tem-direito.jpg?fit=1200%2C638&ssl=1&resize=1050%2C600 3x"},"classes":[]},{"id":10196,"url":"https:\/\/noticiasribeiraopreto.com.br\/index.php\/2023\/12\/04\/inss-surpreende-aposentados-com-pagamento-antecipado\/","url_meta":{"origin":81120,"position":4},"title":"INSS surpreende aposentados com pagamento antecipado","author":"noticiasribeiraopreto.com.br","date":"4 de December de 2023","format":false,"excerpt":"Benefici\u00e1rios do INSS recebem uma boa not\u00edcia com a antecipa\u00e7\u00e3o dos dep\u00f3sitos de dezembro, encerrando o ano com alegria financeira. 3 de dezembro de 2023 \u00e0s 23:59 Por: Reda\u00e7\u00e3o Cr\u00e9ditos: Captura de telaPrint do portal Meu INSS O Instituto Nacional do Seguro Social (INSS) surpreendeu os aposentados e pensionistas ao\u2026","rel":"","context":"In &quot;Variedades&quot;","block_context":{"text":"Variedades","link":"https:\/\/noticiasribeiraopreto.com.br\/index.php\/category\/variedades\/"},"img":{"alt_text":"","src":"https:\/\/i0.wp.com\/noticiasribeiraopreto.com.br\/wp-content\/uploads\/2023\/12\/1701659671_depositphotos-366956486-xl-scaled.jpg?fit=1200%2C638&ssl=1&resize=350%2C200","width":350,"height":200,"srcset":"https:\/\/i0.wp.com\/noticiasribeiraopreto.com.br\/wp-content\/uploads\/2023\/12\/1701659671_depositphotos-366956486-xl-scaled.jpg?fit=1200%2C638&ssl=1&resize=350%2C200 1x, https:\/\/i0.wp.com\/noticiasribeiraopreto.com.br\/wp-content\/uploads\/2023\/12\/1701659671_depositphotos-366956486-xl-scaled.jpg?fit=1200%2C638&ssl=1&resize=525%2C300 1.5x, https:\/\/i0.wp.com\/noticiasribeiraopreto.com.br\/wp-content\/uploads\/2023\/12\/1701659671_depositphotos-366956486-xl-scaled.jpg?fit=1200%2C638&ssl=1&resize=700%2C400 2x, https:\/\/i0.wp.com\/noticiasribeiraopreto.com.br\/wp-content\/uploads\/2023\/12\/1701659671_depositphotos-366956486-xl-scaled.jpg?fit=1200%2C638&ssl=1&resize=1050%2C600 3x"},"classes":[]},{"id":12500,"url":"https:\/\/noticiasribeiraopreto.com.br\/index.php\/2023\/12\/08\/calendario-de-pagamento-do-inss-em-dezembro-surpreende\/","url_meta":{"origin":81120,"position":5},"title":"Calend\u00e1rio de pagamento do INSS em dezembro SURPREENDE","author":"noticiasribeiraopreto.com.br","date":"8 de December de 2023","format":false,"excerpt":"O Instituto Nacional do Seguro Social (INSS) disponibilizou o calend\u00e1rio referente ao pagamento de benef\u00edcios para dezembro e agora todos os aposentados e pensionistas podem saber a data de pagamento do seu benef\u00edcio. Cr\u00e9ditos: Ag\u00eancia Brasil\/Valter CampanatoCalend\u00e1rio de pagamento do INSS em dezembro SURPREENDE O pagamento em dezembro seguira o\u2026","rel":"","context":"In &quot;Variedades&quot;","block_context":{"text":"Variedades","link":"https:\/\/noticiasribeiraopreto.com.br\/index.php\/category\/variedades\/"},"img":{"alt_text":"","src":"https:\/\/i0.wp.com\/noticiasribeiraopreto.com.br\/wp-content\/uploads\/2023\/12\/a-melhor-noticia-para-quem-aguarda-uma-pericia-no-inss-acaba-de-chegar.jpg?fit=1200%2C638&ssl=1&resize=350%2C200","width":350,"height":200,"srcset":"https:\/\/i0.wp.com\/noticiasribeiraopreto.com.br\/wp-content\/uploads\/2023\/12\/a-melhor-noticia-para-quem-aguarda-uma-pericia-no-inss-acaba-de-chegar.jpg?fit=1200%2C638&ssl=1&resize=350%2C200 1x, https:\/\/i0.wp.com\/noticiasribeiraopreto.com.br\/wp-content\/uploads\/2023\/12\/a-melhor-noticia-para-quem-aguarda-uma-pericia-no-inss-acaba-de-chegar.jpg?fit=1200%2C638&ssl=1&resize=525%2C300 1.5x, https:\/\/i0.wp.com\/noticiasribeiraopreto.com.br\/wp-content\/uploads\/2023\/12\/a-melhor-noticia-para-quem-aguarda-uma-pericia-no-inss-acaba-de-chegar.jpg?fit=1200%2C638&ssl=1&resize=700%2C400 2x, https:\/\/i0.wp.com\/noticiasribeiraopreto.com.br\/wp-content\/uploads\/2023\/12\/a-melhor-noticia-para-quem-aguarda-uma-pericia-no-inss-acaba-de-chegar.jpg?fit=1200%2C638&ssl=1&resize=1050%2C600 3x"},"classes":[]}],"jetpack_sharing_enabled":true,"jetpack_shortlink":"https:\/\/wp.me\/peQAOb-l6o","_links":{"self":[{"href":"https:\/\/noticiasribeiraopreto.com.br\/index.php\/wp-json\/wp\/v2\/posts\/81120","targetHints":{"allow":["GET"]}}],"collection":[{"href":"https:\/\/noticiasribeiraopreto.com.br\/index.php\/wp-json\/wp\/v2\/posts"}],"about":[{"href":"https:\/\/noticiasribeiraopreto.com.br\/index.php\/wp-json\/wp\/v2\/types\/post"}],"author":[{"embeddable":true,"href":"https:\/\/noticiasribeiraopreto.com.br\/index.php\/wp-json\/wp\/v2\/users\/1"}],"replies":[{"embeddable":true,"href":"https:\/\/noticiasribeiraopreto.com.br\/index.php\/wp-json\/wp\/v2\/comments?post=81120"}],"version-history":[{"count":0,"href":"https:\/\/noticiasribeiraopreto.com.br\/index.php\/wp-json\/wp\/v2\/posts\/81120\/revisions"}],"wp:featuredmedia":[{"embeddable":true,"href":"https:\/\/noticiasribeiraopreto.com.br\/index.php\/wp-json\/wp\/v2\/media\/81121"}],"wp:attachment":[{"href":"https:\/\/noticiasribeiraopreto.com.br\/index.php\/wp-json\/wp\/v2\/media?parent=81120"}],"wp:term":[{"taxonomy":"category","embeddable":true,"href":"https:\/\/noticiasribeiraopreto.com.br\/index.php\/wp-json\/wp\/v2\/categories?post=81120"},{"taxonomy":"post_tag","embeddable":true,"href":"https:\/\/noticiasribeiraopreto.com.br\/index.php\/wp-json\/wp\/v2\/tags?post=81120"}],"curies":[{"name":"wp","href":"https:\/\/api.w.org\/{rel}","templated":true}]}}