{"id":81122,"date":"2025-12-24T08:42:54","date_gmt":"2025-12-24T11:42:54","guid":{"rendered":"https:\/\/noticiasribeiraopreto.com.br\/index.php\/2025\/12\/24\/vereador-quer-sangue-em-vez-de-multa-de-transito\/"},"modified":"2025-12-24T08:42:54","modified_gmt":"2025-12-24T11:42:54","slug":"vereador-quer-sangue-em-vez-de-multa-de-transito","status":"publish","type":"post","link":"https:\/\/noticiasribeiraopreto.com.br\/index.php\/2025\/12\/24\/vereador-quer-sangue-em-vez-de-multa-de-transito\/","title":{"rendered":"Vereador quer sangue em vez de multa de transito"},"content":{"rendered":"<div class='code-block code-block-1' style='margin: 8px 0 8px auto; text-align: right; display: block; clear: both;'>\n<p><a href=\"https:\/\/wa.link\/vpicfd\"><img data-recalc-dims=\"1\" class=\"wp-image-4922\" style=\"aspect-ratio: 2.0253164556962027; width: 561px; height: auto;\" src=\"https:\/\/i0.wp.com\/ismaelcolosi.com.br\/wp-content\/uploads\/2023\/11\/grupo-de-empregos-whatsapp-e-facebook-ismael-colosi-vagas.jpg?ssl=1\" alt=\"\" \/><\/a><\/p>\n<!-- \/wp:image -->\n<\/div>\n<p> <br \/>\n<\/p>\n<div id=\"\">&#13;<br \/>\n\t\t\t\t\t\t\t\t&#13;<\/p>\n<p>&#13;<br \/>\n\t\t\t\t\t\t\t\t\t<span class=\"entry-meta-item penci-posted-on\"><i class=\"fa fa-clock-o\"\/><time class=\"entry-date published updated\" datetime=\"2025-12-24T08:29:50-03:00\">24 de dezembro de 2025 08:29<\/time><\/span><span class=\"entry-meta-item penci-post-countview\"\/>\t\t\t\t\t\t\t\t<\/p>\n<p><!-- .entry-meta -->&#13;<br \/>\n\t\t\t\t\t\t\t\t<span class=\"penci-social-buttons penci-social-share-footer\"><span class=\"penci-social-share-text\">Compartilhar<\/span><a href=\"#\" class=\"penci-post-like penci_post-meta_item  single-like-button penci-social-item like\" data-post_id=\"450067\" title=\"Like\" data-like=\"Like\" data-unlike=\"Unlike\"><i class=\"fa fa-thumbs-o-up\"\/><span class=\"penci-share-number\">0<\/span><\/a><i class=\"fa fa-facebook\"\/><a class=\"penci-social-item twitter\" target=\"_blank\" rel=\"noopener\" title=\"\" href=\"https:\/\/twitter.com\/intent\/tweet?text=Vereador%20quer%20sangue%20em%20vez%20de%20multa%20de%20transito%20-%20https:\/\/www.tribunaribeirao.com.br\/vereador-quer-sangue-em-vez-de-multa-de-transito\/\"><i class=\"fa fa-twitter\"\/><\/a><i class=\"fa fa-linkedin\"\/><i class=\"fa fa-whatsapp\"\/><i class=\"fa fa-telegram\"\/><i class=\"fa fa-envelope\"\/><\/span>\t\t\t\t\t\t\t<\/div>\n<div>\n<p><em>Projeto de lei prev\u00ea que as multas leves ou medias no tr\u00e2nsito da cidade sejam substitu\u00eddas por doa\u00e7\u00f5es de sangue<\/em><\/p>\n<p>Um projeto de lei protocolado na C\u00e2mara de Vereadores de Ribeir\u00e3o Preto quer trocar as multas dos motoristas que cometerem infra\u00e7\u00f5es leves ou m\u00e9dias no tr\u00e2nsito da cidade pela doa\u00e7\u00e3o de sangue nos hemocentros conveniados ao Sistema \u00danico de Sa\u00fade (SUS). O autor de ideia \u00e9 o vereador Rangel Scandiuzzi (PSD).<\/p>\n<p>Entre as infra\u00e7\u00f5es consideradas m\u00e9dias pelo C\u00f3digo de Tr\u00e2nsito Brasileiro (CTB) est\u00e3o as de transitar em velocidade superior \u00e0 m\u00e1xima permitida em at\u00e9 20% e estacionar em desacordo com a regulamenta\u00e7\u00e3o -estacionamento rotativo. A infra\u00e7\u00e3o tem multa de R$130,16 e faz o infrator perder 4 pontos na Carteira Nacional de Habilita\u00e7\u00e3o (CNH).<\/p>\n<p>J\u00e1 as infra\u00e7\u00f5es leves incluem, por exemplo, usar a buzina em locais e hor\u00e1rios proibidos pela sinaliza\u00e7\u00e3o e conduzir o ve\u00edculo sem os documentos de porte obrigat\u00f3rio. Tem multa de R$ 88,38 e provoca a perda de 3 pontos na CNH do condutor.<\/p>\n<p>Se a lei estivesse valendo, ou seja, tivesse sido aprovada pelos vereadores e sancionada pelo prefeito Ricardo Silva (PSD), Ribeir\u00e3o Preto teria deixado de arrecadar entre janeiro e outubro deste ano, R$ 11.019.251,44 com o n\u00e3o pagamento de duas das infra\u00e7\u00f5es consideradas medias e mais cometidas pelos motoristas da cidade.<\/p>\n<p>De janeiro a outubro deste ano, 54.552 motoristas foram autuados por transitar em velocidade superior \u00e0 m\u00e1xima permitida em at\u00e9 20%. J\u00e1 30.107 foram autuados por estacionar em desacordo com a regulamenta\u00e7\u00e3o. Um total de 84.659 infra\u00e7\u00f5es com valor unit\u00e1rio de R$ 130,16 e um total de R$ 11.019215,44. Neste per\u00edodo a cidade registrou 222.178 infra\u00e7\u00f5es de tr\u00e2nsito com os mais diferentes motivos.<\/p>\n<p>Se for considerado o ano passado, quando a RP Mobi registrou 81.719 infra\u00e7\u00f5es por excesso de velocidade e 28.253 por estacionamento irregular o valor seria de R$ 14.313.955,52 naquele ano. Em 2024 a cidade registrou um total de 273.197 infra\u00e7\u00f5es pelos mais diferentes motivos.<\/p>\n<p>Segundo o autor do projeto, a sua iniciativa alia a pol\u00edtica municipal de tr\u00e2nsito ao fortalecimento da rede p\u00fablica de Sa\u00fade, incentivando a doa\u00e7\u00e3o regular de sangue, pr\u00e1tica de relevante interesse p\u00fablico e reconhecida Import\u00e2ncia para a manuten\u00e7\u00e3o dos estoques dos hemocentros, especialmente em per\u00edodos de baixa ades\u00e3o da popula\u00e7\u00e3o.<\/p>\n<p>\u201cA convers\u00e3o limitada a infra\u00e7\u00f5es de menor potencial ofensivo preserva a seguran\u00e7a Vi\u00e1ria, n\u00e3o alcan\u00e7ando infra\u00e7\u00f5es graves ou grav\u00edssimas, e refor\u00e7a o princ\u00edpio da proporcionalidade\u201d, diz parte da justificativa.<br \/>Em fun\u00e7\u00e3o do recesso parlamentar de final de ano da C\u00e2mara Municipal, o projeto de lei s\u00f3 dever\u00e1 ser analisado em plen\u00e1rio a partir de fevereiro, caso receba parecer favor\u00e1vel da Comiss\u00e3o de Constitui\u00e7\u00e3o e Justi\u00e7a (CCJ).<\/p>\n<p>Especialistas em Direito P\u00fablico, ouvidos pela reportagem afirmam que o projeto tem problemas de inconstitucionalidade. O primeiro de ir contra o C\u00f3digo de Tr\u00e2nsito Brasileiro (CTB), legisla\u00e7\u00e3o federal, que regula o setor e as penalidades para motoristas infratores. O segundo, porque estabelece ren\u00fancia de receita pelo munic\u00edpio, mas n\u00e3o diz de onde e de que forma ser\u00e3o arrecadados outros recursos para suprir a ren\u00fancia proposta.<\/p>\n<\/div>\n<p><script async src=\"\/\/platform.twitter.com\/widgets.js\" charset=\"utf-8\"><\/script><br \/>\n<br \/><br \/>\n<br \/><a href=\"https:\/\/www.tribunaribeirao.com.br\/vereador-quer-sangue-em-vez-de-multa-de-transito\/\">Source link <\/a><\/p>\n<!-- CONTENT END 1 -->\n","protected":false},"excerpt":{"rendered":"<p>&#13; &#13; &#13; 24 de dezembro de 2025 08:29 &#13; Compartilhar0 Projeto de lei prev\u00ea que as multas leves ou medias no tr\u00e2nsito da cidade&#8230;<\/p>\n","protected":false},"author":1,"featured_media":81123,"comment_status":"open","ping_status":"open","sticky":false,"template":"","format":"standard","meta":{"advanced_seo_description":"","jetpack_seo_html_title":"","jetpack_seo_noindex":false,"jetpack_post_was_ever_published":false,"_jetpack_newsletter_access":"","_jetpack_dont_email_post_to_subs":false,"_jetpack_newsletter_tier_id":0,"_jetpack_memberships_contains_paywalled_content":false,"_jetpack_memberships_contains_paid_content":false,"footnotes":"","jetpack_publicize_message":"","jetpack_publicize_feature_enabled":true,"jetpack_social_post_already_shared":true,"jetpack_social_options":{"image_generator_settings":{"template":"highway","default_image_id":0,"font":"","enabled":false},"version":2}},"categories":[11],"tags":[],"class_list":["post-81122","post","type-post","status-publish","format-standard","has-post-thumbnail","hentry","category-noticias-de-ribeirao-preto-sp-e-regiao-ismael-colosi"],"jetpack_publicize_connections":[],"jetpack_featured_media_url":"https:\/\/i0.wp.com\/noticiasribeiraopreto.com.br\/wp-content\/uploads\/2025\/12\/1-multa_sangue_proposta-1-scaled.jpeg?fit=1170%2C780&ssl=1","jetpack-related-posts":[{"id":75641,"url":"https:\/\/noticiasribeiraopreto.com.br\/index.php\/2025\/08\/13\/detran-sp-multa-9-motoristas-durante-blitz-na-regiao-de-ribeirao-preto\/","url_meta":{"origin":81122,"position":0},"title":"Detran-SP multa 9 motoristas durante blitz na regi\u00e3o de Ribeir\u00e3o Preto","author":"noticiasribeiraopreto.com.br","date":"13 de August de 2025","format":false,"excerpt":"Uma opera\u00e7\u00e3o do Detran-SP realizada no \u00faltimo s\u00e1bado (9) contra embriaguez ao volante autuou nove motoristas em Sert\u00e3ozinho, na regi\u00e3o de Ribeir\u00e3o Preto. A a\u00e7\u00e3o foi realizada com apoio da PM (Pol\u00edcia Militar). O \u00f3rg\u00e3o informou que as autua\u00e7\u00f5es ocorreram na liga\u00e7\u00e3o da avenida Ant\u00f4nio Paschoal com a rua Jo\u00e3o\u2026","rel":"","context":"In &quot;Not\u00edcias de Ribeir\u00e3o Preto-SP e Regi\u00e3o&quot;","block_context":{"text":"Not\u00edcias de Ribeir\u00e3o Preto-SP e Regi\u00e3o","link":"https:\/\/noticiasribeiraopreto.com.br\/index.php\/category\/noticias-de-ribeirao-preto-sp-e-regiao-ismael-colosi\/"},"img":{"alt_text":"","src":"","width":0,"height":0},"classes":[]},{"id":76490,"url":"https:\/\/noticiasribeiraopreto.com.br\/index.php\/2025\/08\/29\/transito-e-liberado-apos-incendio-em-loja-na-zona-sul-de-ribeirao-preto\/","url_meta":{"origin":81122,"position":1},"title":"Tr\u00e2nsito \u00e9 liberado ap\u00f3s inc\u00eandio em loja na zona Sul de Ribeir\u00e3o Preto","author":"noticiasribeiraopreto.com.br","date":"29 de August de 2025","format":false,"excerpt":"Ap\u00f3s cinco dias, o tr\u00e2nsito de ve\u00edculos foi liberado no acesso \u00e0 rua Conde Afonso Celso, a partir da avenida Independ\u00eancia, na zona Sul de Ribeir\u00e3o Preto. O trecho foi bloqueado no \u00faltimo domingo (24), por conta do inc\u00eandio que atingiu uma loja. Segundo a RP Mobi, empresa respons\u00e1vel pelo\u2026","rel":"","context":"In &quot;Not\u00edcias de Ribeir\u00e3o Preto-SP e Regi\u00e3o&quot;","block_context":{"text":"Not\u00edcias de Ribeir\u00e3o Preto-SP e Regi\u00e3o","link":"https:\/\/noticiasribeiraopreto.com.br\/index.php\/category\/noticias-de-ribeirao-preto-sp-e-regiao-ismael-colosi\/"},"img":{"alt_text":"","src":"https:\/\/i0.wp.com\/noticiasribeiraopreto.com.br\/wp-content\/uploads\/2025\/08\/transito-rua-conde-afonso-celso_2025-08-29_19-10-09.webp.webp?fit=1200%2C675&ssl=1&resize=350%2C200","width":350,"height":200,"srcset":"https:\/\/i0.wp.com\/noticiasribeiraopreto.com.br\/wp-content\/uploads\/2025\/08\/transito-rua-conde-afonso-celso_2025-08-29_19-10-09.webp.webp?fit=1200%2C675&ssl=1&resize=350%2C200 1x, https:\/\/i0.wp.com\/noticiasribeiraopreto.com.br\/wp-content\/uploads\/2025\/08\/transito-rua-conde-afonso-celso_2025-08-29_19-10-09.webp.webp?fit=1200%2C675&ssl=1&resize=525%2C300 1.5x, https:\/\/i0.wp.com\/noticiasribeiraopreto.com.br\/wp-content\/uploads\/2025\/08\/transito-rua-conde-afonso-celso_2025-08-29_19-10-09.webp.webp?fit=1200%2C675&ssl=1&resize=700%2C400 2x, https:\/\/i0.wp.com\/noticiasribeiraopreto.com.br\/wp-content\/uploads\/2025\/08\/transito-rua-conde-afonso-celso_2025-08-29_19-10-09.webp.webp?fit=1200%2C675&ssl=1&resize=1050%2C600 3x"},"classes":[]},{"id":71207,"url":"https:\/\/noticiasribeiraopreto.com.br\/index.php\/2025\/06\/03\/operacao-multa-62-motoristas-por-recusa-ao-bafometro-em-ribeirao-preto-e-regiao\/","url_meta":{"origin":81122,"position":2},"title":"Opera\u00e7\u00e3o multa 62 motoristas por recusa ao baf\u00f4metro em Ribeir\u00e3o Preto e regi\u00e3o","author":"noticiasribeiraopreto.com.br","date":"3 de June de 2025","format":false,"excerpt":"As opera\u00e7\u00f5es de fiscaliza\u00e7\u00e3o do Detran contra alcoolemia realizadas na \u00faltima semana em Ribeir\u00e3o Preto, Bebedouro, Monte Azul Paulista e Jaboticabal resultaram em 62 recusas de motoristas ao teste do baf\u00f4metro. Em Ribeir\u00e3o Preto e Jaboticabal, foram registradas 25 recusas ao teste do baf\u00f4metro e uma autua\u00e7\u00e3o por crime de\u2026","rel":"","context":"In &quot;Not\u00edcias de Ribeir\u00e3o Preto-SP e Regi\u00e3o&quot;","block_context":{"text":"Not\u00edcias de Ribeir\u00e3o Preto-SP e Regi\u00e3o","link":"https:\/\/noticiasribeiraopreto.com.br\/index.php\/category\/noticias-de-ribeirao-preto-sp-e-regiao-ismael-colosi\/"},"img":{"alt_text":"","src":"https:\/\/i0.wp.com\/noticiasribeiraopreto.com.br\/wp-content\/uploads\/2025\/06\/Copia-de-Copia-de-Copia-de-TAMANHO-EXATO-PARA-FOTOS-NO-SISTEMA-NOVO-2025-06-03T150746.923_2025-06-03_18-12-38.webp.webp?fit=1200%2C675&ssl=1&resize=350%2C200","width":350,"height":200,"srcset":"https:\/\/i0.wp.com\/noticiasribeiraopreto.com.br\/wp-content\/uploads\/2025\/06\/Copia-de-Copia-de-Copia-de-TAMANHO-EXATO-PARA-FOTOS-NO-SISTEMA-NOVO-2025-06-03T150746.923_2025-06-03_18-12-38.webp.webp?fit=1200%2C675&ssl=1&resize=350%2C200 1x, https:\/\/i0.wp.com\/noticiasribeiraopreto.com.br\/wp-content\/uploads\/2025\/06\/Copia-de-Copia-de-Copia-de-TAMANHO-EXATO-PARA-FOTOS-NO-SISTEMA-NOVO-2025-06-03T150746.923_2025-06-03_18-12-38.webp.webp?fit=1200%2C675&ssl=1&resize=525%2C300 1.5x, https:\/\/i0.wp.com\/noticiasribeiraopreto.com.br\/wp-content\/uploads\/2025\/06\/Copia-de-Copia-de-Copia-de-TAMANHO-EXATO-PARA-FOTOS-NO-SISTEMA-NOVO-2025-06-03T150746.923_2025-06-03_18-12-38.webp.webp?fit=1200%2C675&ssl=1&resize=700%2C400 2x, https:\/\/i0.wp.com\/noticiasribeiraopreto.com.br\/wp-content\/uploads\/2025\/06\/Copia-de-Copia-de-Copia-de-TAMANHO-EXATO-PARA-FOTOS-NO-SISTEMA-NOVO-2025-06-03T150746.923_2025-06-03_18-12-38.webp.webp?fit=1200%2C675&ssl=1&resize=1050%2C600 3x"},"classes":[]},{"id":65822,"url":"https:\/\/noticiasribeiraopreto.com.br\/index.php\/2025\/03\/24\/saiba-quais-sao-as-avenidas-de-ribeirao-preto-com-maior-numero-de-multas-registradas\/","url_meta":{"origin":81122,"position":3},"title":"Saiba quais s\u00e3o as avenidas de Ribeir\u00e3o Preto com maior n\u00famero de multas registradas","author":"noticiasribeiraopreto.com.br","date":"24 de March de 2025","format":false,"excerpt":"Em Ribeir\u00e3o Preto, a RP Mobi registrou 40.362 multas nos dois primeiros meses deste ano, o que corresponde a uma m\u00e9dia de 28 infra\u00e7\u00f5es por hora. Em janeiro, foram 23.753 multas aplicadas, enquanto em fevereiro, 16.609 motoristas receberam infra\u00e7\u00f5es. Confira os locais: Avenida Marechal Costa e Silva 3.297 multas Avenida\u2026","rel":"","context":"In &quot;Not\u00edcias de Ribeir\u00e3o Preto-SP e Regi\u00e3o&quot;","block_context":{"text":"Not\u00edcias de Ribeir\u00e3o Preto-SP e Regi\u00e3o","link":"https:\/\/noticiasribeiraopreto.com.br\/index.php\/category\/noticias-de-ribeirao-preto-sp-e-regiao-ismael-colosi\/"},"img":{"alt_text":"","src":"https:\/\/i0.wp.com\/noticiasribeiraopreto.com.br\/wp-content\/uploads\/2025\/03\/Copia-de-Copia-de-Copia-de-TAMANHO-EXATO-PARA-FOTOS-NO-SISTEMA-NOVO-2025-03-24T203219.624_2025-03-24_23-34-48_png_2025-03-24_23-34-48.webp.webp?fit=1200%2C675&ssl=1&resize=350%2C200","width":350,"height":200,"srcset":"https:\/\/i0.wp.com\/noticiasribeiraopreto.com.br\/wp-content\/uploads\/2025\/03\/Copia-de-Copia-de-Copia-de-TAMANHO-EXATO-PARA-FOTOS-NO-SISTEMA-NOVO-2025-03-24T203219.624_2025-03-24_23-34-48_png_2025-03-24_23-34-48.webp.webp?fit=1200%2C675&ssl=1&resize=350%2C200 1x, https:\/\/i0.wp.com\/noticiasribeiraopreto.com.br\/wp-content\/uploads\/2025\/03\/Copia-de-Copia-de-Copia-de-TAMANHO-EXATO-PARA-FOTOS-NO-SISTEMA-NOVO-2025-03-24T203219.624_2025-03-24_23-34-48_png_2025-03-24_23-34-48.webp.webp?fit=1200%2C675&ssl=1&resize=525%2C300 1.5x, https:\/\/i0.wp.com\/noticiasribeiraopreto.com.br\/wp-content\/uploads\/2025\/03\/Copia-de-Copia-de-Copia-de-TAMANHO-EXATO-PARA-FOTOS-NO-SISTEMA-NOVO-2025-03-24T203219.624_2025-03-24_23-34-48_png_2025-03-24_23-34-48.webp.webp?fit=1200%2C675&ssl=1&resize=700%2C400 2x, https:\/\/i0.wp.com\/noticiasribeiraopreto.com.br\/wp-content\/uploads\/2025\/03\/Copia-de-Copia-de-Copia-de-TAMANHO-EXATO-PARA-FOTOS-NO-SISTEMA-NOVO-2025-03-24T203219.624_2025-03-24_23-34-48_png_2025-03-24_23-34-48.webp.webp?fit=1200%2C675&ssl=1&resize=1050%2C600 3x"},"classes":[]},{"id":71283,"url":"https:\/\/noticiasribeiraopreto.com.br\/index.php\/2025\/06\/04\/multa-para-quem-pegar-rabeira-em-ribeirao-preto-pode-passar-de-r-600\/","url_meta":{"origin":81122,"position":4},"title":"Multa para quem pegar rabeira em Ribeir\u00e3o Preto pode passar de R$ 600","author":"noticiasribeiraopreto.com.br","date":"4 de June de 2025","format":false,"excerpt":"A multa para quem for detido pegando rabeira em Ribeir\u00e3o Preto poder\u00e1 passar de R$ 600. O prefeito Ricardo Silva (PSD) sancionou a lei sobre a proibi\u00e7\u00e3o de pegar rabeira na cidade. A norma foi publicada na edi\u00e7\u00e3o da \u00faltima ter\u00e7a-feira (3) do Di\u00e1rio Oficial do Munic\u00edpio. O texto, de\u2026","rel":"","context":"In &quot;Not\u00edcias de Ribeir\u00e3o Preto-SP e Regi\u00e3o&quot;","block_context":{"text":"Not\u00edcias de Ribeir\u00e3o Preto-SP e Regi\u00e3o","link":"https:\/\/noticiasribeiraopreto.com.br\/index.php\/category\/noticias-de-ribeirao-preto-sp-e-regiao-ismael-colosi\/"},"img":{"alt_text":"","src":"https:\/\/i0.wp.com\/noticiasribeiraopreto.com.br\/wp-content\/uploads\/2025\/06\/Rabeira.png?fit=1200%2C623&ssl=1&resize=350%2C200","width":350,"height":200,"srcset":"https:\/\/i0.wp.com\/noticiasribeiraopreto.com.br\/wp-content\/uploads\/2025\/06\/Rabeira.png?fit=1200%2C623&ssl=1&resize=350%2C200 1x, https:\/\/i0.wp.com\/noticiasribeiraopreto.com.br\/wp-content\/uploads\/2025\/06\/Rabeira.png?fit=1200%2C623&ssl=1&resize=525%2C300 1.5x, https:\/\/i0.wp.com\/noticiasribeiraopreto.com.br\/wp-content\/uploads\/2025\/06\/Rabeira.png?fit=1200%2C623&ssl=1&resize=700%2C400 2x, https:\/\/i0.wp.com\/noticiasribeiraopreto.com.br\/wp-content\/uploads\/2025\/06\/Rabeira.png?fit=1200%2C623&ssl=1&resize=1050%2C600 3x"},"classes":[]},{"id":55306,"url":"https:\/\/noticiasribeiraopreto.com.br\/index.php\/2024\/07\/31\/ribeirao-preto-publica-valores-de-multas-de-transito-sem-utilizacao-de-veiculos-entenda\/","url_meta":{"origin":81122,"position":5},"title":"Ribeir\u00e3o Preto publica valores de multas de tr\u00e2nsito sem utiliza\u00e7\u00e3o de ve\u00edculos; Entenda","author":"noticiasribeiraopreto.com.br","date":"31 de July de 2024","format":false,"excerpt":"A RP Mobi, empresa respons\u00e1vel pelo gerenciamento do tr\u00e2nsito em Ribeir\u00e3o Preto, publicou os valores para multas de tr\u00e2nsito sem a utiliza\u00e7\u00e3o de ve\u00edculos. Os valores da penaliza\u00e7\u00e3o variam entre R$ 244,05 e R$ 488,10. Segundo a empresa, a medida segue o artigo 95 do CTB (C\u00f3digo de Tr\u00e2nsito Brasileiro),\u2026","rel":"","context":"In &quot;Not\u00edcias de Ribeir\u00e3o Preto-SP e Regi\u00e3o&quot;","block_context":{"text":"Not\u00edcias de Ribeir\u00e3o Preto-SP e Regi\u00e3o","link":"https:\/\/noticiasribeiraopreto.com.br\/index.php\/category\/noticias-de-ribeirao-preto-sp-e-regiao-ismael-colosi\/"},"img":{"alt_text":"","src":"https:\/\/i0.wp.com\/noticiasribeiraopreto.com.br\/wp-content\/uploads\/2023\/12\/rp-mobi-transerp.webp.webp?fit=1200%2C800&ssl=1&resize=350%2C200","width":350,"height":200,"srcset":"https:\/\/i0.wp.com\/noticiasribeiraopreto.com.br\/wp-content\/uploads\/2023\/12\/rp-mobi-transerp.webp.webp?fit=1200%2C800&ssl=1&resize=350%2C200 1x, https:\/\/i0.wp.com\/noticiasribeiraopreto.com.br\/wp-content\/uploads\/2023\/12\/rp-mobi-transerp.webp.webp?fit=1200%2C800&ssl=1&resize=525%2C300 1.5x, https:\/\/i0.wp.com\/noticiasribeiraopreto.com.br\/wp-content\/uploads\/2023\/12\/rp-mobi-transerp.webp.webp?fit=1200%2C800&ssl=1&resize=700%2C400 2x, https:\/\/i0.wp.com\/noticiasribeiraopreto.com.br\/wp-content\/uploads\/2023\/12\/rp-mobi-transerp.webp.webp?fit=1200%2C800&ssl=1&resize=1050%2C600 3x"},"classes":[]}],"jetpack_sharing_enabled":true,"jetpack_shortlink":"https:\/\/wp.me\/peQAOb-l6q","_links":{"self":[{"href":"https:\/\/noticiasribeiraopreto.com.br\/index.php\/wp-json\/wp\/v2\/posts\/81122","targetHints":{"allow":["GET"]}}],"collection":[{"href":"https:\/\/noticiasribeiraopreto.com.br\/index.php\/wp-json\/wp\/v2\/posts"}],"about":[{"href":"https:\/\/noticiasribeiraopreto.com.br\/index.php\/wp-json\/wp\/v2\/types\/post"}],"author":[{"embeddable":true,"href":"https:\/\/noticiasribeiraopreto.com.br\/index.php\/wp-json\/wp\/v2\/users\/1"}],"replies":[{"embeddable":true,"href":"https:\/\/noticiasribeiraopreto.com.br\/index.php\/wp-json\/wp\/v2\/comments?post=81122"}],"version-history":[{"count":0,"href":"https:\/\/noticiasribeiraopreto.com.br\/index.php\/wp-json\/wp\/v2\/posts\/81122\/revisions"}],"wp:featuredmedia":[{"embeddable":true,"href":"https:\/\/noticiasribeiraopreto.com.br\/index.php\/wp-json\/wp\/v2\/media\/81123"}],"wp:attachment":[{"href":"https:\/\/noticiasribeiraopreto.com.br\/index.php\/wp-json\/wp\/v2\/media?parent=81122"}],"wp:term":[{"taxonomy":"category","embeddable":true,"href":"https:\/\/noticiasribeiraopreto.com.br\/index.php\/wp-json\/wp\/v2\/categories?post=81122"},{"taxonomy":"post_tag","embeddable":true,"href":"https:\/\/noticiasribeiraopreto.com.br\/index.php\/wp-json\/wp\/v2\/tags?post=81122"}],"curies":[{"name":"wp","href":"https:\/\/api.w.org\/{rel}","templated":true}]}}