{"id":81124,"date":"2025-12-24T10:26:01","date_gmt":"2025-12-24T13:26:01","guid":{"rendered":"https:\/\/noticiasribeiraopreto.com.br\/index.php\/2025\/12\/24\/enteado-e-preso-por-envolvimento-em-assassinato-de-mulher-e-criancas-em-jaboticabal\/"},"modified":"2025-12-24T10:26:01","modified_gmt":"2025-12-24T13:26:01","slug":"enteado-e-preso-por-envolvimento-em-assassinato-de-mulher-e-criancas-em-jaboticabal","status":"publish","type":"post","link":"https:\/\/noticiasribeiraopreto.com.br\/index.php\/2025\/12\/24\/enteado-e-preso-por-envolvimento-em-assassinato-de-mulher-e-criancas-em-jaboticabal\/","title":{"rendered":"Enteado \u00e9 preso por envolvimento em assassinato de mulher e crian\u00e7as em Jaboticabal"},"content":{"rendered":"<div class='code-block code-block-1' style='margin: 8px 0 8px auto; text-align: right; display: block; clear: both;'>\n<p><a href=\"https:\/\/wa.link\/vpicfd\"><img data-recalc-dims=\"1\" class=\"wp-image-4922\" style=\"aspect-ratio: 2.0253164556962027; width: 561px; height: auto;\" src=\"https:\/\/i0.wp.com\/ismaelcolosi.com.br\/wp-content\/uploads\/2023\/11\/grupo-de-empregos-whatsapp-e-facebook-ismael-colosi-vagas.jpg?ssl=1\" alt=\"\" \/><\/a><\/p>\n<!-- \/wp:image -->\n<\/div>\n<p> <br \/>\n<\/p>\n<div id=\"\">&#13;<br \/>\n\t\t\t\t\t\t\t\t&#13;<\/p>\n<p>&#13;<br \/>\n\t\t\t\t\t\t\t\t\t<span class=\"entry-meta-item penci-posted-on\"><i class=\"fa fa-clock-o\"\/><time class=\"entry-date published updated\" datetime=\"2025-12-24T10:23:59-03:00\">24 de dezembro de 2025 10:23<\/time><\/span><span class=\"entry-meta-item penci-post-countview\"\/>\t\t\t\t\t\t\t\t<\/p>\n<p><!-- .entry-meta -->&#13;<br \/>\n\t\t\t\t\t\t\t\t<span class=\"penci-social-buttons penci-social-share-footer\"><span class=\"penci-social-share-text\">Compartilhar<\/span><a href=\"#\" class=\"penci-post-like penci_post-meta_item  single-like-button penci-social-item like\" data-post_id=\"450088\" title=\"Like\" data-like=\"Like\" data-unlike=\"Unlike\"><i class=\"fa fa-thumbs-o-up\"\/><span class=\"penci-share-number\">0<\/span><\/a><i class=\"fa fa-facebook\"\/><a class=\"penci-social-item twitter\" target=\"_blank\" rel=\"noopener\" title=\"\" href=\"https:\/\/twitter.com\/intent\/tweet?text=Enteado%20\u00e9%20preso%20por%20envolvimento%20em%20assassinato%20de%20mulher%20e%20crian\u00e7as%20em%20Jaboticabal%20-%20https:\/\/www.tribunaribeirao.com.br\/enteado-e-preso-por-envolvimento-em-assassinato-de-mulher-e-criancas-em-jaboticabal\/\"><i class=\"fa fa-twitter\"\/><\/a><i class=\"fa fa-linkedin\"\/><i class=\"fa fa-whatsapp\"\/><i class=\"fa fa-telegram\"\/><i class=\"fa fa-envelope\"\/><\/span>\t\t\t\t\t\t\t<\/div>\n<div>\n<p><em>Crime chocou moradores; corpos foram encontrados enterrados em covas na fazenda onde a fam\u00edlia vivia.<\/em><\/p>\n<figure id=\"attachment_450091\" aria-describedby=\"caption-attachment-450091\" style=\"width: 231px\" class=\"wp-caption alignleft\"><img data-recalc-dims=\"1\" loading=\"lazy\" decoding=\"async\" class=\"size-medium wp-image-450091 lazyload\" src=\"https:\/\/i0.wp.com\/www.tribunaribeirao.com.br\/wp-content\/uploads\/2025\/12\/1-crime-foto-2-231x300.jpeg?resize=231%2C300&#038;ssl=1\" alt=\"\" width=\"231\" height=\"300\" srcset=\"https:\/\/www.tribunaribeirao.com.br\/wp-content\/uploads\/2025\/12\/1-crime-foto-2-231x300.jpeg 231w, https:\/\/www.tribunaribeirao.com.br\/wp-content\/uploads\/2025\/12\/1-crime-foto-2-308x400.jpeg 308w, https:\/\/www.tribunaribeirao.com.br\/wp-content\/uploads\/2025\/12\/1-crime-foto-2-585x760.jpeg 585w, https:\/\/www.tribunaribeirao.com.br\/wp-content\/uploads\/2025\/12\/1-crime-foto-2.jpeg 721w\" data-sizes=\"(max-width: 231px) 100vw, 231px\" style=\"--smush-placeholder-width: 231px; --smush-placeholder-aspect-ratio: 231\/300;\"\/><figcaption id=\"caption-attachment-450091\" class=\"wp-caption-text\">Sabrina e os filhos. Todos assassinados<\/figcaption><\/figure>\n<p>A Pol\u00edcia Civil prendeu, no in\u00edcio da noite de ter\u00e7a-feira (23), Leonardo Gon\u00e7alves, de 21 anos, filho de Milton Gon\u00e7alves Filho, de 48 anos, por participa\u00e7\u00e3o no assassinato de Sabrina Aparecida de Almeida Lima, de 27 anos, e dos tr\u00eas filhos dela, de 10, 8 e 6 anos, em Jaboticabal.<\/p>\n<p>O corpo de Sabrina foi encontrado em uma cova rasa, junto ao corpo do filho mais velho. J\u00e1 as outras duas crian\u00e7as estavam enterradas ao lado, em outra cova, na fazenda onde a fam\u00edlia morava.<\/p>\n<p>Segundo informa\u00e7\u00f5es da pol\u00edcia, o marido de Sabrina confessou o crime, e as investiga\u00e7\u00f5es seguem para esclarecer a participa\u00e7\u00e3o do enteado nas mortes. Os dois suspeitos foram encaminhados para uma cadeia p\u00fablica do Estado. A pol\u00edcia apreendeu o fac\u00e3o e a marreta que teriam sido utilizados no crime.<\/p>\n<p>Ainda de acordo com a pol\u00edcia, os corpos ser\u00e3o periciados no Instituto M\u00e9dico Legal (IML) de Araraquara, e n\u00e3o h\u00e1 confirma\u00e7\u00e3o se haver\u00e1 vel\u00f3rio.<\/p>\n<p>Moradores da cidade est\u00e3o revoltados com a crueldade do caso. Protestos foram realizados em frente \u00e0 delegacia, com pedidos de justi\u00e7a.<\/p>\n<p>A Pol\u00edcia Civil tamb\u00e9m investiga a poss\u00edvel participa\u00e7\u00e3o dos dois suspeitos na morte de outra mulher, identificada como J\u00e9ssica, ocorrida em 2024. Ela tamb\u00e9m seria companheira de Milton e teria sido vista pela \u00faltima vez com ele, na mesma fazenda.<\/p>\n<p>Em comunicado oficial, a Prefeitura de Jaboticabal decretou luto oficial de tr\u00eas dias no munic\u00edpio e manifestou solidariedade aos familiares, amigos e a todos que est\u00e3o sofrendo com a perda. A administra\u00e7\u00e3o municipal tamb\u00e9m reafirmou o respeito \u00e0 mem\u00f3ria das v\u00edtimas e a busca por justi\u00e7a.<\/p>\n<\/div>\n<p><script async src=\"\/\/platform.twitter.com\/widgets.js\" charset=\"utf-8\"><\/script><br \/>\n<br \/><br \/>\n<br \/><a href=\"https:\/\/www.tribunaribeirao.com.br\/enteado-e-preso-por-envolvimento-em-assassinato-de-mulher-e-criancas-em-jaboticabal\/\">Source link <\/a><\/p>\n<!-- CONTENT END 1 -->\n","protected":false},"excerpt":{"rendered":"<p>&#13; &#13; &#13; 24 de dezembro de 2025 10:23 &#13; Compartilhar0 Crime chocou moradores; corpos foram encontrados enterrados em covas na fazenda onde a fam\u00edlia&#8230;<\/p>\n","protected":false},"author":1,"featured_media":81125,"comment_status":"open","ping_status":"open","sticky":false,"template":"","format":"standard","meta":{"advanced_seo_description":"","jetpack_seo_html_title":"","jetpack_seo_noindex":false,"jetpack_post_was_ever_published":false,"_jetpack_newsletter_access":"","_jetpack_dont_email_post_to_subs":false,"_jetpack_newsletter_tier_id":0,"_jetpack_memberships_contains_paywalled_content":false,"_jetpack_memberships_contains_paid_content":false,"footnotes":"","jetpack_publicize_message":"","jetpack_publicize_feature_enabled":true,"jetpack_social_post_already_shared":true,"jetpack_social_options":{"image_generator_settings":{"template":"highway","default_image_id":0,"font":"","enabled":false},"version":2}},"categories":[11],"tags":[],"class_list":["post-81124","post","type-post","status-publish","format-standard","has-post-thumbnail","hentry","category-noticias-de-ribeirao-preto-sp-e-regiao-ismael-colosi"],"jetpack_publicize_connections":[],"jetpack_featured_media_url":"https:\/\/i0.wp.com\/noticiasribeiraopreto.com.br\/wp-content\/uploads\/2025\/12\/crime-jaboti-enteado.jpg?fit=800%2C500&ssl=1","jetpack-related-posts":[{"id":75001,"url":"https:\/\/noticiasribeiraopreto.com.br\/index.php\/2025\/08\/01\/roubos-avancam-em-junho-ante-maio\/","url_meta":{"origin":81124,"position":0},"title":"Roubos avan\u00e7am em junho ante maio","author":"noticiasribeiraopreto.com.br","date":"1 de August de 2025","format":false,"excerpt":"A Secretaria de Seguran\u00e7a P\u00fablica do Estado de S\u00e3o Paulo (SSP\/SP) divulgou os resultados das \u201cEstat\u00edsticas da Criminalidade\u201d. Em Ribeir\u00e3o Preto, todos os crimes contra o patrim\u00f4nio registraram queda \u2013 furtos e roubos em geral e furtos e roubos de ve\u00edculos \u2013 no primeiro semestre deste ano em rela\u00e7\u00e3o ao\u2026","rel":"","context":"In &quot;Not\u00edcias de Ribeir\u00e3o Preto-SP e Regi\u00e3o&quot;","block_context":{"text":"Not\u00edcias de Ribeir\u00e3o Preto-SP e Regi\u00e3o","link":"https:\/\/noticiasribeiraopreto.com.br\/index.php\/category\/noticias-de-ribeirao-preto-sp-e-regiao-ismael-colosi\/"},"img":{"alt_text":"","src":"https:\/\/i0.wp.com\/noticiasribeiraopreto.com.br\/wp-content\/uploads\/2025\/08\/CrimeRP-Pixabay-scaled.jpg?fit=1170%2C780&ssl=1&resize=350%2C200","width":350,"height":200,"srcset":"https:\/\/i0.wp.com\/noticiasribeiraopreto.com.br\/wp-content\/uploads\/2025\/08\/CrimeRP-Pixabay-scaled.jpg?fit=1170%2C780&ssl=1&resize=350%2C200 1x, https:\/\/i0.wp.com\/noticiasribeiraopreto.com.br\/wp-content\/uploads\/2025\/08\/CrimeRP-Pixabay-scaled.jpg?fit=1170%2C780&ssl=1&resize=525%2C300 1.5x, https:\/\/i0.wp.com\/noticiasribeiraopreto.com.br\/wp-content\/uploads\/2025\/08\/CrimeRP-Pixabay-scaled.jpg?fit=1170%2C780&ssl=1&resize=700%2C400 2x, https:\/\/i0.wp.com\/noticiasribeiraopreto.com.br\/wp-content\/uploads\/2025\/08\/CrimeRP-Pixabay-scaled.jpg?fit=1170%2C780&ssl=1&resize=1050%2C600 3x"},"classes":[]},{"id":69093,"url":"https:\/\/noticiasribeiraopreto.com.br\/index.php\/2025\/05\/02\/furtos-e-roubos-de-veiculos-crescem-em-rp\/","url_meta":{"origin":81124,"position":1},"title":"Furtos e roubos de ve\u00edculos crescem em RP","author":"noticiasribeiraopreto.com.br","date":"2 de May de 2025","format":false,"excerpt":"A Secretaria de Seguran\u00e7a P\u00fablica do Estado de S\u00e3o Paulo (SSP\/SP) divulgou os resultados das \u201cEstat\u00edsticas da Criminalidade\u201d. Em Ribeir\u00e3o Preto, furtos em geral e roubo de ve\u00edculos cresceram no primeiro trimestre em rela\u00e7\u00e3o ao mesmo per\u00edodo do ano passado. Roubos em geral e furtos de carros, motos e afins\u2026","rel":"","context":"In &quot;Not\u00edcias de Ribeir\u00e3o Preto-SP e Regi\u00e3o&quot;","block_context":{"text":"Not\u00edcias de Ribeir\u00e3o Preto-SP e Regi\u00e3o","link":"https:\/\/noticiasribeiraopreto.com.br\/index.php\/category\/noticias-de-ribeirao-preto-sp-e-regiao-ismael-colosi\/"},"img":{"alt_text":"","src":"https:\/\/i0.wp.com\/noticiasribeiraopreto.com.br\/wp-content\/uploads\/2025\/05\/CrimeRP-Pixabay-2-scaled.jpg?fit=750%2C500&ssl=1&resize=350%2C200","width":350,"height":200,"srcset":"https:\/\/i0.wp.com\/noticiasribeiraopreto.com.br\/wp-content\/uploads\/2025\/05\/CrimeRP-Pixabay-2-scaled.jpg?fit=750%2C500&ssl=1&resize=350%2C200 1x, https:\/\/i0.wp.com\/noticiasribeiraopreto.com.br\/wp-content\/uploads\/2025\/05\/CrimeRP-Pixabay-2-scaled.jpg?fit=750%2C500&ssl=1&resize=525%2C300 1.5x, https:\/\/i0.wp.com\/noticiasribeiraopreto.com.br\/wp-content\/uploads\/2025\/05\/CrimeRP-Pixabay-2-scaled.jpg?fit=750%2C500&ssl=1&resize=700%2C400 2x"},"classes":[]},{"id":42749,"url":"https:\/\/noticiasribeiraopreto.com.br\/index.php\/2024\/03\/16\/emprego-formal-avanca-em-janeiro\/","url_meta":{"origin":81124,"position":2},"title":"Emprego formal\u00a0avan\u00e7a em janeiro\u00a0 &#8211; Jornal Tribuna Ribeir\u00e3o","author":"noticiasribeiraopreto.com.br","date":"16 de March de 2024","format":false,"excerpt":"O Minist\u00e9rio do Trabalho e Emprego divulgou, nesta sexta-feira, 15 de mar\u00e7o, os n\u00fameros do Novo Cadastro Geral de Empregados e Desempregados (Novo Caged) de janeiro. A economia de Ribeir\u00e3o Preto fechou o primeiro m\u00eas do ano com super\u00e1vit de 904 empregos com carteira assinada, fruto de 12.547 admiss\u00f5es e\u2026","rel":"","context":"In &quot;Not\u00edcias de Ribeir\u00e3o Preto-SP e Regi\u00e3o&quot;","block_context":{"text":"Not\u00edcias de Ribeir\u00e3o Preto-SP e Regi\u00e3o","link":"https:\/\/noticiasribeiraopreto.com.br\/index.php\/category\/noticias-de-ribeirao-preto-sp-e-regiao-ismael-colosi\/"},"img":{"alt_text":"","src":"https:\/\/i0.wp.com\/noticiasribeiraopreto.com.br\/wp-content\/uploads\/2024\/03\/CagedRP-Car-Marcelo-Camargo-Ag.Br_-scaled.jpg?fit=1000%2C598&ssl=1&resize=350%2C200","width":350,"height":200,"srcset":"https:\/\/i0.wp.com\/noticiasribeiraopreto.com.br\/wp-content\/uploads\/2024\/03\/CagedRP-Car-Marcelo-Camargo-Ag.Br_-scaled.jpg?fit=1000%2C598&ssl=1&resize=350%2C200 1x, https:\/\/i0.wp.com\/noticiasribeiraopreto.com.br\/wp-content\/uploads\/2024\/03\/CagedRP-Car-Marcelo-Camargo-Ag.Br_-scaled.jpg?fit=1000%2C598&ssl=1&resize=525%2C300 1.5x, https:\/\/i0.wp.com\/noticiasribeiraopreto.com.br\/wp-content\/uploads\/2024\/03\/CagedRP-Car-Marcelo-Camargo-Ag.Br_-scaled.jpg?fit=1000%2C598&ssl=1&resize=700%2C400 2x"},"classes":[]},{"id":12283,"url":"https:\/\/noticiasribeiraopreto.com.br\/index.php\/2023\/12\/07\/vagas-em-portugal-em-empresa-francesa-centenas-oportunidades\/","url_meta":{"origin":81124,"position":3},"title":"Vagas em Portugal em empresa francesa: centenas oportunidades","author":"noticiasribeiraopreto.com.br","date":"7 de December de 2023","format":false,"excerpt":"Vagas em Portugal em empresa francesa \u2013 Foto: Canva. S\u00e3o quase 300 vagas em Portugal em empresa francesa que est\u00e1 recrutando profissionais de v\u00e1rias \u00e1reas. Veja como se candidatar! As vagas em Portugal em empresa francesa s\u00e3o no BNP Paribas. Por isso, um dos maiores bancos da Europa e que\u2026","rel":"","context":"In &quot;Vagas de Emprego em Ribeir\u00e3o Preto-SP&quot;","block_context":{"text":"Vagas de Emprego em Ribeir\u00e3o Preto-SP","link":"https:\/\/noticiasribeiraopreto.com.br\/index.php\/category\/empregos-classificados-vagas-trabalho\/vagas-de-empregos-em-ribeirao-preto-regiao-brasil\/"},"img":{"alt_text":"","src":"https:\/\/i0.wp.com\/noticiasribeiraopreto.com.br\/wp-content\/uploads\/2023\/12\/vagas-em-portugal-em-empresa-francesa.jpeg?fit=660%2C360&ssl=1&resize=350%2C200","width":350,"height":200,"srcset":"https:\/\/i0.wp.com\/noticiasribeiraopreto.com.br\/wp-content\/uploads\/2023\/12\/vagas-em-portugal-em-empresa-francesa.jpeg?fit=660%2C360&ssl=1&resize=350%2C200 1x, https:\/\/i0.wp.com\/noticiasribeiraopreto.com.br\/wp-content\/uploads\/2023\/12\/vagas-em-portugal-em-empresa-francesa.jpeg?fit=660%2C360&ssl=1&resize=525%2C300 1.5x"},"classes":[]},{"id":21903,"url":"https:\/\/noticiasribeiraopreto.com.br\/index.php\/2023\/12\/28\/processo-seletivo-na-taesa-abre-20-vagas-de-emprego-em-diversas-regioes-do-brasil\/","url_meta":{"origin":81124,"position":4},"title":"Processo seletivo na Taesa abre 20 vagas de emprego em diversas regi\u00f5es do Brasil","author":"noticiasribeiraopreto.com.br","date":"28 de December de 2023","format":false,"excerpt":"A Taesa, uma das maiores empresas de transmiss\u00e3o de energia el\u00e9trica do Brasil, est\u00e1 com as inscri\u00e7\u00f5es abertas para preencher 20 vagas de emprego em diversas regi\u00f5es do pa\u00eds. As oportunidades s\u00e3o destinadas para as \u00e1reas de Opera\u00e7\u00e3o e Manuten\u00e7\u00e3o, Constru\u00e7\u00e3o e Corporativo. A empresa \u00e9 reconhecida pelo comprometimento com\u2026","rel":"","context":"In &quot;Vagas de Emprego em Ribeir\u00e3o Preto-SP&quot;","block_context":{"text":"Vagas de Emprego em Ribeir\u00e3o Preto-SP","link":"https:\/\/noticiasribeiraopreto.com.br\/index.php\/category\/empregos-classificados-vagas-trabalho\/vagas-de-empregos-em-ribeirao-preto-regiao-brasil\/"},"img":{"alt_text":"","src":"https:\/\/i0.wp.com\/noticiasribeiraopreto.com.br\/wp-content\/uploads\/2023\/12\/taesa.jpg?fit=1200%2C675&ssl=1&resize=350%2C200","width":350,"height":200,"srcset":"https:\/\/i0.wp.com\/noticiasribeiraopreto.com.br\/wp-content\/uploads\/2023\/12\/taesa.jpg?fit=1200%2C675&ssl=1&resize=350%2C200 1x, https:\/\/i0.wp.com\/noticiasribeiraopreto.com.br\/wp-content\/uploads\/2023\/12\/taesa.jpg?fit=1200%2C675&ssl=1&resize=525%2C300 1.5x, https:\/\/i0.wp.com\/noticiasribeiraopreto.com.br\/wp-content\/uploads\/2023\/12\/taesa.jpg?fit=1200%2C675&ssl=1&resize=700%2C400 2x, https:\/\/i0.wp.com\/noticiasribeiraopreto.com.br\/wp-content\/uploads\/2023\/12\/taesa.jpg?fit=1200%2C675&ssl=1&resize=1050%2C600 3x"},"classes":[]},{"id":73990,"url":"https:\/\/noticiasribeiraopreto.com.br\/index.php\/2025\/07\/14\/ataques-de-escorpiao-avancam-no-ano-2\/","url_meta":{"origin":81124,"position":5},"title":"Ataques de escorpi\u00e3o avan\u00e7am no ano","author":"noticiasribeiraopreto.com.br","date":"14 de July de 2025","format":false,"excerpt":"Ribeir\u00e3o Preto j\u00e1 soma 888 ataques de escorpi\u00e3o em cinco meses deste ano, m\u00e9dia de um caso a cada quatro horas, segundo dados do painel da Secretaria Municipal da Sa\u00fade. Em compara\u00e7\u00e3o com os 668 do mesmo per\u00edodo de 2024, s\u00e3o 220 a mais e crescimento de 32,93%. Recuou na\u2026","rel":"","context":"In &quot;Not\u00edcias de Ribeir\u00e3o Preto-SP e Regi\u00e3o&quot;","block_context":{"text":"Not\u00edcias de Ribeir\u00e3o Preto-SP e Regi\u00e3o","link":"https:\/\/noticiasribeiraopreto.com.br\/index.php\/category\/noticias-de-ribeirao-preto-sp-e-regiao-ismael-colosi\/"},"img":{"alt_text":"","src":"https:\/\/i0.wp.com\/noticiasribeiraopreto.com.br\/wp-content\/uploads\/2025\/07\/Escorpiao-Redes-sociais-Reproducao-scaled.jpeg?fit=756%2C500&ssl=1&resize=350%2C200","width":350,"height":200,"srcset":"https:\/\/i0.wp.com\/noticiasribeiraopreto.com.br\/wp-content\/uploads\/2025\/07\/Escorpiao-Redes-sociais-Reproducao-scaled.jpeg?fit=756%2C500&ssl=1&resize=350%2C200 1x, https:\/\/i0.wp.com\/noticiasribeiraopreto.com.br\/wp-content\/uploads\/2025\/07\/Escorpiao-Redes-sociais-Reproducao-scaled.jpeg?fit=756%2C500&ssl=1&resize=525%2C300 1.5x, https:\/\/i0.wp.com\/noticiasribeiraopreto.com.br\/wp-content\/uploads\/2025\/07\/Escorpiao-Redes-sociais-Reproducao-scaled.jpeg?fit=756%2C500&ssl=1&resize=700%2C400 2x"},"classes":[]}],"jetpack_sharing_enabled":true,"jetpack_shortlink":"https:\/\/wp.me\/peQAOb-l6s","_links":{"self":[{"href":"https:\/\/noticiasribeiraopreto.com.br\/index.php\/wp-json\/wp\/v2\/posts\/81124","targetHints":{"allow":["GET"]}}],"collection":[{"href":"https:\/\/noticiasribeiraopreto.com.br\/index.php\/wp-json\/wp\/v2\/posts"}],"about":[{"href":"https:\/\/noticiasribeiraopreto.com.br\/index.php\/wp-json\/wp\/v2\/types\/post"}],"author":[{"embeddable":true,"href":"https:\/\/noticiasribeiraopreto.com.br\/index.php\/wp-json\/wp\/v2\/users\/1"}],"replies":[{"embeddable":true,"href":"https:\/\/noticiasribeiraopreto.com.br\/index.php\/wp-json\/wp\/v2\/comments?post=81124"}],"version-history":[{"count":0,"href":"https:\/\/noticiasribeiraopreto.com.br\/index.php\/wp-json\/wp\/v2\/posts\/81124\/revisions"}],"wp:featuredmedia":[{"embeddable":true,"href":"https:\/\/noticiasribeiraopreto.com.br\/index.php\/wp-json\/wp\/v2\/media\/81125"}],"wp:attachment":[{"href":"https:\/\/noticiasribeiraopreto.com.br\/index.php\/wp-json\/wp\/v2\/media?parent=81124"}],"wp:term":[{"taxonomy":"category","embeddable":true,"href":"https:\/\/noticiasribeiraopreto.com.br\/index.php\/wp-json\/wp\/v2\/categories?post=81124"},{"taxonomy":"post_tag","embeddable":true,"href":"https:\/\/noticiasribeiraopreto.com.br\/index.php\/wp-json\/wp\/v2\/tags?post=81124"}],"curies":[{"name":"wp","href":"https:\/\/api.w.org\/{rel}","templated":true}]}}