{"id":81126,"date":"2025-12-24T12:13:47","date_gmt":"2025-12-24T15:13:47","guid":{"rendered":"https:\/\/noticiasribeiraopreto.com.br\/index.php\/2025\/12\/24\/botafogo-ocupa-a-posicao-34-no-ranking-nacional-de-clubes-da-cbf\/"},"modified":"2025-12-24T12:13:47","modified_gmt":"2025-12-24T15:13:47","slug":"botafogo-ocupa-a-posicao-34-no-ranking-nacional-de-clubes-da-cbf","status":"publish","type":"post","link":"https:\/\/noticiasribeiraopreto.com.br\/index.php\/2025\/12\/24\/botafogo-ocupa-a-posicao-34-no-ranking-nacional-de-clubes-da-cbf\/","title":{"rendered":"Botafogo ocupa a posi\u00e7\u00e3o 34 no ranking nacional de clubes da CBF"},"content":{"rendered":"<div class='code-block code-block-1' style='margin: 8px 0 8px auto; text-align: right; display: block; clear: both;'>\n<p><a href=\"https:\/\/wa.link\/vpicfd\"><img data-recalc-dims=\"1\" class=\"wp-image-4922\" style=\"aspect-ratio: 2.0253164556962027; width: 561px; height: auto;\" src=\"https:\/\/i0.wp.com\/ismaelcolosi.com.br\/wp-content\/uploads\/2023\/11\/grupo-de-empregos-whatsapp-e-facebook-ismael-colosi-vagas.jpg?ssl=1\" alt=\"\" \/><\/a><\/p>\n<!-- \/wp:image -->\n<\/div>\n<p> <br \/>\n<\/p>\n<div id=\"\">&#13;<br \/>\n\t\t\t\t\t\t\t\t&#13;<\/p>\n<p>&#13;<br \/>\n\t\t\t\t\t\t\t\t\t<span class=\"entry-meta-item penci-posted-on\"><i class=\"fa fa-clock-o\"\/><time class=\"entry-date published\" datetime=\"2025-12-24T12:06:37-03:00\">24 de dezembro de 2025 12:06<\/time><time class=\"updated\" datetime=\"2025-12-24T12:10:58-03:00\">24 de dezembro de 2025 12:10<\/time><\/span><span class=\"entry-meta-item penci-post-countview\"\/>\t\t\t\t\t\t\t\t<\/p>\n<p><!-- .entry-meta -->&#13;<br \/>\n\t\t\t\t\t\t\t\t<span class=\"penci-social-buttons penci-social-share-footer\"><span class=\"penci-social-share-text\">Compartilhar<\/span><a href=\"#\" class=\"penci-post-like penci_post-meta_item  single-like-button penci-social-item like\" data-post_id=\"450151\" title=\"Like\" data-like=\"Like\" data-unlike=\"Unlike\"><i class=\"fa fa-thumbs-o-up\"\/><span class=\"penci-share-number\">0<\/span><\/a><i class=\"fa fa-facebook\"\/><a class=\"penci-social-item twitter\" target=\"_blank\" rel=\"noopener\" title=\"\" href=\"https:\/\/twitter.com\/intent\/tweet?text=Botafogo%20ocupa%20a%20posi\u00e7\u00e3o%2034%20no%20ranking%20nacional%20de%20clubes%20da%20CBF%20-%20https:\/\/www.tribunaribeirao.com.br\/botafogo-ocupa-a-posicao-34-no-ranking-nacional-de-clubes-da-cbf\/\"><i class=\"fa fa-twitter\"\/><\/a><i class=\"fa fa-linkedin\"\/><i class=\"fa fa-whatsapp\"\/><i class=\"fa fa-telegram\"\/><i class=\"fa fa-envelope\"\/><\/span>\t\t\t\t\t\t\t<\/div>\n<div>\n<p><em>A CBF divulgou a lista com a nova posi\u00e7\u00e3o dos clubes e o Pantera aparece na posi\u00e7\u00e3o 34; Comercial n\u00e3o figura<br \/><\/em><\/p>\n<p>Igor Ramos<\/p>\n<p>O Botafogo teve a sua posi\u00e7\u00e3o no ranking nacional de clubes divulgada pela CBF e agora aparece na trig\u00e9sima quarta posi\u00e7\u00e3o entre os 235 clubes\u00a0 anunciados pela confedera\u00e7\u00e3o Brasileira de Futebol na noite desta ter\u00e7a-feira(23).<br \/>O Botafogo tem agora 4036 pontos, estando acima do Paysandu com 4030 e abaixo da Chapecoense, com 4277 pontos. O clube perdeu dois pontos, em rela\u00e7\u00e3o ao ano passado, mas segue no Top 40\u00a0 por ser um um clube da S\u00e9rie A1 do Paulista e da S\u00e9rie B do Brasileir\u00e3o. (veja os crit\u00e9rios abaixo, utilizados pela CBF)<\/p>\n<p>O l\u00edder geral \u00e9 o Flamengo com 16.314 pontos, mas a novidade foi o Corinthians ter assumido o segundo lugar, com 14.930, superando o Palmeiras.<br \/>O Atl\u00e9tico-MG \u00e9 o quarto colocado e o S\u00e3o Paulo quinto. O Santos aparece na 16a posi\u00e7\u00e3o.<\/p>\n<p><strong>\u00a0Comercial<\/strong> \u2013 O Comercial n\u00e3o aparece na lista dos 235 clubes. Outros paulistas de menor express\u00e3o figuram no ranking, baseado nos crit\u00e9rios abaixo. Entre eles:: S\u00e3o Bernardo, (57), Inter de Limeira (79), \u00c1gua Santa ( 104), Santo Andr\u00e9 (115), Portuguesa (121), Oeste(160), Monte azul (161) S\u00e3o Jos\u00e9 (178) XV de Piracicaba (189), Votuporanguense (198) Portuguesa Santista (209) Mar\u00edlia (209), por fim o S\u00e3o Bento (228)..<\/p>\n<p><strong>Crit\u00e9rios do ranking<\/strong><\/p>\n<p>O RNC considera, a partir da pontua\u00e7\u00e3o delineada pela Conven\u00e7\u00e3o de Pontos, a participa\u00e7\u00e3o do clube em competi\u00e7\u00f5es realizadas (S\u00e9ries A, B, C e D do Campeonato Brasileiro e Copa do Brasil) nos \u00faltimos cinco anos.<\/p>\n<p>. a) \u00a0O ranking considera a participa\u00e7\u00e3o do clube em competi\u00e7\u00f5es realizadas nos \u00faltimos cinco anos (ranking din\u00e2mico);<br \/>. b) \u00a0Para cada um dos cinco anos do per\u00edodo considerado, do mais recente ao mais distante, s\u00e3o atribu\u00eddos pesos, \u2028a serem convertidos sobre cada pontua\u00e7\u00e3o, a saber:<br \/>1- Ano vigente (n)\u20282- Ano imediatamente anterior (n-1) 3- Ano anterior (n-2)\u20284- Ano anterior (n-3)\u20285- Ano anterior (n-4)<br \/>Pontos x 5\u2028Pontos x 4\u2028Pontos x 3\u2028Pontos x 2\u2028Pontos x 1\u2028c) A pontua\u00e7\u00e3o m\u00e1xima de cada S\u00e9rie (A\/B\/C\/D) representa o dobro da pontua\u00e7\u00e3o da s\u00e9rie inferior.<br \/>. d) \u00a0A pontua\u00e7\u00e3o do clube vice-campe\u00e3o de uma s\u00e9rie \u00e9 sempre 80% da pontua\u00e7\u00e3o do campe\u00e3o.<br \/>. e) \u00a0A pontua\u00e7\u00e3o dos terceiros e quartos lugares de uma s\u00e9rie \u00e9 sempre, respectivamente, 75% e 70% da pontua\u00e7\u00e3o do c<br \/>. f) \u00a0Na tabela 1, da classifica\u00e7\u00e3o 24 em diante repete-se a pontua\u00e7\u00e3o da posi\u00e7\u00e3o 23.<br \/>. g) \u00a0A menor pontua\u00e7\u00e3o de uma s\u00e9rie \u00e9 sempre superior \u00e0 atribuida ao campe\u00e3o da s\u00e9rie imediatamente inferior.<br \/>. h) \u00a0Em 2020 e 2021 a S\u00e9rie D conta excepcionalmente com uma Fase Preliminar, composta de 08 clubes, sendo que os \u2028que n\u00e3o obtenham classifica\u00e7\u00e3o para a sequ\u00eancia da competi\u00e7\u00e3o receber\u00e3o 10 pontos no RNC.<br \/>. i) \u00a0Com a Copa do Brasil retornando a ter sete fases a partir de 2021, a pontua\u00e7\u00e3o segue o que estabelece a Tabela 2, C<br \/>. j) \u00a0Com a nova Copa do Brasil passando a ter 9 fases a partir de 2026, a pontua\u00e7\u00e3o segue o que estabelece a Tabela 2,<\/p>\n<\/div>\n<p><script async src=\"\/\/platform.twitter.com\/widgets.js\" charset=\"utf-8\"><\/script><br \/>\n<br \/><br \/>\n<br \/><a href=\"https:\/\/www.tribunaribeirao.com.br\/botafogo-ocupa-a-posicao-34-no-ranking-nacional-de-clubes-da-cbf\/\">Source link <\/a><\/p>\n<!-- CONTENT END 1 -->\n","protected":false},"excerpt":{"rendered":"<p>&#13; &#13; &#13; 24 de dezembro de 2025 12:0624 de dezembro de 2025 12:10 &#13; Compartilhar0 A CBF divulgou a lista com a nova posi\u00e7\u00e3o&#8230;<\/p>\n","protected":false},"author":1,"featured_media":81127,"comment_status":"open","ping_status":"open","sticky":false,"template":"","format":"standard","meta":{"advanced_seo_description":"","jetpack_seo_html_title":"","jetpack_seo_noindex":false,"jetpack_post_was_ever_published":false,"_jetpack_newsletter_access":"","_jetpack_dont_email_post_to_subs":false,"_jetpack_newsletter_tier_id":0,"_jetpack_memberships_contains_paywalled_content":false,"_jetpack_memberships_contains_paid_content":false,"footnotes":"","jetpack_publicize_message":"","jetpack_publicize_feature_enabled":true,"jetpack_social_post_already_shared":true,"jetpack_social_options":{"image_generator_settings":{"template":"highway","default_image_id":0,"font":"","enabled":false},"version":2}},"categories":[11],"tags":[],"class_list":["post-81126","post","type-post","status-publish","format-standard","has-post-thumbnail","hentry","category-noticias-de-ribeirao-preto-sp-e-regiao-ismael-colosi"],"jetpack_publicize_connections":[],"jetpack_featured_media_url":"https:\/\/i0.wp.com\/noticiasribeiraopreto.com.br\/wp-content\/uploads\/2025\/12\/torcida-do-botafogo.jpg?fit=622%2C350&ssl=1","jetpack-related-posts":[{"id":24729,"url":"https:\/\/noticiasribeiraopreto.com.br\/index.php\/2024\/01\/05\/ceramica-stefani-s-a-ata-da-age-realizada-em-12-de-dezembro-de-2023\/","url_meta":{"origin":81126,"position":0},"title":"CER\u00c2MICA ST\u00c9FANI S\/A \u2013 ATA DA AGE REALIZADA EM 12 DE DEZEMBRO DE 2023","author":"noticiasribeiraopreto.com.br","date":"5 de January de 2024","format":false,"excerpt":"O post CER\u00c2MICA ST\u00c9FANI S\/A \u2013 ATA DA AGE REALIZADA EM 12 DE DEZEMBRO DE 2023 apareceu primeiro em Jornal Tribuna Ribeir\u00e3o. Source link","rel":"","context":"In &quot;Not\u00edcias de Ribeir\u00e3o Preto-SP e Regi\u00e3o&quot;","block_context":{"text":"Not\u00edcias de Ribeir\u00e3o Preto-SP e Regi\u00e3o","link":"https:\/\/noticiasribeiraopreto.com.br\/index.php\/category\/noticias-de-ribeirao-preto-sp-e-regiao-ismael-colosi\/"},"img":{"alt_text":"","src":"https:\/\/i0.wp.com\/noticiasribeiraopreto.com.br\/wp-content\/uploads\/2024\/01\/1704424819_publicidade-legal.png?fit=700%2C450&ssl=1&resize=350%2C200","width":350,"height":200,"srcset":"https:\/\/i0.wp.com\/noticiasribeiraopreto.com.br\/wp-content\/uploads\/2024\/01\/1704424819_publicidade-legal.png?fit=700%2C450&ssl=1&resize=350%2C200 1x, https:\/\/i0.wp.com\/noticiasribeiraopreto.com.br\/wp-content\/uploads\/2024\/01\/1704424819_publicidade-legal.png?fit=700%2C450&ssl=1&resize=525%2C300 1.5x, https:\/\/i0.wp.com\/noticiasribeiraopreto.com.br\/wp-content\/uploads\/2024\/01\/1704424819_publicidade-legal.png?fit=700%2C450&ssl=1&resize=700%2C400 2x"},"classes":[]},{"id":13473,"url":"https:\/\/noticiasribeiraopreto.com.br\/index.php\/2023\/12\/10\/descubra-o-que-o-caixa-tem-reservou-para-dezembro\/","url_meta":{"origin":81126,"position":1},"title":"Descubra o que o Caixa Tem reservou para dezembro","author":"noticiasribeiraopreto.com.br","date":"10 de December de 2023","format":false,"excerpt":"Cr\u00e9ditos: Marcelo Camargo\/ Ag\u00eancia BrasilCaixa Tem tem novidades para dezembro O m\u00eas de dezembro chegou, e com ele, a expectativa de milh\u00f5es de brasileiros que aguardam ansiosamente pelos pagamentos do Caixa Tem. Recentemente, o aplicativo divulgou o calend\u00e1rio oficial de pagamentos para o m\u00eas, trazendo al\u00edvio financeiro para benefici\u00e1rios do\u2026","rel":"","context":"In &quot;Variedades&quot;","block_context":{"text":"Variedades","link":"https:\/\/noticiasribeiraopreto.com.br\/index.php\/category\/variedades\/"},"img":{"alt_text":"","src":"https:\/\/i0.wp.com\/noticiasribeiraopreto.com.br\/wp-content\/uploads\/2023\/12\/caixa-tem-concurso.jpg?fit=1200%2C638&ssl=1&resize=350%2C200","width":350,"height":200,"srcset":"https:\/\/i0.wp.com\/noticiasribeiraopreto.com.br\/wp-content\/uploads\/2023\/12\/caixa-tem-concurso.jpg?fit=1200%2C638&ssl=1&resize=350%2C200 1x, https:\/\/i0.wp.com\/noticiasribeiraopreto.com.br\/wp-content\/uploads\/2023\/12\/caixa-tem-concurso.jpg?fit=1200%2C638&ssl=1&resize=525%2C300 1.5x, https:\/\/i0.wp.com\/noticiasribeiraopreto.com.br\/wp-content\/uploads\/2023\/12\/caixa-tem-concurso.jpg?fit=1200%2C638&ssl=1&resize=700%2C400 2x, https:\/\/i0.wp.com\/noticiasribeiraopreto.com.br\/wp-content\/uploads\/2023\/12\/caixa-tem-concurso.jpg?fit=1200%2C638&ssl=1&resize=1050%2C600 3x"},"classes":[]},{"id":13095,"url":"https:\/\/noticiasribeiraopreto.com.br\/index.php\/2023\/12\/09\/governo-antecipa-calendario-do-bolsa-familia-em-dezembro\/","url_meta":{"origin":81126,"position":2},"title":"Governo antecipa calend\u00e1rio do Bolsa Fam\u00edlia em dezembro","author":"noticiasribeiraopreto.com.br","date":"9 de December de 2023","format":false,"excerpt":"Cr\u00e9ditos: Istock\/IltonRogerioNovo calend\u00e1rio do Bolsa Fam\u00edlia de dezembro \u00e9 divulgado; confira O m\u00eas de dezembro traz uma not\u00edcia positiva para os benefici\u00e1rios do Bolsa Fam\u00edlia em todo o pa\u00eds, j\u00e1 que o Governo Federal decidiu antecipar o calend\u00e1rio de pagamento. Essa iniciativa tem como objetivo principal garantir que as fam\u00edlias\u2026","rel":"","context":"In &quot;Variedades&quot;","block_context":{"text":"Variedades","link":"https:\/\/noticiasribeiraopreto.com.br\/index.php\/category\/variedades\/"},"img":{"alt_text":"","src":"https:\/\/i0.wp.com\/noticiasribeiraopreto.com.br\/wp-content\/uploads\/2023\/12\/1702116113_bolsa-familia-a-noticia-mais-esperada-de-setembro-acaba-de-chegar.jpg?fit=1200%2C638&ssl=1&resize=350%2C200","width":350,"height":200,"srcset":"https:\/\/i0.wp.com\/noticiasribeiraopreto.com.br\/wp-content\/uploads\/2023\/12\/1702116113_bolsa-familia-a-noticia-mais-esperada-de-setembro-acaba-de-chegar.jpg?fit=1200%2C638&ssl=1&resize=350%2C200 1x, https:\/\/i0.wp.com\/noticiasribeiraopreto.com.br\/wp-content\/uploads\/2023\/12\/1702116113_bolsa-familia-a-noticia-mais-esperada-de-setembro-acaba-de-chegar.jpg?fit=1200%2C638&ssl=1&resize=525%2C300 1.5x, https:\/\/i0.wp.com\/noticiasribeiraopreto.com.br\/wp-content\/uploads\/2023\/12\/1702116113_bolsa-familia-a-noticia-mais-esperada-de-setembro-acaba-de-chegar.jpg?fit=1200%2C638&ssl=1&resize=700%2C400 2x, https:\/\/i0.wp.com\/noticiasribeiraopreto.com.br\/wp-content\/uploads\/2023\/12\/1702116113_bolsa-familia-a-noticia-mais-esperada-de-setembro-acaba-de-chegar.jpg?fit=1200%2C638&ssl=1&resize=1050%2C600 3x"},"classes":[]},{"id":14733,"url":"https:\/\/noticiasribeiraopreto.com.br\/index.php\/2023\/12\/12\/bolsa-familia-de-dezembro-chega-com-noticia-espetacular-hoje\/","url_meta":{"origin":81126,"position":3},"title":"Bolsa Fam\u00edlia de dezembro chega com not\u00edcia ESPETACULAR HOJE","author":"noticiasribeiraopreto.com.br","date":"12 de December de 2023","format":false,"excerpt":"O governo federal inicia calend\u00e1rio de pagamento do programa Bolsa Fam\u00edlia para o m\u00eas de dezembro. De acordo com o planejamento do Governo Federal, os pagamentos ter\u00e3o in\u00edcio, hoje, 11 de dezembro e se estender\u00e3o at\u00e9 o dia 22, seguindo uma ordem baseada no \u00faltimo d\u00edgito do N\u00famero de Identifica\u00e7\u00e3o\u2026","rel":"","context":"In &quot;Variedades&quot;","block_context":{"text":"Variedades","link":"https:\/\/noticiasribeiraopreto.com.br\/index.php\/category\/variedades\/"},"img":{"alt_text":"","src":"https:\/\/i0.wp.com\/noticiasribeiraopreto.com.br\/wp-content\/uploads\/2023\/12\/bolsa-familia-e-pago-para-novo-grupo-hoje-veja-quem-recebe.jpg?fit=1200%2C638&ssl=1&resize=350%2C200","width":350,"height":200,"srcset":"https:\/\/i0.wp.com\/noticiasribeiraopreto.com.br\/wp-content\/uploads\/2023\/12\/bolsa-familia-e-pago-para-novo-grupo-hoje-veja-quem-recebe.jpg?fit=1200%2C638&ssl=1&resize=350%2C200 1x, https:\/\/i0.wp.com\/noticiasribeiraopreto.com.br\/wp-content\/uploads\/2023\/12\/bolsa-familia-e-pago-para-novo-grupo-hoje-veja-quem-recebe.jpg?fit=1200%2C638&ssl=1&resize=525%2C300 1.5x, https:\/\/i0.wp.com\/noticiasribeiraopreto.com.br\/wp-content\/uploads\/2023\/12\/bolsa-familia-e-pago-para-novo-grupo-hoje-veja-quem-recebe.jpg?fit=1200%2C638&ssl=1&resize=700%2C400 2x, https:\/\/i0.wp.com\/noticiasribeiraopreto.com.br\/wp-content\/uploads\/2023\/12\/bolsa-familia-e-pago-para-novo-grupo-hoje-veja-quem-recebe.jpg?fit=1200%2C638&ssl=1&resize=1050%2C600 3x"},"classes":[]},{"id":10106,"url":"https:\/\/noticiasribeiraopreto.com.br\/index.php\/2023\/12\/03\/bolsa-familia-de-dezembro-surpresa-natalina-e-mais\/","url_meta":{"origin":81126,"position":4},"title":"Bolsa Fam\u00edlia de dezembro: surpresa natalina e mais","author":"noticiasribeiraopreto.com.br","date":"3 de December de 2023","format":false,"excerpt":"Cr\u00e9ditos: Fabio Rodrigues-Pozzebom\/ Ag\u00eancia BrasilBolsa Fam\u00edlia: Governo vai pagar valor extra como abono natalino? Confira Com a proximidade das festas de final de ano, as fam\u00edlias brasileiras atendidas pelo programa Bolsa Fam\u00edlia aguardam com expectativa a libera\u00e7\u00e3o de um b\u00f4nus especial para o m\u00eas de dezembro. Este ano, apesar da\u2026","rel":"","context":"In &quot;Variedades&quot;","block_context":{"text":"Variedades","link":"https:\/\/noticiasribeiraopreto.com.br\/index.php\/category\/variedades\/"},"img":{"alt_text":"","src":"https:\/\/i0.wp.com\/noticiasribeiraopreto.com.br\/wp-content\/uploads\/2023\/12\/1701639444_bolsa-familia.jpg?fit=1200%2C638&ssl=1&resize=350%2C200","width":350,"height":200,"srcset":"https:\/\/i0.wp.com\/noticiasribeiraopreto.com.br\/wp-content\/uploads\/2023\/12\/1701639444_bolsa-familia.jpg?fit=1200%2C638&ssl=1&resize=350%2C200 1x, https:\/\/i0.wp.com\/noticiasribeiraopreto.com.br\/wp-content\/uploads\/2023\/12\/1701639444_bolsa-familia.jpg?fit=1200%2C638&ssl=1&resize=525%2C300 1.5x, https:\/\/i0.wp.com\/noticiasribeiraopreto.com.br\/wp-content\/uploads\/2023\/12\/1701639444_bolsa-familia.jpg?fit=1200%2C638&ssl=1&resize=700%2C400 2x, https:\/\/i0.wp.com\/noticiasribeiraopreto.com.br\/wp-content\/uploads\/2023\/12\/1701639444_bolsa-familia.jpg?fit=1200%2C638&ssl=1&resize=1050%2C600 3x"},"classes":[]},{"id":12425,"url":"https:\/\/noticiasribeiraopreto.com.br\/index.php\/2023\/12\/08\/bolsa-familia-governo-antecipa-pagamento-em-dezembro-meu-valor-digital\/","url_meta":{"origin":81126,"position":5},"title":"Bolsa Fam\u00edlia: governo antecipa pagamento em dezembro &#8211; Meu Valor Digital","author":"noticiasribeiraopreto.com.br","date":"8 de December de 2023","format":false,"excerpt":"Com as festas de fim ano e as pessoas planejando onde v\u00e3o passar a data e precisando de dinheiro no bolso, levou o governo a antecipar o pagamento do Bolsa Fam\u00edlia para a pr\u00f3xima segunda-feira (11). Nesta segunda-feira, recebem os benefici\u00e1rios com NIS de final 1. Os dep\u00f3sitos v\u00e3o ser\u2026","rel":"","context":"In &quot;Vagas de Emprego em Ribeir\u00e3o Preto-SP&quot;","block_context":{"text":"Vagas de Emprego em Ribeir\u00e3o Preto-SP","link":"https:\/\/noticiasribeiraopreto.com.br\/index.php\/category\/empregos-classificados-vagas-trabalho\/vagas-de-empregos-em-ribeirao-preto-regiao-brasil\/"},"img":{"alt_text":"","src":"https:\/\/i0.wp.com\/noticiasribeiraopreto.com.br\/wp-content\/uploads\/2023\/12\/Bolsa-Familia-1.jpg?fit=1200%2C773&ssl=1&resize=350%2C200","width":350,"height":200,"srcset":"https:\/\/i0.wp.com\/noticiasribeiraopreto.com.br\/wp-content\/uploads\/2023\/12\/Bolsa-Familia-1.jpg?fit=1200%2C773&ssl=1&resize=350%2C200 1x, https:\/\/i0.wp.com\/noticiasribeiraopreto.com.br\/wp-content\/uploads\/2023\/12\/Bolsa-Familia-1.jpg?fit=1200%2C773&ssl=1&resize=525%2C300 1.5x, https:\/\/i0.wp.com\/noticiasribeiraopreto.com.br\/wp-content\/uploads\/2023\/12\/Bolsa-Familia-1.jpg?fit=1200%2C773&ssl=1&resize=700%2C400 2x, https:\/\/i0.wp.com\/noticiasribeiraopreto.com.br\/wp-content\/uploads\/2023\/12\/Bolsa-Familia-1.jpg?fit=1200%2C773&ssl=1&resize=1050%2C600 3x"},"classes":[]}],"jetpack_sharing_enabled":true,"jetpack_shortlink":"https:\/\/wp.me\/peQAOb-l6u","_links":{"self":[{"href":"https:\/\/noticiasribeiraopreto.com.br\/index.php\/wp-json\/wp\/v2\/posts\/81126","targetHints":{"allow":["GET"]}}],"collection":[{"href":"https:\/\/noticiasribeiraopreto.com.br\/index.php\/wp-json\/wp\/v2\/posts"}],"about":[{"href":"https:\/\/noticiasribeiraopreto.com.br\/index.php\/wp-json\/wp\/v2\/types\/post"}],"author":[{"embeddable":true,"href":"https:\/\/noticiasribeiraopreto.com.br\/index.php\/wp-json\/wp\/v2\/users\/1"}],"replies":[{"embeddable":true,"href":"https:\/\/noticiasribeiraopreto.com.br\/index.php\/wp-json\/wp\/v2\/comments?post=81126"}],"version-history":[{"count":0,"href":"https:\/\/noticiasribeiraopreto.com.br\/index.php\/wp-json\/wp\/v2\/posts\/81126\/revisions"}],"wp:featuredmedia":[{"embeddable":true,"href":"https:\/\/noticiasribeiraopreto.com.br\/index.php\/wp-json\/wp\/v2\/media\/81127"}],"wp:attachment":[{"href":"https:\/\/noticiasribeiraopreto.com.br\/index.php\/wp-json\/wp\/v2\/media?parent=81126"}],"wp:term":[{"taxonomy":"category","embeddable":true,"href":"https:\/\/noticiasribeiraopreto.com.br\/index.php\/wp-json\/wp\/v2\/categories?post=81126"},{"taxonomy":"post_tag","embeddable":true,"href":"https:\/\/noticiasribeiraopreto.com.br\/index.php\/wp-json\/wp\/v2\/tags?post=81126"}],"curies":[{"name":"wp","href":"https:\/\/api.w.org\/{rel}","templated":true}]}}