{"id":81130,"date":"2025-12-25T06:19:03","date_gmt":"2025-12-25T09:19:03","guid":{"rendered":"https:\/\/noticiasribeiraopreto.com.br\/index.php\/2025\/12\/25\/onde-esta-o-papai-noel-veja-sites-que-monitoram-a-viagem-do-bom-velhinho\/"},"modified":"2025-12-25T06:19:03","modified_gmt":"2025-12-25T09:19:03","slug":"onde-esta-o-papai-noel-veja-sites-que-monitoram-a-viagem-do-bom-velhinho","status":"publish","type":"post","link":"https:\/\/noticiasribeiraopreto.com.br\/index.php\/2025\/12\/25\/onde-esta-o-papai-noel-veja-sites-que-monitoram-a-viagem-do-bom-velhinho\/","title":{"rendered":"Onde est\u00e1 o Papai Noel? Veja sites que \u2018monitoram\u2019 a viagem do bom velhinho"},"content":{"rendered":"<div class='code-block code-block-1' style='margin: 8px 0 8px auto; text-align: right; display: block; clear: both;'>\n<p><a href=\"https:\/\/wa.link\/vpicfd\"><img data-recalc-dims=\"1\" class=\"wp-image-4922\" style=\"aspect-ratio: 2.0253164556962027; width: 561px; height: auto;\" src=\"https:\/\/i0.wp.com\/ismaelcolosi.com.br\/wp-content\/uploads\/2023\/11\/grupo-de-empregos-whatsapp-e-facebook-ismael-colosi-vagas.jpg?ssl=1\" alt=\"\" \/><\/a><\/p>\n<!-- \/wp:image -->\n<\/div>\n<p> <br \/>\n<\/p>\n<div data-td-block-uid=\"tdi_95\">\n<div class=\"tdb-block-inner td-fix-index\">\n<p>A \u201cviagem\u201d do <strong>Papai Noel<\/strong> pode ser acompanhada por sites que \u201cmonitoram\u201d o trajeto do bom velhinho durante a entrega dos presentes e a chegada do Natal, comemorado nesta quinta-feira (25) pelo mundo.<\/p>\n<p>Uma das plataformas \u00e9 a <strong>Santa Tracker<\/strong> (<a href=\"https:\/\/santatracker.google.com\/intl\/pt-BR\/\" data-type=\"link\" data-id=\"https:\/\/santatracker.google.com\/intl\/pt-BR\/\" target=\"_blank\" rel=\"noopener\">clique aqui<\/a>), do Google, no qual o internauta pode acompanhar a \u201clocaliza\u00e7\u00e3o\u201d do Papai Noel e descobrir onde j\u00e1 \u00e9 Natal. A plataforma tamb\u00e9m conta com diversos jogos natalinos.<\/p>\n<p>Outra ferramenta dispon\u00edvel \u00e9 o<strong> Norad Santa<\/strong> (<a href=\"https:\/\/www.noradsanta.org\/pt\/map\" data-type=\"link\" data-id=\"https:\/\/www.noradsanta.org\/pt\/map\" target=\"_blank\" rel=\"noopener\">clique aqui<\/a>), desenvolvida pelo Comando de Defesa Aeroespacial da Am\u00e9rica do Norte, o Norad. A brincadeira nasceu h\u00e1 mais de 60 anos, ap\u00f3s um an\u00fancio com n\u00famero de telefone errado, que fez crian\u00e7as a ligarem diretamente para o ex\u00e9rcito pedindo informa\u00e7\u00f5es sobre o Papai Noel.<\/p>\n<p>Na ferramenta \u00e9 poss\u00edvel ver v\u00eddeos e conhecer os locais pelos quais o Papai Noel j\u00e1 \u201cpassou\u201d.<\/p>\n<p>Outra ferramenta que \u201cmonitora\u201d o trajeto do Papai Noel \u00e9 o <strong>Flightradar<\/strong> (<a href=\"https:\/\/www.flightradar24.com\/R3DN053\/3d9fb50a\" data-type=\"link\" data-id=\"https:\/\/www.flightradar24.com\/R3DN053\/3d9fb50a\" target=\"_blank\" rel=\"noopener\">clique aqui<\/a>), conhecida por apaixonados por avia\u00e7\u00e3o, que a utilizam para monitorar o trajeto dos voos.<\/p>\n<p>SAIBA MAIS<br \/>Vai ao supermercado hoje? Veja os hor\u00e1rios na v\u00e9spera de Natal em Ribeir\u00e3o Preto<\/p>\n<h2 class=\"wp-block-heading\"><strong>FIQUE ON<\/strong><\/h2>\n<p>Fique ligado em tudo que acontece em Ribeir\u00e3o Preto e regi\u00e3o. Siga os perfis do\u00a0<strong>acidade on\u00a0<\/strong>no\u00a0<a href=\"https:\/\/www.instagram.com\/acidadeonribeirao\" target=\"_blank\" rel=\"noreferrer noopener\">Instagram\u00a0<\/a>e no<a href=\"https:\/\/www.facebook.com\/acidadeonribeirao\/\" target=\"_blank\" rel=\"noreferrer noopener\">\u00a0Facebook<\/a>.<\/p>\n<p>Receba not\u00edcias do<strong>\u00a0acidade on\u00a0<\/strong>no WhatsApp. Para entrar no grupo,\u00a0basta\u00a0<a href=\"https:\/\/chat.whatsapp.com\/GFH9HUMUTHNFJdnyEd0xxq\" target=\"_blank\" rel=\"noreferrer noopener\">clicar aqui<\/a>. Ou, acesse o nosso\u00a0Canal<a href=\"https:\/\/whatsapp.com\/channel\/0029Vb6IQl1JENyAeS57fk2p\" target=\"_blank\" rel=\"noreferrer noopener\">\u00a0clicando aqui<\/a>.<\/p>\n<p>Fa\u00e7a uma den\u00fancia ou sugira uma reportagem sobre Ribeir\u00e3o Preto e regi\u00e3o pelo WhatsApp: 16 99117 7802.<\/p>\n<p>VEJA TAMB\u00c9M<br \/>Bancos abrem hoje? Saiba como ser\u00e3o os hor\u00e1rios de funcionamento<\/p>\n<p><!-- AI CONTENT END 1 -->\n<\/div>\n<\/div>\n<p><script async src=\"\/\/www.instagram.com\/embed.js\"><\/script><br \/>\n<br \/><br \/>\n<br \/><a href=\"https:\/\/www.acidadeon.com\/ribeiraopreto\/lazer-e-cultura\/onde-esta-o-papai-noel-veja-sites-que-monitoram-a-viagem-do-bom-velhinho\/\">Source link <\/a><\/p>\n<!-- CONTENT END 1 -->\n","protected":false},"excerpt":{"rendered":"<p>A \u201cviagem\u201d do Papai Noel pode ser acompanhada por sites que \u201cmonitoram\u201d o trajeto do bom velhinho durante a entrega dos presentes e a chegada&#8230;<\/p>\n","protected":false},"author":1,"featured_media":81131,"comment_status":"open","ping_status":"open","sticky":false,"template":"","format":"standard","meta":{"advanced_seo_description":"","jetpack_seo_html_title":"","jetpack_seo_noindex":false,"jetpack_post_was_ever_published":false,"_jetpack_newsletter_access":"","_jetpack_dont_email_post_to_subs":false,"_jetpack_newsletter_tier_id":0,"_jetpack_memberships_contains_paywalled_content":false,"_jetpack_memberships_contains_paid_content":false,"footnotes":"","jetpack_publicize_message":"","jetpack_publicize_feature_enabled":true,"jetpack_social_post_already_shared":true,"jetpack_social_options":{"image_generator_settings":{"template":"highway","default_image_id":0,"font":"","enabled":false},"version":2}},"categories":[11],"tags":[],"class_list":["post-81130","post","type-post","status-publish","format-standard","has-post-thumbnail","hentry","category-noticias-de-ribeirao-preto-sp-e-regiao-ismael-colosi"],"jetpack_publicize_connections":[],"jetpack_featured_media_url":"https:\/\/i0.wp.com\/noticiasribeiraopreto.com.br\/wp-content\/uploads\/2025\/12\/papai-noel_2025-12-24_20-57-48.webp.webp?fit=1200%2C655&ssl=1","jetpack-related-posts":[{"id":79643,"url":"https:\/\/noticiasribeiraopreto.com.br\/index.php\/2025\/11\/05\/natal-2025-confira-quando-os-shoppings-de-ribeirao-recebem-o-papai-noel\/","url_meta":{"origin":81130,"position":0},"title":"Natal 2025: confira quando os shoppings de Ribeir\u00e3o recebem o Papai Noel","author":"noticiasribeiraopreto.com.br","date":"5 de November de 2025","format":false,"excerpt":"Os shoppings de Ribeir\u00e3o Preto v\u00e3o entrar em clima de Natal a partir do dia 7 de novembro, com a chegada do Papai Noel e decora\u00e7\u00f5es natalinas. Confira abaixo todos os detalhes da passagem do velhinho pela cidade e regi\u00e3o. Ribeir\u00e3o Shopping O Ribeir\u00e3o Shopping inaugura oficialmente sua decora\u00e7\u00e3o natalina\u2026","rel":"","context":"In &quot;Not\u00edcias de Ribeir\u00e3o Preto-SP e Regi\u00e3o&quot;","block_context":{"text":"Not\u00edcias de Ribeir\u00e3o Preto-SP e Regi\u00e3o","link":"https:\/\/noticiasribeiraopreto.com.br\/index.php\/category\/noticias-de-ribeirao-preto-sp-e-regiao-ismael-colosi\/"},"img":{"alt_text":"","src":"https:\/\/i0.wp.com\/noticiasribeiraopreto.com.br\/wp-content\/uploads\/2025\/11\/WhatsApp-Image-2025-11-04-at-09.42.14_2025-11-04_15-10-13.webp.webp?fit=1200%2C799&ssl=1&resize=350%2C200","width":350,"height":200,"srcset":"https:\/\/i0.wp.com\/noticiasribeiraopreto.com.br\/wp-content\/uploads\/2025\/11\/WhatsApp-Image-2025-11-04-at-09.42.14_2025-11-04_15-10-13.webp.webp?fit=1200%2C799&ssl=1&resize=350%2C200 1x, https:\/\/i0.wp.com\/noticiasribeiraopreto.com.br\/wp-content\/uploads\/2025\/11\/WhatsApp-Image-2025-11-04-at-09.42.14_2025-11-04_15-10-13.webp.webp?fit=1200%2C799&ssl=1&resize=525%2C300 1.5x, https:\/\/i0.wp.com\/noticiasribeiraopreto.com.br\/wp-content\/uploads\/2025\/11\/WhatsApp-Image-2025-11-04-at-09.42.14_2025-11-04_15-10-13.webp.webp?fit=1200%2C799&ssl=1&resize=700%2C400 2x, https:\/\/i0.wp.com\/noticiasribeiraopreto.com.br\/wp-content\/uploads\/2025\/11\/WhatsApp-Image-2025-11-04-at-09.42.14_2025-11-04_15-10-13.webp.webp?fit=1200%2C799&ssl=1&resize=1050%2C600 3x"},"classes":[]},{"id":9333,"url":"https:\/\/noticiasribeiraopreto.com.br\/index.php\/2023\/12\/01\/tudo-sobre-a-chegada-do-papai-noel-no-centro-de-ribeirao-preto\/","url_meta":{"origin":81130,"position":1},"title":"Tudo sobre a chegada do Papai Noel no Centro de Ribeir\u00e3o Preto\u00a0","author":"noticiasribeiraopreto.com.br","date":"1 de December de 2023","format":false,"excerpt":"A chegada do Papai Noel em dezembro marca o fim de ano em Ribeir\u00e3o Preto, junto das decora\u00e7\u00f5es de Natal. A programa\u00e7\u00e3o faz parte da 21\u00aa edi\u00e7\u00e3o da campanha Natal Luz da Associa\u00e7\u00e3o Comercial e Industrial da cidade (Acirp).\u00a0 Confira tudo o que voc\u00ea precisa saber sobre a chegada do\u2026","rel":"","context":"In &quot;Not\u00edcias de Ribeir\u00e3o Preto-SP e Regi\u00e3o&quot;","block_context":{"text":"Not\u00edcias de Ribeir\u00e3o Preto-SP e Regi\u00e3o","link":"https:\/\/noticiasribeiraopreto.com.br\/index.php\/category\/noticias-de-ribeirao-preto-sp-e-regiao-ismael-colosi\/"},"img":{"alt_text":"","src":"https:\/\/i0.wp.com\/noticiasribeiraopreto.com.br\/wp-content\/uploads\/2023\/12\/papai-noel-foto-fabrica-de-retratos-acirp-scaled.jpg?fit=1200%2C800&ssl=1&resize=350%2C200","width":350,"height":200,"srcset":"https:\/\/i0.wp.com\/noticiasribeiraopreto.com.br\/wp-content\/uploads\/2023\/12\/papai-noel-foto-fabrica-de-retratos-acirp-scaled.jpg?fit=1200%2C800&ssl=1&resize=350%2C200 1x, https:\/\/i0.wp.com\/noticiasribeiraopreto.com.br\/wp-content\/uploads\/2023\/12\/papai-noel-foto-fabrica-de-retratos-acirp-scaled.jpg?fit=1200%2C800&ssl=1&resize=525%2C300 1.5x, https:\/\/i0.wp.com\/noticiasribeiraopreto.com.br\/wp-content\/uploads\/2023\/12\/papai-noel-foto-fabrica-de-retratos-acirp-scaled.jpg?fit=1200%2C800&ssl=1&resize=700%2C400 2x, https:\/\/i0.wp.com\/noticiasribeiraopreto.com.br\/wp-content\/uploads\/2023\/12\/papai-noel-foto-fabrica-de-retratos-acirp-scaled.jpg?fit=1200%2C800&ssl=1&resize=1050%2C600 3x"},"classes":[]},{"id":882,"url":"https:\/\/noticiasribeiraopreto.com.br\/index.php\/2023\/11\/09\/ja-e-natal-tudo-sobre-o-papai-noel-nos-shoppings-de-ribeirao-preto\/","url_meta":{"origin":81130,"position":2},"title":"J\u00e1 \u00e9 Natal: Tudo sobre o Papai Noel nos shoppings de Ribeir\u00e3o Preto\u00a0","author":"noticiasribeiraopreto.com.br","date":"9 de November de 2023","format":false,"excerpt":"O clima de Natal j\u00e1 pode ser visto nos shoppings de Ribeir\u00e3o Preto com a presen\u00e7a do Papai Noel e com as decora\u00e7\u00f5es natalinas. O acidade on fez uma lista com todos os dias e hor\u00e1rios que as crian\u00e7as podem fazer os pedidos ao \u2018Bom Velhinho\u2019. SHOPPING IGUATEMI O Shopping\u2026","rel":"","context":"In &quot;Not\u00edcias de Ribeir\u00e3o Preto-SP e Regi\u00e3o&quot;","block_context":{"text":"Not\u00edcias de Ribeir\u00e3o Preto-SP e Regi\u00e3o","link":"https:\/\/noticiasribeiraopreto.com.br\/index.php\/category\/noticias-de-ribeirao-preto-sp-e-regiao-ismael-colosi\/"},"img":{"alt_text":"","src":"https:\/\/i0.wp.com\/noticiasribeiraopreto.com.br\/wp-content\/uploads\/2023\/11\/santa-claus-1906513_1280.jpg?fit=1200%2C800&ssl=1&resize=350%2C200","width":350,"height":200,"srcset":"https:\/\/i0.wp.com\/noticiasribeiraopreto.com.br\/wp-content\/uploads\/2023\/11\/santa-claus-1906513_1280.jpg?fit=1200%2C800&ssl=1&resize=350%2C200 1x, https:\/\/i0.wp.com\/noticiasribeiraopreto.com.br\/wp-content\/uploads\/2023\/11\/santa-claus-1906513_1280.jpg?fit=1200%2C800&ssl=1&resize=525%2C300 1.5x, https:\/\/i0.wp.com\/noticiasribeiraopreto.com.br\/wp-content\/uploads\/2023\/11\/santa-claus-1906513_1280.jpg?fit=1200%2C800&ssl=1&resize=700%2C400 2x, https:\/\/i0.wp.com\/noticiasribeiraopreto.com.br\/wp-content\/uploads\/2023\/11\/santa-claus-1906513_1280.jpg?fit=1200%2C800&ssl=1&resize=1050%2C600 3x"},"classes":[]},{"id":80569,"url":"https:\/\/noticiasribeiraopreto.com.br\/index.php\/2025\/12\/06\/papai-noel-chega-de-limusine-em-cidade-da-regiao-de-ribeirao-preto-video\/","url_meta":{"origin":81130,"position":3},"title":"Papai Noel chega de limusine em cidade da regi\u00e3o de Ribeir\u00e3o Preto; V\u00eddeo","author":"noticiasribeiraopreto.com.br","date":"6 de December de 2025","format":false,"excerpt":"O Bom Velhinho chegou em grande estilo a Sert\u00e3ozinho, na regi\u00e3o de Ribeir\u00e3o Preto, nesta sexta-feira (5). A tradicional recep\u00e7\u00e3o ao Papai Noel fez parte das celebra\u00e7\u00f5es pelos 129 anos do munic\u00edpio. V\u00eddeos que circulam nas redes sociais mostram o personagem natalino chegando em uma limusine branca, escoltado por equipes\u2026","rel":"","context":"In &quot;Not\u00edcias de Ribeir\u00e3o Preto-SP e Regi\u00e3o&quot;","block_context":{"text":"Not\u00edcias de Ribeir\u00e3o Preto-SP e Regi\u00e3o","link":"https:\/\/noticiasribeiraopreto.com.br\/index.php\/category\/noticias-de-ribeirao-preto-sp-e-regiao-ismael-colosi\/"},"img":{"alt_text":"","src":"https:\/\/i0.wp.com\/noticiasribeiraopreto.com.br\/wp-content\/uploads\/2025\/12\/Copia-de-Copia-de-Copia-de-TAMANHO-EXATO-PARA-FOTOS-NO-SISTEMA-NOVO-2025-12-05T162644.110_2025-12-05_19-27-01.webp.webp?fit=1200%2C675&ssl=1&resize=350%2C200","width":350,"height":200,"srcset":"https:\/\/i0.wp.com\/noticiasribeiraopreto.com.br\/wp-content\/uploads\/2025\/12\/Copia-de-Copia-de-Copia-de-TAMANHO-EXATO-PARA-FOTOS-NO-SISTEMA-NOVO-2025-12-05T162644.110_2025-12-05_19-27-01.webp.webp?fit=1200%2C675&ssl=1&resize=350%2C200 1x, https:\/\/i0.wp.com\/noticiasribeiraopreto.com.br\/wp-content\/uploads\/2025\/12\/Copia-de-Copia-de-Copia-de-TAMANHO-EXATO-PARA-FOTOS-NO-SISTEMA-NOVO-2025-12-05T162644.110_2025-12-05_19-27-01.webp.webp?fit=1200%2C675&ssl=1&resize=525%2C300 1.5x, https:\/\/i0.wp.com\/noticiasribeiraopreto.com.br\/wp-content\/uploads\/2025\/12\/Copia-de-Copia-de-Copia-de-TAMANHO-EXATO-PARA-FOTOS-NO-SISTEMA-NOVO-2025-12-05T162644.110_2025-12-05_19-27-01.webp.webp?fit=1200%2C675&ssl=1&resize=700%2C400 2x, https:\/\/i0.wp.com\/noticiasribeiraopreto.com.br\/wp-content\/uploads\/2025\/12\/Copia-de-Copia-de-Copia-de-TAMANHO-EXATO-PARA-FOTOS-NO-SISTEMA-NOVO-2025-12-05T162644.110_2025-12-05_19-27-01.webp.webp?fit=1200%2C675&ssl=1&resize=1050%2C600 3x"},"classes":[]},{"id":13229,"url":"https:\/\/noticiasribeiraopreto.com.br\/index.php\/2023\/12\/09\/saiba-os-bairro-de-ribeirao-preto-que-recebem-o-papai-noel-movel\/","url_meta":{"origin":81130,"position":4},"title":"Saiba os bairros de Ribeir\u00e3o Preto que recebem o Papai Noel M\u00f3vel","author":"noticiasribeiraopreto.com.br","date":"9 de December de 2023","format":false,"excerpt":"As visitas do Papai Noel aos bairros de Ribeir\u00e3o Preto continuam neste final de semana. A\u00a0a\u00e7\u00e3o faz parte do projeto \u2018Noel M\u00f3vel\u2019 da Associa\u00e7\u00e3o Comercial e Industrial de Ribeir\u00e3o Preto (Acirp). \u00a0 Neste s\u00e1bado (9), o Bom Velhinho vai estar na pra\u00e7a San Leandro, no Jardim Paulista, na zona Leste\u2026","rel":"","context":"In &quot;Not\u00edcias de Ribeir\u00e3o Preto-SP e Regi\u00e3o&quot;","block_context":{"text":"Not\u00edcias de Ribeir\u00e3o Preto-SP e Regi\u00e3o","link":"https:\/\/noticiasribeiraopreto.com.br\/index.php\/category\/noticias-de-ribeirao-preto-sp-e-regiao-ismael-colosi\/"},"img":{"alt_text":"","src":"https:\/\/i0.wp.com\/noticiasribeiraopreto.com.br\/wp-content\/uploads\/2023\/12\/5I6A6795-scaled-1.jpg?fit=1200%2C800&ssl=1&resize=350%2C200","width":350,"height":200,"srcset":"https:\/\/i0.wp.com\/noticiasribeiraopreto.com.br\/wp-content\/uploads\/2023\/12\/5I6A6795-scaled-1.jpg?fit=1200%2C800&ssl=1&resize=350%2C200 1x, https:\/\/i0.wp.com\/noticiasribeiraopreto.com.br\/wp-content\/uploads\/2023\/12\/5I6A6795-scaled-1.jpg?fit=1200%2C800&ssl=1&resize=525%2C300 1.5x, https:\/\/i0.wp.com\/noticiasribeiraopreto.com.br\/wp-content\/uploads\/2023\/12\/5I6A6795-scaled-1.jpg?fit=1200%2C800&ssl=1&resize=700%2C400 2x, https:\/\/i0.wp.com\/noticiasribeiraopreto.com.br\/wp-content\/uploads\/2023\/12\/5I6A6795-scaled-1.jpg?fit=1200%2C800&ssl=1&resize=1050%2C600 3x"},"classes":[]},{"id":60119,"url":"https:\/\/noticiasribeiraopreto.com.br\/index.php\/2024\/11\/06\/shoppings-de-ribeirao-anunciam-chegada-do-papai-noel-veja-programacao\/","url_meta":{"origin":81130,"position":5},"title":"Shoppings de Ribeir\u00e3o anunciam chegada do Papai Noel; Veja programa\u00e7\u00e3o","author":"noticiasribeiraopreto.com.br","date":"6 de November de 2024","format":false,"excerpt":"O clima natalino come\u00e7a a tomar conta dos quatro shoppings de Ribeir\u00e3o Preto, neste final de semana, com a chegada do Papai Noel. A programa\u00e7\u00e3o nos empreendimentos ainda conta com inaugura\u00e7\u00e3o da decora\u00e7\u00e3o de Natal, apresenta\u00e7\u00e3o musical, brinquedos, passeio virtual no tren\u00f3 do bom velhinho, cen\u00e1rios natalinos instagram\u00e1veis e mais.\u2026","rel":"","context":"In &quot;Not\u00edcias de Ribeir\u00e3o Preto-SP e Regi\u00e3o&quot;","block_context":{"text":"Not\u00edcias de Ribeir\u00e3o Preto-SP e Regi\u00e3o","link":"https:\/\/noticiasribeiraopreto.com.br\/index.php\/category\/noticias-de-ribeirao-preto-sp-e-regiao-ismael-colosi\/"},"img":{"alt_text":"","src":"https:\/\/i0.wp.com\/noticiasribeiraopreto.com.br\/wp-content\/uploads\/2024\/11\/WhatsApp-Image-2024-11-05-at-19.19.04_2024-11-06_16-48-07_jpeg_2024-11-06_16-48-08-scaled.webp.webp?fit=1200%2C675&ssl=1&resize=350%2C200","width":350,"height":200,"srcset":"https:\/\/i0.wp.com\/noticiasribeiraopreto.com.br\/wp-content\/uploads\/2024\/11\/WhatsApp-Image-2024-11-05-at-19.19.04_2024-11-06_16-48-07_jpeg_2024-11-06_16-48-08-scaled.webp.webp?fit=1200%2C675&ssl=1&resize=350%2C200 1x, https:\/\/i0.wp.com\/noticiasribeiraopreto.com.br\/wp-content\/uploads\/2024\/11\/WhatsApp-Image-2024-11-05-at-19.19.04_2024-11-06_16-48-07_jpeg_2024-11-06_16-48-08-scaled.webp.webp?fit=1200%2C675&ssl=1&resize=525%2C300 1.5x, https:\/\/i0.wp.com\/noticiasribeiraopreto.com.br\/wp-content\/uploads\/2024\/11\/WhatsApp-Image-2024-11-05-at-19.19.04_2024-11-06_16-48-07_jpeg_2024-11-06_16-48-08-scaled.webp.webp?fit=1200%2C675&ssl=1&resize=700%2C400 2x, https:\/\/i0.wp.com\/noticiasribeiraopreto.com.br\/wp-content\/uploads\/2024\/11\/WhatsApp-Image-2024-11-05-at-19.19.04_2024-11-06_16-48-07_jpeg_2024-11-06_16-48-08-scaled.webp.webp?fit=1200%2C675&ssl=1&resize=1050%2C600 3x"},"classes":[]}],"jetpack_sharing_enabled":true,"jetpack_shortlink":"https:\/\/wp.me\/peQAOb-l6y","_links":{"self":[{"href":"https:\/\/noticiasribeiraopreto.com.br\/index.php\/wp-json\/wp\/v2\/posts\/81130","targetHints":{"allow":["GET"]}}],"collection":[{"href":"https:\/\/noticiasribeiraopreto.com.br\/index.php\/wp-json\/wp\/v2\/posts"}],"about":[{"href":"https:\/\/noticiasribeiraopreto.com.br\/index.php\/wp-json\/wp\/v2\/types\/post"}],"author":[{"embeddable":true,"href":"https:\/\/noticiasribeiraopreto.com.br\/index.php\/wp-json\/wp\/v2\/users\/1"}],"replies":[{"embeddable":true,"href":"https:\/\/noticiasribeiraopreto.com.br\/index.php\/wp-json\/wp\/v2\/comments?post=81130"}],"version-history":[{"count":0,"href":"https:\/\/noticiasribeiraopreto.com.br\/index.php\/wp-json\/wp\/v2\/posts\/81130\/revisions"}],"wp:featuredmedia":[{"embeddable":true,"href":"https:\/\/noticiasribeiraopreto.com.br\/index.php\/wp-json\/wp\/v2\/media\/81131"}],"wp:attachment":[{"href":"https:\/\/noticiasribeiraopreto.com.br\/index.php\/wp-json\/wp\/v2\/media?parent=81130"}],"wp:term":[{"taxonomy":"category","embeddable":true,"href":"https:\/\/noticiasribeiraopreto.com.br\/index.php\/wp-json\/wp\/v2\/categories?post=81130"},{"taxonomy":"post_tag","embeddable":true,"href":"https:\/\/noticiasribeiraopreto.com.br\/index.php\/wp-json\/wp\/v2\/tags?post=81130"}],"curies":[{"name":"wp","href":"https:\/\/api.w.org\/{rel}","templated":true}]}}