{"id":81132,"date":"2025-12-25T06:26:28","date_gmt":"2025-12-25T09:26:28","guid":{"rendered":"https:\/\/noticiasribeiraopreto.com.br\/index.php\/2025\/12\/25\/botafogo-aparece-na-34a-posicao-no-ranking-nacional-de-clubes-da-cbf\/"},"modified":"2025-12-25T06:26:28","modified_gmt":"2025-12-25T09:26:28","slug":"botafogo-aparece-na-34a-posicao-no-ranking-nacional-de-clubes-da-cbf","status":"publish","type":"post","link":"https:\/\/noticiasribeiraopreto.com.br\/index.php\/2025\/12\/25\/botafogo-aparece-na-34a-posicao-no-ranking-nacional-de-clubes-da-cbf\/","title":{"rendered":"Botafogo aparece na 34\u00aa posi\u00e7\u00e3o no ranking nacional de clubes da CBF"},"content":{"rendered":"<div class='code-block code-block-1' style='margin: 8px 0 8px auto; text-align: right; display: block; clear: both;'>\n<p><a href=\"https:\/\/wa.link\/vpicfd\"><img data-recalc-dims=\"1\" class=\"wp-image-4922\" style=\"aspect-ratio: 2.0253164556962027; width: 561px; height: auto;\" src=\"https:\/\/i0.wp.com\/ismaelcolosi.com.br\/wp-content\/uploads\/2023\/11\/grupo-de-empregos-whatsapp-e-facebook-ismael-colosi-vagas.jpg?ssl=1\" alt=\"\" \/><\/a><\/p>\n<!-- \/wp:image -->\n<\/div>\n<p> <br \/>\n<\/p>\n<div data-td-block-uid=\"tdi_95\">\n<div class=\"tdb-block-inner td-fix-index\">\n<p>A <strong><a href=\"https:\/\/www.cbf.com.br\/a-cbf\/noticias\/informes-cbf\/a\/cbf-divulga-ranking-nacional-de-clubes-e-de-federacoes-do-futebol-masculino-para-2026\" data-type=\"link\" data-id=\"https:\/\/www.cbf.com.br\/a-cbf\/noticias\/informes-cbf\/a\/cbf-divulga-ranking-nacional-de-clubes-e-de-federacoes-do-futebol-masculino-para-2026\" target=\"_blank\" rel=\"noopener\">CBF (Confedera\u00e7\u00e3o Brasileira de Futebol)<\/a><\/strong> divulgou nesta quarta-feira (24) a atualiza\u00e7\u00e3o do seu <strong>ranking nacional de clubes para 2026.<\/strong> O <strong>Botafogo de Ribeir\u00e3o Preto<\/strong> aparece na 34\u00aa coloca\u00e7\u00e3o, com 4.036 pontos \u2013 o Pantera \u00e9 a oitava equipe do estado de S\u00e3o Paulo.<\/p>\n<p>Atual campe\u00e3o brasileiro, o <strong>Flamengo<\/strong> segue na primeira coloca\u00e7\u00e3o. O <strong>Corinthians<\/strong>, vencedor da Copa do Brasil, deixou os rivais <strong>Palmeiras<\/strong> e <strong>S\u00e3o Paulo<\/strong> para tr\u00e1s e saltou para a vice-lideran\u00e7a.<\/p>\n<p>Os clubes alviverde e tricolor aparecem em terceiro e quinto lugar, respectivamente. O<strong> Santos<\/strong>, por sua vez, \u00e9 apenas o 16\u00ba colocado.<\/p>\n<h2 class=\"wp-block-heading\"><strong>O ranking<\/strong><\/h2>\n<p>O ranking de clubes da CBF leva em considera\u00e7\u00e3o o desempenho dos \u00faltimos cinco anos dos times das quatro divis\u00f5es nacionais e da Copa do Brasil, atribuindo pontos a cada posi\u00e7\u00e3o ou fase alcan\u00e7ada, em um sistema de pesos, em que os resultados mais recentes valem mais.<\/p>\n<h2 class=\"wp-block-heading\"><strong>Paulistas no ranking<\/strong><\/h2>\n<p>2\u00ba \u2013 Corinthians<\/p>\n<p>3\u00ba \u2013 Palmeiras<\/p>\n<p>5\u00ba \u2013 S\u00e3o Paulo<\/p>\n<p>15\u00ba \u2013 Red Bull Bragantino<\/p>\n<p>16\u00ba \u2013 Santos<\/p>\n<p>28\u00ba \u2013 Mirassol<\/p>\n<p>32\u00ba \u2013 Novorizontino<\/p>\n<p>34\u00aa \u2013 Botafogo<\/p>\n<p><a href=\"https:\/\/stcbfsiteprdimgbrs.blob.core.windows.net\/img-site\/cdn\/RNC_Ranking_Nacional_dos_Clubes_2026_27e24418e7.pdf\" data-type=\"link\" data-id=\"https:\/\/stcbfsiteprdimgbrs.blob.core.windows.net\/img-site\/cdn\/RNC_Ranking_Nacional_dos_Clubes_2026_27e24418e7.pdf\" target=\"_blank\" rel=\"noopener\">Clique aqui e veja o ranking completo.<\/a> \u00a0O Comercial n\u00e3o aparece no levantamento.<\/p>\n<p>SAIBA MAIS<br \/>Vai ao supermercado hoje? Veja os hor\u00e1rios na v\u00e9spera de Natal em Ribeir\u00e3o Preto<\/p>\n<h2 class=\"wp-block-heading\"><strong>FIQUE ON<\/strong><\/h2>\n<p>Fique ligado em tudo que acontece em Ribeir\u00e3o Preto e regi\u00e3o. Siga os perfis do\u00a0<strong>acidade on\u00a0<\/strong>no\u00a0<a href=\"https:\/\/www.instagram.com\/acidadeonribeirao\" target=\"_blank\" rel=\"noreferrer noopener\">Instagram\u00a0<\/a>e no<a href=\"https:\/\/www.facebook.com\/acidadeonribeirao\/\" target=\"_blank\" rel=\"noreferrer noopener\">\u00a0Facebook<\/a>.<\/p>\n<p>Receba not\u00edcias do<strong>\u00a0acidade on\u00a0<\/strong>no WhatsApp. Para entrar no grupo,\u00a0basta\u00a0<a href=\"https:\/\/chat.whatsapp.com\/GFH9HUMUTHNFJdnyEd0xxq\" target=\"_blank\" rel=\"noreferrer noopener\">clicar aqui<\/a>. Ou, acesse o nosso\u00a0Canal<a href=\"https:\/\/whatsapp.com\/channel\/0029Vb6IQl1JENyAeS57fk2p\" target=\"_blank\" rel=\"noreferrer noopener\">\u00a0clicando aqui<\/a>.<\/p>\n<p>Fa\u00e7a uma den\u00fancia ou sugira uma reportagem sobre Ribeir\u00e3o Preto e regi\u00e3o pelo WhatsApp: 16 99117 7802.<\/p>\n<p>VEJA TAMB\u00c9M<br \/>Bancos abrem hoje? Saiba como ser\u00e3o os hor\u00e1rios de funcionamento<\/p>\n<p><!-- AI CONTENT END 1 -->\n<\/div>\n<\/div>\n<p><script async src=\"\/\/www.instagram.com\/embed.js\"><\/script><br \/>\n<br \/><br \/>\n<br \/><a href=\"https:\/\/www.acidadeon.com\/ribeiraopreto\/esportes\/botafogo-aparece-na-34-posicao-no-ranking-nacional-de-clubes-da-cbf\/\">Source link <\/a><\/p>\n<!-- CONTENT END 1 -->\n","protected":false},"excerpt":{"rendered":"<p>A CBF (Confedera\u00e7\u00e3o Brasileira de Futebol) divulgou nesta quarta-feira (24) a atualiza\u00e7\u00e3o do seu ranking nacional de clubes para 2026. O Botafogo de Ribeir\u00e3o Preto&#8230;<\/p>\n","protected":false},"author":1,"featured_media":81133,"comment_status":"open","ping_status":"open","sticky":false,"template":"","format":"standard","meta":{"advanced_seo_description":"","jetpack_seo_html_title":"","jetpack_seo_noindex":false,"jetpack_post_was_ever_published":false,"_jetpack_newsletter_access":"","_jetpack_dont_email_post_to_subs":false,"_jetpack_newsletter_tier_id":0,"_jetpack_memberships_contains_paywalled_content":false,"_jetpack_memberships_contains_paid_content":false,"footnotes":"","jetpack_publicize_message":"","jetpack_publicize_feature_enabled":true,"jetpack_social_post_already_shared":true,"jetpack_social_options":{"image_generator_settings":{"template":"highway","default_image_id":0,"font":"","enabled":false},"version":2}},"categories":[11],"tags":[],"class_list":["post-81132","post","type-post","status-publish","format-standard","has-post-thumbnail","hentry","category-noticias-de-ribeirao-preto-sp-e-regiao-ismael-colosi"],"jetpack_publicize_connections":[],"jetpack_featured_media_url":"https:\/\/i0.wp.com\/noticiasribeiraopreto.com.br\/wp-content\/uploads\/2025\/12\/botafogo-de-ribeirao-preto_2025-12-24_20-21-27.webp.webp?fit=1200%2C800&ssl=1","jetpack-related-posts":[{"id":61523,"url":"https:\/\/noticiasribeiraopreto.com.br\/index.php\/2024\/12\/15\/botafogo-e-o-sexto-melhor-paulista-no-ranking-da-cbf-veja-a-lista\/","url_meta":{"origin":81132,"position":0},"title":"Botafogo \u00e9 o sexto melhor paulista no ranking da CBF; Veja a lista","author":"noticiasribeiraopreto.com.br","date":"15 de December de 2024","format":false,"excerpt":"O Botafogo \u00e9 a sexta melhor equipe do Estado de S\u00e3o Paulo no Ranking Nacional de Clubes 2025, divulgado pela CBF (Confedera\u00e7\u00e3o Brasileira de Futebol), na \u00faltima sexta-feira (13). A equipe de Ribeir\u00e3o Preto ganhou 10 posi\u00e7\u00f5es, em rela\u00e7\u00e3o ao ano passado, ficou \u00e0 frente de clubes como a Ponte\u2026","rel":"","context":"In &quot;Not\u00edcias de Ribeir\u00e3o Preto-SP e Regi\u00e3o&quot;","block_context":{"text":"Not\u00edcias de Ribeir\u00e3o Preto-SP e Regi\u00e3o","link":"https:\/\/noticiasribeiraopreto.com.br\/index.php\/category\/noticias-de-ribeirao-preto-sp-e-regiao-ismael-colosi\/"},"img":{"alt_text":"","src":"https:\/\/i0.wp.com\/noticiasribeiraopreto.com.br\/wp-content\/uploads\/2024\/12\/botafogo-arena_2024-12-15_17-13-24_jpg_2024-12-15_17-13-24.webp.webp?fit=1200%2C799&ssl=1&resize=350%2C200","width":350,"height":200,"srcset":"https:\/\/i0.wp.com\/noticiasribeiraopreto.com.br\/wp-content\/uploads\/2024\/12\/botafogo-arena_2024-12-15_17-13-24_jpg_2024-12-15_17-13-24.webp.webp?fit=1200%2C799&ssl=1&resize=350%2C200 1x, https:\/\/i0.wp.com\/noticiasribeiraopreto.com.br\/wp-content\/uploads\/2024\/12\/botafogo-arena_2024-12-15_17-13-24_jpg_2024-12-15_17-13-24.webp.webp?fit=1200%2C799&ssl=1&resize=525%2C300 1.5x, https:\/\/i0.wp.com\/noticiasribeiraopreto.com.br\/wp-content\/uploads\/2024\/12\/botafogo-arena_2024-12-15_17-13-24_jpg_2024-12-15_17-13-24.webp.webp?fit=1200%2C799&ssl=1&resize=700%2C400 2x, https:\/\/i0.wp.com\/noticiasribeiraopreto.com.br\/wp-content\/uploads\/2024\/12\/botafogo-arena_2024-12-15_17-13-24_jpg_2024-12-15_17-13-24.webp.webp?fit=1200%2C799&ssl=1&resize=1050%2C600 3x"},"classes":[]},{"id":81126,"url":"https:\/\/noticiasribeiraopreto.com.br\/index.php\/2025\/12\/24\/botafogo-ocupa-a-posicao-34-no-ranking-nacional-de-clubes-da-cbf\/","url_meta":{"origin":81132,"position":1},"title":"Botafogo ocupa a posi\u00e7\u00e3o 34 no ranking nacional de clubes da CBF","author":"noticiasribeiraopreto.com.br","date":"24 de December de 2025","format":false,"excerpt":"\r \r \r 24 de dezembro de 2025 12:0624 de dezembro de 2025 12:10 \r Compartilhar0 A CBF divulgou a lista com a nova posi\u00e7\u00e3o dos clubes e o Pantera aparece na posi\u00e7\u00e3o 34; Comercial n\u00e3o figura Igor Ramos O Botafogo teve a sua posi\u00e7\u00e3o no ranking nacional de clubes\u2026","rel":"","context":"In &quot;Not\u00edcias de Ribeir\u00e3o Preto-SP e Regi\u00e3o&quot;","block_context":{"text":"Not\u00edcias de Ribeir\u00e3o Preto-SP e Regi\u00e3o","link":"https:\/\/noticiasribeiraopreto.com.br\/index.php\/category\/noticias-de-ribeirao-preto-sp-e-regiao-ismael-colosi\/"},"img":{"alt_text":"","src":"https:\/\/i0.wp.com\/noticiasribeiraopreto.com.br\/wp-content\/uploads\/2025\/12\/torcida-do-botafogo.jpg?fit=622%2C350&ssl=1&resize=350%2C200","width":350,"height":200,"srcset":"https:\/\/i0.wp.com\/noticiasribeiraopreto.com.br\/wp-content\/uploads\/2025\/12\/torcida-do-botafogo.jpg?fit=622%2C350&ssl=1&resize=350%2C200 1x, https:\/\/i0.wp.com\/noticiasribeiraopreto.com.br\/wp-content\/uploads\/2025\/12\/torcida-do-botafogo.jpg?fit=622%2C350&ssl=1&resize=525%2C300 1.5x"},"classes":[]},{"id":81150,"url":"https:\/\/noticiasribeiraopreto.com.br\/index.php\/2025\/12\/25\/corinthians-ultrapassa-palmeiras-e-sao-paulo-e-assume-2a-lugar-do-ranking-da-cbf\/","url_meta":{"origin":81132,"position":2},"title":"Corinthians ultrapassa Palmeiras e S\u00e3o Paulo e assume 2\u00aa lugar do ranking da CBF","author":"noticiasribeiraopreto.com.br","date":"25 de December de 2025","format":false,"excerpt":"\r \r \r 25 de dezembro de 2025 07:3024 de dezembro de 2025 11:02 \r Compartilhar0 A Confedera\u00e7\u00e3o Brasileira de Futebol (CBF) divulgou nesta quarta-feira a atualiza\u00e7\u00e3o do seu ranking nacional de clubes, que \u00e9 utilizado para defini\u00e7\u00e3o de potes nos sorteios referentes \u00e0 Copa do Brasil. O Flamengo sustentou\u2026","rel":"","context":"In &quot;Not\u00edcias de Ribeir\u00e3o Preto-SP e Regi\u00e3o&quot;","block_context":{"text":"Not\u00edcias de Ribeir\u00e3o Preto-SP e Regi\u00e3o","link":"https:\/\/noticiasribeiraopreto.com.br\/index.php\/category\/noticias-de-ribeirao-preto-sp-e-regiao-ismael-colosi\/"},"img":{"alt_text":"","src":"https:\/\/i0.wp.com\/noticiasribeiraopreto.com.br\/wp-content\/uploads\/2025\/12\/jogadores_do_corinthians_celebram_a_conquista_da_koec.jpg?fit=941%2C748&ssl=1&resize=350%2C200","width":350,"height":200,"srcset":"https:\/\/i0.wp.com\/noticiasribeiraopreto.com.br\/wp-content\/uploads\/2025\/12\/jogadores_do_corinthians_celebram_a_conquista_da_koec.jpg?fit=941%2C748&ssl=1&resize=350%2C200 1x, https:\/\/i0.wp.com\/noticiasribeiraopreto.com.br\/wp-content\/uploads\/2025\/12\/jogadores_do_corinthians_celebram_a_conquista_da_koec.jpg?fit=941%2C748&ssl=1&resize=525%2C300 1.5x, https:\/\/i0.wp.com\/noticiasribeiraopreto.com.br\/wp-content\/uploads\/2025\/12\/jogadores_do_corinthians_celebram_a_conquista_da_koec.jpg?fit=941%2C748&ssl=1&resize=700%2C400 2x"},"classes":[]},{"id":70058,"url":"https:\/\/noticiasribeiraopreto.com.br\/index.php\/2025\/05\/22\/botafogo-anuncia-boicote-da-eleicao-da-cbf-veja-o-motivo\/","url_meta":{"origin":81132,"position":3},"title":"Botafogo anuncia boicote da elei\u00e7\u00e3o da CBF; Veja o motivo","author":"noticiasribeiraopreto.com.br","date":"22 de May de 2025","format":false,"excerpt":"O Botafogo de Ribeir\u00e3o Preto \u00e9 um dos 20 clubes que v\u00e3o boicotar a elei\u00e7\u00e3o da CBF (Confedera\u00e7\u00e3o Brasileira de Futebol), que acontece no pr\u00f3ximo domingo (25). O Pantera apoiava a candidatura do presidente da FPF (Federa\u00e7\u00e3o Paulista de Futebol (FPF), Reinaldo Carneiro Bastos, que n\u00e3o conseguiu registrar uma chapa.\u2026","rel":"","context":"In &quot;Not\u00edcias de Ribeir\u00e3o Preto-SP e Regi\u00e3o&quot;","block_context":{"text":"Not\u00edcias de Ribeir\u00e3o Preto-SP e Regi\u00e3o","link":"https:\/\/noticiasribeiraopreto.com.br\/index.php\/category\/noticias-de-ribeirao-preto-sp-e-regiao-ismael-colosi\/"},"img":{"alt_text":"","src":"https:\/\/i0.wp.com\/noticiasribeiraopreto.com.br\/wp-content\/uploads\/2024\/12\/botafogo-arena_2024-12-15_17-13-24_jpg_2024-12-15_17-13-24.webp.webp?fit=1200%2C799&ssl=1&resize=350%2C200","width":350,"height":200,"srcset":"https:\/\/i0.wp.com\/noticiasribeiraopreto.com.br\/wp-content\/uploads\/2024\/12\/botafogo-arena_2024-12-15_17-13-24_jpg_2024-12-15_17-13-24.webp.webp?fit=1200%2C799&ssl=1&resize=350%2C200 1x, https:\/\/i0.wp.com\/noticiasribeiraopreto.com.br\/wp-content\/uploads\/2024\/12\/botafogo-arena_2024-12-15_17-13-24_jpg_2024-12-15_17-13-24.webp.webp?fit=1200%2C799&ssl=1&resize=525%2C300 1.5x, https:\/\/i0.wp.com\/noticiasribeiraopreto.com.br\/wp-content\/uploads\/2024\/12\/botafogo-arena_2024-12-15_17-13-24_jpg_2024-12-15_17-13-24.webp.webp?fit=1200%2C799&ssl=1&resize=700%2C400 2x, https:\/\/i0.wp.com\/noticiasribeiraopreto.com.br\/wp-content\/uploads\/2024\/12\/botafogo-arena_2024-12-15_17-13-24_jpg_2024-12-15_17-13-24.webp.webp?fit=1200%2C799&ssl=1&resize=1050%2C600 3x"},"classes":[]},{"id":41502,"url":"https:\/\/noticiasribeiraopreto.com.br\/index.php\/2024\/03\/08\/botafogo-perde-gerente-de-futebol-para-selecao-brasileira-entenda\/","url_meta":{"origin":81132,"position":4},"title":"Botafogo perde gerente de futebol para sele\u00e7\u00e3o brasileira; Entenda","author":"noticiasribeiraopreto.com.br","date":"8 de March de 2024","format":false,"excerpt":"O gerente executivo de futebol do Botafogo, S\u00e9rgio Dimas, acertou a sa\u00edda do clube de Ribeir\u00e3o Preto para virar o supervisor geral de sele\u00e7\u00f5es masculinas da CBF (Confedera\u00e7\u00e3o Brasileira de Futebol). S\u00e9rgio Dimas foi indicado pelo novo t\u00e9cnico da sele\u00e7\u00e3o e, ex-jogador do Botafogo, Dorival J\u00fanior. \u201cO Botafogo Futebol SA\u2026","rel":"","context":"In &quot;Not\u00edcias de Ribeir\u00e3o Preto-SP e Regi\u00e3o&quot;","block_context":{"text":"Not\u00edcias de Ribeir\u00e3o Preto-SP e Regi\u00e3o","link":"https:\/\/noticiasribeiraopreto.com.br\/index.php\/category\/noticias-de-ribeirao-preto-sp-e-regiao-ismael-colosi\/"},"img":{"alt_text":"","src":"https:\/\/i0.wp.com\/noticiasribeiraopreto.com.br\/wp-content\/uploads\/2024\/03\/sergio-dimas.jpg?fit=960%2C539&ssl=1&resize=350%2C200","width":350,"height":200,"srcset":"https:\/\/i0.wp.com\/noticiasribeiraopreto.com.br\/wp-content\/uploads\/2024\/03\/sergio-dimas.jpg?fit=960%2C539&ssl=1&resize=350%2C200 1x, https:\/\/i0.wp.com\/noticiasribeiraopreto.com.br\/wp-content\/uploads\/2024\/03\/sergio-dimas.jpg?fit=960%2C539&ssl=1&resize=525%2C300 1.5x, https:\/\/i0.wp.com\/noticiasribeiraopreto.com.br\/wp-content\/uploads\/2024\/03\/sergio-dimas.jpg?fit=960%2C539&ssl=1&resize=700%2C400 2x"},"classes":[]},{"id":63290,"url":"https:\/\/noticiasribeiraopreto.com.br\/index.php\/2025\/02\/08\/botafogo-bate-o-velo-clube-e-conquista-primeira-vitoria-no-paulistao\/","url_meta":{"origin":81132,"position":5},"title":"Botafogo bate o Velo Clube e conquista primeira vit\u00f3ria no Paulist\u00e3o","author":"noticiasribeiraopreto.com.br","date":"8 de February de 2025","format":false,"excerpt":"Na tarde deste s\u00e1bado (8), o Botafogo venceu o Velo Clube por 1\u00d70, no est\u00e1dio Santa Cruz\/Nicnet, em Ribeir\u00e3o Preto e conquistou a sua primeira vit\u00f3ria no Paulist\u00e3o. O gol foi marcado pelo atacante Alexandre Jesus, aos 39 minutos do primeiro tempo. Com o resultado, o Pantera subiu para a\u2026","rel":"","context":"In &quot;Not\u00edcias de Ribeir\u00e3o Preto-SP e Regi\u00e3o&quot;","block_context":{"text":"Not\u00edcias de Ribeir\u00e3o Preto-SP e Regi\u00e3o","link":"https:\/\/noticiasribeiraopreto.com.br\/index.php\/category\/noticias-de-ribeirao-preto-sp-e-regiao-ismael-colosi\/"},"img":{"alt_text":"","src":"https:\/\/i0.wp.com\/noticiasribeiraopreto.com.br\/wp-content\/uploads\/2025\/02\/WhatsApp-Image-2025-02-08-at-17.08.02_2025-02-08_21-09-07_jpeg_2025-02-08_21-09-07.webp.webp?fit=1200%2C800&ssl=1&resize=350%2C200","width":350,"height":200,"srcset":"https:\/\/i0.wp.com\/noticiasribeiraopreto.com.br\/wp-content\/uploads\/2025\/02\/WhatsApp-Image-2025-02-08-at-17.08.02_2025-02-08_21-09-07_jpeg_2025-02-08_21-09-07.webp.webp?fit=1200%2C800&ssl=1&resize=350%2C200 1x, https:\/\/i0.wp.com\/noticiasribeiraopreto.com.br\/wp-content\/uploads\/2025\/02\/WhatsApp-Image-2025-02-08-at-17.08.02_2025-02-08_21-09-07_jpeg_2025-02-08_21-09-07.webp.webp?fit=1200%2C800&ssl=1&resize=525%2C300 1.5x, https:\/\/i0.wp.com\/noticiasribeiraopreto.com.br\/wp-content\/uploads\/2025\/02\/WhatsApp-Image-2025-02-08-at-17.08.02_2025-02-08_21-09-07_jpeg_2025-02-08_21-09-07.webp.webp?fit=1200%2C800&ssl=1&resize=700%2C400 2x, https:\/\/i0.wp.com\/noticiasribeiraopreto.com.br\/wp-content\/uploads\/2025\/02\/WhatsApp-Image-2025-02-08-at-17.08.02_2025-02-08_21-09-07_jpeg_2025-02-08_21-09-07.webp.webp?fit=1200%2C800&ssl=1&resize=1050%2C600 3x"},"classes":[]}],"jetpack_sharing_enabled":true,"jetpack_shortlink":"https:\/\/wp.me\/peQAOb-l6A","_links":{"self":[{"href":"https:\/\/noticiasribeiraopreto.com.br\/index.php\/wp-json\/wp\/v2\/posts\/81132","targetHints":{"allow":["GET"]}}],"collection":[{"href":"https:\/\/noticiasribeiraopreto.com.br\/index.php\/wp-json\/wp\/v2\/posts"}],"about":[{"href":"https:\/\/noticiasribeiraopreto.com.br\/index.php\/wp-json\/wp\/v2\/types\/post"}],"author":[{"embeddable":true,"href":"https:\/\/noticiasribeiraopreto.com.br\/index.php\/wp-json\/wp\/v2\/users\/1"}],"replies":[{"embeddable":true,"href":"https:\/\/noticiasribeiraopreto.com.br\/index.php\/wp-json\/wp\/v2\/comments?post=81132"}],"version-history":[{"count":0,"href":"https:\/\/noticiasribeiraopreto.com.br\/index.php\/wp-json\/wp\/v2\/posts\/81132\/revisions"}],"wp:featuredmedia":[{"embeddable":true,"href":"https:\/\/noticiasribeiraopreto.com.br\/index.php\/wp-json\/wp\/v2\/media\/81133"}],"wp:attachment":[{"href":"https:\/\/noticiasribeiraopreto.com.br\/index.php\/wp-json\/wp\/v2\/media?parent=81132"}],"wp:term":[{"taxonomy":"category","embeddable":true,"href":"https:\/\/noticiasribeiraopreto.com.br\/index.php\/wp-json\/wp\/v2\/categories?post=81132"},{"taxonomy":"post_tag","embeddable":true,"href":"https:\/\/noticiasribeiraopreto.com.br\/index.php\/wp-json\/wp\/v2\/tags?post=81132"}],"curies":[{"name":"wp","href":"https:\/\/api.w.org\/{rel}","templated":true}]}}