{"id":81134,"date":"2025-12-25T06:35:06","date_gmt":"2025-12-25T09:35:06","guid":{"rendered":"https:\/\/noticiasribeiraopreto.com.br\/index.php\/2025\/12\/25\/veja-como-fazer-a-inscricao-na-programacao-de-ferias-do-sesi-em-ribeirao-preto\/"},"modified":"2025-12-25T06:35:06","modified_gmt":"2025-12-25T09:35:06","slug":"veja-como-fazer-a-inscricao-na-programacao-de-ferias-do-sesi-em-ribeirao-preto","status":"publish","type":"post","link":"https:\/\/noticiasribeiraopreto.com.br\/index.php\/2025\/12\/25\/veja-como-fazer-a-inscricao-na-programacao-de-ferias-do-sesi-em-ribeirao-preto\/","title":{"rendered":"Veja como fazer a inscri\u00e7\u00e3o na programa\u00e7\u00e3o de f\u00e9rias do Sesi em Ribeir\u00e3o Preto"},"content":{"rendered":"<div class='code-block code-block-1' style='margin: 8px 0 8px auto; text-align: right; display: block; clear: both;'>\n<p><a href=\"https:\/\/wa.link\/vpicfd\"><img data-recalc-dims=\"1\" class=\"wp-image-4922\" style=\"aspect-ratio: 2.0253164556962027; width: 561px; height: auto;\" src=\"https:\/\/i0.wp.com\/ismaelcolosi.com.br\/wp-content\/uploads\/2023\/11\/grupo-de-empregos-whatsapp-e-facebook-ismael-colosi-vagas.jpg?ssl=1\" alt=\"\" \/><\/a><\/p>\n<!-- \/wp:image -->\n<\/div>\n<p> <br \/>\n<\/p>\n<div data-td-block-uid=\"tdi_95\">\n<div class=\"tdb-block-inner td-fix-index\">\n<p>O programa<strong> Super F\u00e9rias do Sesi-SP<\/strong> est\u00e1 com o agendamento aberto para as inscri\u00e7\u00f5es em Ribeir\u00e3o Preto. A programa\u00e7\u00e3o \u00e9 voltada para crian\u00e7as de 6 a 12 anos e custa a partir de R$ 180 por semana.<\/p>\n<p>Nesta edi\u00e7\u00e3o, o tema \u00e9 \u201cJogos e Brincadeiras do Mundo\u201d, uma proposta que convida as crian\u00e7as a embarcarem em uma verdadeira viagem cultural, descobrindo como o ato de brincar conecta pessoas de diferentes pa\u00edses e gera\u00e7\u00f5es.<\/p>\n<p>O programa tamb\u00e9m tem como objetivo estimular a integra\u00e7\u00e3o entre as crian\u00e7as, refor\u00e7ar o esp\u00edrito comunit\u00e1rio e despertar a criatividade e a imagina\u00e7\u00e3o por meio de experi\u00eancias educativas e culturais.<\/p>\n<p>Com uma abordagem leve e envolvente, o Super F\u00e9rias \u00e9 uma das iniciativas mais aguardadas pelas fam\u00edlias, consolidando-se como um espa\u00e7o seguro e inspirador para o desenvolvimento infantil durante as f\u00e9rias escolares.<\/p>\n<h2 class=\"wp-block-heading\"><strong>Programa\u00e7\u00e3o<\/strong><\/h2>\n<figure class=\"wp-block-image size-large\"><img data-recalc-dims=\"1\" fetchpriority=\"high\" decoding=\"async\" width=\"1024\" height=\"683\" src=\"https:\/\/i0.wp.com\/cdn.media-acidadeon.com.br\/ribeiraopreto\/wp-content\/uploads\/sites\/3\/2025\/12\/ferias-sesi-ribeirao_2025-12-24_19-18-43-1024x683.webp?resize=1024%2C683&#038;ssl=1\" alt=\"ferias sesi ribeirao 2025 12 24 19 18 43\" class=\"wp-image-140261\" title=\"Veja como fazer a inscri\u00e7\u00e3o na programa\u00e7\u00e3o de f\u00e9rias do Sesi em Ribeir\u00e3o Preto 1\" srcset=\"https:\/\/cdn.media-acidadeon.com.br\/ribeiraopreto\/wp-content\/uploads\/sites\/3\/2025\/12\/ferias-sesi-ribeirao_2025-12-24_19-18-43-1024x683.webp 1024w, https:\/\/cdn.media-acidadeon.com.br\/ribeiraopreto\/wp-content\/uploads\/sites\/3\/2025\/12\/ferias-sesi-ribeirao_2025-12-24_19-18-43-300x200.webp 300w, https:\/\/cdn.media-acidadeon.com.br\/ribeiraopreto\/wp-content\/uploads\/sites\/3\/2025\/12\/ferias-sesi-ribeirao_2025-12-24_19-18-43-768x512.webp 768w, https:\/\/cdn.media-acidadeon.com.br\/ribeiraopreto\/wp-content\/uploads\/sites\/3\/2025\/12\/ferias-sesi-ribeirao_2025-12-24_19-18-43-696x464.webp 696w, https:\/\/cdn.media-acidadeon.com.br\/ribeiraopreto\/wp-content\/uploads\/sites\/3\/2025\/12\/ferias-sesi-ribeirao_2025-12-24_19-18-43-1068x712.webp 1068w, https:\/\/cdn.media-acidadeon.com.br\/ribeiraopreto\/wp-content\/uploads\/sites\/3\/2025\/12\/ferias-sesi-ribeirao_2025-12-24_19-18-43.webp 1200w\" sizes=\"(max-width: 1024px) 100vw, 1024px\"\/><figcaption class=\"wp-element-caption\">Sesi Ribeir\u00e3o Preto recebe as atividades no per\u00edodo entre 19 a 30 de janeiro (Foto: divulga\u00e7\u00e3o\/Sesi)<\/figcaption><\/figure>\n<p>O Sesi Ribeir\u00e3o Preto recebe as atividades no per\u00edodo entre 19 a 30 de janeiro, sempre das 13h30 \u00e0s 17h30. Os valores s\u00e3o:<\/p>\n<ul class=\"wp-block-list\">\n<li>Op\u00e7\u00f5es semanal (R$180) com 10% de desconto para irm\u00e3os (n\u00e3o cumulativo);<\/li>\n<\/ul>\n<ul class=\"wp-block-list\">\n<li>per\u00edodo completo (R$ 324).<\/li>\n<\/ul>\n<h2 class=\"wp-block-heading\"><strong>Inscri\u00e7\u00f5es<\/strong><\/h2>\n<p>Em Ribeir\u00e3o Preto, o per\u00edodo de inscri\u00e7\u00f5es come\u00e7a no dia 5 de janeiro, sendo preciso reservar um hor\u00e1rio de atendimento na secretaria por meio da agenda digital (<a href=\"https:\/\/ribeiraopreto.sesisp.org.br\/super-ferias-2026\" data-type=\"link\" data-id=\"https:\/\/ribeiraopreto.sesisp.org.br\/super-ferias-2026\" target=\"_blank\" rel=\"noopener\">clique aqui<\/a>).<\/p>\n<h2 class=\"wp-block-heading\"><strong>Servi\u00e7o<\/strong><\/h2>\n<p><strong>Super F\u00e9rias Sesi Ribeir\u00e3o Preto<br \/>Quando: <\/strong>19 a 30 de janeiro, das 15h \u00e0s 17h<br \/><strong>Onde: <\/strong>CAT Sesi Ribeir\u00e3o Preto \u2013 R. Artur Jos\u00e9 Suzana, S\/N \u2013 Jd. Castelo Branco<\/p>\n<p>SAIBA MAIS<br \/>Vai ao supermercado hoje? Veja os hor\u00e1rios na v\u00e9spera de Natal em Ribeir\u00e3o Preto<\/p>\n<h2 class=\"wp-block-heading\"><strong>FIQUE ON<\/strong><\/h2>\n<p>Fique ligado em tudo que acontece em Ribeir\u00e3o Preto e regi\u00e3o. Siga os perfis do\u00a0<strong>acidade on\u00a0<\/strong>no\u00a0<a href=\"https:\/\/www.instagram.com\/acidadeonribeirao\" target=\"_blank\" rel=\"noreferrer noopener\">Instagram\u00a0<\/a>e no<a href=\"https:\/\/www.facebook.com\/acidadeonribeirao\/\" target=\"_blank\" rel=\"noreferrer noopener\">\u00a0Facebook<\/a>.<\/p>\n<p>Receba not\u00edcias do<strong>\u00a0acidade on\u00a0<\/strong>no WhatsApp. Para entrar no grupo,\u00a0basta\u00a0<a href=\"https:\/\/chat.whatsapp.com\/GFH9HUMUTHNFJdnyEd0xxq\" target=\"_blank\" rel=\"noreferrer noopener\">clicar aqui<\/a>. Ou, acesse o nosso\u00a0Canal<a href=\"https:\/\/whatsapp.com\/channel\/0029Vb6IQl1JENyAeS57fk2p\" target=\"_blank\" rel=\"noreferrer noopener\">\u00a0clicando aqui<\/a>.<\/p>\n<p>Fa\u00e7a uma den\u00fancia ou sugira uma reportagem sobre Ribeir\u00e3o Preto e regi\u00e3o pelo WhatsApp: 16 99117 7802.<\/p>\n<p>VEJA TAMB\u00c9M<br \/>Bancos abrem hoje? Saiba como ser\u00e3o os hor\u00e1rios de funcionamento<\/p>\n<p><!-- AI CONTENT END 1 -->\n<\/div>\n<\/div>\n<p><script async src=\"\/\/www.instagram.com\/embed.js\"><\/script><br \/>\n<br \/><br \/>\n<br \/><a href=\"https:\/\/www.acidadeon.com\/ribeiraopreto\/lazer-e-cultura\/veja-como-fazer-a-inscricao-na-programacao-de-ferias-do-sesi-em-ribeirao-preto\/\">Source link <\/a><\/p>\n<!-- CONTENT END 1 -->\n","protected":false},"excerpt":{"rendered":"<p>O programa Super F\u00e9rias do Sesi-SP est\u00e1 com o agendamento aberto para as inscri\u00e7\u00f5es em Ribeir\u00e3o Preto. A programa\u00e7\u00e3o \u00e9 voltada para crian\u00e7as de 6&#8230;<\/p>\n","protected":false},"author":1,"featured_media":81135,"comment_status":"open","ping_status":"open","sticky":false,"template":"","format":"standard","meta":{"advanced_seo_description":"","jetpack_seo_html_title":"","jetpack_seo_noindex":false,"jetpack_post_was_ever_published":false,"_jetpack_newsletter_access":"","_jetpack_dont_email_post_to_subs":false,"_jetpack_newsletter_tier_id":0,"_jetpack_memberships_contains_paywalled_content":false,"_jetpack_memberships_contains_paid_content":false,"footnotes":"","jetpack_publicize_message":"","jetpack_publicize_feature_enabled":true,"jetpack_social_post_already_shared":true,"jetpack_social_options":{"image_generator_settings":{"template":"highway","default_image_id":0,"font":"","enabled":false},"version":2}},"categories":[11],"tags":[],"class_list":["post-81134","post","type-post","status-publish","format-standard","has-post-thumbnail","hentry","category-noticias-de-ribeirao-preto-sp-e-regiao-ismael-colosi"],"jetpack_publicize_connections":[],"jetpack_featured_media_url":"https:\/\/i0.wp.com\/noticiasribeiraopreto.com.br\/wp-content\/uploads\/2025\/12\/ferias-sesi-ribeirao-capa_2025-12-24_19-18-00.webp.webp?fit=1200%2C800&ssl=1","jetpack-related-posts":[{"id":81520,"url":"https:\/\/noticiasribeiraopreto.com.br\/index.php\/2026\/01\/08\/guia-de-ferias-veja-o-que-fazer-com-as-criancas-sem-sair-de-ribeirao-preto\/","url_meta":{"origin":81134,"position":0},"title":"Guia de f\u00e9rias: veja o que fazer com as crian\u00e7as sem sair de Ribeir\u00e3o Preto","author":"noticiasribeiraopreto.com.br","date":"8 de January de 2026","format":false,"excerpt":"As f\u00e9rias escolares j\u00e1 come\u00e7aram e muitos pais buscam alternativas para entreter as crian\u00e7as sem precisar viajar. Em Ribeir\u00e3o Preto, shoppings da cidade oferecem uma programa\u00e7\u00e3o especial com teatro infantil, conta\u00e7\u00e3o de hist\u00f3rias e jogos educativos, unindo divers\u00e3o, aprendizado e atividades longe das telas. Os parques municipais ampliam as op\u00e7\u00f5es\u2026","rel":"","context":"In &quot;Not\u00edcias de Ribeir\u00e3o Preto-SP e Regi\u00e3o&quot;","block_context":{"text":"Not\u00edcias de Ribeir\u00e3o Preto-SP e Regi\u00e3o","link":"https:\/\/noticiasribeiraopreto.com.br\/index.php\/category\/noticias-de-ribeirao-preto-sp-e-regiao-ismael-colosi\/"},"img":{"alt_text":"","src":"https:\/\/i0.wp.com\/noticiasribeiraopreto.com.br\/wp-content\/uploads\/2026\/01\/domingo-27_2026-01-07_19-12-03.webp.webp?fit=1200%2C675&ssl=1&resize=350%2C200","width":350,"height":200,"srcset":"https:\/\/i0.wp.com\/noticiasribeiraopreto.com.br\/wp-content\/uploads\/2026\/01\/domingo-27_2026-01-07_19-12-03.webp.webp?fit=1200%2C675&ssl=1&resize=350%2C200 1x, https:\/\/i0.wp.com\/noticiasribeiraopreto.com.br\/wp-content\/uploads\/2026\/01\/domingo-27_2026-01-07_19-12-03.webp.webp?fit=1200%2C675&ssl=1&resize=525%2C300 1.5x, https:\/\/i0.wp.com\/noticiasribeiraopreto.com.br\/wp-content\/uploads\/2026\/01\/domingo-27_2026-01-07_19-12-03.webp.webp?fit=1200%2C675&ssl=1&resize=700%2C400 2x, https:\/\/i0.wp.com\/noticiasribeiraopreto.com.br\/wp-content\/uploads\/2026\/01\/domingo-27_2026-01-07_19-12-03.webp.webp?fit=1200%2C675&ssl=1&resize=1050%2C600 3x"},"classes":[]},{"id":61763,"url":"https:\/\/noticiasribeiraopreto.com.br\/index.php\/2024\/12\/21\/verao-ta-on-o-que-fazer-com-as-criancas-nas-ferias\/","url_meta":{"origin":81134,"position":1},"title":"&#8216;Ver\u00e3o T\u00e1 ON&#8217;: O que fazer com as crian\u00e7as nas f\u00e9rias?","author":"noticiasribeiraopreto.com.br","date":"21 de December de 2024","format":false,"excerpt":"Temperatura alta e crian\u00e7as em casa: J\u00e1 est\u00e1 preparado para o ver\u00e3o? Uma das esta\u00e7\u00f5es mais aguardadas do ano come\u00e7a oficialmente neste s\u00e1bado (21) e, com ela, a chance da crian\u00e7ada descansar da rotina escolar e se divertir com atividades que estimulem o aprendizado de maneira descontra\u00edda. Em Ribeir\u00e3o Preto\u2026","rel":"","context":"In &quot;Not\u00edcias de Ribeir\u00e3o Preto-SP e Regi\u00e3o&quot;","block_context":{"text":"Not\u00edcias de Ribeir\u00e3o Preto-SP e Regi\u00e3o","link":"https:\/\/noticiasribeiraopreto.com.br\/index.php\/category\/noticias-de-ribeirao-preto-sp-e-regiao-ismael-colosi\/"},"img":{"alt_text":"","src":"https:\/\/i0.wp.com\/noticiasribeiraopreto.com.br\/wp-content\/uploads\/2024\/12\/Copia-de-Copia-de-Copia-de-TAMANHO-EXATO-PARA-FOTOS-NO-SISTEMA-NOVO-2024-12-20T165409.338_2024-12-20_19-54-14_png_2024-12-20_19-54-14.webp.webp?fit=1200%2C675&ssl=1&resize=350%2C200","width":350,"height":200,"srcset":"https:\/\/i0.wp.com\/noticiasribeiraopreto.com.br\/wp-content\/uploads\/2024\/12\/Copia-de-Copia-de-Copia-de-TAMANHO-EXATO-PARA-FOTOS-NO-SISTEMA-NOVO-2024-12-20T165409.338_2024-12-20_19-54-14_png_2024-12-20_19-54-14.webp.webp?fit=1200%2C675&ssl=1&resize=350%2C200 1x, https:\/\/i0.wp.com\/noticiasribeiraopreto.com.br\/wp-content\/uploads\/2024\/12\/Copia-de-Copia-de-Copia-de-TAMANHO-EXATO-PARA-FOTOS-NO-SISTEMA-NOVO-2024-12-20T165409.338_2024-12-20_19-54-14_png_2024-12-20_19-54-14.webp.webp?fit=1200%2C675&ssl=1&resize=525%2C300 1.5x, https:\/\/i0.wp.com\/noticiasribeiraopreto.com.br\/wp-content\/uploads\/2024\/12\/Copia-de-Copia-de-Copia-de-TAMANHO-EXATO-PARA-FOTOS-NO-SISTEMA-NOVO-2024-12-20T165409.338_2024-12-20_19-54-14_png_2024-12-20_19-54-14.webp.webp?fit=1200%2C675&ssl=1&resize=700%2C400 2x, https:\/\/i0.wp.com\/noticiasribeiraopreto.com.br\/wp-content\/uploads\/2024\/12\/Copia-de-Copia-de-Copia-de-TAMANHO-EXATO-PARA-FOTOS-NO-SISTEMA-NOVO-2024-12-20T165409.338_2024-12-20_19-54-14_png_2024-12-20_19-54-14.webp.webp?fit=1200%2C675&ssl=1&resize=1050%2C600 3x"},"classes":[]},{"id":70452,"url":"https:\/\/noticiasribeiraopreto.com.br\/index.php\/2025\/05\/26\/ribeirao-preto-oferece-atividades-recreativas-para-criancas-durante-as-ferias-saiba-como-participar\/","url_meta":{"origin":81134,"position":2},"title":"Ribeir\u00e3o Preto oferece atividades recreativas para crian\u00e7as durante as f\u00e9rias; saiba como participar","author":"noticiasribeiraopreto.com.br","date":"26 de May de 2025","format":false,"excerpt":"A Prefeitura de Ribeir\u00e3o Preto abriu nesta segunda-feira (26) as inscri\u00e7\u00f5es para as atividades de f\u00e9rias voltadas \u00e0s crian\u00e7as da Educa\u00e7\u00e3o Infantil (0 a 5 anos). A programa\u00e7\u00e3o acontece durante o recesso escolar de julho, entre os dias 10 e 23. As inscri\u00e7\u00f5es podem ser feitas at\u00e9 o dia 8\u2026","rel":"","context":"In &quot;Not\u00edcias de Ribeir\u00e3o Preto-SP e Regi\u00e3o&quot;","block_context":{"text":"Not\u00edcias de Ribeir\u00e3o Preto-SP e Regi\u00e3o","link":"https:\/\/noticiasribeiraopreto.com.br\/index.php\/category\/noticias-de-ribeirao-preto-sp-e-regiao-ismael-colosi\/"},"img":{"alt_text":"","src":"https:\/\/i0.wp.com\/noticiasribeiraopreto.com.br\/wp-content\/uploads\/2025\/05\/unidadespolo_2.capa__2025-05-26_13-24-19.webp.webp?fit=1000%2C666&ssl=1&resize=350%2C200","width":350,"height":200,"srcset":"https:\/\/i0.wp.com\/noticiasribeiraopreto.com.br\/wp-content\/uploads\/2025\/05\/unidadespolo_2.capa__2025-05-26_13-24-19.webp.webp?fit=1000%2C666&ssl=1&resize=350%2C200 1x, https:\/\/i0.wp.com\/noticiasribeiraopreto.com.br\/wp-content\/uploads\/2025\/05\/unidadespolo_2.capa__2025-05-26_13-24-19.webp.webp?fit=1000%2C666&ssl=1&resize=525%2C300 1.5x, https:\/\/i0.wp.com\/noticiasribeiraopreto.com.br\/wp-content\/uploads\/2025\/05\/unidadespolo_2.capa__2025-05-26_13-24-19.webp.webp?fit=1000%2C666&ssl=1&resize=700%2C400 2x"},"classes":[]},{"id":73832,"url":"https:\/\/noticiasribeiraopreto.com.br\/index.php\/2025\/07\/10\/teatro-literatura-e-oficinas-confira-programacao-de-ferias-do-sesi-ribeirao-preto\/","url_meta":{"origin":81134,"position":3},"title":"Teatro, literatura e oficinas: Confira programa\u00e7\u00e3o de f\u00e9rias do Sesi Ribeir\u00e3o Preto","author":"noticiasribeiraopreto.com.br","date":"10 de July de 2025","format":false,"excerpt":"O Sesi Ribeir\u00e3o Preto oferece durante o m\u00eas de julho uma programa\u00e7\u00e3o especial de f\u00e9rias, com teatro, conta\u00e7\u00e3o de hist\u00f3rias e oficinas para as crian\u00e7as e jovens de todas as idades. Os ingressos s\u00e3o gratuitos e devem ser reservados antecipadamente pelo site oficial do Sesi (clique aqui). O que mora\u2026","rel":"","context":"In &quot;Not\u00edcias de Ribeir\u00e3o Preto-SP e Regi\u00e3o&quot;","block_context":{"text":"Not\u00edcias de Ribeir\u00e3o Preto-SP e Regi\u00e3o","link":"https:\/\/noticiasribeiraopreto.com.br\/index.php\/category\/noticias-de-ribeirao-preto-sp-e-regiao-ismael-colosi\/"},"img":{"alt_text":"","src":"https:\/\/i0.wp.com\/noticiasribeiraopreto.com.br\/wp-content\/uploads\/2025\/07\/california-volks-1_2025-07-10_16-12-12.webp.webp?fit=1200%2C675&ssl=1&resize=350%2C200","width":350,"height":200,"srcset":"https:\/\/i0.wp.com\/noticiasribeiraopreto.com.br\/wp-content\/uploads\/2025\/07\/california-volks-1_2025-07-10_16-12-12.webp.webp?fit=1200%2C675&ssl=1&resize=350%2C200 1x, https:\/\/i0.wp.com\/noticiasribeiraopreto.com.br\/wp-content\/uploads\/2025\/07\/california-volks-1_2025-07-10_16-12-12.webp.webp?fit=1200%2C675&ssl=1&resize=525%2C300 1.5x, https:\/\/i0.wp.com\/noticiasribeiraopreto.com.br\/wp-content\/uploads\/2025\/07\/california-volks-1_2025-07-10_16-12-12.webp.webp?fit=1200%2C675&ssl=1&resize=700%2C400 2x, https:\/\/i0.wp.com\/noticiasribeiraopreto.com.br\/wp-content\/uploads\/2025\/07\/california-volks-1_2025-07-10_16-12-12.webp.webp?fit=1200%2C675&ssl=1&resize=1050%2C600 3x"},"classes":[]},{"id":27216,"url":"https:\/\/noticiasribeiraopreto.com.br\/index.php\/2024\/01\/11\/shopping-da-zona-sul-de-ribeirao-oferece-atividades-gratuitas-durante-as-ferias-veja-a-programacao\/","url_meta":{"origin":81134,"position":4},"title":"Shopping da zona Sul de Ribeir\u00e3o oferece atividades gratuitas durante as f\u00e9rias; Veja a programa\u00e7\u00e3o","author":"noticiasribeiraopreto.com.br","date":"11 de January de 2024","format":false,"excerpt":"A programa\u00e7\u00e3o especial de f\u00e9rias do Shopping Iguatemi, na zona Sul de Ribeir\u00e3o Preto, come\u00e7ou nesta quinta-feira (11). Com diversas atividades gratuitas e diferentes, as crian\u00e7as poder\u00e3o se divertir durante todo o m\u00eas de janeiro. Al\u00e9m disso, o projeto \u2018Domingo \u00e9 Dia de Teatro\u2019, ser\u00e1 respons\u00e1vel pela apresenta\u00e7\u00e3o de tr\u00eas\u2026","rel":"","context":"In &quot;Not\u00edcias de Ribeir\u00e3o Preto-SP e Regi\u00e3o&quot;","block_context":{"text":"Not\u00edcias de Ribeir\u00e3o Preto-SP e Regi\u00e3o","link":"https:\/\/noticiasribeiraopreto.com.br\/index.php\/category\/noticias-de-ribeirao-preto-sp-e-regiao-ismael-colosi\/"},"img":{"alt_text":"","src":"https:\/\/i0.wp.com\/noticiasribeiraopreto.com.br\/wp-content\/uploads\/2024\/01\/52e469f810c04d97c50c8bd28e7065b2low.jpeg?fit=800%2C533&ssl=1&resize=350%2C200","width":350,"height":200,"srcset":"https:\/\/i0.wp.com\/noticiasribeiraopreto.com.br\/wp-content\/uploads\/2024\/01\/52e469f810c04d97c50c8bd28e7065b2low.jpeg?fit=800%2C533&ssl=1&resize=350%2C200 1x, https:\/\/i0.wp.com\/noticiasribeiraopreto.com.br\/wp-content\/uploads\/2024\/01\/52e469f810c04d97c50c8bd28e7065b2low.jpeg?fit=800%2C533&ssl=1&resize=525%2C300 1.5x, https:\/\/i0.wp.com\/noticiasribeiraopreto.com.br\/wp-content\/uploads\/2024\/01\/52e469f810c04d97c50c8bd28e7065b2low.jpeg?fit=800%2C533&ssl=1&resize=700%2C400 2x"},"classes":[]},{"id":28066,"url":"https:\/\/noticiasribeiraopreto.com.br\/index.php\/2024\/01\/14\/casa-da-memoria-italiana-tem-programacao-gratuita-para-as-ferias-em-ribeirao-preto\/","url_meta":{"origin":81134,"position":5},"title":"Casa da Mem\u00f3ria Italiana tem programa\u00e7\u00e3o gratuita para as f\u00e9rias em Ribeir\u00e3o Preto","author":"noticiasribeiraopreto.com.br","date":"14 de January de 2024","format":false,"excerpt":"O Museu Casa da Mem\u00f3ria Italiana, em Ribeir\u00e3o Preto, anunciou uma programa\u00e7\u00e3o especial de f\u00e9rias nos dias 20 e 27 de janeiro. A a\u00e7\u00e3o faz parte do in\u00edcio da celebra\u00e7\u00e3o dos 150 anos da imigra\u00e7\u00e3o italiana no Brasil. Voltada para crian\u00e7as de 6 a 12 anos, o museu pretende unir\u2026","rel":"","context":"In &quot;Not\u00edcias de Ribeir\u00e3o Preto-SP e Regi\u00e3o&quot;","block_context":{"text":"Not\u00edcias de Ribeir\u00e3o Preto-SP e Regi\u00e3o","link":"https:\/\/noticiasribeiraopreto.com.br\/index.php\/category\/noticias-de-ribeirao-preto-sp-e-regiao-ismael-colosi\/"},"img":{"alt_text":"","src":"https:\/\/i0.wp.com\/noticiasribeiraopreto.com.br\/wp-content\/uploads\/2024\/01\/WhatsApp-Image-2024-01-12-at-15.11.37.jpeg?fit=1200%2C675&ssl=1&resize=350%2C200","width":350,"height":200,"srcset":"https:\/\/i0.wp.com\/noticiasribeiraopreto.com.br\/wp-content\/uploads\/2024\/01\/WhatsApp-Image-2024-01-12-at-15.11.37.jpeg?fit=1200%2C675&ssl=1&resize=350%2C200 1x, https:\/\/i0.wp.com\/noticiasribeiraopreto.com.br\/wp-content\/uploads\/2024\/01\/WhatsApp-Image-2024-01-12-at-15.11.37.jpeg?fit=1200%2C675&ssl=1&resize=525%2C300 1.5x, https:\/\/i0.wp.com\/noticiasribeiraopreto.com.br\/wp-content\/uploads\/2024\/01\/WhatsApp-Image-2024-01-12-at-15.11.37.jpeg?fit=1200%2C675&ssl=1&resize=700%2C400 2x, https:\/\/i0.wp.com\/noticiasribeiraopreto.com.br\/wp-content\/uploads\/2024\/01\/WhatsApp-Image-2024-01-12-at-15.11.37.jpeg?fit=1200%2C675&ssl=1&resize=1050%2C600 3x"},"classes":[]}],"jetpack_sharing_enabled":true,"jetpack_shortlink":"https:\/\/wp.me\/peQAOb-l6C","_links":{"self":[{"href":"https:\/\/noticiasribeiraopreto.com.br\/index.php\/wp-json\/wp\/v2\/posts\/81134","targetHints":{"allow":["GET"]}}],"collection":[{"href":"https:\/\/noticiasribeiraopreto.com.br\/index.php\/wp-json\/wp\/v2\/posts"}],"about":[{"href":"https:\/\/noticiasribeiraopreto.com.br\/index.php\/wp-json\/wp\/v2\/types\/post"}],"author":[{"embeddable":true,"href":"https:\/\/noticiasribeiraopreto.com.br\/index.php\/wp-json\/wp\/v2\/users\/1"}],"replies":[{"embeddable":true,"href":"https:\/\/noticiasribeiraopreto.com.br\/index.php\/wp-json\/wp\/v2\/comments?post=81134"}],"version-history":[{"count":0,"href":"https:\/\/noticiasribeiraopreto.com.br\/index.php\/wp-json\/wp\/v2\/posts\/81134\/revisions"}],"wp:featuredmedia":[{"embeddable":true,"href":"https:\/\/noticiasribeiraopreto.com.br\/index.php\/wp-json\/wp\/v2\/media\/81135"}],"wp:attachment":[{"href":"https:\/\/noticiasribeiraopreto.com.br\/index.php\/wp-json\/wp\/v2\/media?parent=81134"}],"wp:term":[{"taxonomy":"category","embeddable":true,"href":"https:\/\/noticiasribeiraopreto.com.br\/index.php\/wp-json\/wp\/v2\/categories?post=81134"},{"taxonomy":"post_tag","embeddable":true,"href":"https:\/\/noticiasribeiraopreto.com.br\/index.php\/wp-json\/wp\/v2\/tags?post=81134"}],"curies":[{"name":"wp","href":"https:\/\/api.w.org\/{rel}","templated":true}]}}