{"id":81136,"date":"2025-12-25T06:42:02","date_gmt":"2025-12-25T09:42:02","guid":{"rendered":"https:\/\/noticiasribeiraopreto.com.br\/index.php\/2025\/12\/25\/cultura-gospel-passa-a-ser-reconhecida-como-manifestacao-cultural-do-brasil\/"},"modified":"2025-12-25T06:42:02","modified_gmt":"2025-12-25T09:42:02","slug":"cultura-gospel-passa-a-ser-reconhecida-como-manifestacao-cultural-do-brasil","status":"publish","type":"post","link":"https:\/\/noticiasribeiraopreto.com.br\/index.php\/2025\/12\/25\/cultura-gospel-passa-a-ser-reconhecida-como-manifestacao-cultural-do-brasil\/","title":{"rendered":"Cultura gospel passa a ser reconhecida como manifesta\u00e7\u00e3o cultural do Brasil"},"content":{"rendered":"<div class='code-block code-block-1' style='margin: 8px 0 8px auto; text-align: right; display: block; clear: both;'>\n<p><a href=\"https:\/\/wa.link\/vpicfd\"><img data-recalc-dims=\"1\" class=\"wp-image-4922\" style=\"aspect-ratio: 2.0253164556962027; width: 561px; height: auto;\" src=\"https:\/\/i0.wp.com\/ismaelcolosi.com.br\/wp-content\/uploads\/2023\/11\/grupo-de-empregos-whatsapp-e-facebook-ismael-colosi-vagas.jpg?ssl=1\" alt=\"\" \/><\/a><\/p>\n<!-- \/wp:image -->\n<\/div>\n<p> <br \/>\n<\/p>\n<div>\n<p>O <strong><a href=\"https:\/\/www.in.gov.br\/web\/dou\/-\/decreto-n-12.795-de-23-de-dezembro-de-2025-677934637\" data-type=\"link\" data-id=\"https:\/\/www.in.gov.br\/web\/dou\/-\/decreto-n-12.795-de-23-de-dezembro-de-2025-677934637\" target=\"_blank\" rel=\"noopener\">DOU (Di\u00e1rio Oficial da Uni\u00e3o) <\/a><\/strong>desta quarta-feira (24), traz o <a href=\"https:\/\/www.in.gov.br\/web\/dou\/-\/decreto-n-12.795-de-23-de-dezembro-de-2025-677934637\" data-type=\"link\" data-id=\"https:\/\/www.in.gov.br\/web\/dou\/-\/decreto-n-12.795-de-23-de-dezembro-de-2025-677934637\" target=\"_blank\" rel=\"noopener\">Decreto 12.795<\/a>, assinado na ter\u00e7a-feira (23) pelo presidente da Rep\u00fablica,<strong> Luiz In\u00e1cio Lula da Silva (PT)<\/strong>, que reconhece a <strong>cultura gospel <\/strong>como manifesta\u00e7\u00e3o cultural do Brasil.<\/p>\n<p>O decreto estabelece que a cultura gospel ser\u00e1 compreendida como conjunto de express\u00f5es art\u00edsticas, culturais e sociais que se vinculam \u00e0 manifesta\u00e7\u00e3o da f\u00e9 no Brasil, tendo em vista a valoriza\u00e7\u00e3o, promo\u00e7\u00e3o e prote\u00e7\u00e3o da cultura gospel no \u00e2mbito das pol\u00edticas p\u00fablicas de cultura.<\/p>\n<p>\u201cA assinatura desse decreto representa mais um passo importante de acolhimento e respeito \u00e0 comunidade e ao povo evang\u00e9lico do Brasil\u201d, ressaltou Lula, durante solenidade, realizada no Pal\u00e1cio do Planalto.<\/p>\n<h2 class=\"wp-block-heading\"><strong>Diretrizes<\/strong><\/h2>\n<p>A ministra da Cultura, <strong>Margareth Menezes<\/strong>, destacou ainda que o documento estabelece diretrizes que t\u00eam o sentido de promover e ampliar a forma\u00e7\u00e3o de profissionais, de agentes culturais e gestores e a articula\u00e7\u00e3o federativa para a inclus\u00e3o da cultura gospel nas pol\u00edticas locais e no Sistema Nacional de Cultura.<\/p>\n<p>\u201cEstamos aproximando o cotidiano das comunidades de f\u00e9 e a institucionalidade cultural, garantindo que conselhos, confer\u00eancias, planos de cultura considerem, escutem e integrem essa presen\u00e7a viva e capilarizada nos nossos territ\u00f3rios. Ao mesmo tempo, refor\u00e7a a compreens\u00e3o, uma compreens\u00e3o mais ampla dos direitos culturais como direitos fundamentais\u201d, afirmou (com informa\u00e7\u00f5es <strong>Sandra Manfrini\/Estad\u00e3o Conte\u00fado <\/strong>e <strong>Ag\u00eancia Gov<\/strong>).<\/p>\n<p>SAIBA MAIS<br \/>Vai ao supermercado hoje? Veja os hor\u00e1rios na v\u00e9spera de Natal em Ribeir\u00e3o Preto<\/p>\n<h2 class=\"wp-block-heading\"><strong>FIQUE ON<\/strong><\/h2>\n<p>Fique ligado em tudo que acontece em Ribeir\u00e3o Preto e regi\u00e3o. Siga os perfis do\u00a0<strong>acidade on\u00a0<\/strong>no\u00a0<a href=\"https:\/\/www.instagram.com\/acidadeonribeirao\" target=\"_blank\" rel=\"noreferrer noopener\">Instagram\u00a0<\/a>e no<a href=\"https:\/\/www.facebook.com\/acidadeonribeirao\/\" target=\"_blank\" rel=\"noreferrer noopener\">\u00a0Facebook<\/a>.<\/p>\n<p>Receba not\u00edcias do<strong>\u00a0acidade on\u00a0<\/strong>no WhatsApp. Para entrar no grupo,\u00a0basta\u00a0<a href=\"https:\/\/chat.whatsapp.com\/GFH9HUMUTHNFJdnyEd0xxq\" target=\"_blank\" rel=\"noreferrer noopener\">clicar aqui<\/a>. Ou, acesse o nosso\u00a0Canal<a href=\"https:\/\/whatsapp.com\/channel\/0029Vb6IQl1JENyAeS57fk2p\" target=\"_blank\" rel=\"noreferrer noopener\">\u00a0clicando aqui<\/a>.<\/p>\n<p>Fa\u00e7a uma den\u00fancia ou sugira uma reportagem sobre Ribeir\u00e3o Preto e regi\u00e3o pelo WhatsApp: 16 99117 7802.<\/p>\n<p>VEJA TAMB\u00c9M<br \/>Bancos abrem hoje? Saiba como ser\u00e3o os hor\u00e1rios de funcionamento<\/p>\n<p><!-- AI CONTENT END 1 -->\n<\/div>\n<p><script async src=\"\/\/www.instagram.com\/embed.js\"><\/script><br \/>\n<br \/><br \/>\n<br \/><a href=\"https:\/\/www.acidadeon.com\/ribeiraopreto\/politica\/cultura-gospel-passa-a-ser-reconhecida-como-manifestacao-cultural-do-brasil\/\">Source link <\/a><\/p>\n<!-- CONTENT END 1 -->\n","protected":false},"excerpt":{"rendered":"<p>O DOU (Di\u00e1rio Oficial da Uni\u00e3o) desta quarta-feira (24), traz o Decreto 12.795, assinado na ter\u00e7a-feira (23) pelo presidente da Rep\u00fablica, Luiz In\u00e1cio Lula da&#8230;<\/p>\n","protected":false},"author":1,"featured_media":81137,"comment_status":"open","ping_status":"open","sticky":false,"template":"","format":"standard","meta":{"advanced_seo_description":"","jetpack_seo_html_title":"","jetpack_seo_noindex":false,"jetpack_post_was_ever_published":false,"_jetpack_newsletter_access":"","_jetpack_dont_email_post_to_subs":false,"_jetpack_newsletter_tier_id":0,"_jetpack_memberships_contains_paywalled_content":false,"_jetpack_memberships_contains_paid_content":false,"footnotes":"","jetpack_publicize_message":"","jetpack_publicize_feature_enabled":true,"jetpack_social_post_already_shared":true,"jetpack_social_options":{"image_generator_settings":{"template":"highway","default_image_id":0,"font":"","enabled":false},"version":2}},"categories":[11],"tags":[],"class_list":["post-81136","post","type-post","status-publish","format-standard","has-post-thumbnail","hentry","category-noticias-de-ribeirao-preto-sp-e-regiao-ismael-colosi"],"jetpack_publicize_connections":[],"jetpack_featured_media_url":"https:\/\/i0.wp.com\/noticiasribeiraopreto.com.br\/wp-content\/uploads\/2025\/12\/cultura-gospel_2025-12-24_18-33-03.webp.webp?fit=1200%2C800&ssl=1","jetpack-related-posts":[{"id":32667,"url":"https:\/\/noticiasribeiraopreto.com.br\/index.php\/2024\/01\/25\/cao-srd-pode-virar-manifestacao-cultural\/","url_meta":{"origin":81136,"position":0},"title":"C\u00e3o SRD pode virar manifesta\u00e7\u00e3o cultural \u00a0","author":"noticiasribeiraopreto.com.br","date":"25 de January de 2024","format":false,"excerpt":"O famoso \u201cvira-lata caramelo\u201d, que estampa camisetas Brasil afora e \u00e9 informalmente considerado um s\u00edmbolo nacional, pode ser reconhecido legalmente como manifesta\u00e7\u00e3o cultural imaterial do pa\u00eds. Um projeto que prop\u00f5e a transforma\u00e7\u00e3o do termo em patrim\u00f4nio brasileiro tramita na C\u00e2mara dos Deputados e faz uma ode aos mascotes.O termo, segundo\u2026","rel":"","context":"In &quot;Not\u00edcias de Ribeir\u00e3o Preto-SP e Regi\u00e3o&quot;","block_context":{"text":"Not\u00edcias de Ribeir\u00e3o Preto-SP e Regi\u00e3o","link":"https:\/\/noticiasribeiraopreto.com.br\/index.php\/category\/noticias-de-ribeirao-preto-sp-e-regiao-ismael-colosi\/"},"img":{"alt_text":"","src":"https:\/\/i0.wp.com\/noticiasribeiraopreto.com.br\/wp-content\/uploads\/2024\/01\/Caramelo-Divulgacao-02.jpg?fit=451%2C645&ssl=1&resize=350%2C200","width":350,"height":200},"classes":[]},{"id":20941,"url":"https:\/\/noticiasribeiraopreto.com.br\/index.php\/2023\/12\/26\/argentinos-protestam-contra-demissao-de-servidores-publicos-pelo-governo-milei-2\/","url_meta":{"origin":81136,"position":1},"title":"Argentinos protestam contra demiss\u00e3o de servidores p\u00fablicos pelo governo Milei","author":"noticiasribeiraopreto.com.br","date":"26 de December de 2023","format":false,"excerpt":"A Associa\u00e7\u00e3o de Trabalhadores do Estado (ATE) e a Confedera\u00e7\u00e3o Geral do Trabalho (CGT) na Argentina convocaram uma significativa manifesta\u00e7\u00e3o em frente ao Pal\u00e1cio da Justi\u00e7a, na Pra\u00e7a dos Tribunais, em Buenos Aires, em resposta a um pol\u00eamico decreto emitido pelo presidente Javier Milei. Publicado nesta ter\u00e7a-feira (26), o decreto\u2026","rel":"","context":"In &quot;Vagas de Emprego em Ribeir\u00e3o Preto-SP&quot;","block_context":{"text":"Vagas de Emprego em Ribeir\u00e3o Preto-SP","link":"https:\/\/noticiasribeiraopreto.com.br\/index.php\/category\/empregos-classificados-vagas-trabalho\/vagas-de-empregos-em-ribeirao-preto-regiao-brasil\/"},"img":{"alt_text":"","src":"https:\/\/i0.wp.com\/noticiasribeiraopreto.com.br\/wp-content\/uploads\/2023\/12\/argentina-turismo_1.jpg?fit=1200%2C675&ssl=1&resize=350%2C200","width":350,"height":200,"srcset":"https:\/\/i0.wp.com\/noticiasribeiraopreto.com.br\/wp-content\/uploads\/2023\/12\/argentina-turismo_1.jpg?fit=1200%2C675&ssl=1&resize=350%2C200 1x, https:\/\/i0.wp.com\/noticiasribeiraopreto.com.br\/wp-content\/uploads\/2023\/12\/argentina-turismo_1.jpg?fit=1200%2C675&ssl=1&resize=525%2C300 1.5x, https:\/\/i0.wp.com\/noticiasribeiraopreto.com.br\/wp-content\/uploads\/2023\/12\/argentina-turismo_1.jpg?fit=1200%2C675&ssl=1&resize=700%2C400 2x, https:\/\/i0.wp.com\/noticiasribeiraopreto.com.br\/wp-content\/uploads\/2023\/12\/argentina-turismo_1.jpg?fit=1200%2C675&ssl=1&resize=1050%2C600 3x"},"classes":[]},{"id":68380,"url":"https:\/\/noticiasribeiraopreto.com.br\/index.php\/2025\/04\/24\/jornal-da-franca-feira-artitudo-leva-cultura-e-sabores-do-mundo-ao-franca-shopping\/","url_meta":{"origin":81136,"position":2},"title":"Jornal da Franca &#8211; Feira Artitudo leva cultura e sabores do mundo ao Franca Shopping","author":"noticiasribeiraopreto.com.br","date":"24 de April de 2025","format":false,"excerpt":"compartilhar no whatsapp compartilhar no telegram compartilhar no facebook compartilhar no linkedin Evento re\u00fane produtos t\u00edpicos de pa\u00edses como \u00cdndia, Jap\u00e3o e China, al\u00e9m de del\u00edcias regionais do Brasil em estandes Feira Artitudo segue no Franca Shopping at\u00e9 o dia 22 de maio \u00a0 Para quem aprecia conhecer novas culturas\u2026","rel":"","context":"In &quot;Not\u00edcias de Franca-SP&quot;","block_context":{"text":"Not\u00edcias de Franca-SP","link":"https:\/\/noticiasribeiraopreto.com.br\/index.php\/category\/noticias-de-ribeirao-preto-sp-e-regiao-ismael-colosi\/noticias-franca-sp\/"},"img":{"alt_text":"","src":"https:\/\/i0.wp.com\/noticiasribeiraopreto.com.br\/wp-content\/uploads\/2025\/04\/1745539822_Franca_Shopping_Franca_Mais_Moda.jpeg?fit=1200%2C801&ssl=1&resize=350%2C200","width":350,"height":200,"srcset":"https:\/\/i0.wp.com\/noticiasribeiraopreto.com.br\/wp-content\/uploads\/2025\/04\/1745539822_Franca_Shopping_Franca_Mais_Moda.jpeg?fit=1200%2C801&ssl=1&resize=350%2C200 1x, https:\/\/i0.wp.com\/noticiasribeiraopreto.com.br\/wp-content\/uploads\/2025\/04\/1745539822_Franca_Shopping_Franca_Mais_Moda.jpeg?fit=1200%2C801&ssl=1&resize=525%2C300 1.5x, https:\/\/i0.wp.com\/noticiasribeiraopreto.com.br\/wp-content\/uploads\/2025\/04\/1745539822_Franca_Shopping_Franca_Mais_Moda.jpeg?fit=1200%2C801&ssl=1&resize=700%2C400 2x, https:\/\/i0.wp.com\/noticiasribeiraopreto.com.br\/wp-content\/uploads\/2025\/04\/1745539822_Franca_Shopping_Franca_Mais_Moda.jpeg?fit=1200%2C801&ssl=1&resize=1050%2C600 3x"},"classes":[]},{"id":48190,"url":"https:\/\/noticiasribeiraopreto.com.br\/index.php\/2024\/05\/01\/dia-do-trabalhador-1o-de-maio-calendarr\/","url_meta":{"origin":81136,"position":3},"title":"Dia do Trabalhador | 1\u00ba de Maio &#8211; Calendarr","author":"noticiasribeiraopreto.com.br","date":"1 de May de 2024","format":false,"excerpt":"O\u00a0Dia do Trabalho\u00a0ou\u00a0Dia do Trabalhador\u00a0\u00e9 comemorado anualmente em 1\u00ba de maio\u00a0em diversos pa\u00edses do mundo.O Dia do Trabalho \u00e9 feriado nacional no Brasil, em Portugal, R\u00fassia, Fran\u00e7a, Espanha, Argentina, entre outras na\u00e7\u00f5es. A data comemora\u00a0a luta dos trabalhadores que reivindicaram melhores condi\u00e7\u00f5es trabalhistas. Gra\u00e7as \u00e0 coragem e persist\u00eancia dessas pessoas,\u2026","rel":"","context":"In &quot;Not\u00edcias de Ribeir\u00e3o Preto-SP e Regi\u00e3o&quot;","block_context":{"text":"Not\u00edcias de Ribeir\u00e3o Preto-SP e Regi\u00e3o","link":"https:\/\/noticiasribeiraopreto.com.br\/index.php\/category\/noticias-de-ribeirao-preto-sp-e-regiao-ismael-colosi\/"},"img":{"alt_text":"","src":"https:\/\/i0.wp.com\/noticiasribeiraopreto.com.br\/wp-content\/uploads\/2024\/05\/dia-do-trabalho.jpg?fit=400%2C300&ssl=1&resize=350%2C200","width":350,"height":200},"classes":[]},{"id":21187,"url":"https:\/\/noticiasribeiraopreto.com.br\/index.php\/2023\/12\/27\/secretaria-da-cultura-abre-cadastro-para-grupos-carnavalescos\/","url_meta":{"origin":81136,"position":4},"title":"Secretaria da Cultura abre cadastro para Grupos Carnavalescos","author":"noticiasribeiraopreto.com.br","date":"27 de December de 2023","format":false,"excerpt":"27 de dezembro de 2023 | 10:0026 de dezembro de 2023 | 19:38 0Est\u00e1 aberto o cadastro para a convoca\u00e7\u00e3o dos grupos de manifesta\u00e7\u00f5es carnavalescas interessados em realizar suas atividades durante o Carnaval de 2024, entre os dias 10 e 13 de fevereiro, em espa\u00e7os p\u00fablicos de Ribeir\u00e3o Preto.O secret\u00e1rio\u2026","rel":"","context":"In &quot;Not\u00edcias de Ribeir\u00e3o Preto-SP e Regi\u00e3o&quot;","block_context":{"text":"Not\u00edcias de Ribeir\u00e3o Preto-SP e Regi\u00e3o","link":"https:\/\/noticiasribeiraopreto.com.br\/index.php\/category\/noticias-de-ribeirao-preto-sp-e-regiao-ismael-colosi\/"},"img":{"alt_text":"","src":"https:\/\/i0.wp.com\/noticiasribeiraopreto.com.br\/wp-content\/uploads\/2023\/12\/close-up-na-decoracao-do-cotillon-1536x1024-1-scaled.jpg?fit=967%2C645&ssl=1&resize=350%2C200","width":350,"height":200,"srcset":"https:\/\/i0.wp.com\/noticiasribeiraopreto.com.br\/wp-content\/uploads\/2023\/12\/close-up-na-decoracao-do-cotillon-1536x1024-1-scaled.jpg?fit=967%2C645&ssl=1&resize=350%2C200 1x, https:\/\/i0.wp.com\/noticiasribeiraopreto.com.br\/wp-content\/uploads\/2023\/12\/close-up-na-decoracao-do-cotillon-1536x1024-1-scaled.jpg?fit=967%2C645&ssl=1&resize=525%2C300 1.5x, https:\/\/i0.wp.com\/noticiasribeiraopreto.com.br\/wp-content\/uploads\/2023\/12\/close-up-na-decoracao-do-cotillon-1536x1024-1-scaled.jpg?fit=967%2C645&ssl=1&resize=700%2C400 2x"},"classes":[]},{"id":61072,"url":"https:\/\/noticiasribeiraopreto.com.br\/index.php\/2024\/12\/03\/brasil-celebra-o-dia-nacional-do-samba-com-festas-e-reflexoes-sobre-a-cultura-popular\/","url_meta":{"origin":81136,"position":5},"title":"Brasil Celebra o Dia Nacional do Samba com Festas e Reflex\u00f5es sobre a Cultura Popular","author":"noticiasribeiraopreto.com.br","date":"3 de December de 2024","format":false,"excerpt":"O Dia Nacional do Samba, celebrado em 2 de dezembro, movimenta cidades de norte a sul do Brasil com apresenta\u00e7\u00f5es musicais, rodas de samba e homenagens aos grandes nomes do g\u00eanero. Mais do que uma festa, a data \u00e9 uma oportunidade de refletir sobre a import\u00e2ncia do samba como patrim\u00f4nio\u2026","rel":"","context":"In &quot;Not\u00edcias de Ribeir\u00e3o Preto-SP e Regi\u00e3o&quot;","block_context":{"text":"Not\u00edcias de Ribeir\u00e3o Preto-SP e Regi\u00e3o","link":"https:\/\/noticiasribeiraopreto.com.br\/index.php\/category\/noticias-de-ribeirao-preto-sp-e-regiao-ismael-colosi\/"},"img":{"alt_text":"","src":"https:\/\/i0.wp.com\/noticiasribeiraopreto.com.br\/wp-content\/uploads\/2024\/12\/samba.webp.webp?fit=1170%2C700&ssl=1&resize=350%2C200","width":350,"height":200,"srcset":"https:\/\/i0.wp.com\/noticiasribeiraopreto.com.br\/wp-content\/uploads\/2024\/12\/samba.webp.webp?fit=1170%2C700&ssl=1&resize=350%2C200 1x, https:\/\/i0.wp.com\/noticiasribeiraopreto.com.br\/wp-content\/uploads\/2024\/12\/samba.webp.webp?fit=1170%2C700&ssl=1&resize=525%2C300 1.5x, https:\/\/i0.wp.com\/noticiasribeiraopreto.com.br\/wp-content\/uploads\/2024\/12\/samba.webp.webp?fit=1170%2C700&ssl=1&resize=700%2C400 2x, https:\/\/i0.wp.com\/noticiasribeiraopreto.com.br\/wp-content\/uploads\/2024\/12\/samba.webp.webp?fit=1170%2C700&ssl=1&resize=1050%2C600 3x"},"classes":[]}],"jetpack_sharing_enabled":true,"jetpack_shortlink":"https:\/\/wp.me\/peQAOb-l6E","_links":{"self":[{"href":"https:\/\/noticiasribeiraopreto.com.br\/index.php\/wp-json\/wp\/v2\/posts\/81136","targetHints":{"allow":["GET"]}}],"collection":[{"href":"https:\/\/noticiasribeiraopreto.com.br\/index.php\/wp-json\/wp\/v2\/posts"}],"about":[{"href":"https:\/\/noticiasribeiraopreto.com.br\/index.php\/wp-json\/wp\/v2\/types\/post"}],"author":[{"embeddable":true,"href":"https:\/\/noticiasribeiraopreto.com.br\/index.php\/wp-json\/wp\/v2\/users\/1"}],"replies":[{"embeddable":true,"href":"https:\/\/noticiasribeiraopreto.com.br\/index.php\/wp-json\/wp\/v2\/comments?post=81136"}],"version-history":[{"count":0,"href":"https:\/\/noticiasribeiraopreto.com.br\/index.php\/wp-json\/wp\/v2\/posts\/81136\/revisions"}],"wp:featuredmedia":[{"embeddable":true,"href":"https:\/\/noticiasribeiraopreto.com.br\/index.php\/wp-json\/wp\/v2\/media\/81137"}],"wp:attachment":[{"href":"https:\/\/noticiasribeiraopreto.com.br\/index.php\/wp-json\/wp\/v2\/media?parent=81136"}],"wp:term":[{"taxonomy":"category","embeddable":true,"href":"https:\/\/noticiasribeiraopreto.com.br\/index.php\/wp-json\/wp\/v2\/categories?post=81136"},{"taxonomy":"post_tag","embeddable":true,"href":"https:\/\/noticiasribeiraopreto.com.br\/index.php\/wp-json\/wp\/v2\/tags?post=81136"}],"curies":[{"name":"wp","href":"https:\/\/api.w.org\/{rel}","templated":true}]}}