{"id":81139,"date":"2025-12-25T06:56:36","date_gmt":"2025-12-25T09:56:36","guid":{"rendered":"https:\/\/noticiasribeiraopreto.com.br\/index.php\/2025\/12\/25\/multinacional-francesa-dona-da-polenghi-compra-tradicional-marca-de-queijos\/"},"modified":"2025-12-25T06:56:36","modified_gmt":"2025-12-25T09:56:36","slug":"multinacional-francesa-dona-da-polenghi-compra-tradicional-marca-de-queijos","status":"publish","type":"post","link":"https:\/\/noticiasribeiraopreto.com.br\/index.php\/2025\/12\/25\/multinacional-francesa-dona-da-polenghi-compra-tradicional-marca-de-queijos\/","title":{"rendered":"Multinacional francesa dona da Polenghi compra tradicional marca de queijos"},"content":{"rendered":"<div class='code-block code-block-1' style='margin: 8px 0 8px auto; text-align: right; display: block; clear: both;'>\n<p><a href=\"https:\/\/wa.link\/vpicfd\"><img data-recalc-dims=\"1\" class=\"wp-image-4922\" style=\"aspect-ratio: 2.0253164556962027; width: 561px; height: auto;\" src=\"https:\/\/i0.wp.com\/ismaelcolosi.com.br\/wp-content\/uploads\/2023\/11\/grupo-de-empregos-whatsapp-e-facebook-ismael-colosi-vagas.jpg?ssl=1\" alt=\"\" \/><\/a><\/p>\n<!-- \/wp:image -->\n<\/div>\n<p> <br \/>\n<\/p>\n<div>\n<p>A <strong>Savencia Fromage &amp; Dairy<\/strong> anunciou, em nota, a assinatura de um acordo para a aquisi\u00e7\u00e3o da<strong> Quat\u00e1 Alimentos<\/strong>, fabricante brasileira de queijos e produtos l\u00e1cteos. A opera\u00e7\u00e3o refor\u00e7a a presen\u00e7a da multinacional francesa no Brasil e amplia seu portf\u00f3lio local com marcas tradicionais do consumo dom\u00e9stico, como Gl\u00f3ria e Quat\u00e1, disse a dona da <strong>Polenghi <\/strong>na nota.<\/p>\n<p>Segundo a Savencia, a transa\u00e7\u00e3o permitir\u00e1 complementar a atua\u00e7\u00e3o da companhia no mercado brasileiro de l\u00e1cteos, somando a for\u00e7a das marcas da Quat\u00e1 ao portf\u00f3lio j\u00e1 existente no Pa\u00eds, que inclui Polenghi, Campo Lindo, Polenguinho e Frescatino.<\/p>\n<p>A empresa destaca que a Quat\u00e1 possui uma ampla e complementar linha de queijos e derivados, al\u00e9m de forte reconhecimento junto aos consumidores.<\/p>\n<p>A Quat\u00e1 Alimentos \u00e9 uma empresa de controle familiar e tem sua opera\u00e7\u00e3o baseada na capta\u00e7\u00e3o de leite regi\u00f5es dos Estados de S\u00e3o Paulo, Minas Gerais e Rio de Janeiro.<\/p>\n<p>No comunicado, o CEO global da Savencia, <strong>Olivier Delam\u00e9a<\/strong>, afirmou que a aquisi\u00e7\u00e3o \u201crefor\u00e7a a presen\u00e7a hist\u00f3rica da Savencia no Brasil, onde o grupo est\u00e1 estabelecido h\u00e1 d\u00e9cadas\u201d, e acrescentou que o movimento representa \u201cum passo importante na nossa trajet\u00f3ria de crescimento no Pa\u00eds, ao complementar o portf\u00f3lio e fortalecer nossa posi\u00e7\u00e3o no mercado brasileiro de l\u00e1cteos\u201d.<\/p>\n<p>Os fundadores da Quat\u00e1 Alimentos, Jos\u00e9 Henrique Coutinho e Maur\u00edcio Franco, tamb\u00e9m destacaram o significado da opera\u00e7\u00e3o. \u201cHoje damos um novo passo em nossa hist\u00f3ria ao nos juntarmos \u00e0 grande fam\u00edlia Savencia. Essa alian\u00e7a honra a trajet\u00f3ria da Quat\u00e1 e refor\u00e7a nosso compromisso com a continuidade do seu desenvolvimento\u201d, afirmaram, na nota.<\/p>\n<p>A conclus\u00e3o da transa\u00e7\u00e3o ainda depende da aprova\u00e7\u00e3o do Cade (Conselho Administrativo de Defesa Econ\u00f4mica), conforme as regras antitruste brasileiras. At\u00e9 que o processo seja finalizado, Savencia e Quat\u00e1 seguir\u00e3o operando de forma independente, mantendo a continuidade dos neg\u00f3cios e o atendimento a clientes e consumidores.<\/p>\n<p>A Savencia Fromage &amp; Dairy \u00e9 um grupo aliment\u00edcio independente e de controle familiar, com cerca de 22,7 mil colaboradores no mundo. A companhia est\u00e1 entre os principais players globais do setor l\u00e1cteo, sendo o segundo maior grupo de queijos da Fran\u00e7a e o quinto maior do mundo (com informa\u00e7\u00f5es <strong>Leandro Silveira\/Estad\u00e3o Conte\u00fado<\/strong>).<\/p>\n<p>SAIBA MAIS<br \/>Vai ao supermercado hoje? Veja os hor\u00e1rios na v\u00e9spera de Natal em Ribeir\u00e3o Preto<\/p>\n<h2 class=\"wp-block-heading\"><strong>FIQUE ON<\/strong><\/h2>\n<p>Fique ligado em tudo que acontece em Ribeir\u00e3o Preto e regi\u00e3o. Siga os perfis do\u00a0<strong>acidade on\u00a0<\/strong>no\u00a0<a href=\"https:\/\/www.instagram.com\/acidadeonribeirao\" target=\"_blank\" rel=\"noreferrer noopener\">Instagram\u00a0<\/a>e no<a href=\"https:\/\/www.facebook.com\/acidadeonribeirao\/\" target=\"_blank\" rel=\"noreferrer noopener\">\u00a0Facebook<\/a>.<\/p>\n<p>Receba not\u00edcias do<strong>\u00a0acidade on\u00a0<\/strong>no WhatsApp. Para entrar no grupo,\u00a0basta\u00a0<a href=\"https:\/\/chat.whatsapp.com\/GFH9HUMUTHNFJdnyEd0xxq\" target=\"_blank\" rel=\"noreferrer noopener\">clicar aqui<\/a>. Ou, acesse o nosso\u00a0Canal<a href=\"https:\/\/whatsapp.com\/channel\/0029Vb6IQl1JENyAeS57fk2p\" target=\"_blank\" rel=\"noreferrer noopener\">\u00a0clicando aqui<\/a>.<\/p>\n<p>Fa\u00e7a uma den\u00fancia ou sugira uma reportagem sobre Ribeir\u00e3o Preto e regi\u00e3o pelo WhatsApp: 16 99117 7802.<\/p>\n<p>VEJA TAMB\u00c9M<br \/>Bancos abrem hoje? Saiba como ser\u00e3o os hor\u00e1rios de funcionamento<\/p>\n<p><!-- AI CONTENT END 1 -->\n<\/div>\n<p><script async src=\"\/\/www.instagram.com\/embed.js\"><\/script><br \/>\n<br \/><br \/>\n<br \/><a href=\"https:\/\/www.acidadeon.com\/ribeiraopreto\/economia\/multinacional-francesa-dona-da-polenghi-compra-tradicional-marca-de-queijos\/\">Source link <\/a><\/p>\n<!-- CONTENT END 1 -->\n","protected":false},"excerpt":{"rendered":"<p>A Savencia Fromage &amp; Dairy anunciou, em nota, a assinatura de um acordo para a aquisi\u00e7\u00e3o da Quat\u00e1 Alimentos, fabricante brasileira de queijos e produtos&#8230;<\/p>\n","protected":false},"author":1,"featured_media":81140,"comment_status":"open","ping_status":"open","sticky":false,"template":"","format":"standard","meta":{"advanced_seo_description":"","jetpack_seo_html_title":"","jetpack_seo_noindex":false,"jetpack_post_was_ever_published":false,"_jetpack_newsletter_access":"","_jetpack_dont_email_post_to_subs":false,"_jetpack_newsletter_tier_id":0,"_jetpack_memberships_contains_paywalled_content":false,"_jetpack_memberships_contains_paid_content":false,"footnotes":"","jetpack_publicize_message":"","jetpack_publicize_feature_enabled":true,"jetpack_social_post_already_shared":true,"jetpack_social_options":{"image_generator_settings":{"template":"highway","default_image_id":0,"font":"","enabled":false},"version":2}},"categories":[11],"tags":[],"class_list":["post-81139","post","type-post","status-publish","format-standard","has-post-thumbnail","hentry","category-noticias-de-ribeirao-preto-sp-e-regiao-ismael-colosi"],"jetpack_publicize_connections":[],"jetpack_featured_media_url":"https:\/\/i0.wp.com\/noticiasribeiraopreto.com.br\/wp-content\/uploads\/2025\/12\/queijo_2025-12-24_16-09-04.webp.webp?fit=1200%2C800&ssl=1","jetpack-related-posts":[{"id":81175,"url":"https:\/\/noticiasribeiraopreto.com.br\/index.php\/2025\/12\/26\/shoppings-e-supermercados-abrem-no-dia-de-natal-em-ribeirao-confira\/","url_meta":{"origin":81139,"position":0},"title":"Shoppings e supermercados abrem no dia de Natal em Ribeir\u00e3o? Confira","author":"noticiasribeiraopreto.com.br","date":"26 de December de 2025","format":false,"excerpt":"Precisa sair de casa para repor algum produto que acabou, buscar um item esquecido ou resolver uma emerg\u00eancia de \u00faltima hora? Ent\u00e3o fique atento ao hor\u00e1rio de funcionamento de shoppings e supermercados de Ribeir\u00e3o Preto nesta quinta-feira (25). Shoppings de Ribeir\u00e3o Preto As lojas dos quatro shoppings de Ribeir\u00e3o Preto\u2026","rel":"","context":"In &quot;Not\u00edcias de Ribeir\u00e3o Preto-SP e Regi\u00e3o&quot;","block_context":{"text":"Not\u00edcias de Ribeir\u00e3o Preto-SP e Regi\u00e3o","link":"https:\/\/noticiasribeiraopreto.com.br\/index.php\/category\/noticias-de-ribeirao-preto-sp-e-regiao-ismael-colosi\/"},"img":{"alt_text":"","src":"https:\/\/i0.wp.com\/noticiasribeiraopreto.com.br\/wp-content\/uploads\/2025\/12\/1064932-edit_04217.webp.webp?fit=1170%2C700&ssl=1&resize=350%2C200","width":350,"height":200,"srcset":"https:\/\/i0.wp.com\/noticiasribeiraopreto.com.br\/wp-content\/uploads\/2025\/12\/1064932-edit_04217.webp.webp?fit=1170%2C700&ssl=1&resize=350%2C200 1x, https:\/\/i0.wp.com\/noticiasribeiraopreto.com.br\/wp-content\/uploads\/2025\/12\/1064932-edit_04217.webp.webp?fit=1170%2C700&ssl=1&resize=525%2C300 1.5x, https:\/\/i0.wp.com\/noticiasribeiraopreto.com.br\/wp-content\/uploads\/2025\/12\/1064932-edit_04217.webp.webp?fit=1170%2C700&ssl=1&resize=700%2C400 2x, https:\/\/i0.wp.com\/noticiasribeiraopreto.com.br\/wp-content\/uploads\/2025\/12\/1064932-edit_04217.webp.webp?fit=1170%2C700&ssl=1&resize=1050%2C600 3x"},"classes":[]},{"id":64395,"url":"https:\/\/noticiasribeiraopreto.com.br\/index.php\/2025\/03\/07\/jornal-da-franca-queijo-e-gostoso-e-amado-pelos-francanos-mas-alguns-tipos-podem-prejudicar-a-saude\/","url_meta":{"origin":81139,"position":1},"title":"Jornal da Franca &#8211; Queijo \u00e9 gostoso e amado pelos francanos; mas alguns tipos podem prejudicar a sa\u00fade","author":"noticiasribeiraopreto.com.br","date":"7 de March de 2025","format":false,"excerpt":"compartilhar no whatsapp compartilhar no telegram compartilhar no facebook compartilhar no linkedin Na hora do caf\u00e9, queijo \u00e9 um dos alimentos mais apreciados em Franca Parece imposs\u00edvel n\u00e3o amar queijos, um alimento de popularidade indiscut\u00edvel, e os francanos amam esse alimento. Somente nos EUA, os norte-americanos consumiram mais de 38\u2026","rel":"","context":"In &quot;Not\u00edcias de Franca-SP&quot;","block_context":{"text":"Not\u00edcias de Franca-SP","link":"https:\/\/noticiasribeiraopreto.com.br\/index.php\/category\/noticias-de-ribeirao-preto-sp-e-regiao-ismael-colosi\/noticias-franca-sp\/"},"img":{"alt_text":"","src":"https:\/\/i0.wp.com\/noticiasribeiraopreto.com.br\/wp-content\/uploads\/2025\/03\/pLENARIO-68.jpg?fit=1200%2C630&ssl=1&resize=350%2C200","width":350,"height":200,"srcset":"https:\/\/i0.wp.com\/noticiasribeiraopreto.com.br\/wp-content\/uploads\/2025\/03\/pLENARIO-68.jpg?fit=1200%2C630&ssl=1&resize=350%2C200 1x, https:\/\/i0.wp.com\/noticiasribeiraopreto.com.br\/wp-content\/uploads\/2025\/03\/pLENARIO-68.jpg?fit=1200%2C630&ssl=1&resize=525%2C300 1.5x, https:\/\/i0.wp.com\/noticiasribeiraopreto.com.br\/wp-content\/uploads\/2025\/03\/pLENARIO-68.jpg?fit=1200%2C630&ssl=1&resize=700%2C400 2x, https:\/\/i0.wp.com\/noticiasribeiraopreto.com.br\/wp-content\/uploads\/2025\/03\/pLENARIO-68.jpg?fit=1200%2C630&ssl=1&resize=1050%2C600 3x"},"classes":[]},{"id":62403,"url":"https:\/\/noticiasribeiraopreto.com.br\/index.php\/2025\/01\/13\/fabrica-de-massas-e-biscoitos-fecha-as-portas-no-interior-de-sp\/","url_meta":{"origin":81139,"position":2},"title":"F\u00e1brica de massas e biscoitos fecha as portas no interior de SP","author":"noticiasribeiraopreto.com.br","date":"13 de January de 2025","format":false,"excerpt":"Uma das maiores f\u00e1bricas de massas e biscoitos do Pa\u00eds, com marcas como Piraqu\u00ea e Adria, a M. Dias Branco fechou as portas da unidade que mantinha em Len\u00e7\u00f3is Paulista, no interior de S\u00e3o Paulo. A ind\u00fastria empregava 480 trabalhadores. Em nota, a empresa afirmou que a decis\u00e3o decorre de\u2026","rel":"","context":"In &quot;Not\u00edcias de Ribeir\u00e3o Preto-SP e Regi\u00e3o&quot;","block_context":{"text":"Not\u00edcias de Ribeir\u00e3o Preto-SP e Regi\u00e3o","link":"https:\/\/noticiasribeiraopreto.com.br\/index.php\/category\/noticias-de-ribeirao-preto-sp-e-regiao-ismael-colosi\/"},"img":{"alt_text":"","src":"https:\/\/i0.wp.com\/noticiasribeiraopreto.com.br\/wp-content\/uploads\/2025\/01\/biscoito_2025-01-13_17-31-57_jpg_2025-01-13_17-31-58.webp.webp?fit=1000%2C648&ssl=1&resize=350%2C200","width":350,"height":200,"srcset":"https:\/\/i0.wp.com\/noticiasribeiraopreto.com.br\/wp-content\/uploads\/2025\/01\/biscoito_2025-01-13_17-31-57_jpg_2025-01-13_17-31-58.webp.webp?fit=1000%2C648&ssl=1&resize=350%2C200 1x, https:\/\/i0.wp.com\/noticiasribeiraopreto.com.br\/wp-content\/uploads\/2025\/01\/biscoito_2025-01-13_17-31-57_jpg_2025-01-13_17-31-58.webp.webp?fit=1000%2C648&ssl=1&resize=525%2C300 1.5x, https:\/\/i0.wp.com\/noticiasribeiraopreto.com.br\/wp-content\/uploads\/2025\/01\/biscoito_2025-01-13_17-31-57_jpg_2025-01-13_17-31-58.webp.webp?fit=1000%2C648&ssl=1&resize=700%2C400 2x"},"classes":[]},{"id":81003,"url":"https:\/\/noticiasribeiraopreto.com.br\/index.php\/2025\/12\/20\/industria-de-alimentos-de-ribeirao-preto-anuncia-novo-ceo\/","url_meta":{"origin":81139,"position":3},"title":"Ind\u00fastria de alimentos de Ribeir\u00e3o Preto anuncia novo CEO","author":"noticiasribeiraopreto.com.br","date":"20 de December de 2025","format":false,"excerpt":"A Santa Helena Alimentos, com sede em Ribeir\u00e3o Preto, anunciou na \u00faltima quinta-feira (18) S\u00e9rgio Mobaier como seu novo CEO. O executivo conta com mais de 30 anos de experi\u00eancia no setor de alimentos e bens de consumo. A empresa afirma que o novo CEO assume a posi\u00e7\u00e3o com o\u2026","rel":"","context":"In &quot;Not\u00edcias de Ribeir\u00e3o Preto-SP e Regi\u00e3o&quot;","block_context":{"text":"Not\u00edcias de Ribeir\u00e3o Preto-SP e Regi\u00e3o","link":"https:\/\/noticiasribeiraopreto.com.br\/index.php\/category\/noticias-de-ribeirao-preto-sp-e-regiao-ismael-colosi\/"},"img":{"alt_text":"","src":"https:\/\/i0.wp.com\/noticiasribeiraopreto.com.br\/wp-content\/uploads\/2025\/12\/sergio-Mobaier_2025-12-19_16-26-53.webp.webp?fit=1200%2C674&ssl=1&resize=350%2C200","width":350,"height":200,"srcset":"https:\/\/i0.wp.com\/noticiasribeiraopreto.com.br\/wp-content\/uploads\/2025\/12\/sergio-Mobaier_2025-12-19_16-26-53.webp.webp?fit=1200%2C674&ssl=1&resize=350%2C200 1x, https:\/\/i0.wp.com\/noticiasribeiraopreto.com.br\/wp-content\/uploads\/2025\/12\/sergio-Mobaier_2025-12-19_16-26-53.webp.webp?fit=1200%2C674&ssl=1&resize=525%2C300 1.5x, https:\/\/i0.wp.com\/noticiasribeiraopreto.com.br\/wp-content\/uploads\/2025\/12\/sergio-Mobaier_2025-12-19_16-26-53.webp.webp?fit=1200%2C674&ssl=1&resize=700%2C400 2x, https:\/\/i0.wp.com\/noticiasribeiraopreto.com.br\/wp-content\/uploads\/2025\/12\/sergio-Mobaier_2025-12-19_16-26-53.webp.webp?fit=1200%2C674&ssl=1&resize=1050%2C600 3x"},"classes":[]},{"id":79392,"url":"https:\/\/noticiasribeiraopreto.com.br\/index.php\/2025\/10\/30\/rotas-do-queijo-quatro-cidades-da-regiao-de-ribeirao-preto-entram-no-mapa-do-turismo-gastronomico\/","url_meta":{"origin":81139,"position":4},"title":"Rotas do Queijo: quatro cidades da regi\u00e3o de Ribeir\u00e3o Preto entram no mapa do turismo gastron\u00f4mico","author":"noticiasribeiraopreto.com.br","date":"30 de October de 2025","format":false,"excerpt":"Quatro cidades da regi\u00e3o de Ribeir\u00e3o Preto \u2013 C\u00e1ssia dos Coqueiros, Jaboticabal, Jardin\u00f3polis e Pedregulho \u2013 passam a integrar as Rotas do Queijo de S\u00e3o Paulo, projeto que valoriza a produ\u00e7\u00e3o de queijos artesanais e fortalece o turismo gastron\u00f4mico no estado. A inclus\u00e3o dessas cidades refor\u00e7a a presen\u00e7a da Mogiana\u2026","rel":"","context":"In &quot;Not\u00edcias de Ribeir\u00e3o Preto-SP e Regi\u00e3o&quot;","block_context":{"text":"Not\u00edcias de Ribeir\u00e3o Preto-SP e Regi\u00e3o","link":"https:\/\/noticiasribeiraopreto.com.br\/index.php\/category\/noticias-de-ribeirao-preto-sp-e-regiao-ismael-colosi\/"},"img":{"alt_text":"","src":"https:\/\/i0.wp.com\/noticiasribeiraopreto.com.br\/wp-content\/uploads\/2025\/10\/terror-5_2025-10-30_21-05-44.webp.webp?fit=1200%2C675&ssl=1&resize=350%2C200","width":350,"height":200,"srcset":"https:\/\/i0.wp.com\/noticiasribeiraopreto.com.br\/wp-content\/uploads\/2025\/10\/terror-5_2025-10-30_21-05-44.webp.webp?fit=1200%2C675&ssl=1&resize=350%2C200 1x, https:\/\/i0.wp.com\/noticiasribeiraopreto.com.br\/wp-content\/uploads\/2025\/10\/terror-5_2025-10-30_21-05-44.webp.webp?fit=1200%2C675&ssl=1&resize=525%2C300 1.5x, https:\/\/i0.wp.com\/noticiasribeiraopreto.com.br\/wp-content\/uploads\/2025\/10\/terror-5_2025-10-30_21-05-44.webp.webp?fit=1200%2C675&ssl=1&resize=700%2C400 2x, https:\/\/i0.wp.com\/noticiasribeiraopreto.com.br\/wp-content\/uploads\/2025\/10\/terror-5_2025-10-30_21-05-44.webp.webp?fit=1200%2C675&ssl=1&resize=1050%2C600 3x"},"classes":[]},{"id":48242,"url":"https:\/\/noticiasribeiraopreto.com.br\/index.php\/2024\/05\/01\/queijo-mel-e-cachaca-produtos-artesanais-ganham-mais-espaco-na-agrishow\/","url_meta":{"origin":81139,"position":5},"title":"Queijo, mel e cacha\u00e7a: Produtos artesanais ganham mais espa\u00e7o na Agrishow","author":"noticiasribeiraopreto.com.br","date":"1 de May de 2024","format":false,"excerpt":"O Pavilh\u00e3o de Produtos Artesanais da Agrishow, que acontece em Ribeir\u00e3o Preto at\u00e9 sexta-feira (3), foi ampliado para a edi\u00e7\u00e3o de 2024. O espa\u00e7o faz parte da feira h\u00e1 tr\u00eas anos e recebe expositores de alimentos e bebidas produzidos por pequenos agricultores de S\u00e3o Paulo. Localizado no complexo da Secretaria\u2026","rel":"","context":"In &quot;Not\u00edcias de Ribeir\u00e3o Preto-SP e Regi\u00e3o&quot;","block_context":{"text":"Not\u00edcias de Ribeir\u00e3o Preto-SP e Regi\u00e3o","link":"https:\/\/noticiasribeiraopreto.com.br\/index.php\/category\/noticias-de-ribeirao-preto-sp-e-regiao-ismael-colosi\/"},"img":{"alt_text":"","src":"https:\/\/i0.wp.com\/noticiasribeiraopreto.com.br\/wp-content\/uploads\/2024\/05\/agrishow_1200x675_26042022180633_2024-05-01_19-57-19_jpg.webp.webp?fit=1200%2C675&ssl=1&resize=350%2C200","width":350,"height":200,"srcset":"https:\/\/i0.wp.com\/noticiasribeiraopreto.com.br\/wp-content\/uploads\/2024\/05\/agrishow_1200x675_26042022180633_2024-05-01_19-57-19_jpg.webp.webp?fit=1200%2C675&ssl=1&resize=350%2C200 1x, https:\/\/i0.wp.com\/noticiasribeiraopreto.com.br\/wp-content\/uploads\/2024\/05\/agrishow_1200x675_26042022180633_2024-05-01_19-57-19_jpg.webp.webp?fit=1200%2C675&ssl=1&resize=525%2C300 1.5x, https:\/\/i0.wp.com\/noticiasribeiraopreto.com.br\/wp-content\/uploads\/2024\/05\/agrishow_1200x675_26042022180633_2024-05-01_19-57-19_jpg.webp.webp?fit=1200%2C675&ssl=1&resize=700%2C400 2x, https:\/\/i0.wp.com\/noticiasribeiraopreto.com.br\/wp-content\/uploads\/2024\/05\/agrishow_1200x675_26042022180633_2024-05-01_19-57-19_jpg.webp.webp?fit=1200%2C675&ssl=1&resize=1050%2C600 3x"},"classes":[]}],"jetpack_sharing_enabled":true,"jetpack_shortlink":"https:\/\/wp.me\/peQAOb-l6H","_links":{"self":[{"href":"https:\/\/noticiasribeiraopreto.com.br\/index.php\/wp-json\/wp\/v2\/posts\/81139","targetHints":{"allow":["GET"]}}],"collection":[{"href":"https:\/\/noticiasribeiraopreto.com.br\/index.php\/wp-json\/wp\/v2\/posts"}],"about":[{"href":"https:\/\/noticiasribeiraopreto.com.br\/index.php\/wp-json\/wp\/v2\/types\/post"}],"author":[{"embeddable":true,"href":"https:\/\/noticiasribeiraopreto.com.br\/index.php\/wp-json\/wp\/v2\/users\/1"}],"replies":[{"embeddable":true,"href":"https:\/\/noticiasribeiraopreto.com.br\/index.php\/wp-json\/wp\/v2\/comments?post=81139"}],"version-history":[{"count":0,"href":"https:\/\/noticiasribeiraopreto.com.br\/index.php\/wp-json\/wp\/v2\/posts\/81139\/revisions"}],"wp:featuredmedia":[{"embeddable":true,"href":"https:\/\/noticiasribeiraopreto.com.br\/index.php\/wp-json\/wp\/v2\/media\/81140"}],"wp:attachment":[{"href":"https:\/\/noticiasribeiraopreto.com.br\/index.php\/wp-json\/wp\/v2\/media?parent=81139"}],"wp:term":[{"taxonomy":"category","embeddable":true,"href":"https:\/\/noticiasribeiraopreto.com.br\/index.php\/wp-json\/wp\/v2\/categories?post=81139"},{"taxonomy":"post_tag","embeddable":true,"href":"https:\/\/noticiasribeiraopreto.com.br\/index.php\/wp-json\/wp\/v2\/tags?post=81139"}],"curies":[{"name":"wp","href":"https:\/\/api.w.org\/{rel}","templated":true}]}}