{"id":81141,"date":"2025-12-25T07:03:37","date_gmt":"2025-12-25T10:03:37","guid":{"rendered":"https:\/\/noticiasribeiraopreto.com.br\/index.php\/2025\/12\/25\/caseiro-que-matou-mulher-e-tres-criancas-tambem-confessou-morte-de-ex-companheira\/"},"modified":"2025-12-25T07:03:37","modified_gmt":"2025-12-25T10:03:37","slug":"caseiro-que-matou-mulher-e-tres-criancas-tambem-confessou-morte-de-ex-companheira","status":"publish","type":"post","link":"https:\/\/noticiasribeiraopreto.com.br\/index.php\/2025\/12\/25\/caseiro-que-matou-mulher-e-tres-criancas-tambem-confessou-morte-de-ex-companheira\/","title":{"rendered":"Caseiro que matou mulher e tr\u00eas crian\u00e7as tamb\u00e9m confessou morte de ex-companheira"},"content":{"rendered":"<div class='code-block code-block-1' style='margin: 8px 0 8px auto; text-align: right; display: block; clear: both;'>\n<p><a href=\"https:\/\/wa.link\/vpicfd\"><img data-recalc-dims=\"1\" class=\"wp-image-4922\" style=\"aspect-ratio: 2.0253164556962027; width: 561px; height: auto;\" src=\"https:\/\/i0.wp.com\/ismaelcolosi.com.br\/wp-content\/uploads\/2023\/11\/grupo-de-empregos-whatsapp-e-facebook-ismael-colosi-vagas.jpg?ssl=1\" alt=\"\" \/><\/a><\/p>\n<!-- \/wp:image -->\n<\/div>\n<p> <br \/>\n<\/p>\n<div data-td-block-uid=\"tdi_95\">\n<div class=\"tdb-block-inner td-fix-index\">\n<p>O caseiro <strong>Milton Gon\u00e7alves Filho<\/strong>, de 48 anos, que confessou para pol\u00edcia que matou a mulher Sabrina Aparecida de Almeida Lima e os tr\u00eas filhos dela em Jaboticabal, tamb\u00e9m disse que assassinou a ex-companheira. A v\u00edtima \u00e9 <strong>J\u00e9ssica Fernanda Rizzo<\/strong>, que est\u00e1 desaparecida desde agosto do ano passado.<\/p>\n<p>Segundo apura\u00e7\u00e3o da <strong>EPTV<\/strong>, Milton disse ter matado a outra mulher no ano passado, tamb\u00e9m com a ajuda do filho, Leonardo Gon\u00e7alves. A mulher teria sido enterrada na mesma fazenda onde Milton enterrou Sabrina e os tr\u00eas filhos dela.<\/p>\n<p>Para pol\u00edcia, o acusado teria dito que cometeu o crime por ter descoberto uma suposta trai\u00e7\u00e3o. O filho teria desferido marretadas na v\u00edtima, com a ajuda do pai. Embora J\u00e9ssica esteja desaparecida desde agosto de 2024, o caso s\u00f3 foi notificado pela pol\u00edcia em outubro.<\/p>\n<p>Na ocasi\u00e3o, Milton havia apresentado para pol\u00edcia uma vers\u00e3o parecida com a que ele disse sobre o desaparecimento de Sabrina e os enteados. \u201cEle acabou com duas fam\u00edlias. Deixou crian\u00e7as sem m\u00e3e\u201d, disse Evelyn da Silva Carvalho, sobrinha de J\u00e9ssica, em entrevista \u00e0 <strong>EPTV<\/strong>.<\/p>\n<p>As buscas pelo corpo de J\u00e9ssica Fernanda Rizzo ser\u00e3o realizadas pela pol\u00edcia.<\/p>\n<p>SAIBA MAIS<br \/>Vai ao supermercado hoje? Veja os hor\u00e1rios na v\u00e9spera de Natal em Ribeir\u00e3o Preto<\/p>\n<h2 class=\"wp-block-heading\"><strong>FIQUE ON<\/strong><\/h2>\n<p>Fique ligado em tudo que acontece em Ribeir\u00e3o Preto e regi\u00e3o. Siga os perfis do\u00a0<strong>acidade on\u00a0<\/strong>no\u00a0<a href=\"https:\/\/www.instagram.com\/acidadeonribeirao\" target=\"_blank\" rel=\"noreferrer noopener\">Instagram\u00a0<\/a>e no<a href=\"https:\/\/www.facebook.com\/acidadeonribeirao\/\" target=\"_blank\" rel=\"noreferrer noopener\">\u00a0Facebook<\/a>.<\/p>\n<p>Receba not\u00edcias do<strong>\u00a0acidade on\u00a0<\/strong>no WhatsApp. Para entrar no grupo,\u00a0basta\u00a0<a href=\"https:\/\/chat.whatsapp.com\/GFH9HUMUTHNFJdnyEd0xxq\" target=\"_blank\" rel=\"noreferrer noopener\">clicar aqui<\/a>. Ou, acesse o nosso\u00a0Canal<a href=\"https:\/\/whatsapp.com\/channel\/0029Vb6IQl1JENyAeS57fk2p\" target=\"_blank\" rel=\"noreferrer noopener\">\u00a0clicando aqui<\/a>.<\/p>\n<p>Fa\u00e7a uma den\u00fancia ou sugira uma reportagem sobre Ribeir\u00e3o Preto e regi\u00e3o pelo WhatsApp: 16 99117 7802.<\/p>\n<p>VEJA TAMB\u00c9M<br \/>Bancos abrem hoje? Saiba como ser\u00e3o os hor\u00e1rios de funcionamento<\/p>\n<p><!-- AI CONTENT END 1 -->\n<\/div>\n<\/div>\n<p><script async src=\"\/\/www.instagram.com\/embed.js\"><\/script><br \/>\n<br \/><br \/>\n<br \/><a href=\"https:\/\/www.acidadeon.com\/ribeiraopreto\/cotidiano\/caseiro-que-matou-mulher-e-tres-criancas-tambem-confessou-morte-de-ex-companheira\/\">Source link <\/a><\/p>\n<!-- CONTENT END 1 -->\n","protected":false},"excerpt":{"rendered":"<p>O caseiro Milton Gon\u00e7alves Filho, de 48 anos, que confessou para pol\u00edcia que matou a mulher Sabrina Aparecida de Almeida Lima e os tr\u00eas filhos&#8230;<\/p>\n","protected":false},"author":1,"featured_media":81142,"comment_status":"open","ping_status":"open","sticky":false,"template":"","format":"standard","meta":{"advanced_seo_description":"","jetpack_seo_html_title":"","jetpack_seo_noindex":false,"jetpack_post_was_ever_published":false,"_jetpack_newsletter_access":"","_jetpack_dont_email_post_to_subs":false,"_jetpack_newsletter_tier_id":0,"_jetpack_memberships_contains_paywalled_content":false,"_jetpack_memberships_contains_paid_content":false,"footnotes":"","jetpack_publicize_message":"","jetpack_publicize_feature_enabled":true,"jetpack_social_post_already_shared":true,"jetpack_social_options":{"image_generator_settings":{"template":"highway","default_image_id":0,"font":"","enabled":false},"version":2}},"categories":[11],"tags":[],"class_list":["post-81141","post","type-post","status-publish","format-standard","has-post-thumbnail","hentry","category-noticias-de-ribeirao-preto-sp-e-regiao-ismael-colosi"],"jetpack_publicize_connections":[],"jetpack_featured_media_url":"https:\/\/i0.wp.com\/noticiasribeiraopreto.com.br\/wp-content\/uploads\/2025\/12\/milton_2025-12-24_15-37-14.webp.webp?fit=1200%2C674&ssl=1","jetpack-related-posts":[{"id":81416,"url":"https:\/\/noticiasribeiraopreto.com.br\/index.php\/2026\/01\/05\/policia-prossegue-com-inquerito-sobre-feminicidio-na-regiao\/","url_meta":{"origin":81141,"position":0},"title":"Pol\u00edcia prossegue com inqu\u00e9rito sobre feminic\u00eddio na regi\u00e3o","author":"noticiasribeiraopreto.com.br","date":"5 de January de 2026","format":false,"excerpt":"\r Pai e filho devem ser indiciados por feminic\u00eddio de duas mulheres e pelo homic\u00eddio das tr\u00eas crian\u00e7as, que, a princ\u00edpio, eram consideradas desaparecidas\r \r 5 de janeiro de 2026 10:15 \r Compartilhar1 Por: Adalberto Luque A Pol\u00edcia Civil de Jaboticabal prossegue com os inqu\u00e9ritos que apuram as mortes de\u2026","rel":"","context":"In &quot;Not\u00edcias de Ribeir\u00e3o Preto-SP e Regi\u00e3o&quot;","block_context":{"text":"Not\u00edcias de Ribeir\u00e3o Preto-SP e Regi\u00e3o","link":"https:\/\/noticiasribeiraopreto.com.br\/index.php\/category\/noticias-de-ribeirao-preto-sp-e-regiao-ismael-colosi\/"},"img":{"alt_text":"","src":"https:\/\/i0.wp.com\/noticiasribeiraopreto.com.br\/wp-content\/uploads\/2026\/01\/05-jan-2026-feminicidiojaboticabal3-scaled.jpg?fit=1200%2C750&ssl=1&resize=350%2C200","width":350,"height":200,"srcset":"https:\/\/i0.wp.com\/noticiasribeiraopreto.com.br\/wp-content\/uploads\/2026\/01\/05-jan-2026-feminicidiojaboticabal3-scaled.jpg?fit=1200%2C750&ssl=1&resize=350%2C200 1x, https:\/\/i0.wp.com\/noticiasribeiraopreto.com.br\/wp-content\/uploads\/2026\/01\/05-jan-2026-feminicidiojaboticabal3-scaled.jpg?fit=1200%2C750&ssl=1&resize=525%2C300 1.5x, https:\/\/i0.wp.com\/noticiasribeiraopreto.com.br\/wp-content\/uploads\/2026\/01\/05-jan-2026-feminicidiojaboticabal3-scaled.jpg?fit=1200%2C750&ssl=1&resize=700%2C400 2x, https:\/\/i0.wp.com\/noticiasribeiraopreto.com.br\/wp-content\/uploads\/2026\/01\/05-jan-2026-feminicidiojaboticabal3-scaled.jpg?fit=1200%2C750&ssl=1&resize=1050%2C600 3x"},"classes":[]},{"id":81124,"url":"https:\/\/noticiasribeiraopreto.com.br\/index.php\/2025\/12\/24\/enteado-e-preso-por-envolvimento-em-assassinato-de-mulher-e-criancas-em-jaboticabal\/","url_meta":{"origin":81141,"position":1},"title":"Enteado \u00e9 preso por envolvimento em assassinato de mulher e crian\u00e7as em Jaboticabal","author":"noticiasribeiraopreto.com.br","date":"24 de December de 2025","format":false,"excerpt":"\r \r \r 24 de dezembro de 2025 10:23 \r Compartilhar0 Crime chocou moradores; corpos foram encontrados enterrados em covas na fazenda onde a fam\u00edlia vivia. Sabrina e os filhos. Todos assassinados A Pol\u00edcia Civil prendeu, no in\u00edcio da noite de ter\u00e7a-feira (23), Leonardo Gon\u00e7alves, de 21 anos, filho de\u2026","rel":"","context":"In &quot;Not\u00edcias de Ribeir\u00e3o Preto-SP e Regi\u00e3o&quot;","block_context":{"text":"Not\u00edcias de Ribeir\u00e3o Preto-SP e Regi\u00e3o","link":"https:\/\/noticiasribeiraopreto.com.br\/index.php\/category\/noticias-de-ribeirao-preto-sp-e-regiao-ismael-colosi\/"},"img":{"alt_text":"","src":"https:\/\/i0.wp.com\/noticiasribeiraopreto.com.br\/wp-content\/uploads\/2025\/12\/crime-jaboti-enteado.jpg?fit=800%2C500&ssl=1&resize=350%2C200","width":350,"height":200,"srcset":"https:\/\/i0.wp.com\/noticiasribeiraopreto.com.br\/wp-content\/uploads\/2025\/12\/crime-jaboti-enteado.jpg?fit=800%2C500&ssl=1&resize=350%2C200 1x, https:\/\/i0.wp.com\/noticiasribeiraopreto.com.br\/wp-content\/uploads\/2025\/12\/crime-jaboti-enteado.jpg?fit=800%2C500&ssl=1&resize=525%2C300 1.5x, https:\/\/i0.wp.com\/noticiasribeiraopreto.com.br\/wp-content\/uploads\/2025\/12\/crime-jaboti-enteado.jpg?fit=800%2C500&ssl=1&resize=700%2C400 2x"},"classes":[]},{"id":81096,"url":"https:\/\/noticiasribeiraopreto.com.br\/index.php\/2025\/12\/23\/marido-confessa-ter-matado-mulher-e-os-tres-filhos-em-jaboticabal\/","url_meta":{"origin":81141,"position":2},"title":"Marido confessa ter matado mulher e os tr\u00eas filhos em Jaboticabal","author":"noticiasribeiraopreto.com.br","date":"23 de December de 2025","format":false,"excerpt":"\r \r \r 23 de dezembro de 2025 18:3423 de dezembro de 2025 18:36 \r Compartilhar0 Milton Gon\u00e7alves Filho, de 48 anos, foi preso ap\u00f3s confessar \u00e0 Pol\u00edcia Civil, na tarde desta ter\u00e7a-feira (23), que matou a esposa, Sabrina Aparecida de Almeida Lima, de 27 anos, e os tr\u00eas filhos\u2026","rel":"","context":"In &quot;Not\u00edcias de Ribeir\u00e3o Preto-SP e Regi\u00e3o&quot;","block_context":{"text":"Not\u00edcias de Ribeir\u00e3o Preto-SP e Regi\u00e3o","link":"https:\/\/noticiasribeiraopreto.com.br\/index.php\/category\/noticias-de-ribeirao-preto-sp-e-regiao-ismael-colosi\/"},"img":{"alt_text":"","src":"https:\/\/i0.wp.com\/noticiasribeiraopreto.com.br\/wp-content\/uploads\/2025\/12\/1766525801_familia-desaparecida.jpg?fit=800%2C500&ssl=1&resize=350%2C200","width":350,"height":200,"srcset":"https:\/\/i0.wp.com\/noticiasribeiraopreto.com.br\/wp-content\/uploads\/2025\/12\/1766525801_familia-desaparecida.jpg?fit=800%2C500&ssl=1&resize=350%2C200 1x, https:\/\/i0.wp.com\/noticiasribeiraopreto.com.br\/wp-content\/uploads\/2025\/12\/1766525801_familia-desaparecida.jpg?fit=800%2C500&ssl=1&resize=525%2C300 1.5x, https:\/\/i0.wp.com\/noticiasribeiraopreto.com.br\/wp-content\/uploads\/2025\/12\/1766525801_familia-desaparecida.jpg?fit=800%2C500&ssl=1&resize=700%2C400 2x"},"classes":[]},{"id":81107,"url":"https:\/\/noticiasribeiraopreto.com.br\/index.php\/2025\/12\/24\/marido-confessa-ter-matado-esposa-e-os-tres-filhos-dela-na-regiao-de-ribeirao-preto\/","url_meta":{"origin":81141,"position":3},"title":"Marido confessa ter matado esposa e os tr\u00eas filhos dela na regi\u00e3o de Ribeir\u00e3o Preto","author":"noticiasribeiraopreto.com.br","date":"24 de December de 2025","format":false,"excerpt":"Milton Gon\u00e7alves Filho, de 48 anos, confessou \u00e0 Pol\u00edcia Civil, nesta ter\u00e7a-feira (23), ter matado a esposa, Sabrina Aparecida de Almeida Lima, de 27 anos, e os tr\u00eas filhos dela, em Jaboticabal, na regi\u00e3o de Ribeir\u00e3o Preto. Conforme apura\u00e7\u00e3o da EPTV, os corpos foram deixados todos no mesmo local. Milton\u2026","rel":"","context":"In &quot;Not\u00edcias de Ribeir\u00e3o Preto-SP e Regi\u00e3o&quot;","block_context":{"text":"Not\u00edcias de Ribeir\u00e3o Preto-SP e Regi\u00e3o","link":"https:\/\/noticiasribeiraopreto.com.br\/index.php\/category\/noticias-de-ribeirao-preto-sp-e-regiao-ismael-colosi\/"},"img":{"alt_text":"","src":"https:\/\/i0.wp.com\/noticiasribeiraopreto.com.br\/wp-content\/uploads\/2025\/12\/desaparece-jaboticabal_2025-12-22_14-26-49.webp.webp?fit=1200%2C675&ssl=1&resize=350%2C200","width":350,"height":200,"srcset":"https:\/\/i0.wp.com\/noticiasribeiraopreto.com.br\/wp-content\/uploads\/2025\/12\/desaparece-jaboticabal_2025-12-22_14-26-49.webp.webp?fit=1200%2C675&ssl=1&resize=350%2C200 1x, https:\/\/i0.wp.com\/noticiasribeiraopreto.com.br\/wp-content\/uploads\/2025\/12\/desaparece-jaboticabal_2025-12-22_14-26-49.webp.webp?fit=1200%2C675&ssl=1&resize=525%2C300 1.5x, https:\/\/i0.wp.com\/noticiasribeiraopreto.com.br\/wp-content\/uploads\/2025\/12\/desaparece-jaboticabal_2025-12-22_14-26-49.webp.webp?fit=1200%2C675&ssl=1&resize=700%2C400 2x, https:\/\/i0.wp.com\/noticiasribeiraopreto.com.br\/wp-content\/uploads\/2025\/12\/desaparece-jaboticabal_2025-12-22_14-26-49.webp.webp?fit=1200%2C675&ssl=1&resize=1050%2C600 3x"},"classes":[]},{"id":81103,"url":"https:\/\/noticiasribeiraopreto.com.br\/index.php\/2025\/12\/24\/ela-se-recusou-a-voltar-para-casa-e-ele-decidiu-mata-la-diz-delegado-sobre-crime-contra-esposa-e-enteados\/","url_meta":{"origin":81141,"position":4},"title":"&#8216;Ela se recusou a voltar para casa e ele decidiu mat\u00e1-la&#8217;, diz delegado sobre crime contra esposa e enteados","author":"noticiasribeiraopreto.com.br","date":"24 de December de 2025","format":false,"excerpt":"Em depoimento a Pol\u00edcia Civil, Milton Gon\u00e7alves Filho, de 48 anos, confessou ter matado a esposa e os tr\u00eas enteados ap\u00f3s ser ouvido novamente na delegacia de Jaboticabal, cidade na regi\u00e3o de Ribeir\u00e3o Preto, nesta ter\u00e7a-feira (23). Segundo o delegado Oswaldo Jos\u00e9 da Silva, a v\u00edtima, Sabrina Aparecida de Almeida\u2026","rel":"","context":"In &quot;Not\u00edcias de Ribeir\u00e3o Preto-SP e Regi\u00e3o&quot;","block_context":{"text":"Not\u00edcias de Ribeir\u00e3o Preto-SP e Regi\u00e3o","link":"https:\/\/noticiasribeiraopreto.com.br\/index.php\/category\/noticias-de-ribeirao-preto-sp-e-regiao-ismael-colosi\/"},"img":{"alt_text":"","src":"https:\/\/i0.wp.com\/noticiasribeiraopreto.com.br\/wp-content\/uploads\/2025\/12\/domingo-30_2025-12-23_22-06-50.webp.webp?fit=1200%2C675&ssl=1&resize=350%2C200","width":350,"height":200,"srcset":"https:\/\/i0.wp.com\/noticiasribeiraopreto.com.br\/wp-content\/uploads\/2025\/12\/domingo-30_2025-12-23_22-06-50.webp.webp?fit=1200%2C675&ssl=1&resize=350%2C200 1x, https:\/\/i0.wp.com\/noticiasribeiraopreto.com.br\/wp-content\/uploads\/2025\/12\/domingo-30_2025-12-23_22-06-50.webp.webp?fit=1200%2C675&ssl=1&resize=525%2C300 1.5x, https:\/\/i0.wp.com\/noticiasribeiraopreto.com.br\/wp-content\/uploads\/2025\/12\/domingo-30_2025-12-23_22-06-50.webp.webp?fit=1200%2C675&ssl=1&resize=700%2C400 2x, https:\/\/i0.wp.com\/noticiasribeiraopreto.com.br\/wp-content\/uploads\/2025\/12\/domingo-30_2025-12-23_22-06-50.webp.webp?fit=1200%2C675&ssl=1&resize=1050%2C600 3x"},"classes":[]},{"id":81092,"url":"https:\/\/noticiasribeiraopreto.com.br\/index.php\/2025\/12\/23\/buscas-por-familia-desaparecida-em-jaboticabal-continuam-nesta-terca\/","url_meta":{"origin":81141,"position":5},"title":"Buscas por fam\u00edlia desaparecida em Jaboticabal continuam nesta ter\u00e7a","author":"noticiasribeiraopreto.com.br","date":"23 de December de 2025","format":false,"excerpt":"\r \r \r 23 de dezembro de 2025 11:18 \r Compartilhar0 As buscas por Sabrina de Almeida Lima, de 27 anos, e os tr\u00eas filhos, de 10, 8 e 6 anos, continuam nesta ter\u00e7a-feira (23). A Pol\u00edcia Civil atua na regi\u00e3o da Lagoa dos Paus, localizada em um s\u00edtio, onde\u2026","rel":"","context":"In &quot;Not\u00edcias de Ribeir\u00e3o Preto-SP e Regi\u00e3o&quot;","block_context":{"text":"Not\u00edcias de Ribeir\u00e3o Preto-SP e Regi\u00e3o","link":"https:\/\/noticiasribeiraopreto.com.br\/index.php\/category\/noticias-de-ribeirao-preto-sp-e-regiao-ismael-colosi\/"},"img":{"alt_text":"","src":"https:\/\/i0.wp.com\/noticiasribeiraopreto.com.br\/wp-content\/uploads\/2025\/12\/familia-desaparecida-1.jpg?fit=800%2C500&ssl=1&resize=350%2C200","width":350,"height":200,"srcset":"https:\/\/i0.wp.com\/noticiasribeiraopreto.com.br\/wp-content\/uploads\/2025\/12\/familia-desaparecida-1.jpg?fit=800%2C500&ssl=1&resize=350%2C200 1x, https:\/\/i0.wp.com\/noticiasribeiraopreto.com.br\/wp-content\/uploads\/2025\/12\/familia-desaparecida-1.jpg?fit=800%2C500&ssl=1&resize=525%2C300 1.5x, https:\/\/i0.wp.com\/noticiasribeiraopreto.com.br\/wp-content\/uploads\/2025\/12\/familia-desaparecida-1.jpg?fit=800%2C500&ssl=1&resize=700%2C400 2x"},"classes":[]}],"jetpack_sharing_enabled":true,"jetpack_shortlink":"https:\/\/wp.me\/peQAOb-l6J","_links":{"self":[{"href":"https:\/\/noticiasribeiraopreto.com.br\/index.php\/wp-json\/wp\/v2\/posts\/81141","targetHints":{"allow":["GET"]}}],"collection":[{"href":"https:\/\/noticiasribeiraopreto.com.br\/index.php\/wp-json\/wp\/v2\/posts"}],"about":[{"href":"https:\/\/noticiasribeiraopreto.com.br\/index.php\/wp-json\/wp\/v2\/types\/post"}],"author":[{"embeddable":true,"href":"https:\/\/noticiasribeiraopreto.com.br\/index.php\/wp-json\/wp\/v2\/users\/1"}],"replies":[{"embeddable":true,"href":"https:\/\/noticiasribeiraopreto.com.br\/index.php\/wp-json\/wp\/v2\/comments?post=81141"}],"version-history":[{"count":0,"href":"https:\/\/noticiasribeiraopreto.com.br\/index.php\/wp-json\/wp\/v2\/posts\/81141\/revisions"}],"wp:featuredmedia":[{"embeddable":true,"href":"https:\/\/noticiasribeiraopreto.com.br\/index.php\/wp-json\/wp\/v2\/media\/81142"}],"wp:attachment":[{"href":"https:\/\/noticiasribeiraopreto.com.br\/index.php\/wp-json\/wp\/v2\/media?parent=81141"}],"wp:term":[{"taxonomy":"category","embeddable":true,"href":"https:\/\/noticiasribeiraopreto.com.br\/index.php\/wp-json\/wp\/v2\/categories?post=81141"},{"taxonomy":"post_tag","embeddable":true,"href":"https:\/\/noticiasribeiraopreto.com.br\/index.php\/wp-json\/wp\/v2\/tags?post=81141"}],"curies":[{"name":"wp","href":"https:\/\/api.w.org\/{rel}","templated":true}]}}