{"id":81143,"date":"2025-12-25T07:10:22","date_gmt":"2025-12-25T10:10:22","guid":{"rendered":"https:\/\/noticiasribeiraopreto.com.br\/index.php\/2025\/12\/25\/novo-salario-minimo-sera-de-r-1-621-em-2026\/"},"modified":"2025-12-25T07:10:22","modified_gmt":"2025-12-25T10:10:22","slug":"novo-salario-minimo-sera-de-r-1-621-em-2026","status":"publish","type":"post","link":"https:\/\/noticiasribeiraopreto.com.br\/index.php\/2025\/12\/25\/novo-salario-minimo-sera-de-r-1-621-em-2026\/","title":{"rendered":"Novo sal\u00e1rio m\u00ednimo ser\u00e1 de R$ 1.621 em 2026"},"content":{"rendered":"<div class='code-block code-block-1' style='margin: 8px 0 8px auto; text-align: right; display: block; clear: both;'>\n<p><a href=\"https:\/\/wa.link\/vpicfd\"><img data-recalc-dims=\"1\" class=\"wp-image-4922\" style=\"aspect-ratio: 2.0253164556962027; width: 561px; height: auto;\" src=\"https:\/\/i0.wp.com\/ismaelcolosi.com.br\/wp-content\/uploads\/2023\/11\/grupo-de-empregos-whatsapp-e-facebook-ismael-colosi-vagas.jpg?ssl=1\" alt=\"\" \/><\/a><\/p>\n<!-- \/wp:image -->\n<\/div>\n<p> <br \/>\n<\/p>\n<div id=\"\">&#13;<br \/>\n\t\t\t\t\t\t\t\t&#13;<\/p>\n<p>&#13;<br \/>\n\t\t\t\t\t\t\t\t\t<span class=\"entry-meta-item penci-posted-on\"><i class=\"fa fa-clock-o\"\/><time class=\"entry-date published\" datetime=\"2025-12-25T07:09:04-03:00\">25 de dezembro de 2025 07:09<\/time><time class=\"updated\" datetime=\"2025-12-24T17:11:54-03:00\">24 de dezembro de 2025 17:11<\/time><\/span><span class=\"entry-meta-item penci-post-countview\"\/>\t\t\t\t\t\t\t\t<\/p>\n<p><!-- .entry-meta -->&#13;<br \/>\n\t\t\t\t\t\t\t\t<span class=\"penci-social-buttons penci-social-share-footer\"><span class=\"penci-social-share-text\">Compartilhar<\/span><a href=\"#\" class=\"penci-post-like penci_post-meta_item  single-like-button penci-social-item like\" data-post_id=\"450192\" title=\"Like\" data-like=\"Like\" data-unlike=\"Unlike\"><i class=\"fa fa-thumbs-o-up\"\/><span class=\"penci-share-number\">0<\/span><\/a><i class=\"fa fa-facebook\"\/><a class=\"penci-social-item twitter\" target=\"_blank\" rel=\"noopener\" title=\"\" href=\"https:\/\/twitter.com\/intent\/tweet?text=Novo%20sal\u00e1rio%20m\u00ednimo%20ser\u00e1%20de%20R$%201.621%20em%202026%20-%20https:\/\/www.tribunaribeirao.com.br\/novo-salario-minimo-sera-de-r-1-621-em-2026\/\"><i class=\"fa fa-twitter\"\/><\/a><i class=\"fa fa-linkedin\"\/><i class=\"fa fa-whatsapp\"\/><i class=\"fa fa-telegram\"\/><i class=\"fa fa-envelope\"\/><\/span>\t\t\t\t\t\t\t<\/div>\n<div>\n<p>O sal\u00e1rio m\u00ednimo ser\u00e1 de R$ 1.621 a partir de 1\u00ba de janeiro de 2026. O valor teve um aumento de 6,8%, um pouco mais de R$ 100, e foi estipulado por meio de publica\u00e7\u00e3o, nesta quarta-feira (24), no <a href=\"https:\/\/www.gov.br\/planalto\/pt-br\/acompanhe-o-planalto\/noticias\/2025\/12\/publicado-decreto-que-reajusta-salario-minimo-para-r-1-621-a-partir-de-1o-de-janeiro#:~:text=O%20valor%2C%20que%20atualmente%20%C3%A9,a%20R%24%207%2C37.\" target=\"_blank\" rel=\"noopener\">Di\u00e1rio Oficial da Uni\u00e3o<\/a> pelo governo federal. O m\u00ednimo anterior era de R$ 1.518.<img data-recalc-dims=\"1\" decoding=\"async\" src=\"https:\/\/i0.wp.com\/agenciabrasil.ebc.com.br\/ebc.png?ssl=1\" class=\"lazyload\"\/><img data-recalc-dims=\"1\" decoding=\"async\" src=\"https:\/\/i0.wp.com\/agenciabrasil.ebc.com.br\/ebc.gif?ssl=1\" class=\"lazyload\"\/><\/p>\n<p>Pelas regras, o valor do sal\u00e1rio m\u00ednimo deve ser atualizado anualmente pela infla\u00e7\u00e3o medida pelo \u00cdndice Nacional de Pre\u00e7os ao Consumidor (INPC) acumulado em 12 meses at\u00e9 novembro, mais o crescimento da economia brasileira de dois anos antes, ou seja, do ano de 2024, sujeito ao limite m\u00e1ximo de 2,5% ao ano, por conta do teto de gastos.<\/p>\n<p>Os dois componentes, juntos, garantem um aumento real do piso, diferente da pol\u00edtica dos governos anteriores para o sal\u00e1rio \u00a0m\u00ednimo, de Michel Temer e Jair Bolsonaro, quando o reajuste era feito somente pela infla\u00e7\u00e3o.<\/p>\n<p>\u201cEsse modelo teve efeitos adversos sobre o poder de compra em contexto de infla\u00e7\u00e3o relativamente elevada\u201d, disse o Departamento Intersindical de Estat\u00edstica e Estudos (Dieese), em nota t\u00e9cnica sobre o novo m\u00ednimo.<\/p>\n<p>\u201cEnquanto os pre\u00e7os avan\u00e7avam continuamente, a recomposi\u00e7\u00e3o salarial ocorria apenas uma vez, no reajuste anual, fazendo com que o sal\u00e1rio m\u00ednimo real se deteriorasse\u201d. O \u00f3rg\u00e3o acrescentou que, somente a reposi\u00e7\u00e3o da infla\u00e7\u00e3o, entre 2020 e 2022, n\u00e3o foi suficiente para diluir o impacto dos pre\u00e7os dos alimentos, que subiram acima da m\u00e9dia, pesando de forma desproporcional no rendimento das fam\u00edlias pobres.<\/p>\n<p>O sal\u00e1rio m\u00ednimo \u00e9 a menor remunera\u00e7\u00e3o que um trabalhador formalizado pode receber no pa\u00eds e deve ser suficiente para atender a necessidades vitais b\u00e1sicas pr\u00f3prias e de sua fam\u00edlia, como moradia, alimenta\u00e7\u00e3o, sa\u00fade, lazer, higiene e transporte, de acordo com a Constitui\u00e7\u00e3o Federal.<\/p>\n<p>Com essa inten\u00e7\u00e3o, de acordo com o Dieese, a m\u00ednimo mensal de uma fam\u00edlia de quatro pessoas no Brasil deveria ser de R$ 7.067,18, em novembro de 2025, o equivalente a 4,3 vezes o novo piso do m\u00ednimo nacional em janeiro de 2026.<\/p>\n<p>De acordo com o departamento, cerca de 62 milh\u00f5es de brasileiros recebem o m\u00ednimo. Com o reajuste para R$ 1,621, o incremento na economia ser\u00e1 de R$ 81,7 bilh\u00f5es.<\/p>\n<\/div>\n<p><script async src=\"\/\/platform.twitter.com\/widgets.js\" charset=\"utf-8\"><\/script><br \/>\n<br \/><br \/>\n<br \/><a href=\"https:\/\/www.tribunaribeirao.com.br\/novo-salario-minimo-sera-de-r-1-621-em-2026\/\">Source link <\/a><\/p>\n<!-- CONTENT END 1 -->\n","protected":false},"excerpt":{"rendered":"<p>&#13; &#13; &#13; 25 de dezembro de 2025 07:0924 de dezembro de 2025 17:11 &#13; Compartilhar0 O sal\u00e1rio m\u00ednimo ser\u00e1 de R$ 1.621 a partir&#8230;<\/p>\n","protected":false},"author":1,"featured_media":81144,"comment_status":"open","ping_status":"open","sticky":false,"template":"","format":"standard","meta":{"advanced_seo_description":"","jetpack_seo_html_title":"","jetpack_seo_noindex":false,"jetpack_post_was_ever_published":false,"_jetpack_newsletter_access":"","_jetpack_dont_email_post_to_subs":false,"_jetpack_newsletter_tier_id":0,"_jetpack_memberships_contains_paywalled_content":false,"_jetpack_memberships_contains_paid_content":false,"footnotes":"","jetpack_publicize_message":"","jetpack_publicize_feature_enabled":true,"jetpack_social_post_already_shared":true,"jetpack_social_options":{"image_generator_settings":{"template":"highway","default_image_id":0,"font":"","enabled":false},"version":2}},"categories":[11],"tags":[],"class_list":["post-81143","post","type-post","status-publish","format-standard","has-post-thumbnail","hentry","category-noticias-de-ribeirao-preto-sp-e-regiao-ismael-colosi"],"jetpack_publicize_connections":[],"jetpack_featured_media_url":"https:\/\/i0.wp.com\/noticiasribeiraopreto.com.br\/wp-content\/uploads\/2025\/12\/salario-minimo.webp.webp?fit=1170%2C700&ssl=1","jetpack-related-posts":[{"id":60676,"url":"https:\/\/noticiasribeiraopreto.com.br\/index.php\/2024\/11\/21\/confira-os-bairros-que-o-papai-noel-vai-visitar-em-ribeirao-preto\/","url_meta":{"origin":81143,"position":0},"title":"Confira os bairros que o Papai Noel vai visitar em Ribeir\u00e3o Preto","author":"noticiasribeiraopreto.com.br","date":"21 de November de 2024","format":false,"excerpt":"O final de novembro marca o in\u00edcio do Natal em Ribeir\u00e3o Preto, com a chegada do Papai Noel ao Centro do munic\u00edpio e inaugura\u00e7\u00e3o da ilumina\u00e7\u00e3o especial de final de ano. Al\u00e9m de fazer a alegria dos pequenos e no Centro Cultural Palace, localizado no cruzamento das ruas \u00c1lvares de\u2026","rel":"","context":"In &quot;Not\u00edcias de Ribeir\u00e3o Preto-SP e Regi\u00e3o&quot;","block_context":{"text":"Not\u00edcias de Ribeir\u00e3o Preto-SP e Regi\u00e3o","link":"https:\/\/noticiasribeiraopreto.com.br\/index.php\/category\/noticias-de-ribeirao-preto-sp-e-regiao-ismael-colosi\/"},"img":{"alt_text":"","src":"https:\/\/i0.wp.com\/noticiasribeiraopreto.com.br\/wp-content\/uploads\/2024\/11\/5I6A6795-scaled-1.jpg?fit=1200%2C800&ssl=1&resize=350%2C200","width":350,"height":200,"srcset":"https:\/\/i0.wp.com\/noticiasribeiraopreto.com.br\/wp-content\/uploads\/2024\/11\/5I6A6795-scaled-1.jpg?fit=1200%2C800&ssl=1&resize=350%2C200 1x, https:\/\/i0.wp.com\/noticiasribeiraopreto.com.br\/wp-content\/uploads\/2024\/11\/5I6A6795-scaled-1.jpg?fit=1200%2C800&ssl=1&resize=525%2C300 1.5x, https:\/\/i0.wp.com\/noticiasribeiraopreto.com.br\/wp-content\/uploads\/2024\/11\/5I6A6795-scaled-1.jpg?fit=1200%2C800&ssl=1&resize=700%2C400 2x, https:\/\/i0.wp.com\/noticiasribeiraopreto.com.br\/wp-content\/uploads\/2024\/11\/5I6A6795-scaled-1.jpg?fit=1200%2C800&ssl=1&resize=1050%2C600 3x"},"classes":[]},{"id":13473,"url":"https:\/\/noticiasribeiraopreto.com.br\/index.php\/2023\/12\/10\/descubra-o-que-o-caixa-tem-reservou-para-dezembro\/","url_meta":{"origin":81143,"position":1},"title":"Descubra o que o Caixa Tem reservou para dezembro","author":"noticiasribeiraopreto.com.br","date":"10 de December de 2023","format":false,"excerpt":"Cr\u00e9ditos: Marcelo Camargo\/ Ag\u00eancia BrasilCaixa Tem tem novidades para dezembro O m\u00eas de dezembro chegou, e com ele, a expectativa de milh\u00f5es de brasileiros que aguardam ansiosamente pelos pagamentos do Caixa Tem. Recentemente, o aplicativo divulgou o calend\u00e1rio oficial de pagamentos para o m\u00eas, trazendo al\u00edvio financeiro para benefici\u00e1rios do\u2026","rel":"","context":"In &quot;Variedades&quot;","block_context":{"text":"Variedades","link":"https:\/\/noticiasribeiraopreto.com.br\/index.php\/category\/variedades\/"},"img":{"alt_text":"","src":"https:\/\/i0.wp.com\/noticiasribeiraopreto.com.br\/wp-content\/uploads\/2023\/12\/caixa-tem-concurso.jpg?fit=1200%2C638&ssl=1&resize=350%2C200","width":350,"height":200,"srcset":"https:\/\/i0.wp.com\/noticiasribeiraopreto.com.br\/wp-content\/uploads\/2023\/12\/caixa-tem-concurso.jpg?fit=1200%2C638&ssl=1&resize=350%2C200 1x, https:\/\/i0.wp.com\/noticiasribeiraopreto.com.br\/wp-content\/uploads\/2023\/12\/caixa-tem-concurso.jpg?fit=1200%2C638&ssl=1&resize=525%2C300 1.5x, https:\/\/i0.wp.com\/noticiasribeiraopreto.com.br\/wp-content\/uploads\/2023\/12\/caixa-tem-concurso.jpg?fit=1200%2C638&ssl=1&resize=700%2C400 2x, https:\/\/i0.wp.com\/noticiasribeiraopreto.com.br\/wp-content\/uploads\/2023\/12\/caixa-tem-concurso.jpg?fit=1200%2C638&ssl=1&resize=1050%2C600 3x"},"classes":[]},{"id":34430,"url":"https:\/\/noticiasribeiraopreto.com.br\/index.php\/2024\/02\/02\/viapaulista-s-a-ata-de-age-realizada-em-29-de-dezembro-de-2023\/","url_meta":{"origin":81143,"position":2},"title":"ViaPaulista S.A. \u2013 Ata de AGE realizada em 29 de dezembro de 2023","author":"noticiasribeiraopreto.com.br","date":"2 de February de 2024","format":false,"excerpt":"O post ViaPaulista S.A. \u2013 Ata de AGE realizada em 29 de dezembro de 2023 apareceu primeiro em Jornal Tribuna Ribeir\u00e3o. Source link","rel":"","context":"In &quot;Not\u00edcias de Ribeir\u00e3o Preto-SP e Regi\u00e3o&quot;","block_context":{"text":"Not\u00edcias de Ribeir\u00e3o Preto-SP e Regi\u00e3o","link":"https:\/\/noticiasribeiraopreto.com.br\/index.php\/category\/noticias-de-ribeirao-preto-sp-e-regiao-ismael-colosi\/"},"img":{"alt_text":"","src":"https:\/\/i0.wp.com\/noticiasribeiraopreto.com.br\/wp-content\/uploads\/2024\/02\/1706848546_publicidade-legal.png?fit=700%2C450&ssl=1&resize=350%2C200","width":350,"height":200,"srcset":"https:\/\/i0.wp.com\/noticiasribeiraopreto.com.br\/wp-content\/uploads\/2024\/02\/1706848546_publicidade-legal.png?fit=700%2C450&ssl=1&resize=350%2C200 1x, https:\/\/i0.wp.com\/noticiasribeiraopreto.com.br\/wp-content\/uploads\/2024\/02\/1706848546_publicidade-legal.png?fit=700%2C450&ssl=1&resize=525%2C300 1.5x, https:\/\/i0.wp.com\/noticiasribeiraopreto.com.br\/wp-content\/uploads\/2024\/02\/1706848546_publicidade-legal.png?fit=700%2C450&ssl=1&resize=700%2C400 2x"},"classes":[]},{"id":44496,"url":"https:\/\/noticiasribeiraopreto.com.br\/index.php\/2024\/03\/28\/basequimica-s-a-balancos-patrimoniais-em-31-de-dezembro-de-2023-e-de-2022\/","url_meta":{"origin":81143,"position":3},"title":"BASEQU\u00cdMICA S.A \u2013 Balan\u00e7os Patrimoniais em 31 de dezembro de 2023 e de 2022","author":"noticiasribeiraopreto.com.br","date":"28 de March de 2024","format":false,"excerpt":"O post BASEQU\u00cdMICA S.A \u2013 Balan\u00e7os Patrimoniais em 31 de dezembro de 2023 e de 2022 apareceu primeiro em Jornal Tribuna Ribeir\u00e3o. Source link","rel":"","context":"In &quot;Not\u00edcias de Ribeir\u00e3o Preto-SP e Regi\u00e3o&quot;","block_context":{"text":"Not\u00edcias de Ribeir\u00e3o Preto-SP e Regi\u00e3o","link":"https:\/\/noticiasribeiraopreto.com.br\/index.php\/category\/noticias-de-ribeirao-preto-sp-e-regiao-ismael-colosi\/"},"img":{"alt_text":"","src":"https:\/\/i0.wp.com\/noticiasribeiraopreto.com.br\/wp-content\/uploads\/2024\/03\/1711618345_publicidade-legal.png?fit=700%2C450&ssl=1&resize=350%2C200","width":350,"height":200,"srcset":"https:\/\/i0.wp.com\/noticiasribeiraopreto.com.br\/wp-content\/uploads\/2024\/03\/1711618345_publicidade-legal.png?fit=700%2C450&ssl=1&resize=350%2C200 1x, https:\/\/i0.wp.com\/noticiasribeiraopreto.com.br\/wp-content\/uploads\/2024\/03\/1711618345_publicidade-legal.png?fit=700%2C450&ssl=1&resize=525%2C300 1.5x, https:\/\/i0.wp.com\/noticiasribeiraopreto.com.br\/wp-content\/uploads\/2024\/03\/1711618345_publicidade-legal.png?fit=700%2C450&ssl=1&resize=700%2C400 2x"},"classes":[]},{"id":13095,"url":"https:\/\/noticiasribeiraopreto.com.br\/index.php\/2023\/12\/09\/governo-antecipa-calendario-do-bolsa-familia-em-dezembro\/","url_meta":{"origin":81143,"position":4},"title":"Governo antecipa calend\u00e1rio do Bolsa Fam\u00edlia em dezembro","author":"noticiasribeiraopreto.com.br","date":"9 de December de 2023","format":false,"excerpt":"Cr\u00e9ditos: Istock\/IltonRogerioNovo calend\u00e1rio do Bolsa Fam\u00edlia de dezembro \u00e9 divulgado; confira O m\u00eas de dezembro traz uma not\u00edcia positiva para os benefici\u00e1rios do Bolsa Fam\u00edlia em todo o pa\u00eds, j\u00e1 que o Governo Federal decidiu antecipar o calend\u00e1rio de pagamento. Essa iniciativa tem como objetivo principal garantir que as fam\u00edlias\u2026","rel":"","context":"In &quot;Variedades&quot;","block_context":{"text":"Variedades","link":"https:\/\/noticiasribeiraopreto.com.br\/index.php\/category\/variedades\/"},"img":{"alt_text":"","src":"https:\/\/i0.wp.com\/noticiasribeiraopreto.com.br\/wp-content\/uploads\/2023\/12\/1702116113_bolsa-familia-a-noticia-mais-esperada-de-setembro-acaba-de-chegar.jpg?fit=1200%2C638&ssl=1&resize=350%2C200","width":350,"height":200,"srcset":"https:\/\/i0.wp.com\/noticiasribeiraopreto.com.br\/wp-content\/uploads\/2023\/12\/1702116113_bolsa-familia-a-noticia-mais-esperada-de-setembro-acaba-de-chegar.jpg?fit=1200%2C638&ssl=1&resize=350%2C200 1x, https:\/\/i0.wp.com\/noticiasribeiraopreto.com.br\/wp-content\/uploads\/2023\/12\/1702116113_bolsa-familia-a-noticia-mais-esperada-de-setembro-acaba-de-chegar.jpg?fit=1200%2C638&ssl=1&resize=525%2C300 1.5x, https:\/\/i0.wp.com\/noticiasribeiraopreto.com.br\/wp-content\/uploads\/2023\/12\/1702116113_bolsa-familia-a-noticia-mais-esperada-de-setembro-acaba-de-chegar.jpg?fit=1200%2C638&ssl=1&resize=700%2C400 2x, https:\/\/i0.wp.com\/noticiasribeiraopreto.com.br\/wp-content\/uploads\/2023\/12\/1702116113_bolsa-familia-a-noticia-mais-esperada-de-setembro-acaba-de-chegar.jpg?fit=1200%2C638&ssl=1&resize=1050%2C600 3x"},"classes":[]},{"id":32671,"url":"https:\/\/noticiasribeiraopreto.com.br\/index.php\/2024\/01\/26\/concessionaria-de-rodovias-do-interior-paulista-s-a-ata-da-age-realizada-em-29-de-dezembro-de-2023\/","url_meta":{"origin":81143,"position":5},"title":"Concession\u00e1ria de Rodovias do Interior Paulista S.A \u2013 Ata da AGE realizada em 29 de dezembro de 2023","author":"noticiasribeiraopreto.com.br","date":"26 de January de 2024","format":false,"excerpt":"O post Concession\u00e1ria de Rodovias do Interior Paulista S.A \u2013 Ata da AGE realizada em 29 de dezembro de 2023 apareceu primeiro em Jornal Tribuna Ribeir\u00e3o. Source link","rel":"","context":"In &quot;Not\u00edcias de Ribeir\u00e3o Preto-SP e Regi\u00e3o&quot;","block_context":{"text":"Not\u00edcias de Ribeir\u00e3o Preto-SP e Regi\u00e3o","link":"https:\/\/noticiasribeiraopreto.com.br\/index.php\/category\/noticias-de-ribeirao-preto-sp-e-regiao-ismael-colosi\/"},"img":{"alt_text":"","src":"https:\/\/i0.wp.com\/noticiasribeiraopreto.com.br\/wp-content\/uploads\/2024\/01\/1706242276_publicidade-legal.png?fit=700%2C450&ssl=1&resize=350%2C200","width":350,"height":200,"srcset":"https:\/\/i0.wp.com\/noticiasribeiraopreto.com.br\/wp-content\/uploads\/2024\/01\/1706242276_publicidade-legal.png?fit=700%2C450&ssl=1&resize=350%2C200 1x, https:\/\/i0.wp.com\/noticiasribeiraopreto.com.br\/wp-content\/uploads\/2024\/01\/1706242276_publicidade-legal.png?fit=700%2C450&ssl=1&resize=525%2C300 1.5x, https:\/\/i0.wp.com\/noticiasribeiraopreto.com.br\/wp-content\/uploads\/2024\/01\/1706242276_publicidade-legal.png?fit=700%2C450&ssl=1&resize=700%2C400 2x"},"classes":[]}],"jetpack_sharing_enabled":true,"jetpack_shortlink":"https:\/\/wp.me\/peQAOb-l6L","_links":{"self":[{"href":"https:\/\/noticiasribeiraopreto.com.br\/index.php\/wp-json\/wp\/v2\/posts\/81143","targetHints":{"allow":["GET"]}}],"collection":[{"href":"https:\/\/noticiasribeiraopreto.com.br\/index.php\/wp-json\/wp\/v2\/posts"}],"about":[{"href":"https:\/\/noticiasribeiraopreto.com.br\/index.php\/wp-json\/wp\/v2\/types\/post"}],"author":[{"embeddable":true,"href":"https:\/\/noticiasribeiraopreto.com.br\/index.php\/wp-json\/wp\/v2\/users\/1"}],"replies":[{"embeddable":true,"href":"https:\/\/noticiasribeiraopreto.com.br\/index.php\/wp-json\/wp\/v2\/comments?post=81143"}],"version-history":[{"count":0,"href":"https:\/\/noticiasribeiraopreto.com.br\/index.php\/wp-json\/wp\/v2\/posts\/81143\/revisions"}],"wp:featuredmedia":[{"embeddable":true,"href":"https:\/\/noticiasribeiraopreto.com.br\/index.php\/wp-json\/wp\/v2\/media\/81144"}],"wp:attachment":[{"href":"https:\/\/noticiasribeiraopreto.com.br\/index.php\/wp-json\/wp\/v2\/media?parent=81143"}],"wp:term":[{"taxonomy":"category","embeddable":true,"href":"https:\/\/noticiasribeiraopreto.com.br\/index.php\/wp-json\/wp\/v2\/categories?post=81143"},{"taxonomy":"post_tag","embeddable":true,"href":"https:\/\/noticiasribeiraopreto.com.br\/index.php\/wp-json\/wp\/v2\/tags?post=81143"}],"curies":[{"name":"wp","href":"https:\/\/api.w.org\/{rel}","templated":true}]}}